{"id":8010,"date":"2025-06-06T03:22:27","date_gmt":"2025-06-06T01:22:27","guid":{"rendered":"https:\/\/vieassociative.be\/actualites\/tout-ce-que-nous-pensons-savoir-sur-ios-19-ou-est-ce-ios-26\/"},"modified":"2025-06-06T03:22:27","modified_gmt":"2025-06-06T01:22:27","slug":"tout-ce-que-nous-pensons-savoir-sur-ios-19-ou-est-ce-ios-26","status":"publish","type":"post","link":"https:\/\/vieassociative.be\/actualites\/tout-ce-que-nous-pensons-savoir-sur-ios-19-ou-est-ce-ios-26\/","title":{"rendered":"Tout ce que nous pensons savoir sur iOS 19 (ou est-ce iOS 26?)"},"content":{"rendered":"<div class=\"mt-4 leading-6 md:mb-8\">Un nouveau design, une traduction en direct pour AirPods et des mises \u00e0 niveau de l&rsquo;IA.<\/div>\n<p><\/p>\n<p>iOS 19 &#8211; ou est-ce iOS 26, comme le sugg\u00e8rent les rumeurs? &#8211; est presque l\u00e0. Apple annoncera presque assur\u00e9ment la derni\u00e8re version du syst\u00e8me d&rsquo;exploitation de l&rsquo;iPhone la semaine prochaine au WWDC 2025. En tant que telles, des rumeurs sur les fonctionnalit\u00e9s d&rsquo;iOS 26 sont venues rapidement, et mais encore \u00e0 l&rsquo;approche du grand \u00e9v\u00e9nement. Bien qu&rsquo;aucune de ces rumeurs ne puisse \u00eatre confirm\u00e9e pour le moment, elles nous donnent toujours une bonne id\u00e9e de ce qu&rsquo;Apple pourrait consid\u00e9rer dans les coulisses.<\/p>\n<h2 id=\"is-apple-changing-ios-name\">Apple change le nom d&rsquo;iOS?<\/h2>\n<p>Semble ainsi. Alors que nous pensions (logiquement) que la prochaine version d&rsquo;iOS s&rsquo;appellerait iOS 19, Apple aurait d&rsquo;autres plans en place. Selon Mark Gurman de Bloomberg, iOS 19 sera iOS 26, prenant le nom de l&rsquo;ann\u00e9e suivante. Apple aurait fait cela avec tous ses titres OS, notamment iPados 26, MacOS 26, Watchos 26 et VisionOS 26.  <\/p>\n<h2 id=\"a-fresh-look-for-ios-26\">Un nouveau look pour iOS 26<\/h2>\n<p>Alors que iOS a consid\u00e9rablement chang\u00e9 ces derni\u00e8res ann\u00e9es, le langage global de conception suit toujours la derni\u00e8re r\u00e9vision de l&rsquo;interface utilisateur: iOS 7 en 2013. Cela fait pr\u00e8s de 12 ans qu&rsquo;Apple n&rsquo;a m\u00e9lang\u00e9 les choses, laissant les utilisateurs pour concevoir leurs propres \u00e9crans de verrouillage et leurs ic\u00f4nes d&rsquo;applications. <\/p>\n<p>Selon Gurman, cependant, cela pourrait changer avec iOS 26, ainsi qu&rsquo;avec les iPados 26 et MacOS 26. Les d\u00e9tails sont rares, mais Gurman rapporte que les sources d&rsquo;Apple disent que la soci\u00e9t\u00e9 veut mieux aligner les langages de conception sur ses diff\u00e9rents produits, sans fusionner compl\u00e8tement ces OS, tout en simplifiant la fa\u00e7on dont vous interagissez avec ces appareils. Cela signifie que iOS 26 pourrait adopter la conception de VisionOS, qui utilise des cercles au lieu de carr\u00e9s pour les ic\u00f4nes d&rsquo;application, des \u00e9l\u00e9ments de fen\u00eatre translucides et l&rsquo;adoption de la 3D &#8211; bien que ce dernier \u00e9l\u00e9ment puisse \u00eatre difficile \u00e0 traduire sur un \u00e9cran 2D.<\/p>\n<p>Vous pouvez voir ces \u00e9l\u00e9ments expos\u00e9s dans cette vid\u00e9o de concept de Jon Prosser. Si les rumeurs sont correctes, nous pourrions envisager \u00ab\u00a0l&rsquo;une des r\u00e9visions logicielles les plus dramatiques de l&rsquo;histoire de l&rsquo;entreprise\u00a0\u00bb.<\/p>\n<div class=\"mx-auto mt-8 w-full max-w-4xl aspect-video\">\n<div id=\"video-container-YGI8sZqWEl0\"><\/div>\n<\/div>\n<p>En plus d&rsquo;un nouveau look, iOS peut devenir un peu moins buggy. Gurman dit que la stabilit\u00e9 est une grande priorit\u00e9 pour Apple cette ann\u00e9e, qui est de la musique \u00e0 mes oreilles.<\/p>\n<h2 id=\"live-translation-for-airpods\">Traduction en direct pour AirPods<\/h2>\n<p>Gurman dit \u00e9galement qu&rsquo;Apple travaille sur une fonction de traduction en direct pour certains mod\u00e8les AirPods. Si vous avez une conversation avec quelqu&rsquo;un qui parle une langue que vous ne connaissez pas, vos AirPod traduisent et dicteront automatiquement ces mots dans votre langue cible. Lorsque vous parlez, vos mots seront traduits et dict\u00e9s par votre iPhone, via l&rsquo;application Translate. <\/p>\n<p>Cette fonctionnalit\u00e9 n&rsquo;est pas r\u00e9volutionnaire &#8211; les bourgeons de pixels de Google l&rsquo;ont offert depuis des ann\u00e9es. Mais ce serait un excellent ajout \u00e0 iOS 26 et aux utilisateurs d&rsquo;AirPods.   <\/p>\n<h2 id=\"accessibility-features\">Caract\u00e9ristiques d&rsquo;accessibilit\u00e9<\/h2>\n<p>Apple ne r\u00e9v\u00e8le pas grand-chose sur ses prochaines mises \u00e0 jour avant de les annoncer officiellement, mais les fonctionnalit\u00e9s d&rsquo;accessibilit\u00e9 sont une exception. Le mois dernier, la soci\u00e9t\u00e9 a d\u00e9voil\u00e9 une liste des fonctionnalit\u00e9s d&rsquo;accessibilit\u00e9 \u00e0 venir sur les appareils \u00abplus tard cette ann\u00e9e\u00bb. Bien qu&rsquo;ils ne nomment pas les mises \u00e0 jour iOS 26 et autres \u00ab\u00a026\u00a0\u00bb, il est assez \u00e9vident que ce sont les mises \u00e0 jour que nous les verrons. <\/p>\n<p>Il existe une nouvelle fonctionnalit\u00e9 d&rsquo;accessibilit\u00e9 qui rend le texte plus facile \u00e0 lire sur iOS; Magnifier arrive sur Mac; Vous verrez des \u00e9tiquettes \u00ab\u00a0Accessibilit\u00e9 Nutrition\u00a0\u00bb sur l&rsquo;App Store, pour indiquer \u00e0 quel point une application est accessible; Apple Watch obtient des l\u00e9gendes en direct et les signaux de mouvement des v\u00e9hicules arrivent au Mac. <\/p>\n<h2 id=\"desktop-mode\">Mode &lsquo;Desktop&rsquo;<\/h2>\n<p>La rumeur veut qu&rsquo;Apple travaille sur un mode de bureau \u00ab\u00a0comme un gestionnaire de sc\u00e8ne\u00a0\u00bb pour les iPhones USB-C avec iOS 26. La fonction vous permettrait de brancher votre iPhone sur un moniteur externe, afin que vous puissiez \u00e9tendre l&rsquo;\u00e9cran de votre iPhone \u00e0 l&rsquo;\u00e9cran plus grand.<\/p>\n<p>Ce n&rsquo;est peut-\u00eatre pas une v\u00e9ritable exp\u00e9rience \u00ab\u00a0mode de bureau\u00a0\u00bb, comme Samsung Dex, en ce que vous ne pourrez peut-\u00eatre pas utiliser votre iPhone comme ordinateur portable de cette fa\u00e7on. Mais cela pourrait faciliter le partage de l&rsquo;\u00e9cran de votre iPhone lorsque vous souhaitez vous connecter \u00e0 un \u00e9cran plus grand. <\/p>\n<h2 id=\"you-only-need-to-sign-into-public-wifi-networks-once\">Vous n&rsquo;avez besoin de vous connecter aux r\u00e9seaux WiFi publics qu&rsquo;une seule fois<\/h2>\n<p>Si vous utilisez plusieurs appareils sur les r\u00e9seaux WiFi publics, il est difficile de connecter chacun manuellement. Cela pourrait changer avec les prochaines mises \u00e0 jour d&rsquo;Apple: Gurman dit qu&rsquo;une fois mis \u00e0 jour, vous n&rsquo;aurez qu&rsquo;\u00e0 vous connecter au WiFi avec un appareil Apple (votre iPhone, iPad ou Mac) et le reste se connectera automatiquement.<\/p>\n<h2 id=\"battery-upgrades\">Am\u00e9lioration de la batterie<\/h2>\n<p>Voici une grande utilit\u00e9 pour l&rsquo;IA: l&rsquo;optimisation de la dur\u00e9e de vie de la batterie. La rumeur dit que iOS 26 analysera vos habitudes d&rsquo;utilisation et d\u00e9terminera les bons moments pour r\u00e9duire les performances au nom de la pr\u00e9servation de la dur\u00e9e de vie de la batterie. Plonger le temps entre les frais est quelque chose que nous pouvons tous prendre. <\/p>\n<p>De plus, l&rsquo;entreprise peut ajouter un indicateur de charge \u00e0 l&rsquo;\u00e9cran de verrouillage, vous savez donc combien de temps votre batterie est rest\u00e9e \u00e0 charger. Cette petite fonctionnalit\u00e9 manquait cruellement sur les iPhones depuis des ann\u00e9es. Apple le propose sur MacBooks, mais uniquement dans Activity Monitor. J&rsquo;esp\u00e8re que cela le ram\u00e8ne \u00e0 la barre de menu dans une future mise \u00e0 jour. <\/p>\n<div class=\"pogoClear relative my-10 border-b-(1.5px) border-t-(1.5px) border-dashed border-black py-5 sm:my-14 sm:border-0 sm:py-0\" data-ga-click data-ga-template=\"Opinions\" data-ga-module=\"openweb_widget\" data-ga-element=\"openweb_scroll\" data-ga-item=\"openweb_scroll_midpage\" x-data=\"{\n         commentsCount: null,\n         hasComments: false,\n         async fetchCommentsCount() {\n             try {\n                 if (window.openweb &amp;&amp; typeof window.openweb.getMessagesCount === 'function') {\n                     this.commentsCount = await window.openweb.getMessagesCount('122101');\n                     this.hasComments = this.commentsCount !== null &amp;&amp; this.commentsCount &gt; 0;\n                 }\n             } catch (e) {\n                 console.warn('Failed to fetch comment count:', e);\n             }\n         }\n     }\" x-init=\"fetchCommentsCount()\" x-cloak><\/p>\n<div class=\"absolute top-1\/2 hidden w-full -translate-y-1\/2 border-t-(1.5px) border-dashed border-black sm:block\"><\/div>\n<div class=\"relative flex justify-center\">\n<div class=\"flex max-w-fit items-center gap-x-3 bg-white px-5\">\n<div class=\"relative\">\n                <span class=\"absolute left-1\/2 top-1\/2 -translate-x-1\/2 -translate-y-1\/2 font-akshar text-sm font-medium text-black\" aria-live=\"polite\" x-show=\"hasComments\" x-text=\"commentsCount\"><\/span><\/p>\n<p>                <svg class=\"h-8 w-8 text-black\" role=\"img\" aria-hidden=\"true\">\n                    <use href=\"http:\/\/lifehacker.com\/images\/icons\/spritemap.svg#sprite-chat-bubble\"><\/use>\n                <\/svg>\n            <\/div>\n<p>            <span class=\"text-sm font-medium text-black\"><\/p>\n<p>                Que pensez-vous jusqu&rsquo;\u00e0 pr\u00e9sent?<br \/>\n                <button class=\"ml-1 font-semibold text-brand-green underline hover:text-brand-green-700\" type=\"button\" aria-label=\"Comment section trigger\" onclick=\"window.openweb.scrollToComments('122101')\" x-text=\"hasComments ? 'Post a comment.' : 'Be the first to post a comment.'\"><\/button><br \/>\n            <\/span>\n        <\/div>\n<\/p><\/div>\n<\/div>\n<h2 id=\"your-iphone-will-probably-run-ios-26\">Votre iPhone ex\u00e9cutera (probablement) iOS 26<\/h2>\n<p>Avec un peu de chance, votre iPhone actuel doit \u00eatre compatible avec iOS 26, en supposant que vous ex\u00e9cutez actuellement les derniers logiciels. Citant une source dans Apple, le site Web fran\u00e7ais Iphonesoft.fr rapporte que tout t\u00e9l\u00e9phone qui ex\u00e9cute iOS 18 devrait \u00e9galement \u00eatre compatible avec iOS 26. Cependant, l&rsquo;iPad 7 ne sera pas aussi chanceux, car le site Web indique qu&rsquo;il ne sera pas inclus dans la mise \u00e0 jour de l&rsquo;iPados 26.<\/p>\n<p>Cependant, une source Macrumors dit qu&rsquo;Apple pr\u00e9voit de supprimer l&rsquo;iPhone XR, XS et XS Max cette ann\u00e9e. Nous devrons attendre et voir ce qu&rsquo;Apple annonce lundi pour d\u00e9couvrir quels t\u00e9l\u00e9phones seront toujours pris en charge.<\/p>\n<h2 id=\"a-new-gaming-app\">Une nouvelle application de jeu<\/h2>\n<p>Selon Gurman, Apple travaille sur une application de jeu d\u00e9di\u00e9e pour iOS, iPados, MacOS et TVOS, destin\u00e9e \u00e0 remplacer le centre de jeu existant. L&rsquo;application vous permettra \u00e0 la fois de lancer des titres, ainsi que de v\u00e9rifier les tableaux de leader, de discuter avec des amis et de voir vos r\u00e9alisations.   <\/p>\n<p>Si c&rsquo;est vrai, ce sera un timing int\u00e9ressant, \u00e9tant donn\u00e9 que l&rsquo;annonce se fera quatre jours apr\u00e8s le lancement du Nintendo Switch 2. J&rsquo;ai des doutes qu&rsquo;une telle application pourrait rivaliser avec un titan de jeu comme Nintendo, ou que cela s&rsquo;\u00e9tendra vraiment au-del\u00e0 de l&rsquo;exp\u00e9rience traditionnelle de jeu mobile court et doux, mais qui sait. Peut-\u00eatre qu&rsquo;Apple est sur le point de devenir une entreprise de jeux s\u00e9rieuse. (J&rsquo;en doute.)<\/p>\n<h2 id=\"shortcuts-get-apple-intelligence-integration\">Les raccourcis obtiennent l&rsquo;int\u00e9gration de l&rsquo;intelligence Apple<\/h2>\n<p>L&rsquo;application de raccourcis vous permet de configurer des \u00abraccourcis\u00bb, que vous pouvez utiliser pour automatiser les t\u00e2ches sur vos appareils Apple. Gurman dit qu&rsquo;avec iOS 26, Apple int\u00e8gre Apple Intelligence dans l&rsquo;application de raccourcis, ce qui pourrait vous permettre de cr\u00e9er des raccourcis avec un langage naturel &#8211; ou, en d&rsquo;autres termes, d\u00e9crivez les raccourcis que vous voulez et que l&rsquo;IA les construise pour vous. <\/p>\n<h2 id=\"small-updates\">Petites mises \u00e0 jour<\/h2>\n<p>Selon 9to5Mac, Apple pr\u00e9voit d&rsquo;ajouter une nouvelle fonctionnalit\u00e9 ou deux \u00e0 une poign\u00e9e d&rsquo;applications. Cela comprend:<\/p>\n<ul>\n<li>\n<p>Messages: traduction automatique pour les messages entrants et sortants, ainsi que les sondages.<\/p>\n<\/li>\n<li>\n<p>Musique: \u0153uvres d&rsquo;animation \u00e0 \u00e9cran complet sur l&rsquo;\u00e9cran de verrouillage<\/p>\n<\/li>\n<li>\n<p>Remarques: Support de Markdown, un \u00e9norme plus pour les utilisateurs pro-notes<\/p>\n<\/li>\n<li>\n<p>Carplay: une interface utilisateur redessin\u00e9e pour compl\u00e9ter iOS 26<\/p>\n<\/li>\n<\/ul>\n<h2 id=\"the-merging-of-siri-and-apple-intelligence\">La fusion de Siri et Apple Intelligence<\/h2>\n<p>Selon Gurman, Apple pr\u00e9voit de fusionner Siri avec Apple Intelligence au cours du cycle de patch iOS 26. Oui, l&rsquo;assistant est actuellement r\u00e9pertori\u00e9 comme faisant partie d&rsquo;Apple Intelligence, mais dans les coulisses, il a soi-disant un nouveau LLM en cours qui unifierait son architecture actuellement divis\u00e9e et lui permettrait de g\u00e9rer plus fr\u00e9quemment des demandes complexes. \u00c0 l&rsquo;heure actuelle, ses fonctionnalit\u00e9s d&rsquo;IA sont beaucoup plus limit\u00e9es, et la plupart des Siri n&rsquo;utilisent pas du tout ce type d&rsquo;IA.<\/p>\n<p>Gurman dit qu&rsquo;il s&rsquo;attend \u00e0 ce que la fusion soit achev\u00e9e au printemps 2026 avec le lancement d&rsquo;iOS 26.4. Son rapport indique que, \u00e0 l&rsquo;origine, le plan d&rsquo;Apple \u00e9tait de lancer un Siri plus conversationnel dans la m\u00eame mise \u00e0 jour, mais cela a \u00e9t\u00e9 retard\u00e9 et ne devrait pas \u00eatre d\u00e9voil\u00e9 au WWDC 2025.<\/p>\n<p>Gurman indique \u00e9galement que, comme Apple n&rsquo;a pas encore termin\u00e9 le d\u00e9ploiement de la fonctionnalit\u00e9 d&rsquo;Apple Intelligence de l&rsquo;ann\u00e9e derni\u00e8re, les fonctionnalit\u00e9s inopin\u00e9es ne devraient pas \u00eatre attendues pendant un certain temps.<\/p>\n","protected":false},"excerpt":{"rendered":"<p>Un nouveau design, une traduction en direct pour AirPods et des mises \u00e0 niveau de l&rsquo;IA. iOS 19 &#8211; ou est-ce iOS 26, comme le<\/p>\n","protected":false},"author":1,"featured_media":5689,"comment_status":"","ping_status":"","sticky":false,"template":"","format":"standard","meta":{"footnotes":""},"categories":[13],"tags":[5967,21,393,5701,183,33,236],"class_list":["post-8010","post","type-post","status-publish","format-standard","has-post-thumbnail","hentry","category-technologie","tag-estce","tag-ios","tag-nous","tag-pensons","tag-savoir","tag-sur","tag-tout","generate-columns","tablet-grid-50","mobile-grid-100","grid-parent","grid-33"],"yoast_head":"<!-- This site is optimized with the Yoast SEO plugin v24.0 - https:\/\/yoast.com\/wordpress\/plugins\/seo\/ -->\n<title>Tout ce que nous pensons savoir sur iOS 19 (ou est-ce iOS 26?) | Vie Associative<\/title>\n<meta name=\"robots\" content=\"index, follow, max-snippet:-1, max-image-preview:large, max-video-preview:-1\" \/>\n<link rel=\"canonical\" href=\"https:\/\/vieassociative.be\/actualites\/tout-ce-que-nous-pensons-savoir-sur-ios-19-ou-est-ce-ios-26\/\" \/>\n<meta property=\"og:locale\" content=\"fr_FR\" \/>\n<meta property=\"og:type\" content=\"article\" \/>\n<meta property=\"og:title\" content=\"Tout ce que nous pensons savoir sur iOS 19 (ou est-ce iOS 26?) | Vie Associative\" \/>\n<meta property=\"og:description\" content=\"Un nouveau design, une traduction en direct pour AirPods et des mises \u00e0 niveau de l&rsquo;IA. iOS 19 &#8211; ou est-ce iOS 26, comme le\" \/>\n<meta property=\"og:url\" content=\"https:\/\/vieassociative.be\/actualites\/tout-ce-que-nous-pensons-savoir-sur-ios-19-ou-est-ce-ios-26\/\" \/>\n<meta property=\"og:site_name\" content=\"Vie Associative\" \/>\n<meta property=\"article:published_time\" content=\"2025-06-06T01:22:27+00:00\" \/>\n<meta property=\"og:image\" content=\"https:\/\/vieassociative.be\/actualites\/wp-content\/uploads\/2024\/09\/header_backgroundk-01-e1726694325946.png\" \/>\n\t<meta property=\"og:image:width\" content=\"279\" \/>\n\t<meta property=\"og:image:height\" content=\"92\" \/>\n\t<meta property=\"og:image:type\" content=\"image\/png\" \/>\n<meta name=\"author\" content=\"Julien\" \/>\n<meta name=\"twitter:card\" content=\"summary_large_image\" \/>\n<meta name=\"twitter:label1\" content=\"\u00c9crit par\" \/>\n\t<meta name=\"twitter:data1\" content=\"Julien\" \/>\n\t<meta name=\"twitter:label2\" content=\"Dur\u00e9e de lecture est.\" \/>\n\t<meta name=\"twitter:data2\" content=\"8 minutes\" \/>\n<script type=\"application\/ld+json\" class=\"yoast-schema-graph\">{\"@context\":\"https:\/\/schema.org\",\"@graph\":[{\"@type\":\"Article\",\"@id\":\"https:\/\/vieassociative.be\/actualites\/tout-ce-que-nous-pensons-savoir-sur-ios-19-ou-est-ce-ios-26\/#article\",\"isPartOf\":{\"@id\":\"https:\/\/vieassociative.be\/actualites\/tout-ce-que-nous-pensons-savoir-sur-ios-19-ou-est-ce-ios-26\/\"},\"author\":{\"name\":\"Julien\",\"@id\":\"https:\/\/vieassociative.be\/actualites\/#\/schema\/person\/b87ac4f82f9d4e7b7cec7395b679edc4\"},\"headline\":\"Tout ce que nous pensons savoir sur iOS 19 (ou est-ce iOS 26?)\",\"datePublished\":\"2025-06-06T01:22:27+00:00\",\"dateModified\":\"2025-06-06T01:22:27+00:00\",\"mainEntityOfPage\":{\"@id\":\"https:\/\/vieassociative.be\/actualites\/tout-ce-que-nous-pensons-savoir-sur-ios-19-ou-est-ce-ios-26\/\"},\"wordCount\":1614,\"publisher\":{\"@id\":\"https:\/\/vieassociative.be\/actualites\/#organization\"},\"image\":{\"@id\":\"https:\/\/vieassociative.be\/actualites\/tout-ce-que-nous-pensons-savoir-sur-ios-19-ou-est-ce-ios-26\/#primaryimage\"},\"thumbnailUrl\":\"https:\/\/vieassociative.be\/actualites\/wp-content\/uploads\/2025\/03\/Tout-ce-que-nous-pensons-que-nous-savons-sur-iOS.png\",\"keywords\":[\"estce\",\"iOS\",\"nous\",\"pensons\",\"savoir\",\"sur\",\"tout\"],\"articleSection\":[\"Technologie\"],\"inLanguage\":\"fr-BE\"},{\"@type\":\"WebPage\",\"@id\":\"https:\/\/vieassociative.be\/actualites\/tout-ce-que-nous-pensons-savoir-sur-ios-19-ou-est-ce-ios-26\/\",\"url\":\"https:\/\/vieassociative.be\/actualites\/tout-ce-que-nous-pensons-savoir-sur-ios-19-ou-est-ce-ios-26\/\",\"name\":\"Tout ce que nous pensons savoir sur iOS 19 (ou est-ce iOS 26?) | Vie Associative\",\"isPartOf\":{\"@id\":\"https:\/\/vieassociative.be\/actualites\/#website\"},\"primaryImageOfPage\":{\"@id\":\"https:\/\/vieassociative.be\/actualites\/tout-ce-que-nous-pensons-savoir-sur-ios-19-ou-est-ce-ios-26\/#primaryimage\"},\"image\":{\"@id\":\"https:\/\/vieassociative.be\/actualites\/tout-ce-que-nous-pensons-savoir-sur-ios-19-ou-est-ce-ios-26\/#primaryimage\"},\"thumbnailUrl\":\"https:\/\/vieassociative.be\/actualites\/wp-content\/uploads\/2025\/03\/Tout-ce-que-nous-pensons-que-nous-savons-sur-iOS.png\",\"datePublished\":\"2025-06-06T01:22:27+00:00\",\"dateModified\":\"2025-06-06T01:22:27+00:00\",\"breadcrumb\":{\"@id\":\"https:\/\/vieassociative.be\/actualites\/tout-ce-que-nous-pensons-savoir-sur-ios-19-ou-est-ce-ios-26\/#breadcrumb\"},\"inLanguage\":\"fr-BE\",\"potentialAction\":[{\"@type\":\"ReadAction\",\"target\":[\"https:\/\/vieassociative.be\/actualites\/tout-ce-que-nous-pensons-savoir-sur-ios-19-ou-est-ce-ios-26\/\"]}]},{\"@type\":\"ImageObject\",\"inLanguage\":\"fr-BE\",\"@id\":\"https:\/\/vieassociative.be\/actualites\/tout-ce-que-nous-pensons-savoir-sur-ios-19-ou-est-ce-ios-26\/#primaryimage\",\"url\":\"https:\/\/vieassociative.be\/actualites\/wp-content\/uploads\/2025\/03\/Tout-ce-que-nous-pensons-que-nous-savons-sur-iOS.png\",\"contentUrl\":\"https:\/\/vieassociative.be\/actualites\/wp-content\/uploads\/2025\/03\/Tout-ce-que-nous-pensons-que-nous-savons-sur-iOS.png\",\"width\":1200,\"height\":675,\"caption\":\"Tout ce que nous pensons que nous savons sur iOS 19\"},{\"@type\":\"BreadcrumbList\",\"@id\":\"https:\/\/vieassociative.be\/actualites\/tout-ce-que-nous-pensons-savoir-sur-ios-19-ou-est-ce-ios-26\/#breadcrumb\",\"itemListElement\":[{\"@type\":\"ListItem\",\"position\":1,\"name\":\"Accueil\",\"item\":\"https:\/\/vieassociative.be\/actualites\/\"},{\"@type\":\"ListItem\",\"position\":2,\"name\":\"Tout ce que nous pensons savoir sur iOS 19 (ou est-ce iOS 26?)\"}]},{\"@type\":\"WebSite\",\"@id\":\"https:\/\/vieassociative.be\/actualites\/#website\",\"url\":\"https:\/\/vieassociative.be\/actualites\/\",\"name\":\"Vie Associative\",\"description\":\"\",\"publisher\":{\"@id\":\"https:\/\/vieassociative.be\/actualites\/#organization\"},\"potentialAction\":[{\"@type\":\"SearchAction\",\"target\":{\"@type\":\"EntryPoint\",\"urlTemplate\":\"https:\/\/vieassociative.be\/actualites\/?s={search_term_string}\"},\"query-input\":{\"@type\":\"PropertyValueSpecification\",\"valueRequired\":true,\"valueName\":\"search_term_string\"}}],\"inLanguage\":\"fr-BE\"},{\"@type\":\"Organization\",\"@id\":\"https:\/\/vieassociative.be\/actualites\/#organization\",\"name\":\"Vie Associative\",\"url\":\"https:\/\/vieassociative.be\/actualites\/\",\"logo\":{\"@type\":\"ImageObject\",\"inLanguage\":\"fr-BE\",\"@id\":\"https:\/\/vieassociative.be\/actualites\/#\/schema\/logo\/image\/\",\"url\":\"https:\/\/vieassociative.be\/actualites\/wp-content\/uploads\/2024\/09\/cropped-vieassociative_favicon.ico.png\",\"contentUrl\":\"https:\/\/vieassociative.be\/actualites\/wp-content\/uploads\/2024\/09\/cropped-vieassociative_favicon.ico.png\",\"width\":512,\"height\":512,\"caption\":\"Vie Associative\"},\"image\":{\"@id\":\"https:\/\/vieassociative.be\/actualites\/#\/schema\/logo\/image\/\"}},{\"@type\":\"Person\",\"@id\":\"https:\/\/vieassociative.be\/actualites\/#\/schema\/person\/b87ac4f82f9d4e7b7cec7395b679edc4\",\"name\":\"Julien\",\"image\":{\"@type\":\"ImageObject\",\"inLanguage\":\"fr-BE\",\"@id\":\"https:\/\/vieassociative.be\/actualites\/#\/schema\/person\/image\/\",\"url\":\"https:\/\/vieassociative.be\/actualites\/wp-content\/uploads\/2024\/09\/vie-associative-1-150x150.jpg\",\"contentUrl\":\"https:\/\/vieassociative.be\/actualites\/wp-content\/uploads\/2024\/09\/vie-associative-1-150x150.jpg\",\"caption\":\"Julien\"},\"description\":\"Je suis Julien, r\u00e9dacteur pour Vie Associative. Passionn\u00e9 par le monde associatif depuis plus de 10 ans, j'ai \u00e0 c\u0153ur de partager des histoires inspirantes et de mettre en lumi\u00e8re les initiatives locales. Mon objectif est de sensibiliser et d'encourager l'engagement communautaire \u00e0 travers mes articles.\",\"sameAs\":[\"https:\/\/vieassociative.be\/\"]}]}<\/script>\n<!-- \/ Yoast SEO plugin. -->","yoast_head_json":{"title":"Tout ce que nous pensons savoir sur iOS 19 (ou est-ce iOS 26?) | Vie Associative","robots":{"index":"index","follow":"follow","max-snippet":"max-snippet:-1","max-image-preview":"max-image-preview:large","max-video-preview":"max-video-preview:-1"},"canonical":"https:\/\/vieassociative.be\/actualites\/tout-ce-que-nous-pensons-savoir-sur-ios-19-ou-est-ce-ios-26\/","og_locale":"fr_FR","og_type":"article","og_title":"Tout ce que nous pensons savoir sur iOS 19 (ou est-ce iOS 26?) | Vie Associative","og_description":"Un nouveau design, une traduction en direct pour AirPods et des mises \u00e0 niveau de l&rsquo;IA. iOS 19 &#8211; ou est-ce iOS 26, comme le","og_url":"https:\/\/vieassociative.be\/actualites\/tout-ce-que-nous-pensons-savoir-sur-ios-19-ou-est-ce-ios-26\/","og_site_name":"Vie Associative","article_published_time":"2025-06-06T01:22:27+00:00","og_image":[{"width":279,"height":92,"url":"https:\/\/vieassociative.be\/actualites\/wp-content\/uploads\/2024\/09\/header_backgroundk-01-e1726694325946.png","type":"image\/png"}],"author":"Julien","twitter_card":"summary_large_image","twitter_misc":{"\u00c9crit par":"Julien","Dur\u00e9e de lecture est.":"8 minutes"},"schema":{"@context":"https:\/\/schema.org","@graph":[{"@type":"Article","@id":"https:\/\/vieassociative.be\/actualites\/tout-ce-que-nous-pensons-savoir-sur-ios-19-ou-est-ce-ios-26\/#article","isPartOf":{"@id":"https:\/\/vieassociative.be\/actualites\/tout-ce-que-nous-pensons-savoir-sur-ios-19-ou-est-ce-ios-26\/"},"author":{"name":"Julien","@id":"https:\/\/vieassociative.be\/actualites\/#\/schema\/person\/b87ac4f82f9d4e7b7cec7395b679edc4"},"headline":"Tout ce que nous pensons savoir sur iOS 19 (ou est-ce iOS 26?)","datePublished":"2025-06-06T01:22:27+00:00","dateModified":"2025-06-06T01:22:27+00:00","mainEntityOfPage":{"@id":"https:\/\/vieassociative.be\/actualites\/tout-ce-que-nous-pensons-savoir-sur-ios-19-ou-est-ce-ios-26\/"},"wordCount":1614,"publisher":{"@id":"https:\/\/vieassociative.be\/actualites\/#organization"},"image":{"@id":"https:\/\/vieassociative.be\/actualites\/tout-ce-que-nous-pensons-savoir-sur-ios-19-ou-est-ce-ios-26\/#primaryimage"},"thumbnailUrl":"https:\/\/vieassociative.be\/actualites\/wp-content\/uploads\/2025\/03\/Tout-ce-que-nous-pensons-que-nous-savons-sur-iOS.png","keywords":["estce","iOS","nous","pensons","savoir","sur","tout"],"articleSection":["Technologie"],"inLanguage":"fr-BE"},{"@type":"WebPage","@id":"https:\/\/vieassociative.be\/actualites\/tout-ce-que-nous-pensons-savoir-sur-ios-19-ou-est-ce-ios-26\/","url":"https:\/\/vieassociative.be\/actualites\/tout-ce-que-nous-pensons-savoir-sur-ios-19-ou-est-ce-ios-26\/","name":"Tout ce que nous pensons savoir sur iOS 19 (ou est-ce iOS 26?) | Vie Associative","isPartOf":{"@id":"https:\/\/vieassociative.be\/actualites\/#website"},"primaryImageOfPage":{"@id":"https:\/\/vieassociative.be\/actualites\/tout-ce-que-nous-pensons-savoir-sur-ios-19-ou-est-ce-ios-26\/#primaryimage"},"image":{"@id":"https:\/\/vieassociative.be\/actualites\/tout-ce-que-nous-pensons-savoir-sur-ios-19-ou-est-ce-ios-26\/#primaryimage"},"thumbnailUrl":"https:\/\/vieassociative.be\/actualites\/wp-content\/uploads\/2025\/03\/Tout-ce-que-nous-pensons-que-nous-savons-sur-iOS.png","datePublished":"2025-06-06T01:22:27+00:00","dateModified":"2025-06-06T01:22:27+00:00","breadcrumb":{"@id":"https:\/\/vieassociative.be\/actualites\/tout-ce-que-nous-pensons-savoir-sur-ios-19-ou-est-ce-ios-26\/#breadcrumb"},"inLanguage":"fr-BE","potentialAction":[{"@type":"ReadAction","target":["https:\/\/vieassociative.be\/actualites\/tout-ce-que-nous-pensons-savoir-sur-ios-19-ou-est-ce-ios-26\/"]}]},{"@type":"ImageObject","inLanguage":"fr-BE","@id":"https:\/\/vieassociative.be\/actualites\/tout-ce-que-nous-pensons-savoir-sur-ios-19-ou-est-ce-ios-26\/#primaryimage","url":"https:\/\/vieassociative.be\/actualites\/wp-content\/uploads\/2025\/03\/Tout-ce-que-nous-pensons-que-nous-savons-sur-iOS.png","contentUrl":"https:\/\/vieassociative.be\/actualites\/wp-content\/uploads\/2025\/03\/Tout-ce-que-nous-pensons-que-nous-savons-sur-iOS.png","width":1200,"height":675,"caption":"Tout ce que nous pensons que nous savons sur iOS 19"},{"@type":"BreadcrumbList","@id":"https:\/\/vieassociative.be\/actualites\/tout-ce-que-nous-pensons-savoir-sur-ios-19-ou-est-ce-ios-26\/#breadcrumb","itemListElement":[{"@type":"ListItem","position":1,"name":"Accueil","item":"https:\/\/vieassociative.be\/actualites\/"},{"@type":"ListItem","position":2,"name":"Tout ce que nous pensons savoir sur iOS 19 (ou est-ce iOS 26?)"}]},{"@type":"WebSite","@id":"https:\/\/vieassociative.be\/actualites\/#website","url":"https:\/\/vieassociative.be\/actualites\/","name":"Vie Associative","description":"","publisher":{"@id":"https:\/\/vieassociative.be\/actualites\/#organization"},"potentialAction":[{"@type":"SearchAction","target":{"@type":"EntryPoint","urlTemplate":"https:\/\/vieassociative.be\/actualites\/?s={search_term_string}"},"query-input":{"@type":"PropertyValueSpecification","valueRequired":true,"valueName":"search_term_string"}}],"inLanguage":"fr-BE"},{"@type":"Organization","@id":"https:\/\/vieassociative.be\/actualites\/#organization","name":"Vie Associative","url":"https:\/\/vieassociative.be\/actualites\/","logo":{"@type":"ImageObject","inLanguage":"fr-BE","@id":"https:\/\/vieassociative.be\/actualites\/#\/schema\/logo\/image\/","url":"https:\/\/vieassociative.be\/actualites\/wp-content\/uploads\/2024\/09\/cropped-vieassociative_favicon.ico.png","contentUrl":"https:\/\/vieassociative.be\/actualites\/wp-content\/uploads\/2024\/09\/cropped-vieassociative_favicon.ico.png","width":512,"height":512,"caption":"Vie Associative"},"image":{"@id":"https:\/\/vieassociative.be\/actualites\/#\/schema\/logo\/image\/"}},{"@type":"Person","@id":"https:\/\/vieassociative.be\/actualites\/#\/schema\/person\/b87ac4f82f9d4e7b7cec7395b679edc4","name":"Julien","image":{"@type":"ImageObject","inLanguage":"fr-BE","@id":"https:\/\/vieassociative.be\/actualites\/#\/schema\/person\/image\/","url":"https:\/\/vieassociative.be\/actualites\/wp-content\/uploads\/2024\/09\/vie-associative-1-150x150.jpg","contentUrl":"https:\/\/vieassociative.be\/actualites\/wp-content\/uploads\/2024\/09\/vie-associative-1-150x150.jpg","caption":"Julien"},"description":"Je suis Julien, r\u00e9dacteur pour Vie Associative. Passionn\u00e9 par le monde associatif depuis plus de 10 ans, j'ai \u00e0 c\u0153ur de partager des histoires inspirantes et de mettre en lumi\u00e8re les initiatives locales. Mon objectif est de sensibiliser et d'encourager l'engagement communautaire \u00e0 travers mes articles.","sameAs":["https:\/\/vieassociative.be\/"]}]}},"_links":{"self":[{"href":"https:\/\/vieassociative.be\/actualites\/wp-json\/wp\/v2\/posts\/8010"}],"collection":[{"href":"https:\/\/vieassociative.be\/actualites\/wp-json\/wp\/v2\/posts"}],"about":[{"href":"https:\/\/vieassociative.be\/actualites\/wp-json\/wp\/v2\/types\/post"}],"author":[{"embeddable":true,"href":"https:\/\/vieassociative.be\/actualites\/wp-json\/wp\/v2\/users\/1"}],"replies":[{"embeddable":true,"href":"https:\/\/vieassociative.be\/actualites\/wp-json\/wp\/v2\/comments?post=8010"}],"version-history":[{"count":0,"href":"https:\/\/vieassociative.be\/actualites\/wp-json\/wp\/v2\/posts\/8010\/revisions"}],"wp:featuredmedia":[{"embeddable":true,"href":"https:\/\/vieassociative.be\/actualites\/wp-json\/wp\/v2\/media\/5689"}],"wp:attachment":[{"href":"https:\/\/vieassociative.be\/actualites\/wp-json\/wp\/v2\/media?parent=8010"}],"wp:term":[{"taxonomy":"category","embeddable":true,"href":"https:\/\/vieassociative.be\/actualites\/wp-json\/wp\/v2\/categories?post=8010"},{"taxonomy":"post_tag","embeddable":true,"href":"https:\/\/vieassociative.be\/actualites\/wp-json\/wp\/v2\/tags?post=8010"}],"curies":[{"name":"wp","href":"https:\/\/api.w.org\/{rel}","templated":true}]}}