{"id":8004,"date":"2025-06-05T20:17:35","date_gmt":"2025-06-05T18:17:35","guid":{"rendered":"https:\/\/vieassociative.be\/actualites\/cinq-emissions-a-regarder-pendant-que-vous-attendez-la-saison-seede-3\/"},"modified":"2025-06-05T20:17:35","modified_gmt":"2025-06-05T18:17:35","slug":"cinq-emissions-a-regarder-pendant-que-vous-attendez-la-saison-seede-3","status":"publish","type":"post","link":"https:\/\/vieassociative.be\/actualites\/cinq-emissions-a-regarder-pendant-que-vous-attendez-la-saison-seede-3\/","title":{"rendered":"Cinq \u00e9missions \u00e0 regarder pendant que vous attendez la saison \u00abSe\u00e8de\u00bb 3"},"content":{"rendered":"<div class=\"mt-4 leading-6 md:mb-8\">Ces cinq \u00e9missions de t\u00e9l\u00e9vision pliss\u00e9es partagent des th\u00e8mes similaires (mais pas M. Milchick).<\/div>\n<p><\/p>\n<p>\u00catre fan d&rsquo;Apple TV + <em>Rupture<\/em> n\u00e9cessite de la patience. Esp\u00e9rons que l&rsquo;attente jusqu&rsquo;\u00e0 la sortie de la saison trois ne sera pas aussi interminable que la s\u00e9cheresse de trois ans entre les saisons un et deux, mais vous ne savez jamais, donc nous devons nous accrocher l\u00e0-dedans. <\/p>\n<p>Il n&rsquo;y a rien de tel que <em>Rupture. <\/em>La s\u00e9rie<em> <\/em>utilise le<em> <\/em>Pr\u00e9misse de science-fiction \u00e0 t\u00eate de t\u00eate de personnes ayant subi une chirurgie c\u00e9r\u00e9brale pour faire face \u00e0 leurs putains d&#8217;emplois pour explorer l&rsquo;identit\u00e9, le contr\u00f4le des entreprises et la nature de l&rsquo;humanit\u00e9 elle-m\u00eame, tout en maintenant une ambiance troublante et en g\u00e9rant \u00e0 \u00eatre sombre. Cela dit, ces cinq \u00e9missions m\u00e9langent des concepts de flexion d&rsquo;esprit, de la satire de travail et de l&rsquo;effroi existentiel, et peuvent simplement vous aider \u00e0 gratter cela <em>Rupture<\/em> d\u00e9mangeaisons pendant que vous attendez que la saison 3 tombe. <\/p>\n<h2 id=\"mr-robot-2015-2019\"><em>M. Robot <\/em>(2015-2019)<\/h2>\n<div class=\"mx-auto mt-8 w-full max-w-4xl aspect-video\">\n<div id=\"video-container-y1kGxanKVYg\"><\/div>\n<\/div>\n<p><em>M. Robot<\/em> Suit l&rsquo;histoire d&rsquo;Elliot Alderson, un jeune expert en cybers\u00e9curit\u00e9 ayant des probl\u00e8mes de sant\u00e9 mentale qui devient voyou pour essayer de retirer la m\u00e9ga corporation pour laquelle il travaille. Comme les personnages r\u00e9int\u00e9gr\u00e9s dans <em>Rupture<\/em>Elliot ne sait pas toujours o\u00f9 se termine la r\u00e9alit\u00e9 et ses illusions commencent. Les t\u00e9l\u00e9spectateurs ne le sont pas non plus. Les deux spectacles partagent un terrain th\u00e9matique &#8211; une vue sombre du capitalisme tardif, les derniers braises d&rsquo;humanit\u00e9 \u00e9tant fond\u00e9es par des forces hors de la volont\u00e9 de quiconque, mais <em>M. Robot <\/em>manque l&rsquo;ambiance froidement retir\u00e9e de <em>Rupture<\/em>. Tout est racont\u00e9 du point de vue du personnage principal, donc c&rsquo;est plus intense et plus personnel. <strong>Vous pouvez diffuser <em>M. Robot<\/em> sur<\/strong> <strong>Tubis.<\/strong><\/p>\n<h2 id=\"dark-2017-to-2020\"><em>Sombre<\/em> (2017 \u00e0 2020)<\/h2>\n<div class=\"mx-auto mt-8 w-full max-w-4xl aspect-video\">\n<div id=\"video-container-rrwycJ08PSA\"><\/div>\n<\/div>\n<p>En surface, drame de science-fiction allemande <em>Sombre<\/em> ressemble \u00e0 Netflix <em>Choses \u00e9trang\u00e8res<\/em> plus qu&rsquo;Apple TV <em>Rupture<\/em>&#8211; Il s&rsquo;agit en partie d&rsquo;un groupe d&rsquo;adolescents qui d\u00e9couvrent un laboratoire \u00e9trange \u00e0 la p\u00e9riph\u00e9rie de leur ville o\u00f9 quelque chose de surnaturel semble se d\u00e9rouler. Mais <em>Sombre<\/em> est intelligent et int\u00e9ressant tout au long de ses trois saisons au lieu de tomber apr\u00e8s la premi\u00e8re saison. Comme <em>Rupture<\/em>, <em>Sombre <\/em>propose des caract\u00e8res complexes et une intrigue complexe o\u00f9 l&rsquo;\u00e9l\u00e9ment fantastique en son centre est vraiment un moyen d&rsquo;explorer les th\u00e8mes de perte, de temps, de m\u00e9moire et d&rsquo;identit\u00e9. Et j&rsquo;appr\u00e9cie vraiment tout spectacle qui n&rsquo;insulte pas l&rsquo;intelligence de ses t\u00e9l\u00e9spectateurs en surexpliquant tout. <strong>Vous pouvez diffuser <em>Sombre <\/em>sur Netflix<\/strong><strong>.<\/strong><\/p>\n<h2 id=\"the-prisoner-1967-1968\"><em>Le prisonnier<\/em> (1967-1968)<\/h2>\n<div class=\"mx-auto mt-8 w-full max-w-4xl aspect-video\">\n<div id=\"video-container-4JrNr85fPms\"><\/div>\n<\/div>\n<p>Si vous \u00eates le type qui aime explorer la source de la chose que vous aimez, vous devez regarder <em>Le prisonnier<\/em>. Le personnage de titre est un agent secret britannique d\u00e9tenu dans une prison surr\u00e9aliste pour des raisons qu&rsquo;il ne comprend pas. Il est difficile de surestimer \u00e0 quel point il \u00e9tait innovant et en avance sur son temps lorsqu&rsquo;il a \u00e9t\u00e9 diffus\u00e9 \u00e0 la fin des ann\u00e9es 1960: c&rsquo;est essentiellement le plan pour chaque \u00e9mission de t\u00e9l\u00e9vision de l&rsquo;esprit qui a suivi, de <em>Perdu<\/em> au <em>X-Files <\/em>\u00e0 <em>Rupture<\/em>. Alors que <em>Le prisonnier<\/em> est \u00e9videmment dat\u00e9, il y a un charme pour le fromage \u00e0 l&rsquo;ancienne. C&rsquo;est un Bond \u00e0 petit budget avec des \u00e9l\u00e9ments de science-fiction et des ambitions s\u00e9rieuses &#8211; comment ne pourriez-vous pas l&rsquo;aimer? <strong>Vous pouvez diffuser <em>Le prisonnier sur<\/em><\/strong> <strong>Prime<\/strong><strong>Tubi, Sling et Plex.<\/strong><\/p>\n<div class=\"pogoClear relative my-10 border-b-(1.5px) border-t-(1.5px) border-dashed border-black py-5 sm:my-14 sm:border-0 sm:py-0\" data-ga-click data-ga-template=\"Roundups\" data-ga-module=\"openweb_widget\" data-ga-element=\"openweb_scroll\" data-ga-item=\"openweb_scroll_midpage\" x-data=\"{\n         commentsCount: null,\n         hasComments: false,\n         async fetchCommentsCount() {\n             try {\n                 if (window.openweb &amp;&amp; typeof window.openweb.getMessagesCount === 'function') {\n                     this.commentsCount = await window.openweb.getMessagesCount('01JWW5FK2FD2X9PAVGDWTETATZ');\n                     this.hasComments = this.commentsCount !== null &amp;&amp; this.commentsCount &gt; 0;\n                 }\n             } catch (e) {\n                 console.warn('Failed to fetch comment count:', e);\n             }\n         }\n     }\" x-init=\"fetchCommentsCount()\" x-cloak><\/p>\n<div class=\"absolute top-1\/2 hidden w-full -translate-y-1\/2 border-t-(1.5px) border-dashed border-black sm:block\"><\/div>\n<div class=\"relative flex justify-center\">\n<div class=\"flex max-w-fit items-center gap-x-3 bg-white px-5\">\n<div class=\"relative\">\n                <span class=\"absolute left-1\/2 top-1\/2 -translate-x-1\/2 -translate-y-1\/2 font-akshar text-sm font-medium text-black\" aria-live=\"polite\" x-show=\"hasComments\" x-text=\"commentsCount\"><\/span><\/p>\n<p>                <svg class=\"h-8 w-8 text-black\" role=\"img\" aria-hidden=\"true\">\n                    <use href=\"http:\/\/lifehacker.com\/images\/icons\/spritemap.svg#sprite-chat-bubble\"><\/use>\n                <\/svg>\n            <\/div>\n<p>            <span class=\"text-sm font-medium text-black\"><\/p>\n<p>                Que pensez-vous jusqu&rsquo;\u00e0 pr\u00e9sent?<br \/>\n                <button class=\"ml-1 font-semibold text-brand-green underline hover:text-brand-green-700\" type=\"button\" aria-label=\"Comment section trigger\" onclick=\"window.openweb.scrollToComments('01JWW5FK2FD2X9PAVGDWTETATZ')\" x-text=\"hasComments ? 'Post a comment.' : 'Be the first to post a comment.'\"><\/button><br \/>\n            <\/span>\n        <\/div>\n<\/p><\/div>\n<\/div>\n<h2 id=\"silo-2023-present\"><em>Silo<\/em> (2023-pr\u00e9sent)<\/h2>\n<div class=\"mx-auto mt-8 w-full max-w-4xl aspect-video\">\n<div id=\"video-container-4NF_27ZRWCk\"><\/div>\n<\/div>\n<p>L&rsquo;autre ambitieuse \u00e9mission de science-fiction originale d&rsquo;Apple TV + raconte l&rsquo;histoire d&rsquo;une civilisation qui vit dans un \u00e9norme silo souterrain pendant tant de g\u00e9n\u00e9rations, ils ne savent m\u00eame pas pourquoi ils sont l\u00e0-bas; Ils savent seulement que le retour \u00e0 la surface signifie la mort. Ou est-ce? Le chemin <em>Silo<\/em> Le gouvernement corrompu contr\u00f4le \u00e9troitement que les informations pr\u00e9sentent des similitudes avec des similitudes avec la petite autoritarisme de Lumon Industries. Alors que <em>Silo<\/em> est, dans l&rsquo;ensemble, un spectacle moins nuanc\u00e9 que <em>Rupture<\/em> (C&rsquo;est plus proche de la narration excitante, de la fiction que <em>Dessembl\u00e9es<\/em> Puzzle soigneusement trac\u00e9 d&rsquo;une intrigue), si vous avez besoin d&rsquo;un correctif de s\u00e9rie de science-fiction, consultez<em> Silo.<\/em> <strong>Tu peux trouver <em>Silo <\/em>sur Apple TV<\/strong><strong><em>. <\/em><\/strong><\/p>\n<h2 id=\"the-kingdom-1994\"><em>Le royaume (1994)<\/em><\/h2>\n<div class=\"mx-auto mt-8 w-full max-w-4xl aspect-video\">\n<div id=\"video-container-5BsU22q8a2Q\"><\/div>\n<\/div>\n<p>Cin\u00e9aste \/ provocateur Lars von Trier <em>Le royaume<\/em> est la seule s\u00e9rie t\u00e9l\u00e9vis\u00e9e que je connaisse qui \u00e9quilibre la com\u00e9die et le surr\u00e9alisme ainsi que <em>Rupture. <\/em>Alors que <em>Le royaume<\/em>Les personnages du travail dans un h\u00f4pital danois construit sur un terrain fun\u00e9raire maudit au lieu du si\u00e8ge social d&rsquo;un culte mal\u00e9fique, les deux \u00e9missions pr\u00e9sentent une puissante institution corrompant ses employ\u00e9s, et les deux sont, \u00e0 un certain niveau, absurdes et sombres hilarantes. <em>Rupture<\/em> a un culte \u00e9trange, une op\u00e9ration c\u00e9r\u00e9brale et une salle de ch\u00e8vre; <em>Le royaume<\/em> A des s\u00e9ances dirig\u00e9es par des patients, une ambulance fantomatique et un b\u00e9b\u00e9 monstre. <strong>Vous pouvez diffuser <em>Le royaume <\/em>sur Mubi.<\/strong><\/p>\n","protected":false},"excerpt":{"rendered":"<p>Ces cinq \u00e9missions de t\u00e9l\u00e9vision pliss\u00e9es partagent des th\u00e8mes similaires (mais pas M. Milchick). \u00catre fan d&rsquo;Apple TV + Rupture n\u00e9cessite de la patience. Esp\u00e9rons<\/p>\n","protected":false},"author":1,"featured_media":8005,"comment_status":"","ping_status":"","sticky":false,"template":"","format":"standard","meta":{"footnotes":""},"categories":[36],"tags":[7306,317,1931,198,1924,690,7307,4],"class_list":["post-8004","post","type-post","status-publish","format-standard","has-post-thumbnail","hentry","category-divertissement","tag-attendez","tag-cinq","tag-emissions","tag-pendant","tag-regarder","tag-saison","tag-seede","tag-vous","generate-columns","tablet-grid-50","mobile-grid-100","grid-parent","grid-33"],"yoast_head":"<!-- This site is optimized with the Yoast SEO plugin v24.0 - https:\/\/yoast.com\/wordpress\/plugins\/seo\/ -->\n<title>Cinq \u00e9missions \u00e0 regarder pendant que vous attendez la saison \u00abSe\u00e8de\u00bb 3 | Vie Associative<\/title>\n<meta name=\"robots\" content=\"index, follow, max-snippet:-1, max-image-preview:large, max-video-preview:-1\" \/>\n<link rel=\"canonical\" href=\"https:\/\/vieassociative.be\/actualites\/cinq-emissions-a-regarder-pendant-que-vous-attendez-la-saison-seede-3\/\" \/>\n<meta property=\"og:locale\" content=\"fr_FR\" \/>\n<meta property=\"og:type\" content=\"article\" \/>\n<meta property=\"og:title\" content=\"Cinq \u00e9missions \u00e0 regarder pendant que vous attendez la saison \u00abSe\u00e8de\u00bb 3 | Vie Associative\" \/>\n<meta property=\"og:description\" content=\"Ces cinq \u00e9missions de t\u00e9l\u00e9vision pliss\u00e9es partagent des th\u00e8mes similaires (mais pas M. Milchick). \u00catre fan d&rsquo;Apple TV + Rupture n\u00e9cessite de la patience. Esp\u00e9rons\" \/>\n<meta property=\"og:url\" content=\"https:\/\/vieassociative.be\/actualites\/cinq-emissions-a-regarder-pendant-que-vous-attendez-la-saison-seede-3\/\" \/>\n<meta property=\"og:site_name\" content=\"Vie Associative\" \/>\n<meta property=\"article:published_time\" content=\"2025-06-05T18:17:35+00:00\" \/>\n<meta property=\"og:image\" content=\"https:\/\/vieassociative.be\/actualites\/wp-content\/uploads\/2024\/09\/header_backgroundk-01-e1726694325946.png\" \/>\n\t<meta property=\"og:image:width\" content=\"279\" \/>\n\t<meta property=\"og:image:height\" content=\"92\" \/>\n\t<meta property=\"og:image:type\" content=\"image\/png\" \/>\n<meta name=\"author\" content=\"Julien\" \/>\n<meta name=\"twitter:card\" content=\"summary_large_image\" \/>\n<meta name=\"twitter:label1\" content=\"\u00c9crit par\" \/>\n\t<meta name=\"twitter:data1\" content=\"Julien\" \/>\n\t<meta name=\"twitter:label2\" content=\"Dur\u00e9e de lecture est.\" \/>\n\t<meta name=\"twitter:data2\" content=\"4 minutes\" \/>\n<script type=\"application\/ld+json\" class=\"yoast-schema-graph\">{\"@context\":\"https:\/\/schema.org\",\"@graph\":[{\"@type\":\"Article\",\"@id\":\"https:\/\/vieassociative.be\/actualites\/cinq-emissions-a-regarder-pendant-que-vous-attendez-la-saison-seede-3\/#article\",\"isPartOf\":{\"@id\":\"https:\/\/vieassociative.be\/actualites\/cinq-emissions-a-regarder-pendant-que-vous-attendez-la-saison-seede-3\/\"},\"author\":{\"name\":\"Julien\",\"@id\":\"https:\/\/vieassociative.be\/actualites\/#\/schema\/person\/b87ac4f82f9d4e7b7cec7395b679edc4\"},\"headline\":\"Cinq \u00e9missions \u00e0 regarder pendant que vous attendez la saison \u00abSe\u00e8de\u00bb 3\",\"datePublished\":\"2025-06-05T18:17:35+00:00\",\"dateModified\":\"2025-06-05T18:17:35+00:00\",\"mainEntityOfPage\":{\"@id\":\"https:\/\/vieassociative.be\/actualites\/cinq-emissions-a-regarder-pendant-que-vous-attendez-la-saison-seede-3\/\"},\"wordCount\":891,\"publisher\":{\"@id\":\"https:\/\/vieassociative.be\/actualites\/#organization\"},\"image\":{\"@id\":\"https:\/\/vieassociative.be\/actualites\/cinq-emissions-a-regarder-pendant-que-vous-attendez-la-saison-seede-3\/#primaryimage\"},\"thumbnailUrl\":\"https:\/\/vieassociative.be\/actualites\/wp-content\/uploads\/2025\/06\/Cinq-emissions-a-regarder-pendant-que-vous-attendez-la-saison.jpg\",\"keywords\":[\"attendez\",\"Cinq\",\"\u00e9missions\",\"pendant\",\"regarder\",\"Saison\",\"Se\u00e8de\",\"Vous\"],\"articleSection\":[\"Divertissement\"],\"inLanguage\":\"fr-BE\"},{\"@type\":\"WebPage\",\"@id\":\"https:\/\/vieassociative.be\/actualites\/cinq-emissions-a-regarder-pendant-que-vous-attendez-la-saison-seede-3\/\",\"url\":\"https:\/\/vieassociative.be\/actualites\/cinq-emissions-a-regarder-pendant-que-vous-attendez-la-saison-seede-3\/\",\"name\":\"Cinq \u00e9missions \u00e0 regarder pendant que vous attendez la saison \u00abSe\u00e8de\u00bb 3 | Vie Associative\",\"isPartOf\":{\"@id\":\"https:\/\/vieassociative.be\/actualites\/#website\"},\"primaryImageOfPage\":{\"@id\":\"https:\/\/vieassociative.be\/actualites\/cinq-emissions-a-regarder-pendant-que-vous-attendez-la-saison-seede-3\/#primaryimage\"},\"image\":{\"@id\":\"https:\/\/vieassociative.be\/actualites\/cinq-emissions-a-regarder-pendant-que-vous-attendez-la-saison-seede-3\/#primaryimage\"},\"thumbnailUrl\":\"https:\/\/vieassociative.be\/actualites\/wp-content\/uploads\/2025\/06\/Cinq-emissions-a-regarder-pendant-que-vous-attendez-la-saison.jpg\",\"datePublished\":\"2025-06-05T18:17:35+00:00\",\"dateModified\":\"2025-06-05T18:17:35+00:00\",\"breadcrumb\":{\"@id\":\"https:\/\/vieassociative.be\/actualites\/cinq-emissions-a-regarder-pendant-que-vous-attendez-la-saison-seede-3\/#breadcrumb\"},\"inLanguage\":\"fr-BE\",\"potentialAction\":[{\"@type\":\"ReadAction\",\"target\":[\"https:\/\/vieassociative.be\/actualites\/cinq-emissions-a-regarder-pendant-que-vous-attendez-la-saison-seede-3\/\"]}]},{\"@type\":\"ImageObject\",\"inLanguage\":\"fr-BE\",\"@id\":\"https:\/\/vieassociative.be\/actualites\/cinq-emissions-a-regarder-pendant-que-vous-attendez-la-saison-seede-3\/#primaryimage\",\"url\":\"https:\/\/vieassociative.be\/actualites\/wp-content\/uploads\/2025\/06\/Cinq-emissions-a-regarder-pendant-que-vous-attendez-la-saison.jpg\",\"contentUrl\":\"https:\/\/vieassociative.be\/actualites\/wp-content\/uploads\/2025\/06\/Cinq-emissions-a-regarder-pendant-que-vous-attendez-la-saison.jpg\",\"width\":1200,\"height\":675,\"caption\":\"Cinq \u00e9missions \u00e0 regarder pendant que vous attendez la saison \u00abSe\u00e8de\u00bb 3\"},{\"@type\":\"BreadcrumbList\",\"@id\":\"https:\/\/vieassociative.be\/actualites\/cinq-emissions-a-regarder-pendant-que-vous-attendez-la-saison-seede-3\/#breadcrumb\",\"itemListElement\":[{\"@type\":\"ListItem\",\"position\":1,\"name\":\"Accueil\",\"item\":\"https:\/\/vieassociative.be\/actualites\/\"},{\"@type\":\"ListItem\",\"position\":2,\"name\":\"Cinq \u00e9missions \u00e0 regarder pendant que vous attendez la saison \u00abSe\u00e8de\u00bb 3\"}]},{\"@type\":\"WebSite\",\"@id\":\"https:\/\/vieassociative.be\/actualites\/#website\",\"url\":\"https:\/\/vieassociative.be\/actualites\/\",\"name\":\"Vie Associative\",\"description\":\"\",\"publisher\":{\"@id\":\"https:\/\/vieassociative.be\/actualites\/#organization\"},\"potentialAction\":[{\"@type\":\"SearchAction\",\"target\":{\"@type\":\"EntryPoint\",\"urlTemplate\":\"https:\/\/vieassociative.be\/actualites\/?s={search_term_string}\"},\"query-input\":{\"@type\":\"PropertyValueSpecification\",\"valueRequired\":true,\"valueName\":\"search_term_string\"}}],\"inLanguage\":\"fr-BE\"},{\"@type\":\"Organization\",\"@id\":\"https:\/\/vieassociative.be\/actualites\/#organization\",\"name\":\"Vie Associative\",\"url\":\"https:\/\/vieassociative.be\/actualites\/\",\"logo\":{\"@type\":\"ImageObject\",\"inLanguage\":\"fr-BE\",\"@id\":\"https:\/\/vieassociative.be\/actualites\/#\/schema\/logo\/image\/\",\"url\":\"https:\/\/vieassociative.be\/actualites\/wp-content\/uploads\/2024\/09\/cropped-vieassociative_favicon.ico.png\",\"contentUrl\":\"https:\/\/vieassociative.be\/actualites\/wp-content\/uploads\/2024\/09\/cropped-vieassociative_favicon.ico.png\",\"width\":512,\"height\":512,\"caption\":\"Vie Associative\"},\"image\":{\"@id\":\"https:\/\/vieassociative.be\/actualites\/#\/schema\/logo\/image\/\"}},{\"@type\":\"Person\",\"@id\":\"https:\/\/vieassociative.be\/actualites\/#\/schema\/person\/b87ac4f82f9d4e7b7cec7395b679edc4\",\"name\":\"Julien\",\"image\":{\"@type\":\"ImageObject\",\"inLanguage\":\"fr-BE\",\"@id\":\"https:\/\/vieassociative.be\/actualites\/#\/schema\/person\/image\/\",\"url\":\"https:\/\/vieassociative.be\/actualites\/wp-content\/uploads\/2024\/09\/vie-associative-1-150x150.jpg\",\"contentUrl\":\"https:\/\/vieassociative.be\/actualites\/wp-content\/uploads\/2024\/09\/vie-associative-1-150x150.jpg\",\"caption\":\"Julien\"},\"description\":\"Je suis Julien, r\u00e9dacteur pour Vie Associative. Passionn\u00e9 par le monde associatif depuis plus de 10 ans, j'ai \u00e0 c\u0153ur de partager des histoires inspirantes et de mettre en lumi\u00e8re les initiatives locales. Mon objectif est de sensibiliser et d'encourager l'engagement communautaire \u00e0 travers mes articles.\",\"sameAs\":[\"https:\/\/vieassociative.be\/\"]}]}<\/script>\n<!-- \/ Yoast SEO plugin. -->","yoast_head_json":{"title":"Cinq \u00e9missions \u00e0 regarder pendant que vous attendez la saison \u00abSe\u00e8de\u00bb 3 | Vie Associative","robots":{"index":"index","follow":"follow","max-snippet":"max-snippet:-1","max-image-preview":"max-image-preview:large","max-video-preview":"max-video-preview:-1"},"canonical":"https:\/\/vieassociative.be\/actualites\/cinq-emissions-a-regarder-pendant-que-vous-attendez-la-saison-seede-3\/","og_locale":"fr_FR","og_type":"article","og_title":"Cinq \u00e9missions \u00e0 regarder pendant que vous attendez la saison \u00abSe\u00e8de\u00bb 3 | Vie Associative","og_description":"Ces cinq \u00e9missions de t\u00e9l\u00e9vision pliss\u00e9es partagent des th\u00e8mes similaires (mais pas M. Milchick). \u00catre fan d&rsquo;Apple TV + Rupture n\u00e9cessite de la patience. Esp\u00e9rons","og_url":"https:\/\/vieassociative.be\/actualites\/cinq-emissions-a-regarder-pendant-que-vous-attendez-la-saison-seede-3\/","og_site_name":"Vie Associative","article_published_time":"2025-06-05T18:17:35+00:00","og_image":[{"width":279,"height":92,"url":"https:\/\/vieassociative.be\/actualites\/wp-content\/uploads\/2024\/09\/header_backgroundk-01-e1726694325946.png","type":"image\/png"}],"author":"Julien","twitter_card":"summary_large_image","twitter_misc":{"\u00c9crit par":"Julien","Dur\u00e9e de lecture est.":"4 minutes"},"schema":{"@context":"https:\/\/schema.org","@graph":[{"@type":"Article","@id":"https:\/\/vieassociative.be\/actualites\/cinq-emissions-a-regarder-pendant-que-vous-attendez-la-saison-seede-3\/#article","isPartOf":{"@id":"https:\/\/vieassociative.be\/actualites\/cinq-emissions-a-regarder-pendant-que-vous-attendez-la-saison-seede-3\/"},"author":{"name":"Julien","@id":"https:\/\/vieassociative.be\/actualites\/#\/schema\/person\/b87ac4f82f9d4e7b7cec7395b679edc4"},"headline":"Cinq \u00e9missions \u00e0 regarder pendant que vous attendez la saison \u00abSe\u00e8de\u00bb 3","datePublished":"2025-06-05T18:17:35+00:00","dateModified":"2025-06-05T18:17:35+00:00","mainEntityOfPage":{"@id":"https:\/\/vieassociative.be\/actualites\/cinq-emissions-a-regarder-pendant-que-vous-attendez-la-saison-seede-3\/"},"wordCount":891,"publisher":{"@id":"https:\/\/vieassociative.be\/actualites\/#organization"},"image":{"@id":"https:\/\/vieassociative.be\/actualites\/cinq-emissions-a-regarder-pendant-que-vous-attendez-la-saison-seede-3\/#primaryimage"},"thumbnailUrl":"https:\/\/vieassociative.be\/actualites\/wp-content\/uploads\/2025\/06\/Cinq-emissions-a-regarder-pendant-que-vous-attendez-la-saison.jpg","keywords":["attendez","Cinq","\u00e9missions","pendant","regarder","Saison","Se\u00e8de","Vous"],"articleSection":["Divertissement"],"inLanguage":"fr-BE"},{"@type":"WebPage","@id":"https:\/\/vieassociative.be\/actualites\/cinq-emissions-a-regarder-pendant-que-vous-attendez-la-saison-seede-3\/","url":"https:\/\/vieassociative.be\/actualites\/cinq-emissions-a-regarder-pendant-que-vous-attendez-la-saison-seede-3\/","name":"Cinq \u00e9missions \u00e0 regarder pendant que vous attendez la saison \u00abSe\u00e8de\u00bb 3 | Vie Associative","isPartOf":{"@id":"https:\/\/vieassociative.be\/actualites\/#website"},"primaryImageOfPage":{"@id":"https:\/\/vieassociative.be\/actualites\/cinq-emissions-a-regarder-pendant-que-vous-attendez-la-saison-seede-3\/#primaryimage"},"image":{"@id":"https:\/\/vieassociative.be\/actualites\/cinq-emissions-a-regarder-pendant-que-vous-attendez-la-saison-seede-3\/#primaryimage"},"thumbnailUrl":"https:\/\/vieassociative.be\/actualites\/wp-content\/uploads\/2025\/06\/Cinq-emissions-a-regarder-pendant-que-vous-attendez-la-saison.jpg","datePublished":"2025-06-05T18:17:35+00:00","dateModified":"2025-06-05T18:17:35+00:00","breadcrumb":{"@id":"https:\/\/vieassociative.be\/actualites\/cinq-emissions-a-regarder-pendant-que-vous-attendez-la-saison-seede-3\/#breadcrumb"},"inLanguage":"fr-BE","potentialAction":[{"@type":"ReadAction","target":["https:\/\/vieassociative.be\/actualites\/cinq-emissions-a-regarder-pendant-que-vous-attendez-la-saison-seede-3\/"]}]},{"@type":"ImageObject","inLanguage":"fr-BE","@id":"https:\/\/vieassociative.be\/actualites\/cinq-emissions-a-regarder-pendant-que-vous-attendez-la-saison-seede-3\/#primaryimage","url":"https:\/\/vieassociative.be\/actualites\/wp-content\/uploads\/2025\/06\/Cinq-emissions-a-regarder-pendant-que-vous-attendez-la-saison.jpg","contentUrl":"https:\/\/vieassociative.be\/actualites\/wp-content\/uploads\/2025\/06\/Cinq-emissions-a-regarder-pendant-que-vous-attendez-la-saison.jpg","width":1200,"height":675,"caption":"Cinq \u00e9missions \u00e0 regarder pendant que vous attendez la saison \u00abSe\u00e8de\u00bb 3"},{"@type":"BreadcrumbList","@id":"https:\/\/vieassociative.be\/actualites\/cinq-emissions-a-regarder-pendant-que-vous-attendez-la-saison-seede-3\/#breadcrumb","itemListElement":[{"@type":"ListItem","position":1,"name":"Accueil","item":"https:\/\/vieassociative.be\/actualites\/"},{"@type":"ListItem","position":2,"name":"Cinq \u00e9missions \u00e0 regarder pendant que vous attendez la saison \u00abSe\u00e8de\u00bb 3"}]},{"@type":"WebSite","@id":"https:\/\/vieassociative.be\/actualites\/#website","url":"https:\/\/vieassociative.be\/actualites\/","name":"Vie Associative","description":"","publisher":{"@id":"https:\/\/vieassociative.be\/actualites\/#organization"},"potentialAction":[{"@type":"SearchAction","target":{"@type":"EntryPoint","urlTemplate":"https:\/\/vieassociative.be\/actualites\/?s={search_term_string}"},"query-input":{"@type":"PropertyValueSpecification","valueRequired":true,"valueName":"search_term_string"}}],"inLanguage":"fr-BE"},{"@type":"Organization","@id":"https:\/\/vieassociative.be\/actualites\/#organization","name":"Vie Associative","url":"https:\/\/vieassociative.be\/actualites\/","logo":{"@type":"ImageObject","inLanguage":"fr-BE","@id":"https:\/\/vieassociative.be\/actualites\/#\/schema\/logo\/image\/","url":"https:\/\/vieassociative.be\/actualites\/wp-content\/uploads\/2024\/09\/cropped-vieassociative_favicon.ico.png","contentUrl":"https:\/\/vieassociative.be\/actualites\/wp-content\/uploads\/2024\/09\/cropped-vieassociative_favicon.ico.png","width":512,"height":512,"caption":"Vie Associative"},"image":{"@id":"https:\/\/vieassociative.be\/actualites\/#\/schema\/logo\/image\/"}},{"@type":"Person","@id":"https:\/\/vieassociative.be\/actualites\/#\/schema\/person\/b87ac4f82f9d4e7b7cec7395b679edc4","name":"Julien","image":{"@type":"ImageObject","inLanguage":"fr-BE","@id":"https:\/\/vieassociative.be\/actualites\/#\/schema\/person\/image\/","url":"https:\/\/vieassociative.be\/actualites\/wp-content\/uploads\/2024\/09\/vie-associative-1-150x150.jpg","contentUrl":"https:\/\/vieassociative.be\/actualites\/wp-content\/uploads\/2024\/09\/vie-associative-1-150x150.jpg","caption":"Julien"},"description":"Je suis Julien, r\u00e9dacteur pour Vie Associative. Passionn\u00e9 par le monde associatif depuis plus de 10 ans, j'ai \u00e0 c\u0153ur de partager des histoires inspirantes et de mettre en lumi\u00e8re les initiatives locales. Mon objectif est de sensibiliser et d'encourager l'engagement communautaire \u00e0 travers mes articles.","sameAs":["https:\/\/vieassociative.be\/"]}]}},"_links":{"self":[{"href":"https:\/\/vieassociative.be\/actualites\/wp-json\/wp\/v2\/posts\/8004"}],"collection":[{"href":"https:\/\/vieassociative.be\/actualites\/wp-json\/wp\/v2\/posts"}],"about":[{"href":"https:\/\/vieassociative.be\/actualites\/wp-json\/wp\/v2\/types\/post"}],"author":[{"embeddable":true,"href":"https:\/\/vieassociative.be\/actualites\/wp-json\/wp\/v2\/users\/1"}],"replies":[{"embeddable":true,"href":"https:\/\/vieassociative.be\/actualites\/wp-json\/wp\/v2\/comments?post=8004"}],"version-history":[{"count":0,"href":"https:\/\/vieassociative.be\/actualites\/wp-json\/wp\/v2\/posts\/8004\/revisions"}],"wp:featuredmedia":[{"embeddable":true,"href":"https:\/\/vieassociative.be\/actualites\/wp-json\/wp\/v2\/media\/8005"}],"wp:attachment":[{"href":"https:\/\/vieassociative.be\/actualites\/wp-json\/wp\/v2\/media?parent=8004"}],"wp:term":[{"taxonomy":"category","embeddable":true,"href":"https:\/\/vieassociative.be\/actualites\/wp-json\/wp\/v2\/categories?post=8004"},{"taxonomy":"post_tag","embeddable":true,"href":"https:\/\/vieassociative.be\/actualites\/wp-json\/wp\/v2\/tags?post=8004"}],"curies":[{"name":"wp","href":"https:\/\/api.w.org\/{rel}","templated":true}]}}