{"id":8002,"date":"2025-06-05T19:17:18","date_gmt":"2025-06-05T17:17:18","guid":{"rendered":"https:\/\/vieassociative.be\/actualites\/quel-age-a-trop-vieux-lors-de-lachat-dune-apple-watch-2\/"},"modified":"2025-06-05T19:17:18","modified_gmt":"2025-06-05T17:17:18","slug":"quel-age-a-trop-vieux-lors-de-lachat-dune-apple-watch-2","status":"publish","type":"post","link":"https:\/\/vieassociative.be\/actualites\/quel-age-a-trop-vieux-lors-de-lachat-dune-apple-watch-2\/","title":{"rendered":"Quel \u00e2ge a trop vieux lors de l&rsquo;achat d&rsquo;une Apple Watch?"},"content":{"rendered":"<div class=\"mt-4 leading-6 md:mb-8\">\u00c0 quelle distance pouvez-vous aller lors de l&rsquo;achat d&rsquo;une Apple Watch?<\/div>\n<p><\/p>\n<p>En 2023, j&rsquo;ai d\u00e9cid\u00e9 de mettre \u00e0 jour mon Apple Watch apr\u00e8s avoir toujours \u00e9chou\u00e9 \u00e0 porter ma s\u00e9rie 4 pendant plusieurs ann\u00e9es. J&rsquo;ai vendu celui-l\u00e0 sur Poshmark et j&rsquo;ai commenc\u00e9 \u00e0 regarder des mod\u00e8les plus r\u00e9cents pour en trouver un avec suffisamment de fonctionnalit\u00e9s pour me convaincre de le porter. J&rsquo;ai choisi d&rsquo;obtenir une s\u00e9rie 8, bien que la s\u00e9rie 9 venait de sortir, car j&rsquo;en achetais deux: une pour ma m\u00e8re et une pour moi-m\u00eame. Il s&rsquo;av\u00e8re que c&rsquo;\u00e9tait une excellente d\u00e9cision.<\/p>\n<p>Si vous recherchez un nouveau portable ou envisagez de mettre \u00e0 niveau le v\u00f4tre, vous vous demandez peut-\u00eatre \u00e9galement lequel des anciens mod\u00e8les Apple Watch est toujours utile aujourd&rsquo;hui. Ma s\u00e9rie 8 tient magnifiquement trois ans apr\u00e8s son introduction, donc je suis un grand partisan de l&rsquo;utilisation des appareils plus anciens le plus longtemps possible. Mais toutes les montres Apple ne fonctionneront pas aussi bien que la s\u00e9rie 8 en 2025. <\/p>\n<h2 id=\"dont-buy-a-watch-apple-doesnt-support-anymore\">N&rsquo;achetez pas une montre Apple ne prend plus en charge<\/h2>\n<p>Nous devons tracer la ligne quelque part: sept des montres d&rsquo;Apple ne sont plus prises en charge, ce qui signifie qu&rsquo;elles ne recevront plus de logiciels ou de mises \u00e0 jour de s\u00e9curit\u00e9. De plus, vous ex\u00e9cutez le risque que la montre ne soit plus compatible avec votre iPhone ou certaines applications. En bref, vous ne devriez pas acheter une montre qu&rsquo;Apple ne prend pas en charge. Qui comprend ce qui suit:<\/p>\n<ul>\n<li>\n<p>Apple Watch Series 0<\/p>\n<\/li>\n<li>\n<p>Apple Watch Series 1<\/p>\n<\/li>\n<li>\n<p>Apple Watch Series 2<\/p>\n<\/li>\n<li>\n<p>Apple Watch Series 3<\/p>\n<\/li>\n<li>\n<p>Apple Watch Series 4<\/p>\n<\/li>\n<li>\n<p>Apple Watch Series 5<\/p>\n<\/li>\n<li>\n<p>Apple Watch SE (premi\u00e8re g\u00e9n\u00e9ration) <\/p>\n<\/li>\n<\/ul>\n<p>Bien que la soci\u00e9t\u00e9 prenne actuellement en charge la s\u00e9rie 6, elle est la prochaine en ligne pour rejoindre cette liste. Il n&rsquo;est pas clair quand cela se produira, mais vous pouvez \u00eatre s\u00fbr que cela le fera. Nous verrons la semaine prochaine &#8211; quand Apple r\u00e9v\u00e8le Watchos 26 &#8211; que la montre sera prise en charge une autre ann\u00e9e. Sinon, il sera coinc\u00e9 sur Watchos 11 pour de bon.<\/p>\n<h2 id=\"performance-and-other-generational-watch-improvements\">Performance et autres am\u00e9liorations de surveillance g\u00e9n\u00e9rationnelles<\/h2>\n<p>Il existe des consid\u00e9rations pour les mod\u00e8les Apple Watch plus anciens qui s&rsquo;\u00e9tendent au-del\u00e0 de leur capacit\u00e9 \u00e0 simplement ex\u00e9cuter le dernier syst\u00e8me d&rsquo;exploitation. \u00c0 chaque g\u00e9n\u00e9ration, des am\u00e9liorations sont apport\u00e9es sous une forme ou une autre. Par exemple, la s\u00e9rie 4 a introduit le capteur ECG, tandis que la s\u00e9rie 6 a introduit le capteur d&rsquo;oxyg\u00e8ne sanguin (bien qu&rsquo;Apple ait d\u00fb d\u00e9sactiver la fonctionnalit\u00e9 de la s\u00e9rie 9 et Ultra 2 aux \u00c9tats-Unis en raison d&rsquo;un proc\u00e8s). La s\u00e9rie 7 facture plus rapidement que ses pr\u00e9d\u00e9cesseurs, et Apple a inclus une charge rapide sur la plupart des mod\u00e8les de montre depuis (d\u00e9sol\u00e9, les utilisateurs d&rsquo;Apple Watch SE).<\/p>\n<p>En g\u00e9n\u00e9ral, chaque Apple Watch est plus rapide que la pr\u00e9c\u00e9dente. Apple a tendance \u00e0 mettre son nouveau S-Chip &#8211; le processeur d&rsquo;Apple Watch &#8211; dans sa derni\u00e8re s\u00e9rie de montres. Autrement dit, un nouveau S-chip vous donne un produit plus rapide et plus productif. La s\u00e9rie 6 a une puce S6, la s\u00e9rie 7 a S7, et ainsi de suite jusqu&rsquo;\u00e0 ce que vous atteigniez les ultras. (L&rsquo;Ultra de premi\u00e8re g\u00e9n\u00e9ration a une puce S8 comme la s\u00e9rie 8, tandis que l&rsquo;ultra 2 a une puce S9 comme la s\u00e9rie 9.)<\/p>\n<p>Bien qu&rsquo;il existe certaines fonctionnalit\u00e9s de base toutes les montres actuellement prises en charge partagent, comme l&rsquo;entra\u00eenement et le suivi de la natation, le suivi du sommeil, la r\u00e9mun\u00e9ration Apple, la num\u00e9risation ECG et la possibilit\u00e9 de lire et de r\u00e9pondre aux messages &#8211; les mod\u00e8les neufs ont \u00e9galement chacun de leurs propres avanc\u00e9es et mises \u00e0 niveau sp\u00e9ciales. Voici une br\u00e8ve liste:<\/p>\n<ul>\n<li>\n<p>La s\u00e9rie 7 a introduit une charge plus rapide, un affichage plus grand et un \u00e9cran plus durable.<\/p>\n<\/li>\n<li>\n<p>La s\u00e9rie 8 a apport\u00e9 la d\u00e9tection de temp\u00e9rature, la d\u00e9tection de crash et un mode de faible puissance pour conserver la batterie (tout comme l&rsquo;Apple Watch SE de deuxi\u00e8me g\u00e9n\u00e9ration).<\/p>\n<\/li>\n<li>\n<p>La s\u00e9rie 9 a fait ses d\u00e9buts sur les nouveaux contr\u00f4les des gestes, l&rsquo;acc\u00e8s \u00e0 Siri sur disvise, le suivi de l&#8217;emplacement plus pr\u00e9cis dans Find My, et un affichage avec le double de la luminosit\u00e9 de la s\u00e9rie 8.<\/p>\n<\/li>\n<li>\n<p>L&rsquo;Apple Watch de la premi\u00e8re g\u00e9n\u00e9ration Ultra a introduit un bo\u00eetier en titane plus durable, des raccourcis personnalis\u00e9s sur les applications et les modes via le bouton d&rsquo;action, une jauge de profondeur et un capteur de temp\u00e9rature de l&rsquo;eau, un GPS plus pr\u00e9cis, une dur\u00e9e de vie de la batterie de 36 heures et une sir\u00e8ne d&rsquo;urgence.<\/p>\n<\/li>\n<li>\n<p>L&rsquo;Apple Watch Ultra 2 a introduit un \u00e9cran avec une luminosit\u00e9 maximale de 3 000 nits et une lecture multim\u00e9dia sur disque. <\/p>\n<\/li>\n<li>\n<p>La s\u00e9rie 10 a introduit le plus grand \u00e9cran disponible sur une Apple Watch standard et une charge plus rapide. <\/p>\n<\/li>\n<\/ul>\n<p>Si vous voyez une fonctionnalit\u00e9 dont vous avez absolument besoin dans un mod\u00e8le de montre particulier, vous devrez le ressortir. Mais si vous voulez juste quelque chose pour les t\u00e2ches de Core Apple Watch, vous pouvez commencer \u00e0 consid\u00e9rer les anciennes options. Le site de comparaison de montre d&rsquo;Apple peut \u00eatre un outil utile pour identifier les diff\u00e9rentes fonctionnalit\u00e9s entre les mod\u00e8les. <\/p>\n<h2 id=\"battery-degradation\">D\u00e9gradation de la batterie <\/h2>\n<p>Toutes les technologies se d\u00e9gradent dans une certaine mesure et l&rsquo;Apple Watch n&rsquo;est pas diff\u00e9rente, en particulier en ce qui concerne la batterie. Bien qu&rsquo;il existe des moyens d&rsquo;att\u00e9nuer le probl\u00e8me, au fil du temps, la batterie lithium-ion alimentant votre ordinateur de poignet ne durera pas aussi longtemps qu&rsquo;auparavant. Cela pourrait \u00eatre un probl\u00e8me plus important que la capacit\u00e9 de votre montre \u00e0 t\u00e9l\u00e9charger et \u00e0 prendre en charge un nouveau syst\u00e8me d&rsquo;exploitation. La garantie d&rsquo;Apple ne couvre pas les batteries qui s&rsquo;usent d&rsquo;une utilisation normale et facture 99 $ pour la r\u00e9paration, que vous pourriez plut\u00f4t consacrer \u00e0 l&rsquo;achat d&rsquo;une nouvelle montre. Il y a une exception: le service de batterie est gratuit si vous avez AppleCare + et que la batterie de votre montre d\u00e9tient moins de 80% de sa capacit\u00e9 d&rsquo;origine. Vous devez prendre votre montre dans un magasin Apple ou un fournisseur de services pour le tester. <\/p>\n<div class=\"pogoClear relative my-10 border-b-(1.5px) border-t-(1.5px) border-dashed border-black py-5 sm:my-14 sm:border-0 sm:py-0\" data-ga-click data-ga-template=\"Explainers\" data-ga-module=\"openweb_widget\" data-ga-element=\"openweb_scroll\" data-ga-item=\"openweb_scroll_midpage\" x-data=\"{\n         commentsCount: null,\n         hasComments: false,\n         async fetchCommentsCount() {\n             try {\n                 if (window.openweb &amp;&amp; typeof window.openweb.getMessagesCount === 'function') {\n                     this.commentsCount = await window.openweb.getMessagesCount('01JVZBVS4D4H7DV4JYAGTRNXAQ');\n                     this.hasComments = this.commentsCount !== null &amp;&amp; this.commentsCount &gt; 0;\n                 }\n             } catch (e) {\n                 console.warn('Failed to fetch comment count:', e);\n             }\n         }\n     }\" x-init=\"fetchCommentsCount()\" x-cloak><\/p>\n<div class=\"absolute top-1\/2 hidden w-full -translate-y-1\/2 border-t-(1.5px) border-dashed border-black sm:block\"><\/div>\n<div class=\"relative flex justify-center\">\n<div class=\"flex max-w-fit items-center gap-x-3 bg-white px-5\">\n<div class=\"relative\">\n                <span class=\"absolute left-1\/2 top-1\/2 -translate-x-1\/2 -translate-y-1\/2 font-akshar text-sm font-medium text-black\" aria-live=\"polite\" x-show=\"hasComments\" x-text=\"commentsCount\"><\/span><\/p>\n<p>                <svg class=\"h-8 w-8 text-black\" role=\"img\" aria-hidden=\"true\">\n                    <use href=\"http:\/\/lifehacker.com\/images\/icons\/spritemap.svg#sprite-chat-bubble\"><\/use>\n                <\/svg>\n            <\/div>\n<p>            <span class=\"text-sm font-medium text-black\"><\/p>\n<p>                Que pensez-vous jusqu&rsquo;\u00e0 pr\u00e9sent?<br \/>\n                <button class=\"ml-1 font-semibold text-brand-green underline hover:text-brand-green-700\" type=\"button\" aria-label=\"Comment section trigger\" onclick=\"window.openweb.scrollToComments('01JVZBVS4D4H7DV4JYAGTRNXAQ')\" x-text=\"hasComments ? 'Post a comment.' : 'Be the first to post a comment.'\"><\/button><br \/>\n            <\/span>\n        <\/div>\n<\/p><\/div>\n<\/div>\n<p>Ma montre \u00e9tait d&rsquo;occasion, et m\u00eame si je n&rsquo;ai aucun moyen de savoir si elle a sa batterie d&rsquo;origine, la dur\u00e9e de vie de ma batterie n&rsquo;a pas diminu\u00e9 consid\u00e9rablement au cours des deux ann\u00e9es que je l&rsquo;utilise quotidiennement. J&rsquo;utilise principalement le mien pour suivre mes s\u00e9ances d&rsquo;entra\u00eenement, les vitaux et le sommeil, ce qui signifie qu&rsquo;il est toujours en cours d&rsquo;ex\u00e9cution. Je le charge pendant que je suis sous la douche et parfois pendant quelques minutes avant de me coucher, et c&rsquo;est \u00e0 peu pr\u00e8s tout. En moyenne, une journ\u00e9e de notifications constantes, le mien me dure un peu plus longtemps que la marque de 18 heures annonc\u00e9e. Parce que j&rsquo;ai peu d&rsquo;int\u00e9r\u00eat pour les petites am\u00e9liorations offertes par la s\u00e9rie 9 et la s\u00e9rie 10 &#8211; comme une luminosit\u00e9 suppl\u00e9mentaire, une taille d&rsquo;\u00e9cran plus grande, des bosses de performances et un suivi du cycle avanc\u00e9 &#8211; la dur\u00e9e de vie de la batterie est ce qui (ou sera) m&rsquo;obligerait \u00e0 mettre \u00e0 niveau \u00e0 l&rsquo;avenir, mais pour l&rsquo;instant, je n&rsquo;ai remarqu\u00e9 aucun probl\u00e8me. J&rsquo;ai demand\u00e9 \u00e0 ma m\u00e8re si elle avait remarqu\u00e9 une d\u00e9gradation de la batterie sur la sienne, car je l&rsquo;ai achet\u00e9e en m\u00eame temps et en m\u00eame temps que la mienne, et elle a dit non. Elle utilise les siennes pour suivre les entra\u00eenements \u00e0 pied, parler au t\u00e9l\u00e9phone et surveiller son sommeil et ses signes vitaux.<\/p>\n<h2 id=\"stick-with-the-series-7-or-newer\">Restez avec la s\u00e9rie 7 ou plus r\u00e9cent<\/h2>\n<p>Consid\u00e9rez en attentivement Les fonctionnalit\u00e9s des nouveaux mod\u00e8les sont en fait importantes pour vous avant de prendre une d\u00e9cision d&rsquo;achat et, si vous le pouvez, rester au-dessus d&rsquo;une s\u00e9rie 7. La s\u00e9rie 6 est toujours fonctionnelle, mais, encore une fois, c&rsquo;est une question de temps jusqu&rsquo;\u00e0 ce que l&rsquo;entreprise cesse de le reconna\u00eetre compl\u00e8tement. <\/p>\n<p>Pour l&rsquo;instant, j&rsquo;ai \u00e9t\u00e9 agr\u00e9ablement surpris par la fa\u00e7on dont ma s\u00e9rie 8 a bien r\u00e9sist\u00e9 pendant deux ans. Son \u00e9cran tactile n&rsquo;a jamais faibli, les boutons externes fonctionnent parfaitement, il se synchronise avec toutes mes applications et appareils sans probl\u00e8me, et il fait exactement ce dont j&rsquo;ai besoin pour faire, ce qui est de me dire combien de mesures je prends et \u00e0 quel point je m&rsquo;exerce au gymnase. Si vous \u00eates sur le march\u00e9 pour une montre intelligente, je ne vois aucune raison pour laquelle une ancienne version ne doit pas \u00eatre prise en compte, tant qu&rsquo;elle ex\u00e9cute toujours le dernier syst\u00e8me d&rsquo;exploitation. Vous pouvez \u00e9conomiser un morceau de changement en s&rsquo;approvisionnement d&rsquo;un mod\u00e8le plus ancien \u00e0 partir de la revente ou des march\u00e9s r\u00e9nov\u00e9s et de ranger cet argent lorsque Apple laisse tomber quelque chose de super r\u00e9volutionnaire dans l&rsquo;espace portable. <\/p>\n<p>Apple ne vend plus rien en dessous d&rsquo;une s\u00e9rie 10 ou SE directement, donc si vous voulez un 6, 7, 8 ou 9, vous devrez v\u00e9rifier les march\u00e9s de revente et de r\u00e9novation. Vous \u00e9conomiserez certainement de l&rsquo;argent de cette fa\u00e7on (une nouvelle s\u00e9rie 10 commence \u00e0 399 $, bien qu&rsquo;elle puisse \u00eatre trouv\u00e9e en vente, et la s\u00e9rie 8 r\u00e9nov\u00e9e que j&rsquo;ai obtenue se vend en ce moment pour 219 $).<\/p>\n<div class=\"pogoClear mb-12 mt-10 rounded-md border-2 border-gray-100 py-7 shadow-xl md:py-6\">\n<div class=\"flex flex-wrap justify-between px-7 text-black no-underline md:flex-nowrap md:px-8\">\n<div class=\"order-1 mx-auto flex flex-col justify-center md:order-2 md:ml-4 md:w-full md:grow\">\n<div class=\"block cursor-pointer text-center font-akshar text-2xl font-medium leading-7 text-brand-green duration-200 ease-in-out hover:text-brand-green-700 md:text-left md:text-xl md:leading-6\">Apple Watch Series 8 (renouvel\u00e9)\n                <\/div>\n<div class=\"mt-4 hidden md:flex md:justify-between\">\n<div class=\"self-end\">\n<div class=\"mb-0 h-11 md:flex md:flex-col md:justify-center\">\n<div class=\" font-sans leading-4 text-black\">\n<div class=\"flex flex-wrap items-center justify-center gap-x-1 md:justify-start\">\n        <span class=\"font-bold\"><\/p>\n<p>            209,00 $<br \/>\n                            <span class=\"font-medium\">\u00e0 Amazon<\/span><br \/>\n                    <\/span><br \/>\n                    <img decoding=\"async\" class=\"mt-0 h-(15px)\" src=\"https:\/\/vieassociative.be\/actualites\/wp-content\/uploads\/2025\/06\/1749143838_860_Quel-age-a-trop-vieux-lors-de-lachat-dune-Apple.svg.svg+xml\" title=\"Amazon Prime\" alt=\"Amazon Prime\">\n            <\/div>\n<div class=\"flex items-center justify-center gap-x-1 font-bold md:justify-start\">\n            <span class=\"text-sm line-through\">220,00 $<\/span><br \/>\n            <span class=\"text-sm text-brand-green\">\u00c9conomisez 11,00 $<\/span>\n        <\/div>\n<\/p><\/div>\n<\/p><\/div>\n<\/p><\/div>\n<div class=\"w-44 self-end\">\n                            <button class=\"flex justify-center items-center w-full bg-brand-green text-white text-base font-sans font-medium rounded-md hover:bg-brand-green-700 hover:cursor-pointer md:text-sm h-11\"><\/p>\n<p>    Apprendre encore plus<br \/>\n<\/button>\n                        <\/div>\n<\/p><\/div>\n<\/p><\/div>\n<div class=\"order-2 mt-5 h-auto w-full md:order-1 md:mt-0 md:hidden\">\n<div class=\"flex aspect-video items-center justify-center\">\n                                            <img decoding=\"async\" class=\"m-0 max-h-full max-w-full rounded-md\" src=\"https:\/\/vieassociative.be\/actualites\/wp-content\/uploads\/2025\/06\/1749143838_309_Quel-age-a-trop-vieux-lors-de-lachat-dune-Apple.jpg\" alt=\"Apple Watch Series 8 (41 mm, GPS) - \u00c9tui en aluminium argent\u00e9 avec White Sport Band (Renewed Premium)\" width=\"auto\" height=\"auto\" loading=\"lazy\">\n                                    <\/div>\n<\/p><\/div>\n<div class=\"order-2 ml-2 hidden w-32 shrink-0 items-center md:order-1 md:ml-0 md:flex\">\n<div class=\"flex aspect-video items-center justify-center\">\n                                            <img decoding=\"async\" class=\"m-0 max-h-full max-w-full rounded-md\" src=\"https:\/\/vieassociative.be\/actualites\/wp-content\/uploads\/2025\/06\/1749143838_309_Quel-age-a-trop-vieux-lors-de-lachat-dune-Apple.jpg\" alt=\"Apple Watch Series 8 (41 mm, GPS) - \u00c9tui en aluminium argent\u00e9 avec White Sport Band (Renewed Premium)\" width=\"auto\" height=\"auto\" loading=\"lazy\">\n                                    <\/div>\n<\/p><\/div>\n<div class=\"order-3 flex grow flex-wrap md:hidden md:grow-0\">\n<div class=\"mt-4 w-full\">\n                        <button class=\"flex justify-center items-center w-full bg-brand-green text-white text-base font-sans font-medium rounded-md hover:bg-brand-green-700 hover:cursor-pointer md:text-sm h-11\"><\/p>\n<p>    Apprendre encore plus<br \/>\n<\/button>\n                    <\/div>\n<div class=\"mx-2 mt-4 w-full\">\n<div class=\" font-sans leading-4 text-black\">\n<div class=\"flex flex-wrap items-center justify-center gap-x-1 md:justify-start\">\n        <span class=\"font-bold\"><\/p>\n<p>            209,00 $<br \/>\n                            <span class=\"font-medium\">\u00e0 Amazon<\/span><br \/>\n                    <\/span><br \/>\n                    <img decoding=\"async\" class=\"mt-0 h-(15px)\" src=\"https:\/\/vieassociative.be\/actualites\/wp-content\/uploads\/2025\/06\/1749143838_860_Quel-age-a-trop-vieux-lors-de-lachat-dune-Apple.svg.svg+xml\" title=\"Amazon Prime\" alt=\"Amazon Prime\">\n            <\/div>\n<div class=\"flex items-center justify-center gap-x-1 font-bold md:justify-start\">\n            <span class=\"text-sm line-through\">220,00 $<\/span><br \/>\n            <span class=\"text-sm text-brand-green\">\u00c9conomisez 11,00 $<\/span>\n        <\/div>\n<\/p><\/div>\n<\/p><\/div>\n<\/p><\/div>\n<\/p><\/div>\n<\/div>\n","protected":false},"excerpt":{"rendered":"<p>\u00c0 quelle distance pouvez-vous aller lors de l&rsquo;achat d&rsquo;une Apple Watch? En 2023, j&rsquo;ai d\u00e9cid\u00e9 de mettre \u00e0 jour mon Apple Watch apr\u00e8s avoir toujours<\/p>\n","protected":false},"author":1,"featured_media":8003,"comment_status":"","ping_status":"","sticky":false,"template":"","format":"standard","meta":{"footnotes":""},"categories":[13],"tags":[751,54,698,2128,353,794,656,3881,55],"class_list":["post-8002","post","type-post","status-publish","format-standard","has-post-thumbnail","hentry","category-technologie","tag-age","tag-apple","tag-dune","tag-lachat","tag-lors","tag-quel","tag-trop","tag-vieux","tag-watch","generate-columns","tablet-grid-50","mobile-grid-100","grid-parent","grid-33"],"yoast_head":"<!-- This site is optimized with the Yoast SEO plugin v24.0 - https:\/\/yoast.com\/wordpress\/plugins\/seo\/ -->\n<title>Quel \u00e2ge a trop vieux lors de l&#039;achat d&#039;une Apple Watch? | Vie Associative<\/title>\n<meta name=\"robots\" content=\"index, follow, max-snippet:-1, max-image-preview:large, max-video-preview:-1\" \/>\n<link rel=\"canonical\" href=\"https:\/\/vieassociative.be\/actualites\/quel-age-a-trop-vieux-lors-de-lachat-dune-apple-watch-2\/\" \/>\n<meta property=\"og:locale\" content=\"fr_FR\" \/>\n<meta property=\"og:type\" content=\"article\" \/>\n<meta property=\"og:title\" content=\"Quel \u00e2ge a trop vieux lors de l&#039;achat d&#039;une Apple Watch? | Vie Associative\" \/>\n<meta property=\"og:description\" content=\"\u00c0 quelle distance pouvez-vous aller lors de l&rsquo;achat d&rsquo;une Apple Watch? En 2023, j&rsquo;ai d\u00e9cid\u00e9 de mettre \u00e0 jour mon Apple Watch apr\u00e8s avoir toujours\" \/>\n<meta property=\"og:url\" content=\"https:\/\/vieassociative.be\/actualites\/quel-age-a-trop-vieux-lors-de-lachat-dune-apple-watch-2\/\" \/>\n<meta property=\"og:site_name\" content=\"Vie Associative\" \/>\n<meta property=\"article:published_time\" content=\"2025-06-05T17:17:18+00:00\" \/>\n<meta property=\"og:image\" content=\"https:\/\/vieassociative.be\/actualites\/wp-content\/uploads\/2025\/06\/1749143838_860_Quel-age-a-trop-vieux-lors-de-lachat-dune-Apple.svg.svg+xml\" \/>\n<meta name=\"author\" content=\"Julien\" \/>\n<meta name=\"twitter:card\" content=\"summary_large_image\" \/>\n<meta name=\"twitter:label1\" content=\"\u00c9crit par\" \/>\n\t<meta name=\"twitter:data1\" content=\"Julien\" \/>\n\t<meta name=\"twitter:label2\" content=\"Dur\u00e9e de lecture est.\" \/>\n\t<meta name=\"twitter:data2\" content=\"8 minutes\" \/>\n<script type=\"application\/ld+json\" class=\"yoast-schema-graph\">{\"@context\":\"https:\/\/schema.org\",\"@graph\":[{\"@type\":\"Article\",\"@id\":\"https:\/\/vieassociative.be\/actualites\/quel-age-a-trop-vieux-lors-de-lachat-dune-apple-watch-2\/#article\",\"isPartOf\":{\"@id\":\"https:\/\/vieassociative.be\/actualites\/quel-age-a-trop-vieux-lors-de-lachat-dune-apple-watch-2\/\"},\"author\":{\"name\":\"Julien\",\"@id\":\"https:\/\/vieassociative.be\/actualites\/#\/schema\/person\/b87ac4f82f9d4e7b7cec7395b679edc4\"},\"headline\":\"Quel \u00e2ge a trop vieux lors de l&rsquo;achat d&rsquo;une Apple Watch?\",\"datePublished\":\"2025-06-05T17:17:18+00:00\",\"dateModified\":\"2025-06-05T17:17:18+00:00\",\"mainEntityOfPage\":{\"@id\":\"https:\/\/vieassociative.be\/actualites\/quel-age-a-trop-vieux-lors-de-lachat-dune-apple-watch-2\/\"},\"wordCount\":1745,\"publisher\":{\"@id\":\"https:\/\/vieassociative.be\/actualites\/#organization\"},\"image\":{\"@id\":\"https:\/\/vieassociative.be\/actualites\/quel-age-a-trop-vieux-lors-de-lachat-dune-apple-watch-2\/#primaryimage\"},\"thumbnailUrl\":\"https:\/\/vieassociative.be\/actualites\/wp-content\/uploads\/2025\/06\/1749143839_Quel-age-a-trop-vieux-lors-de-lachat-dune-Apple.jpg\",\"keywords\":[\"\u00e2ge\",\"Apple\",\"dune\",\"lachat\",\"lors\",\"Quel\",\"trop\",\"vieux\",\"Watch\"],\"articleSection\":[\"Technologie\"],\"inLanguage\":\"fr-BE\"},{\"@type\":\"WebPage\",\"@id\":\"https:\/\/vieassociative.be\/actualites\/quel-age-a-trop-vieux-lors-de-lachat-dune-apple-watch-2\/\",\"url\":\"https:\/\/vieassociative.be\/actualites\/quel-age-a-trop-vieux-lors-de-lachat-dune-apple-watch-2\/\",\"name\":\"Quel \u00e2ge a trop vieux lors de l'achat d'une Apple Watch? | Vie Associative\",\"isPartOf\":{\"@id\":\"https:\/\/vieassociative.be\/actualites\/#website\"},\"primaryImageOfPage\":{\"@id\":\"https:\/\/vieassociative.be\/actualites\/quel-age-a-trop-vieux-lors-de-lachat-dune-apple-watch-2\/#primaryimage\"},\"image\":{\"@id\":\"https:\/\/vieassociative.be\/actualites\/quel-age-a-trop-vieux-lors-de-lachat-dune-apple-watch-2\/#primaryimage\"},\"thumbnailUrl\":\"https:\/\/vieassociative.be\/actualites\/wp-content\/uploads\/2025\/06\/1749143839_Quel-age-a-trop-vieux-lors-de-lachat-dune-Apple.jpg\",\"datePublished\":\"2025-06-05T17:17:18+00:00\",\"dateModified\":\"2025-06-05T17:17:18+00:00\",\"breadcrumb\":{\"@id\":\"https:\/\/vieassociative.be\/actualites\/quel-age-a-trop-vieux-lors-de-lachat-dune-apple-watch-2\/#breadcrumb\"},\"inLanguage\":\"fr-BE\",\"potentialAction\":[{\"@type\":\"ReadAction\",\"target\":[\"https:\/\/vieassociative.be\/actualites\/quel-age-a-trop-vieux-lors-de-lachat-dune-apple-watch-2\/\"]}]},{\"@type\":\"ImageObject\",\"inLanguage\":\"fr-BE\",\"@id\":\"https:\/\/vieassociative.be\/actualites\/quel-age-a-trop-vieux-lors-de-lachat-dune-apple-watch-2\/#primaryimage\",\"url\":\"https:\/\/vieassociative.be\/actualites\/wp-content\/uploads\/2025\/06\/1749143839_Quel-age-a-trop-vieux-lors-de-lachat-dune-Apple.jpg\",\"contentUrl\":\"https:\/\/vieassociative.be\/actualites\/wp-content\/uploads\/2025\/06\/1749143839_Quel-age-a-trop-vieux-lors-de-lachat-dune-Apple.jpg\",\"width\":1200,\"height\":675,\"caption\":\"Quel \u00e2ge a trop vieux lors de l'achat d'une Apple Watch?\"},{\"@type\":\"BreadcrumbList\",\"@id\":\"https:\/\/vieassociative.be\/actualites\/quel-age-a-trop-vieux-lors-de-lachat-dune-apple-watch-2\/#breadcrumb\",\"itemListElement\":[{\"@type\":\"ListItem\",\"position\":1,\"name\":\"Accueil\",\"item\":\"https:\/\/vieassociative.be\/actualites\/\"},{\"@type\":\"ListItem\",\"position\":2,\"name\":\"Quel \u00e2ge a trop vieux lors de l&rsquo;achat d&rsquo;une Apple Watch?\"}]},{\"@type\":\"WebSite\",\"@id\":\"https:\/\/vieassociative.be\/actualites\/#website\",\"url\":\"https:\/\/vieassociative.be\/actualites\/\",\"name\":\"Vie Associative\",\"description\":\"\",\"publisher\":{\"@id\":\"https:\/\/vieassociative.be\/actualites\/#organization\"},\"potentialAction\":[{\"@type\":\"SearchAction\",\"target\":{\"@type\":\"EntryPoint\",\"urlTemplate\":\"https:\/\/vieassociative.be\/actualites\/?s={search_term_string}\"},\"query-input\":{\"@type\":\"PropertyValueSpecification\",\"valueRequired\":true,\"valueName\":\"search_term_string\"}}],\"inLanguage\":\"fr-BE\"},{\"@type\":\"Organization\",\"@id\":\"https:\/\/vieassociative.be\/actualites\/#organization\",\"name\":\"Vie Associative\",\"url\":\"https:\/\/vieassociative.be\/actualites\/\",\"logo\":{\"@type\":\"ImageObject\",\"inLanguage\":\"fr-BE\",\"@id\":\"https:\/\/vieassociative.be\/actualites\/#\/schema\/logo\/image\/\",\"url\":\"https:\/\/vieassociative.be\/actualites\/wp-content\/uploads\/2024\/09\/cropped-vieassociative_favicon.ico.png\",\"contentUrl\":\"https:\/\/vieassociative.be\/actualites\/wp-content\/uploads\/2024\/09\/cropped-vieassociative_favicon.ico.png\",\"width\":512,\"height\":512,\"caption\":\"Vie Associative\"},\"image\":{\"@id\":\"https:\/\/vieassociative.be\/actualites\/#\/schema\/logo\/image\/\"}},{\"@type\":\"Person\",\"@id\":\"https:\/\/vieassociative.be\/actualites\/#\/schema\/person\/b87ac4f82f9d4e7b7cec7395b679edc4\",\"name\":\"Julien\",\"image\":{\"@type\":\"ImageObject\",\"inLanguage\":\"fr-BE\",\"@id\":\"https:\/\/vieassociative.be\/actualites\/#\/schema\/person\/image\/\",\"url\":\"https:\/\/vieassociative.be\/actualites\/wp-content\/uploads\/2024\/09\/vie-associative-1-150x150.jpg\",\"contentUrl\":\"https:\/\/vieassociative.be\/actualites\/wp-content\/uploads\/2024\/09\/vie-associative-1-150x150.jpg\",\"caption\":\"Julien\"},\"description\":\"Je suis Julien, r\u00e9dacteur pour Vie Associative. Passionn\u00e9 par le monde associatif depuis plus de 10 ans, j'ai \u00e0 c\u0153ur de partager des histoires inspirantes et de mettre en lumi\u00e8re les initiatives locales. Mon objectif est de sensibiliser et d'encourager l'engagement communautaire \u00e0 travers mes articles.\",\"sameAs\":[\"https:\/\/vieassociative.be\/\"]}]}<\/script>\n<!-- \/ Yoast SEO plugin. -->","yoast_head_json":{"title":"Quel \u00e2ge a trop vieux lors de l'achat d'une Apple Watch? | Vie Associative","robots":{"index":"index","follow":"follow","max-snippet":"max-snippet:-1","max-image-preview":"max-image-preview:large","max-video-preview":"max-video-preview:-1"},"canonical":"https:\/\/vieassociative.be\/actualites\/quel-age-a-trop-vieux-lors-de-lachat-dune-apple-watch-2\/","og_locale":"fr_FR","og_type":"article","og_title":"Quel \u00e2ge a trop vieux lors de l'achat d'une Apple Watch? | Vie Associative","og_description":"\u00c0 quelle distance pouvez-vous aller lors de l&rsquo;achat d&rsquo;une Apple Watch? En 2023, j&rsquo;ai d\u00e9cid\u00e9 de mettre \u00e0 jour mon Apple Watch apr\u00e8s avoir toujours","og_url":"https:\/\/vieassociative.be\/actualites\/quel-age-a-trop-vieux-lors-de-lachat-dune-apple-watch-2\/","og_site_name":"Vie Associative","article_published_time":"2025-06-05T17:17:18+00:00","og_image":[{"url":"https:\/\/vieassociative.be\/actualites\/wp-content\/uploads\/2025\/06\/1749143838_860_Quel-age-a-trop-vieux-lors-de-lachat-dune-Apple.svg.svg+xml","type":"","width":"","height":""}],"author":"Julien","twitter_card":"summary_large_image","twitter_misc":{"\u00c9crit par":"Julien","Dur\u00e9e de lecture est.":"8 minutes"},"schema":{"@context":"https:\/\/schema.org","@graph":[{"@type":"Article","@id":"https:\/\/vieassociative.be\/actualites\/quel-age-a-trop-vieux-lors-de-lachat-dune-apple-watch-2\/#article","isPartOf":{"@id":"https:\/\/vieassociative.be\/actualites\/quel-age-a-trop-vieux-lors-de-lachat-dune-apple-watch-2\/"},"author":{"name":"Julien","@id":"https:\/\/vieassociative.be\/actualites\/#\/schema\/person\/b87ac4f82f9d4e7b7cec7395b679edc4"},"headline":"Quel \u00e2ge a trop vieux lors de l&rsquo;achat d&rsquo;une Apple Watch?","datePublished":"2025-06-05T17:17:18+00:00","dateModified":"2025-06-05T17:17:18+00:00","mainEntityOfPage":{"@id":"https:\/\/vieassociative.be\/actualites\/quel-age-a-trop-vieux-lors-de-lachat-dune-apple-watch-2\/"},"wordCount":1745,"publisher":{"@id":"https:\/\/vieassociative.be\/actualites\/#organization"},"image":{"@id":"https:\/\/vieassociative.be\/actualites\/quel-age-a-trop-vieux-lors-de-lachat-dune-apple-watch-2\/#primaryimage"},"thumbnailUrl":"https:\/\/vieassociative.be\/actualites\/wp-content\/uploads\/2025\/06\/1749143839_Quel-age-a-trop-vieux-lors-de-lachat-dune-Apple.jpg","keywords":["\u00e2ge","Apple","dune","lachat","lors","Quel","trop","vieux","Watch"],"articleSection":["Technologie"],"inLanguage":"fr-BE"},{"@type":"WebPage","@id":"https:\/\/vieassociative.be\/actualites\/quel-age-a-trop-vieux-lors-de-lachat-dune-apple-watch-2\/","url":"https:\/\/vieassociative.be\/actualites\/quel-age-a-trop-vieux-lors-de-lachat-dune-apple-watch-2\/","name":"Quel \u00e2ge a trop vieux lors de l'achat d'une Apple Watch? | Vie Associative","isPartOf":{"@id":"https:\/\/vieassociative.be\/actualites\/#website"},"primaryImageOfPage":{"@id":"https:\/\/vieassociative.be\/actualites\/quel-age-a-trop-vieux-lors-de-lachat-dune-apple-watch-2\/#primaryimage"},"image":{"@id":"https:\/\/vieassociative.be\/actualites\/quel-age-a-trop-vieux-lors-de-lachat-dune-apple-watch-2\/#primaryimage"},"thumbnailUrl":"https:\/\/vieassociative.be\/actualites\/wp-content\/uploads\/2025\/06\/1749143839_Quel-age-a-trop-vieux-lors-de-lachat-dune-Apple.jpg","datePublished":"2025-06-05T17:17:18+00:00","dateModified":"2025-06-05T17:17:18+00:00","breadcrumb":{"@id":"https:\/\/vieassociative.be\/actualites\/quel-age-a-trop-vieux-lors-de-lachat-dune-apple-watch-2\/#breadcrumb"},"inLanguage":"fr-BE","potentialAction":[{"@type":"ReadAction","target":["https:\/\/vieassociative.be\/actualites\/quel-age-a-trop-vieux-lors-de-lachat-dune-apple-watch-2\/"]}]},{"@type":"ImageObject","inLanguage":"fr-BE","@id":"https:\/\/vieassociative.be\/actualites\/quel-age-a-trop-vieux-lors-de-lachat-dune-apple-watch-2\/#primaryimage","url":"https:\/\/vieassociative.be\/actualites\/wp-content\/uploads\/2025\/06\/1749143839_Quel-age-a-trop-vieux-lors-de-lachat-dune-Apple.jpg","contentUrl":"https:\/\/vieassociative.be\/actualites\/wp-content\/uploads\/2025\/06\/1749143839_Quel-age-a-trop-vieux-lors-de-lachat-dune-Apple.jpg","width":1200,"height":675,"caption":"Quel \u00e2ge a trop vieux lors de l'achat d'une Apple Watch?"},{"@type":"BreadcrumbList","@id":"https:\/\/vieassociative.be\/actualites\/quel-age-a-trop-vieux-lors-de-lachat-dune-apple-watch-2\/#breadcrumb","itemListElement":[{"@type":"ListItem","position":1,"name":"Accueil","item":"https:\/\/vieassociative.be\/actualites\/"},{"@type":"ListItem","position":2,"name":"Quel \u00e2ge a trop vieux lors de l&rsquo;achat d&rsquo;une Apple Watch?"}]},{"@type":"WebSite","@id":"https:\/\/vieassociative.be\/actualites\/#website","url":"https:\/\/vieassociative.be\/actualites\/","name":"Vie Associative","description":"","publisher":{"@id":"https:\/\/vieassociative.be\/actualites\/#organization"},"potentialAction":[{"@type":"SearchAction","target":{"@type":"EntryPoint","urlTemplate":"https:\/\/vieassociative.be\/actualites\/?s={search_term_string}"},"query-input":{"@type":"PropertyValueSpecification","valueRequired":true,"valueName":"search_term_string"}}],"inLanguage":"fr-BE"},{"@type":"Organization","@id":"https:\/\/vieassociative.be\/actualites\/#organization","name":"Vie Associative","url":"https:\/\/vieassociative.be\/actualites\/","logo":{"@type":"ImageObject","inLanguage":"fr-BE","@id":"https:\/\/vieassociative.be\/actualites\/#\/schema\/logo\/image\/","url":"https:\/\/vieassociative.be\/actualites\/wp-content\/uploads\/2024\/09\/cropped-vieassociative_favicon.ico.png","contentUrl":"https:\/\/vieassociative.be\/actualites\/wp-content\/uploads\/2024\/09\/cropped-vieassociative_favicon.ico.png","width":512,"height":512,"caption":"Vie Associative"},"image":{"@id":"https:\/\/vieassociative.be\/actualites\/#\/schema\/logo\/image\/"}},{"@type":"Person","@id":"https:\/\/vieassociative.be\/actualites\/#\/schema\/person\/b87ac4f82f9d4e7b7cec7395b679edc4","name":"Julien","image":{"@type":"ImageObject","inLanguage":"fr-BE","@id":"https:\/\/vieassociative.be\/actualites\/#\/schema\/person\/image\/","url":"https:\/\/vieassociative.be\/actualites\/wp-content\/uploads\/2024\/09\/vie-associative-1-150x150.jpg","contentUrl":"https:\/\/vieassociative.be\/actualites\/wp-content\/uploads\/2024\/09\/vie-associative-1-150x150.jpg","caption":"Julien"},"description":"Je suis Julien, r\u00e9dacteur pour Vie Associative. Passionn\u00e9 par le monde associatif depuis plus de 10 ans, j'ai \u00e0 c\u0153ur de partager des histoires inspirantes et de mettre en lumi\u00e8re les initiatives locales. Mon objectif est de sensibiliser et d'encourager l'engagement communautaire \u00e0 travers mes articles.","sameAs":["https:\/\/vieassociative.be\/"]}]}},"_links":{"self":[{"href":"https:\/\/vieassociative.be\/actualites\/wp-json\/wp\/v2\/posts\/8002"}],"collection":[{"href":"https:\/\/vieassociative.be\/actualites\/wp-json\/wp\/v2\/posts"}],"about":[{"href":"https:\/\/vieassociative.be\/actualites\/wp-json\/wp\/v2\/types\/post"}],"author":[{"embeddable":true,"href":"https:\/\/vieassociative.be\/actualites\/wp-json\/wp\/v2\/users\/1"}],"replies":[{"embeddable":true,"href":"https:\/\/vieassociative.be\/actualites\/wp-json\/wp\/v2\/comments?post=8002"}],"version-history":[{"count":0,"href":"https:\/\/vieassociative.be\/actualites\/wp-json\/wp\/v2\/posts\/8002\/revisions"}],"wp:featuredmedia":[{"embeddable":true,"href":"https:\/\/vieassociative.be\/actualites\/wp-json\/wp\/v2\/media\/8003"}],"wp:attachment":[{"href":"https:\/\/vieassociative.be\/actualites\/wp-json\/wp\/v2\/media?parent=8002"}],"wp:term":[{"taxonomy":"category","embeddable":true,"href":"https:\/\/vieassociative.be\/actualites\/wp-json\/wp\/v2\/categories?post=8002"},{"taxonomy":"post_tag","embeddable":true,"href":"https:\/\/vieassociative.be\/actualites\/wp-json\/wp\/v2\/tags?post=8002"}],"curies":[{"name":"wp","href":"https:\/\/api.w.org\/{rel}","templated":true}]}}