{"id":7995,"date":"2025-06-05T13:16:57","date_gmt":"2025-06-05T11:16:57","guid":{"rendered":"https:\/\/vieassociative.be\/actualites\/les-utilisateurs-dandroid-pourront-enfin-synchroniser-leurs-donnees-de-fitness-garmin\/"},"modified":"2025-06-05T13:16:57","modified_gmt":"2025-06-05T11:16:57","slug":"les-utilisateurs-dandroid-pourront-enfin-synchroniser-leurs-donnees-de-fitness-garmin","status":"publish","type":"post","link":"https:\/\/vieassociative.be\/actualites\/les-utilisateurs-dandroid-pourront-enfin-synchroniser-leurs-donnees-de-fitness-garmin\/","title":{"rendered":"Les utilisateurs d&rsquo;Android pourront enfin synchroniser leurs donn\u00e9es de fitness Garmin"},"content":{"rendered":"<div class=\"mt-4 leading-6 md:mb-8\">Difficile de croire que les utilisateurs d&rsquo;Android n&rsquo;ont pas pu se synchroniser tout ce temps.<\/div>\n<p><\/p>\n<p>L&rsquo;application Health Connect \u00e9tend sa fonction \u00ab\u00a0Partage de donn\u00e9es\u00a0\u00bb, permettant aux utilisateurs d&rsquo;Android de synchroniser leurs informations de sant\u00e9 sur plusieurs applications. L&rsquo;annonce est survenue lors du d\u00e9veloppeur de Google Livestream \u00e0 l&rsquo;E \/ S 2025. \u00c0 partir de juin, Google dit que Health Connect ramassera Runna, Mi Fitness et Garmin. Voici ce que vous devez savoir.<\/p>\n<h2 id=\"wait-you-couldnt-sync-your-health-data-to-garmin-before\">Attendez, vous ne pouviez pas synchroniser vos donn\u00e9es de sant\u00e9 avec Garmin auparavant?<\/h2>\n<p>Apparemment pas! Ma coll\u00e8gue Beth Skwarecki a partag\u00e9 avec moi cette capture d&rsquo;\u00e9cran de son \u00e9cran d&rsquo;applications connect\u00e9es dans ses param\u00e8tres Garmin sur son iPhone, contre Android de son mari. Comme vous pouvez le voir, Apple Health est connect\u00e9 \u00e0 Garmin sur l&rsquo;iPhone, mais il n&rsquo;y a pas de connexion Health pour Garmin sur l&rsquo;Android.<\/p>\n<div class=\"eloquent-imagery-image\">\n<div class=\"flex justify-center\">\n                    <img decoding=\"async\" class=\"border border-gray-100\" src=\"https:\/\/vieassociative.be\/actualites\/wp-content\/uploads\/2025\/06\/Les-utilisateurs-dAndroid-pourront-enfin-synchroniser-leurs-donnees-de-fitness.png\" alt=\"Apple Health est li\u00e9 au Garmin sur les iPhones.\" width=\"346\" height=\"750\" loading=\"lazy\"  >\n            <\/div>\n<\/p><\/div>\n<div class=\"eloquent-imagery-image\">\n<div class=\"flex justify-center\">\n                    <img decoding=\"async\" class=\"border border-gray-100\" src=\"https:\/\/vieassociative.be\/actualites\/wp-content\/uploads\/2025\/06\/1749122217_450_Les-utilisateurs-dAndroid-pourront-enfin-synchroniser-leurs-donnees-de-fitness.png\" alt=\"Il n'y a pas de connexion Health pour Garmin sur les andro\u00efdes.\" width=\"350\" height=\"750\" loading=\"lazy\"  >\n            <\/div>\n<\/p><\/div>\n<p>Jusqu&rsquo;\u00e0 pr\u00e9sent, les utilisateurs doubles Garmin \/ Android ont \u00e9t\u00e9 limit\u00e9s dans leur capacit\u00e9 \u00e0 consolider les donn\u00e9es de fitness sur plusieurs services. En d&rsquo;autres termes, cette mise \u00e0 jour de Health Connect r\u00e9pondra aux plaintes de longue date concernant la possibilit\u00e9 de synchroniser les donn\u00e9es. <\/p>\n<p>De plus, le moment de l&rsquo;int\u00e9gration de Garmin ne pourrait pas \u00eatre meilleur, \u00e9tant donn\u00e9 le lancement des montres Forersner 965 et Forerunner 970 tant attendues<strong>.<\/strong><\/p>\n<h2 id=\"what-if-i-dont-want-to-sync\">Et si je ne veux pas synchroniser?<\/h2>\n<p>Comme vous pouvez le voir dans les captures d&rsquo;\u00e9cran ci-dessus, la connexion de l&rsquo;application de sant\u00e9 de votre appareil \u00e0 votre Garmin est enti\u00e8rement facultative. La plate-forme Health Connect fonctionne comme un interm\u00e9diaire s\u00e9curis\u00e9, stockant toutes les donn\u00e9es localement sur les appareils des utilisateurs plut\u00f4t que dans le cloud. Les utilisateurs maintiennent un contr\u00f4le complet sur leurs pr\u00e9f\u00e9rences de partage de donn\u00e9es, toutes les int\u00e9grations d\u00e9sactiv\u00e9es par d\u00e9faut et n\u00e9cessitant une approbation explicite avant que toute information ne soit synchronis\u00e9e entre les applications. Vous pouvez facilement g\u00e9rer les autorisations si vous pr\u00e9f\u00e9rez garder vos donn\u00e9es s\u00e9par\u00e9es. <\/p>\n<div class=\"pogoClear relative my-10 border-b-(1.5px) border-t-(1.5px) border-dashed border-black py-5 sm:my-14 sm:border-0 sm:py-0\" data-ga-click data-ga-template=\"News\" data-ga-module=\"openweb_widget\" data-ga-element=\"openweb_scroll\" data-ga-item=\"openweb_scroll_midpage\" x-data=\"{\n         commentsCount: null,\n         hasComments: false,\n         async fetchCommentsCount() {\n             try {\n                 if (window.openweb &amp;&amp; typeof window.openweb.getMessagesCount === 'function') {\n                     this.commentsCount = await window.openweb.getMessagesCount('01JWW8390W77KKSDYBTM9VH210');\n                     this.hasComments = this.commentsCount !== null &amp;&amp; this.commentsCount &gt; 0;\n                 }\n             } catch (e) {\n                 console.warn('Failed to fetch comment count:', e);\n             }\n         }\n     }\" x-init=\"fetchCommentsCount()\" x-cloak><\/p>\n<div class=\"absolute top-1\/2 hidden w-full -translate-y-1\/2 border-t-(1.5px) border-dashed border-black sm:block\"><\/div>\n<div class=\"relative flex justify-center\">\n<div class=\"flex max-w-fit items-center gap-x-3 bg-white px-5\">\n<div class=\"relative\">\n                <span class=\"absolute left-1\/2 top-1\/2 -translate-x-1\/2 -translate-y-1\/2 font-akshar text-sm font-medium text-black\" aria-live=\"polite\" x-show=\"hasComments\" x-text=\"commentsCount\"><\/span><\/p>\n<p>                <svg class=\"h-8 w-8 text-black\" role=\"img\" aria-hidden=\"true\">\n                    <use href=\"http:\/\/lifehacker.com\/images\/icons\/spritemap.svg#sprite-chat-bubble\"><\/use>\n                <\/svg>\n            <\/div>\n<p>            <span class=\"text-sm font-medium text-black\"><\/p>\n<p>                Que pensez-vous jusqu&rsquo;\u00e0 pr\u00e9sent?<br \/>\n                <button class=\"ml-1 font-semibold text-brand-green underline hover:text-brand-green-700\" type=\"button\" aria-label=\"Comment section trigger\" onclick=\"window.openweb.scrollToComments('01JWW8390W77KKSDYBTM9VH210')\" x-text=\"hasComments ? 'Post a comment.' : 'Be the first to post a comment.'\"><\/button><br \/>\n            <\/span>\n        <\/div>\n<\/p><\/div>\n<\/div>\n<h2 id=\"garmin-support-should-come-later-this-month\">Le soutien de Garmin devrait venir plus tard ce mois-ci<\/h2>\n<p>Le d\u00e9ploiement de juin de la prise en charge de Garmin, aux c\u00f4t\u00e9s de l&rsquo;int\u00e9gration de Runna et Mi Fitness, est attendu depuis longtemps pour les deux utilisateurs Android \/ Garmin. L&rsquo;\u00e9cosyst\u00e8me historiquement ferm\u00e9 de l&rsquo;entreprise a signifi\u00e9 que les utilisateurs souhaitant partager leurs donn\u00e9es collect\u00e9es par le Garmin avec d&rsquo;autres applications de sant\u00e9 et de fitness \u00e9taient confront\u00e9es \u00e0 des obstacles frustrants ou \u00e0 des solutions de contournement requises. Maintenant, les portes doivent \u00eatre ouvertes pour obtenir vos s\u00e9ances d&rsquo;entra\u00eenement et autres donn\u00e9es dans et hors de votre application Garmin beaucoup plus facilement.<\/p>\n<p>Au-del\u00e0 des mesures de base de la condition physique, Google a soulign\u00e9 que l&rsquo;int\u00e9gration permettra aux utilisateurs de \u00ab\u00a0lire et \u00e9crire\u00a0\u00bb des informations de sant\u00e9 plus compl\u00e8tes, y compris les donn\u00e9es des allergies et des immunisations. La mise \u00e0 jour de l&rsquo;int\u00e9gration devrait \u00eatre mise en ligne en juin, bien que Google n&rsquo;ait pas encore fourni de date de lancement sp\u00e9cifique. <\/p>\n","protected":false},"excerpt":{"rendered":"<p>Difficile de croire que les utilisateurs d&rsquo;Android n&rsquo;ont pas pu se synchroniser tout ce temps. L&rsquo;application Health Connect \u00e9tend sa fonction \u00ab\u00a0Partage de donn\u00e9es\u00a0\u00bb, permettant<\/p>\n","protected":false},"author":1,"featured_media":7996,"comment_status":"","ping_status":"","sticky":false,"template":"","format":"standard","meta":{"footnotes":""},"categories":[13],"tags":[1040,154,545,2703,3685,14,845,2549,7300,4335],"class_list":["post-7995","post","type-post","status-publish","format-standard","has-post-thumbnail","hentry","category-technologie","tag-dandroid","tag-donnees","tag-enfin","tag-fitness","tag-garmin","tag-les","tag-leurs","tag-pourront","tag-synchroniser","tag-utilisateurs","generate-columns","tablet-grid-50","mobile-grid-100","grid-parent","grid-33"],"yoast_head":"<!-- This site is optimized with the Yoast SEO plugin v24.0 - https:\/\/yoast.com\/wordpress\/plugins\/seo\/ -->\n<title>Les utilisateurs d&#039;Android pourront enfin synchroniser leurs donn\u00e9es de fitness Garmin | Vie Associative<\/title>\n<meta name=\"robots\" content=\"index, follow, max-snippet:-1, max-image-preview:large, max-video-preview:-1\" \/>\n<link rel=\"canonical\" href=\"https:\/\/vieassociative.be\/actualites\/les-utilisateurs-dandroid-pourront-enfin-synchroniser-leurs-donnees-de-fitness-garmin\/\" \/>\n<meta property=\"og:locale\" content=\"fr_FR\" \/>\n<meta property=\"og:type\" content=\"article\" \/>\n<meta property=\"og:title\" content=\"Les utilisateurs d&#039;Android pourront enfin synchroniser leurs donn\u00e9es de fitness Garmin | Vie Associative\" \/>\n<meta property=\"og:description\" content=\"Difficile de croire que les utilisateurs d&rsquo;Android n&rsquo;ont pas pu se synchroniser tout ce temps. L&rsquo;application Health Connect \u00e9tend sa fonction \u00ab\u00a0Partage de donn\u00e9es\u00a0\u00bb, permettant\" \/>\n<meta property=\"og:url\" content=\"https:\/\/vieassociative.be\/actualites\/les-utilisateurs-dandroid-pourront-enfin-synchroniser-leurs-donnees-de-fitness-garmin\/\" \/>\n<meta property=\"og:site_name\" content=\"Vie Associative\" \/>\n<meta property=\"article:published_time\" content=\"2025-06-05T11:16:57+00:00\" \/>\n<meta property=\"og:image\" content=\"https:\/\/vieassociative.be\/actualites\/wp-content\/uploads\/2025\/06\/Les-utilisateurs-dAndroid-pourront-enfin-synchroniser-leurs-donnees-de-fitness.png\" \/>\n<meta name=\"author\" content=\"Julien\" \/>\n<meta name=\"twitter:card\" content=\"summary_large_image\" \/>\n<meta name=\"twitter:label1\" content=\"\u00c9crit par\" \/>\n\t<meta name=\"twitter:data1\" content=\"Julien\" \/>\n\t<meta name=\"twitter:label2\" content=\"Dur\u00e9e de lecture est.\" \/>\n\t<meta name=\"twitter:data2\" content=\"3 minutes\" \/>\n<script type=\"application\/ld+json\" class=\"yoast-schema-graph\">{\"@context\":\"https:\/\/schema.org\",\"@graph\":[{\"@type\":\"Article\",\"@id\":\"https:\/\/vieassociative.be\/actualites\/les-utilisateurs-dandroid-pourront-enfin-synchroniser-leurs-donnees-de-fitness-garmin\/#article\",\"isPartOf\":{\"@id\":\"https:\/\/vieassociative.be\/actualites\/les-utilisateurs-dandroid-pourront-enfin-synchroniser-leurs-donnees-de-fitness-garmin\/\"},\"author\":{\"name\":\"Julien\",\"@id\":\"https:\/\/vieassociative.be\/actualites\/#\/schema\/person\/b87ac4f82f9d4e7b7cec7395b679edc4\"},\"headline\":\"Les utilisateurs d&rsquo;Android pourront enfin synchroniser leurs donn\u00e9es de fitness Garmin\",\"datePublished\":\"2025-06-05T11:16:57+00:00\",\"dateModified\":\"2025-06-05T11:16:57+00:00\",\"mainEntityOfPage\":{\"@id\":\"https:\/\/vieassociative.be\/actualites\/les-utilisateurs-dandroid-pourront-enfin-synchroniser-leurs-donnees-de-fitness-garmin\/\"},\"wordCount\":555,\"publisher\":{\"@id\":\"https:\/\/vieassociative.be\/actualites\/#organization\"},\"image\":{\"@id\":\"https:\/\/vieassociative.be\/actualites\/les-utilisateurs-dandroid-pourront-enfin-synchroniser-leurs-donnees-de-fitness-garmin\/#primaryimage\"},\"thumbnailUrl\":\"https:\/\/vieassociative.be\/actualites\/wp-content\/uploads\/2025\/06\/1749122218_Les-utilisateurs-dAndroid-pourront-enfin-synchroniser-leurs-donnees-de-fitness.png\",\"keywords\":[\"dAndroid\",\"donn\u00e9es\",\"enfin\",\"fitness\",\"Garmin\",\"Les\",\"leurs\",\"pourront\",\"synchroniser\",\"utilisateurs\"],\"articleSection\":[\"Technologie\"],\"inLanguage\":\"fr-BE\"},{\"@type\":\"WebPage\",\"@id\":\"https:\/\/vieassociative.be\/actualites\/les-utilisateurs-dandroid-pourront-enfin-synchroniser-leurs-donnees-de-fitness-garmin\/\",\"url\":\"https:\/\/vieassociative.be\/actualites\/les-utilisateurs-dandroid-pourront-enfin-synchroniser-leurs-donnees-de-fitness-garmin\/\",\"name\":\"Les utilisateurs d'Android pourront enfin synchroniser leurs donn\u00e9es de fitness Garmin | Vie Associative\",\"isPartOf\":{\"@id\":\"https:\/\/vieassociative.be\/actualites\/#website\"},\"primaryImageOfPage\":{\"@id\":\"https:\/\/vieassociative.be\/actualites\/les-utilisateurs-dandroid-pourront-enfin-synchroniser-leurs-donnees-de-fitness-garmin\/#primaryimage\"},\"image\":{\"@id\":\"https:\/\/vieassociative.be\/actualites\/les-utilisateurs-dandroid-pourront-enfin-synchroniser-leurs-donnees-de-fitness-garmin\/#primaryimage\"},\"thumbnailUrl\":\"https:\/\/vieassociative.be\/actualites\/wp-content\/uploads\/2025\/06\/1749122218_Les-utilisateurs-dAndroid-pourront-enfin-synchroniser-leurs-donnees-de-fitness.png\",\"datePublished\":\"2025-06-05T11:16:57+00:00\",\"dateModified\":\"2025-06-05T11:16:57+00:00\",\"breadcrumb\":{\"@id\":\"https:\/\/vieassociative.be\/actualites\/les-utilisateurs-dandroid-pourront-enfin-synchroniser-leurs-donnees-de-fitness-garmin\/#breadcrumb\"},\"inLanguage\":\"fr-BE\",\"potentialAction\":[{\"@type\":\"ReadAction\",\"target\":[\"https:\/\/vieassociative.be\/actualites\/les-utilisateurs-dandroid-pourront-enfin-synchroniser-leurs-donnees-de-fitness-garmin\/\"]}]},{\"@type\":\"ImageObject\",\"inLanguage\":\"fr-BE\",\"@id\":\"https:\/\/vieassociative.be\/actualites\/les-utilisateurs-dandroid-pourront-enfin-synchroniser-leurs-donnees-de-fitness-garmin\/#primaryimage\",\"url\":\"https:\/\/vieassociative.be\/actualites\/wp-content\/uploads\/2025\/06\/1749122218_Les-utilisateurs-dAndroid-pourront-enfin-synchroniser-leurs-donnees-de-fitness.png\",\"contentUrl\":\"https:\/\/vieassociative.be\/actualites\/wp-content\/uploads\/2025\/06\/1749122218_Les-utilisateurs-dAndroid-pourront-enfin-synchroniser-leurs-donnees-de-fitness.png\",\"width\":1200,\"height\":675,\"caption\":\"Les utilisateurs d'Android pourront enfin synchroniser leurs donn\u00e9es de fitness Garmin\"},{\"@type\":\"BreadcrumbList\",\"@id\":\"https:\/\/vieassociative.be\/actualites\/les-utilisateurs-dandroid-pourront-enfin-synchroniser-leurs-donnees-de-fitness-garmin\/#breadcrumb\",\"itemListElement\":[{\"@type\":\"ListItem\",\"position\":1,\"name\":\"Accueil\",\"item\":\"https:\/\/vieassociative.be\/actualites\/\"},{\"@type\":\"ListItem\",\"position\":2,\"name\":\"Les utilisateurs d&rsquo;Android pourront enfin synchroniser leurs donn\u00e9es de fitness Garmin\"}]},{\"@type\":\"WebSite\",\"@id\":\"https:\/\/vieassociative.be\/actualites\/#website\",\"url\":\"https:\/\/vieassociative.be\/actualites\/\",\"name\":\"Vie Associative\",\"description\":\"\",\"publisher\":{\"@id\":\"https:\/\/vieassociative.be\/actualites\/#organization\"},\"potentialAction\":[{\"@type\":\"SearchAction\",\"target\":{\"@type\":\"EntryPoint\",\"urlTemplate\":\"https:\/\/vieassociative.be\/actualites\/?s={search_term_string}\"},\"query-input\":{\"@type\":\"PropertyValueSpecification\",\"valueRequired\":true,\"valueName\":\"search_term_string\"}}],\"inLanguage\":\"fr-BE\"},{\"@type\":\"Organization\",\"@id\":\"https:\/\/vieassociative.be\/actualites\/#organization\",\"name\":\"Vie Associative\",\"url\":\"https:\/\/vieassociative.be\/actualites\/\",\"logo\":{\"@type\":\"ImageObject\",\"inLanguage\":\"fr-BE\",\"@id\":\"https:\/\/vieassociative.be\/actualites\/#\/schema\/logo\/image\/\",\"url\":\"https:\/\/vieassociative.be\/actualites\/wp-content\/uploads\/2024\/09\/cropped-vieassociative_favicon.ico.png\",\"contentUrl\":\"https:\/\/vieassociative.be\/actualites\/wp-content\/uploads\/2024\/09\/cropped-vieassociative_favicon.ico.png\",\"width\":512,\"height\":512,\"caption\":\"Vie Associative\"},\"image\":{\"@id\":\"https:\/\/vieassociative.be\/actualites\/#\/schema\/logo\/image\/\"}},{\"@type\":\"Person\",\"@id\":\"https:\/\/vieassociative.be\/actualites\/#\/schema\/person\/b87ac4f82f9d4e7b7cec7395b679edc4\",\"name\":\"Julien\",\"image\":{\"@type\":\"ImageObject\",\"inLanguage\":\"fr-BE\",\"@id\":\"https:\/\/vieassociative.be\/actualites\/#\/schema\/person\/image\/\",\"url\":\"https:\/\/vieassociative.be\/actualites\/wp-content\/uploads\/2024\/09\/vie-associative-1-150x150.jpg\",\"contentUrl\":\"https:\/\/vieassociative.be\/actualites\/wp-content\/uploads\/2024\/09\/vie-associative-1-150x150.jpg\",\"caption\":\"Julien\"},\"description\":\"Je suis Julien, r\u00e9dacteur pour Vie Associative. Passionn\u00e9 par le monde associatif depuis plus de 10 ans, j'ai \u00e0 c\u0153ur de partager des histoires inspirantes et de mettre en lumi\u00e8re les initiatives locales. Mon objectif est de sensibiliser et d'encourager l'engagement communautaire \u00e0 travers mes articles.\",\"sameAs\":[\"https:\/\/vieassociative.be\/\"]}]}<\/script>\n<!-- \/ Yoast SEO plugin. -->","yoast_head_json":{"title":"Les utilisateurs d'Android pourront enfin synchroniser leurs donn\u00e9es de fitness Garmin | Vie Associative","robots":{"index":"index","follow":"follow","max-snippet":"max-snippet:-1","max-image-preview":"max-image-preview:large","max-video-preview":"max-video-preview:-1"},"canonical":"https:\/\/vieassociative.be\/actualites\/les-utilisateurs-dandroid-pourront-enfin-synchroniser-leurs-donnees-de-fitness-garmin\/","og_locale":"fr_FR","og_type":"article","og_title":"Les utilisateurs d'Android pourront enfin synchroniser leurs donn\u00e9es de fitness Garmin | Vie Associative","og_description":"Difficile de croire que les utilisateurs d&rsquo;Android n&rsquo;ont pas pu se synchroniser tout ce temps. L&rsquo;application Health Connect \u00e9tend sa fonction \u00ab\u00a0Partage de donn\u00e9es\u00a0\u00bb, permettant","og_url":"https:\/\/vieassociative.be\/actualites\/les-utilisateurs-dandroid-pourront-enfin-synchroniser-leurs-donnees-de-fitness-garmin\/","og_site_name":"Vie Associative","article_published_time":"2025-06-05T11:16:57+00:00","og_image":[{"url":"https:\/\/vieassociative.be\/actualites\/wp-content\/uploads\/2025\/06\/Les-utilisateurs-dAndroid-pourront-enfin-synchroniser-leurs-donnees-de-fitness.png","type":"","width":"","height":""}],"author":"Julien","twitter_card":"summary_large_image","twitter_misc":{"\u00c9crit par":"Julien","Dur\u00e9e de lecture est.":"3 minutes"},"schema":{"@context":"https:\/\/schema.org","@graph":[{"@type":"Article","@id":"https:\/\/vieassociative.be\/actualites\/les-utilisateurs-dandroid-pourront-enfin-synchroniser-leurs-donnees-de-fitness-garmin\/#article","isPartOf":{"@id":"https:\/\/vieassociative.be\/actualites\/les-utilisateurs-dandroid-pourront-enfin-synchroniser-leurs-donnees-de-fitness-garmin\/"},"author":{"name":"Julien","@id":"https:\/\/vieassociative.be\/actualites\/#\/schema\/person\/b87ac4f82f9d4e7b7cec7395b679edc4"},"headline":"Les utilisateurs d&rsquo;Android pourront enfin synchroniser leurs donn\u00e9es de fitness Garmin","datePublished":"2025-06-05T11:16:57+00:00","dateModified":"2025-06-05T11:16:57+00:00","mainEntityOfPage":{"@id":"https:\/\/vieassociative.be\/actualites\/les-utilisateurs-dandroid-pourront-enfin-synchroniser-leurs-donnees-de-fitness-garmin\/"},"wordCount":555,"publisher":{"@id":"https:\/\/vieassociative.be\/actualites\/#organization"},"image":{"@id":"https:\/\/vieassociative.be\/actualites\/les-utilisateurs-dandroid-pourront-enfin-synchroniser-leurs-donnees-de-fitness-garmin\/#primaryimage"},"thumbnailUrl":"https:\/\/vieassociative.be\/actualites\/wp-content\/uploads\/2025\/06\/1749122218_Les-utilisateurs-dAndroid-pourront-enfin-synchroniser-leurs-donnees-de-fitness.png","keywords":["dAndroid","donn\u00e9es","enfin","fitness","Garmin","Les","leurs","pourront","synchroniser","utilisateurs"],"articleSection":["Technologie"],"inLanguage":"fr-BE"},{"@type":"WebPage","@id":"https:\/\/vieassociative.be\/actualites\/les-utilisateurs-dandroid-pourront-enfin-synchroniser-leurs-donnees-de-fitness-garmin\/","url":"https:\/\/vieassociative.be\/actualites\/les-utilisateurs-dandroid-pourront-enfin-synchroniser-leurs-donnees-de-fitness-garmin\/","name":"Les utilisateurs d'Android pourront enfin synchroniser leurs donn\u00e9es de fitness Garmin | Vie Associative","isPartOf":{"@id":"https:\/\/vieassociative.be\/actualites\/#website"},"primaryImageOfPage":{"@id":"https:\/\/vieassociative.be\/actualites\/les-utilisateurs-dandroid-pourront-enfin-synchroniser-leurs-donnees-de-fitness-garmin\/#primaryimage"},"image":{"@id":"https:\/\/vieassociative.be\/actualites\/les-utilisateurs-dandroid-pourront-enfin-synchroniser-leurs-donnees-de-fitness-garmin\/#primaryimage"},"thumbnailUrl":"https:\/\/vieassociative.be\/actualites\/wp-content\/uploads\/2025\/06\/1749122218_Les-utilisateurs-dAndroid-pourront-enfin-synchroniser-leurs-donnees-de-fitness.png","datePublished":"2025-06-05T11:16:57+00:00","dateModified":"2025-06-05T11:16:57+00:00","breadcrumb":{"@id":"https:\/\/vieassociative.be\/actualites\/les-utilisateurs-dandroid-pourront-enfin-synchroniser-leurs-donnees-de-fitness-garmin\/#breadcrumb"},"inLanguage":"fr-BE","potentialAction":[{"@type":"ReadAction","target":["https:\/\/vieassociative.be\/actualites\/les-utilisateurs-dandroid-pourront-enfin-synchroniser-leurs-donnees-de-fitness-garmin\/"]}]},{"@type":"ImageObject","inLanguage":"fr-BE","@id":"https:\/\/vieassociative.be\/actualites\/les-utilisateurs-dandroid-pourront-enfin-synchroniser-leurs-donnees-de-fitness-garmin\/#primaryimage","url":"https:\/\/vieassociative.be\/actualites\/wp-content\/uploads\/2025\/06\/1749122218_Les-utilisateurs-dAndroid-pourront-enfin-synchroniser-leurs-donnees-de-fitness.png","contentUrl":"https:\/\/vieassociative.be\/actualites\/wp-content\/uploads\/2025\/06\/1749122218_Les-utilisateurs-dAndroid-pourront-enfin-synchroniser-leurs-donnees-de-fitness.png","width":1200,"height":675,"caption":"Les utilisateurs d'Android pourront enfin synchroniser leurs donn\u00e9es de fitness Garmin"},{"@type":"BreadcrumbList","@id":"https:\/\/vieassociative.be\/actualites\/les-utilisateurs-dandroid-pourront-enfin-synchroniser-leurs-donnees-de-fitness-garmin\/#breadcrumb","itemListElement":[{"@type":"ListItem","position":1,"name":"Accueil","item":"https:\/\/vieassociative.be\/actualites\/"},{"@type":"ListItem","position":2,"name":"Les utilisateurs d&rsquo;Android pourront enfin synchroniser leurs donn\u00e9es de fitness Garmin"}]},{"@type":"WebSite","@id":"https:\/\/vieassociative.be\/actualites\/#website","url":"https:\/\/vieassociative.be\/actualites\/","name":"Vie Associative","description":"","publisher":{"@id":"https:\/\/vieassociative.be\/actualites\/#organization"},"potentialAction":[{"@type":"SearchAction","target":{"@type":"EntryPoint","urlTemplate":"https:\/\/vieassociative.be\/actualites\/?s={search_term_string}"},"query-input":{"@type":"PropertyValueSpecification","valueRequired":true,"valueName":"search_term_string"}}],"inLanguage":"fr-BE"},{"@type":"Organization","@id":"https:\/\/vieassociative.be\/actualites\/#organization","name":"Vie Associative","url":"https:\/\/vieassociative.be\/actualites\/","logo":{"@type":"ImageObject","inLanguage":"fr-BE","@id":"https:\/\/vieassociative.be\/actualites\/#\/schema\/logo\/image\/","url":"https:\/\/vieassociative.be\/actualites\/wp-content\/uploads\/2024\/09\/cropped-vieassociative_favicon.ico.png","contentUrl":"https:\/\/vieassociative.be\/actualites\/wp-content\/uploads\/2024\/09\/cropped-vieassociative_favicon.ico.png","width":512,"height":512,"caption":"Vie Associative"},"image":{"@id":"https:\/\/vieassociative.be\/actualites\/#\/schema\/logo\/image\/"}},{"@type":"Person","@id":"https:\/\/vieassociative.be\/actualites\/#\/schema\/person\/b87ac4f82f9d4e7b7cec7395b679edc4","name":"Julien","image":{"@type":"ImageObject","inLanguage":"fr-BE","@id":"https:\/\/vieassociative.be\/actualites\/#\/schema\/person\/image\/","url":"https:\/\/vieassociative.be\/actualites\/wp-content\/uploads\/2024\/09\/vie-associative-1-150x150.jpg","contentUrl":"https:\/\/vieassociative.be\/actualites\/wp-content\/uploads\/2024\/09\/vie-associative-1-150x150.jpg","caption":"Julien"},"description":"Je suis Julien, r\u00e9dacteur pour Vie Associative. Passionn\u00e9 par le monde associatif depuis plus de 10 ans, j'ai \u00e0 c\u0153ur de partager des histoires inspirantes et de mettre en lumi\u00e8re les initiatives locales. Mon objectif est de sensibiliser et d'encourager l'engagement communautaire \u00e0 travers mes articles.","sameAs":["https:\/\/vieassociative.be\/"]}]}},"_links":{"self":[{"href":"https:\/\/vieassociative.be\/actualites\/wp-json\/wp\/v2\/posts\/7995"}],"collection":[{"href":"https:\/\/vieassociative.be\/actualites\/wp-json\/wp\/v2\/posts"}],"about":[{"href":"https:\/\/vieassociative.be\/actualites\/wp-json\/wp\/v2\/types\/post"}],"author":[{"embeddable":true,"href":"https:\/\/vieassociative.be\/actualites\/wp-json\/wp\/v2\/users\/1"}],"replies":[{"embeddable":true,"href":"https:\/\/vieassociative.be\/actualites\/wp-json\/wp\/v2\/comments?post=7995"}],"version-history":[{"count":0,"href":"https:\/\/vieassociative.be\/actualites\/wp-json\/wp\/v2\/posts\/7995\/revisions"}],"wp:featuredmedia":[{"embeddable":true,"href":"https:\/\/vieassociative.be\/actualites\/wp-json\/wp\/v2\/media\/7996"}],"wp:attachment":[{"href":"https:\/\/vieassociative.be\/actualites\/wp-json\/wp\/v2\/media?parent=7995"}],"wp:term":[{"taxonomy":"category","embeddable":true,"href":"https:\/\/vieassociative.be\/actualites\/wp-json\/wp\/v2\/categories?post=7995"},{"taxonomy":"post_tag","embeddable":true,"href":"https:\/\/vieassociative.be\/actualites\/wp-json\/wp\/v2\/tags?post=7995"}],"curies":[{"name":"wp","href":"https:\/\/api.w.org\/{rel}","templated":true}]}}