{"id":7993,"date":"2025-06-05T10:16:57","date_gmt":"2025-06-05T08:16:57","guid":{"rendered":"https:\/\/vieassociative.be\/actualites\/elon-musk-va-maintenant-a-donald-trump\/"},"modified":"2025-06-05T10:16:57","modified_gmt":"2025-06-05T08:16:57","slug":"elon-musk-va-maintenant-a-donald-trump","status":"publish","type":"post","link":"https:\/\/vieassociative.be\/actualites\/elon-musk-va-maintenant-a-donald-trump\/","title":{"rendered":"Elon Musk va maintenant \u00e0 Donald Trump"},"content":{"rendered":"<p><strong>Il y a quelques jours, Elon Musk et Donald Trump se sont f\u00e9licit\u00e9s lorsque le milliardaire technologique de Washington disait. Maintenant, Musk continue de se m\u00e9langer en politique et rend la vie difficile \u00e0 la Maison Blanche.<\/strong><\/p>\n<p><span id=\"more-417012\"><\/span>Quelques jours seulement apr\u00e8s la retraite de Washington, le milliardaire technologique Elon Musk se rend au pr\u00e9sident am\u00e9ricain Donald Trump sur un cours de collision. Musk a attaqu\u00e9 la loi sur les taxes et les d\u00e9penses promues par Trump comme \u00ab\u00a0une hideur d\u00e9go\u00fbtante\u00a0\u00bb. Puis il a suivi un avertissement aux membres du Congr\u00e8s qui votent pour le projet: \u00ab\u00a0En novembre de l&rsquo;ann\u00e9e prochaine, nous licendrons tous les politiciens qui ont trahi le peuple am\u00e9ricain.\u00a0\u00bb<\/p>\n<div id=\"attachment_411009\" class=\"wp-caption alignleft\" style=\"max-width: 300px\"><img fetchpriority=\"high\" decoding=\"async\" class=\"wp-image-411009 size-medium\" src=\"https:\/\/vieassociative.be\/actualites\/wp-content\/uploads\/2025\/06\/Elon-Musk-va-maintenant-a-Donald-Trump.jpg\" alt=\"\" width=\"300\" height=\"200\"  ><\/p>\n<p class=\"wp-caption-text\">05.10.2024, \u00c9tats-Unis, Butler: Elon Musk (L), PDG de Tesla et SpaceX, rit avec le pr\u00e9sident r\u00e9publicain Donald Trump (R). Photo: Alex Brandon \/ AP \/ DPA<\/p>\n<\/div>\n<p>D\u00e9but novembre 2026, il y a des \u00e9lections temporaires aux \u00c9tats-Unis, dans lesquelles tous les membres de la Chambre des repr\u00e9sentants et un bon tiers des s\u00e9nateurs doivent affronter les \u00e9lecteurs.<\/p>\n<p>Pour les membres du Congr\u00e8s, ces mots de la bouche de Musk ne sont pas une menace vide: apr\u00e8s tout, il a fait don de plus de 250 millions de dollars pour la campagne \u00e9lectorale de Trump l&rsquo;ann\u00e9e derni\u00e8re. Musk est de loin la personne la plus riche du monde avec un actif estim\u00e9 \u00e0 400 milliards de dollars. M\u00eame s&rsquo;il se compose en grande partie d&rsquo;actions, il peut facilement d\u00e9tendre les sommes \u00e9lev\u00e9es pour les campagnes \u00e9lectorales.<\/p>\n<p><strong>&#8211; Musk se tient contre la Maison Blanche:<\/strong> Le budget, que Trump appelle la \u00ab\u00a0grande belle loi\u00a0\u00bb, a fait de la premi\u00e8re chambre du Congr\u00e8s en mai avec une majorit\u00e9 \u00e9troite par la Chambre des repr\u00e9sentants. Au S\u00e9nat, cependant, plusieurs membres du Parti r\u00e9publicain de Trump se bloquent. Ils interf\u00e8rent avec la augmentation pr\u00e9vue de la limite sup\u00e9rieure de la dette et veulent des r\u00e9ductions de d\u00e9penses plus fortes.<\/p>\n<p>Trump essaie actuellement de mettre en ligne les s\u00e9nateurs r\u00e9publicains sceptiques. L&rsquo;avance de Musk sape ces efforts. Il interf\u00e8re \u00e9galement dans la relation entre le pr\u00e9sident et le Congr\u00e8s d&rsquo;une mani\u00e8re inhabituelle. Trump menace souvent les d\u00e9put\u00e9s et les s\u00e9nateurs de Renegade pour soutenir leurs rivaux dans le parti lors des prochaines \u00e9lections.<\/p>\n<div id=\"attachment_411981\" class=\"wp-caption alignleft\" style=\"max-width: 300px\"><img decoding=\"async\" class=\"wp-image-411981 size-medium\" src=\"https:\/\/vieassociative.be\/actualites\/wp-content\/uploads\/2025\/03\/Tesla-Takedown-Protestation-mondiale-contre-Tesla.jpg\" alt=\"\" width=\"300\" height=\"200\"><\/p>\n<p class=\"wp-caption-text\">11.03.2025, \u00c9tats-Unis, Washington: le pr\u00e9sident am\u00e9ricain Donald Trump (R) et Tesla-Ceo Elon Musk parlent aux journalistes devant un mod\u00e8le rouge Tesla sur la salet\u00e9 sud de la Maison Blanche. Photo: &#8211; \/ Pool \/ AP \/ DPA<\/p>\n<\/div>\n<p>La Maison Blanche a initialement r\u00e9agi aux critiques de Musk avec des hausses d&rsquo;\u00e9plures: \u00ab\u00a0Le pr\u00e9sident sait d\u00e9j\u00e0 ce qu&rsquo;Elon Musk a pens\u00e9 de cette loi\u00a0\u00bb, a d\u00e9clar\u00e9 la porte-parole Karoline Leavitt. Trump s&rsquo;en tient. Cependant, c&rsquo;\u00e9tait avant le rappel de Musk aux membres du Congr\u00e8s.<\/p>\n<p><strong>&#8211; \u00ab\u00a0Je ne peux plus le supporter\u00a0\u00bb:<\/strong> Musk a d\u00e9clar\u00e9 il y a deux semaines qu&rsquo;il d\u00e9penserait probablement moins d&rsquo;argent \u00e0 des fins politiques \u00e0 l&rsquo;avenir. \u00ab\u00a0Je pense que j&rsquo;en ai fait assez\u00a0\u00bb, a-t-il d\u00e9clar\u00e9 dans une interview. Dans le m\u00eame temps, il restreint s&rsquo;il voyait une raison de d\u00e9penser de l&rsquo;argent pour la politique \u00e0 l&rsquo;avenir, il recommencerait.<\/p>\n<p>Musk avait d\u00e9j\u00e0 critiqu\u00e9 la loi ces derniers jours &#8211; mais avec des mots beaucoup plus r\u00e9serv\u00e9s. Par exemple, il s&rsquo;est montr\u00e9 \u00ab\u00a0d\u00e9\u00e7u\u00a0\u00bb que c&rsquo;\u00e9tait la r\u00e9duction des d\u00e9penses publiques du comit\u00e9 des sous-propres Doge. Dans le m\u00eame temps, il a dit \u00e0 la station CBS qu&rsquo;il \u00e9tait \u00ab\u00a0quelque chose dans la pince\u00a0\u00bb parce qu&rsquo;il n&rsquo;avait pas critiqu\u00e9 le gouvernement, mais qu&rsquo;il ne voulait pas non plus soutenir toutes leurs d\u00e9cisions. Maintenant, il a lanc\u00e9 sa violente critique avec les mots: \u00ab\u00a0Je suis d\u00e9sol\u00e9, mais je ne peux plus le supporter.\u00a0\u00bb<\/p>\n<p><strong>&#8211; Applaudissements de gauche:<\/strong> Sur sa plate-forme en ligne X, Musk a critiqu\u00e9, entre autres, que les plans stimuleraient le d\u00e9ficit budg\u00e9taire \u00ab\u00a0d\u00e9j\u00e0 gigantesque\u00a0\u00bb et la dette publique. Tous ceux qui auraient vot\u00e9 pour la loi devraient avoir honte: \u00ab\u00a0Vous savez que vous avez fait la mauvaise chose.\u00a0\u00bb<\/p>\n<div id=\"attachment_417016\" class=\"wp-caption alignleft\" style=\"max-width: 300px\"><img decoding=\"async\" class=\"wp-image-417016 size-medium\" src=\"https:\/\/vieassociative.be\/actualites\/wp-content\/uploads\/2025\/06\/1749111417_827_Elon-Musk-va-maintenant-a-Donald-Trump.jpg\" alt=\"\" width=\"300\" height=\"200\"  ><\/p>\n<p class=\"wp-caption-text\">Illustration: Shutterstock<\/p>\n<\/div>\n<p>Avec le package, il est pr\u00e9vu de prolonger d\u00e9finitivement les all\u00e9gements fiscaux du premier mandat de Trump. De plus, il veut tenir sa promesse de campagne \u00e0 ne plus taxer pour des conseils et des paiements d&rsquo;heures suppl\u00e9mentaires. Cela devrait \u00eatre contre-financ\u00e9, par exemple, par des coupes dans les avantages sociaux &#8211; qui est d\u00fb aux d\u00e9mocrates d&rsquo;une forte r\u00e9sistance.<\/p>\n<p>Le milliardaire technologique a re\u00e7u des applaudissements du s\u00e9nateur d\u00e9mocrate notoirement de gauche Bernie Sanders: \u00ab\u00a0Musk a raison\u00a0\u00bb, il a \u00e9galement \u00e9crit \u00e0 X. Sanders que les Am\u00e9ricains les plus riches obtiendraient 664 milliards de dollars de all\u00e9gements fiscaux et en m\u00eame temps supprim\u00e9 290 milliards de dollars dans les soins aux repas de n\u00e9cessit\u00e9.<\/p>\n<p><strong>&#8211; Vaincues \u00e0 Washington:<\/strong> Lors du retrait de Washington, Musk a fait r\u00e9f\u00e9rence \u00e0 la r\u00e8gle selon laquelle les contrats d&#8217;employ\u00e9s du gouvernement externe \u00e9taient limit\u00e9s \u00e0 130 jours par an. Cependant, il y avait d\u00e9j\u00e0 eu des preuves d&rsquo;une influence affaiblie du musc dans l&rsquo;environnement de Trump ces derniers mois. Selon les m\u00e9dias, il a perdu des difficult\u00e9s de pouvoir avec plusieurs ministres. Enfin, Trump a \u00e9galement d\u00e9cid\u00e9 de retirer le candidat pr\u00e9c\u00e9dent pour la gestion de l&rsquo;agence spatiale NASA de la course. (DPA)<\/p>\n","protected":false},"excerpt":{"rendered":"<p>Il y a quelques jours, Elon Musk et Donald Trump se sont f\u00e9licit\u00e9s lorsque le milliardaire technologique de Washington disait. Maintenant, Musk continue de se<\/p>\n","protected":false},"author":1,"featured_media":7994,"comment_status":"","ping_status":"","sticky":false,"template":"","format":"standard","meta":{"footnotes":""},"categories":[298],"tags":[2424,4155,233,3149,2425],"class_list":["post-7993","post","type-post","status-publish","format-standard","has-post-thumbnail","hentry","category-belgique","tag-donald","tag-elon","tag-maintenant","tag-musk","tag-trump","generate-columns","tablet-grid-50","mobile-grid-100","grid-parent","grid-33"],"yoast_head":"<!-- This site is optimized with the Yoast SEO plugin v24.0 - https:\/\/yoast.com\/wordpress\/plugins\/seo\/ -->\n<title>Elon Musk va maintenant \u00e0 Donald Trump | Vie Associative<\/title>\n<meta name=\"robots\" content=\"index, follow, max-snippet:-1, max-image-preview:large, max-video-preview:-1\" \/>\n<link rel=\"canonical\" href=\"https:\/\/vieassociative.be\/actualites\/elon-musk-va-maintenant-a-donald-trump\/\" \/>\n<meta property=\"og:locale\" content=\"fr_FR\" \/>\n<meta property=\"og:type\" content=\"article\" \/>\n<meta property=\"og:title\" content=\"Elon Musk va maintenant \u00e0 Donald Trump | Vie Associative\" \/>\n<meta property=\"og:description\" content=\"Il y a quelques jours, Elon Musk et Donald Trump se sont f\u00e9licit\u00e9s lorsque le milliardaire technologique de Washington disait. Maintenant, Musk continue de se\" \/>\n<meta property=\"og:url\" content=\"https:\/\/vieassociative.be\/actualites\/elon-musk-va-maintenant-a-donald-trump\/\" \/>\n<meta property=\"og:site_name\" content=\"Vie Associative\" \/>\n<meta property=\"article:published_time\" content=\"2025-06-05T08:16:57+00:00\" \/>\n<meta property=\"og:image\" content=\"https:\/\/vieassociative.be\/actualites\/wp-content\/uploads\/2024\/09\/header_backgroundk-01-e1726694325946.png\" \/>\n\t<meta property=\"og:image:width\" content=\"279\" \/>\n\t<meta property=\"og:image:height\" content=\"92\" \/>\n\t<meta property=\"og:image:type\" content=\"image\/png\" \/>\n<meta name=\"author\" content=\"Julien\" \/>\n<meta name=\"twitter:card\" content=\"summary_large_image\" \/>\n<meta name=\"twitter:label1\" content=\"\u00c9crit par\" \/>\n\t<meta name=\"twitter:data1\" content=\"Julien\" \/>\n\t<meta name=\"twitter:label2\" content=\"Dur\u00e9e de lecture est.\" \/>\n\t<meta name=\"twitter:data2\" content=\"5 minutes\" \/>\n<script type=\"application\/ld+json\" class=\"yoast-schema-graph\">{\"@context\":\"https:\/\/schema.org\",\"@graph\":[{\"@type\":\"Article\",\"@id\":\"https:\/\/vieassociative.be\/actualites\/elon-musk-va-maintenant-a-donald-trump\/#article\",\"isPartOf\":{\"@id\":\"https:\/\/vieassociative.be\/actualites\/elon-musk-va-maintenant-a-donald-trump\/\"},\"author\":{\"name\":\"Julien\",\"@id\":\"https:\/\/vieassociative.be\/actualites\/#\/schema\/person\/b87ac4f82f9d4e7b7cec7395b679edc4\"},\"headline\":\"Elon Musk va maintenant \u00e0 Donald Trump\",\"datePublished\":\"2025-06-05T08:16:57+00:00\",\"dateModified\":\"2025-06-05T08:16:57+00:00\",\"mainEntityOfPage\":{\"@id\":\"https:\/\/vieassociative.be\/actualites\/elon-musk-va-maintenant-a-donald-trump\/\"},\"wordCount\":954,\"publisher\":{\"@id\":\"https:\/\/vieassociative.be\/actualites\/#organization\"},\"image\":{\"@id\":\"https:\/\/vieassociative.be\/actualites\/elon-musk-va-maintenant-a-donald-trump\/#primaryimage\"},\"thumbnailUrl\":\"https:\/\/vieassociative.be\/actualites\/wp-content\/uploads\/2025\/06\/1749111418_Elon-Musk-va-maintenant-a-Donald-Trump.jpg\",\"keywords\":[\"Donald\",\"Elon\",\"maintenant\",\"Musk\",\"Trump\"],\"articleSection\":[\"Belgique\"],\"inLanguage\":\"fr-BE\"},{\"@type\":\"WebPage\",\"@id\":\"https:\/\/vieassociative.be\/actualites\/elon-musk-va-maintenant-a-donald-trump\/\",\"url\":\"https:\/\/vieassociative.be\/actualites\/elon-musk-va-maintenant-a-donald-trump\/\",\"name\":\"Elon Musk va maintenant \u00e0 Donald Trump | Vie Associative\",\"isPartOf\":{\"@id\":\"https:\/\/vieassociative.be\/actualites\/#website\"},\"primaryImageOfPage\":{\"@id\":\"https:\/\/vieassociative.be\/actualites\/elon-musk-va-maintenant-a-donald-trump\/#primaryimage\"},\"image\":{\"@id\":\"https:\/\/vieassociative.be\/actualites\/elon-musk-va-maintenant-a-donald-trump\/#primaryimage\"},\"thumbnailUrl\":\"https:\/\/vieassociative.be\/actualites\/wp-content\/uploads\/2025\/06\/1749111418_Elon-Musk-va-maintenant-a-Donald-Trump.jpg\",\"datePublished\":\"2025-06-05T08:16:57+00:00\",\"dateModified\":\"2025-06-05T08:16:57+00:00\",\"breadcrumb\":{\"@id\":\"https:\/\/vieassociative.be\/actualites\/elon-musk-va-maintenant-a-donald-trump\/#breadcrumb\"},\"inLanguage\":\"fr-BE\",\"potentialAction\":[{\"@type\":\"ReadAction\",\"target\":[\"https:\/\/vieassociative.be\/actualites\/elon-musk-va-maintenant-a-donald-trump\/\"]}]},{\"@type\":\"ImageObject\",\"inLanguage\":\"fr-BE\",\"@id\":\"https:\/\/vieassociative.be\/actualites\/elon-musk-va-maintenant-a-donald-trump\/#primaryimage\",\"url\":\"https:\/\/vieassociative.be\/actualites\/wp-content\/uploads\/2025\/06\/1749111418_Elon-Musk-va-maintenant-a-Donald-Trump.jpg\",\"contentUrl\":\"https:\/\/vieassociative.be\/actualites\/wp-content\/uploads\/2025\/06\/1749111418_Elon-Musk-va-maintenant-a-Donald-Trump.jpg\",\"width\":1200,\"height\":655,\"caption\":\"Elon Musk va maintenant \u00e0 Donald Trump\"},{\"@type\":\"BreadcrumbList\",\"@id\":\"https:\/\/vieassociative.be\/actualites\/elon-musk-va-maintenant-a-donald-trump\/#breadcrumb\",\"itemListElement\":[{\"@type\":\"ListItem\",\"position\":1,\"name\":\"Accueil\",\"item\":\"https:\/\/vieassociative.be\/actualites\/\"},{\"@type\":\"ListItem\",\"position\":2,\"name\":\"Elon Musk va maintenant \u00e0 Donald Trump\"}]},{\"@type\":\"WebSite\",\"@id\":\"https:\/\/vieassociative.be\/actualites\/#website\",\"url\":\"https:\/\/vieassociative.be\/actualites\/\",\"name\":\"Vie Associative\",\"description\":\"\",\"publisher\":{\"@id\":\"https:\/\/vieassociative.be\/actualites\/#organization\"},\"potentialAction\":[{\"@type\":\"SearchAction\",\"target\":{\"@type\":\"EntryPoint\",\"urlTemplate\":\"https:\/\/vieassociative.be\/actualites\/?s={search_term_string}\"},\"query-input\":{\"@type\":\"PropertyValueSpecification\",\"valueRequired\":true,\"valueName\":\"search_term_string\"}}],\"inLanguage\":\"fr-BE\"},{\"@type\":\"Organization\",\"@id\":\"https:\/\/vieassociative.be\/actualites\/#organization\",\"name\":\"Vie Associative\",\"url\":\"https:\/\/vieassociative.be\/actualites\/\",\"logo\":{\"@type\":\"ImageObject\",\"inLanguage\":\"fr-BE\",\"@id\":\"https:\/\/vieassociative.be\/actualites\/#\/schema\/logo\/image\/\",\"url\":\"https:\/\/vieassociative.be\/actualites\/wp-content\/uploads\/2024\/09\/cropped-vieassociative_favicon.ico.png\",\"contentUrl\":\"https:\/\/vieassociative.be\/actualites\/wp-content\/uploads\/2024\/09\/cropped-vieassociative_favicon.ico.png\",\"width\":512,\"height\":512,\"caption\":\"Vie Associative\"},\"image\":{\"@id\":\"https:\/\/vieassociative.be\/actualites\/#\/schema\/logo\/image\/\"}},{\"@type\":\"Person\",\"@id\":\"https:\/\/vieassociative.be\/actualites\/#\/schema\/person\/b87ac4f82f9d4e7b7cec7395b679edc4\",\"name\":\"Julien\",\"image\":{\"@type\":\"ImageObject\",\"inLanguage\":\"fr-BE\",\"@id\":\"https:\/\/vieassociative.be\/actualites\/#\/schema\/person\/image\/\",\"url\":\"https:\/\/vieassociative.be\/actualites\/wp-content\/uploads\/2024\/09\/vie-associative-1-150x150.jpg\",\"contentUrl\":\"https:\/\/vieassociative.be\/actualites\/wp-content\/uploads\/2024\/09\/vie-associative-1-150x150.jpg\",\"caption\":\"Julien\"},\"description\":\"Je suis Julien, r\u00e9dacteur pour Vie Associative. Passionn\u00e9 par le monde associatif depuis plus de 10 ans, j'ai \u00e0 c\u0153ur de partager des histoires inspirantes et de mettre en lumi\u00e8re les initiatives locales. Mon objectif est de sensibiliser et d'encourager l'engagement communautaire \u00e0 travers mes articles.\",\"sameAs\":[\"https:\/\/vieassociative.be\/\"]}]}<\/script>\n<!-- \/ Yoast SEO plugin. -->","yoast_head_json":{"title":"Elon Musk va maintenant \u00e0 Donald Trump | Vie Associative","robots":{"index":"index","follow":"follow","max-snippet":"max-snippet:-1","max-image-preview":"max-image-preview:large","max-video-preview":"max-video-preview:-1"},"canonical":"https:\/\/vieassociative.be\/actualites\/elon-musk-va-maintenant-a-donald-trump\/","og_locale":"fr_FR","og_type":"article","og_title":"Elon Musk va maintenant \u00e0 Donald Trump | Vie Associative","og_description":"Il y a quelques jours, Elon Musk et Donald Trump se sont f\u00e9licit\u00e9s lorsque le milliardaire technologique de Washington disait. Maintenant, Musk continue de se","og_url":"https:\/\/vieassociative.be\/actualites\/elon-musk-va-maintenant-a-donald-trump\/","og_site_name":"Vie Associative","article_published_time":"2025-06-05T08:16:57+00:00","og_image":[{"width":279,"height":92,"url":"https:\/\/vieassociative.be\/actualites\/wp-content\/uploads\/2024\/09\/header_backgroundk-01-e1726694325946.png","type":"image\/png"}],"author":"Julien","twitter_card":"summary_large_image","twitter_misc":{"\u00c9crit par":"Julien","Dur\u00e9e de lecture est.":"5 minutes"},"schema":{"@context":"https:\/\/schema.org","@graph":[{"@type":"Article","@id":"https:\/\/vieassociative.be\/actualites\/elon-musk-va-maintenant-a-donald-trump\/#article","isPartOf":{"@id":"https:\/\/vieassociative.be\/actualites\/elon-musk-va-maintenant-a-donald-trump\/"},"author":{"name":"Julien","@id":"https:\/\/vieassociative.be\/actualites\/#\/schema\/person\/b87ac4f82f9d4e7b7cec7395b679edc4"},"headline":"Elon Musk va maintenant \u00e0 Donald Trump","datePublished":"2025-06-05T08:16:57+00:00","dateModified":"2025-06-05T08:16:57+00:00","mainEntityOfPage":{"@id":"https:\/\/vieassociative.be\/actualites\/elon-musk-va-maintenant-a-donald-trump\/"},"wordCount":954,"publisher":{"@id":"https:\/\/vieassociative.be\/actualites\/#organization"},"image":{"@id":"https:\/\/vieassociative.be\/actualites\/elon-musk-va-maintenant-a-donald-trump\/#primaryimage"},"thumbnailUrl":"https:\/\/vieassociative.be\/actualites\/wp-content\/uploads\/2025\/06\/1749111418_Elon-Musk-va-maintenant-a-Donald-Trump.jpg","keywords":["Donald","Elon","maintenant","Musk","Trump"],"articleSection":["Belgique"],"inLanguage":"fr-BE"},{"@type":"WebPage","@id":"https:\/\/vieassociative.be\/actualites\/elon-musk-va-maintenant-a-donald-trump\/","url":"https:\/\/vieassociative.be\/actualites\/elon-musk-va-maintenant-a-donald-trump\/","name":"Elon Musk va maintenant \u00e0 Donald Trump | Vie Associative","isPartOf":{"@id":"https:\/\/vieassociative.be\/actualites\/#website"},"primaryImageOfPage":{"@id":"https:\/\/vieassociative.be\/actualites\/elon-musk-va-maintenant-a-donald-trump\/#primaryimage"},"image":{"@id":"https:\/\/vieassociative.be\/actualites\/elon-musk-va-maintenant-a-donald-trump\/#primaryimage"},"thumbnailUrl":"https:\/\/vieassociative.be\/actualites\/wp-content\/uploads\/2025\/06\/1749111418_Elon-Musk-va-maintenant-a-Donald-Trump.jpg","datePublished":"2025-06-05T08:16:57+00:00","dateModified":"2025-06-05T08:16:57+00:00","breadcrumb":{"@id":"https:\/\/vieassociative.be\/actualites\/elon-musk-va-maintenant-a-donald-trump\/#breadcrumb"},"inLanguage":"fr-BE","potentialAction":[{"@type":"ReadAction","target":["https:\/\/vieassociative.be\/actualites\/elon-musk-va-maintenant-a-donald-trump\/"]}]},{"@type":"ImageObject","inLanguage":"fr-BE","@id":"https:\/\/vieassociative.be\/actualites\/elon-musk-va-maintenant-a-donald-trump\/#primaryimage","url":"https:\/\/vieassociative.be\/actualites\/wp-content\/uploads\/2025\/06\/1749111418_Elon-Musk-va-maintenant-a-Donald-Trump.jpg","contentUrl":"https:\/\/vieassociative.be\/actualites\/wp-content\/uploads\/2025\/06\/1749111418_Elon-Musk-va-maintenant-a-Donald-Trump.jpg","width":1200,"height":655,"caption":"Elon Musk va maintenant \u00e0 Donald Trump"},{"@type":"BreadcrumbList","@id":"https:\/\/vieassociative.be\/actualites\/elon-musk-va-maintenant-a-donald-trump\/#breadcrumb","itemListElement":[{"@type":"ListItem","position":1,"name":"Accueil","item":"https:\/\/vieassociative.be\/actualites\/"},{"@type":"ListItem","position":2,"name":"Elon Musk va maintenant \u00e0 Donald Trump"}]},{"@type":"WebSite","@id":"https:\/\/vieassociative.be\/actualites\/#website","url":"https:\/\/vieassociative.be\/actualites\/","name":"Vie Associative","description":"","publisher":{"@id":"https:\/\/vieassociative.be\/actualites\/#organization"},"potentialAction":[{"@type":"SearchAction","target":{"@type":"EntryPoint","urlTemplate":"https:\/\/vieassociative.be\/actualites\/?s={search_term_string}"},"query-input":{"@type":"PropertyValueSpecification","valueRequired":true,"valueName":"search_term_string"}}],"inLanguage":"fr-BE"},{"@type":"Organization","@id":"https:\/\/vieassociative.be\/actualites\/#organization","name":"Vie Associative","url":"https:\/\/vieassociative.be\/actualites\/","logo":{"@type":"ImageObject","inLanguage":"fr-BE","@id":"https:\/\/vieassociative.be\/actualites\/#\/schema\/logo\/image\/","url":"https:\/\/vieassociative.be\/actualites\/wp-content\/uploads\/2024\/09\/cropped-vieassociative_favicon.ico.png","contentUrl":"https:\/\/vieassociative.be\/actualites\/wp-content\/uploads\/2024\/09\/cropped-vieassociative_favicon.ico.png","width":512,"height":512,"caption":"Vie Associative"},"image":{"@id":"https:\/\/vieassociative.be\/actualites\/#\/schema\/logo\/image\/"}},{"@type":"Person","@id":"https:\/\/vieassociative.be\/actualites\/#\/schema\/person\/b87ac4f82f9d4e7b7cec7395b679edc4","name":"Julien","image":{"@type":"ImageObject","inLanguage":"fr-BE","@id":"https:\/\/vieassociative.be\/actualites\/#\/schema\/person\/image\/","url":"https:\/\/vieassociative.be\/actualites\/wp-content\/uploads\/2024\/09\/vie-associative-1-150x150.jpg","contentUrl":"https:\/\/vieassociative.be\/actualites\/wp-content\/uploads\/2024\/09\/vie-associative-1-150x150.jpg","caption":"Julien"},"description":"Je suis Julien, r\u00e9dacteur pour Vie Associative. Passionn\u00e9 par le monde associatif depuis plus de 10 ans, j'ai \u00e0 c\u0153ur de partager des histoires inspirantes et de mettre en lumi\u00e8re les initiatives locales. Mon objectif est de sensibiliser et d'encourager l'engagement communautaire \u00e0 travers mes articles.","sameAs":["https:\/\/vieassociative.be\/"]}]}},"_links":{"self":[{"href":"https:\/\/vieassociative.be\/actualites\/wp-json\/wp\/v2\/posts\/7993"}],"collection":[{"href":"https:\/\/vieassociative.be\/actualites\/wp-json\/wp\/v2\/posts"}],"about":[{"href":"https:\/\/vieassociative.be\/actualites\/wp-json\/wp\/v2\/types\/post"}],"author":[{"embeddable":true,"href":"https:\/\/vieassociative.be\/actualites\/wp-json\/wp\/v2\/users\/1"}],"replies":[{"embeddable":true,"href":"https:\/\/vieassociative.be\/actualites\/wp-json\/wp\/v2\/comments?post=7993"}],"version-history":[{"count":0,"href":"https:\/\/vieassociative.be\/actualites\/wp-json\/wp\/v2\/posts\/7993\/revisions"}],"wp:featuredmedia":[{"embeddable":true,"href":"https:\/\/vieassociative.be\/actualites\/wp-json\/wp\/v2\/media\/7994"}],"wp:attachment":[{"href":"https:\/\/vieassociative.be\/actualites\/wp-json\/wp\/v2\/media?parent=7993"}],"wp:term":[{"taxonomy":"category","embeddable":true,"href":"https:\/\/vieassociative.be\/actualites\/wp-json\/wp\/v2\/categories?post=7993"},{"taxonomy":"post_tag","embeddable":true,"href":"https:\/\/vieassociative.be\/actualites\/wp-json\/wp\/v2\/tags?post=7993"}],"curies":[{"name":"wp","href":"https:\/\/api.w.org\/{rel}","templated":true}]}}