{"id":799,"date":"2024-10-03T13:42:11","date_gmt":"2024-10-03T11:42:11","guid":{"rendered":"https:\/\/vieassociative.be\/actualites\/comment-concevoir-le-meilleur-environnement-domestique-pour-une-personne-atteinte-de-demence\/"},"modified":"2024-10-03T13:42:11","modified_gmt":"2024-10-03T11:42:11","slug":"comment-concevoir-le-meilleur-environnement-domestique-pour-une-personne-atteinte-de-demence","status":"publish","type":"post","link":"https:\/\/vieassociative.be\/actualites\/comment-concevoir-le-meilleur-environnement-domestique-pour-une-personne-atteinte-de-demence\/","title":{"rendered":"Comment concevoir le meilleur environnement domestique pour une personne atteinte de d\u00e9mence"},"content":{"rendered":"<div class=\"mt-4 leading-6 md:mb-8\">Conseils et modifications pour cr\u00e9er un foyer plus s\u00fbr et plus heureux pour une personne souffrant de d\u00e9mence.<\/div>\n<p><\/p>\n<p>Vieillir chez soi, ou rester dans son propre environnement familial familier pendant les derni\u00e8res ann\u00e9es de sa vie, est souvent b\u00e9n\u00e9fique pour les personnes atteintes de d\u00e9mence. Cependant, \u00e0 mesure que la d\u00e9mence progresse, son logement pourrait ne plus \u00eatre parfaitement adapt\u00e9 aux besoins de votre proche.<\/p>\n<p>La conceptrice de soins de sant\u00e9 Barbara J. Huelat a partag\u00e9 quelques solutions pour modifier un environnement domestique afin d&rsquo;am\u00e9liorer la s\u00e9curit\u00e9 et le confort d&rsquo;un proche atteint de d\u00e9mence. Huelat a pass\u00e9 sa carri\u00e8re \u00e0 mettre en \u0153uvre des principes de conception qui favorisent la gu\u00e9rison, le confort et la s\u00e9curit\u00e9. De par son exp\u00e9rience personnelle, elle porte un int\u00e9r\u00eat particulier aux environnements qui soutiennent les personnes atteintes de d\u00e9mence et leurs soignants. Huelat a r\u00e9cemment collabor\u00e9 avec sa fille Sharon T. Pochron pour \u00e9crire <em>Apprivoiser le chaos de la d\u00e9mence\u00a0: guide du soignant sur les interventions qui font la diff\u00e9rence<\/em><em>.<\/em><\/p>\n<p>\u00ab\u00a0La science montre que lorsque les personnes atteintes de d\u00e9mence perdent leurs fonctions cognitives, elles ne perdent pas leur capacit\u00e9 \u00e0 profiter de la vie, \u00e0 aimer et \u00e0 \u00eatre aim\u00e9es, \u00e0 rire, \u00e0 pleurer et \u00e0 nouer des relations\u00a0\u00bb, \u00e9crivent Huelat et Pochron.<\/p>\n<h2 id=\"the-principles-of-home-design-for-dementia\">Les principes de la conception de maisons pour la d\u00e9mence<\/h2>\n<p>Deux id\u00e9es cl\u00e9s \u00e0 garder \u00e0 l\u2019esprit lors de la cr\u00e9ation d\u2019un environnement familial pour une personne atteinte de d\u00e9mence sont les suivantes\u00a0: <\/p>\n<ol>\n<li>\n<p>R\u00e9pondre aux besoins physiques.<\/p>\n<\/li>\n<li>\n<p>Engagez des \u00e9motions positives.<\/p>\n<\/li>\n<\/ol>\n<p>\u00abCr\u00e9ez un environnement s\u00fbr et confortable. Cela implique de s\u2019assurer que la maison est bien \u00e9clair\u00e9e, sans encombrement et facile \u00e0 naviguer. Il est \u00e9galement important d\u2019\u00e9liminer tout danger potentiel, tel que les objets pointus ou les risques de tr\u00e9buchement \u00bb, a d\u00e9clar\u00e9 Huelat.<\/p>\n<h3>Maximiser la lumi\u00e8re naturelle<\/h3>\n<p>Gardez les fen\u00eatres propres et les rideaux ouverts pendant la journ\u00e9e pour maximiser la lumi\u00e8re naturelle dans les espaces de vie.<\/p>\n<p>\u00ab\u00a0La lumi\u00e8re naturelle est importante pour les personnes atteintes de d\u00e9mence, car les yeux les plus \u00e2g\u00e9s ont besoin de plus de lumi\u00e8re pour voir\u00a0\u00bb, a d\u00e9clar\u00e9 Huelat. \u00ab\u00a0Et lorsque l&rsquo;on ajoute la d\u00e9mence \u00e0 l&rsquo;\u00e2ge, cela devient encore plus important.\u00a0\u00bb<\/p>\n<p>Les personnes atteintes de d\u00e9mence ont besoin de trois fois plus de lumi\u00e8re qu\u2019une personne ayant une vision normale. \u00ab\u00a0C&rsquo;est important parce que les personnes atteintes de d\u00e9mence peuvent \u00eatre effray\u00e9es ou confuses lorsqu&rsquo;elles ne peuvent pas voir quelque chose correctement\u00a0\u00bb, a d\u00e9clar\u00e9 Huelat.<\/p>\n<h3>\u00c9vitez les ombres et les reflets<\/h3>\n<p>Vous devrez peut-\u00eatre utiliser des ampoules de plus forte puissance et des lampes suppl\u00e9mentaires pour \u00e9clairer les espaces destin\u00e9s \u00e0 une personne \u00e2g\u00e9e. Pour \u00e9viter l&rsquo;\u00e9blouissement d\u00fb \u00e0 la lumi\u00e8re suppl\u00e9mentaire, utilisez des ampoules blanc chaud, des sources de lumi\u00e8re indirecte et retirez les surfaces r\u00e9fl\u00e9chissantes.<\/p>\n<p>\u00ab L&rsquo;\u00e9blouissement cr\u00e9e des formes et les personnes atteintes de d\u00e9mence ne peuvent pas comprendre de quoi il s&rsquo;agit. Cela devient effrayant la nuit pour les personnes atteintes de d\u00e9mence lorsqu&rsquo;elles pensent voir quelque chose qui n&rsquo;est pas vraiment l\u00e0 \u00bb, a d\u00e9clar\u00e9 Huelat.<\/p>\n<p>Soyez \u00e9galement conscient des ombres projet\u00e9es par le mouvement des ventilateurs de plafond : elles peuvent \u00eatre d\u00e9routantes et effrayantes pour une personne atteinte de d\u00e9mence.<\/p>\n<h3>R\u00e9duire les miroirs<\/h3>\n<p>Un miroir au-dessus du lavabo de la salle de bain est utile et attendu, mais pensez \u00e0 retirer les miroirs dans d\u2019autres parties de la maison.<\/p>\n<p>\u00ab\u00a0Les surfaces r\u00e9fl\u00e9chissantes telles que les miroirs, les fen\u00eatres et les portes vitr\u00e9es, qui peuvent pr\u00e9senter des images p\u00e9nibles ou m\u00e9connaissables, constituent des d\u00e9clencheurs courants\u00a0\u00bb, \u00e9crit Huelat dans son livre. \u00ab\u00a0Essayez d&rsquo;utiliser des miroirs uniquement au-dessus des \u00e9viers ou dans les zones de toilettage qui ont souvent du sens pour les personnes atteintes de d\u00e9mence, en \u00e9vitant les miroirs visibles de loin ou en marchant, qui peuvent pr\u00e9senter des images plus difficiles \u00e0 comprendre.\u00a0\u00bb<\/p>\n<p>N&rsquo;oubliez pas que les fen\u00eatres deviennent r\u00e9fl\u00e9chissantes la nuit et peuvent pr\u00eater \u00e0 confusion. Une fois que vous avez profit\u00e9 de la lumi\u00e8re naturelle du jour, fermez les rideaux le soir.<\/p>\n<h3>Pensez \u00e0 l&rsquo;ergonomie<\/h3>\n<p>\u00c0 mesure que la d\u00e9mence progresse, les personnes deviennent moins mobiles et passeront probablement la plupart de leur temps dans leur fauteuil pr\u00e9f\u00e9r\u00e9. Vous pouvez contribuer \u00e0 faire en sorte que la chaise soit non seulement un favori confortable, mais qu\u2019elle fournisse \u00e9galement un soutien pour une posture correcte.<\/p>\n<p>\u00ab\u00a0L&rsquo;ergonomie n&rsquo;est pas seulement une question de confort, elle concerne aussi le maintien des organes fonctionnels\u00a0\u00bb, a d\u00e9clar\u00e9 Hu\u00e9lat. \u00ab\u00a0Si vous le voyez affal\u00e9, placez des oreillers sous le bras ou sur le dos. S&rsquo;affaler peut entra\u00eener des probl\u00e8mes respiratoires. Une bonne posture est essentielle au bon fonctionnement des organes internes.<\/p>\n<p>Recherchez ces signes indiquant qu\u2019une chaise est bien ergonomique\u00a0:<\/p>\n<ul>\n<li>\n<p>Posture droite<\/p>\n<\/li>\n<li>\n<p>Soutien lombaire<\/p>\n<\/li>\n<li>\n<p>Le cou est d\u00e9tendu et neutre.<\/p>\n<\/li>\n<li>\n<p>Les pieds sont \u00e0 plat sur le sol.<\/p>\n<\/li>\n<li>\n<p>Les bras reposent parall\u00e8lement au sol.<\/p>\n<\/li>\n<\/ul>\n<p>Une configuration de chaise id\u00e9ale leur donnera une ligne de vue sur la porte, la salle de bain, une fen\u00eatre et la t\u00e9l\u00e9vision. Placez une table appropri\u00e9e avec un \u00e9clairage de travail \u00e0 port\u00e9e de main.<\/p>\n<h3>V\u00e9rifiez la s\u00e9curit\u00e9 le plus t\u00f4t possible<\/h3>\n<p>Si la maison a besoin de changements structurels pour la rendre plus accessible aux personnes \u00e0 mobilit\u00e9 r\u00e9duite (ce \u00e0 quoi une personne atteinte de d\u00e9mence sera tr\u00e8s probablement confront\u00e9e \u00e9ventuellement), il est pr\u00e9f\u00e9rable d&rsquo;effectuer ces modifications avant que le besoin ne s&rsquo;en fasse sentir.<\/p>\n<p>Comme l&rsquo;\u00e9crit Huelat, vous devriez \u00e9valuer ces parties de la maison en termes d&rsquo;\u00e9viter les chutes, de rendre les chutes moins dangereuses et d&rsquo;am\u00e9liorer l&rsquo;acc\u00e8s \u00e0 la cuisine, \u00e0 la salle de bain et \u00e0 la chambre :<\/p>\n<ul>\n<li>\n<p>Installez une rampe pour \u00e9viter les marches \u00e0 l&rsquo;entr\u00e9e de la maison.<\/p>\n<\/li>\n<li>\n<p>D\u00e9placez les meubles ou le d\u00e9sordre pour d\u00e9gager des chemins dans la maison.<\/p>\n<\/li>\n<li>\n<p>Remplacez la baignoire par une douche \u00e0 l&rsquo;italienne.<\/p>\n<\/li>\n<li>\n<p>Ajoutez un banc et une pomme de douche amovible \u00e0 la douche ou \u00e0 la baignoire.<\/p>\n<\/li>\n<li>\n<p>Installez des barres de s\u00e9curit\u00e9 dans la douche et \u00e0 c\u00f4t\u00e9 des toilettes et du lavabo.<\/p>\n<\/li>\n<li>\n<p>D\u00e9terminez si une personne avec une marchette ou un fauteuil roulant pourrait facilement franchir les portes ou autour de la cuisine.<\/p>\n<\/li>\n<li>\n<p>Optez pour un tapis \u00e0 poils plus courts et \u00e9vitez les tapis l\u00e2ches.<\/p>\n<\/li>\n<li>\n<p>\u00c9vitez les sols en pierre dure.<\/p>\n<\/li>\n<\/ul>\n<h3>Connectez-vous avec la nature<\/h3>\n<p>Passer du temps dans la nature est un bon conseil de sant\u00e9 pour tout le monde et tout aussi important pour les personnes atteintes de d\u00e9mence.<\/p>\n<p>\u00ab\u00a0Sortir dans la nature, surtout le matin, peut r\u00e9initialiser l&rsquo;horloge biologique et le rythme circadien d&rsquo;une personne\u00a0\u00bb, a d\u00e9clar\u00e9 Huelat. \u00ab\u00a0M\u00eame s&rsquo;ils sont alit\u00e9s ou ne peuvent pas marcher tr\u00e8s loin, essayez de conserver leur visibilit\u00e9 avec une fen\u00eatre, asseyez-les sur le porche ou sur la terrasse, une courte promenade peut faire des merveilles.\u00a0\u00bb<\/p>\n<p>Si votre personne n\u2019est pas assez mobile pour sortir ou si elle est encline \u00e0 l\u2019errance, voici quelques conseils pour recr\u00e9er la nature dans ses espaces s\u00e9curis\u00e9s\u00a0:<\/p>\n<ul>\n<li>\n<p>Placez des plantes d&rsquo;int\u00e9rieur dans la pi\u00e8ce.<\/p>\n<\/li>\n<li>\n<p>Utilisez des \u00e9l\u00e9ments aquatiques comme des cha\u00eenes de pluie \u00e0 l&rsquo;ext\u00e9rieur des fen\u00eatres \u00e0 proximit\u00e9, d&rsquo;un aquarium ou d&rsquo;une fontaine de table int\u00e9rieure.<\/p>\n<\/li>\n<li>\n<p>Ouvrez les fen\u00eatres pour avoir de l&rsquo;air frais.<\/p>\n<\/li>\n<li>\n<p>Assurez-vous que les vues ext\u00e9rieures \u00e0 travers les fen\u00eatres ne sont pas obstru\u00e9es.<\/p>\n<\/li>\n<li>\n<p>Ajoutez des plantations de jardini\u00e8res.<\/p>\n<\/li>\n<li>\n<p>Placez les mangeoires pour oiseaux \u00e0 port\u00e9e de vue.<\/p>\n<\/li>\n<li>\n<p>Offrez des jumelles \u00e0 votre proche pour mieux voir \u00e0 travers les fen\u00eatres.<\/p>\n<\/li>\n<li>\n<p>Encouragez la connexion avec des animaux de compagnie ou des animaux d\u2019assistance.<\/p>\n<\/li>\n<\/ul>\n<h3>Honorez les objets et les souvenirs qui vous sont chers<\/h3>\n<p>Enfin, pour rendre la maison agr\u00e9able pour une personne souffrant de perte de m\u00e9moire, il est important de mettre en lumi\u00e8re les objets qui stimulent la nostalgie ou lui apportent du r\u00e9confort. Vous pouvez le faire en accrochant leurs \u0153uvres d\u2019art et leurs photos pr\u00e9f\u00e9r\u00e9es l\u00e0 o\u00f9 ils passent le plus clair de leur temps. Gardez \u00e0 port\u00e9e de main un album photo et une bo\u00eete \u00e0 souvenirs contenant des objets de leur pass\u00e9.<\/p>\n<p>\u00abLorsque votre personne atteinte de d\u00e9mence vit \u00e0 la maison, vous pourriez penser que vous n&rsquo;avez pas besoin de vous appuyer sur le pouvoir des objets pour g\u00e9n\u00e9rer un sentiment de s\u00e9curit\u00e9 et un lien avec les autres, mais si votre personne perd sa mobilit\u00e9 et devient moins en mesure d&rsquo;acc\u00e9der \u00e0 des objets plus d\u00e9licats. parties de la maison, r\u00e9fl\u00e9chissez peut-\u00eatre \u00e0 l\u2019impact de ce r\u00e9tr\u00e9cissement de leur monde sur leur sentiment d\u2019appartenance et la s\u00e9curit\u00e9 qui y est associ\u00e9e \u00bb, a \u00e9crit Huelat. \u00ab Vous souhaiterez peut-\u00eatre d\u00e9placer vos photos ou vos souvenirs pr\u00e9f\u00e9r\u00e9s du bureau \u00e0 l&rsquo;\u00e9tage vers la chambre ou le salon si votre personne ne peut plus acc\u00e9der au bureau. Si vous devez d\u00e9placer des chambres pour \u00e9viter les escaliers, vous pouvez minimiser la confusion en apportant des \u0153uvres d&rsquo;art et d&rsquo;autres objets sp\u00e9cifiques \u00e0 votre personne.<\/p>\n","protected":false},"excerpt":{"rendered":"<p>Conseils et modifications pour cr\u00e9er un foyer plus s\u00fbr et plus heureux pour une personne souffrant de d\u00e9mence. Vieillir chez soi, ou rester dans son<\/p>\n","protected":false},"author":1,"featured_media":800,"comment_status":"","ping_status":"","sticky":false,"template":"","format":"standard","meta":{"footnotes":""},"categories":[37],"tags":[1260,44,1257,1261,1259,1258,579,1110,81,110],"class_list":["post-799","post","type-post","status-publish","format-standard","has-post-thumbnail","hentry","category-famille","tag-atteinte","tag-comment","tag-concevoir","tag-demence","tag-domestique","tag-environnement","tag-meilleur","tag-personne","tag-pour","tag-une","generate-columns","tablet-grid-50","mobile-grid-100","grid-parent","grid-33"],"yoast_head":"<!-- This site is optimized with the Yoast SEO plugin v24.0 - https:\/\/yoast.com\/wordpress\/plugins\/seo\/ -->\n<title>Comment concevoir le meilleur environnement domestique pour une personne atteinte de d\u00e9mence | Vie Associative<\/title>\n<meta name=\"robots\" content=\"index, follow, max-snippet:-1, max-image-preview:large, max-video-preview:-1\" \/>\n<link rel=\"canonical\" href=\"https:\/\/vieassociative.be\/actualites\/comment-concevoir-le-meilleur-environnement-domestique-pour-une-personne-atteinte-de-demence\/\" \/>\n<meta property=\"og:locale\" content=\"fr_FR\" \/>\n<meta property=\"og:type\" content=\"article\" \/>\n<meta property=\"og:title\" content=\"Comment concevoir le meilleur environnement domestique pour une personne atteinte de d\u00e9mence | Vie Associative\" \/>\n<meta property=\"og:description\" content=\"Conseils et modifications pour cr\u00e9er un foyer plus s\u00fbr et plus heureux pour une personne souffrant de d\u00e9mence. Vieillir chez soi, ou rester dans son\" \/>\n<meta property=\"og:url\" content=\"https:\/\/vieassociative.be\/actualites\/comment-concevoir-le-meilleur-environnement-domestique-pour-une-personne-atteinte-de-demence\/\" \/>\n<meta property=\"og:site_name\" content=\"Vie Associative\" \/>\n<meta property=\"article:published_time\" content=\"2024-10-03T11:42:11+00:00\" \/>\n<meta property=\"og:image\" content=\"https:\/\/vieassociative.be\/actualites\/wp-content\/uploads\/2024\/09\/header_backgroundk-01-e1726694325946.png\" \/>\n\t<meta property=\"og:image:width\" content=\"279\" \/>\n\t<meta property=\"og:image:height\" content=\"92\" \/>\n\t<meta property=\"og:image:type\" content=\"image\/png\" \/>\n<meta name=\"author\" content=\"Julien\" \/>\n<meta name=\"twitter:card\" content=\"summary_large_image\" \/>\n<meta name=\"twitter:label1\" content=\"\u00c9crit par\" \/>\n\t<meta name=\"twitter:data1\" content=\"Julien\" \/>\n\t<meta name=\"twitter:label2\" content=\"Dur\u00e9e de lecture est.\" \/>\n\t<meta name=\"twitter:data2\" content=\"8 minutes\" \/>\n<script type=\"application\/ld+json\" class=\"yoast-schema-graph\">{\"@context\":\"https:\/\/schema.org\",\"@graph\":[{\"@type\":\"Article\",\"@id\":\"https:\/\/vieassociative.be\/actualites\/comment-concevoir-le-meilleur-environnement-domestique-pour-une-personne-atteinte-de-demence\/#article\",\"isPartOf\":{\"@id\":\"https:\/\/vieassociative.be\/actualites\/comment-concevoir-le-meilleur-environnement-domestique-pour-une-personne-atteinte-de-demence\/\"},\"author\":{\"name\":\"Julien\",\"@id\":\"https:\/\/vieassociative.be\/actualites\/#\/schema\/person\/b87ac4f82f9d4e7b7cec7395b679edc4\"},\"headline\":\"Comment concevoir le meilleur environnement domestique pour une personne atteinte de d\u00e9mence\",\"datePublished\":\"2024-10-03T11:42:11+00:00\",\"dateModified\":\"2024-10-03T11:42:11+00:00\",\"mainEntityOfPage\":{\"@id\":\"https:\/\/vieassociative.be\/actualites\/comment-concevoir-le-meilleur-environnement-domestique-pour-une-personne-atteinte-de-demence\/\"},\"wordCount\":1637,\"publisher\":{\"@id\":\"https:\/\/vieassociative.be\/actualites\/#organization\"},\"image\":{\"@id\":\"https:\/\/vieassociative.be\/actualites\/comment-concevoir-le-meilleur-environnement-domestique-pour-une-personne-atteinte-de-demence\/#primaryimage\"},\"thumbnailUrl\":\"https:\/\/vieassociative.be\/actualites\/wp-content\/uploads\/2024\/10\/Comment-concevoir-le-meilleur-environnement-domestique-pour-une-personne-atteinte.jpg\",\"keywords\":[\"atteinte\",\"Comment\",\"concevoir\",\"d\u00e9mence\",\"domestique\",\"environnement\",\"meilleur\",\"personne\",\"pour\",\"une\"],\"articleSection\":[\"Famille\"],\"inLanguage\":\"fr-BE\"},{\"@type\":\"WebPage\",\"@id\":\"https:\/\/vieassociative.be\/actualites\/comment-concevoir-le-meilleur-environnement-domestique-pour-une-personne-atteinte-de-demence\/\",\"url\":\"https:\/\/vieassociative.be\/actualites\/comment-concevoir-le-meilleur-environnement-domestique-pour-une-personne-atteinte-de-demence\/\",\"name\":\"Comment concevoir le meilleur environnement domestique pour une personne atteinte de d\u00e9mence | Vie Associative\",\"isPartOf\":{\"@id\":\"https:\/\/vieassociative.be\/actualites\/#website\"},\"primaryImageOfPage\":{\"@id\":\"https:\/\/vieassociative.be\/actualites\/comment-concevoir-le-meilleur-environnement-domestique-pour-une-personne-atteinte-de-demence\/#primaryimage\"},\"image\":{\"@id\":\"https:\/\/vieassociative.be\/actualites\/comment-concevoir-le-meilleur-environnement-domestique-pour-une-personne-atteinte-de-demence\/#primaryimage\"},\"thumbnailUrl\":\"https:\/\/vieassociative.be\/actualites\/wp-content\/uploads\/2024\/10\/Comment-concevoir-le-meilleur-environnement-domestique-pour-une-personne-atteinte.jpg\",\"datePublished\":\"2024-10-03T11:42:11+00:00\",\"dateModified\":\"2024-10-03T11:42:11+00:00\",\"breadcrumb\":{\"@id\":\"https:\/\/vieassociative.be\/actualites\/comment-concevoir-le-meilleur-environnement-domestique-pour-une-personne-atteinte-de-demence\/#breadcrumb\"},\"inLanguage\":\"fr-BE\",\"potentialAction\":[{\"@type\":\"ReadAction\",\"target\":[\"https:\/\/vieassociative.be\/actualites\/comment-concevoir-le-meilleur-environnement-domestique-pour-une-personne-atteinte-de-demence\/\"]}]},{\"@type\":\"ImageObject\",\"inLanguage\":\"fr-BE\",\"@id\":\"https:\/\/vieassociative.be\/actualites\/comment-concevoir-le-meilleur-environnement-domestique-pour-une-personne-atteinte-de-demence\/#primaryimage\",\"url\":\"https:\/\/vieassociative.be\/actualites\/wp-content\/uploads\/2024\/10\/Comment-concevoir-le-meilleur-environnement-domestique-pour-une-personne-atteinte.jpg\",\"contentUrl\":\"https:\/\/vieassociative.be\/actualites\/wp-content\/uploads\/2024\/10\/Comment-concevoir-le-meilleur-environnement-domestique-pour-une-personne-atteinte.jpg\",\"width\":1200,\"height\":675,\"caption\":\"Comment concevoir le meilleur environnement domestique pour une personne atteinte de d\u00e9mence\"},{\"@type\":\"BreadcrumbList\",\"@id\":\"https:\/\/vieassociative.be\/actualites\/comment-concevoir-le-meilleur-environnement-domestique-pour-une-personne-atteinte-de-demence\/#breadcrumb\",\"itemListElement\":[{\"@type\":\"ListItem\",\"position\":1,\"name\":\"Accueil\",\"item\":\"https:\/\/vieassociative.be\/actualites\/\"},{\"@type\":\"ListItem\",\"position\":2,\"name\":\"Comment concevoir le meilleur environnement domestique pour une personne atteinte de d\u00e9mence\"}]},{\"@type\":\"WebSite\",\"@id\":\"https:\/\/vieassociative.be\/actualites\/#website\",\"url\":\"https:\/\/vieassociative.be\/actualites\/\",\"name\":\"Vie Associative\",\"description\":\"\",\"publisher\":{\"@id\":\"https:\/\/vieassociative.be\/actualites\/#organization\"},\"potentialAction\":[{\"@type\":\"SearchAction\",\"target\":{\"@type\":\"EntryPoint\",\"urlTemplate\":\"https:\/\/vieassociative.be\/actualites\/?s={search_term_string}\"},\"query-input\":{\"@type\":\"PropertyValueSpecification\",\"valueRequired\":true,\"valueName\":\"search_term_string\"}}],\"inLanguage\":\"fr-BE\"},{\"@type\":\"Organization\",\"@id\":\"https:\/\/vieassociative.be\/actualites\/#organization\",\"name\":\"Vie Associative\",\"url\":\"https:\/\/vieassociative.be\/actualites\/\",\"logo\":{\"@type\":\"ImageObject\",\"inLanguage\":\"fr-BE\",\"@id\":\"https:\/\/vieassociative.be\/actualites\/#\/schema\/logo\/image\/\",\"url\":\"https:\/\/vieassociative.be\/actualites\/wp-content\/uploads\/2024\/09\/cropped-vieassociative_favicon.ico.png\",\"contentUrl\":\"https:\/\/vieassociative.be\/actualites\/wp-content\/uploads\/2024\/09\/cropped-vieassociative_favicon.ico.png\",\"width\":512,\"height\":512,\"caption\":\"Vie Associative\"},\"image\":{\"@id\":\"https:\/\/vieassociative.be\/actualites\/#\/schema\/logo\/image\/\"}},{\"@type\":\"Person\",\"@id\":\"https:\/\/vieassociative.be\/actualites\/#\/schema\/person\/b87ac4f82f9d4e7b7cec7395b679edc4\",\"name\":\"Julien\",\"image\":{\"@type\":\"ImageObject\",\"inLanguage\":\"fr-BE\",\"@id\":\"https:\/\/vieassociative.be\/actualites\/#\/schema\/person\/image\/\",\"url\":\"https:\/\/vieassociative.be\/actualites\/wp-content\/uploads\/2024\/09\/vie-associative-1-150x150.jpg\",\"contentUrl\":\"https:\/\/vieassociative.be\/actualites\/wp-content\/uploads\/2024\/09\/vie-associative-1-150x150.jpg\",\"caption\":\"Julien\"},\"description\":\"Je suis Julien, r\u00e9dacteur pour Vie Associative. Passionn\u00e9 par le monde associatif depuis plus de 10 ans, j'ai \u00e0 c\u0153ur de partager des histoires inspirantes et de mettre en lumi\u00e8re les initiatives locales. Mon objectif est de sensibiliser et d'encourager l'engagement communautaire \u00e0 travers mes articles.\",\"sameAs\":[\"https:\/\/vieassociative.be\/\"]}]}<\/script>\n<!-- \/ Yoast SEO plugin. -->","yoast_head_json":{"title":"Comment concevoir le meilleur environnement domestique pour une personne atteinte de d\u00e9mence | Vie Associative","robots":{"index":"index","follow":"follow","max-snippet":"max-snippet:-1","max-image-preview":"max-image-preview:large","max-video-preview":"max-video-preview:-1"},"canonical":"https:\/\/vieassociative.be\/actualites\/comment-concevoir-le-meilleur-environnement-domestique-pour-une-personne-atteinte-de-demence\/","og_locale":"fr_FR","og_type":"article","og_title":"Comment concevoir le meilleur environnement domestique pour une personne atteinte de d\u00e9mence | Vie Associative","og_description":"Conseils et modifications pour cr\u00e9er un foyer plus s\u00fbr et plus heureux pour une personne souffrant de d\u00e9mence. Vieillir chez soi, ou rester dans son","og_url":"https:\/\/vieassociative.be\/actualites\/comment-concevoir-le-meilleur-environnement-domestique-pour-une-personne-atteinte-de-demence\/","og_site_name":"Vie Associative","article_published_time":"2024-10-03T11:42:11+00:00","og_image":[{"width":279,"height":92,"url":"https:\/\/vieassociative.be\/actualites\/wp-content\/uploads\/2024\/09\/header_backgroundk-01-e1726694325946.png","type":"image\/png"}],"author":"Julien","twitter_card":"summary_large_image","twitter_misc":{"\u00c9crit par":"Julien","Dur\u00e9e de lecture est.":"8 minutes"},"schema":{"@context":"https:\/\/schema.org","@graph":[{"@type":"Article","@id":"https:\/\/vieassociative.be\/actualites\/comment-concevoir-le-meilleur-environnement-domestique-pour-une-personne-atteinte-de-demence\/#article","isPartOf":{"@id":"https:\/\/vieassociative.be\/actualites\/comment-concevoir-le-meilleur-environnement-domestique-pour-une-personne-atteinte-de-demence\/"},"author":{"name":"Julien","@id":"https:\/\/vieassociative.be\/actualites\/#\/schema\/person\/b87ac4f82f9d4e7b7cec7395b679edc4"},"headline":"Comment concevoir le meilleur environnement domestique pour une personne atteinte de d\u00e9mence","datePublished":"2024-10-03T11:42:11+00:00","dateModified":"2024-10-03T11:42:11+00:00","mainEntityOfPage":{"@id":"https:\/\/vieassociative.be\/actualites\/comment-concevoir-le-meilleur-environnement-domestique-pour-une-personne-atteinte-de-demence\/"},"wordCount":1637,"publisher":{"@id":"https:\/\/vieassociative.be\/actualites\/#organization"},"image":{"@id":"https:\/\/vieassociative.be\/actualites\/comment-concevoir-le-meilleur-environnement-domestique-pour-une-personne-atteinte-de-demence\/#primaryimage"},"thumbnailUrl":"https:\/\/vieassociative.be\/actualites\/wp-content\/uploads\/2024\/10\/Comment-concevoir-le-meilleur-environnement-domestique-pour-une-personne-atteinte.jpg","keywords":["atteinte","Comment","concevoir","d\u00e9mence","domestique","environnement","meilleur","personne","pour","une"],"articleSection":["Famille"],"inLanguage":"fr-BE"},{"@type":"WebPage","@id":"https:\/\/vieassociative.be\/actualites\/comment-concevoir-le-meilleur-environnement-domestique-pour-une-personne-atteinte-de-demence\/","url":"https:\/\/vieassociative.be\/actualites\/comment-concevoir-le-meilleur-environnement-domestique-pour-une-personne-atteinte-de-demence\/","name":"Comment concevoir le meilleur environnement domestique pour une personne atteinte de d\u00e9mence | Vie Associative","isPartOf":{"@id":"https:\/\/vieassociative.be\/actualites\/#website"},"primaryImageOfPage":{"@id":"https:\/\/vieassociative.be\/actualites\/comment-concevoir-le-meilleur-environnement-domestique-pour-une-personne-atteinte-de-demence\/#primaryimage"},"image":{"@id":"https:\/\/vieassociative.be\/actualites\/comment-concevoir-le-meilleur-environnement-domestique-pour-une-personne-atteinte-de-demence\/#primaryimage"},"thumbnailUrl":"https:\/\/vieassociative.be\/actualites\/wp-content\/uploads\/2024\/10\/Comment-concevoir-le-meilleur-environnement-domestique-pour-une-personne-atteinte.jpg","datePublished":"2024-10-03T11:42:11+00:00","dateModified":"2024-10-03T11:42:11+00:00","breadcrumb":{"@id":"https:\/\/vieassociative.be\/actualites\/comment-concevoir-le-meilleur-environnement-domestique-pour-une-personne-atteinte-de-demence\/#breadcrumb"},"inLanguage":"fr-BE","potentialAction":[{"@type":"ReadAction","target":["https:\/\/vieassociative.be\/actualites\/comment-concevoir-le-meilleur-environnement-domestique-pour-une-personne-atteinte-de-demence\/"]}]},{"@type":"ImageObject","inLanguage":"fr-BE","@id":"https:\/\/vieassociative.be\/actualites\/comment-concevoir-le-meilleur-environnement-domestique-pour-une-personne-atteinte-de-demence\/#primaryimage","url":"https:\/\/vieassociative.be\/actualites\/wp-content\/uploads\/2024\/10\/Comment-concevoir-le-meilleur-environnement-domestique-pour-une-personne-atteinte.jpg","contentUrl":"https:\/\/vieassociative.be\/actualites\/wp-content\/uploads\/2024\/10\/Comment-concevoir-le-meilleur-environnement-domestique-pour-une-personne-atteinte.jpg","width":1200,"height":675,"caption":"Comment concevoir le meilleur environnement domestique pour une personne atteinte de d\u00e9mence"},{"@type":"BreadcrumbList","@id":"https:\/\/vieassociative.be\/actualites\/comment-concevoir-le-meilleur-environnement-domestique-pour-une-personne-atteinte-de-demence\/#breadcrumb","itemListElement":[{"@type":"ListItem","position":1,"name":"Accueil","item":"https:\/\/vieassociative.be\/actualites\/"},{"@type":"ListItem","position":2,"name":"Comment concevoir le meilleur environnement domestique pour une personne atteinte de d\u00e9mence"}]},{"@type":"WebSite","@id":"https:\/\/vieassociative.be\/actualites\/#website","url":"https:\/\/vieassociative.be\/actualites\/","name":"Vie Associative","description":"","publisher":{"@id":"https:\/\/vieassociative.be\/actualites\/#organization"},"potentialAction":[{"@type":"SearchAction","target":{"@type":"EntryPoint","urlTemplate":"https:\/\/vieassociative.be\/actualites\/?s={search_term_string}"},"query-input":{"@type":"PropertyValueSpecification","valueRequired":true,"valueName":"search_term_string"}}],"inLanguage":"fr-BE"},{"@type":"Organization","@id":"https:\/\/vieassociative.be\/actualites\/#organization","name":"Vie Associative","url":"https:\/\/vieassociative.be\/actualites\/","logo":{"@type":"ImageObject","inLanguage":"fr-BE","@id":"https:\/\/vieassociative.be\/actualites\/#\/schema\/logo\/image\/","url":"https:\/\/vieassociative.be\/actualites\/wp-content\/uploads\/2024\/09\/cropped-vieassociative_favicon.ico.png","contentUrl":"https:\/\/vieassociative.be\/actualites\/wp-content\/uploads\/2024\/09\/cropped-vieassociative_favicon.ico.png","width":512,"height":512,"caption":"Vie Associative"},"image":{"@id":"https:\/\/vieassociative.be\/actualites\/#\/schema\/logo\/image\/"}},{"@type":"Person","@id":"https:\/\/vieassociative.be\/actualites\/#\/schema\/person\/b87ac4f82f9d4e7b7cec7395b679edc4","name":"Julien","image":{"@type":"ImageObject","inLanguage":"fr-BE","@id":"https:\/\/vieassociative.be\/actualites\/#\/schema\/person\/image\/","url":"https:\/\/vieassociative.be\/actualites\/wp-content\/uploads\/2024\/09\/vie-associative-1-150x150.jpg","contentUrl":"https:\/\/vieassociative.be\/actualites\/wp-content\/uploads\/2024\/09\/vie-associative-1-150x150.jpg","caption":"Julien"},"description":"Je suis Julien, r\u00e9dacteur pour Vie Associative. Passionn\u00e9 par le monde associatif depuis plus de 10 ans, j'ai \u00e0 c\u0153ur de partager des histoires inspirantes et de mettre en lumi\u00e8re les initiatives locales. Mon objectif est de sensibiliser et d'encourager l'engagement communautaire \u00e0 travers mes articles.","sameAs":["https:\/\/vieassociative.be\/"]}]}},"_links":{"self":[{"href":"https:\/\/vieassociative.be\/actualites\/wp-json\/wp\/v2\/posts\/799"}],"collection":[{"href":"https:\/\/vieassociative.be\/actualites\/wp-json\/wp\/v2\/posts"}],"about":[{"href":"https:\/\/vieassociative.be\/actualites\/wp-json\/wp\/v2\/types\/post"}],"author":[{"embeddable":true,"href":"https:\/\/vieassociative.be\/actualites\/wp-json\/wp\/v2\/users\/1"}],"replies":[{"embeddable":true,"href":"https:\/\/vieassociative.be\/actualites\/wp-json\/wp\/v2\/comments?post=799"}],"version-history":[{"count":0,"href":"https:\/\/vieassociative.be\/actualites\/wp-json\/wp\/v2\/posts\/799\/revisions"}],"wp:featuredmedia":[{"embeddable":true,"href":"https:\/\/vieassociative.be\/actualites\/wp-json\/wp\/v2\/media\/800"}],"wp:attachment":[{"href":"https:\/\/vieassociative.be\/actualites\/wp-json\/wp\/v2\/media?parent=799"}],"wp:term":[{"taxonomy":"category","embeddable":true,"href":"https:\/\/vieassociative.be\/actualites\/wp-json\/wp\/v2\/categories?post=799"},{"taxonomy":"post_tag","embeddable":true,"href":"https:\/\/vieassociative.be\/actualites\/wp-json\/wp\/v2\/tags?post=799"}],"curies":[{"name":"wp","href":"https:\/\/api.w.org\/{rel}","templated":true}]}}