{"id":7985,"date":"2025-06-05T02:18:48","date_gmt":"2025-06-05T00:18:48","guid":{"rendered":"https:\/\/vieassociative.be\/actualites\/je-suis-un-coureur-de-marathon-et-ce-sont-mes-offres-preferees-de-la-journee-mondiale\/"},"modified":"2025-06-05T02:18:48","modified_gmt":"2025-06-05T00:18:48","slug":"je-suis-un-coureur-de-marathon-et-ce-sont-mes-offres-preferees-de-la-journee-mondiale","status":"publish","type":"post","link":"https:\/\/vieassociative.be\/actualites\/je-suis-un-coureur-de-marathon-et-ce-sont-mes-offres-preferees-de-la-journee-mondiale\/","title":{"rendered":"Je suis un coureur de marathon, et ce sont mes offres pr\u00e9f\u00e9r\u00e9es de la \u00abJourn\u00e9e mondiale\u00bb"},"content":{"rendered":"<div class=\"mt-4 leading-6 md:mb-8\">Courez, ne marchez pas, pour marquer un accord s\u00e9rieux le 4 juin.<\/div>\n<p><\/p>\n<p>Cette ann\u00e9e, Global Running Day est le 4 juin. Comme la plupart des vacances non officielles, c&rsquo;est une journ\u00e9e non seulement de c\u00e9l\u00e9brer notre amour partag\u00e9 de la course \u00e0 pied &#8211; c&rsquo;est aussi une excuse pour que les marques d\u00e9ploient des offres et des promotions sur tout, des chaussures \u00e0 l&rsquo;\u00e9quipement, en passant par les inscriptions.<\/p>\n<p>Que vous soyez un d\u00e9butant \u00e0 la recherche de votre premi\u00e8re vraie paire de chaussures de course ou d&rsquo;un coureur v\u00e9t\u00e9ran qui planifie votre prochaine grande course, cela vaut la peine de consulter les ventes et les remises propos\u00e9es avant de faire le plein d&rsquo;\u00e9quipement ou de vous inscrire \u00e0 ce demi-marathon. J&rsquo;ai parcouru le Web pour les meilleures offres de cette ann\u00e9e, trouv\u00e9es ci-dessous, afin que vous puissiez c\u00e9l\u00e9brer la journ\u00e9e de course mondiale avec un portefeuille plus gros (ne le laissez pas vous alourdir lors de votre prochaine course).<\/p>\n<h2 id=\"race-registration-deals-for-global-running-day-2025\">Offres d&rsquo;enregistrement de la course pour le Jour de la course mondiale 2025<\/h2>\n<p>Vous pourriez penser que vous ne serez jamais dans la course de courses organis\u00e9es. J&rsquo;\u00e9tais comme toi, une fois: un coureur occasionnel qui s&rsquo;est moqu\u00e9 de l&rsquo;id\u00e9e de payer de l&rsquo;argent pour courir. Ensuite, j&rsquo;ai \u00e9t\u00e9 contraint de g\u00e9rer un 5k pour la charit\u00e9. Ensuite, j&rsquo;ai connu le niveau de franchissement de la ligne d&rsquo;arriv\u00e9e. Maintenant, six marathons plus tard, je comprends pourquoi les gens budg\u00e9taient dans leur vie. Parce qu&rsquo;une fois que vous entrez dans le monde des courses, les co\u00fbts peuvent rapidement s&rsquo;additionner.<\/p>\n<p>Si vous souhaitez \u00e9conomiser des frais d&rsquo;inscription, la s\u00e9rie Rock &lsquo;N&rsquo; Roll Running organise une vente de 24 heures sur les inscriptions de course et offre certains des meilleurs prix de l&rsquo;ann\u00e9e. Ce ne sont pas des courses &#8211; les \u00e9v\u00e9nements de Rock n &lsquo;Roll sont connus pour leur atmosph\u00e8re incroyable, leur musique live sur le parcours et les c\u00e9l\u00e9brations d&rsquo;apr\u00e8s-course qui rendent le franchissement de la ligne d&rsquo;arriv\u00e9e encore plus douce.<\/p>\n<p>Le timing ne pourrait pas \u00eatre meilleur si vous cherchez \u00e0 vous inscrire \u00e0 un marathon d&rsquo;automne ou \u00e0 un semi-marathon. Ces courses se vendent g\u00e9n\u00e9ralement, et avec des \u00e9conomies qui peuvent atteindre jusqu&rsquo;\u00e0 130 $ de r\u00e9duction sur les prix r\u00e9guliers, cela vaut la peine de consulter leurs \u00e9v\u00e9nements de destination si vous planifiez un run-cation. Pensez aux localit\u00e9s comme Las Vegas, San Diego, Nashville et Washington DC, la vente commence le 4 juin \u00e0 12 h PT. <\/p>\n<h2 id=\"the-best-global-running-day-sales-on-running-shoes-and-gear\">Les meilleures ventes de jours de course mondiale sur les chaussures de course et l&rsquo;\u00e9quipement <\/h2>\n<p>En tant que personne qui passe par deux \u00e0 trois paires de chaussures de course par an, j&rsquo;ai appris \u00e0 bien chronom\u00e9trer mes achats. J&rsquo;ai fait des fouilles et je peux signaler qu&rsquo;il y a des remises importantes qui ont lieu dans le monde de la course en ce moment, m\u00eame si les ventes de chaussures ne sont pas toujours explicitement li\u00e9es \u00e0 la journ\u00e9e de course mondiale. <\/p>\n<h3>Ventes de chaussures de course<\/h3>\n<p>Je suis un grand d\u00e9fenseur de Saucony en g\u00e9n\u00e9ral, et en particulier le mod\u00e8le Ride 18, donc je parle toujours lorsqu&rsquo;ils sont en vente. L\u00e9ger, doux et r\u00e9actif, c&rsquo;\u00e9tait mes chaussures de choix lorsque j&rsquo;ai couru le marathon de New York en 2023, et vous pouvez les trouver pour une bonne remise pour le moment.<\/p>\n<div class=\"pogoClear mb-12 mt-10 rounded-md border-2 border-gray-100 py-7 shadow-xl md:py-6\">\n<div class=\"flex flex-wrap justify-between px-7 text-black no-underline md:flex-nowrap md:px-8\">\n<div class=\"order-1 mx-auto flex flex-col justify-center md:order-2 md:ml-4 md:w-full md:grow\">\n<div class=\"block cursor-pointer text-center font-akshar text-2xl font-medium leading-7 text-brand-green duration-200 ease-in-out hover:text-brand-green-700 md:text-left md:text-xl md:leading-6\">Saucony Women&rsquo;s Ride 18\n                <\/div>\n<div class=\"mt-4 hidden md:flex md:justify-between\">\n<div class=\"self-end\">\n<div class=\"mb-0 h-11 md:flex md:flex-col md:justify-center\">\n<div class=\" font-sans leading-4 text-black\">\n<div class=\"flex flex-wrap items-center justify-center gap-x-1 md:justify-start\">\n        <span class=\"font-bold\"><\/p>\n<p>            139,95 $<br \/>\n                            <span class=\"font-medium\">\u00e0 Amazon<\/span><br \/>\n                    <\/span><br \/>\n                    <img decoding=\"async\" class=\"mt-0 h-(15px)\" src=\"https:\/\/vieassociative.be\/actualites\/wp-content\/uploads\/2025\/06\/Je-suis-un-coureur-de-marathon-et-ce-sont-mes.svg.svg+xml\" title=\"Amazon Prime\" alt=\"Amazon Prime\">\n            <\/div>\n<\/p><\/div>\n<\/p><\/div>\n<\/p><\/div>\n<div class=\"w-44 self-end\">\n                            <button class=\"flex justify-center items-center w-full bg-brand-green text-white text-base font-sans font-medium rounded-md hover:bg-brand-green-700 hover:cursor-pointer md:text-sm h-11\"><\/p>\n<p>    Conclure un accord<br \/>\n<\/button>\n                        <\/div>\n<\/p><\/div>\n<\/p><\/div>\n<div class=\"order-2 mt-5 h-auto w-full md:order-1 md:mt-0 md:hidden\">\n<div class=\"flex aspect-video items-center justify-center\">\n                                            <img decoding=\"async\" class=\"m-0 max-h-full max-w-full rounded-md\" src=\"https:\/\/vieassociative.be\/actualites\/wp-content\/uploads\/2025\/06\/Je-suis-un-coureur-de-marathon-et-ce-sont-mes.jpg\" alt=\"Saucony Women's Ride 18 Sneaker, Vanilla, 5\" width=\"auto\" height=\"auto\" loading=\"lazy\">\n                                    <\/div>\n<\/p><\/div>\n<div class=\"order-2 ml-2 hidden w-32 shrink-0 items-center md:order-1 md:ml-0 md:flex\">\n<div class=\"flex aspect-video items-center justify-center\">\n                                            <img decoding=\"async\" class=\"m-0 max-h-full max-w-full rounded-md\" src=\"https:\/\/vieassociative.be\/actualites\/wp-content\/uploads\/2025\/06\/Je-suis-un-coureur-de-marathon-et-ce-sont-mes.jpg\" alt=\"Saucony Women's Ride 18 Sneaker, Vanilla, 5\" width=\"auto\" height=\"auto\" loading=\"lazy\">\n                                    <\/div>\n<\/p><\/div>\n<div class=\"order-3 flex grow flex-wrap md:hidden md:grow-0\">\n<div class=\"mt-4 w-full\">\n                        <button class=\"flex justify-center items-center w-full bg-brand-green text-white text-base font-sans font-medium rounded-md hover:bg-brand-green-700 hover:cursor-pointer md:text-sm h-11\"><\/p>\n<p>    Conclure un accord<br \/>\n<\/button>\n                    <\/div>\n<div class=\"mx-2 mt-4 w-full\">\n<div class=\" font-sans leading-4 text-black\">\n<div class=\"flex flex-wrap items-center justify-center gap-x-1 md:justify-start\">\n        <span class=\"font-bold\"><\/p>\n<p>            139,95 $<br \/>\n                            <span class=\"font-medium\">\u00e0 Amazon<\/span><br \/>\n                    <\/span><br \/>\n                    <img decoding=\"async\" class=\"mt-0 h-(15px)\" src=\"https:\/\/vieassociative.be\/actualites\/wp-content\/uploads\/2025\/06\/Je-suis-un-coureur-de-marathon-et-ce-sont-mes.svg.svg+xml\" title=\"Amazon Prime\" alt=\"Amazon Prime\">\n            <\/div>\n<\/p><\/div>\n<\/p><\/div>\n<\/p><\/div>\n<\/p><\/div>\n<\/div>\n<div class=\"pogoClear mb-12 mt-10 rounded-md border-2 border-gray-100 py-7 shadow-xl md:py-6\">\n<div class=\"flex flex-wrap justify-between px-7 text-black no-underline md:flex-nowrap md:px-8\">\n<div class=\"order-1 mx-auto flex flex-col justify-center md:order-2 md:ml-4 md:w-full md:grow\">\n<div class=\"block cursor-pointer text-center font-akshar text-2xl font-medium leading-7 text-brand-green duration-200 ease-in-out hover:text-brand-green-700 md:text-left md:text-xl md:leading-6\">Saucony Men&rsquo;s Ride 18\n                <\/div>\n<div class=\"mt-4 hidden md:flex md:justify-between\">\n<div class=\"self-end\">\n<div class=\"mb-0 h-11 md:flex md:flex-col md:justify-center\">\n<div class=\" font-sans leading-4 text-black\">\n<div class=\"flex flex-wrap items-center justify-center gap-x-1 md:justify-start\">\n        <span class=\"font-bold\"><\/p>\n<p>            139,95 $<br \/>\n                            <span class=\"font-medium\">\u00e0 Amazon<\/span><br \/>\n                    <\/span><br \/>\n                    <img decoding=\"async\" class=\"mt-0 h-(15px)\" src=\"https:\/\/vieassociative.be\/actualites\/wp-content\/uploads\/2025\/06\/Je-suis-un-coureur-de-marathon-et-ce-sont-mes.svg.svg+xml\" title=\"Amazon Prime\" alt=\"Amazon Prime\">\n            <\/div>\n<\/p><\/div>\n<\/p><\/div>\n<\/p><\/div>\n<div class=\"w-44 self-end\">\n                            <button class=\"flex justify-center items-center w-full bg-brand-green text-white text-base font-sans font-medium rounded-md hover:bg-brand-green-700 hover:cursor-pointer md:text-sm h-11\"><\/p>\n<p>    Conclure un accord<br \/>\n<\/button>\n                        <\/div>\n<\/p><\/div>\n<\/p><\/div>\n<div class=\"order-2 mt-5 h-auto w-full md:order-1 md:mt-0 md:hidden\">\n<div class=\"flex aspect-video items-center justify-center\">\n                                            <img decoding=\"async\" class=\"m-0 max-h-full max-w-full rounded-md\" src=\"https:\/\/vieassociative.be\/actualites\/wp-content\/uploads\/2025\/06\/1749082728_84_Je-suis-un-coureur-de-marathon-et-ce-sont-mes.jpg\" alt=\"Saucony Men's Ride 18 Sneaker, White \/ Azurite, 9\" width=\"auto\" height=\"auto\" loading=\"lazy\">\n                                    <\/div>\n<\/p><\/div>\n<div class=\"order-2 ml-2 hidden w-32 shrink-0 items-center md:order-1 md:ml-0 md:flex\">\n<div class=\"flex aspect-video items-center justify-center\">\n                                            <img decoding=\"async\" class=\"m-0 max-h-full max-w-full rounded-md\" src=\"https:\/\/vieassociative.be\/actualites\/wp-content\/uploads\/2025\/06\/1749082728_84_Je-suis-un-coureur-de-marathon-et-ce-sont-mes.jpg\" alt=\"Saucony Men's Ride 18 Sneaker, White \/ Azurite, 9\" width=\"auto\" height=\"auto\" loading=\"lazy\">\n                                    <\/div>\n<\/p><\/div>\n<div class=\"order-3 flex grow flex-wrap md:hidden md:grow-0\">\n<div class=\"mt-4 w-full\">\n                        <button class=\"flex justify-center items-center w-full bg-brand-green text-white text-base font-sans font-medium rounded-md hover:bg-brand-green-700 hover:cursor-pointer md:text-sm h-11\"><\/p>\n<p>    Conclure un accord<br \/>\n<\/button>\n                    <\/div>\n<div class=\"mx-2 mt-4 w-full\">\n<div class=\" font-sans leading-4 text-black\">\n<div class=\"flex flex-wrap items-center justify-center gap-x-1 md:justify-start\">\n        <span class=\"font-bold\"><\/p>\n<p>            139,95 $<br \/>\n                            <span class=\"font-medium\">\u00e0 Amazon<\/span><br \/>\n                    <\/span><br \/>\n                    <img decoding=\"async\" class=\"mt-0 h-(15px)\" src=\"https:\/\/vieassociative.be\/actualites\/wp-content\/uploads\/2025\/06\/Je-suis-un-coureur-de-marathon-et-ce-sont-mes.svg.svg+xml\" title=\"Amazon Prime\" alt=\"Amazon Prime\">\n            <\/div>\n<\/p><\/div>\n<\/p><\/div>\n<\/p><\/div>\n<\/p><\/div>\n<\/div>\n<p>Alternativement, le Hoka Clifton 10 est parfait pour les coureurs \u00e0 la recherche d&rsquo;une chaussure de course confortable qui passe de mani\u00e8re transparente vers des v\u00eatements d\u00e9contract\u00e9s. \u00c0 l&rsquo;heure actuelle, ils sont disponibles pour 147,86 $ (femmes) et 149,18 $ (hommes).<\/p>\n<h3>Ventes sur les \u00e9quipes de running et Garmin Fitness Watches<\/h3>\n<p>En parlant de Hoka, leur site a une \u00e9tiquette de \u00ab\u00a0journ\u00e9e de course mondiale\u00a0\u00bb remplie d&rsquo;offres sur les chaussures, les chemises et les casquettes. Amazon a \u00e9galement une vente de jour de course mondiale, et bien qu&rsquo;il soit maigre, il comporte une s\u00e9lection de chaussures l\u00e9g\u00e8res disponibles pour moins de 100 $. <\/p>\n<p>Il y a \u00e9galement des offres solides sur les montres de course en ce moment, en particulier les Garmin Forerunners, alias les meilleures montres de course d\u00e9di\u00e9es sur le march\u00e9. Voici les offres les plus fortes que j&rsquo;ai vues \u00e0 ce jour:<\/p>\n<div class=\"pogoClear relative my-10 border-b-(1.5px) border-t-(1.5px) border-dashed border-black py-5 sm:my-14 sm:border-0 sm:py-0\" data-ga-click data-ga-template=\"Explainers\" data-ga-module=\"openweb_widget\" data-ga-element=\"openweb_scroll\" data-ga-item=\"openweb_scroll_midpage\" x-data=\"{\n         commentsCount: null,\n         hasComments: false,\n         async fetchCommentsCount() {\n             try {\n                 if (window.openweb &amp;&amp; typeof window.openweb.getMessagesCount === 'function') {\n                     this.commentsCount = await window.openweb.getMessagesCount('01JWV95FPJ5ZD8FG9EHSPMNWJ5');\n                     this.hasComments = this.commentsCount !== null &amp;&amp; this.commentsCount &gt; 0;\n                 }\n             } catch (e) {\n                 console.warn('Failed to fetch comment count:', e);\n             }\n         }\n     }\" x-init=\"fetchCommentsCount()\" x-cloak><\/p>\n<div class=\"absolute top-1\/2 hidden w-full -translate-y-1\/2 border-t-(1.5px) border-dashed border-black sm:block\"><\/div>\n<div class=\"relative flex justify-center\">\n<div class=\"flex max-w-fit items-center gap-x-3 bg-white px-5\">\n<div class=\"relative\">\n                <span class=\"absolute left-1\/2 top-1\/2 -translate-x-1\/2 -translate-y-1\/2 font-akshar text-sm font-medium text-black\" aria-live=\"polite\" x-show=\"hasComments\" x-text=\"commentsCount\"><\/span><\/p>\n<p>                <svg class=\"h-8 w-8 text-black\" role=\"img\" aria-hidden=\"true\">\n                    <use href=\"http:\/\/lifehacker.com\/images\/icons\/spritemap.svg#sprite-chat-bubble\"><\/use>\n                <\/svg>\n            <\/div>\n<p>            <span class=\"text-sm font-medium text-black\"><\/p>\n<p>                Que pensez-vous jusqu&rsquo;\u00e0 pr\u00e9sent?<br \/>\n                <button class=\"ml-1 font-semibold text-brand-green underline hover:text-brand-green-700\" type=\"button\" aria-label=\"Comment section trigger\" onclick=\"window.openweb.scrollToComments('01JWV95FPJ5ZD8FG9EHSPMNWJ5')\" x-text=\"hasComments ? 'Post a comment.' : 'Be the first to post a comment.'\"><\/button><br \/>\n            <\/span>\n        <\/div>\n<\/p><\/div>\n<\/div>\n<ul>\n<li>\n<p>Le pr\u00e9curseur 265 est de 349,99 $ (contre 449,99 $)<\/p>\n<\/li>\n<li>\n<p>Le pr\u00e9curseur 255 est de 299 $ (contre 399,99 $)<\/p>\n<\/li>\n<li>\n<p>Le pr\u00e9curseur 955 est de 369,99 $ (contre 499,99 $)<\/p>\n<\/li>\n<\/ul>\n<div class=\"pogoClear mb-12 mt-10 rounded-md border-2 border-gray-100 py-7 shadow-xl md:py-6\">\n<div class=\"flex flex-wrap justify-between px-7 text-black no-underline md:flex-nowrap md:px-8\">\n<div class=\"order-1 mx-auto flex flex-col justify-center md:order-2 md:ml-4 md:w-full md:grow\">\n<div class=\"block cursor-pointer text-center font-akshar text-2xl font-medium leading-7 text-brand-green duration-200 ease-in-out hover:text-brand-green-700 md:text-left md:text-xl md:leading-6\">Garmin Forerunner 265\n                <\/div>\n<div class=\"mt-4 hidden md:flex md:justify-between\">\n<div class=\"self-end\">\n<div class=\"mb-0 h-11 md:flex md:flex-col md:justify-center\">\n<div class=\" font-sans leading-4 text-black\">\n<div class=\"flex flex-wrap items-center justify-center gap-x-1 md:justify-start\">\n        <span class=\"font-bold\"><\/p>\n<p>            349,99 $<br \/>\n                            <span class=\"font-medium\">\u00e0 Amazon<\/span><br \/>\n                    <\/span><br \/>\n                    <img decoding=\"async\" class=\"mt-0 h-(15px)\" src=\"https:\/\/vieassociative.be\/actualites\/wp-content\/uploads\/2025\/06\/Je-suis-un-coureur-de-marathon-et-ce-sont-mes.svg.svg+xml\" title=\"Amazon Prime\" alt=\"Amazon Prime\">\n            <\/div>\n<div class=\"flex items-center justify-center gap-x-1 font-bold md:justify-start\">\n            <span class=\"text-sm line-through\">449,99 $<\/span><br \/>\n            <span class=\"text-sm text-brand-green\">\u00c9conomisez 100,00 $<\/span>\n        <\/div>\n<\/p><\/div>\n<\/p><\/div>\n<\/p><\/div>\n<div class=\"w-44 self-end\">\n                            <button class=\"flex justify-center items-center w-full bg-brand-green text-white text-base font-sans font-medium rounded-md hover:bg-brand-green-700 hover:cursor-pointer md:text-sm h-11\"><\/p>\n<p>    Conclure un accord<br \/>\n<\/button>\n                        <\/div>\n<\/p><\/div>\n<\/p><\/div>\n<div class=\"order-2 mt-5 h-auto w-full md:order-1 md:mt-0 md:hidden\">\n<div class=\"flex aspect-video items-center justify-center\">\n                                            <img decoding=\"async\" class=\"m-0 max-h-full max-w-full rounded-md\" src=\"https:\/\/vieassociative.be\/actualites\/wp-content\/uploads\/2025\/06\/1749082728_603_Je-suis-un-coureur-de-marathon-et-ce-sont-mes.jpg\" alt=\"GARMIN FORERUNNER 265 Running Smartwatch, Affichage AMOLED color\u00e9, m\u00e9triques d'entra\u00eenement et id\u00e9es de r\u00e9cup\u00e9ration, noir et gris poudre\" width=\"auto\" height=\"auto\" loading=\"lazy\">\n                                    <\/div>\n<\/p><\/div>\n<div class=\"order-2 ml-2 hidden w-32 shrink-0 items-center md:order-1 md:ml-0 md:flex\">\n<div class=\"flex aspect-video items-center justify-center\">\n                                            <img decoding=\"async\" class=\"m-0 max-h-full max-w-full rounded-md\" src=\"https:\/\/vieassociative.be\/actualites\/wp-content\/uploads\/2025\/06\/1749082728_603_Je-suis-un-coureur-de-marathon-et-ce-sont-mes.jpg\" alt=\"GARMIN FORERUNNER 265 Running Smartwatch, Affichage AMOLED color\u00e9, m\u00e9triques d'entra\u00eenement et id\u00e9es de r\u00e9cup\u00e9ration, noir et gris poudre\" width=\"auto\" height=\"auto\" loading=\"lazy\">\n                                    <\/div>\n<\/p><\/div>\n<div class=\"order-3 flex grow flex-wrap md:hidden md:grow-0\">\n<div class=\"mt-4 w-full\">\n                        <button class=\"flex justify-center items-center w-full bg-brand-green text-white text-base font-sans font-medium rounded-md hover:bg-brand-green-700 hover:cursor-pointer md:text-sm h-11\"><\/p>\n<p>    Conclure un accord<br \/>\n<\/button>\n                    <\/div>\n<div class=\"mx-2 mt-4 w-full\">\n<div class=\" font-sans leading-4 text-black\">\n<div class=\"flex flex-wrap items-center justify-center gap-x-1 md:justify-start\">\n        <span class=\"font-bold\"><\/p>\n<p>            349,99 $<br \/>\n                            <span class=\"font-medium\">\u00e0 Amazon<\/span><br \/>\n                    <\/span><br \/>\n                    <img decoding=\"async\" class=\"mt-0 h-(15px)\" src=\"https:\/\/vieassociative.be\/actualites\/wp-content\/uploads\/2025\/06\/Je-suis-un-coureur-de-marathon-et-ce-sont-mes.svg.svg+xml\" title=\"Amazon Prime\" alt=\"Amazon Prime\">\n            <\/div>\n<div class=\"flex items-center justify-center gap-x-1 font-bold md:justify-start\">\n            <span class=\"text-sm line-through\">449,99 $<\/span><br \/>\n            <span class=\"text-sm text-brand-green\">\u00c9conomisez 100,00 $<\/span>\n        <\/div>\n<\/p><\/div>\n<\/p><\/div>\n<\/p><\/div>\n<\/p><\/div>\n<\/div>\n<h2 id=\"digital-motivation-and-community\">Motivation num\u00e9rique et communaut\u00e9<\/h2>\n<p>Je fais celui-ci chaque ann\u00e9e: visitez GlobalRunningDay.org pour vous inscrire \u00e0 la Journal Running Day 5K officielle de Nyrr Global afin que vous puissiez \u00ab\u00a0courir avec le monde\u00a0\u00bb. Il y a quelque chose d&rsquo;incroyablement motivant \u00e0 conna\u00eetre les coureurs \u00e0 travers le monde enjambe leurs chaussures pour la m\u00eame c\u00e9l\u00e9bration. De plus, cela fait du bien de faire partie de tous ces noms dans le classement Strava. <\/p>\n<p>Vous pouvez ex\u00e9cuter le Virtual 5K n&rsquo;importe o\u00f9, \u00e0 tout moment entre le 31 mai et le 8 juin. Les r\u00e9sultats de la course seront disponibles sur le site de r\u00e9sultats NYRR et dans votre tableau de bord Nyrr avant le jeudi 12 juin.<\/p>\n<h2 id=\"my-shopping-strategy-for-maximizing-my-savings-on-running-gear\">Ma strat\u00e9gie d&rsquo;achat pour maximiser mes \u00e9conomies sur le mat\u00e9riel de course<\/h2>\n<p>Apr\u00e8s avoir navigu\u00e9 d&rsquo;innombrables ventes en cours d&rsquo;ex\u00e9cution au fil des ans, je veux partager mon approche pour marquer un accord: prioriser d&rsquo;abord les chaussures (ils sont votre \u00e9quipement le plus important et le plus cher), puis recherchez des r\u00e9ductions sur les courses \u00e0 venir pour lesquelles vous souhaitez vous inscrire, et enfin parcourir des offres pour l&rsquo;\u00e9quipement et d&rsquo;autres articles que vous avez repouss\u00e9s. En g\u00e9n\u00e9ral, gardez un \u0153il sur les forfaits organis\u00e9s des magasins de course sp\u00e9cialis\u00e9s &#8211; ils offrent souvent une grande valeur et vous pr\u00e9sentent des produits que vous n&rsquo;auriez peut-\u00eatre pas d\u00e9couvert le contraire.  <\/p>\n<p>Ne vous laissez pas prendre dans l&rsquo;achat de quelque chose simplement parce qu&rsquo;il est en vente. Tenez-vous \u00e0 des marques et \u00e0 des mod\u00e8les que vous avez recherch\u00e9s ou utilis\u00e9s et aim\u00e9s auparavant. La cl\u00e9 est de savoir ce dont vous avez besoin et d&rsquo;agir rapidement &#8211; les meilleures offres ont tendance \u00e0 se vendre rapidement, en particulier dans les tailles et les couleurs populaires. D\u00e9finissez ces alarmes pour les achats t\u00f4t le matin, tout comme vous le feriez pour une longue course d&rsquo;entra\u00eenement.<\/p>\n<p>Maintenant, si vous m&rsquo;excusez, j&rsquo;ai des achats en ligne \u00e0 faire avant de partir pour enregistrer mes miles de jour de course mondiale.<\/p>\n","protected":false},"excerpt":{"rendered":"<p>Courez, ne marchez pas, pour marquer un accord s\u00e9rieux le 4 juin. Cette ann\u00e9e, Global Running Day est le 4 juin. Comme la plupart des<\/p>\n","protected":false},"author":1,"featured_media":7986,"comment_status":"","ping_status":"","sticky":false,"template":"","format":"standard","meta":{"footnotes":""},"categories":[38],"tags":[6769,2877,889,87,2990,345,116,18,2985],"class_list":["post-7985","post","type-post","status-publish","format-standard","has-post-thumbnail","hentry","category-sante","tag-coureur","tag-journee","tag-marathon","tag-mes","tag-mondiale","tag-offres","tag-preferees","tag-sont","tag-suis","generate-columns","tablet-grid-50","mobile-grid-100","grid-parent","grid-33"],"yoast_head":"<!-- This site is optimized with the Yoast SEO plugin v24.0 - https:\/\/yoast.com\/wordpress\/plugins\/seo\/ -->\n<title>Je suis un coureur de marathon, et ce sont mes offres pr\u00e9f\u00e9r\u00e9es de la \u00abJourn\u00e9e mondiale\u00bb | Vie Associative<\/title>\n<meta name=\"robots\" content=\"index, follow, max-snippet:-1, max-image-preview:large, max-video-preview:-1\" \/>\n<link rel=\"canonical\" href=\"https:\/\/vieassociative.be\/actualites\/je-suis-un-coureur-de-marathon-et-ce-sont-mes-offres-preferees-de-la-journee-mondiale\/\" \/>\n<meta property=\"og:locale\" content=\"fr_FR\" \/>\n<meta property=\"og:type\" content=\"article\" \/>\n<meta property=\"og:title\" content=\"Je suis un coureur de marathon, et ce sont mes offres pr\u00e9f\u00e9r\u00e9es de la \u00abJourn\u00e9e mondiale\u00bb | Vie Associative\" \/>\n<meta property=\"og:description\" content=\"Courez, ne marchez pas, pour marquer un accord s\u00e9rieux le 4 juin. Cette ann\u00e9e, Global Running Day est le 4 juin. Comme la plupart des\" \/>\n<meta property=\"og:url\" content=\"https:\/\/vieassociative.be\/actualites\/je-suis-un-coureur-de-marathon-et-ce-sont-mes-offres-preferees-de-la-journee-mondiale\/\" \/>\n<meta property=\"og:site_name\" content=\"Vie Associative\" \/>\n<meta property=\"article:published_time\" content=\"2025-06-05T00:18:48+00:00\" \/>\n<meta property=\"og:image\" content=\"https:\/\/vieassociative.be\/actualites\/wp-content\/uploads\/2025\/06\/Je-suis-un-coureur-de-marathon-et-ce-sont-mes.svg.svg+xml\" \/>\n<meta name=\"author\" content=\"Julien\" \/>\n<meta name=\"twitter:card\" content=\"summary_large_image\" \/>\n<meta name=\"twitter:label1\" content=\"\u00c9crit par\" \/>\n\t<meta name=\"twitter:data1\" content=\"Julien\" \/>\n\t<meta name=\"twitter:label2\" content=\"Dur\u00e9e de lecture est.\" \/>\n\t<meta name=\"twitter:data2\" content=\"6 minutes\" \/>\n<script type=\"application\/ld+json\" class=\"yoast-schema-graph\">{\"@context\":\"https:\/\/schema.org\",\"@graph\":[{\"@type\":\"Article\",\"@id\":\"https:\/\/vieassociative.be\/actualites\/je-suis-un-coureur-de-marathon-et-ce-sont-mes-offres-preferees-de-la-journee-mondiale\/#article\",\"isPartOf\":{\"@id\":\"https:\/\/vieassociative.be\/actualites\/je-suis-un-coureur-de-marathon-et-ce-sont-mes-offres-preferees-de-la-journee-mondiale\/\"},\"author\":{\"name\":\"Julien\",\"@id\":\"https:\/\/vieassociative.be\/actualites\/#\/schema\/person\/b87ac4f82f9d4e7b7cec7395b679edc4\"},\"headline\":\"Je suis un coureur de marathon, et ce sont mes offres pr\u00e9f\u00e9r\u00e9es de la \u00abJourn\u00e9e mondiale\u00bb\",\"datePublished\":\"2025-06-05T00:18:48+00:00\",\"dateModified\":\"2025-06-05T00:18:48+00:00\",\"mainEntityOfPage\":{\"@id\":\"https:\/\/vieassociative.be\/actualites\/je-suis-un-coureur-de-marathon-et-ce-sont-mes-offres-preferees-de-la-journee-mondiale\/\"},\"wordCount\":1201,\"publisher\":{\"@id\":\"https:\/\/vieassociative.be\/actualites\/#organization\"},\"image\":{\"@id\":\"https:\/\/vieassociative.be\/actualites\/je-suis-un-coureur-de-marathon-et-ce-sont-mes-offres-preferees-de-la-journee-mondiale\/#primaryimage\"},\"thumbnailUrl\":\"https:\/\/vieassociative.be\/actualites\/wp-content\/uploads\/2025\/06\/Je-suis-un-coureur-de-marathon-et-ce-sont-mes.png\",\"keywords\":[\"coureur\",\"journ\u00e9e\",\"marathon\",\"Mes\",\"mondiale\",\"offres\",\"pr\u00e9f\u00e9r\u00e9es\",\"sont\",\"suis\"],\"articleSection\":[\"Sant\u00e9\"],\"inLanguage\":\"fr-BE\"},{\"@type\":\"WebPage\",\"@id\":\"https:\/\/vieassociative.be\/actualites\/je-suis-un-coureur-de-marathon-et-ce-sont-mes-offres-preferees-de-la-journee-mondiale\/\",\"url\":\"https:\/\/vieassociative.be\/actualites\/je-suis-un-coureur-de-marathon-et-ce-sont-mes-offres-preferees-de-la-journee-mondiale\/\",\"name\":\"Je suis un coureur de marathon, et ce sont mes offres pr\u00e9f\u00e9r\u00e9es de la \u00abJourn\u00e9e mondiale\u00bb | Vie Associative\",\"isPartOf\":{\"@id\":\"https:\/\/vieassociative.be\/actualites\/#website\"},\"primaryImageOfPage\":{\"@id\":\"https:\/\/vieassociative.be\/actualites\/je-suis-un-coureur-de-marathon-et-ce-sont-mes-offres-preferees-de-la-journee-mondiale\/#primaryimage\"},\"image\":{\"@id\":\"https:\/\/vieassociative.be\/actualites\/je-suis-un-coureur-de-marathon-et-ce-sont-mes-offres-preferees-de-la-journee-mondiale\/#primaryimage\"},\"thumbnailUrl\":\"https:\/\/vieassociative.be\/actualites\/wp-content\/uploads\/2025\/06\/Je-suis-un-coureur-de-marathon-et-ce-sont-mes.png\",\"datePublished\":\"2025-06-05T00:18:48+00:00\",\"dateModified\":\"2025-06-05T00:18:48+00:00\",\"breadcrumb\":{\"@id\":\"https:\/\/vieassociative.be\/actualites\/je-suis-un-coureur-de-marathon-et-ce-sont-mes-offres-preferees-de-la-journee-mondiale\/#breadcrumb\"},\"inLanguage\":\"fr-BE\",\"potentialAction\":[{\"@type\":\"ReadAction\",\"target\":[\"https:\/\/vieassociative.be\/actualites\/je-suis-un-coureur-de-marathon-et-ce-sont-mes-offres-preferees-de-la-journee-mondiale\/\"]}]},{\"@type\":\"ImageObject\",\"inLanguage\":\"fr-BE\",\"@id\":\"https:\/\/vieassociative.be\/actualites\/je-suis-un-coureur-de-marathon-et-ce-sont-mes-offres-preferees-de-la-journee-mondiale\/#primaryimage\",\"url\":\"https:\/\/vieassociative.be\/actualites\/wp-content\/uploads\/2025\/06\/Je-suis-un-coureur-de-marathon-et-ce-sont-mes.png\",\"contentUrl\":\"https:\/\/vieassociative.be\/actualites\/wp-content\/uploads\/2025\/06\/Je-suis-un-coureur-de-marathon-et-ce-sont-mes.png\",\"width\":1200,\"height\":675,\"caption\":\"Je suis un coureur de marathon, et ce sont mes offres pr\u00e9f\u00e9r\u00e9es de la \u00abJourn\u00e9e mondiale\u00bb\"},{\"@type\":\"BreadcrumbList\",\"@id\":\"https:\/\/vieassociative.be\/actualites\/je-suis-un-coureur-de-marathon-et-ce-sont-mes-offres-preferees-de-la-journee-mondiale\/#breadcrumb\",\"itemListElement\":[{\"@type\":\"ListItem\",\"position\":1,\"name\":\"Accueil\",\"item\":\"https:\/\/vieassociative.be\/actualites\/\"},{\"@type\":\"ListItem\",\"position\":2,\"name\":\"Je suis un coureur de marathon, et ce sont mes offres pr\u00e9f\u00e9r\u00e9es de la \u00abJourn\u00e9e mondiale\u00bb\"}]},{\"@type\":\"WebSite\",\"@id\":\"https:\/\/vieassociative.be\/actualites\/#website\",\"url\":\"https:\/\/vieassociative.be\/actualites\/\",\"name\":\"Vie Associative\",\"description\":\"\",\"publisher\":{\"@id\":\"https:\/\/vieassociative.be\/actualites\/#organization\"},\"potentialAction\":[{\"@type\":\"SearchAction\",\"target\":{\"@type\":\"EntryPoint\",\"urlTemplate\":\"https:\/\/vieassociative.be\/actualites\/?s={search_term_string}\"},\"query-input\":{\"@type\":\"PropertyValueSpecification\",\"valueRequired\":true,\"valueName\":\"search_term_string\"}}],\"inLanguage\":\"fr-BE\"},{\"@type\":\"Organization\",\"@id\":\"https:\/\/vieassociative.be\/actualites\/#organization\",\"name\":\"Vie Associative\",\"url\":\"https:\/\/vieassociative.be\/actualites\/\",\"logo\":{\"@type\":\"ImageObject\",\"inLanguage\":\"fr-BE\",\"@id\":\"https:\/\/vieassociative.be\/actualites\/#\/schema\/logo\/image\/\",\"url\":\"https:\/\/vieassociative.be\/actualites\/wp-content\/uploads\/2024\/09\/cropped-vieassociative_favicon.ico.png\",\"contentUrl\":\"https:\/\/vieassociative.be\/actualites\/wp-content\/uploads\/2024\/09\/cropped-vieassociative_favicon.ico.png\",\"width\":512,\"height\":512,\"caption\":\"Vie Associative\"},\"image\":{\"@id\":\"https:\/\/vieassociative.be\/actualites\/#\/schema\/logo\/image\/\"}},{\"@type\":\"Person\",\"@id\":\"https:\/\/vieassociative.be\/actualites\/#\/schema\/person\/b87ac4f82f9d4e7b7cec7395b679edc4\",\"name\":\"Julien\",\"image\":{\"@type\":\"ImageObject\",\"inLanguage\":\"fr-BE\",\"@id\":\"https:\/\/vieassociative.be\/actualites\/#\/schema\/person\/image\/\",\"url\":\"https:\/\/vieassociative.be\/actualites\/wp-content\/uploads\/2024\/09\/vie-associative-1-150x150.jpg\",\"contentUrl\":\"https:\/\/vieassociative.be\/actualites\/wp-content\/uploads\/2024\/09\/vie-associative-1-150x150.jpg\",\"caption\":\"Julien\"},\"description\":\"Je suis Julien, r\u00e9dacteur pour Vie Associative. Passionn\u00e9 par le monde associatif depuis plus de 10 ans, j'ai \u00e0 c\u0153ur de partager des histoires inspirantes et de mettre en lumi\u00e8re les initiatives locales. Mon objectif est de sensibiliser et d'encourager l'engagement communautaire \u00e0 travers mes articles.\",\"sameAs\":[\"https:\/\/vieassociative.be\/\"]}]}<\/script>\n<!-- \/ Yoast SEO plugin. -->","yoast_head_json":{"title":"Je suis un coureur de marathon, et ce sont mes offres pr\u00e9f\u00e9r\u00e9es de la \u00abJourn\u00e9e mondiale\u00bb | Vie Associative","robots":{"index":"index","follow":"follow","max-snippet":"max-snippet:-1","max-image-preview":"max-image-preview:large","max-video-preview":"max-video-preview:-1"},"canonical":"https:\/\/vieassociative.be\/actualites\/je-suis-un-coureur-de-marathon-et-ce-sont-mes-offres-preferees-de-la-journee-mondiale\/","og_locale":"fr_FR","og_type":"article","og_title":"Je suis un coureur de marathon, et ce sont mes offres pr\u00e9f\u00e9r\u00e9es de la \u00abJourn\u00e9e mondiale\u00bb | Vie Associative","og_description":"Courez, ne marchez pas, pour marquer un accord s\u00e9rieux le 4 juin. Cette ann\u00e9e, Global Running Day est le 4 juin. Comme la plupart des","og_url":"https:\/\/vieassociative.be\/actualites\/je-suis-un-coureur-de-marathon-et-ce-sont-mes-offres-preferees-de-la-journee-mondiale\/","og_site_name":"Vie Associative","article_published_time":"2025-06-05T00:18:48+00:00","og_image":[{"url":"https:\/\/vieassociative.be\/actualites\/wp-content\/uploads\/2025\/06\/Je-suis-un-coureur-de-marathon-et-ce-sont-mes.svg.svg+xml","type":"","width":"","height":""}],"author":"Julien","twitter_card":"summary_large_image","twitter_misc":{"\u00c9crit par":"Julien","Dur\u00e9e de lecture est.":"6 minutes"},"schema":{"@context":"https:\/\/schema.org","@graph":[{"@type":"Article","@id":"https:\/\/vieassociative.be\/actualites\/je-suis-un-coureur-de-marathon-et-ce-sont-mes-offres-preferees-de-la-journee-mondiale\/#article","isPartOf":{"@id":"https:\/\/vieassociative.be\/actualites\/je-suis-un-coureur-de-marathon-et-ce-sont-mes-offres-preferees-de-la-journee-mondiale\/"},"author":{"name":"Julien","@id":"https:\/\/vieassociative.be\/actualites\/#\/schema\/person\/b87ac4f82f9d4e7b7cec7395b679edc4"},"headline":"Je suis un coureur de marathon, et ce sont mes offres pr\u00e9f\u00e9r\u00e9es de la \u00abJourn\u00e9e mondiale\u00bb","datePublished":"2025-06-05T00:18:48+00:00","dateModified":"2025-06-05T00:18:48+00:00","mainEntityOfPage":{"@id":"https:\/\/vieassociative.be\/actualites\/je-suis-un-coureur-de-marathon-et-ce-sont-mes-offres-preferees-de-la-journee-mondiale\/"},"wordCount":1201,"publisher":{"@id":"https:\/\/vieassociative.be\/actualites\/#organization"},"image":{"@id":"https:\/\/vieassociative.be\/actualites\/je-suis-un-coureur-de-marathon-et-ce-sont-mes-offres-preferees-de-la-journee-mondiale\/#primaryimage"},"thumbnailUrl":"https:\/\/vieassociative.be\/actualites\/wp-content\/uploads\/2025\/06\/Je-suis-un-coureur-de-marathon-et-ce-sont-mes.png","keywords":["coureur","journ\u00e9e","marathon","Mes","mondiale","offres","pr\u00e9f\u00e9r\u00e9es","sont","suis"],"articleSection":["Sant\u00e9"],"inLanguage":"fr-BE"},{"@type":"WebPage","@id":"https:\/\/vieassociative.be\/actualites\/je-suis-un-coureur-de-marathon-et-ce-sont-mes-offres-preferees-de-la-journee-mondiale\/","url":"https:\/\/vieassociative.be\/actualites\/je-suis-un-coureur-de-marathon-et-ce-sont-mes-offres-preferees-de-la-journee-mondiale\/","name":"Je suis un coureur de marathon, et ce sont mes offres pr\u00e9f\u00e9r\u00e9es de la \u00abJourn\u00e9e mondiale\u00bb | Vie Associative","isPartOf":{"@id":"https:\/\/vieassociative.be\/actualites\/#website"},"primaryImageOfPage":{"@id":"https:\/\/vieassociative.be\/actualites\/je-suis-un-coureur-de-marathon-et-ce-sont-mes-offres-preferees-de-la-journee-mondiale\/#primaryimage"},"image":{"@id":"https:\/\/vieassociative.be\/actualites\/je-suis-un-coureur-de-marathon-et-ce-sont-mes-offres-preferees-de-la-journee-mondiale\/#primaryimage"},"thumbnailUrl":"https:\/\/vieassociative.be\/actualites\/wp-content\/uploads\/2025\/06\/Je-suis-un-coureur-de-marathon-et-ce-sont-mes.png","datePublished":"2025-06-05T00:18:48+00:00","dateModified":"2025-06-05T00:18:48+00:00","breadcrumb":{"@id":"https:\/\/vieassociative.be\/actualites\/je-suis-un-coureur-de-marathon-et-ce-sont-mes-offres-preferees-de-la-journee-mondiale\/#breadcrumb"},"inLanguage":"fr-BE","potentialAction":[{"@type":"ReadAction","target":["https:\/\/vieassociative.be\/actualites\/je-suis-un-coureur-de-marathon-et-ce-sont-mes-offres-preferees-de-la-journee-mondiale\/"]}]},{"@type":"ImageObject","inLanguage":"fr-BE","@id":"https:\/\/vieassociative.be\/actualites\/je-suis-un-coureur-de-marathon-et-ce-sont-mes-offres-preferees-de-la-journee-mondiale\/#primaryimage","url":"https:\/\/vieassociative.be\/actualites\/wp-content\/uploads\/2025\/06\/Je-suis-un-coureur-de-marathon-et-ce-sont-mes.png","contentUrl":"https:\/\/vieassociative.be\/actualites\/wp-content\/uploads\/2025\/06\/Je-suis-un-coureur-de-marathon-et-ce-sont-mes.png","width":1200,"height":675,"caption":"Je suis un coureur de marathon, et ce sont mes offres pr\u00e9f\u00e9r\u00e9es de la \u00abJourn\u00e9e mondiale\u00bb"},{"@type":"BreadcrumbList","@id":"https:\/\/vieassociative.be\/actualites\/je-suis-un-coureur-de-marathon-et-ce-sont-mes-offres-preferees-de-la-journee-mondiale\/#breadcrumb","itemListElement":[{"@type":"ListItem","position":1,"name":"Accueil","item":"https:\/\/vieassociative.be\/actualites\/"},{"@type":"ListItem","position":2,"name":"Je suis un coureur de marathon, et ce sont mes offres pr\u00e9f\u00e9r\u00e9es de la \u00abJourn\u00e9e mondiale\u00bb"}]},{"@type":"WebSite","@id":"https:\/\/vieassociative.be\/actualites\/#website","url":"https:\/\/vieassociative.be\/actualites\/","name":"Vie Associative","description":"","publisher":{"@id":"https:\/\/vieassociative.be\/actualites\/#organization"},"potentialAction":[{"@type":"SearchAction","target":{"@type":"EntryPoint","urlTemplate":"https:\/\/vieassociative.be\/actualites\/?s={search_term_string}"},"query-input":{"@type":"PropertyValueSpecification","valueRequired":true,"valueName":"search_term_string"}}],"inLanguage":"fr-BE"},{"@type":"Organization","@id":"https:\/\/vieassociative.be\/actualites\/#organization","name":"Vie Associative","url":"https:\/\/vieassociative.be\/actualites\/","logo":{"@type":"ImageObject","inLanguage":"fr-BE","@id":"https:\/\/vieassociative.be\/actualites\/#\/schema\/logo\/image\/","url":"https:\/\/vieassociative.be\/actualites\/wp-content\/uploads\/2024\/09\/cropped-vieassociative_favicon.ico.png","contentUrl":"https:\/\/vieassociative.be\/actualites\/wp-content\/uploads\/2024\/09\/cropped-vieassociative_favicon.ico.png","width":512,"height":512,"caption":"Vie Associative"},"image":{"@id":"https:\/\/vieassociative.be\/actualites\/#\/schema\/logo\/image\/"}},{"@type":"Person","@id":"https:\/\/vieassociative.be\/actualites\/#\/schema\/person\/b87ac4f82f9d4e7b7cec7395b679edc4","name":"Julien","image":{"@type":"ImageObject","inLanguage":"fr-BE","@id":"https:\/\/vieassociative.be\/actualites\/#\/schema\/person\/image\/","url":"https:\/\/vieassociative.be\/actualites\/wp-content\/uploads\/2024\/09\/vie-associative-1-150x150.jpg","contentUrl":"https:\/\/vieassociative.be\/actualites\/wp-content\/uploads\/2024\/09\/vie-associative-1-150x150.jpg","caption":"Julien"},"description":"Je suis Julien, r\u00e9dacteur pour Vie Associative. Passionn\u00e9 par le monde associatif depuis plus de 10 ans, j'ai \u00e0 c\u0153ur de partager des histoires inspirantes et de mettre en lumi\u00e8re les initiatives locales. Mon objectif est de sensibiliser et d'encourager l'engagement communautaire \u00e0 travers mes articles.","sameAs":["https:\/\/vieassociative.be\/"]}]}},"_links":{"self":[{"href":"https:\/\/vieassociative.be\/actualites\/wp-json\/wp\/v2\/posts\/7985"}],"collection":[{"href":"https:\/\/vieassociative.be\/actualites\/wp-json\/wp\/v2\/posts"}],"about":[{"href":"https:\/\/vieassociative.be\/actualites\/wp-json\/wp\/v2\/types\/post"}],"author":[{"embeddable":true,"href":"https:\/\/vieassociative.be\/actualites\/wp-json\/wp\/v2\/users\/1"}],"replies":[{"embeddable":true,"href":"https:\/\/vieassociative.be\/actualites\/wp-json\/wp\/v2\/comments?post=7985"}],"version-history":[{"count":0,"href":"https:\/\/vieassociative.be\/actualites\/wp-json\/wp\/v2\/posts\/7985\/revisions"}],"wp:featuredmedia":[{"embeddable":true,"href":"https:\/\/vieassociative.be\/actualites\/wp-json\/wp\/v2\/media\/7986"}],"wp:attachment":[{"href":"https:\/\/vieassociative.be\/actualites\/wp-json\/wp\/v2\/media?parent=7985"}],"wp:term":[{"taxonomy":"category","embeddable":true,"href":"https:\/\/vieassociative.be\/actualites\/wp-json\/wp\/v2\/categories?post=7985"},{"taxonomy":"post_tag","embeddable":true,"href":"https:\/\/vieassociative.be\/actualites\/wp-json\/wp\/v2\/tags?post=7985"}],"curies":[{"name":"wp","href":"https:\/\/api.w.org\/{rel}","templated":true}]}}