{"id":7982,"date":"2025-06-04T22:16:57","date_gmt":"2025-06-04T20:16:57","guid":{"rendered":"https:\/\/vieassociative.be\/actualites\/aide-familiale-et-senior-sos-hilfe-prendra-le-controle-des-services-safpa-dans-la-dg-a-partir-du-1er-janvier-2026\/"},"modified":"2025-06-04T22:16:57","modified_gmt":"2025-06-04T20:16:57","slug":"aide-familiale-et-senior-sos-hilfe-prendra-le-controle-des-services-safpa-dans-la-dg-a-partir-du-1er-janvier-2026","status":"publish","type":"post","link":"https:\/\/vieassociative.be\/actualites\/aide-familiale-et-senior-sos-hilfe-prendra-le-controle-des-services-safpa-dans-la-dg-a-partir-du-1er-janvier-2026\/","title":{"rendered":"Aide familiale et senior: Sos-Hilfe prendra le contr\u00f4le des services SAFPA dans la DG \u00e0 partir du 1er janvier 2026"},"content":{"rendered":"<p><strong>La famille et le service d&rsquo;aide senior SAFPA (Verviers) ont annonc\u00e9 l&rsquo;ann\u00e9e derni\u00e8re qu&rsquo;elle embaucherait ses services dans la DG. D\u00e9sormais, le ministre responsable de la famille, des affaires sociales, de la vie et de la sant\u00e9, Lydia Klinkenberg (ProDG) annonce qu&rsquo;un nouveau sponsor pour les services de la famille et du service d&rsquo;aide senior SAFPA pourrait \u00eatre trouv\u00e9 dans la DG.<\/strong><\/p>\n<p><span id=\"more-417033\"><\/span>Le SOS-Hilfe VOG reprendra les services \u00e0 partir du 1er janvier 2026. Le ministre Klinkenberg souligne: \u00ab\u00a0Je suis tr\u00e8s heureux d&rsquo;avoir trouv\u00e9 un partenaire avec le SOS-Hilfe qui non seulement propose des conditions de cadre stables pour garantir les services pr\u00e9cieux pour les clients, mais \u00e9galement des perspectives professionnelles ouvertes aux employ\u00e9s engag\u00e9s.\u00a0\u00bb Le d\u00e9clenchement permet aux activit\u00e9s de la famille et des personnes \u00e2g\u00e9es de poursuivre la haute qualit\u00e9 am\u00e9ricaine. \u00ab\u00a0\u00a0\u00bb<\/p>\n<div id=\"attachment_417040\" class=\"wp-caption alignleft\" style=\"max-width: 300px\"><img fetchpriority=\"high\" decoding=\"async\" class=\"wp-image-417040 size-medium\" src=\"https:\/\/vieassociative.be\/actualites\/wp-content\/uploads\/2025\/06\/Aide-familiale-et-senior-Sos-Hilfe-prendra-le-controle-des-services.jpg\" alt=\"\" width=\"300\" height=\"200\"  ><\/p>\n<p class=\"wp-caption-text\">Un assistant familial fait une entreprise plus \u00e2g\u00e9e. L&rsquo;aide SOS prend le dessus et de nombreuses autres t\u00e2ches. Photo: pixabay<\/p>\n<\/div>\n<p>Le cadre de la prise de contr\u00f4le a \u00e9t\u00e9 pr\u00e9par\u00e9 en \u00e9troite consultation avec le conseil d&rsquo;administration et la gestion de Sos-Hilfe. Compte tenu de la p\u00e9nurie de travailleurs qualifi\u00e9s et des changements d\u00e9mographiques, l&rsquo;aide familiale et senior sera encore plus importante \u00e0 l&rsquo;avenir qu&rsquo;auparavant. \u00ab\u00a0Par cons\u00e9quent, je suis heureux qu&rsquo;en plus de Vivadom, un deuxi\u00e8me sponsor oriental de la famille et de l&rsquo;aide sup\u00e9rieure soit actif \u00e0 l&rsquo;avenir\u00a0\u00bb, a d\u00e9clar\u00e9 le ministre.<\/p>\n<p>\u00ab\u00a0Pour nous, la d\u00e9cision de reprendre les services de la SAFPA dans la communaut\u00e9 germanophone n&rsquo;\u00e9tait pas une purement organisationnelle, mais surtout un humain. En tant qu&rsquo;aide humaine, nous d\u00e9fendons la fiabilit\u00e9, la proximit\u00e9 et la responsabilit\u00e9 profond\u00e9ment enracin\u00e9e envers les habitants de notre r\u00e9gion. Les employ\u00e9s de Safpa ont fait un travail pr\u00e9cieux ces derni\u00e8res ann\u00e9es. Sos-Hilfe Vog, Christophe Ponkalo et Francis Offis.<\/p>\n<p>Les membres du personnel ont maintenant \u00e9t\u00e9 inform\u00e9s de la prise de contr\u00f4le lors d&rsquo;une premi\u00e8re r\u00e9union conjointe du ministre et du directeur g\u00e9n\u00e9ral de Sos-Hilfe. Les clients recevront une lettre sous peu.<\/p>\n","protected":false},"excerpt":{"rendered":"<p>La famille et le service d&rsquo;aide senior SAFPA (Verviers) ont annonc\u00e9 l&rsquo;ann\u00e9e derni\u00e8re qu&rsquo;elle embaucherait ses services dans la DG. D\u00e9sormais, le ministre responsable de<\/p>\n","protected":false},"author":1,"featured_media":7983,"comment_status":"","ping_status":"","sticky":false,"template":"","format":"standard","meta":{"footnotes":""},"categories":[298],"tags":[1146,4332,360,166,29,4510,1588,1591,6037,7294,7292,1427,7293],"class_list":["post-7982","post","type-post","status-publish","format-standard","has-post-thumbnail","hentry","category-belgique","tag-1er","tag-aide","tag-controle","tag-dans","tag-des","tag-familiale","tag-janvier","tag-partir","tag-prendra","tag-safpa","tag-senior","tag-services","tag-soshilfe","generate-columns","tablet-grid-50","mobile-grid-100","grid-parent","grid-33"],"yoast_head":"<!-- This site is optimized with the Yoast SEO plugin v24.0 - https:\/\/yoast.com\/wordpress\/plugins\/seo\/ -->\n<title>Aide familiale et senior: Sos-Hilfe prendra le contr\u00f4le des services SAFPA dans la DG \u00e0 partir du 1er janvier 2026 | Vie Associative<\/title>\n<meta name=\"robots\" content=\"index, follow, max-snippet:-1, max-image-preview:large, max-video-preview:-1\" \/>\n<link rel=\"canonical\" href=\"https:\/\/vieassociative.be\/actualites\/aide-familiale-et-senior-sos-hilfe-prendra-le-controle-des-services-safpa-dans-la-dg-a-partir-du-1er-janvier-2026\/\" \/>\n<meta property=\"og:locale\" content=\"fr_FR\" \/>\n<meta property=\"og:type\" content=\"article\" \/>\n<meta property=\"og:title\" content=\"Aide familiale et senior: Sos-Hilfe prendra le contr\u00f4le des services SAFPA dans la DG \u00e0 partir du 1er janvier 2026 | Vie Associative\" \/>\n<meta property=\"og:description\" content=\"La famille et le service d&rsquo;aide senior SAFPA (Verviers) ont annonc\u00e9 l&rsquo;ann\u00e9e derni\u00e8re qu&rsquo;elle embaucherait ses services dans la DG. D\u00e9sormais, le ministre responsable de\" \/>\n<meta property=\"og:url\" content=\"https:\/\/vieassociative.be\/actualites\/aide-familiale-et-senior-sos-hilfe-prendra-le-controle-des-services-safpa-dans-la-dg-a-partir-du-1er-janvier-2026\/\" \/>\n<meta property=\"og:site_name\" content=\"Vie Associative\" \/>\n<meta property=\"article:published_time\" content=\"2025-06-04T20:16:57+00:00\" \/>\n<meta property=\"og:image\" content=\"https:\/\/vieassociative.be\/actualites\/wp-content\/uploads\/2024\/09\/header_backgroundk-01-e1726694325946.png\" \/>\n\t<meta property=\"og:image:width\" content=\"279\" \/>\n\t<meta property=\"og:image:height\" content=\"92\" \/>\n\t<meta property=\"og:image:type\" content=\"image\/png\" \/>\n<meta name=\"author\" content=\"Julien\" \/>\n<meta name=\"twitter:card\" content=\"summary_large_image\" \/>\n<meta name=\"twitter:label1\" content=\"\u00c9crit par\" \/>\n\t<meta name=\"twitter:data1\" content=\"Julien\" \/>\n\t<meta name=\"twitter:label2\" content=\"Dur\u00e9e de lecture est.\" \/>\n\t<meta name=\"twitter:data2\" content=\"2 minutes\" \/>\n<script type=\"application\/ld+json\" class=\"yoast-schema-graph\">{\"@context\":\"https:\/\/schema.org\",\"@graph\":[{\"@type\":\"Article\",\"@id\":\"https:\/\/vieassociative.be\/actualites\/aide-familiale-et-senior-sos-hilfe-prendra-le-controle-des-services-safpa-dans-la-dg-a-partir-du-1er-janvier-2026\/#article\",\"isPartOf\":{\"@id\":\"https:\/\/vieassociative.be\/actualites\/aide-familiale-et-senior-sos-hilfe-prendra-le-controle-des-services-safpa-dans-la-dg-a-partir-du-1er-janvier-2026\/\"},\"author\":{\"name\":\"Julien\",\"@id\":\"https:\/\/vieassociative.be\/actualites\/#\/schema\/person\/b87ac4f82f9d4e7b7cec7395b679edc4\"},\"headline\":\"Aide familiale et senior: Sos-Hilfe prendra le contr\u00f4le des services SAFPA dans la DG \u00e0 partir du 1er janvier 2026\",\"datePublished\":\"2025-06-04T20:16:57+00:00\",\"dateModified\":\"2025-06-04T20:16:57+00:00\",\"mainEntityOfPage\":{\"@id\":\"https:\/\/vieassociative.be\/actualites\/aide-familiale-et-senior-sos-hilfe-prendra-le-controle-des-services-safpa-dans-la-dg-a-partir-du-1er-janvier-2026\/\"},\"wordCount\":392,\"publisher\":{\"@id\":\"https:\/\/vieassociative.be\/actualites\/#organization\"},\"image\":{\"@id\":\"https:\/\/vieassociative.be\/actualites\/aide-familiale-et-senior-sos-hilfe-prendra-le-controle-des-services-safpa-dans-la-dg-a-partir-du-1er-janvier-2026\/#primaryimage\"},\"thumbnailUrl\":\"https:\/\/vieassociative.be\/actualites\/wp-content\/uploads\/2025\/06\/1749068218_Aide-familiale-et-senior-Sos-Hilfe-prendra-le-controle-des-services.jpg\",\"keywords\":[\"1er\",\"aid\u00e9\",\"contr\u00f4le\",\"dans\",\"Des\",\"familiale\",\"janvier\",\"partir\",\"prendra\",\"SAFPA\",\"senior\",\"services\",\"SosHilfe\"],\"articleSection\":[\"Belgique\"],\"inLanguage\":\"fr-BE\"},{\"@type\":\"WebPage\",\"@id\":\"https:\/\/vieassociative.be\/actualites\/aide-familiale-et-senior-sos-hilfe-prendra-le-controle-des-services-safpa-dans-la-dg-a-partir-du-1er-janvier-2026\/\",\"url\":\"https:\/\/vieassociative.be\/actualites\/aide-familiale-et-senior-sos-hilfe-prendra-le-controle-des-services-safpa-dans-la-dg-a-partir-du-1er-janvier-2026\/\",\"name\":\"Aide familiale et senior: Sos-Hilfe prendra le contr\u00f4le des services SAFPA dans la DG \u00e0 partir du 1er janvier 2026 | Vie Associative\",\"isPartOf\":{\"@id\":\"https:\/\/vieassociative.be\/actualites\/#website\"},\"primaryImageOfPage\":{\"@id\":\"https:\/\/vieassociative.be\/actualites\/aide-familiale-et-senior-sos-hilfe-prendra-le-controle-des-services-safpa-dans-la-dg-a-partir-du-1er-janvier-2026\/#primaryimage\"},\"image\":{\"@id\":\"https:\/\/vieassociative.be\/actualites\/aide-familiale-et-senior-sos-hilfe-prendra-le-controle-des-services-safpa-dans-la-dg-a-partir-du-1er-janvier-2026\/#primaryimage\"},\"thumbnailUrl\":\"https:\/\/vieassociative.be\/actualites\/wp-content\/uploads\/2025\/06\/1749068218_Aide-familiale-et-senior-Sos-Hilfe-prendra-le-controle-des-services.jpg\",\"datePublished\":\"2025-06-04T20:16:57+00:00\",\"dateModified\":\"2025-06-04T20:16:57+00:00\",\"breadcrumb\":{\"@id\":\"https:\/\/vieassociative.be\/actualites\/aide-familiale-et-senior-sos-hilfe-prendra-le-controle-des-services-safpa-dans-la-dg-a-partir-du-1er-janvier-2026\/#breadcrumb\"},\"inLanguage\":\"fr-BE\",\"potentialAction\":[{\"@type\":\"ReadAction\",\"target\":[\"https:\/\/vieassociative.be\/actualites\/aide-familiale-et-senior-sos-hilfe-prendra-le-controle-des-services-safpa-dans-la-dg-a-partir-du-1er-janvier-2026\/\"]}]},{\"@type\":\"ImageObject\",\"inLanguage\":\"fr-BE\",\"@id\":\"https:\/\/vieassociative.be\/actualites\/aide-familiale-et-senior-sos-hilfe-prendra-le-controle-des-services-safpa-dans-la-dg-a-partir-du-1er-janvier-2026\/#primaryimage\",\"url\":\"https:\/\/vieassociative.be\/actualites\/wp-content\/uploads\/2025\/06\/1749068218_Aide-familiale-et-senior-Sos-Hilfe-prendra-le-controle-des-services.jpg\",\"contentUrl\":\"https:\/\/vieassociative.be\/actualites\/wp-content\/uploads\/2025\/06\/1749068218_Aide-familiale-et-senior-Sos-Hilfe-prendra-le-controle-des-services.jpg\",\"width\":2560,\"height\":1707,\"caption\":\"Aide familiale et senior: Sos-Hilfe prendra le contr\u00f4le des services SAFPA dans la DG \u00e0 partir du 1er janvier 2026\"},{\"@type\":\"BreadcrumbList\",\"@id\":\"https:\/\/vieassociative.be\/actualites\/aide-familiale-et-senior-sos-hilfe-prendra-le-controle-des-services-safpa-dans-la-dg-a-partir-du-1er-janvier-2026\/#breadcrumb\",\"itemListElement\":[{\"@type\":\"ListItem\",\"position\":1,\"name\":\"Accueil\",\"item\":\"https:\/\/vieassociative.be\/actualites\/\"},{\"@type\":\"ListItem\",\"position\":2,\"name\":\"Aide familiale et senior: Sos-Hilfe prendra le contr\u00f4le des services SAFPA dans la DG \u00e0 partir du 1er janvier 2026\"}]},{\"@type\":\"WebSite\",\"@id\":\"https:\/\/vieassociative.be\/actualites\/#website\",\"url\":\"https:\/\/vieassociative.be\/actualites\/\",\"name\":\"Vie Associative\",\"description\":\"\",\"publisher\":{\"@id\":\"https:\/\/vieassociative.be\/actualites\/#organization\"},\"potentialAction\":[{\"@type\":\"SearchAction\",\"target\":{\"@type\":\"EntryPoint\",\"urlTemplate\":\"https:\/\/vieassociative.be\/actualites\/?s={search_term_string}\"},\"query-input\":{\"@type\":\"PropertyValueSpecification\",\"valueRequired\":true,\"valueName\":\"search_term_string\"}}],\"inLanguage\":\"fr-BE\"},{\"@type\":\"Organization\",\"@id\":\"https:\/\/vieassociative.be\/actualites\/#organization\",\"name\":\"Vie Associative\",\"url\":\"https:\/\/vieassociative.be\/actualites\/\",\"logo\":{\"@type\":\"ImageObject\",\"inLanguage\":\"fr-BE\",\"@id\":\"https:\/\/vieassociative.be\/actualites\/#\/schema\/logo\/image\/\",\"url\":\"https:\/\/vieassociative.be\/actualites\/wp-content\/uploads\/2024\/09\/cropped-vieassociative_favicon.ico.png\",\"contentUrl\":\"https:\/\/vieassociative.be\/actualites\/wp-content\/uploads\/2024\/09\/cropped-vieassociative_favicon.ico.png\",\"width\":512,\"height\":512,\"caption\":\"Vie Associative\"},\"image\":{\"@id\":\"https:\/\/vieassociative.be\/actualites\/#\/schema\/logo\/image\/\"}},{\"@type\":\"Person\",\"@id\":\"https:\/\/vieassociative.be\/actualites\/#\/schema\/person\/b87ac4f82f9d4e7b7cec7395b679edc4\",\"name\":\"Julien\",\"image\":{\"@type\":\"ImageObject\",\"inLanguage\":\"fr-BE\",\"@id\":\"https:\/\/vieassociative.be\/actualites\/#\/schema\/person\/image\/\",\"url\":\"https:\/\/vieassociative.be\/actualites\/wp-content\/uploads\/2024\/09\/vie-associative-1-150x150.jpg\",\"contentUrl\":\"https:\/\/vieassociative.be\/actualites\/wp-content\/uploads\/2024\/09\/vie-associative-1-150x150.jpg\",\"caption\":\"Julien\"},\"description\":\"Je suis Julien, r\u00e9dacteur pour Vie Associative. Passionn\u00e9 par le monde associatif depuis plus de 10 ans, j'ai \u00e0 c\u0153ur de partager des histoires inspirantes et de mettre en lumi\u00e8re les initiatives locales. Mon objectif est de sensibiliser et d'encourager l'engagement communautaire \u00e0 travers mes articles.\",\"sameAs\":[\"https:\/\/vieassociative.be\/\"]}]}<\/script>\n<!-- \/ Yoast SEO plugin. -->","yoast_head_json":{"title":"Aide familiale et senior: Sos-Hilfe prendra le contr\u00f4le des services SAFPA dans la DG \u00e0 partir du 1er janvier 2026 | Vie Associative","robots":{"index":"index","follow":"follow","max-snippet":"max-snippet:-1","max-image-preview":"max-image-preview:large","max-video-preview":"max-video-preview:-1"},"canonical":"https:\/\/vieassociative.be\/actualites\/aide-familiale-et-senior-sos-hilfe-prendra-le-controle-des-services-safpa-dans-la-dg-a-partir-du-1er-janvier-2026\/","og_locale":"fr_FR","og_type":"article","og_title":"Aide familiale et senior: Sos-Hilfe prendra le contr\u00f4le des services SAFPA dans la DG \u00e0 partir du 1er janvier 2026 | Vie Associative","og_description":"La famille et le service d&rsquo;aide senior SAFPA (Verviers) ont annonc\u00e9 l&rsquo;ann\u00e9e derni\u00e8re qu&rsquo;elle embaucherait ses services dans la DG. D\u00e9sormais, le ministre responsable de","og_url":"https:\/\/vieassociative.be\/actualites\/aide-familiale-et-senior-sos-hilfe-prendra-le-controle-des-services-safpa-dans-la-dg-a-partir-du-1er-janvier-2026\/","og_site_name":"Vie Associative","article_published_time":"2025-06-04T20:16:57+00:00","og_image":[{"width":279,"height":92,"url":"https:\/\/vieassociative.be\/actualites\/wp-content\/uploads\/2024\/09\/header_backgroundk-01-e1726694325946.png","type":"image\/png"}],"author":"Julien","twitter_card":"summary_large_image","twitter_misc":{"\u00c9crit par":"Julien","Dur\u00e9e de lecture est.":"2 minutes"},"schema":{"@context":"https:\/\/schema.org","@graph":[{"@type":"Article","@id":"https:\/\/vieassociative.be\/actualites\/aide-familiale-et-senior-sos-hilfe-prendra-le-controle-des-services-safpa-dans-la-dg-a-partir-du-1er-janvier-2026\/#article","isPartOf":{"@id":"https:\/\/vieassociative.be\/actualites\/aide-familiale-et-senior-sos-hilfe-prendra-le-controle-des-services-safpa-dans-la-dg-a-partir-du-1er-janvier-2026\/"},"author":{"name":"Julien","@id":"https:\/\/vieassociative.be\/actualites\/#\/schema\/person\/b87ac4f82f9d4e7b7cec7395b679edc4"},"headline":"Aide familiale et senior: Sos-Hilfe prendra le contr\u00f4le des services SAFPA dans la DG \u00e0 partir du 1er janvier 2026","datePublished":"2025-06-04T20:16:57+00:00","dateModified":"2025-06-04T20:16:57+00:00","mainEntityOfPage":{"@id":"https:\/\/vieassociative.be\/actualites\/aide-familiale-et-senior-sos-hilfe-prendra-le-controle-des-services-safpa-dans-la-dg-a-partir-du-1er-janvier-2026\/"},"wordCount":392,"publisher":{"@id":"https:\/\/vieassociative.be\/actualites\/#organization"},"image":{"@id":"https:\/\/vieassociative.be\/actualites\/aide-familiale-et-senior-sos-hilfe-prendra-le-controle-des-services-safpa-dans-la-dg-a-partir-du-1er-janvier-2026\/#primaryimage"},"thumbnailUrl":"https:\/\/vieassociative.be\/actualites\/wp-content\/uploads\/2025\/06\/1749068218_Aide-familiale-et-senior-Sos-Hilfe-prendra-le-controle-des-services.jpg","keywords":["1er","aid\u00e9","contr\u00f4le","dans","Des","familiale","janvier","partir","prendra","SAFPA","senior","services","SosHilfe"],"articleSection":["Belgique"],"inLanguage":"fr-BE"},{"@type":"WebPage","@id":"https:\/\/vieassociative.be\/actualites\/aide-familiale-et-senior-sos-hilfe-prendra-le-controle-des-services-safpa-dans-la-dg-a-partir-du-1er-janvier-2026\/","url":"https:\/\/vieassociative.be\/actualites\/aide-familiale-et-senior-sos-hilfe-prendra-le-controle-des-services-safpa-dans-la-dg-a-partir-du-1er-janvier-2026\/","name":"Aide familiale et senior: Sos-Hilfe prendra le contr\u00f4le des services SAFPA dans la DG \u00e0 partir du 1er janvier 2026 | Vie Associative","isPartOf":{"@id":"https:\/\/vieassociative.be\/actualites\/#website"},"primaryImageOfPage":{"@id":"https:\/\/vieassociative.be\/actualites\/aide-familiale-et-senior-sos-hilfe-prendra-le-controle-des-services-safpa-dans-la-dg-a-partir-du-1er-janvier-2026\/#primaryimage"},"image":{"@id":"https:\/\/vieassociative.be\/actualites\/aide-familiale-et-senior-sos-hilfe-prendra-le-controle-des-services-safpa-dans-la-dg-a-partir-du-1er-janvier-2026\/#primaryimage"},"thumbnailUrl":"https:\/\/vieassociative.be\/actualites\/wp-content\/uploads\/2025\/06\/1749068218_Aide-familiale-et-senior-Sos-Hilfe-prendra-le-controle-des-services.jpg","datePublished":"2025-06-04T20:16:57+00:00","dateModified":"2025-06-04T20:16:57+00:00","breadcrumb":{"@id":"https:\/\/vieassociative.be\/actualites\/aide-familiale-et-senior-sos-hilfe-prendra-le-controle-des-services-safpa-dans-la-dg-a-partir-du-1er-janvier-2026\/#breadcrumb"},"inLanguage":"fr-BE","potentialAction":[{"@type":"ReadAction","target":["https:\/\/vieassociative.be\/actualites\/aide-familiale-et-senior-sos-hilfe-prendra-le-controle-des-services-safpa-dans-la-dg-a-partir-du-1er-janvier-2026\/"]}]},{"@type":"ImageObject","inLanguage":"fr-BE","@id":"https:\/\/vieassociative.be\/actualites\/aide-familiale-et-senior-sos-hilfe-prendra-le-controle-des-services-safpa-dans-la-dg-a-partir-du-1er-janvier-2026\/#primaryimage","url":"https:\/\/vieassociative.be\/actualites\/wp-content\/uploads\/2025\/06\/1749068218_Aide-familiale-et-senior-Sos-Hilfe-prendra-le-controle-des-services.jpg","contentUrl":"https:\/\/vieassociative.be\/actualites\/wp-content\/uploads\/2025\/06\/1749068218_Aide-familiale-et-senior-Sos-Hilfe-prendra-le-controle-des-services.jpg","width":2560,"height":1707,"caption":"Aide familiale et senior: Sos-Hilfe prendra le contr\u00f4le des services SAFPA dans la DG \u00e0 partir du 1er janvier 2026"},{"@type":"BreadcrumbList","@id":"https:\/\/vieassociative.be\/actualites\/aide-familiale-et-senior-sos-hilfe-prendra-le-controle-des-services-safpa-dans-la-dg-a-partir-du-1er-janvier-2026\/#breadcrumb","itemListElement":[{"@type":"ListItem","position":1,"name":"Accueil","item":"https:\/\/vieassociative.be\/actualites\/"},{"@type":"ListItem","position":2,"name":"Aide familiale et senior: Sos-Hilfe prendra le contr\u00f4le des services SAFPA dans la DG \u00e0 partir du 1er janvier 2026"}]},{"@type":"WebSite","@id":"https:\/\/vieassociative.be\/actualites\/#website","url":"https:\/\/vieassociative.be\/actualites\/","name":"Vie Associative","description":"","publisher":{"@id":"https:\/\/vieassociative.be\/actualites\/#organization"},"potentialAction":[{"@type":"SearchAction","target":{"@type":"EntryPoint","urlTemplate":"https:\/\/vieassociative.be\/actualites\/?s={search_term_string}"},"query-input":{"@type":"PropertyValueSpecification","valueRequired":true,"valueName":"search_term_string"}}],"inLanguage":"fr-BE"},{"@type":"Organization","@id":"https:\/\/vieassociative.be\/actualites\/#organization","name":"Vie Associative","url":"https:\/\/vieassociative.be\/actualites\/","logo":{"@type":"ImageObject","inLanguage":"fr-BE","@id":"https:\/\/vieassociative.be\/actualites\/#\/schema\/logo\/image\/","url":"https:\/\/vieassociative.be\/actualites\/wp-content\/uploads\/2024\/09\/cropped-vieassociative_favicon.ico.png","contentUrl":"https:\/\/vieassociative.be\/actualites\/wp-content\/uploads\/2024\/09\/cropped-vieassociative_favicon.ico.png","width":512,"height":512,"caption":"Vie Associative"},"image":{"@id":"https:\/\/vieassociative.be\/actualites\/#\/schema\/logo\/image\/"}},{"@type":"Person","@id":"https:\/\/vieassociative.be\/actualites\/#\/schema\/person\/b87ac4f82f9d4e7b7cec7395b679edc4","name":"Julien","image":{"@type":"ImageObject","inLanguage":"fr-BE","@id":"https:\/\/vieassociative.be\/actualites\/#\/schema\/person\/image\/","url":"https:\/\/vieassociative.be\/actualites\/wp-content\/uploads\/2024\/09\/vie-associative-1-150x150.jpg","contentUrl":"https:\/\/vieassociative.be\/actualites\/wp-content\/uploads\/2024\/09\/vie-associative-1-150x150.jpg","caption":"Julien"},"description":"Je suis Julien, r\u00e9dacteur pour Vie Associative. Passionn\u00e9 par le monde associatif depuis plus de 10 ans, j'ai \u00e0 c\u0153ur de partager des histoires inspirantes et de mettre en lumi\u00e8re les initiatives locales. Mon objectif est de sensibiliser et d'encourager l'engagement communautaire \u00e0 travers mes articles.","sameAs":["https:\/\/vieassociative.be\/"]}]}},"_links":{"self":[{"href":"https:\/\/vieassociative.be\/actualites\/wp-json\/wp\/v2\/posts\/7982"}],"collection":[{"href":"https:\/\/vieassociative.be\/actualites\/wp-json\/wp\/v2\/posts"}],"about":[{"href":"https:\/\/vieassociative.be\/actualites\/wp-json\/wp\/v2\/types\/post"}],"author":[{"embeddable":true,"href":"https:\/\/vieassociative.be\/actualites\/wp-json\/wp\/v2\/users\/1"}],"replies":[{"embeddable":true,"href":"https:\/\/vieassociative.be\/actualites\/wp-json\/wp\/v2\/comments?post=7982"}],"version-history":[{"count":0,"href":"https:\/\/vieassociative.be\/actualites\/wp-json\/wp\/v2\/posts\/7982\/revisions"}],"wp:featuredmedia":[{"embeddable":true,"href":"https:\/\/vieassociative.be\/actualites\/wp-json\/wp\/v2\/media\/7983"}],"wp:attachment":[{"href":"https:\/\/vieassociative.be\/actualites\/wp-json\/wp\/v2\/media?parent=7982"}],"wp:term":[{"taxonomy":"category","embeddable":true,"href":"https:\/\/vieassociative.be\/actualites\/wp-json\/wp\/v2\/categories?post=7982"},{"taxonomy":"post_tag","embeddable":true,"href":"https:\/\/vieassociative.be\/actualites\/wp-json\/wp\/v2\/tags?post=7982"}],"curies":[{"name":"wp","href":"https:\/\/api.w.org\/{rel}","templated":true}]}}