{"id":7975,"date":"2025-06-04T16:17:04","date_gmt":"2025-06-04T14:17:04","guid":{"rendered":"https:\/\/vieassociative.be\/actualites\/la-commission-de-lue-donne-le-feu-vert-pour-lintroduction-de-leuro-en-bulgarie-a-partir-du-1er-janvier-2026\/"},"modified":"2025-06-04T16:17:04","modified_gmt":"2025-06-04T14:17:04","slug":"la-commission-de-lue-donne-le-feu-vert-pour-lintroduction-de-leuro-en-bulgarie-a-partir-du-1er-janvier-2026","status":"publish","type":"post","link":"https:\/\/vieassociative.be\/actualites\/la-commission-de-lue-donne-le-feu-vert-pour-lintroduction-de-leuro-en-bulgarie-a-partir-du-1er-janvier-2026\/","title":{"rendered":"La Commission de l&rsquo;UE donne le feu vert pour l&rsquo;introduction de l&rsquo;euro en Bulgarie \u00e0 partir du 1er janvier 2026"},"content":{"rendered":"<p><strong>Du point de vue de la Commission europ\u00e9enne, la Bulgarie peut pr\u00e9senter la monnaie communautaire. Le pays membre de l&rsquo;UE remplit les crit\u00e8res n\u00e9cessaires, a d\u00e9clar\u00e9 l&rsquo;autorit\u00e9 de Bruxelles. La Bulgarie veut remplacer sa monnaie d&rsquo;\u00c9tat Lew (allemand: L\u00f6we) par l&rsquo;euro le 1er janvier 2026.<\/strong><\/p>\n<p><span id=\"more-417025\"><\/span>Le Balkanland est membre de l&rsquo;Union europ\u00e9enne depuis 2007 et serait le 21e pays avec la monnaie communautaire. Jusqu&rsquo;\u00e0 pr\u00e9sent, le dernier pays, la Croatie a \u00e9t\u00e9 incluse dans le cercle des Eurostaates le 1er janvier 2023.<\/p>\n<p>La Bulgarie est l&rsquo;un des pays les plus pauvres de l&rsquo;UE et est \u00e9galement en 2024 conclusion de l&rsquo;UE dans le produit int\u00e9rieur brut (PIB) par habitant de la population &#8211; bien que les taux de croissance soient plus \u00e9lev\u00e9s qu&rsquo;ailleurs. Selon les informations pr\u00e9liminaires d&rsquo;Eurostat, l&rsquo;\u00e9conomie par habitant en Bulgarie \u00e9tait de 34% en dessous de la moyenne de l&rsquo;UE l&rsquo;ann\u00e9e derni\u00e8re.<\/p>\n<div id=\"attachment_47819\" class=\"wp-caption alignleft\" style=\"max-width: 300px\"><img fetchpriority=\"high\" decoding=\"async\" class=\"wp-image-47819 size-medium\" src=\"https:\/\/vieassociative.be\/actualites\/wp-content\/uploads\/2025\/06\/La-Commission-de-lUE-donne-le-feu-vert-pour-lintroduction.jpg\" alt=\"\" width=\"300\" height=\"201\"  ><\/p>\n<p class=\"wp-caption-text\">Billets en euro. Photo: Shutterstock<\/p>\n<\/div>\n<p>Un autre pays dans la zone de monnaie commune facilite le commerce et les d\u00e9placements. Si vous faites des affaires ou souhaitez investir, vous n&rsquo;avez plus \u00e0 vous soucier de changer de cours. Les touristes en b\u00e9n\u00e9ficieraient \u00e9galement car ils n&rsquo;ont plus \u00e0 obtenir une monnaie nationale apr\u00e8s l&rsquo;acc\u00e8s \u00e0 l&rsquo;euro de la Bulgarie \u00e0 la Bulgarie, qui est g\u00e9n\u00e9ralement associ\u00e9e aux co\u00fbts.<\/p>\n<p>\u00c0 l&rsquo;origine, l&rsquo;introduction de l&rsquo;euro en Bulgarie a \u00e9t\u00e9 pr\u00e9vue pour le d\u00e9but de 2024. Entre autres choses, en raison du taux d&rsquo;inflation relativement \u00e9lev\u00e9 de 9,5%, l&rsquo;adh\u00e9sion a \u00e9t\u00e9 report\u00e9e. Du point de vue de la Commission de l&rsquo;UE, le crit\u00e8re de la stabilit\u00e9 des prix n&rsquo;a pas \u00e9t\u00e9 rempli.<\/p>\n<p><strong>&#8211; Certains crit\u00e8res doivent \u00eatre remplis:<\/strong> Certains crit\u00e8res doivent \u00eatre remplis pour l&rsquo;acc\u00e8s \u00e0 l&rsquo;euro. Cela comprend la stabilit\u00e9 des prix, les finances publiques solides et les taux de change stables. L&rsquo;inflation, par exemple, ne doit pas devenir incontr\u00f4lable afin que la valeur de l&rsquo;argent soit conserv\u00e9e et que son pouvoir d&rsquo;achat soit conserv\u00e9.<\/p>\n<p>Les candidats \u00e0 l&rsquo;acc\u00e8s aux euros doivent \u00e9galement prouver qu&rsquo;ils ont le contr\u00f4le de leur dette publique. Et vous devez vous assurer que le taux de change de votre devise d&rsquo;\u00c9tat reste stable afin que les entreprises puissent planifier, par exemple.<\/p>\n<div id=\"attachment_417029\" class=\"wp-caption alignleft\" style=\"max-width: 300px\"><img decoding=\"async\" class=\"wp-image-417029 size-medium\" src=\"https:\/\/vieassociative.be\/actualites\/wp-content\/uploads\/2025\/06\/1749046624_877_La-Commission-de-lUE-donne-le-feu-vert-pour-lintroduction.jpg\" alt=\"\" width=\"300\" height=\"200\"><\/p>\n<p class=\"wp-caption-text\">Vue de parties de la capitale bulgare Sofia avec la cath\u00e9drale orthodoxe au premier plan. Photo: Photo: Shutterstock<\/p>\n<\/div>\n<p><strong>&#8211; Protestes en Bulgarie:<\/strong> En Bulgarie, le d\u00e9bat sur l&rsquo;introduction de l&rsquo;euro s&rsquo;accompagne de protestations violentes. Ce n&rsquo;est que samedi dernier que les partisans d\u00e9montr\u00e9s par les partis prorussiens et nationalistes de la capitale Sofia et dans d&rsquo;autres villes. Ils exigent que la monnaie de l&rsquo;\u00c9tat soit conserv\u00e9e car ils craignent que l&rsquo;euro augmente les prix.<\/p>\n<p>En f\u00e9vrier, les nationalistes ont allum\u00e9 un incendie avant la repr\u00e9sentation de l&rsquo;UE \u00e0 Sofia. Ils ont \u00e9galement vers\u00e9 de la couleur rouge sur la fa\u00e7ade en verre du b\u00e2timent, les cocktails et les \u0153ufs Molotov ont vol\u00e9.<\/p>\n<p>Le Parti de l&rsquo;opposition nationaliste prorusse, Wasraschdane (renaissance), accuse les autorit\u00e9s de faire des donn\u00e9es afin de permettre l&rsquo;introduction de l&rsquo;euro. Avec l&rsquo;introduction de l&rsquo;euro, la Bulgarie perdrait sa souverainet\u00e9 nationale, le parti se plaint. (DPA)<\/p>\n<p><em><strong>Sur le sujet, voir \u00e9galement l&rsquo;article suivant sur OD:<\/strong><\/em><\/p>\n<div class=\"responsive-embed widescreen\">\n<blockquote class=\"wp-embedded-content\" data-secret=\"fQvOE0vrDL\">\n<p>350 millions de personnes &#8211; 20 pays &#8211; 1 devise: un quart de si\u00e8cle et un syndicat mon\u00e9taire<\/p>\n<\/blockquote>\n<p><iframe loading=\"lazy\" class=\"wp-embedded-content\" sandbox=\"allow-scripts\" security=\"restricted\" style=\"position: absolute; visibility: hidden;\" title=\"\u201e350 Millionen Menschen \u2013 20 Staaten \u2013 1 W\u00e4hrung: Ein Vierteljahrhundert Euro und W\u00e4hrungsunion\u201c \u2014 Ostbelgien Direkt\" src=\"https:\/\/ostbelgiendirekt.be\/about:blank\" data-secret=\"fQvOE0vrDL\" width=\"500\" height=\"282\" frameborder=\"0\" marginwidth=\"0\" marginheight=\"0\" scrolling=\"no\" data-rocket-lazyload=\"fitvidscompatible\" data-lazy-src=\"https:\/\/ostbelgiendirekt.be\/25-jahre-euro-371717\/embed#?secret=CjfeTknfog#?secret=fQvOE0vrDL\"><\/iframe><noscript><iframe class=\"wp-embedded-content\" sandbox=\"allow-scripts\" security=\"restricted\" style=\"position: absolute; visibility: hidden;\" title=\"\u201e350 Millionen Menschen \u2013 20 Staaten \u2013 1 W\u00e4hrung: Ein Vierteljahrhundert Euro und W\u00e4hrungsunion\u201c \u2014 Ostbelgien Direkt\" src=\"https:\/\/ostbelgiendirekt.be\/25-jahre-euro-371717\/embed#?secret=CjfeTknfog#?secret=fQvOE0vrDL\" data-secret=\"fQvOE0vrDL\" width=\"500\" height=\"282\" frameborder=\"0\" marginwidth=\"0\" marginheight=\"0\" scrolling=\"no\"><\/iframe><\/noscript><\/p>\n<\/div>\n","protected":false},"excerpt":{"rendered":"<p>Du point de vue de la Commission europ\u00e9enne, la Bulgarie peut pr\u00e9senter la monnaie communautaire. Le pays membre de l&rsquo;UE remplit les crit\u00e8res n\u00e9cessaires, a<\/p>\n","protected":false},"author":1,"featured_media":7976,"comment_status":"","ping_status":"","sticky":false,"template":"","format":"standard","meta":{"footnotes":""},"categories":[298],"tags":[1146,7291,3560,728,2114,1588,3014,5782,3578,1591,81,1564],"class_list":["post-7975","post","type-post","status-publish","format-standard","has-post-thumbnail","hentry","category-belgique","tag-1er","tag-bulgarie","tag-commission","tag-donne","tag-feu","tag-janvier","tag-leuro","tag-lintroduction","tag-lue","tag-partir","tag-pour","tag-vert","generate-columns","tablet-grid-50","mobile-grid-100","grid-parent","grid-33"],"yoast_head":"<!-- This site is optimized with the Yoast SEO plugin v24.0 - https:\/\/yoast.com\/wordpress\/plugins\/seo\/ -->\n<title>La Commission de l&#039;UE donne le feu vert pour l&#039;introduction de l&#039;euro en Bulgarie \u00e0 partir du 1er janvier 2026 | Vie Associative<\/title>\n<meta name=\"robots\" content=\"index, follow, max-snippet:-1, max-image-preview:large, max-video-preview:-1\" \/>\n<link rel=\"canonical\" href=\"https:\/\/vieassociative.be\/actualites\/la-commission-de-lue-donne-le-feu-vert-pour-lintroduction-de-leuro-en-bulgarie-a-partir-du-1er-janvier-2026\/\" \/>\n<meta property=\"og:locale\" content=\"fr_FR\" \/>\n<meta property=\"og:type\" content=\"article\" \/>\n<meta property=\"og:title\" content=\"La Commission de l&#039;UE donne le feu vert pour l&#039;introduction de l&#039;euro en Bulgarie \u00e0 partir du 1er janvier 2026 | Vie Associative\" \/>\n<meta property=\"og:description\" content=\"Du point de vue de la Commission europ\u00e9enne, la Bulgarie peut pr\u00e9senter la monnaie communautaire. Le pays membre de l&rsquo;UE remplit les crit\u00e8res n\u00e9cessaires, a\" \/>\n<meta property=\"og:url\" content=\"https:\/\/vieassociative.be\/actualites\/la-commission-de-lue-donne-le-feu-vert-pour-lintroduction-de-leuro-en-bulgarie-a-partir-du-1er-janvier-2026\/\" \/>\n<meta property=\"og:site_name\" content=\"Vie Associative\" \/>\n<meta property=\"article:published_time\" content=\"2025-06-04T14:17:04+00:00\" \/>\n<meta property=\"og:image\" content=\"https:\/\/vieassociative.be\/actualites\/wp-content\/uploads\/2024\/09\/header_backgroundk-01-e1726694325946.png\" \/>\n\t<meta property=\"og:image:width\" content=\"279\" \/>\n\t<meta property=\"og:image:height\" content=\"92\" \/>\n\t<meta property=\"og:image:type\" content=\"image\/png\" \/>\n<meta name=\"author\" content=\"Julien\" \/>\n<meta name=\"twitter:card\" content=\"summary_large_image\" \/>\n<meta name=\"twitter:label1\" content=\"\u00c9crit par\" \/>\n\t<meta name=\"twitter:data1\" content=\"Julien\" \/>\n\t<meta name=\"twitter:label2\" content=\"Dur\u00e9e de lecture est.\" \/>\n\t<meta name=\"twitter:data2\" content=\"3 minutes\" \/>\n<script type=\"application\/ld+json\" class=\"yoast-schema-graph\">{\"@context\":\"https:\/\/schema.org\",\"@graph\":[{\"@type\":\"Article\",\"@id\":\"https:\/\/vieassociative.be\/actualites\/la-commission-de-lue-donne-le-feu-vert-pour-lintroduction-de-leuro-en-bulgarie-a-partir-du-1er-janvier-2026\/#article\",\"isPartOf\":{\"@id\":\"https:\/\/vieassociative.be\/actualites\/la-commission-de-lue-donne-le-feu-vert-pour-lintroduction-de-leuro-en-bulgarie-a-partir-du-1er-janvier-2026\/\"},\"author\":{\"name\":\"Julien\",\"@id\":\"https:\/\/vieassociative.be\/actualites\/#\/schema\/person\/b87ac4f82f9d4e7b7cec7395b679edc4\"},\"headline\":\"La Commission de l&rsquo;UE donne le feu vert pour l&rsquo;introduction de l&rsquo;euro en Bulgarie \u00e0 partir du 1er janvier 2026\",\"datePublished\":\"2025-06-04T14:17:04+00:00\",\"dateModified\":\"2025-06-04T14:17:04+00:00\",\"mainEntityOfPage\":{\"@id\":\"https:\/\/vieassociative.be\/actualites\/la-commission-de-lue-donne-le-feu-vert-pour-lintroduction-de-leuro-en-bulgarie-a-partir-du-1er-janvier-2026\/\"},\"wordCount\":630,\"publisher\":{\"@id\":\"https:\/\/vieassociative.be\/actualites\/#organization\"},\"image\":{\"@id\":\"https:\/\/vieassociative.be\/actualites\/la-commission-de-lue-donne-le-feu-vert-pour-lintroduction-de-leuro-en-bulgarie-a-partir-du-1er-janvier-2026\/#primaryimage\"},\"thumbnailUrl\":\"https:\/\/vieassociative.be\/actualites\/wp-content\/uploads\/2025\/06\/1749046624_La-Commission-de-lUE-donne-le-feu-vert-pour-lintroduction.jpg\",\"keywords\":[\"1er\",\"Bulgarie\",\"Commission\",\"donne\",\"feu\",\"janvier\",\"lEuro\",\"lintroduction\",\"LUE\",\"partir\",\"pour\",\"vert\"],\"articleSection\":[\"Belgique\"],\"inLanguage\":\"fr-BE\"},{\"@type\":\"WebPage\",\"@id\":\"https:\/\/vieassociative.be\/actualites\/la-commission-de-lue-donne-le-feu-vert-pour-lintroduction-de-leuro-en-bulgarie-a-partir-du-1er-janvier-2026\/\",\"url\":\"https:\/\/vieassociative.be\/actualites\/la-commission-de-lue-donne-le-feu-vert-pour-lintroduction-de-leuro-en-bulgarie-a-partir-du-1er-janvier-2026\/\",\"name\":\"La Commission de l'UE donne le feu vert pour l'introduction de l'euro en Bulgarie \u00e0 partir du 1er janvier 2026 | Vie Associative\",\"isPartOf\":{\"@id\":\"https:\/\/vieassociative.be\/actualites\/#website\"},\"primaryImageOfPage\":{\"@id\":\"https:\/\/vieassociative.be\/actualites\/la-commission-de-lue-donne-le-feu-vert-pour-lintroduction-de-leuro-en-bulgarie-a-partir-du-1er-janvier-2026\/#primaryimage\"},\"image\":{\"@id\":\"https:\/\/vieassociative.be\/actualites\/la-commission-de-lue-donne-le-feu-vert-pour-lintroduction-de-leuro-en-bulgarie-a-partir-du-1er-janvier-2026\/#primaryimage\"},\"thumbnailUrl\":\"https:\/\/vieassociative.be\/actualites\/wp-content\/uploads\/2025\/06\/1749046624_La-Commission-de-lUE-donne-le-feu-vert-pour-lintroduction.jpg\",\"datePublished\":\"2025-06-04T14:17:04+00:00\",\"dateModified\":\"2025-06-04T14:17:04+00:00\",\"breadcrumb\":{\"@id\":\"https:\/\/vieassociative.be\/actualites\/la-commission-de-lue-donne-le-feu-vert-pour-lintroduction-de-leuro-en-bulgarie-a-partir-du-1er-janvier-2026\/#breadcrumb\"},\"inLanguage\":\"fr-BE\",\"potentialAction\":[{\"@type\":\"ReadAction\",\"target\":[\"https:\/\/vieassociative.be\/actualites\/la-commission-de-lue-donne-le-feu-vert-pour-lintroduction-de-leuro-en-bulgarie-a-partir-du-1er-janvier-2026\/\"]}]},{\"@type\":\"ImageObject\",\"inLanguage\":\"fr-BE\",\"@id\":\"https:\/\/vieassociative.be\/actualites\/la-commission-de-lue-donne-le-feu-vert-pour-lintroduction-de-leuro-en-bulgarie-a-partir-du-1er-janvier-2026\/#primaryimage\",\"url\":\"https:\/\/vieassociative.be\/actualites\/wp-content\/uploads\/2025\/06\/1749046624_La-Commission-de-lUE-donne-le-feu-vert-pour-lintroduction.jpg\",\"contentUrl\":\"https:\/\/vieassociative.be\/actualites\/wp-content\/uploads\/2025\/06\/1749046624_La-Commission-de-lUE-donne-le-feu-vert-pour-lintroduction.jpg\",\"width\":1280,\"height\":1061,\"caption\":\"La Commission de l'UE donne le feu vert pour l'introduction de l'euro en Bulgarie \u00e0 partir du 1er janvier 2026\"},{\"@type\":\"BreadcrumbList\",\"@id\":\"https:\/\/vieassociative.be\/actualites\/la-commission-de-lue-donne-le-feu-vert-pour-lintroduction-de-leuro-en-bulgarie-a-partir-du-1er-janvier-2026\/#breadcrumb\",\"itemListElement\":[{\"@type\":\"ListItem\",\"position\":1,\"name\":\"Accueil\",\"item\":\"https:\/\/vieassociative.be\/actualites\/\"},{\"@type\":\"ListItem\",\"position\":2,\"name\":\"La Commission de l&rsquo;UE donne le feu vert pour l&rsquo;introduction de l&rsquo;euro en Bulgarie \u00e0 partir du 1er janvier 2026\"}]},{\"@type\":\"WebSite\",\"@id\":\"https:\/\/vieassociative.be\/actualites\/#website\",\"url\":\"https:\/\/vieassociative.be\/actualites\/\",\"name\":\"Vie Associative\",\"description\":\"\",\"publisher\":{\"@id\":\"https:\/\/vieassociative.be\/actualites\/#organization\"},\"potentialAction\":[{\"@type\":\"SearchAction\",\"target\":{\"@type\":\"EntryPoint\",\"urlTemplate\":\"https:\/\/vieassociative.be\/actualites\/?s={search_term_string}\"},\"query-input\":{\"@type\":\"PropertyValueSpecification\",\"valueRequired\":true,\"valueName\":\"search_term_string\"}}],\"inLanguage\":\"fr-BE\"},{\"@type\":\"Organization\",\"@id\":\"https:\/\/vieassociative.be\/actualites\/#organization\",\"name\":\"Vie Associative\",\"url\":\"https:\/\/vieassociative.be\/actualites\/\",\"logo\":{\"@type\":\"ImageObject\",\"inLanguage\":\"fr-BE\",\"@id\":\"https:\/\/vieassociative.be\/actualites\/#\/schema\/logo\/image\/\",\"url\":\"https:\/\/vieassociative.be\/actualites\/wp-content\/uploads\/2024\/09\/cropped-vieassociative_favicon.ico.png\",\"contentUrl\":\"https:\/\/vieassociative.be\/actualites\/wp-content\/uploads\/2024\/09\/cropped-vieassociative_favicon.ico.png\",\"width\":512,\"height\":512,\"caption\":\"Vie Associative\"},\"image\":{\"@id\":\"https:\/\/vieassociative.be\/actualites\/#\/schema\/logo\/image\/\"}},{\"@type\":\"Person\",\"@id\":\"https:\/\/vieassociative.be\/actualites\/#\/schema\/person\/b87ac4f82f9d4e7b7cec7395b679edc4\",\"name\":\"Julien\",\"image\":{\"@type\":\"ImageObject\",\"inLanguage\":\"fr-BE\",\"@id\":\"https:\/\/vieassociative.be\/actualites\/#\/schema\/person\/image\/\",\"url\":\"https:\/\/vieassociative.be\/actualites\/wp-content\/uploads\/2024\/09\/vie-associative-1-150x150.jpg\",\"contentUrl\":\"https:\/\/vieassociative.be\/actualites\/wp-content\/uploads\/2024\/09\/vie-associative-1-150x150.jpg\",\"caption\":\"Julien\"},\"description\":\"Je suis Julien, r\u00e9dacteur pour Vie Associative. Passionn\u00e9 par le monde associatif depuis plus de 10 ans, j'ai \u00e0 c\u0153ur de partager des histoires inspirantes et de mettre en lumi\u00e8re les initiatives locales. Mon objectif est de sensibiliser et d'encourager l'engagement communautaire \u00e0 travers mes articles.\",\"sameAs\":[\"https:\/\/vieassociative.be\/\"]}]}<\/script>\n<!-- \/ Yoast SEO plugin. -->","yoast_head_json":{"title":"La Commission de l'UE donne le feu vert pour l'introduction de l'euro en Bulgarie \u00e0 partir du 1er janvier 2026 | Vie Associative","robots":{"index":"index","follow":"follow","max-snippet":"max-snippet:-1","max-image-preview":"max-image-preview:large","max-video-preview":"max-video-preview:-1"},"canonical":"https:\/\/vieassociative.be\/actualites\/la-commission-de-lue-donne-le-feu-vert-pour-lintroduction-de-leuro-en-bulgarie-a-partir-du-1er-janvier-2026\/","og_locale":"fr_FR","og_type":"article","og_title":"La Commission de l'UE donne le feu vert pour l'introduction de l'euro en Bulgarie \u00e0 partir du 1er janvier 2026 | Vie Associative","og_description":"Du point de vue de la Commission europ\u00e9enne, la Bulgarie peut pr\u00e9senter la monnaie communautaire. Le pays membre de l&rsquo;UE remplit les crit\u00e8res n\u00e9cessaires, a","og_url":"https:\/\/vieassociative.be\/actualites\/la-commission-de-lue-donne-le-feu-vert-pour-lintroduction-de-leuro-en-bulgarie-a-partir-du-1er-janvier-2026\/","og_site_name":"Vie Associative","article_published_time":"2025-06-04T14:17:04+00:00","og_image":[{"width":279,"height":92,"url":"https:\/\/vieassociative.be\/actualites\/wp-content\/uploads\/2024\/09\/header_backgroundk-01-e1726694325946.png","type":"image\/png"}],"author":"Julien","twitter_card":"summary_large_image","twitter_misc":{"\u00c9crit par":"Julien","Dur\u00e9e de lecture est.":"3 minutes"},"schema":{"@context":"https:\/\/schema.org","@graph":[{"@type":"Article","@id":"https:\/\/vieassociative.be\/actualites\/la-commission-de-lue-donne-le-feu-vert-pour-lintroduction-de-leuro-en-bulgarie-a-partir-du-1er-janvier-2026\/#article","isPartOf":{"@id":"https:\/\/vieassociative.be\/actualites\/la-commission-de-lue-donne-le-feu-vert-pour-lintroduction-de-leuro-en-bulgarie-a-partir-du-1er-janvier-2026\/"},"author":{"name":"Julien","@id":"https:\/\/vieassociative.be\/actualites\/#\/schema\/person\/b87ac4f82f9d4e7b7cec7395b679edc4"},"headline":"La Commission de l&rsquo;UE donne le feu vert pour l&rsquo;introduction de l&rsquo;euro en Bulgarie \u00e0 partir du 1er janvier 2026","datePublished":"2025-06-04T14:17:04+00:00","dateModified":"2025-06-04T14:17:04+00:00","mainEntityOfPage":{"@id":"https:\/\/vieassociative.be\/actualites\/la-commission-de-lue-donne-le-feu-vert-pour-lintroduction-de-leuro-en-bulgarie-a-partir-du-1er-janvier-2026\/"},"wordCount":630,"publisher":{"@id":"https:\/\/vieassociative.be\/actualites\/#organization"},"image":{"@id":"https:\/\/vieassociative.be\/actualites\/la-commission-de-lue-donne-le-feu-vert-pour-lintroduction-de-leuro-en-bulgarie-a-partir-du-1er-janvier-2026\/#primaryimage"},"thumbnailUrl":"https:\/\/vieassociative.be\/actualites\/wp-content\/uploads\/2025\/06\/1749046624_La-Commission-de-lUE-donne-le-feu-vert-pour-lintroduction.jpg","keywords":["1er","Bulgarie","Commission","donne","feu","janvier","lEuro","lintroduction","LUE","partir","pour","vert"],"articleSection":["Belgique"],"inLanguage":"fr-BE"},{"@type":"WebPage","@id":"https:\/\/vieassociative.be\/actualites\/la-commission-de-lue-donne-le-feu-vert-pour-lintroduction-de-leuro-en-bulgarie-a-partir-du-1er-janvier-2026\/","url":"https:\/\/vieassociative.be\/actualites\/la-commission-de-lue-donne-le-feu-vert-pour-lintroduction-de-leuro-en-bulgarie-a-partir-du-1er-janvier-2026\/","name":"La Commission de l'UE donne le feu vert pour l'introduction de l'euro en Bulgarie \u00e0 partir du 1er janvier 2026 | Vie Associative","isPartOf":{"@id":"https:\/\/vieassociative.be\/actualites\/#website"},"primaryImageOfPage":{"@id":"https:\/\/vieassociative.be\/actualites\/la-commission-de-lue-donne-le-feu-vert-pour-lintroduction-de-leuro-en-bulgarie-a-partir-du-1er-janvier-2026\/#primaryimage"},"image":{"@id":"https:\/\/vieassociative.be\/actualites\/la-commission-de-lue-donne-le-feu-vert-pour-lintroduction-de-leuro-en-bulgarie-a-partir-du-1er-janvier-2026\/#primaryimage"},"thumbnailUrl":"https:\/\/vieassociative.be\/actualites\/wp-content\/uploads\/2025\/06\/1749046624_La-Commission-de-lUE-donne-le-feu-vert-pour-lintroduction.jpg","datePublished":"2025-06-04T14:17:04+00:00","dateModified":"2025-06-04T14:17:04+00:00","breadcrumb":{"@id":"https:\/\/vieassociative.be\/actualites\/la-commission-de-lue-donne-le-feu-vert-pour-lintroduction-de-leuro-en-bulgarie-a-partir-du-1er-janvier-2026\/#breadcrumb"},"inLanguage":"fr-BE","potentialAction":[{"@type":"ReadAction","target":["https:\/\/vieassociative.be\/actualites\/la-commission-de-lue-donne-le-feu-vert-pour-lintroduction-de-leuro-en-bulgarie-a-partir-du-1er-janvier-2026\/"]}]},{"@type":"ImageObject","inLanguage":"fr-BE","@id":"https:\/\/vieassociative.be\/actualites\/la-commission-de-lue-donne-le-feu-vert-pour-lintroduction-de-leuro-en-bulgarie-a-partir-du-1er-janvier-2026\/#primaryimage","url":"https:\/\/vieassociative.be\/actualites\/wp-content\/uploads\/2025\/06\/1749046624_La-Commission-de-lUE-donne-le-feu-vert-pour-lintroduction.jpg","contentUrl":"https:\/\/vieassociative.be\/actualites\/wp-content\/uploads\/2025\/06\/1749046624_La-Commission-de-lUE-donne-le-feu-vert-pour-lintroduction.jpg","width":1280,"height":1061,"caption":"La Commission de l'UE donne le feu vert pour l'introduction de l'euro en Bulgarie \u00e0 partir du 1er janvier 2026"},{"@type":"BreadcrumbList","@id":"https:\/\/vieassociative.be\/actualites\/la-commission-de-lue-donne-le-feu-vert-pour-lintroduction-de-leuro-en-bulgarie-a-partir-du-1er-janvier-2026\/#breadcrumb","itemListElement":[{"@type":"ListItem","position":1,"name":"Accueil","item":"https:\/\/vieassociative.be\/actualites\/"},{"@type":"ListItem","position":2,"name":"La Commission de l&rsquo;UE donne le feu vert pour l&rsquo;introduction de l&rsquo;euro en Bulgarie \u00e0 partir du 1er janvier 2026"}]},{"@type":"WebSite","@id":"https:\/\/vieassociative.be\/actualites\/#website","url":"https:\/\/vieassociative.be\/actualites\/","name":"Vie Associative","description":"","publisher":{"@id":"https:\/\/vieassociative.be\/actualites\/#organization"},"potentialAction":[{"@type":"SearchAction","target":{"@type":"EntryPoint","urlTemplate":"https:\/\/vieassociative.be\/actualites\/?s={search_term_string}"},"query-input":{"@type":"PropertyValueSpecification","valueRequired":true,"valueName":"search_term_string"}}],"inLanguage":"fr-BE"},{"@type":"Organization","@id":"https:\/\/vieassociative.be\/actualites\/#organization","name":"Vie Associative","url":"https:\/\/vieassociative.be\/actualites\/","logo":{"@type":"ImageObject","inLanguage":"fr-BE","@id":"https:\/\/vieassociative.be\/actualites\/#\/schema\/logo\/image\/","url":"https:\/\/vieassociative.be\/actualites\/wp-content\/uploads\/2024\/09\/cropped-vieassociative_favicon.ico.png","contentUrl":"https:\/\/vieassociative.be\/actualites\/wp-content\/uploads\/2024\/09\/cropped-vieassociative_favicon.ico.png","width":512,"height":512,"caption":"Vie Associative"},"image":{"@id":"https:\/\/vieassociative.be\/actualites\/#\/schema\/logo\/image\/"}},{"@type":"Person","@id":"https:\/\/vieassociative.be\/actualites\/#\/schema\/person\/b87ac4f82f9d4e7b7cec7395b679edc4","name":"Julien","image":{"@type":"ImageObject","inLanguage":"fr-BE","@id":"https:\/\/vieassociative.be\/actualites\/#\/schema\/person\/image\/","url":"https:\/\/vieassociative.be\/actualites\/wp-content\/uploads\/2024\/09\/vie-associative-1-150x150.jpg","contentUrl":"https:\/\/vieassociative.be\/actualites\/wp-content\/uploads\/2024\/09\/vie-associative-1-150x150.jpg","caption":"Julien"},"description":"Je suis Julien, r\u00e9dacteur pour Vie Associative. Passionn\u00e9 par le monde associatif depuis plus de 10 ans, j'ai \u00e0 c\u0153ur de partager des histoires inspirantes et de mettre en lumi\u00e8re les initiatives locales. Mon objectif est de sensibiliser et d'encourager l'engagement communautaire \u00e0 travers mes articles.","sameAs":["https:\/\/vieassociative.be\/"]}]}},"_links":{"self":[{"href":"https:\/\/vieassociative.be\/actualites\/wp-json\/wp\/v2\/posts\/7975"}],"collection":[{"href":"https:\/\/vieassociative.be\/actualites\/wp-json\/wp\/v2\/posts"}],"about":[{"href":"https:\/\/vieassociative.be\/actualites\/wp-json\/wp\/v2\/types\/post"}],"author":[{"embeddable":true,"href":"https:\/\/vieassociative.be\/actualites\/wp-json\/wp\/v2\/users\/1"}],"replies":[{"embeddable":true,"href":"https:\/\/vieassociative.be\/actualites\/wp-json\/wp\/v2\/comments?post=7975"}],"version-history":[{"count":0,"href":"https:\/\/vieassociative.be\/actualites\/wp-json\/wp\/v2\/posts\/7975\/revisions"}],"wp:featuredmedia":[{"embeddable":true,"href":"https:\/\/vieassociative.be\/actualites\/wp-json\/wp\/v2\/media\/7976"}],"wp:attachment":[{"href":"https:\/\/vieassociative.be\/actualites\/wp-json\/wp\/v2\/media?parent=7975"}],"wp:term":[{"taxonomy":"category","embeddable":true,"href":"https:\/\/vieassociative.be\/actualites\/wp-json\/wp\/v2\/categories?post=7975"},{"taxonomy":"post_tag","embeddable":true,"href":"https:\/\/vieassociative.be\/actualites\/wp-json\/wp\/v2\/tags?post=7975"}],"curies":[{"name":"wp","href":"https:\/\/api.w.org\/{rel}","templated":true}]}}