{"id":797,"date":"2024-10-03T12:18:02","date_gmt":"2024-10-03T10:18:02","guid":{"rendered":"https:\/\/vieassociative.be\/actualites\/les-meilleures-offres-de-la-vente-black-friday-de-best-buy\/"},"modified":"2024-10-03T12:18:02","modified_gmt":"2024-10-03T10:18:02","slug":"les-meilleures-offres-de-la-vente-black-friday-de-best-buy","status":"publish","type":"post","link":"https:\/\/vieassociative.be\/actualites\/les-meilleures-offres-de-la-vente-black-friday-de-best-buy\/","title":{"rendered":"Les meilleures offres de la vente Black Friday de Best Buy"},"content":{"rendered":"<div class=\"mt-4 leading-6 md:mb-8\">Les offres du Black Friday chez Best Buy sont d\u00e9sormais en ligne et sont le d\u00e9taillant proposant les meilleures offres technologiques.<\/div>\n<p><\/p>\n<p>Best Buy a \u00e9t\u00e9 le premier des grands d\u00e9taillants \u00e0 annoncer ses projets pour le Black Friday cette ann\u00e9e, suivi par des d\u00e9taillants comme Target, Amazon et Walmart. Ils proposent \u00e9galement la plupart des meilleures offres disponibles jusqu\u2019\u00e0 pr\u00e9sent en termes de quantit\u00e9. Voici ce que vous pouvez attendre de Best Buy ce Black Friday et quelles offres sont actuellement disponibles.<\/p>\n<h2 id=\"best-buys-black-friday-deals-have-already-started\">Les offres Black Friday de Best Buy ont d\u00e9j\u00e0 commenc\u00e9<\/h2>\n<p>Les magasins physiques Best Buy seront ferm\u00e9s \u00e0 Thanksgiving, mais ils ouvriront le lendemain pour leur vente Black Friday. En attendant:<\/p>\n<ul>\n<li>\n<p><strong>17 novembre au 25 novembre : <\/strong>Le <strong>Vente du vendredi noir<\/strong> commence le vendredi 17 novembre et dure jusqu&rsquo;au Cyber \u200b\u200b\u200b\u200bMonday. C\u2019est \u00e0 ce moment-l\u00e0 que vous trouverez probablement le plus d\u2019articles en vente, tant en ligne qu\u2019en magasin.<\/p>\n<\/li>\n<li>\n<p><strong>26 et 27 novembre\u00a0: <\/strong>Le dimanche 26 novembre, Best Buy lancera son <strong>\u00c9v\u00e9nement d&rsquo;\u00e9conomies du Cyber \u200b\u200b\u200b\u200bMonday<\/strong>. Cette vente se d\u00e9roulera enti\u00e8rement en ligne, comme c&rsquo;est le cas pour toutes les ventes du Cyber \u200b\u200bMonday.<\/p>\n<\/li>\n<\/ul>\n<p>Si vous aimez vous rendre au magasin pour faire vos achats, Best Buy \u00e9tend ses heures d&rsquo;ouverture selon l&rsquo;horaire suivant en fonction de votre heure locale\u00a0:<\/p>\n<ul>\n<li>\n<p>22 novembre\u00a0: 9h \u00e0 22h<\/p>\n<\/li>\n<li>\n<p>Thanksgiving, 23 novembre\u00a0: ferm\u00e9<\/p>\n<\/li>\n<li>\n<p>Black Friday, 24 novembre\u00a0: 6h \u00e0 22h<\/p>\n<\/li>\n<li>\n<p>25 novembre\u00a0: 9h \u00e0 22h<\/p>\n<\/li>\n<\/ul>\n<h2 id=\"best-black-friday-deals-at-best-buy-right-now\">Meilleures offres du Black Friday chez Best Buy en ce moment<\/h2>\n<p>N\u2019oubliez pas que toutes les offres ne sont pas aussi bonnes qu\u2019elles le paraissent sur le papier. J&rsquo;ai remarqu\u00e9 que deux de leurs offres t\u00e9l\u00e9vis\u00e9es en premi\u00e8re page, la s\u00e9rie LG 48&Prime; classe A2 et Insignia\u2122 &#8211; 55&Prime; classe F30, utilisent le stratag\u00e8me cach\u00e9 de hausse des prix pour tromper les acheteurs en leur faisant croire qu&rsquo;ils obtiennent une meilleure offre qu&rsquo;ils ne le sont en r\u00e9alit\u00e9. (les deux t\u00e9l\u00e9viseurs ont \u00e9t\u00e9 \u00e0 peu pr\u00e8s au m\u00eame prix bas pendant la majeure partie du second semestre). Vous pouvez voir l\u2019historique des prix de Honey ici et ici, respectivement. N&rsquo;oubliez pas de toujours utiliser des outils de suivi des prix et d&rsquo;avoir un plan pour le Black Friday afin d&rsquo;\u00e9viter d&rsquo;en profiter. Les offres suivantes sont celles que j&rsquo;ai v\u00e9rifi\u00e9es comme \u00e9tant effectivement de bonnes affaires\u00a0:<\/p>\n<ul>\n<li>\n<p><strong>Meilleure offre TV \u00e0 petit budget<\/strong>: La s\u00e9rie LG 55&Prime; de classe UQ70 est <strong>299,99\u00a0$<\/strong> (\u00e0 l&rsquo;origine 499,99 $) apr\u00e8s une remise de 200 $. Cela am\u00e8ne ce t\u00e9l\u00e9viseur intelligent LED 4K \u00e0 son prix le plus bas \u00e0 ce jour, selon l&rsquo;historique des prix de Honey. <\/p>\n<ul>\n<li>\n<p>Si vous pr\u00e9f\u00e9rez un t\u00e9l\u00e9viseur plus grand, pensez au Samsung 75&Prime; Classe TU690T pour <strong>579,99\u00a0$<\/strong> (\u00e0 l&rsquo;origine 749,99 $) apr\u00e8s une remise de 170 $. Cela am\u00e8ne ce t\u00e9l\u00e9viseur intelligent Tizen 4K UHD \u00e0 \u00e9galer son prix le plus bas \u00e0 ce jour, selon l&rsquo;historique des prix de Honey.<\/p>\n<\/li>\n<\/ul>\n<\/li>\n<li>\n<p><strong>Meilleure offre t\u00e9l\u00e9<\/strong>: Le Samsung 85&Prime; Classe CU7000 est <strong>897,99\u00a0$<\/strong> (\u00e0 l&rsquo;origine 1 299,99 $) apr\u00e8s une remise de 402 $. Cela am\u00e8ne ce t\u00e9l\u00e9viseur intelligent Tizen UHD 4K \u00e0 son prix le plus bas \u00e0 ce jour, selon l&rsquo;historique des prix de Honey.<\/p>\n<ul>\n<li>\n<p>Si vous pr\u00e9f\u00e9rez un LG, consid\u00e9rez que la s\u00e9rie LG 86 pouces de classe UR7800 est <strong>899,99\u00a0$<\/strong> (\u00e0 l&rsquo;origine 1 249,99 $) apr\u00e8s une remise de 305 $. Vous pouvez \u00e9conomiser 100 $ suppl\u00e9mentaires avec un abonnement My Best Buy Plus ou My Best Buy Total. Cela am\u00e8ne ce t\u00e9l\u00e9viseur intelligent LED 4K UHD \u00e0 son prix le plus bas \u00e0 ce jour, selon l&rsquo;historique des prix de Honey.<\/p>\n<\/li>\n<\/ul>\n<\/li>\n<li>\n<p><strong>Meilleur ordinateur portable \u00e9conomique<\/strong>: L&rsquo;ordinateur portable Lenovo Ideapad 3i est <strong>279,99\u00a0$<\/strong> (\u00e0 l&rsquo;origine 499 $) apr\u00e8s une r\u00e9duction de 220 $. Cet ordinateur portable \u00e0 \u00e9cran tactile FHD de 15,6 pouces est dot\u00e9 d&rsquo;un processeur Intel Core i3, de 8 Go de RAM et de 256 Go de stockage. Cela am\u00e8ne cet ordinateur portable \u00e9conomique \u00e0 son prix le plus bas \u00e0 ce jour, selon l&rsquo;historique des prix de Honey. <\/p>\n<ul>\n<li>\n<p>Si vous pr\u00e9f\u00e9rez un HP, pensez \u00e0 l&rsquo;ordinateur portable HP 17,3&Prime; HD+, qui est <strong>319,99\u00a0$<\/strong> (\u00e0 l&rsquo;origine 549,99 $) apr\u00e8s une remise de 230 $. Ce grand ordinateur portable \u00e0 \u00e9cran antireflet dispose d&rsquo;un AMD Ryzen 3, de 8 Go de RAM et de 256 Go de stockage. Cela am\u00e8ne cet ordinateur portable \u00e9conomique \u00e0 son deuxi\u00e8me prix le plus bas \u00e0 ce jour, selon l&rsquo;historique des prix de Honey.<\/p>\n<\/li>\n<\/ul>\n<\/li>\n<li>\n<p><strong>Meilleure offre d&rsquo;ordinateur portable<\/strong>: L&rsquo;ordinateur portable Lenovo Yoga 7i est <strong>549,99\u00a0$<\/strong> (\u00e0 l&rsquo;origine 849,99 $) apr\u00e8s une r\u00e9duction de 300 $. Cet ordinateur portable hybride tablette WUXGA de 16 pouces est dot\u00e9 d&rsquo;un processeur Intel Core i5, de 16 Go de RAM et de 512 Go de stockage. Vous pouvez \u00e9conomiser 50 $ suppl\u00e9mentaires avec un abonnement My Best Buy Plus ou My Best Buy Total. Cela am\u00e8ne cet ordinateur portable \u00e0 son prix le plus bas \u00e0 ce jour. , selon l&rsquo;historique des prix de Honey.<\/p>\n<ul>\n<li>\n<p>Si vous pr\u00e9f\u00e9rez un HP, pensez \u00e0 l&rsquo;ordinateur portable HP Envy 15,6&Prime; pour <strong>649,99\u00a0$<\/strong> (\u00e0 l&rsquo;origine 1 049,99 $) apr\u00e8s une remise de 400 $. Cet ordinateur portable hybride tablette 2-en-1 dispose d&rsquo;un processeur AMD Ryzen 7, de 16 Go de RAM et de 512 Go de stockage. Cela correspond au prix le plus bas de cet ordinateur portable \u00e0 ce jour, selon l&rsquo;historique des prix de Honey.<\/p>\n<\/li>\n<\/ul>\n<\/li>\n<li>\n<p><strong>Meilleurs \u00e9couteurs antibruit<\/strong>: Le JBL Live 660NC est <strong>99,99\u00a0$<\/strong> (\u00e0 l&rsquo;origine 199,99 $) apr\u00e8s une remise de 100 $. Ce casque supra-auriculaire sans fil est actuellement \u00e0 son deuxi\u00e8me prix le plus bas \u00e0 ce jour, selon l&rsquo;historique des prix de Honey.<\/p>\n<\/li>\n<li>\n<p><strong>Meilleure offre de moniteur<\/strong>: Le Samsung Odyssey Neo G7 est <strong>499,99\u00a0$<\/strong> (\u00e0 l&rsquo;origine 999,99 $) apr\u00e8s une remise de 500 $. Ce moniteur de jeu intelligent 4K UHD de 43 pouces avec AMD FreeSync Premium Pro est le prix le plus bas jamais atteint, selon l&rsquo;historique des prix de Honey.<\/p>\n<\/li>\n<li>\n<p><strong>Meilleure offre de cam\u00e9ra de s\u00e9curit\u00e9<\/strong>: L&rsquo;ensemble de s\u00e9curit\u00e9 pour cam\u00e9ra Spotlight Arlo Pro 4 est <strong>279,99\u00a0$<\/strong> (\u00e0 l&rsquo;origine 599,99 $) apr\u00e8s une r\u00e9duction de 300 $. Il s&rsquo;agit du deuxi\u00e8me prix le plus bas jamais atteint, selon l&rsquo;historique des prix de Honey.<\/p>\n<\/li>\n<li>\n<p><strong>Meilleure offre de barre de son<\/strong>: La barre de son JBL Cinema SB170 avec caisson de basses sans fil est <strong>149,99\u00a0$<\/strong> (\u00e0 l&rsquo;origine 249,99 $) apr\u00e8s une r\u00e9duction de 80 $. Ce syst\u00e8me audio Bluetooth 2.1 canaux est \u00e0 son deuxi\u00e8me prix le plus bas, selon l&rsquo;historique des prix de Honey.<\/p>\n<\/li>\n<li>\n<p><strong>Meilleure offre PS5<\/strong>: Vous pouvez obtenir un pack PS5 pour <strong>499,99\u00a0$<\/strong>qui vient avec soit<em> Spider-Man 2<\/em> ou<em> Guerre moderne 3<\/em>. Les jeux sont livr\u00e9s \u00e9lectroniquement sous forme de contenu enti\u00e8rement t\u00e9l\u00e9chargeable. Il s\u2019agit du pack le moins cher avec un combo de jeux depuis sa sortie. <\/p>\n<\/li>\n<li>\n<p><strong>Meilleure offre d\u2019\u00e9couteurs antibruit<\/strong>: Le JBL Reflect Mini est <strong>59,99\u00a0$<\/strong> (\u00e0 l&rsquo;origine 149,99 $) apr\u00e8s une r\u00e9duction de 90 $. Ces \u00e9couteurs intra-auriculaires sans fil dot\u00e9s d&rsquo;une autonomie de sept heures correspondent actuellement \u00e0 leur prix le plus bas \u00e0 ce jour, selon l&rsquo;historique des prix de Honey.<\/p>\n<\/li>\n<li>\n<p><strong>Meilleure offre de montre intelligente<\/strong>: La montre intelligente Fitbit Versa 4 Fitness est <strong>149,95\u00a0$<\/strong> (\u00e0 l&rsquo;origine 199,99 $) apr\u00e8s une remise de 50 $. Cette montre intelligente de fitness est compatible avec les syst\u00e8mes d\u2019exploitation Android ou Apple iOS, est r\u00e9sistante \u00e0 l\u2019eau et poss\u00e8de toutes les fonctionnalit\u00e9s courantes d\u2019une montre intelligente. Il est actuellement \u00e0 son prix le plus bas \u00e0 ce jour, selon l&rsquo;historique des prix de Honey.<\/p>\n<\/li>\n<\/ul>\n<h2 id=\"the-newest-black-friday-deals\">Les derni\u00e8res offres du Black Friday<\/h2>\n<p>La deuxi\u00e8me phase du plan Black Friday de Best Buy a d\u00e9but\u00e9 le vendredi 17 novembre. Ils ont annonc\u00e9 leurs plans dans un communiqu\u00e9 de presse avec davantage d&rsquo;offres sur les t\u00e9l\u00e9viseurs, les \u00e9couteurs, les ordinateurs portables, les scooters \u00e9lectriques, les appareils de soins de la peau, les petits appareils \u00e9lectrom\u00e9nagers et plus encore. Voici quelques-unes des meilleures offres du Black Friday en ce moment\u00a0:<\/p>\n<ul>\n<li>\n<p>T\u00e9l\u00e9viseur\u00a0:\u00a0Le t\u00e9l\u00e9viseur Samsung 77\u00a0pouces Classe S89C OLED 4K UHD Smart Tizen est <strong>1\u00a0999,99\u00a0$<\/strong> (\u00e0 l&rsquo;origine 3 599,99 $) apr\u00e8s une remise de 1 600 $.<\/p>\n<\/li>\n<li>\n<p>Ordinateur portable\u00a0: l&rsquo;ordinateur portable MacBook Air 13,3\u00a0pouces est <strong>749,99\u00a0$<\/strong> (\u00e0 l&rsquo;origine 999,99 $). Vous pouvez trouver plus d\u2019offres MacBook ici.<\/p>\n<\/li>\n<li>\n<p>Ordinateur portable\u00a0: l&rsquo;ordinateur portable tactile Lenovo Ideapad 15,6\u00a0pouces est <strong>279,99\u00a0$<\/strong> (\u00e0 l&rsquo;origine 499,99 $) apr\u00e8s une remise de 220 $.<\/p>\n<\/li>\n<li>\n<p>Ordinateur portable\u00a0: l&rsquo;ordinateur portable de jeu HP Victus 15,6\u00a0pouces R5 est <strong>449,99\u00a0$<\/strong> (\u00e0 l&rsquo;origine 799,99 $) apr\u00e8s une remise de 350 $.<\/p>\n<\/li>\n<li>\n<p>Ordinateur portable\u00a0: l&rsquo;ordinateur portable \u00e0 \u00e9cran tactile HP Envy 2-en-1 14\u00a0\u2033 est <strong>749,99\u00a0$<\/strong> (\u00e0 l&rsquo;origine 1 079,99 $) apr\u00e8s une remise de 330 $.<\/p>\n<\/li>\n<li>\n<p>Moniteur\u00a0: Le moniteur de jeu incurv\u00e9 OLED LG 45\u00a0pouces est <strong>1\u00a0199,99\u00a0$<\/strong> (\u00e0 l&rsquo;origine 1 699,99 $) apr\u00e8s une remise de 500 $. Les membres Plus et Total \u00e9conomisent 200\u00a0$ suppl\u00e9mentaires (\u00e9conomies totales\u00a0: 700\u00a0$).<\/p>\n<\/li>\n<li>\n<p>Tablette : iPad Apple 10,2 pouces (9e g\u00e9n\u00e9ration)<strong> <\/strong>est <strong>249,99\u00a0$<\/strong> (\u00e0 l&rsquo;origine 329,99 $). Trouvez plus d\u2019offres iPad ici.<\/p>\n<\/li>\n<li>\n<p>\u00c9couteurs\u00a0: le casque supra-auriculaire \u00e0 r\u00e9duction de bruit Bose QuietComfort 45 est <strong>199\u00a0$<\/strong> (\u00e0 l&rsquo;origine 329 $) apr\u00e8s une remise de 130 $.<\/p>\n<\/li>\n<li>\n<p>\u00c9couteurs : les AirPods Max Space Grey sont <strong>449,99\u00a0$<\/strong> (\u00e0 l&rsquo;origine 549,99 $) apr\u00e8s une remise de 100 $.<\/p>\n<\/li>\n<li>\n<p>Haut-parleur\u00a0: le haut-parleur Bluetooth portable JBL Clip 3 est <strong>34,99\u00a0$<\/strong> (\u00e0 l&rsquo;origine 69,99 $) apr\u00e8s une remise de 35 $.<\/p>\n<\/li>\n<li>\n<p>Cam\u00e9ra\u00a0:\u00a0l&rsquo;ensemble de cam\u00e9ras d&rsquo;action GoPro HERO12 Black est <strong>349,99\u00a0$<\/strong> (\u00e0 l&rsquo;origine 449,99 $) apr\u00e8s une remise de 100 $.<\/p>\n<\/li>\n<li>\n<p>Appareil de cuisine\u00a0: le batteur sur socle \u00e0 bol relevable KitchenAid de 5,5 litres est <strong>199\u00a0$<\/strong> (\u00e0 l&rsquo;origine 449,99 $) apr\u00e8s une remise de 200 $.<\/p>\n<\/li>\n<li>\n<p>Appareils de cuisine\u00a0: obtenez un suppl\u00e9ment <strong>Valeur de 250$<\/strong> \u00e0 l\u2019achat de 2 appareils \u00e9lectrom\u00e9nagers admissibles ou plus.<\/p>\n<\/li>\n<\/ul>\n<h2 id=\"better-black-friday-deals-for-loyalty-members\">De meilleures offres Black Friday pour les membres fid\u00e8les<\/h2>\n<p>Best Buy propose des offres exclusives pour ses programmes de fid\u00e9lit\u00e9 payants dont les membres de My Best Buy Plus ou My Best Buy Total peuvent profiter. Gardez \u00e0 l\u2019esprit que la plupart de ces offres n\u2019afficheront leur prix r\u00e9duit qu\u2019une fois que vous les aurez mises dans votre panier avec l\u2019option \u00ab\u00a0\u00e9conomisez X\u00a0$ avec Plus ou Total\u00a0\u00bb. Par exemple, vous pouvez obtenir un suppl\u00e9ment <strong>50\u00a0$ de rabais<\/strong> sur ce Samsung Galaxy Book3 360 pour correspondre au prix le plus bas atteint lors du Prime Day d&rsquo;octobre, selon l&rsquo;historique des prix de Honey.<\/p>\n<h2 id=\"what-you-can-expect-this-year\">\u00c0 quoi vous pouvez vous attendre cette ann\u00e9e<\/h2>\n<p>Best Buy indique que vous verrez des offres allant \u00ab jusqu&rsquo;\u00e0 50 % sur les meilleurs cadeaux \u00bb, en particulier lors de leur vente Cyber \u200b\u200b\u200b\u200bMonday. Au cours des derni\u00e8res ann\u00e9es, ils ont r\u00e9alis\u00e9 plusieurs \u00ab ventes flash \u00bb de 24 heures, similaires \u00e0 \u00ab l&rsquo;offre du jour \u00bb qu&rsquo;ils proposent chaque jour. Les meilleures ventes ont toujours des quantit\u00e9s limit\u00e9es et ne sont pas garanties d&rsquo;\u00eatre r\u00e9approvisionn\u00e9es. N&rsquo;oubliez pas que vous pouvez toujours le retourner si vous le trouvez moins cher chez un autre d\u00e9taillant ou m\u00eame chez Best Buy \u00e0 une date ult\u00e9rieure.<\/p>\n<h2 id=\"the-price-matching-and-return-policies-are-different\">Les politiques d&rsquo;alignement des prix et de retour sont diff\u00e9rentes<\/h2>\n<p>Best Buy est connu pour sa politique d&rsquo;\u00e9galisation des prix, qui correspond au prix de la plupart des produits que vous trouvez moins chers parmi une liste d&rsquo;autres d\u00e9taillants. Mais entre le 17 et le 27 novembre (Cyber \u200b\u200bMonday), vous ne pourrez pas profiter de leur politique d&rsquo;\u00e9galisation des prix. Cependant, si vous <em>faire<\/em> Si vous trouvez un produit sp\u00e9cifique moins cher ailleurs pendant ces p\u00e9riodes d&rsquo;interdiction, vous pouvez toujours le retourner. En fait, ils prolongent leur politique de retour et d&rsquo;\u00e9change jusqu&rsquo;au 13 janvier pour la plupart des produits (y compris en ligne) achet\u00e9s entre le 27 octobre et le 30 d\u00e9cembre.<\/p>\n","protected":false},"excerpt":{"rendered":"<p>Les offres du Black Friday chez Best Buy sont d\u00e9sormais en ligne et sont le d\u00e9taillant proposant les meilleures offres technologiques. Best Buy a \u00e9t\u00e9<\/p>\n","protected":false},"author":1,"featured_media":798,"comment_status":"","ping_status":"","sticky":false,"template":"","format":"standard","meta":{"footnotes":""},"categories":[41],"tags":[73,1256,1255,14,79,345,223],"class_list":["post-797","post","type-post","status-publish","format-standard","has-post-thumbnail","hentry","category-argent","tag-black","tag-buy","tag-friday","tag-les","tag-meilleures","tag-offres","tag-vente","generate-columns","tablet-grid-50","mobile-grid-100","grid-parent","grid-33"],"yoast_head":"<!-- This site is optimized with the Yoast SEO plugin v24.0 - https:\/\/yoast.com\/wordpress\/plugins\/seo\/ -->\n<title>Les meilleures offres de la vente Black Friday de Best Buy | Vie Associative<\/title>\n<meta name=\"robots\" content=\"index, follow, max-snippet:-1, max-image-preview:large, max-video-preview:-1\" \/>\n<link rel=\"canonical\" href=\"https:\/\/vieassociative.be\/actualites\/les-meilleures-offres-de-la-vente-black-friday-de-best-buy\/\" \/>\n<meta property=\"og:locale\" content=\"fr_FR\" \/>\n<meta property=\"og:type\" content=\"article\" \/>\n<meta property=\"og:title\" content=\"Les meilleures offres de la vente Black Friday de Best Buy | Vie Associative\" \/>\n<meta property=\"og:description\" content=\"Les offres du Black Friday chez Best Buy sont d\u00e9sormais en ligne et sont le d\u00e9taillant proposant les meilleures offres technologiques. Best Buy a \u00e9t\u00e9\" \/>\n<meta property=\"og:url\" content=\"https:\/\/vieassociative.be\/actualites\/les-meilleures-offres-de-la-vente-black-friday-de-best-buy\/\" \/>\n<meta property=\"og:site_name\" content=\"Vie Associative\" \/>\n<meta property=\"article:published_time\" content=\"2024-10-03T10:18:02+00:00\" \/>\n<meta property=\"og:image\" content=\"https:\/\/vieassociative.be\/actualites\/wp-content\/uploads\/2024\/09\/header_backgroundk-01-e1726694325946.png\" \/>\n\t<meta property=\"og:image:width\" content=\"279\" \/>\n\t<meta property=\"og:image:height\" content=\"92\" \/>\n\t<meta property=\"og:image:type\" content=\"image\/png\" \/>\n<meta name=\"author\" content=\"Julien\" \/>\n<meta name=\"twitter:card\" content=\"summary_large_image\" \/>\n<meta name=\"twitter:label1\" content=\"\u00c9crit par\" \/>\n\t<meta name=\"twitter:data1\" content=\"Julien\" \/>\n\t<meta name=\"twitter:label2\" content=\"Dur\u00e9e de lecture est.\" \/>\n\t<meta name=\"twitter:data2\" content=\"9 minutes\" \/>\n<script type=\"application\/ld+json\" class=\"yoast-schema-graph\">{\"@context\":\"https:\/\/schema.org\",\"@graph\":[{\"@type\":\"Article\",\"@id\":\"https:\/\/vieassociative.be\/actualites\/les-meilleures-offres-de-la-vente-black-friday-de-best-buy\/#article\",\"isPartOf\":{\"@id\":\"https:\/\/vieassociative.be\/actualites\/les-meilleures-offres-de-la-vente-black-friday-de-best-buy\/\"},\"author\":{\"name\":\"Julien\",\"@id\":\"https:\/\/vieassociative.be\/actualites\/#\/schema\/person\/b87ac4f82f9d4e7b7cec7395b679edc4\"},\"headline\":\"Les meilleures offres de la vente Black Friday de Best Buy\",\"datePublished\":\"2024-10-03T10:18:02+00:00\",\"dateModified\":\"2024-10-03T10:18:02+00:00\",\"mainEntityOfPage\":{\"@id\":\"https:\/\/vieassociative.be\/actualites\/les-meilleures-offres-de-la-vente-black-friday-de-best-buy\/\"},\"wordCount\":1898,\"publisher\":{\"@id\":\"https:\/\/vieassociative.be\/actualites\/#organization\"},\"image\":{\"@id\":\"https:\/\/vieassociative.be\/actualites\/les-meilleures-offres-de-la-vente-black-friday-de-best-buy\/#primaryimage\"},\"thumbnailUrl\":\"https:\/\/vieassociative.be\/actualites\/wp-content\/uploads\/2024\/10\/Les-meilleures-offres-de-la-vente-Black-Friday-de-Best.png\",\"keywords\":[\"Black\",\"Buy\",\"Friday\",\"Les\",\"meilleures\",\"offres\",\"vente\"],\"articleSection\":[\"Argent\"],\"inLanguage\":\"fr-BE\"},{\"@type\":\"WebPage\",\"@id\":\"https:\/\/vieassociative.be\/actualites\/les-meilleures-offres-de-la-vente-black-friday-de-best-buy\/\",\"url\":\"https:\/\/vieassociative.be\/actualites\/les-meilleures-offres-de-la-vente-black-friday-de-best-buy\/\",\"name\":\"Les meilleures offres de la vente Black Friday de Best Buy | Vie Associative\",\"isPartOf\":{\"@id\":\"https:\/\/vieassociative.be\/actualites\/#website\"},\"primaryImageOfPage\":{\"@id\":\"https:\/\/vieassociative.be\/actualites\/les-meilleures-offres-de-la-vente-black-friday-de-best-buy\/#primaryimage\"},\"image\":{\"@id\":\"https:\/\/vieassociative.be\/actualites\/les-meilleures-offres-de-la-vente-black-friday-de-best-buy\/#primaryimage\"},\"thumbnailUrl\":\"https:\/\/vieassociative.be\/actualites\/wp-content\/uploads\/2024\/10\/Les-meilleures-offres-de-la-vente-Black-Friday-de-Best.png\",\"datePublished\":\"2024-10-03T10:18:02+00:00\",\"dateModified\":\"2024-10-03T10:18:02+00:00\",\"breadcrumb\":{\"@id\":\"https:\/\/vieassociative.be\/actualites\/les-meilleures-offres-de-la-vente-black-friday-de-best-buy\/#breadcrumb\"},\"inLanguage\":\"fr-BE\",\"potentialAction\":[{\"@type\":\"ReadAction\",\"target\":[\"https:\/\/vieassociative.be\/actualites\/les-meilleures-offres-de-la-vente-black-friday-de-best-buy\/\"]}]},{\"@type\":\"ImageObject\",\"inLanguage\":\"fr-BE\",\"@id\":\"https:\/\/vieassociative.be\/actualites\/les-meilleures-offres-de-la-vente-black-friday-de-best-buy\/#primaryimage\",\"url\":\"https:\/\/vieassociative.be\/actualites\/wp-content\/uploads\/2024\/10\/Les-meilleures-offres-de-la-vente-Black-Friday-de-Best.png\",\"contentUrl\":\"https:\/\/vieassociative.be\/actualites\/wp-content\/uploads\/2024\/10\/Les-meilleures-offres-de-la-vente-Black-Friday-de-Best.png\",\"width\":1200,\"height\":674,\"caption\":\"Les meilleures offres de la vente Black Friday de Best Buy\"},{\"@type\":\"BreadcrumbList\",\"@id\":\"https:\/\/vieassociative.be\/actualites\/les-meilleures-offres-de-la-vente-black-friday-de-best-buy\/#breadcrumb\",\"itemListElement\":[{\"@type\":\"ListItem\",\"position\":1,\"name\":\"Accueil\",\"item\":\"https:\/\/vieassociative.be\/actualites\/\"},{\"@type\":\"ListItem\",\"position\":2,\"name\":\"Les meilleures offres de la vente Black Friday de Best Buy\"}]},{\"@type\":\"WebSite\",\"@id\":\"https:\/\/vieassociative.be\/actualites\/#website\",\"url\":\"https:\/\/vieassociative.be\/actualites\/\",\"name\":\"Vie Associative\",\"description\":\"\",\"publisher\":{\"@id\":\"https:\/\/vieassociative.be\/actualites\/#organization\"},\"potentialAction\":[{\"@type\":\"SearchAction\",\"target\":{\"@type\":\"EntryPoint\",\"urlTemplate\":\"https:\/\/vieassociative.be\/actualites\/?s={search_term_string}\"},\"query-input\":{\"@type\":\"PropertyValueSpecification\",\"valueRequired\":true,\"valueName\":\"search_term_string\"}}],\"inLanguage\":\"fr-BE\"},{\"@type\":\"Organization\",\"@id\":\"https:\/\/vieassociative.be\/actualites\/#organization\",\"name\":\"Vie Associative\",\"url\":\"https:\/\/vieassociative.be\/actualites\/\",\"logo\":{\"@type\":\"ImageObject\",\"inLanguage\":\"fr-BE\",\"@id\":\"https:\/\/vieassociative.be\/actualites\/#\/schema\/logo\/image\/\",\"url\":\"https:\/\/vieassociative.be\/actualites\/wp-content\/uploads\/2024\/09\/cropped-vieassociative_favicon.ico.png\",\"contentUrl\":\"https:\/\/vieassociative.be\/actualites\/wp-content\/uploads\/2024\/09\/cropped-vieassociative_favicon.ico.png\",\"width\":512,\"height\":512,\"caption\":\"Vie Associative\"},\"image\":{\"@id\":\"https:\/\/vieassociative.be\/actualites\/#\/schema\/logo\/image\/\"}},{\"@type\":\"Person\",\"@id\":\"https:\/\/vieassociative.be\/actualites\/#\/schema\/person\/b87ac4f82f9d4e7b7cec7395b679edc4\",\"name\":\"Julien\",\"image\":{\"@type\":\"ImageObject\",\"inLanguage\":\"fr-BE\",\"@id\":\"https:\/\/vieassociative.be\/actualites\/#\/schema\/person\/image\/\",\"url\":\"https:\/\/vieassociative.be\/actualites\/wp-content\/uploads\/2024\/09\/vie-associative-1-150x150.jpg\",\"contentUrl\":\"https:\/\/vieassociative.be\/actualites\/wp-content\/uploads\/2024\/09\/vie-associative-1-150x150.jpg\",\"caption\":\"Julien\"},\"description\":\"Je suis Julien, r\u00e9dacteur pour Vie Associative. Passionn\u00e9 par le monde associatif depuis plus de 10 ans, j'ai \u00e0 c\u0153ur de partager des histoires inspirantes et de mettre en lumi\u00e8re les initiatives locales. Mon objectif est de sensibiliser et d'encourager l'engagement communautaire \u00e0 travers mes articles.\",\"sameAs\":[\"https:\/\/vieassociative.be\/\"]}]}<\/script>\n<!-- \/ Yoast SEO plugin. -->","yoast_head_json":{"title":"Les meilleures offres de la vente Black Friday de Best Buy | Vie Associative","robots":{"index":"index","follow":"follow","max-snippet":"max-snippet:-1","max-image-preview":"max-image-preview:large","max-video-preview":"max-video-preview:-1"},"canonical":"https:\/\/vieassociative.be\/actualites\/les-meilleures-offres-de-la-vente-black-friday-de-best-buy\/","og_locale":"fr_FR","og_type":"article","og_title":"Les meilleures offres de la vente Black Friday de Best Buy | Vie Associative","og_description":"Les offres du Black Friday chez Best Buy sont d\u00e9sormais en ligne et sont le d\u00e9taillant proposant les meilleures offres technologiques. Best Buy a \u00e9t\u00e9","og_url":"https:\/\/vieassociative.be\/actualites\/les-meilleures-offres-de-la-vente-black-friday-de-best-buy\/","og_site_name":"Vie Associative","article_published_time":"2024-10-03T10:18:02+00:00","og_image":[{"width":279,"height":92,"url":"https:\/\/vieassociative.be\/actualites\/wp-content\/uploads\/2024\/09\/header_backgroundk-01-e1726694325946.png","type":"image\/png"}],"author":"Julien","twitter_card":"summary_large_image","twitter_misc":{"\u00c9crit par":"Julien","Dur\u00e9e de lecture est.":"9 minutes"},"schema":{"@context":"https:\/\/schema.org","@graph":[{"@type":"Article","@id":"https:\/\/vieassociative.be\/actualites\/les-meilleures-offres-de-la-vente-black-friday-de-best-buy\/#article","isPartOf":{"@id":"https:\/\/vieassociative.be\/actualites\/les-meilleures-offres-de-la-vente-black-friday-de-best-buy\/"},"author":{"name":"Julien","@id":"https:\/\/vieassociative.be\/actualites\/#\/schema\/person\/b87ac4f82f9d4e7b7cec7395b679edc4"},"headline":"Les meilleures offres de la vente Black Friday de Best Buy","datePublished":"2024-10-03T10:18:02+00:00","dateModified":"2024-10-03T10:18:02+00:00","mainEntityOfPage":{"@id":"https:\/\/vieassociative.be\/actualites\/les-meilleures-offres-de-la-vente-black-friday-de-best-buy\/"},"wordCount":1898,"publisher":{"@id":"https:\/\/vieassociative.be\/actualites\/#organization"},"image":{"@id":"https:\/\/vieassociative.be\/actualites\/les-meilleures-offres-de-la-vente-black-friday-de-best-buy\/#primaryimage"},"thumbnailUrl":"https:\/\/vieassociative.be\/actualites\/wp-content\/uploads\/2024\/10\/Les-meilleures-offres-de-la-vente-Black-Friday-de-Best.png","keywords":["Black","Buy","Friday","Les","meilleures","offres","vente"],"articleSection":["Argent"],"inLanguage":"fr-BE"},{"@type":"WebPage","@id":"https:\/\/vieassociative.be\/actualites\/les-meilleures-offres-de-la-vente-black-friday-de-best-buy\/","url":"https:\/\/vieassociative.be\/actualites\/les-meilleures-offres-de-la-vente-black-friday-de-best-buy\/","name":"Les meilleures offres de la vente Black Friday de Best Buy | Vie Associative","isPartOf":{"@id":"https:\/\/vieassociative.be\/actualites\/#website"},"primaryImageOfPage":{"@id":"https:\/\/vieassociative.be\/actualites\/les-meilleures-offres-de-la-vente-black-friday-de-best-buy\/#primaryimage"},"image":{"@id":"https:\/\/vieassociative.be\/actualites\/les-meilleures-offres-de-la-vente-black-friday-de-best-buy\/#primaryimage"},"thumbnailUrl":"https:\/\/vieassociative.be\/actualites\/wp-content\/uploads\/2024\/10\/Les-meilleures-offres-de-la-vente-Black-Friday-de-Best.png","datePublished":"2024-10-03T10:18:02+00:00","dateModified":"2024-10-03T10:18:02+00:00","breadcrumb":{"@id":"https:\/\/vieassociative.be\/actualites\/les-meilleures-offres-de-la-vente-black-friday-de-best-buy\/#breadcrumb"},"inLanguage":"fr-BE","potentialAction":[{"@type":"ReadAction","target":["https:\/\/vieassociative.be\/actualites\/les-meilleures-offres-de-la-vente-black-friday-de-best-buy\/"]}]},{"@type":"ImageObject","inLanguage":"fr-BE","@id":"https:\/\/vieassociative.be\/actualites\/les-meilleures-offres-de-la-vente-black-friday-de-best-buy\/#primaryimage","url":"https:\/\/vieassociative.be\/actualites\/wp-content\/uploads\/2024\/10\/Les-meilleures-offres-de-la-vente-Black-Friday-de-Best.png","contentUrl":"https:\/\/vieassociative.be\/actualites\/wp-content\/uploads\/2024\/10\/Les-meilleures-offres-de-la-vente-Black-Friday-de-Best.png","width":1200,"height":674,"caption":"Les meilleures offres de la vente Black Friday de Best Buy"},{"@type":"BreadcrumbList","@id":"https:\/\/vieassociative.be\/actualites\/les-meilleures-offres-de-la-vente-black-friday-de-best-buy\/#breadcrumb","itemListElement":[{"@type":"ListItem","position":1,"name":"Accueil","item":"https:\/\/vieassociative.be\/actualites\/"},{"@type":"ListItem","position":2,"name":"Les meilleures offres de la vente Black Friday de Best Buy"}]},{"@type":"WebSite","@id":"https:\/\/vieassociative.be\/actualites\/#website","url":"https:\/\/vieassociative.be\/actualites\/","name":"Vie Associative","description":"","publisher":{"@id":"https:\/\/vieassociative.be\/actualites\/#organization"},"potentialAction":[{"@type":"SearchAction","target":{"@type":"EntryPoint","urlTemplate":"https:\/\/vieassociative.be\/actualites\/?s={search_term_string}"},"query-input":{"@type":"PropertyValueSpecification","valueRequired":true,"valueName":"search_term_string"}}],"inLanguage":"fr-BE"},{"@type":"Organization","@id":"https:\/\/vieassociative.be\/actualites\/#organization","name":"Vie Associative","url":"https:\/\/vieassociative.be\/actualites\/","logo":{"@type":"ImageObject","inLanguage":"fr-BE","@id":"https:\/\/vieassociative.be\/actualites\/#\/schema\/logo\/image\/","url":"https:\/\/vieassociative.be\/actualites\/wp-content\/uploads\/2024\/09\/cropped-vieassociative_favicon.ico.png","contentUrl":"https:\/\/vieassociative.be\/actualites\/wp-content\/uploads\/2024\/09\/cropped-vieassociative_favicon.ico.png","width":512,"height":512,"caption":"Vie Associative"},"image":{"@id":"https:\/\/vieassociative.be\/actualites\/#\/schema\/logo\/image\/"}},{"@type":"Person","@id":"https:\/\/vieassociative.be\/actualites\/#\/schema\/person\/b87ac4f82f9d4e7b7cec7395b679edc4","name":"Julien","image":{"@type":"ImageObject","inLanguage":"fr-BE","@id":"https:\/\/vieassociative.be\/actualites\/#\/schema\/person\/image\/","url":"https:\/\/vieassociative.be\/actualites\/wp-content\/uploads\/2024\/09\/vie-associative-1-150x150.jpg","contentUrl":"https:\/\/vieassociative.be\/actualites\/wp-content\/uploads\/2024\/09\/vie-associative-1-150x150.jpg","caption":"Julien"},"description":"Je suis Julien, r\u00e9dacteur pour Vie Associative. Passionn\u00e9 par le monde associatif depuis plus de 10 ans, j'ai \u00e0 c\u0153ur de partager des histoires inspirantes et de mettre en lumi\u00e8re les initiatives locales. Mon objectif est de sensibiliser et d'encourager l'engagement communautaire \u00e0 travers mes articles.","sameAs":["https:\/\/vieassociative.be\/"]}]}},"_links":{"self":[{"href":"https:\/\/vieassociative.be\/actualites\/wp-json\/wp\/v2\/posts\/797"}],"collection":[{"href":"https:\/\/vieassociative.be\/actualites\/wp-json\/wp\/v2\/posts"}],"about":[{"href":"https:\/\/vieassociative.be\/actualites\/wp-json\/wp\/v2\/types\/post"}],"author":[{"embeddable":true,"href":"https:\/\/vieassociative.be\/actualites\/wp-json\/wp\/v2\/users\/1"}],"replies":[{"embeddable":true,"href":"https:\/\/vieassociative.be\/actualites\/wp-json\/wp\/v2\/comments?post=797"}],"version-history":[{"count":0,"href":"https:\/\/vieassociative.be\/actualites\/wp-json\/wp\/v2\/posts\/797\/revisions"}],"wp:featuredmedia":[{"embeddable":true,"href":"https:\/\/vieassociative.be\/actualites\/wp-json\/wp\/v2\/media\/798"}],"wp:attachment":[{"href":"https:\/\/vieassociative.be\/actualites\/wp-json\/wp\/v2\/media?parent=797"}],"wp:term":[{"taxonomy":"category","embeddable":true,"href":"https:\/\/vieassociative.be\/actualites\/wp-json\/wp\/v2\/categories?post=797"},{"taxonomy":"post_tag","embeddable":true,"href":"https:\/\/vieassociative.be\/actualites\/wp-json\/wp\/v2\/tags?post=797"}],"curies":[{"name":"wp","href":"https:\/\/api.w.org\/{rel}","templated":true}]}}