{"id":7969,"date":"2025-06-04T08:17:32","date_gmt":"2025-06-04T06:17:32","guid":{"rendered":"https:\/\/vieassociative.be\/actualites\/5-fonctionnalites-sous-estimees-des-apple-watch-que-jaime\/"},"modified":"2025-06-04T08:17:32","modified_gmt":"2025-06-04T06:17:32","slug":"5-fonctionnalites-sous-estimees-des-apple-watch-que-jaime","status":"publish","type":"post","link":"https:\/\/vieassociative.be\/actualites\/5-fonctionnalites-sous-estimees-des-apple-watch-que-jaime\/","title":{"rendered":"5 fonctionnalit\u00e9s sous-estim\u00e9es des Apple Watch que j&rsquo;aime"},"content":{"rendered":"<div class=\"mt-4 leading-6 md:mb-8\">L&rsquo;Apple Watch a des d\u00e9lices surprenants une fois que vous avez regard\u00e9 au-del\u00e0 des fonctionnalit\u00e9s de suivi de fitness et de notification.<\/div>\n<p><\/p>\n<p>Apr\u00e8s des ann\u00e9es \u00e0 tenir, j&rsquo;ai r\u00e9cemment mis \u00e0 niveau mon Apple Watch et j&rsquo;ai rapidement appris que le saut de l&rsquo;Apple Watch Series 6 \u00e0 la s\u00e9rie 10 est un voyage de grands et petits changements. C&rsquo;est toujours la m\u00eame Apple Watch, mais plus grande et plus l\u00e9g\u00e8re. Il est \u00e9galement enfin assez l\u00e9ger pour que je puisse le porter au lit et obtenir un rapport d&rsquo;analyse du sommeil chaque nuit. Honn\u00eatement, je viens de mettre \u00e0 niveau mon Apple Watch parce que la batterie \u00e9tait en train de mourir sur mon ancien, mais maintenant je suis content de l&rsquo;avoir fait.<\/p>\n<p>Bien qu&rsquo;il soit facile de parler du facteur de formulaire mis \u00e0 jour, j&rsquo;ai \u00e9galement remarqu\u00e9 que ma mise \u00e0 niveau de la s\u00e9rie 10 a apport\u00e9 avec lui quelques petits avantages dont je ne ressens pas suffisamment. Certains d&rsquo;entre eux ne sont pas exclusifs \u00e0 la s\u00e9rie 10, mais ils sont \u00e0 l&rsquo;avant et au centre: ce sont les petites commodit\u00e9s que j&rsquo;appr\u00e9cie depuis la mise \u00e0 niveau de la nouvelle Apple Watch.<\/p>\n<h2 id=\"the-apple-watch-speaker-unchained\">Le haut-parleur Apple Watch, Unchained<\/h2>\n<div class=\"eloquent-imagery-image\">\n<div class=\"flex justify-center\">\n                    <img decoding=\"async\" class=\"border border-gray-100\" src=\"https:\/\/vieassociative.be\/actualites\/wp-content\/uploads\/2025\/06\/5-fonctionnalites-sous-estimees-des-Apple-Watch-que-jaime.png\" alt=\"Recherche d'Apple Watch sur les haut-parleurs.\" width=\"2000\" height=\"1125\" loading=\"lazy\"  >\n            <\/div>\n<\/p><\/div>\n<p>Avant la s\u00e9rie 10, le haut-parleur int\u00e9gr\u00e9 de l&rsquo;Apple Watch s&rsquo;est limit\u00e9 \u00e0 la prise d&rsquo;appels et \u00e0 son apparence des alarmes de notification. Et j&rsquo;ai bien aim\u00e9 que je puisse prendre des appels sans vous-m\u00eame loin de mon t\u00e9l\u00e9phone.<\/p>\n<p>Mais si vous utilisez la s\u00e9rie 10 ou l&rsquo;Ultra 2, vous pouvez d\u00e9sormais jouer une grande vari\u00e9t\u00e9 de sons des haut-parleurs. Il fonctionne sur les propres applications d&rsquo;Apple, bien s\u00fbr, comme les podcasts et la musique. Mais aussi pour les applications tierces, s&rsquo;ils le soutiennent. La musique YouTube fonctionne, et Spotify, mais seulement si vous payez pour la prime. Si vous utilisez souvent une application multim\u00e9dia, v\u00e9rifiez si la sortie du haut-parleur fonctionne.<\/p>\n<p>Un succ\u00e8s pour moi a \u00e9t\u00e9 audible et Zenitizer, mon application de m\u00e9ditation de choix. Je ne touche plus du tout mon iPhone lors du d\u00e9marrage de ma routine de m\u00e9ditation. Zenitizer est une application de m\u00e9ditation sans guidage, mais je l&rsquo;utilise pour jouer des sons de la nature de fond comme quelque chose sur lequel se concentrer, ce qui est assez simple pour le faire sur les haut-parleurs Apple Watch.<\/p>\n<h2 id=\"photos-the-superior-watch-face\">Photos, le visage de la montre sup\u00e9rieure<\/h2>\n<div class=\"eloquent-imagery-image\">\n<div class=\"flex justify-center\">\n                    <img decoding=\"async\" class=\"border border-gray-100\" src=\"https:\/\/vieassociative.be\/actualites\/wp-content\/uploads\/2025\/06\/1749017852_888_5-fonctionnalites-sous-estimees-des-Apple-Watch-que-jaime.png\" alt=\"Plein de photos de la montre Apple Watch\" width=\"2000\" height=\"1125\" loading=\"lazy\"  >\n            <\/div>\n<\/p><\/div>\n<p>J&rsquo;essaie depuis 10 ans maintenant, mais je ne peux jamais vraiment clouer une configuration de visage de montre que j&rsquo;aime. Il est difficile de mettre en place un visage de montre que vous aimez regarder et c&rsquo;est toujours utile, charg\u00e9 de toutes les complications que vous aimez.<\/p>\n<p>J&rsquo;ai donc abandonn\u00e9 et embrass\u00e9 le visage de la montre de photos nouvellement mis \u00e0 jour. Si vous n&rsquo;avez pas encore essay\u00e9 la nouvelle version dans Watchos 11, vous devriez. Il fait tout le levage pour vous. Tout d&rsquo;abord, trouvez-le sur votre iPhone, \u00e0 partir de l&rsquo;application Watch. Ici, vous pouvez lui dire de tourner entre des photos de la nature, des villes ou une personne. Il sugg\u00e9rera automatiquement le nom de votre partenaire ou des membres de votre famille. Ensuite, je sugg\u00e8re de laisser la police d&rsquo;horloge sur dynamique, apr\u00e8s quoi vous pouvez compliquer ou deux si vous le souhaitez.<\/p>\n<p>Chaque jour, votre visage de montre va maintenant passer \u00e0 travers un ensemble de photos diff\u00e9rent, raccroch\u00e9 d&rsquo;une mani\u00e8re qui est belle sur l&rsquo;Apple Watch. La police sera \u00e9galement entrecoup\u00e9e dynamiquement avec l&rsquo;arri\u00e8re-plan photo. Vous verrez donc que cela jette un \u0153il de l&rsquo;horizon sur une photo de coucher du soleil, ou hors des cheveux boucl\u00e9s de votre femme (mon pr\u00e9f\u00e9r\u00e9). Assez agr\u00e9able \u00e0 regarder tout au long de la journ\u00e9e.<\/p>\n<h2 id=\"widgets-for-the-win\">Widgets pour la victoire<\/h2>\n<div class=\"eloquent-imagery-image\">\n<div class=\"flex justify-center\">\n                    <img decoding=\"async\" class=\"border border-gray-100\" src=\"https:\/\/vieassociative.be\/actualites\/wp-content\/uploads\/2025\/06\/1749017852_143_5-fonctionnalites-sous-estimees-des-Apple-Watch-que-jaime.png\" alt=\"Widgets Apple Watch.\" width=\"2000\" height=\"1125\" loading=\"lazy\"  >\n            <\/div>\n<\/p><\/div>\n<p>Si les complications de la montre ne fonctionnent pas pour vous, vous pouvez vous tourner vers les widgets. Introduits dans Watchos 10, ils apportent une petite version de widgets iPhone \u00e0 l&rsquo;Apple Watch. Vous pouvez y acc\u00e9der en glissant sur le visage de la montre ou en tournant la couronne num\u00e9rique.<\/p>\n<p>Le premier widget vous permet d&rsquo;ajouter des raccourcis d&rsquo;applications, puis c&rsquo;est votre terrain de jeu. Votre Apple Watch vous montrera automatiquement des widgets en fonction de l&rsquo;heure de la journ\u00e9e ou du contexte. Mais vous \u00eates libre d&rsquo;ajouter et d&rsquo;\u00e9pingler les widgets comme vous le souhaitez.<\/p>\n<div class=\"pogoClear relative my-10 border-b-(1.5px) border-t-(1.5px) border-dashed border-black py-5 sm:my-14 sm:border-0 sm:py-0\" data-ga-click data-ga-template=\"Opinions\" data-ga-module=\"openweb_widget\" data-ga-element=\"openweb_scroll\" data-ga-item=\"openweb_scroll_midpage\" x-data=\"{\n         commentsCount: null,\n         hasComments: false,\n         async fetchCommentsCount() {\n             try {\n                 if (window.openweb &amp;&amp; typeof window.openweb.getMessagesCount === 'function') {\n                     this.commentsCount = await window.openweb.getMessagesCount('01JWTPESYZ5CW3H4CGDYK1K6JF');\n                     this.hasComments = this.commentsCount !== null &amp;&amp; this.commentsCount &gt; 0;\n                 }\n             } catch (e) {\n                 console.warn('Failed to fetch comment count:', e);\n             }\n         }\n     }\" x-init=\"fetchCommentsCount()\" x-cloak><\/p>\n<div class=\"absolute top-1\/2 hidden w-full -translate-y-1\/2 border-t-(1.5px) border-dashed border-black sm:block\"><\/div>\n<div class=\"relative flex justify-center\">\n<div class=\"flex max-w-fit items-center gap-x-3 bg-white px-5\">\n<div class=\"relative\">\n                <span class=\"absolute left-1\/2 top-1\/2 -translate-x-1\/2 -translate-y-1\/2 font-akshar text-sm font-medium text-black\" aria-live=\"polite\" x-show=\"hasComments\" x-text=\"commentsCount\"><\/span><\/p>\n<p>                <svg class=\"h-8 w-8 text-black\" role=\"img\" aria-hidden=\"true\">\n                    <use href=\"http:\/\/lifehacker.com\/images\/icons\/spritemap.svg#sprite-chat-bubble\"><\/use>\n                <\/svg>\n            <\/div>\n<p>            <span class=\"text-sm font-medium text-black\"><\/p>\n<p>                Que pensez-vous jusqu&rsquo;\u00e0 pr\u00e9sent?<br \/>\n                <button class=\"ml-1 font-semibold text-brand-green underline hover:text-brand-green-700\" type=\"button\" aria-label=\"Comment section trigger\" onclick=\"window.openweb.scrollToComments('01JWTPESYZ5CW3H4CGDYK1K6JF')\" x-text=\"hasComments ? 'Post a comment.' : 'Be the first to post a comment.'\"><\/button><br \/>\n            <\/span>\n        <\/div>\n<\/p><\/div>\n<\/div>\n<p>Pour moi, les widgets sont devenus mon centre de commandement. Presque chaque interaction commence avec ma montre commence par des widgets. Je les utilise pour ouvrir l&rsquo;application d&rsquo;entra\u00eenement, pour v\u00e9rifier la m\u00e9t\u00e9o, pour d\u00e9marrer mon minuteur de m\u00e9ditation, pour contr\u00f4ler mes podcasts et minuteries, et pour voir mon activit\u00e9 de fitness.<\/p>\n<p>Mon seul probl\u00e8me ici est que l&rsquo;espace du widget est assez limit\u00e9. Vous ne pouvez ajouter que jusqu&rsquo;\u00e0 huit widgets (plus le widget de raccourci des complications en haut). J&rsquo;utilise sept widgets en ce moment, donc je suis assez proche de la limite. J&rsquo;esp\u00e8re qu&rsquo;Apple \u00e9tend cette limite dans la prochaine mise \u00e0 jour WatchOS.<\/p>\n<h2 id=\"offline-playback-and-the-ability-to-leave-your-iphone-behind\">Lecture hors ligne et la possibilit\u00e9 de laisser votre iPhone derri\u00e8re<\/h2>\n<div class=\"eloquent-imagery-image\">\n<div class=\"flex justify-center\">\n                    <img decoding=\"async\" class=\"border border-gray-100\" src=\"https:\/\/vieassociative.be\/actualites\/wp-content\/uploads\/2025\/06\/1749017852_902_5-fonctionnalites-sous-estimees-des-Apple-Watch-que-jaime.png\" alt=\"La lecture hors ligne d'Apple Watch.\" width=\"2000\" height=\"1125\" loading=\"lazy\"  >\n            <\/div>\n<\/p><\/div>\n<p>Je n&rsquo;ai pas la montre Apple Cellular, mais j&rsquo;aime toujours laisser mon iPhone derri\u00e8re et compter uniquement sur ma montre. De plus, la connexion de l&rsquo;Apple Watch avec l&rsquo;iPhone est assez limit\u00e9e, de toute fa\u00e7on. Parfois, l&rsquo;Apple Watch ne se connecte pas m\u00eame lorsque je suis dans une pi\u00e8ce adjacente (les murs en b\u00e9ton peuvent \u00eatre la raison l\u00e0-bas). Il est bon de s&rsquo;habituer \u00e0 l&rsquo;utiliser seul.<\/p>\n<p>Ma chose pr\u00e9f\u00e9r\u00e9e dans l&rsquo;utilisation d&rsquo;une montre Apple en soi? Vous pouvez le charger avec des m\u00e9dias et des podcasts. Ce n&rsquo;est pas une seule appuye sur le bouton, ni m\u00eame n\u00e9cessairement un processus facile. Mais si vous ouvrez une application multim\u00e9dia compatible sur votre Apple Watch, ainsi que sur votre iPhone, il y a de fortes chances que l&rsquo;application vous donnera des instructions sur la fa\u00e7on de synchroniser les fichiers audio et les podcasts. Outcast, mon client de podcast de choix, le fait tr\u00e8s bien. Il faut beaucoup de temps pour se synchroniser entre mes appareils, mais apr\u00e8s cela, vous pouvez acc\u00e9der \u00e0 la section Param\u00e8tres pour activer la fonctionnalit\u00e9 qui t\u00e9l\u00e9charge automatiquement les 20 derniers \u00e9pisodes de n&rsquo;importe quelle liste de lecture sur votre montre (lorsqu&rsquo;il est connect\u00e9 au WiFi et la charge).<\/p>\n<p>Dans l&rsquo;application musicale, ouvrez n&rsquo;importe quelle liste de lecture, appuyez sur les trois points <strong>Menu<\/strong> ic\u00f4ne et taper <strong>T\u00e9l\u00e9charger<\/strong>. L&rsquo;application Podcasts d&rsquo;Apple t\u00e9l\u00e9chargera automatiquement les \u00e9pisodes dans votre prochaine file d&rsquo;attente, mais vous pouvez \u00e9galement s\u00e9lectionner des \u00e9missions \u00e0 t\u00e9l\u00e9charger sur votre montre. \u00c0 partir de l&rsquo;application Watch sur iPhone, allez \u00e0 <strong>Ma montre<\/strong> > <strong>Podcasts<\/strong> > <strong>Ajouter des spectacles<\/strong>.<\/p>\n<h2 id=\"double-tap-grows-on-you\">Double-Tap grandit sur vous<\/h2>\n<div class=\"eloquent-imagery-image\">\n<div class=\"flex justify-center\">\n                    <img decoding=\"async\" class=\"border border-gray-100\" src=\"https:\/\/vieassociative.be\/actualites\/wp-content\/uploads\/2025\/06\/1749017852_24_5-fonctionnalites-sous-estimees-des-Apple-Watch-que-jaime.png\" alt=\"Gestes de double robinet Apple Watch\" width=\"2000\" height=\"1131\" loading=\"lazy\"  >\n            <\/div>\n<\/p><\/div>\n<p>Enfin, je veux parler de l&rsquo;humble petite fonctionnalit\u00e9 \u00e0 double tape qui m&rsquo;a \u00e9t\u00e9 utile dans quelques situations cruciales. Cette fonctionnalit\u00e9 est disponible sur Apple Watch Series 9 et plus, et vous permet de taper votre index et votre pouce deux fois, dans les airs, pour effectuer une action majeure sur votre \u00e9cran. Vous pouvez l&rsquo;utiliser pour prendre un appel, mettre un appel, pour r\u00e9veiller l&rsquo;Apple Watch et m\u00eame pour faire d\u00e9filer les listes. Par exemple, vous pouvez doubler une fois pour r\u00e9veiller l&rsquo;\u00e9cran, le refaire pour ouvrir l&rsquo;\u00e9cran des widgets et continuer \u00e0 faire d\u00e9filer. Pas exactement r\u00e9volutionnaire, mais tr\u00e8s utile lorsque vous avez les mains pleines.<\/p>\n","protected":false},"excerpt":{"rendered":"<p>L&rsquo;Apple Watch a des d\u00e9lices surprenants une fois que vous avez regard\u00e9 au-del\u00e0 des fonctionnalit\u00e9s de suivi de fitness et de notification. Apr\u00e8s des ann\u00e9es<\/p>\n","protected":false},"author":1,"featured_media":7970,"comment_status":"","ping_status":"","sticky":false,"template":"","format":"standard","meta":{"footnotes":""},"categories":[13],"tags":[54,29,1216,64,7286,55],"class_list":["post-7969","post","type-post","status-publish","format-standard","has-post-thumbnail","hentry","category-technologie","tag-apple","tag-des","tag-fonctionnalites","tag-jaime","tag-sousestimees","tag-watch","generate-columns","tablet-grid-50","mobile-grid-100","grid-parent","grid-33"],"yoast_head":"<!-- This site is optimized with the Yoast SEO plugin v24.0 - https:\/\/yoast.com\/wordpress\/plugins\/seo\/ -->\n<title>5 fonctionnalit\u00e9s sous-estim\u00e9es des Apple Watch que j&#039;aime | Vie Associative<\/title>\n<meta name=\"robots\" content=\"index, follow, max-snippet:-1, max-image-preview:large, max-video-preview:-1\" \/>\n<link rel=\"canonical\" href=\"https:\/\/vieassociative.be\/actualites\/5-fonctionnalites-sous-estimees-des-apple-watch-que-jaime\/\" \/>\n<meta property=\"og:locale\" content=\"fr_FR\" \/>\n<meta property=\"og:type\" content=\"article\" \/>\n<meta property=\"og:title\" content=\"5 fonctionnalit\u00e9s sous-estim\u00e9es des Apple Watch que j&#039;aime | Vie Associative\" \/>\n<meta property=\"og:description\" content=\"L&rsquo;Apple Watch a des d\u00e9lices surprenants une fois que vous avez regard\u00e9 au-del\u00e0 des fonctionnalit\u00e9s de suivi de fitness et de notification. Apr\u00e8s des ann\u00e9es\" \/>\n<meta property=\"og:url\" content=\"https:\/\/vieassociative.be\/actualites\/5-fonctionnalites-sous-estimees-des-apple-watch-que-jaime\/\" \/>\n<meta property=\"og:site_name\" content=\"Vie Associative\" \/>\n<meta property=\"article:published_time\" content=\"2025-06-04T06:17:32+00:00\" \/>\n<meta property=\"og:image\" content=\"https:\/\/vieassociative.be\/actualites\/wp-content\/uploads\/2025\/06\/5-fonctionnalites-sous-estimees-des-Apple-Watch-que-jaime.png\" \/>\n<meta name=\"author\" content=\"Julien\" \/>\n<meta name=\"twitter:card\" content=\"summary_large_image\" \/>\n<meta name=\"twitter:label1\" content=\"\u00c9crit par\" \/>\n\t<meta name=\"twitter:data1\" content=\"Julien\" \/>\n\t<meta name=\"twitter:label2\" content=\"Dur\u00e9e de lecture est.\" \/>\n\t<meta name=\"twitter:data2\" content=\"6 minutes\" \/>\n<script type=\"application\/ld+json\" class=\"yoast-schema-graph\">{\"@context\":\"https:\/\/schema.org\",\"@graph\":[{\"@type\":\"Article\",\"@id\":\"https:\/\/vieassociative.be\/actualites\/5-fonctionnalites-sous-estimees-des-apple-watch-que-jaime\/#article\",\"isPartOf\":{\"@id\":\"https:\/\/vieassociative.be\/actualites\/5-fonctionnalites-sous-estimees-des-apple-watch-que-jaime\/\"},\"author\":{\"name\":\"Julien\",\"@id\":\"https:\/\/vieassociative.be\/actualites\/#\/schema\/person\/b87ac4f82f9d4e7b7cec7395b679edc4\"},\"headline\":\"5 fonctionnalit\u00e9s sous-estim\u00e9es des Apple Watch que j&rsquo;aime\",\"datePublished\":\"2025-06-04T06:17:32+00:00\",\"dateModified\":\"2025-06-04T06:17:32+00:00\",\"mainEntityOfPage\":{\"@id\":\"https:\/\/vieassociative.be\/actualites\/5-fonctionnalites-sous-estimees-des-apple-watch-que-jaime\/\"},\"wordCount\":1345,\"publisher\":{\"@id\":\"https:\/\/vieassociative.be\/actualites\/#organization\"},\"image\":{\"@id\":\"https:\/\/vieassociative.be\/actualites\/5-fonctionnalites-sous-estimees-des-apple-watch-que-jaime\/#primaryimage\"},\"thumbnailUrl\":\"https:\/\/vieassociative.be\/actualites\/wp-content\/uploads\/2025\/06\/1749017853_5-fonctionnalites-sous-estimees-des-Apple-Watch-que-jaime.png\",\"keywords\":[\"Apple\",\"Des\",\"fonctionnalit\u00e9s\",\"jaime\",\"sousestim\u00e9es\",\"Watch\"],\"articleSection\":[\"Technologie\"],\"inLanguage\":\"fr-BE\"},{\"@type\":\"WebPage\",\"@id\":\"https:\/\/vieassociative.be\/actualites\/5-fonctionnalites-sous-estimees-des-apple-watch-que-jaime\/\",\"url\":\"https:\/\/vieassociative.be\/actualites\/5-fonctionnalites-sous-estimees-des-apple-watch-que-jaime\/\",\"name\":\"5 fonctionnalit\u00e9s sous-estim\u00e9es des Apple Watch que j'aime | Vie Associative\",\"isPartOf\":{\"@id\":\"https:\/\/vieassociative.be\/actualites\/#website\"},\"primaryImageOfPage\":{\"@id\":\"https:\/\/vieassociative.be\/actualites\/5-fonctionnalites-sous-estimees-des-apple-watch-que-jaime\/#primaryimage\"},\"image\":{\"@id\":\"https:\/\/vieassociative.be\/actualites\/5-fonctionnalites-sous-estimees-des-apple-watch-que-jaime\/#primaryimage\"},\"thumbnailUrl\":\"https:\/\/vieassociative.be\/actualites\/wp-content\/uploads\/2025\/06\/1749017853_5-fonctionnalites-sous-estimees-des-Apple-Watch-que-jaime.png\",\"datePublished\":\"2025-06-04T06:17:32+00:00\",\"dateModified\":\"2025-06-04T06:17:32+00:00\",\"breadcrumb\":{\"@id\":\"https:\/\/vieassociative.be\/actualites\/5-fonctionnalites-sous-estimees-des-apple-watch-que-jaime\/#breadcrumb\"},\"inLanguage\":\"fr-BE\",\"potentialAction\":[{\"@type\":\"ReadAction\",\"target\":[\"https:\/\/vieassociative.be\/actualites\/5-fonctionnalites-sous-estimees-des-apple-watch-que-jaime\/\"]}]},{\"@type\":\"ImageObject\",\"inLanguage\":\"fr-BE\",\"@id\":\"https:\/\/vieassociative.be\/actualites\/5-fonctionnalites-sous-estimees-des-apple-watch-que-jaime\/#primaryimage\",\"url\":\"https:\/\/vieassociative.be\/actualites\/wp-content\/uploads\/2025\/06\/1749017853_5-fonctionnalites-sous-estimees-des-Apple-Watch-que-jaime.png\",\"contentUrl\":\"https:\/\/vieassociative.be\/actualites\/wp-content\/uploads\/2025\/06\/1749017853_5-fonctionnalites-sous-estimees-des-Apple-Watch-que-jaime.png\",\"width\":1200,\"height\":675,\"caption\":\"5 fonctionnalit\u00e9s sous-estim\u00e9es des Apple Watch que j'aime\"},{\"@type\":\"BreadcrumbList\",\"@id\":\"https:\/\/vieassociative.be\/actualites\/5-fonctionnalites-sous-estimees-des-apple-watch-que-jaime\/#breadcrumb\",\"itemListElement\":[{\"@type\":\"ListItem\",\"position\":1,\"name\":\"Accueil\",\"item\":\"https:\/\/vieassociative.be\/actualites\/\"},{\"@type\":\"ListItem\",\"position\":2,\"name\":\"5 fonctionnalit\u00e9s sous-estim\u00e9es des Apple Watch que j&rsquo;aime\"}]},{\"@type\":\"WebSite\",\"@id\":\"https:\/\/vieassociative.be\/actualites\/#website\",\"url\":\"https:\/\/vieassociative.be\/actualites\/\",\"name\":\"Vie Associative\",\"description\":\"\",\"publisher\":{\"@id\":\"https:\/\/vieassociative.be\/actualites\/#organization\"},\"potentialAction\":[{\"@type\":\"SearchAction\",\"target\":{\"@type\":\"EntryPoint\",\"urlTemplate\":\"https:\/\/vieassociative.be\/actualites\/?s={search_term_string}\"},\"query-input\":{\"@type\":\"PropertyValueSpecification\",\"valueRequired\":true,\"valueName\":\"search_term_string\"}}],\"inLanguage\":\"fr-BE\"},{\"@type\":\"Organization\",\"@id\":\"https:\/\/vieassociative.be\/actualites\/#organization\",\"name\":\"Vie Associative\",\"url\":\"https:\/\/vieassociative.be\/actualites\/\",\"logo\":{\"@type\":\"ImageObject\",\"inLanguage\":\"fr-BE\",\"@id\":\"https:\/\/vieassociative.be\/actualites\/#\/schema\/logo\/image\/\",\"url\":\"https:\/\/vieassociative.be\/actualites\/wp-content\/uploads\/2024\/09\/cropped-vieassociative_favicon.ico.png\",\"contentUrl\":\"https:\/\/vieassociative.be\/actualites\/wp-content\/uploads\/2024\/09\/cropped-vieassociative_favicon.ico.png\",\"width\":512,\"height\":512,\"caption\":\"Vie Associative\"},\"image\":{\"@id\":\"https:\/\/vieassociative.be\/actualites\/#\/schema\/logo\/image\/\"}},{\"@type\":\"Person\",\"@id\":\"https:\/\/vieassociative.be\/actualites\/#\/schema\/person\/b87ac4f82f9d4e7b7cec7395b679edc4\",\"name\":\"Julien\",\"image\":{\"@type\":\"ImageObject\",\"inLanguage\":\"fr-BE\",\"@id\":\"https:\/\/vieassociative.be\/actualites\/#\/schema\/person\/image\/\",\"url\":\"https:\/\/vieassociative.be\/actualites\/wp-content\/uploads\/2024\/09\/vie-associative-1-150x150.jpg\",\"contentUrl\":\"https:\/\/vieassociative.be\/actualites\/wp-content\/uploads\/2024\/09\/vie-associative-1-150x150.jpg\",\"caption\":\"Julien\"},\"description\":\"Je suis Julien, r\u00e9dacteur pour Vie Associative. Passionn\u00e9 par le monde associatif depuis plus de 10 ans, j'ai \u00e0 c\u0153ur de partager des histoires inspirantes et de mettre en lumi\u00e8re les initiatives locales. Mon objectif est de sensibiliser et d'encourager l'engagement communautaire \u00e0 travers mes articles.\",\"sameAs\":[\"https:\/\/vieassociative.be\/\"]}]}<\/script>\n<!-- \/ Yoast SEO plugin. -->","yoast_head_json":{"title":"5 fonctionnalit\u00e9s sous-estim\u00e9es des Apple Watch que j'aime | Vie Associative","robots":{"index":"index","follow":"follow","max-snippet":"max-snippet:-1","max-image-preview":"max-image-preview:large","max-video-preview":"max-video-preview:-1"},"canonical":"https:\/\/vieassociative.be\/actualites\/5-fonctionnalites-sous-estimees-des-apple-watch-que-jaime\/","og_locale":"fr_FR","og_type":"article","og_title":"5 fonctionnalit\u00e9s sous-estim\u00e9es des Apple Watch que j'aime | Vie Associative","og_description":"L&rsquo;Apple Watch a des d\u00e9lices surprenants une fois que vous avez regard\u00e9 au-del\u00e0 des fonctionnalit\u00e9s de suivi de fitness et de notification. Apr\u00e8s des ann\u00e9es","og_url":"https:\/\/vieassociative.be\/actualites\/5-fonctionnalites-sous-estimees-des-apple-watch-que-jaime\/","og_site_name":"Vie Associative","article_published_time":"2025-06-04T06:17:32+00:00","og_image":[{"url":"https:\/\/vieassociative.be\/actualites\/wp-content\/uploads\/2025\/06\/5-fonctionnalites-sous-estimees-des-Apple-Watch-que-jaime.png","type":"","width":"","height":""}],"author":"Julien","twitter_card":"summary_large_image","twitter_misc":{"\u00c9crit par":"Julien","Dur\u00e9e de lecture est.":"6 minutes"},"schema":{"@context":"https:\/\/schema.org","@graph":[{"@type":"Article","@id":"https:\/\/vieassociative.be\/actualites\/5-fonctionnalites-sous-estimees-des-apple-watch-que-jaime\/#article","isPartOf":{"@id":"https:\/\/vieassociative.be\/actualites\/5-fonctionnalites-sous-estimees-des-apple-watch-que-jaime\/"},"author":{"name":"Julien","@id":"https:\/\/vieassociative.be\/actualites\/#\/schema\/person\/b87ac4f82f9d4e7b7cec7395b679edc4"},"headline":"5 fonctionnalit\u00e9s sous-estim\u00e9es des Apple Watch que j&rsquo;aime","datePublished":"2025-06-04T06:17:32+00:00","dateModified":"2025-06-04T06:17:32+00:00","mainEntityOfPage":{"@id":"https:\/\/vieassociative.be\/actualites\/5-fonctionnalites-sous-estimees-des-apple-watch-que-jaime\/"},"wordCount":1345,"publisher":{"@id":"https:\/\/vieassociative.be\/actualites\/#organization"},"image":{"@id":"https:\/\/vieassociative.be\/actualites\/5-fonctionnalites-sous-estimees-des-apple-watch-que-jaime\/#primaryimage"},"thumbnailUrl":"https:\/\/vieassociative.be\/actualites\/wp-content\/uploads\/2025\/06\/1749017853_5-fonctionnalites-sous-estimees-des-Apple-Watch-que-jaime.png","keywords":["Apple","Des","fonctionnalit\u00e9s","jaime","sousestim\u00e9es","Watch"],"articleSection":["Technologie"],"inLanguage":"fr-BE"},{"@type":"WebPage","@id":"https:\/\/vieassociative.be\/actualites\/5-fonctionnalites-sous-estimees-des-apple-watch-que-jaime\/","url":"https:\/\/vieassociative.be\/actualites\/5-fonctionnalites-sous-estimees-des-apple-watch-que-jaime\/","name":"5 fonctionnalit\u00e9s sous-estim\u00e9es des Apple Watch que j'aime | Vie Associative","isPartOf":{"@id":"https:\/\/vieassociative.be\/actualites\/#website"},"primaryImageOfPage":{"@id":"https:\/\/vieassociative.be\/actualites\/5-fonctionnalites-sous-estimees-des-apple-watch-que-jaime\/#primaryimage"},"image":{"@id":"https:\/\/vieassociative.be\/actualites\/5-fonctionnalites-sous-estimees-des-apple-watch-que-jaime\/#primaryimage"},"thumbnailUrl":"https:\/\/vieassociative.be\/actualites\/wp-content\/uploads\/2025\/06\/1749017853_5-fonctionnalites-sous-estimees-des-Apple-Watch-que-jaime.png","datePublished":"2025-06-04T06:17:32+00:00","dateModified":"2025-06-04T06:17:32+00:00","breadcrumb":{"@id":"https:\/\/vieassociative.be\/actualites\/5-fonctionnalites-sous-estimees-des-apple-watch-que-jaime\/#breadcrumb"},"inLanguage":"fr-BE","potentialAction":[{"@type":"ReadAction","target":["https:\/\/vieassociative.be\/actualites\/5-fonctionnalites-sous-estimees-des-apple-watch-que-jaime\/"]}]},{"@type":"ImageObject","inLanguage":"fr-BE","@id":"https:\/\/vieassociative.be\/actualites\/5-fonctionnalites-sous-estimees-des-apple-watch-que-jaime\/#primaryimage","url":"https:\/\/vieassociative.be\/actualites\/wp-content\/uploads\/2025\/06\/1749017853_5-fonctionnalites-sous-estimees-des-Apple-Watch-que-jaime.png","contentUrl":"https:\/\/vieassociative.be\/actualites\/wp-content\/uploads\/2025\/06\/1749017853_5-fonctionnalites-sous-estimees-des-Apple-Watch-que-jaime.png","width":1200,"height":675,"caption":"5 fonctionnalit\u00e9s sous-estim\u00e9es des Apple Watch que j'aime"},{"@type":"BreadcrumbList","@id":"https:\/\/vieassociative.be\/actualites\/5-fonctionnalites-sous-estimees-des-apple-watch-que-jaime\/#breadcrumb","itemListElement":[{"@type":"ListItem","position":1,"name":"Accueil","item":"https:\/\/vieassociative.be\/actualites\/"},{"@type":"ListItem","position":2,"name":"5 fonctionnalit\u00e9s sous-estim\u00e9es des Apple Watch que j&rsquo;aime"}]},{"@type":"WebSite","@id":"https:\/\/vieassociative.be\/actualites\/#website","url":"https:\/\/vieassociative.be\/actualites\/","name":"Vie Associative","description":"","publisher":{"@id":"https:\/\/vieassociative.be\/actualites\/#organization"},"potentialAction":[{"@type":"SearchAction","target":{"@type":"EntryPoint","urlTemplate":"https:\/\/vieassociative.be\/actualites\/?s={search_term_string}"},"query-input":{"@type":"PropertyValueSpecification","valueRequired":true,"valueName":"search_term_string"}}],"inLanguage":"fr-BE"},{"@type":"Organization","@id":"https:\/\/vieassociative.be\/actualites\/#organization","name":"Vie Associative","url":"https:\/\/vieassociative.be\/actualites\/","logo":{"@type":"ImageObject","inLanguage":"fr-BE","@id":"https:\/\/vieassociative.be\/actualites\/#\/schema\/logo\/image\/","url":"https:\/\/vieassociative.be\/actualites\/wp-content\/uploads\/2024\/09\/cropped-vieassociative_favicon.ico.png","contentUrl":"https:\/\/vieassociative.be\/actualites\/wp-content\/uploads\/2024\/09\/cropped-vieassociative_favicon.ico.png","width":512,"height":512,"caption":"Vie Associative"},"image":{"@id":"https:\/\/vieassociative.be\/actualites\/#\/schema\/logo\/image\/"}},{"@type":"Person","@id":"https:\/\/vieassociative.be\/actualites\/#\/schema\/person\/b87ac4f82f9d4e7b7cec7395b679edc4","name":"Julien","image":{"@type":"ImageObject","inLanguage":"fr-BE","@id":"https:\/\/vieassociative.be\/actualites\/#\/schema\/person\/image\/","url":"https:\/\/vieassociative.be\/actualites\/wp-content\/uploads\/2024\/09\/vie-associative-1-150x150.jpg","contentUrl":"https:\/\/vieassociative.be\/actualites\/wp-content\/uploads\/2024\/09\/vie-associative-1-150x150.jpg","caption":"Julien"},"description":"Je suis Julien, r\u00e9dacteur pour Vie Associative. Passionn\u00e9 par le monde associatif depuis plus de 10 ans, j'ai \u00e0 c\u0153ur de partager des histoires inspirantes et de mettre en lumi\u00e8re les initiatives locales. Mon objectif est de sensibiliser et d'encourager l'engagement communautaire \u00e0 travers mes articles.","sameAs":["https:\/\/vieassociative.be\/"]}]}},"_links":{"self":[{"href":"https:\/\/vieassociative.be\/actualites\/wp-json\/wp\/v2\/posts\/7969"}],"collection":[{"href":"https:\/\/vieassociative.be\/actualites\/wp-json\/wp\/v2\/posts"}],"about":[{"href":"https:\/\/vieassociative.be\/actualites\/wp-json\/wp\/v2\/types\/post"}],"author":[{"embeddable":true,"href":"https:\/\/vieassociative.be\/actualites\/wp-json\/wp\/v2\/users\/1"}],"replies":[{"embeddable":true,"href":"https:\/\/vieassociative.be\/actualites\/wp-json\/wp\/v2\/comments?post=7969"}],"version-history":[{"count":0,"href":"https:\/\/vieassociative.be\/actualites\/wp-json\/wp\/v2\/posts\/7969\/revisions"}],"wp:featuredmedia":[{"embeddable":true,"href":"https:\/\/vieassociative.be\/actualites\/wp-json\/wp\/v2\/media\/7970"}],"wp:attachment":[{"href":"https:\/\/vieassociative.be\/actualites\/wp-json\/wp\/v2\/media?parent=7969"}],"wp:term":[{"taxonomy":"category","embeddable":true,"href":"https:\/\/vieassociative.be\/actualites\/wp-json\/wp\/v2\/categories?post=7969"},{"taxonomy":"post_tag","embeddable":true,"href":"https:\/\/vieassociative.be\/actualites\/wp-json\/wp\/v2\/tags?post=7969"}],"curies":[{"name":"wp","href":"https:\/\/api.w.org\/{rel}","templated":true}]}}