{"id":7968,"date":"2025-06-04T07:18:00","date_gmt":"2025-06-04T05:18:00","guid":{"rendered":"https:\/\/vieassociative.be\/actualites\/t-mobile-etend-sa-version-beta-de-starlink-a-tout-le-monde-2\/"},"modified":"2025-06-04T07:18:00","modified_gmt":"2025-06-04T05:18:00","slug":"t-mobile-etend-sa-version-beta-de-starlink-a-tout-le-monde-2","status":"publish","type":"post","link":"https:\/\/vieassociative.be\/actualites\/t-mobile-etend-sa-version-beta-de-starlink-a-tout-le-monde-2\/","title":{"rendered":"T-Mobile \u00e9tend sa version b\u00eata de starlink \u00e0 tout le monde"},"content":{"rendered":"<div class=\"mt-4 leading-6 md:mb-8\">Vous avez la chance de vous connecter \u00e0 StarLink, que vous ayez T-Mobile ou non.<\/div>\n<p><\/p>\n<p>En f\u00e9vrier, T-Mobile semblait offrir un acc\u00e8s b\u00eata \u00e0 StarLink pour quiconque aux \u00c9tats-Unis. Il s&rsquo;av\u00e8re que l&rsquo;entreprise \u00e9tait s\u00e9rieuse: si vous voulez un acc\u00e8s StarLink, vous l&rsquo;avez maintenant pendant 90 jours, m\u00eame si vous ne payez pas pour T-Mobile. <\/p>\n<p>Voici le scoop: en d\u00e9cembre, T-Mobile a annonc\u00e9 un partenariat entre lui-m\u00eame et SpaceX pour apporter le service StarLink aux clients. Puis, en janvier, la soci\u00e9t\u00e9 a commenc\u00e9 \u00e0 accepter les utilisateurs dans la version b\u00eata, mais uniquement celles avec des appareils Samsung sp\u00e9cifiques et r\u00e9cents. <\/p>\n<p>Les choses ont encore chang\u00e9 lorsque Apple a publi\u00e9 iOS 18.3. Il semble qu&rsquo;Apple travaille avec SpaceX et T-Mobile pour d\u00e9ployer \u00e9galement le support StarLink aux iPhones, bien que rien de tout cela n&rsquo;a \u00e9t\u00e9 annonc\u00e9 d&rsquo;Apple dans le cadre de la mise \u00e0 jour. En outre, T-Mobile semblait approuver certains utilisateurs de Pixel 9 qui se sont \u00e9galement inscrits \u00e0 la version b\u00eata, expliquant le programme aux appareils Apple, Samsung et Google.<\/p>\n<p>Enfin, dans une publicit\u00e9 du Super Bowl Sunday, T-Mobile a annonc\u00e9 qu&rsquo;il ouvrait sa version b\u00eata de StarLink \u00e0 l&rsquo;ensemble des \u00c9tats-Unis, y compris les utilisateurs de Verizon et d&rsquo;AT&#038;T. Bien qu&rsquo;il y ait eu des restrictions, si vous vouliez essayer le service satellite de T-Mobile, vous pouvez jeter votre nom dans le ring. <\/p>\n<p>Maintenant, en juin, cet acc\u00e8s b\u00eata est maintenant ouvert \u00e0 tous, peu importe qui est votre transporteur. De plus, T-Mobile offre gratuitement des avantages s\u00e9rieux: vous aurez acc\u00e8s au r\u00e9seau 5G de T-Mobile, y compris 50 Go de donn\u00e9es et des textes illimit\u00e9s, ainsi qu&rsquo;une s\u00e9rie d&rsquo;avantages, comme des billets de cin\u00e9ma de 5 $, 25% de r\u00e9duction sur des billets de concert, des r\u00e9ductions de voyage et des \u00ab\u00a0T-Mobile Mardis\u00a0\u00bb.<\/p>\n<h2 id=\"how-to-join-the-t-mobile-starlink-beta\">Comment rejoindre le T-Mobile Starlink Beta<\/h2>\n<p>Si vous \u00eates int\u00e9ress\u00e9 \u00e0 vous lancer dans la version b\u00eata de T-Mobile, vous avez d&rsquo;abord besoin d&rsquo;un appareil d\u00e9verrouill\u00e9 compatible qui utilise ESIM. T-Mobile a une liste d&rsquo;appareils compatibles sur son site officiel de starlink et comprend les \u00e9l\u00e9ments suivants: <\/p>\n<h3>Pomme<\/h3>\n<ul>\n<li>\n<p>IPhone 13 Apple <\/p>\n<\/li>\n<li>\n<p>Apple iPhone 13 Mini<\/p>\n<\/li>\n<li>\n<p>Apple iPhone 13 Pro<\/p>\n<\/li>\n<li>\n<p>Apple iPhone 13 Pro Max<\/p>\n<\/li>\n<li>\n<p>Apple iPhone 14<\/p>\n<\/li>\n<li>\n<p>Apple iPhone 14 Plus<\/p>\n<\/li>\n<li>\n<p>Apple iPhone 14 Pro<\/p>\n<\/li>\n<li>\n<p>Apple iPhone 14 Pro Max<\/p>\n<\/li>\n<li>\n<p>Apple iPhone 15<\/p>\n<\/li>\n<li>\n<p>Apple iPhone 15 Plus<\/p>\n<\/li>\n<li>\n<p>Apple iPhone 15 Pro<\/p>\n<\/li>\n<li>\n<p>Apple iPhone 15 Pro Max<\/p>\n<\/li>\n<li>\n<p>IPhone 16 Apple 16<\/p>\n<\/li>\n<li>\n<p>Apple iPhone 16 Plus<\/p>\n<\/li>\n<li>\n<p>Apple iPhone 16 Pro<\/p>\n<\/li>\n<li>\n<p>Apple iPhone 16 Pro Max<\/p>\n<\/li>\n<\/ul>\n<h3>Google<\/h3>\n<ul>\n<li>\n<p>Google Pixel 9<\/p>\n<\/li>\n<li>\n<p>Google Pixel 9 Pro<\/p>\n<\/li>\n<li>\n<p>Google Pixel 9 Pro XL<\/p>\n<\/li>\n<li>\n<p>Google Pixel 9 Pro Fold<\/p>\n<\/li>\n<\/ul>\n<h3>Motorola<\/h3>\n<ul>\n<li>\n<p>Moto Razr 2024 <\/p>\n<\/li>\n<li>\n<p>Moto Razr + 2024 <\/p>\n<\/li>\n<li>\n<p>Moto Razr 2025<\/p>\n<\/li>\n<li>\n<p>Moto Razr + 2025<\/p>\n<\/li>\n<li>\n<p>Moto Razr Ultra 2025<\/p>\n<\/li>\n<li>\n<p>Motorola Edge 2024 (\u00e0 venir bient\u00f4t)<\/p>\n<\/li>\n<li>\n<p>Moto G 2024 (\u00e0 venir bient\u00f4t)<\/p>\n<\/li>\n<li>\n<p>Moto G Stylus 2024 (\u00e0 venir bient\u00f4t)<\/p>\n<\/li>\n<li>\n<p>Moto G 5G 2024 (\u00e0 venir bient\u00f4t)<\/p>\n<\/li>\n<li>\n<p>Moto G Stylus 5G 2024 (\u00e0 venir bient\u00f4t)<\/p>\n<\/li>\n<\/ul>\n<h3>Samsung<\/h3>\n<ul>\n<li>\n<p>Samsung Galaxy A36<\/p>\n<\/li>\n<li>\n<p>Samsung Galaxy A36 SE<\/p>\n<\/li>\n<li>\n<p>Samsung Galaxy A54 *<\/p>\n<\/li>\n<li>\n<p>Samsung Galaxy S21<\/p>\n<\/li>\n<li>\n<p>Samsung Galaxy S21 +<\/p>\n<\/li>\n<li>\n<p>Samsung Galaxy S21 Ultra<\/p>\n<\/li>\n<li>\n<p>Samsung Galaxy S21 Fe<\/p>\n<\/li>\n<li>\n<p>Samsung Galaxy S22<\/p>\n<\/li>\n<li>\n<p>Samsung Galaxy S22 +<\/p>\n<\/li>\n<li>\n<p>Samsung Galaxy S22 Ultra<\/p>\n<\/li>\n<li>\n<p>Samsung Galaxy S22 Fe<\/p>\n<\/li>\n<li>\n<p>Samsung Galaxy S23<\/p>\n<\/li>\n<li>\n<p>Samsung Galaxy S23 +<\/p>\n<\/li>\n<li>\n<p>Samsung Galaxy S23 Ultra<\/p>\n<\/li>\n<li>\n<p>Samsung Galaxy S23 Fe<\/p>\n<\/li>\n<li>\n<p>Samsung Galaxy S24<\/p>\n<\/li>\n<li>\n<p>Samsung Galaxy S24 +<\/p>\n<\/li>\n<li>\n<p>Samsung Galaxy S24 Ultra<\/p>\n<\/li>\n<li>\n<p>Samsung Galaxy S24 Fe<\/p>\n<\/li>\n<li>\n<p>Samsung Galaxy S25<\/p>\n<\/li>\n<li>\n<p>Samsung Galaxy S25 +<\/p>\n<\/li>\n<li>\n<p>Samsung Galaxy S25 Ultra<\/p>\n<\/li>\n<li>\n<p>Edge Samsung Galaxy S25<\/p>\n<\/li>\n<li>\n<p>Samsung Galaxy Xcover7 Pro<\/p>\n<\/li>\n<li>\n<p>Samsung Galaxy Z Flip3<\/p>\n<\/li>\n<li>\n<p>Samsung Galaxy Z Flip4<\/p>\n<\/li>\n<li>\n<p>Samsung Galaxy Z Flip5<\/p>\n<\/li>\n<li>\n<p>Samsung Galaxy Z Flip6<\/p>\n<\/li>\n<li>\n<p>Samsung Galaxy Z Fold3<\/p>\n<\/li>\n<li>\n<p>Samsung Galaxy Z Fold4<\/p>\n<\/li>\n<li>\n<p>Samsung Galaxy Z Fold5<\/p>\n<\/li>\n<li>\n<p>Samsung Galaxy Z Fold6<\/p>\n<\/li>\n<li>\n<p>Samsung Galaxy A14 (\u00e0 venir bient\u00f4t)<\/p>\n<\/li>\n<li>\n<p>Samsung Galaxy A15 (\u00e0 venir bient\u00f4t)<\/p>\n<\/li>\n<li>\n<p>Samsung Galaxy A16 (\u00e0 venir bient\u00f4t)<\/p>\n<\/li>\n<li>\n<p>Samsung Galaxy A35 (\u00e0 venir bient\u00f4t)<\/p>\n<\/li>\n<li>\n<p>Samsung Galaxy A53 (\u00e0 venir bient\u00f4t)<\/p>\n<\/li>\n<li>\n<p>Samsung Galaxy Xcover6 Pro (\u00e0 venir bient\u00f4t)<\/p>\n<\/li>\n<\/ul>\n<p>Notez que certains appareils Galaxy A15 et A53 non-T-Mobile ne peuvent pas se connecter au satellite. <\/p>\n<h3>T-mobile<\/h3>\n<ul>\n<li>\n<p>T-Mobile Revvl 7 (\u00e0 venir bient\u00f4t)<\/p>\n<\/li>\n<li>\n<p>T-Mobile Revvl 7 Pro (\u00e0 venir bient\u00f4t)<\/p>\n<\/li>\n<\/ul>\n<p>\u00c0 partir d&rsquo;ici, vous devrez vous diriger vers la page officielle de T-Mobile, et choisir \u00ab\u00a0Inscrivez-vous pour la version b\u00eata maintenant\u00a0\u00bb ou faites d\u00e9filer jusqu&rsquo;\u00e0 la section d&rsquo;inscription. Vous devrez saisir votre premier et votre nom de famille, votre adresse e-mail et votre num\u00e9ro de t\u00e9l\u00e9phone. Encore une fois, toute personne sur n&rsquo;importe quel transporteur peut demander \u00e0 rejoindre la version b\u00eata &#8211; vous n&rsquo;avez pas besoin de T-Mobile.<\/p>\n<p>Une fois approuv\u00e9, T-Mobile vous enverra une invitation par e-mail. Vous v\u00e9rifierez votre num\u00e9ro et T-Mobile v\u00e9rifiera votre \u00e9ligibilit\u00e9. Ensuite, vous devrez fournir des informations suppl\u00e9mentaires, telles que votre adresse de facturation et vos informations de carte de cr\u00e9dit. (Une fois l&rsquo;essai expir\u00e9 apr\u00e8s 90 jours, T-Mobile vous facturera 10 $ par mois pour la connectivit\u00e9 par satellite, qui, selon elle, est une \u00e9conomie de 5 $.)<\/p>\n<p>T-Mobile vous encourage \u00e0 t\u00e9l\u00e9charger l&rsquo;application T-Life si vous vous inscrivez, mais soyez averti: l&rsquo;application enregistre votre \u00e9cran par d\u00e9faut lorsque vous utilisez activement T-life. Vous devez d\u00e9sactiver manuellement cette fonctionnalit\u00e9 si vous souhaitez conserver une certaine confidentialit\u00e9.<\/p>\n<div class=\"pogoClear relative my-10 border-b-(1.5px) border-t-(1.5px) border-dashed border-black py-5 sm:my-14 sm:border-0 sm:py-0\" data-ga-click data-ga-template=\"News\" data-ga-module=\"openweb_widget\" data-ga-element=\"openweb_scroll\" data-ga-item=\"openweb_scroll_midpage\" x-data=\"{\n         commentsCount: null,\n         hasComments: false,\n         async fetchCommentsCount() {\n             try {\n                 if (window.openweb &amp;&amp; typeof window.openweb.getMessagesCount === 'function') {\n                     this.commentsCount = await window.openweb.getMessagesCount('121665');\n                     this.hasComments = this.commentsCount !== null &amp;&amp; this.commentsCount &gt; 0;\n                 }\n             } catch (e) {\n                 console.warn('Failed to fetch comment count:', e);\n             }\n         }\n     }\" x-init=\"fetchCommentsCount()\" x-cloak><\/p>\n<div class=\"absolute top-1\/2 hidden w-full -translate-y-1\/2 border-t-(1.5px) border-dashed border-black sm:block\"><\/div>\n<div class=\"relative flex justify-center\">\n<div class=\"flex max-w-fit items-center gap-x-3 bg-white px-5\">\n<div class=\"relative\">\n                <span class=\"absolute left-1\/2 top-1\/2 -translate-x-1\/2 -translate-y-1\/2 font-akshar text-sm font-medium text-black\" aria-live=\"polite\" x-show=\"hasComments\" x-text=\"commentsCount\"><\/span><\/p>\n<p>                <svg class=\"h-8 w-8 text-black\" role=\"img\" aria-hidden=\"true\">\n                    <use href=\"http:\/\/lifehacker.com\/images\/icons\/spritemap.svg#sprite-chat-bubble\"><\/use>\n                <\/svg>\n            <\/div>\n<p>            <span class=\"text-sm font-medium text-black\"><\/p>\n<p>                Que pensez-vous jusqu&rsquo;\u00e0 pr\u00e9sent?<br \/>\n                <button class=\"ml-1 font-semibold text-brand-green underline hover:text-brand-green-700\" type=\"button\" aria-label=\"Comment section trigger\" onclick=\"window.openweb.scrollToComments('121665')\" x-text=\"hasComments ? 'Post a comment.' : 'Be the first to post a comment.'\"><\/button><br \/>\n            <\/span>\n        <\/div>\n<\/p><\/div>\n<\/div>\n<h2 id=\"whats-the-big-deal-with-satellite-connectivity\">Quel est le probl\u00e8me avec la connectivit\u00e9 satellite?<\/h2>\n<p>Pouvoir connecter votre smartphone aux satellites est, litt\u00e9ralement, un changeur de jeu. Cela signifie que vous n&rsquo;avez plus besoin de vous soucier de perdre le service cellulaire ou d&rsquo;\u00eatre loin d&rsquo;une connexion WiFi. Tant que vous avez une vue quelque peu claire sur le ciel et que vous \u00eates dans la carte de couverture, vous pouvez vous connecter au monde ext\u00e9rieur.<\/p>\n<p>Pour \u00eatre clair, cette fonctionnalit\u00e9 ne fonctionne que lorsque vous n&rsquo;avez pas de service cellulaire disponible. Lorsque cela se produit, votre t\u00e9l\u00e9phone se connecte automatiquement aux satellites les plus proches. Vous n&rsquo;aurez pas la possibilit\u00e9 de vous connecter manuellement aux satellites lorsque vous avez une connexion r\u00e9seau. <\/p>\n<p>\u00c0 l&rsquo;heure actuelle, Starlink Beta de T-Mobile ne fonctionne que pour les SMS et le partage de localisation. T-Mobile dit que cela travaille \u00e0 apporter une prise en charge de la couverture vocale et des donn\u00e9es ensuite et, selon Elon Musk, la technologie StarLink actuelle devrait prendre en charge les images de r\u00e9solution moyenne et le streaming de musique et de podcast. Mais m\u00eame si T-Mobile ne prend en charge que les SMS et le partage de localisation pour le moment, vous pouvez imaginer ce qu&rsquo;est une bou\u00e9e de sauvetage. Si vous n&rsquo;avez pas de service cellulaire et que vous ne pourriez autrement pas contacter les services d&rsquo;urgence ou les contacts essentiels, vous pouvez vous connecter \u00e0 un satellite StarLink et envoyer des SMS \u00e0 l&rsquo;un ou l&rsquo;autre (ou les deux). <\/p>\n<p>Cela dit, ce n&rsquo;est pas la premi\u00e8re fois que les iPhones peuvent se connecter aux satellites. Apple a offert la connectivit\u00e9 satellite depuis 2022, lorsqu&rsquo;elle a fait ses d\u00e9buts \u00ab\u00a0SOS d&rsquo;urgence via satellite\u00a0\u00bb avec l&rsquo;iPhone 14. La soci\u00e9t\u00e9 a \u00e9largi la fonctionnalit\u00e9 avec iOS 18: Avant, vous ne pouviez contacter les services d&rsquo;urgence ou l&rsquo;aide routi\u00e8re via Satellite, mais depuis la grande mise \u00e0 jour de l&rsquo;ann\u00e9e derni\u00e8re, vous avez pu envoyer des messages \u00e0 n&rsquo;importe qui. <\/p>\n<p>Au cours des deux derni\u00e8res ann\u00e9es et demie, Apple a travaill\u00e9 exclusivement avec GlobalStar Inc. pour la connectivit\u00e9 satellite. \u00c0 l&rsquo;avenir, cependant, si vous avez un iPhone et que vous \u00eates inscrit \u00e0 cette version b\u00eata T-Mobile, votre t\u00e9l\u00e9phone sera par d\u00e9faut pour se connecter aux satellites de SpaceX. \u00c0 partir d&rsquo;ici, vous pourrez vous connecter manuellement aux services satellites exclusifs d&rsquo;Apple si vous le souhaitez. Fait int\u00e9ressant, alors que la fonction satellite d&rsquo;Apple vous fait pointer votre t\u00e9l\u00e9phone vers le ciel pour rechercher le satellite le plus proche, le service de StarLink devrait se connecter automatiquement. <\/p>\n<p><em>Cet article a \u00e9t\u00e9 mis \u00e0 jour le mardi 3 juin pour refl\u00e9ter le plan de T-Mobile d&rsquo;offrir la version b\u00eata de StarLink \u00e0 tout le monde.   <\/em><\/p>\n","protected":false},"excerpt":{"rendered":"<p>Vous avez la chance de vous connecter \u00e0 StarLink, que vous ayez T-Mobile ou non. En f\u00e9vrier, T-Mobile semblait offrir un acc\u00e8s b\u00eata \u00e0 StarLink<\/p>\n","protected":false},"author":1,"featured_media":4711,"comment_status":"","ping_status":"","sticky":false,"template":"","format":"standard","meta":{"footnotes":""},"categories":[13],"tags":[4813,5039,237,5040,5038,236,2376],"class_list":["post-7968","post","type-post","status-publish","format-standard","has-post-thumbnail","hentry","category-technologie","tag-beta","tag-etend","tag-monde","tag-starlink","tag-tmobile","tag-tout","tag-version","generate-columns","tablet-grid-50","mobile-grid-100","grid-parent","grid-33"],"yoast_head":"<!-- This site is optimized with the Yoast SEO plugin v24.0 - https:\/\/yoast.com\/wordpress\/plugins\/seo\/ -->\n<title>T-Mobile \u00e9tend sa version b\u00eata de starlink \u00e0 tout le monde | Vie Associative<\/title>\n<meta name=\"robots\" content=\"index, follow, max-snippet:-1, max-image-preview:large, max-video-preview:-1\" \/>\n<link rel=\"canonical\" href=\"https:\/\/vieassociative.be\/actualites\/t-mobile-etend-sa-version-beta-de-starlink-a-tout-le-monde-2\/\" \/>\n<meta property=\"og:locale\" content=\"fr_FR\" \/>\n<meta property=\"og:type\" content=\"article\" \/>\n<meta property=\"og:title\" content=\"T-Mobile \u00e9tend sa version b\u00eata de starlink \u00e0 tout le monde | Vie Associative\" \/>\n<meta property=\"og:description\" content=\"Vous avez la chance de vous connecter \u00e0 StarLink, que vous ayez T-Mobile ou non. En f\u00e9vrier, T-Mobile semblait offrir un acc\u00e8s b\u00eata \u00e0 StarLink\" \/>\n<meta property=\"og:url\" content=\"https:\/\/vieassociative.be\/actualites\/t-mobile-etend-sa-version-beta-de-starlink-a-tout-le-monde-2\/\" \/>\n<meta property=\"og:site_name\" content=\"Vie Associative\" \/>\n<meta property=\"article:published_time\" content=\"2025-06-04T05:18:00+00:00\" \/>\n<meta property=\"og:image\" content=\"https:\/\/vieassociative.be\/actualites\/wp-content\/uploads\/2024\/09\/header_backgroundk-01-e1726694325946.png\" \/>\n\t<meta property=\"og:image:width\" content=\"279\" \/>\n\t<meta property=\"og:image:height\" content=\"92\" \/>\n\t<meta property=\"og:image:type\" content=\"image\/png\" \/>\n<meta name=\"author\" content=\"Julien\" \/>\n<meta name=\"twitter:card\" content=\"summary_large_image\" \/>\n<meta name=\"twitter:label1\" content=\"\u00c9crit par\" \/>\n\t<meta name=\"twitter:data1\" content=\"Julien\" \/>\n\t<meta name=\"twitter:label2\" content=\"Dur\u00e9e de lecture est.\" \/>\n\t<meta name=\"twitter:data2\" content=\"6 minutes\" \/>\n<script type=\"application\/ld+json\" class=\"yoast-schema-graph\">{\"@context\":\"https:\/\/schema.org\",\"@graph\":[{\"@type\":\"Article\",\"@id\":\"https:\/\/vieassociative.be\/actualites\/t-mobile-etend-sa-version-beta-de-starlink-a-tout-le-monde-2\/#article\",\"isPartOf\":{\"@id\":\"https:\/\/vieassociative.be\/actualites\/t-mobile-etend-sa-version-beta-de-starlink-a-tout-le-monde-2\/\"},\"author\":{\"name\":\"Julien\",\"@id\":\"https:\/\/vieassociative.be\/actualites\/#\/schema\/person\/b87ac4f82f9d4e7b7cec7395b679edc4\"},\"headline\":\"T-Mobile \u00e9tend sa version b\u00eata de starlink \u00e0 tout le monde\",\"datePublished\":\"2025-06-04T05:18:00+00:00\",\"dateModified\":\"2025-06-04T05:18:00+00:00\",\"mainEntityOfPage\":{\"@id\":\"https:\/\/vieassociative.be\/actualites\/t-mobile-etend-sa-version-beta-de-starlink-a-tout-le-monde-2\/\"},\"wordCount\":1353,\"publisher\":{\"@id\":\"https:\/\/vieassociative.be\/actualites\/#organization\"},\"image\":{\"@id\":\"https:\/\/vieassociative.be\/actualites\/t-mobile-etend-sa-version-beta-de-starlink-a-tout-le-monde-2\/#primaryimage\"},\"thumbnailUrl\":\"https:\/\/vieassociative.be\/actualites\/wp-content\/uploads\/2025\/01\/T-Mobile-etend-sa-version-beta-de-starlink-a-iPhones.png\",\"keywords\":[\"b\u00eata\",\"\u00e9tend\",\"monde\",\"starlink\",\"TMobile\",\"tout\",\"version\"],\"articleSection\":[\"Technologie\"],\"inLanguage\":\"fr-BE\"},{\"@type\":\"WebPage\",\"@id\":\"https:\/\/vieassociative.be\/actualites\/t-mobile-etend-sa-version-beta-de-starlink-a-tout-le-monde-2\/\",\"url\":\"https:\/\/vieassociative.be\/actualites\/t-mobile-etend-sa-version-beta-de-starlink-a-tout-le-monde-2\/\",\"name\":\"T-Mobile \u00e9tend sa version b\u00eata de starlink \u00e0 tout le monde | Vie Associative\",\"isPartOf\":{\"@id\":\"https:\/\/vieassociative.be\/actualites\/#website\"},\"primaryImageOfPage\":{\"@id\":\"https:\/\/vieassociative.be\/actualites\/t-mobile-etend-sa-version-beta-de-starlink-a-tout-le-monde-2\/#primaryimage\"},\"image\":{\"@id\":\"https:\/\/vieassociative.be\/actualites\/t-mobile-etend-sa-version-beta-de-starlink-a-tout-le-monde-2\/#primaryimage\"},\"thumbnailUrl\":\"https:\/\/vieassociative.be\/actualites\/wp-content\/uploads\/2025\/01\/T-Mobile-etend-sa-version-beta-de-starlink-a-iPhones.png\",\"datePublished\":\"2025-06-04T05:18:00+00:00\",\"dateModified\":\"2025-06-04T05:18:00+00:00\",\"breadcrumb\":{\"@id\":\"https:\/\/vieassociative.be\/actualites\/t-mobile-etend-sa-version-beta-de-starlink-a-tout-le-monde-2\/#breadcrumb\"},\"inLanguage\":\"fr-BE\",\"potentialAction\":[{\"@type\":\"ReadAction\",\"target\":[\"https:\/\/vieassociative.be\/actualites\/t-mobile-etend-sa-version-beta-de-starlink-a-tout-le-monde-2\/\"]}]},{\"@type\":\"ImageObject\",\"inLanguage\":\"fr-BE\",\"@id\":\"https:\/\/vieassociative.be\/actualites\/t-mobile-etend-sa-version-beta-de-starlink-a-tout-le-monde-2\/#primaryimage\",\"url\":\"https:\/\/vieassociative.be\/actualites\/wp-content\/uploads\/2025\/01\/T-Mobile-etend-sa-version-beta-de-starlink-a-iPhones.png\",\"contentUrl\":\"https:\/\/vieassociative.be\/actualites\/wp-content\/uploads\/2025\/01\/T-Mobile-etend-sa-version-beta-de-starlink-a-iPhones.png\",\"width\":1200,\"height\":675,\"caption\":\"T-Mobile \u00e9tend sa version b\u00eata de starlink \u00e0 iPhones\"},{\"@type\":\"BreadcrumbList\",\"@id\":\"https:\/\/vieassociative.be\/actualites\/t-mobile-etend-sa-version-beta-de-starlink-a-tout-le-monde-2\/#breadcrumb\",\"itemListElement\":[{\"@type\":\"ListItem\",\"position\":1,\"name\":\"Accueil\",\"item\":\"https:\/\/vieassociative.be\/actualites\/\"},{\"@type\":\"ListItem\",\"position\":2,\"name\":\"T-Mobile \u00e9tend sa version b\u00eata de starlink \u00e0 tout le monde\"}]},{\"@type\":\"WebSite\",\"@id\":\"https:\/\/vieassociative.be\/actualites\/#website\",\"url\":\"https:\/\/vieassociative.be\/actualites\/\",\"name\":\"Vie Associative\",\"description\":\"\",\"publisher\":{\"@id\":\"https:\/\/vieassociative.be\/actualites\/#organization\"},\"potentialAction\":[{\"@type\":\"SearchAction\",\"target\":{\"@type\":\"EntryPoint\",\"urlTemplate\":\"https:\/\/vieassociative.be\/actualites\/?s={search_term_string}\"},\"query-input\":{\"@type\":\"PropertyValueSpecification\",\"valueRequired\":true,\"valueName\":\"search_term_string\"}}],\"inLanguage\":\"fr-BE\"},{\"@type\":\"Organization\",\"@id\":\"https:\/\/vieassociative.be\/actualites\/#organization\",\"name\":\"Vie Associative\",\"url\":\"https:\/\/vieassociative.be\/actualites\/\",\"logo\":{\"@type\":\"ImageObject\",\"inLanguage\":\"fr-BE\",\"@id\":\"https:\/\/vieassociative.be\/actualites\/#\/schema\/logo\/image\/\",\"url\":\"https:\/\/vieassociative.be\/actualites\/wp-content\/uploads\/2024\/09\/cropped-vieassociative_favicon.ico.png\",\"contentUrl\":\"https:\/\/vieassociative.be\/actualites\/wp-content\/uploads\/2024\/09\/cropped-vieassociative_favicon.ico.png\",\"width\":512,\"height\":512,\"caption\":\"Vie Associative\"},\"image\":{\"@id\":\"https:\/\/vieassociative.be\/actualites\/#\/schema\/logo\/image\/\"}},{\"@type\":\"Person\",\"@id\":\"https:\/\/vieassociative.be\/actualites\/#\/schema\/person\/b87ac4f82f9d4e7b7cec7395b679edc4\",\"name\":\"Julien\",\"image\":{\"@type\":\"ImageObject\",\"inLanguage\":\"fr-BE\",\"@id\":\"https:\/\/vieassociative.be\/actualites\/#\/schema\/person\/image\/\",\"url\":\"https:\/\/vieassociative.be\/actualites\/wp-content\/uploads\/2024\/09\/vie-associative-1-150x150.jpg\",\"contentUrl\":\"https:\/\/vieassociative.be\/actualites\/wp-content\/uploads\/2024\/09\/vie-associative-1-150x150.jpg\",\"caption\":\"Julien\"},\"description\":\"Je suis Julien, r\u00e9dacteur pour Vie Associative. Passionn\u00e9 par le monde associatif depuis plus de 10 ans, j'ai \u00e0 c\u0153ur de partager des histoires inspirantes et de mettre en lumi\u00e8re les initiatives locales. Mon objectif est de sensibiliser et d'encourager l'engagement communautaire \u00e0 travers mes articles.\",\"sameAs\":[\"https:\/\/vieassociative.be\/\"]}]}<\/script>\n<!-- \/ Yoast SEO plugin. -->","yoast_head_json":{"title":"T-Mobile \u00e9tend sa version b\u00eata de starlink \u00e0 tout le monde | Vie Associative","robots":{"index":"index","follow":"follow","max-snippet":"max-snippet:-1","max-image-preview":"max-image-preview:large","max-video-preview":"max-video-preview:-1"},"canonical":"https:\/\/vieassociative.be\/actualites\/t-mobile-etend-sa-version-beta-de-starlink-a-tout-le-monde-2\/","og_locale":"fr_FR","og_type":"article","og_title":"T-Mobile \u00e9tend sa version b\u00eata de starlink \u00e0 tout le monde | Vie Associative","og_description":"Vous avez la chance de vous connecter \u00e0 StarLink, que vous ayez T-Mobile ou non. En f\u00e9vrier, T-Mobile semblait offrir un acc\u00e8s b\u00eata \u00e0 StarLink","og_url":"https:\/\/vieassociative.be\/actualites\/t-mobile-etend-sa-version-beta-de-starlink-a-tout-le-monde-2\/","og_site_name":"Vie Associative","article_published_time":"2025-06-04T05:18:00+00:00","og_image":[{"width":279,"height":92,"url":"https:\/\/vieassociative.be\/actualites\/wp-content\/uploads\/2024\/09\/header_backgroundk-01-e1726694325946.png","type":"image\/png"}],"author":"Julien","twitter_card":"summary_large_image","twitter_misc":{"\u00c9crit par":"Julien","Dur\u00e9e de lecture est.":"6 minutes"},"schema":{"@context":"https:\/\/schema.org","@graph":[{"@type":"Article","@id":"https:\/\/vieassociative.be\/actualites\/t-mobile-etend-sa-version-beta-de-starlink-a-tout-le-monde-2\/#article","isPartOf":{"@id":"https:\/\/vieassociative.be\/actualites\/t-mobile-etend-sa-version-beta-de-starlink-a-tout-le-monde-2\/"},"author":{"name":"Julien","@id":"https:\/\/vieassociative.be\/actualites\/#\/schema\/person\/b87ac4f82f9d4e7b7cec7395b679edc4"},"headline":"T-Mobile \u00e9tend sa version b\u00eata de starlink \u00e0 tout le monde","datePublished":"2025-06-04T05:18:00+00:00","dateModified":"2025-06-04T05:18:00+00:00","mainEntityOfPage":{"@id":"https:\/\/vieassociative.be\/actualites\/t-mobile-etend-sa-version-beta-de-starlink-a-tout-le-monde-2\/"},"wordCount":1353,"publisher":{"@id":"https:\/\/vieassociative.be\/actualites\/#organization"},"image":{"@id":"https:\/\/vieassociative.be\/actualites\/t-mobile-etend-sa-version-beta-de-starlink-a-tout-le-monde-2\/#primaryimage"},"thumbnailUrl":"https:\/\/vieassociative.be\/actualites\/wp-content\/uploads\/2025\/01\/T-Mobile-etend-sa-version-beta-de-starlink-a-iPhones.png","keywords":["b\u00eata","\u00e9tend","monde","starlink","TMobile","tout","version"],"articleSection":["Technologie"],"inLanguage":"fr-BE"},{"@type":"WebPage","@id":"https:\/\/vieassociative.be\/actualites\/t-mobile-etend-sa-version-beta-de-starlink-a-tout-le-monde-2\/","url":"https:\/\/vieassociative.be\/actualites\/t-mobile-etend-sa-version-beta-de-starlink-a-tout-le-monde-2\/","name":"T-Mobile \u00e9tend sa version b\u00eata de starlink \u00e0 tout le monde | Vie Associative","isPartOf":{"@id":"https:\/\/vieassociative.be\/actualites\/#website"},"primaryImageOfPage":{"@id":"https:\/\/vieassociative.be\/actualites\/t-mobile-etend-sa-version-beta-de-starlink-a-tout-le-monde-2\/#primaryimage"},"image":{"@id":"https:\/\/vieassociative.be\/actualites\/t-mobile-etend-sa-version-beta-de-starlink-a-tout-le-monde-2\/#primaryimage"},"thumbnailUrl":"https:\/\/vieassociative.be\/actualites\/wp-content\/uploads\/2025\/01\/T-Mobile-etend-sa-version-beta-de-starlink-a-iPhones.png","datePublished":"2025-06-04T05:18:00+00:00","dateModified":"2025-06-04T05:18:00+00:00","breadcrumb":{"@id":"https:\/\/vieassociative.be\/actualites\/t-mobile-etend-sa-version-beta-de-starlink-a-tout-le-monde-2\/#breadcrumb"},"inLanguage":"fr-BE","potentialAction":[{"@type":"ReadAction","target":["https:\/\/vieassociative.be\/actualites\/t-mobile-etend-sa-version-beta-de-starlink-a-tout-le-monde-2\/"]}]},{"@type":"ImageObject","inLanguage":"fr-BE","@id":"https:\/\/vieassociative.be\/actualites\/t-mobile-etend-sa-version-beta-de-starlink-a-tout-le-monde-2\/#primaryimage","url":"https:\/\/vieassociative.be\/actualites\/wp-content\/uploads\/2025\/01\/T-Mobile-etend-sa-version-beta-de-starlink-a-iPhones.png","contentUrl":"https:\/\/vieassociative.be\/actualites\/wp-content\/uploads\/2025\/01\/T-Mobile-etend-sa-version-beta-de-starlink-a-iPhones.png","width":1200,"height":675,"caption":"T-Mobile \u00e9tend sa version b\u00eata de starlink \u00e0 iPhones"},{"@type":"BreadcrumbList","@id":"https:\/\/vieassociative.be\/actualites\/t-mobile-etend-sa-version-beta-de-starlink-a-tout-le-monde-2\/#breadcrumb","itemListElement":[{"@type":"ListItem","position":1,"name":"Accueil","item":"https:\/\/vieassociative.be\/actualites\/"},{"@type":"ListItem","position":2,"name":"T-Mobile \u00e9tend sa version b\u00eata de starlink \u00e0 tout le monde"}]},{"@type":"WebSite","@id":"https:\/\/vieassociative.be\/actualites\/#website","url":"https:\/\/vieassociative.be\/actualites\/","name":"Vie Associative","description":"","publisher":{"@id":"https:\/\/vieassociative.be\/actualites\/#organization"},"potentialAction":[{"@type":"SearchAction","target":{"@type":"EntryPoint","urlTemplate":"https:\/\/vieassociative.be\/actualites\/?s={search_term_string}"},"query-input":{"@type":"PropertyValueSpecification","valueRequired":true,"valueName":"search_term_string"}}],"inLanguage":"fr-BE"},{"@type":"Organization","@id":"https:\/\/vieassociative.be\/actualites\/#organization","name":"Vie Associative","url":"https:\/\/vieassociative.be\/actualites\/","logo":{"@type":"ImageObject","inLanguage":"fr-BE","@id":"https:\/\/vieassociative.be\/actualites\/#\/schema\/logo\/image\/","url":"https:\/\/vieassociative.be\/actualites\/wp-content\/uploads\/2024\/09\/cropped-vieassociative_favicon.ico.png","contentUrl":"https:\/\/vieassociative.be\/actualites\/wp-content\/uploads\/2024\/09\/cropped-vieassociative_favicon.ico.png","width":512,"height":512,"caption":"Vie Associative"},"image":{"@id":"https:\/\/vieassociative.be\/actualites\/#\/schema\/logo\/image\/"}},{"@type":"Person","@id":"https:\/\/vieassociative.be\/actualites\/#\/schema\/person\/b87ac4f82f9d4e7b7cec7395b679edc4","name":"Julien","image":{"@type":"ImageObject","inLanguage":"fr-BE","@id":"https:\/\/vieassociative.be\/actualites\/#\/schema\/person\/image\/","url":"https:\/\/vieassociative.be\/actualites\/wp-content\/uploads\/2024\/09\/vie-associative-1-150x150.jpg","contentUrl":"https:\/\/vieassociative.be\/actualites\/wp-content\/uploads\/2024\/09\/vie-associative-1-150x150.jpg","caption":"Julien"},"description":"Je suis Julien, r\u00e9dacteur pour Vie Associative. Passionn\u00e9 par le monde associatif depuis plus de 10 ans, j'ai \u00e0 c\u0153ur de partager des histoires inspirantes et de mettre en lumi\u00e8re les initiatives locales. Mon objectif est de sensibiliser et d'encourager l'engagement communautaire \u00e0 travers mes articles.","sameAs":["https:\/\/vieassociative.be\/"]}]}},"_links":{"self":[{"href":"https:\/\/vieassociative.be\/actualites\/wp-json\/wp\/v2\/posts\/7968"}],"collection":[{"href":"https:\/\/vieassociative.be\/actualites\/wp-json\/wp\/v2\/posts"}],"about":[{"href":"https:\/\/vieassociative.be\/actualites\/wp-json\/wp\/v2\/types\/post"}],"author":[{"embeddable":true,"href":"https:\/\/vieassociative.be\/actualites\/wp-json\/wp\/v2\/users\/1"}],"replies":[{"embeddable":true,"href":"https:\/\/vieassociative.be\/actualites\/wp-json\/wp\/v2\/comments?post=7968"}],"version-history":[{"count":0,"href":"https:\/\/vieassociative.be\/actualites\/wp-json\/wp\/v2\/posts\/7968\/revisions"}],"wp:featuredmedia":[{"embeddable":true,"href":"https:\/\/vieassociative.be\/actualites\/wp-json\/wp\/v2\/media\/4711"}],"wp:attachment":[{"href":"https:\/\/vieassociative.be\/actualites\/wp-json\/wp\/v2\/media?parent=7968"}],"wp:term":[{"taxonomy":"category","embeddable":true,"href":"https:\/\/vieassociative.be\/actualites\/wp-json\/wp\/v2\/categories?post=7968"},{"taxonomy":"post_tag","embeddable":true,"href":"https:\/\/vieassociative.be\/actualites\/wp-json\/wp\/v2\/tags?post=7968"}],"curies":[{"name":"wp","href":"https:\/\/api.w.org\/{rel}","templated":true}]}}