{"id":7966,"date":"2025-06-04T03:17:38","date_gmt":"2025-06-04T01:17:38","guid":{"rendered":"https:\/\/vieassociative.be\/actualites\/six-fonctionnalites-ios-26-ios-qui-me-passionnent-vraiment\/"},"modified":"2025-06-04T03:17:38","modified_gmt":"2025-06-04T01:17:38","slug":"six-fonctionnalites-ios-26-ios-qui-me-passionnent-vraiment","status":"publish","type":"post","link":"https:\/\/vieassociative.be\/actualites\/six-fonctionnalites-ios-26-ios-qui-me-passionnent-vraiment\/","title":{"rendered":"Six fonctionnalit\u00e9s iOS 26 iOS qui me passionnent vraiment"},"content":{"rendered":"<div class=\"mt-4 leading-6 md:mb-8\">Plus de ces fonctionnalit\u00e9s, moins d&rsquo;intelligence Apple.<\/div>\n<p><\/p>\n<p>Je ne pensais pas que je parlerais de iOS 26 avant l&rsquo;an 2032, mais nous y sommes. Au WWDC 2025, Apple annoncera probablement la derni\u00e8re mise \u00e0 jour des iPhones, avec de nouvelles fonctionnalit\u00e9s et un nouveau sch\u00e9ma de d\u00e9nomination. <\/p>\n<p>Nous ne saurons pas avec certitude ce qu&rsquo;Apple pr\u00e9voit jusqu&rsquo;\u00e0 ce qu&rsquo;ils l&rsquo;annoncent officiellement, mais il y a des raisons de croire que certaines fuites et rumeurs sont exactes. J&rsquo;ai suivi ces fuites et ces rumeurs \u00e9troitement car ils ont coul\u00e9, et j&rsquo;ai une bonne id\u00e9e de ce \u00e0 quoi s&rsquo;attendre avec iOS 26. Toutes les rumeurs ne sont pas des gagnants &#8211; toux en toute toux, intelligence Apple &#8211; mais il y en a d&rsquo;autres pour qui je suis vraiment excit\u00e9. Voici six des fonctionnalit\u00e9s qui, je l&rsquo;esp\u00e8re, seront vraiment \u00e0 iOS 26. <\/p>\n<h2 id=\"rcs-end-to-end-encryption\">Cryptage de bout en bout RCS<\/h2>\n<p>Le support RCS \u00e9tait probablement ma nouvelle fonctionnalit\u00e9 pr\u00e9f\u00e9r\u00e9e de l&rsquo;\u00e8re iOS 18. Pour la premi\u00e8re fois depuis le lancement d&rsquo;iMessage en 2011, iPhones et Android pourraient envoyer des SMS natifs sans recourir \u00e0 SMS. Les bulles peuvent toujours \u00eatre vertes, mais au moins les chats de groupe sont intacts. <\/p>\n<p>Cependant, un grand perk RCS a disparu depuis son lancement sur iOS: le cryptage. Bien que RCS prenne actuellement en charge les images et vid\u00e9os de haute qualit\u00e9, vos messages envoy\u00e9s avec ce protocole sont aussi non prot\u00e9g\u00e9s que sur SMS. Le chiffrement de bout en bout (E2EE) garantit que seuls les appareils impliqu\u00e9s dans le chat peuvent d\u00e9crypter et lire les messages envoy\u00e9s. Personne d&rsquo;autre, pas m\u00eame Apple, ne peut lire E2EE. C&rsquo;est une d\u00e9ception, car RCS prend en charge le chiffrement (m\u00eame si m\u00eame les appareils Android doivent \u00e9galement g\u00e9rer certaines bizarreries ici). <\/p>\n<p>Heureusement, nous savons que E2EE arrive sur RCS sur iPhone &#8211; nous ne savons tout simplement pas exactement quand. Apple a confirm\u00e9 en mars que RCS Encryption \u00e9tait en route \u00ab\u00a0dans les futures mises \u00e0 jour logicielles\u00a0\u00bb, ce qui pourrait signifier iOS 26, mais aussi iOS 26.1 ou tout autre nombre de mises \u00e0 jour. Personnellement, j&rsquo;esp\u00e8re que c&rsquo;est le plus t\u00f4t possible.<\/p>\n<h2 id=\"live-translate-for-airpods\">Traduire en direct pour AirPods<\/h2>\n<p>Imaginez ceci: vous parlez \u00e0 quelqu&rsquo;un qui parle une langue que vous n&rsquo;avez pas. Mais pendant qu&rsquo;ils parlent, vous entendez leurs mots traduits dans votre langue dans votre oreille. Cela ressemble \u00e0 l&rsquo;avenir, mais c&rsquo;est le pr\u00e9sent &#8211; et cela pourrait venir chez AirPods.  <\/p>\n<p>C&rsquo;est selon Mark Gurman de Bloomberg, qui a rapport\u00e9 en mars que certains mod\u00e8les AirPods obtiendraient cette fonctionnalit\u00e9 de \u00ab\u00a0traduire en direct\u00a0\u00bb. Alors qu&rsquo;Apple essaie apparemment de garder cette fonctionnalit\u00e9 aussi secr\u00e8te que possible, Gurman dit qu&rsquo;AirPods traduirea les mots de votre conversationaliste dans vos oreilles, tandis que votre iPhone trad\u00e8lera vos mots dans la langue de l&rsquo;autre personne.<\/p>\n<p>Et en fait, la fonctionnalit\u00e9 n&rsquo;a rien de nouveau: les bourgeons de pixels de Google ont une traduction en direct depuis des ann\u00e9es \u00e0 ce stade, via le mode de conversation dans l&rsquo;application Translate. Cela fonctionne de la m\u00eame mani\u00e8re que Gurman d\u00e9crit la vision d&rsquo;Apple, il y a donc un pr\u00e9c\u00e9dent clair ici. Pourtant, j&rsquo;aimerais que cette fonctionnalit\u00e9 soit vraiment exp\u00e9di\u00e9e avec iOS 26.<\/p>\n<h2 id=\"a-new-look-for-ios\">Un nouveau look pour iOS<\/h2>\n<p>Si vous savez quelque chose sur iOS 26, vous savez peut-\u00eatre qu&rsquo;Apple planifie une refonte visuelle pour l&rsquo;iPhone. Si les rumeurs sont vraies, les modifications vont au-del\u00e0 de l&rsquo;appareil mobile: Apple travaillerait sur un changement de conception sur tous ses produits, pour unifier l&rsquo;apparence d&rsquo;iOS, d&rsquo;iPados, de macOS et de visionos. <\/p>\n<p>L&rsquo;inspiration principale de l&rsquo;interface utilisateur semble provenir du nouveau produit d&rsquo;Apple du groupe, Apple Vision Pro: Ic\u00f4nes et \u00e9l\u00e9ments sont arrondis, les fen\u00eatres et les barres de menu sont flottantes et translucides, et il y a de nouvelles animations. <\/p>\n<p>Vous pouvez voir un exemple de ce \u00e0 quoi cela pourrait ressembler \u00e0 partir de cette vid\u00e9o de Jon Prosser, qui pr\u00e9sente une maquette iOS 26 bas\u00e9e sur des conceptions divulgu\u00e9es: <\/p>\n<div class=\"mx-auto mt-8 w-full max-w-4xl aspect-video\">\n<div id=\"video-container-YGI8sZqWEl0\"><\/div>\n<\/div>\n<p>Ce n&rsquo;est pas n\u00e9cessairement le design lui-m\u00eame qui me passionne, mais le changement en g\u00e9n\u00e9ral. Alors qu&rsquo;Apple a m\u00e9lang\u00e9 un peu son interface utilisateur au fil des ans, le langage de conception g\u00e9n\u00e9ral a construit iOS 7, qui a chut\u00e9 il y a plus d&rsquo;une d\u00e9cennie. Bien que mon c\u00f4t\u00e9 nostalgique adorerait voir Apple ramener le design skeuomorphe d&rsquo;iOS 6 et plus t\u00f4t, je salue toute nouvelle interface utilisateur qui a l&rsquo;air bien. Et si j&rsquo;obtiens une exp\u00e9rience similaire sur mon iPhone, Mac et iPad, tant mieux.<\/p>\n<h2 id=\"a-stage-manager-like-interface\">Une interface de type gestionnaire de sc\u00e8ne<\/h2>\n<p>Si vous avez un iPad compatible, vous pouvez le brancher sur un moniteur externe et \u00e9tendre votre \u00e9cran comme vous le feriez avec un ordinateur portable. Il fait partie d&rsquo;une fonctionnalit\u00e9 d&rsquo;Apple appelle le gestionnaire de sc\u00e8ne, et c&rsquo;est un moyen cool de rendre votre iPad un peu plus utile pour les t\u00e2ches informatiques s\u00e9rieuses. <\/p>\n<div class=\"pogoClear relative my-10 border-b-(1.5px) border-t-(1.5px) border-dashed border-black py-5 sm:my-14 sm:border-0 sm:py-0\" data-ga-click data-ga-template=\"Explainers\" data-ga-module=\"openweb_widget\" data-ga-element=\"openweb_scroll\" data-ga-item=\"openweb_scroll_midpage\" x-data=\"{\n         commentsCount: null,\n         hasComments: false,\n         async fetchCommentsCount() {\n             try {\n                 if (window.openweb &amp;&amp; typeof window.openweb.getMessagesCount === 'function') {\n                     this.commentsCount = await window.openweb.getMessagesCount('01JWVCYTKSXMJEM5NFX7CXZ0RE');\n                     this.hasComments = this.commentsCount !== null &amp;&amp; this.commentsCount &gt; 0;\n                 }\n             } catch (e) {\n                 console.warn('Failed to fetch comment count:', e);\n             }\n         }\n     }\" x-init=\"fetchCommentsCount()\" x-cloak><\/p>\n<div class=\"absolute top-1\/2 hidden w-full -translate-y-1\/2 border-t-(1.5px) border-dashed border-black sm:block\"><\/div>\n<div class=\"relative flex justify-center\">\n<div class=\"flex max-w-fit items-center gap-x-3 bg-white px-5\">\n<div class=\"relative\">\n                <span class=\"absolute left-1\/2 top-1\/2 -translate-x-1\/2 -translate-y-1\/2 font-akshar text-sm font-medium text-black\" aria-live=\"polite\" x-show=\"hasComments\" x-text=\"commentsCount\"><\/span><\/p>\n<p>                <svg class=\"h-8 w-8 text-black\" role=\"img\" aria-hidden=\"true\">\n                    <use href=\"http:\/\/lifehacker.com\/images\/icons\/spritemap.svg#sprite-chat-bubble\"><\/use>\n                <\/svg>\n            <\/div>\n<p>            <span class=\"text-sm font-medium text-black\"><\/p>\n<p>                Que pensez-vous jusqu&rsquo;\u00e0 pr\u00e9sent?<br \/>\n                <button class=\"ml-1 font-semibold text-brand-green underline hover:text-brand-green-700\" type=\"button\" aria-label=\"Comment section trigger\" onclick=\"window.openweb.scrollToComments('01JWVCYTKSXMJEM5NFX7CXZ0RE')\" x-text=\"hasComments ? 'Post a comment.' : 'Be the first to post a comment.'\"><\/button><br \/>\n            <\/span>\n        <\/div>\n<\/p><\/div>\n<\/div>\n<p>La rumeur dit qu&rsquo;Apple travaille sur quelque chose de similaire pour l&rsquo;iPhone. Si les fuites sont vraies, vous pourrez brancher votre iPhone USB-C dans un moniteur, et bien que vous ne puissiez pas l&rsquo;utiliser comme un ordinateur, vous pourrez \u00e9tendre votre espace d&rsquo;\u00e9cran pour correspondre \u00e0 l&rsquo;\u00e9cran. <\/p>\n<p>C&rsquo;est une excellente id\u00e9e, et quelque chose qui ferait de l&rsquo;iPhone une station de pr\u00e9sentation portable. Si vous avez un diaporama, une vid\u00e9o ou tout type de d\u00e9monstration sur votre iPhone, vous pouvez le partager en plein \u00e9cran sur n&rsquo;importe quel moniteur connect\u00e9. Il aurait p\u00e2le par rapport \u00e0 quelque chose comme Samsung Dex, qui transforme votre t\u00e9l\u00e9phone Galaxy en une v\u00e9ritable exp\u00e9rience de bureau, mais je pense que cela pourrait \u00eatre le d\u00e9but de quelque chose de similaire sur iOS.<\/p>\n<h2 id=\"fewer-glitches\">Moins de probl\u00e8mes<\/h2>\n<p>Je n&rsquo;ai pas besoin de grand-chose d&rsquo;Apple en ce qui concerne l&rsquo;iPhone, mais si j&rsquo;avais une seule demande, je demanderais une exp\u00e9rience plus stable. En g\u00e9n\u00e9ral, la chose est bonne, mais je rencontre beaucoup de petits probl\u00e8mes au jour le jour, et je suis pr\u00eat \u00e0 parier que vous aussi si vous avez un iPhone. <\/p>\n<p>Selon Mark Gurman, la r\u00e9duction des probl\u00e8mes est une priorit\u00e9 \u00e9lev\u00e9e pour Apple. Il dit que l&rsquo;entreprise \u00ab\u00a0pousse les ing\u00e9nieurs pour s&rsquo;assurer que les sorties de cette ann\u00e9e sont plus fonctionnelles et moins glitchy. Les mises \u00e0 niveau pass\u00e9es ont \u00e9t\u00e9 critiqu\u00e9es pour les bogues et les fonctionnalit\u00e9s qui ne fonctionnaient parfois pas correctement\u00a0\u00bb. <\/p>\n<p>Cela me semble bien, Apple.<\/p>\n<h2 id=\"ai-powered-battery-life-enhancements\">Am\u00e9liorations de la dur\u00e9e de vie de la batterie aliment\u00e9e en AI <\/h2>\n<p>Je ne serai peut-\u00eatre pas excit\u00e9 pour aucune des nouvelles caract\u00e9ristiques g\u00e9n\u00e9ratrices de l&rsquo;IA d&rsquo;Apple, mais je mentirais si les am\u00e9liorations de la vie de la batterie aliment\u00e9es par l&rsquo;IA n&rsquo;ont pas piqu\u00e9 mon int\u00e9r\u00eat. Nous voulons tous que nos iPhones durent plus longtemps entre les charges, apr\u00e8s tout.<\/p>\n<p>Dans le m\u00eame rapport qui a renvers\u00e9 les haricots sur l&rsquo;objectif \u00ab\u00a0moins glichy\u00a0\u00bb, Gurman dit qu&rsquo;Apple travaille sur une fonctionnalit\u00e9 qui analysera votre utilisation de votre iPhone et apportera des modifications \u00e0 conserver la dur\u00e9e de vie de la batterie lorsque cela est possible. Peut-\u00eatre que l&rsquo;IA remarque que vous ne profitez pas de fonctionnalit\u00e9s intensives dans certaines applications et, en tant que telle, r\u00e9duit les performances de ces applications pour hi\u00e9rarchiser la conservation de l&rsquo;\u00e9nergie.<\/p>\n<p>Ce que j&rsquo;aime encore mieux, cependant, c&rsquo;est qu&rsquo;Apple travaillerait sur un utilitaire d&rsquo;\u00e9cran de verrouillage qui vous indique combien de temps il faudra pour terminer la charge de votre iPhone. Ce sont les changements petits mais puissants que je veux voir d&rsquo;Apple.  <\/p>\n","protected":false},"excerpt":{"rendered":"<p>Plus de ces fonctionnalit\u00e9s, moins d&rsquo;intelligence Apple. Je ne pensais pas que je parlerais de iOS 26 avant l&rsquo;an 2032, mais nous y sommes. Au<\/p>\n","protected":false},"author":1,"featured_media":7967,"comment_status":"","ping_status":"","sticky":false,"template":"","format":"standard","meta":{"footnotes":""},"categories":[13],"tags":[1216,21,7285,99,523],"class_list":["post-7966","post","type-post","status-publish","format-standard","has-post-thumbnail","hentry","category-technologie","tag-fonctionnalites","tag-ios","tag-passionnent","tag-qui","tag-vraiment","generate-columns","tablet-grid-50","mobile-grid-100","grid-parent","grid-33"],"yoast_head":"<!-- This site is optimized with the Yoast SEO plugin v24.0 - https:\/\/yoast.com\/wordpress\/plugins\/seo\/ -->\n<title>Six fonctionnalit\u00e9s iOS 26 iOS qui me passionnent vraiment | Vie Associative<\/title>\n<meta name=\"robots\" content=\"index, follow, max-snippet:-1, max-image-preview:large, max-video-preview:-1\" \/>\n<link rel=\"canonical\" href=\"https:\/\/vieassociative.be\/actualites\/six-fonctionnalites-ios-26-ios-qui-me-passionnent-vraiment\/\" \/>\n<meta property=\"og:locale\" content=\"fr_FR\" \/>\n<meta property=\"og:type\" content=\"article\" \/>\n<meta property=\"og:title\" content=\"Six fonctionnalit\u00e9s iOS 26 iOS qui me passionnent vraiment | Vie Associative\" \/>\n<meta property=\"og:description\" content=\"Plus de ces fonctionnalit\u00e9s, moins d&rsquo;intelligence Apple. Je ne pensais pas que je parlerais de iOS 26 avant l&rsquo;an 2032, mais nous y sommes. Au\" \/>\n<meta property=\"og:url\" content=\"https:\/\/vieassociative.be\/actualites\/six-fonctionnalites-ios-26-ios-qui-me-passionnent-vraiment\/\" \/>\n<meta property=\"og:site_name\" content=\"Vie Associative\" \/>\n<meta property=\"article:published_time\" content=\"2025-06-04T01:17:38+00:00\" \/>\n<meta property=\"og:image\" content=\"https:\/\/vieassociative.be\/actualites\/wp-content\/uploads\/2024\/09\/header_backgroundk-01-e1726694325946.png\" \/>\n\t<meta property=\"og:image:width\" content=\"279\" \/>\n\t<meta property=\"og:image:height\" content=\"92\" \/>\n\t<meta property=\"og:image:type\" content=\"image\/png\" \/>\n<meta name=\"author\" content=\"Julien\" \/>\n<meta name=\"twitter:card\" content=\"summary_large_image\" \/>\n<meta name=\"twitter:label1\" content=\"\u00c9crit par\" \/>\n\t<meta name=\"twitter:data1\" content=\"Julien\" \/>\n\t<meta name=\"twitter:label2\" content=\"Dur\u00e9e de lecture est.\" \/>\n\t<meta name=\"twitter:data2\" content=\"7 minutes\" \/>\n<script type=\"application\/ld+json\" class=\"yoast-schema-graph\">{\"@context\":\"https:\/\/schema.org\",\"@graph\":[{\"@type\":\"Article\",\"@id\":\"https:\/\/vieassociative.be\/actualites\/six-fonctionnalites-ios-26-ios-qui-me-passionnent-vraiment\/#article\",\"isPartOf\":{\"@id\":\"https:\/\/vieassociative.be\/actualites\/six-fonctionnalites-ios-26-ios-qui-me-passionnent-vraiment\/\"},\"author\":{\"name\":\"Julien\",\"@id\":\"https:\/\/vieassociative.be\/actualites\/#\/schema\/person\/b87ac4f82f9d4e7b7cec7395b679edc4\"},\"headline\":\"Six fonctionnalit\u00e9s iOS 26 iOS qui me passionnent vraiment\",\"datePublished\":\"2025-06-04T01:17:38+00:00\",\"dateModified\":\"2025-06-04T01:17:38+00:00\",\"mainEntityOfPage\":{\"@id\":\"https:\/\/vieassociative.be\/actualites\/six-fonctionnalites-ios-26-ios-qui-me-passionnent-vraiment\/\"},\"wordCount\":1392,\"publisher\":{\"@id\":\"https:\/\/vieassociative.be\/actualites\/#organization\"},\"image\":{\"@id\":\"https:\/\/vieassociative.be\/actualites\/six-fonctionnalites-ios-26-ios-qui-me-passionnent-vraiment\/#primaryimage\"},\"thumbnailUrl\":\"https:\/\/vieassociative.be\/actualites\/wp-content\/uploads\/2025\/06\/Six-fonctionnalites-iOS-26-iOS-qui-me-passionnent-vraiment.jpg\",\"keywords\":[\"fonctionnalit\u00e9s\",\"iOS\",\"passionnent\",\"qui\",\"vraiment\"],\"articleSection\":[\"Technologie\"],\"inLanguage\":\"fr-BE\"},{\"@type\":\"WebPage\",\"@id\":\"https:\/\/vieassociative.be\/actualites\/six-fonctionnalites-ios-26-ios-qui-me-passionnent-vraiment\/\",\"url\":\"https:\/\/vieassociative.be\/actualites\/six-fonctionnalites-ios-26-ios-qui-me-passionnent-vraiment\/\",\"name\":\"Six fonctionnalit\u00e9s iOS 26 iOS qui me passionnent vraiment | Vie Associative\",\"isPartOf\":{\"@id\":\"https:\/\/vieassociative.be\/actualites\/#website\"},\"primaryImageOfPage\":{\"@id\":\"https:\/\/vieassociative.be\/actualites\/six-fonctionnalites-ios-26-ios-qui-me-passionnent-vraiment\/#primaryimage\"},\"image\":{\"@id\":\"https:\/\/vieassociative.be\/actualites\/six-fonctionnalites-ios-26-ios-qui-me-passionnent-vraiment\/#primaryimage\"},\"thumbnailUrl\":\"https:\/\/vieassociative.be\/actualites\/wp-content\/uploads\/2025\/06\/Six-fonctionnalites-iOS-26-iOS-qui-me-passionnent-vraiment.jpg\",\"datePublished\":\"2025-06-04T01:17:38+00:00\",\"dateModified\":\"2025-06-04T01:17:38+00:00\",\"breadcrumb\":{\"@id\":\"https:\/\/vieassociative.be\/actualites\/six-fonctionnalites-ios-26-ios-qui-me-passionnent-vraiment\/#breadcrumb\"},\"inLanguage\":\"fr-BE\",\"potentialAction\":[{\"@type\":\"ReadAction\",\"target\":[\"https:\/\/vieassociative.be\/actualites\/six-fonctionnalites-ios-26-ios-qui-me-passionnent-vraiment\/\"]}]},{\"@type\":\"ImageObject\",\"inLanguage\":\"fr-BE\",\"@id\":\"https:\/\/vieassociative.be\/actualites\/six-fonctionnalites-ios-26-ios-qui-me-passionnent-vraiment\/#primaryimage\",\"url\":\"https:\/\/vieassociative.be\/actualites\/wp-content\/uploads\/2025\/06\/Six-fonctionnalites-iOS-26-iOS-qui-me-passionnent-vraiment.jpg\",\"contentUrl\":\"https:\/\/vieassociative.be\/actualites\/wp-content\/uploads\/2025\/06\/Six-fonctionnalites-iOS-26-iOS-qui-me-passionnent-vraiment.jpg\",\"width\":1200,\"height\":675,\"caption\":\"Six fonctionnalit\u00e9s iOS 26 iOS qui me passionnent vraiment\"},{\"@type\":\"BreadcrumbList\",\"@id\":\"https:\/\/vieassociative.be\/actualites\/six-fonctionnalites-ios-26-ios-qui-me-passionnent-vraiment\/#breadcrumb\",\"itemListElement\":[{\"@type\":\"ListItem\",\"position\":1,\"name\":\"Accueil\",\"item\":\"https:\/\/vieassociative.be\/actualites\/\"},{\"@type\":\"ListItem\",\"position\":2,\"name\":\"Six fonctionnalit\u00e9s iOS 26 iOS qui me passionnent vraiment\"}]},{\"@type\":\"WebSite\",\"@id\":\"https:\/\/vieassociative.be\/actualites\/#website\",\"url\":\"https:\/\/vieassociative.be\/actualites\/\",\"name\":\"Vie Associative\",\"description\":\"\",\"publisher\":{\"@id\":\"https:\/\/vieassociative.be\/actualites\/#organization\"},\"potentialAction\":[{\"@type\":\"SearchAction\",\"target\":{\"@type\":\"EntryPoint\",\"urlTemplate\":\"https:\/\/vieassociative.be\/actualites\/?s={search_term_string}\"},\"query-input\":{\"@type\":\"PropertyValueSpecification\",\"valueRequired\":true,\"valueName\":\"search_term_string\"}}],\"inLanguage\":\"fr-BE\"},{\"@type\":\"Organization\",\"@id\":\"https:\/\/vieassociative.be\/actualites\/#organization\",\"name\":\"Vie Associative\",\"url\":\"https:\/\/vieassociative.be\/actualites\/\",\"logo\":{\"@type\":\"ImageObject\",\"inLanguage\":\"fr-BE\",\"@id\":\"https:\/\/vieassociative.be\/actualites\/#\/schema\/logo\/image\/\",\"url\":\"https:\/\/vieassociative.be\/actualites\/wp-content\/uploads\/2024\/09\/cropped-vieassociative_favicon.ico.png\",\"contentUrl\":\"https:\/\/vieassociative.be\/actualites\/wp-content\/uploads\/2024\/09\/cropped-vieassociative_favicon.ico.png\",\"width\":512,\"height\":512,\"caption\":\"Vie Associative\"},\"image\":{\"@id\":\"https:\/\/vieassociative.be\/actualites\/#\/schema\/logo\/image\/\"}},{\"@type\":\"Person\",\"@id\":\"https:\/\/vieassociative.be\/actualites\/#\/schema\/person\/b87ac4f82f9d4e7b7cec7395b679edc4\",\"name\":\"Julien\",\"image\":{\"@type\":\"ImageObject\",\"inLanguage\":\"fr-BE\",\"@id\":\"https:\/\/vieassociative.be\/actualites\/#\/schema\/person\/image\/\",\"url\":\"https:\/\/vieassociative.be\/actualites\/wp-content\/uploads\/2024\/09\/vie-associative-1-150x150.jpg\",\"contentUrl\":\"https:\/\/vieassociative.be\/actualites\/wp-content\/uploads\/2024\/09\/vie-associative-1-150x150.jpg\",\"caption\":\"Julien\"},\"description\":\"Je suis Julien, r\u00e9dacteur pour Vie Associative. Passionn\u00e9 par le monde associatif depuis plus de 10 ans, j'ai \u00e0 c\u0153ur de partager des histoires inspirantes et de mettre en lumi\u00e8re les initiatives locales. Mon objectif est de sensibiliser et d'encourager l'engagement communautaire \u00e0 travers mes articles.\",\"sameAs\":[\"https:\/\/vieassociative.be\/\"]}]}<\/script>\n<!-- \/ Yoast SEO plugin. -->","yoast_head_json":{"title":"Six fonctionnalit\u00e9s iOS 26 iOS qui me passionnent vraiment | Vie Associative","robots":{"index":"index","follow":"follow","max-snippet":"max-snippet:-1","max-image-preview":"max-image-preview:large","max-video-preview":"max-video-preview:-1"},"canonical":"https:\/\/vieassociative.be\/actualites\/six-fonctionnalites-ios-26-ios-qui-me-passionnent-vraiment\/","og_locale":"fr_FR","og_type":"article","og_title":"Six fonctionnalit\u00e9s iOS 26 iOS qui me passionnent vraiment | Vie Associative","og_description":"Plus de ces fonctionnalit\u00e9s, moins d&rsquo;intelligence Apple. Je ne pensais pas que je parlerais de iOS 26 avant l&rsquo;an 2032, mais nous y sommes. Au","og_url":"https:\/\/vieassociative.be\/actualites\/six-fonctionnalites-ios-26-ios-qui-me-passionnent-vraiment\/","og_site_name":"Vie Associative","article_published_time":"2025-06-04T01:17:38+00:00","og_image":[{"width":279,"height":92,"url":"https:\/\/vieassociative.be\/actualites\/wp-content\/uploads\/2024\/09\/header_backgroundk-01-e1726694325946.png","type":"image\/png"}],"author":"Julien","twitter_card":"summary_large_image","twitter_misc":{"\u00c9crit par":"Julien","Dur\u00e9e de lecture est.":"7 minutes"},"schema":{"@context":"https:\/\/schema.org","@graph":[{"@type":"Article","@id":"https:\/\/vieassociative.be\/actualites\/six-fonctionnalites-ios-26-ios-qui-me-passionnent-vraiment\/#article","isPartOf":{"@id":"https:\/\/vieassociative.be\/actualites\/six-fonctionnalites-ios-26-ios-qui-me-passionnent-vraiment\/"},"author":{"name":"Julien","@id":"https:\/\/vieassociative.be\/actualites\/#\/schema\/person\/b87ac4f82f9d4e7b7cec7395b679edc4"},"headline":"Six fonctionnalit\u00e9s iOS 26 iOS qui me passionnent vraiment","datePublished":"2025-06-04T01:17:38+00:00","dateModified":"2025-06-04T01:17:38+00:00","mainEntityOfPage":{"@id":"https:\/\/vieassociative.be\/actualites\/six-fonctionnalites-ios-26-ios-qui-me-passionnent-vraiment\/"},"wordCount":1392,"publisher":{"@id":"https:\/\/vieassociative.be\/actualites\/#organization"},"image":{"@id":"https:\/\/vieassociative.be\/actualites\/six-fonctionnalites-ios-26-ios-qui-me-passionnent-vraiment\/#primaryimage"},"thumbnailUrl":"https:\/\/vieassociative.be\/actualites\/wp-content\/uploads\/2025\/06\/Six-fonctionnalites-iOS-26-iOS-qui-me-passionnent-vraiment.jpg","keywords":["fonctionnalit\u00e9s","iOS","passionnent","qui","vraiment"],"articleSection":["Technologie"],"inLanguage":"fr-BE"},{"@type":"WebPage","@id":"https:\/\/vieassociative.be\/actualites\/six-fonctionnalites-ios-26-ios-qui-me-passionnent-vraiment\/","url":"https:\/\/vieassociative.be\/actualites\/six-fonctionnalites-ios-26-ios-qui-me-passionnent-vraiment\/","name":"Six fonctionnalit\u00e9s iOS 26 iOS qui me passionnent vraiment | Vie Associative","isPartOf":{"@id":"https:\/\/vieassociative.be\/actualites\/#website"},"primaryImageOfPage":{"@id":"https:\/\/vieassociative.be\/actualites\/six-fonctionnalites-ios-26-ios-qui-me-passionnent-vraiment\/#primaryimage"},"image":{"@id":"https:\/\/vieassociative.be\/actualites\/six-fonctionnalites-ios-26-ios-qui-me-passionnent-vraiment\/#primaryimage"},"thumbnailUrl":"https:\/\/vieassociative.be\/actualites\/wp-content\/uploads\/2025\/06\/Six-fonctionnalites-iOS-26-iOS-qui-me-passionnent-vraiment.jpg","datePublished":"2025-06-04T01:17:38+00:00","dateModified":"2025-06-04T01:17:38+00:00","breadcrumb":{"@id":"https:\/\/vieassociative.be\/actualites\/six-fonctionnalites-ios-26-ios-qui-me-passionnent-vraiment\/#breadcrumb"},"inLanguage":"fr-BE","potentialAction":[{"@type":"ReadAction","target":["https:\/\/vieassociative.be\/actualites\/six-fonctionnalites-ios-26-ios-qui-me-passionnent-vraiment\/"]}]},{"@type":"ImageObject","inLanguage":"fr-BE","@id":"https:\/\/vieassociative.be\/actualites\/six-fonctionnalites-ios-26-ios-qui-me-passionnent-vraiment\/#primaryimage","url":"https:\/\/vieassociative.be\/actualites\/wp-content\/uploads\/2025\/06\/Six-fonctionnalites-iOS-26-iOS-qui-me-passionnent-vraiment.jpg","contentUrl":"https:\/\/vieassociative.be\/actualites\/wp-content\/uploads\/2025\/06\/Six-fonctionnalites-iOS-26-iOS-qui-me-passionnent-vraiment.jpg","width":1200,"height":675,"caption":"Six fonctionnalit\u00e9s iOS 26 iOS qui me passionnent vraiment"},{"@type":"BreadcrumbList","@id":"https:\/\/vieassociative.be\/actualites\/six-fonctionnalites-ios-26-ios-qui-me-passionnent-vraiment\/#breadcrumb","itemListElement":[{"@type":"ListItem","position":1,"name":"Accueil","item":"https:\/\/vieassociative.be\/actualites\/"},{"@type":"ListItem","position":2,"name":"Six fonctionnalit\u00e9s iOS 26 iOS qui me passionnent vraiment"}]},{"@type":"WebSite","@id":"https:\/\/vieassociative.be\/actualites\/#website","url":"https:\/\/vieassociative.be\/actualites\/","name":"Vie Associative","description":"","publisher":{"@id":"https:\/\/vieassociative.be\/actualites\/#organization"},"potentialAction":[{"@type":"SearchAction","target":{"@type":"EntryPoint","urlTemplate":"https:\/\/vieassociative.be\/actualites\/?s={search_term_string}"},"query-input":{"@type":"PropertyValueSpecification","valueRequired":true,"valueName":"search_term_string"}}],"inLanguage":"fr-BE"},{"@type":"Organization","@id":"https:\/\/vieassociative.be\/actualites\/#organization","name":"Vie Associative","url":"https:\/\/vieassociative.be\/actualites\/","logo":{"@type":"ImageObject","inLanguage":"fr-BE","@id":"https:\/\/vieassociative.be\/actualites\/#\/schema\/logo\/image\/","url":"https:\/\/vieassociative.be\/actualites\/wp-content\/uploads\/2024\/09\/cropped-vieassociative_favicon.ico.png","contentUrl":"https:\/\/vieassociative.be\/actualites\/wp-content\/uploads\/2024\/09\/cropped-vieassociative_favicon.ico.png","width":512,"height":512,"caption":"Vie Associative"},"image":{"@id":"https:\/\/vieassociative.be\/actualites\/#\/schema\/logo\/image\/"}},{"@type":"Person","@id":"https:\/\/vieassociative.be\/actualites\/#\/schema\/person\/b87ac4f82f9d4e7b7cec7395b679edc4","name":"Julien","image":{"@type":"ImageObject","inLanguage":"fr-BE","@id":"https:\/\/vieassociative.be\/actualites\/#\/schema\/person\/image\/","url":"https:\/\/vieassociative.be\/actualites\/wp-content\/uploads\/2024\/09\/vie-associative-1-150x150.jpg","contentUrl":"https:\/\/vieassociative.be\/actualites\/wp-content\/uploads\/2024\/09\/vie-associative-1-150x150.jpg","caption":"Julien"},"description":"Je suis Julien, r\u00e9dacteur pour Vie Associative. Passionn\u00e9 par le monde associatif depuis plus de 10 ans, j'ai \u00e0 c\u0153ur de partager des histoires inspirantes et de mettre en lumi\u00e8re les initiatives locales. Mon objectif est de sensibiliser et d'encourager l'engagement communautaire \u00e0 travers mes articles.","sameAs":["https:\/\/vieassociative.be\/"]}]}},"_links":{"self":[{"href":"https:\/\/vieassociative.be\/actualites\/wp-json\/wp\/v2\/posts\/7966"}],"collection":[{"href":"https:\/\/vieassociative.be\/actualites\/wp-json\/wp\/v2\/posts"}],"about":[{"href":"https:\/\/vieassociative.be\/actualites\/wp-json\/wp\/v2\/types\/post"}],"author":[{"embeddable":true,"href":"https:\/\/vieassociative.be\/actualites\/wp-json\/wp\/v2\/users\/1"}],"replies":[{"embeddable":true,"href":"https:\/\/vieassociative.be\/actualites\/wp-json\/wp\/v2\/comments?post=7966"}],"version-history":[{"count":0,"href":"https:\/\/vieassociative.be\/actualites\/wp-json\/wp\/v2\/posts\/7966\/revisions"}],"wp:featuredmedia":[{"embeddable":true,"href":"https:\/\/vieassociative.be\/actualites\/wp-json\/wp\/v2\/media\/7967"}],"wp:attachment":[{"href":"https:\/\/vieassociative.be\/actualites\/wp-json\/wp\/v2\/media?parent=7966"}],"wp:term":[{"taxonomy":"category","embeddable":true,"href":"https:\/\/vieassociative.be\/actualites\/wp-json\/wp\/v2\/categories?post=7966"},{"taxonomy":"post_tag","embeddable":true,"href":"https:\/\/vieassociative.be\/actualites\/wp-json\/wp\/v2\/tags?post=7966"}],"curies":[{"name":"wp","href":"https:\/\/api.w.org\/{rel}","templated":true}]}}