{"id":7962,"date":"2025-06-04T01:17:40","date_gmt":"2025-06-03T23:17:40","guid":{"rendered":"https:\/\/vieassociative.be\/actualites\/mettre-a-jour-google-chrome-des-que-possible-pour-reparer-une-vulnerabilite-critique\/"},"modified":"2025-06-04T01:17:40","modified_gmt":"2025-06-03T23:17:40","slug":"mettre-a-jour-google-chrome-des-que-possible-pour-reparer-une-vulnerabilite-critique","status":"publish","type":"post","link":"https:\/\/vieassociative.be\/actualites\/mettre-a-jour-google-chrome-des-que-possible-pour-reparer-une-vulnerabilite-critique\/","title":{"rendered":"Mettre \u00e0 jour Google Chrome d\u00e8s que possible pour r\u00e9parer une vuln\u00e9rabilit\u00e9 critique"},"content":{"rendered":"<div class=\"mt-4 leading-6 md:mb-8\">Le correctif d&rsquo;urgence traite d&rsquo;une vuln\u00e9rabilit\u00e9 z\u00e9ro-jour activement exploit\u00e9e.<\/div>\n<p><\/p>\n<p>Si vous utilisez Google Chrome, vous devez mettre \u00e0 jour votre navigateur d\u00e8s maintenant. Google vient de publier un correctif d&rsquo;urgence pour trois vuln\u00e9rabilit\u00e9s de s\u00e9curit\u00e9, dont l&rsquo;une est un jour z\u00e9ro qui a \u00e9t\u00e9 activement exploit\u00e9. <\/p>\n<p>Les jours z\u00e9ro sont des d\u00e9fauts de haute s\u00e9v\u00e9rit\u00e9 qui sont activement exploit\u00e9s dans la nature ou divulgu\u00e9s publiquement avant que le d\u00e9veloppeur ne pousse une mise \u00e0 jour pour r\u00e9parer la vuln\u00e9rabilit\u00e9. <\/p>\n<h2 id=\"what-the-google-chrome-patch-fixes\">Ce que le patch Google Chrome corrige<\/h2>\n<p>Le dernier chrome z\u00e9ro-jour &#8211; CVE-2025-5419, \u00e9tiquet\u00e9 &#8211; est une vuln\u00e9rabilit\u00e9 de lecture et d&rsquo;\u00e9criture hors limites qui affecte le moteur JavaScript V8, qui permettrait \u00e0 un attaquant distant de \u00ab\u00a0exploiter la corruption du tas via une page HTML fabriqu\u00e9e\u00a0\u00bb. <\/p>\n<p>La faille a \u00e9t\u00e9 d\u00e9couverte et signal\u00e9e le 27 mai par Clement Lecigne et Beno\u00eet Sevens du Google Threat Analysis Group. Bien que Google ait reconnu que le jour z\u00e9ro a \u00e9t\u00e9 activement exploit\u00e9, il n&rsquo;a r\u00e9v\u00e9l\u00e9 aucun d\u00e9tail suppl\u00e9mentaire sur la fa\u00e7on ou par qui emp\u00eacher d&rsquo;autres mauvais acteurs de tirer parti du bogue jusqu&rsquo;\u00e0 ce que davantage d&rsquo;utilisateurs de Chrome aient appliqu\u00e9 le patch.<\/p>\n<p>Ce n&rsquo;est pas la premi\u00e8re vuln\u00e9rabilit\u00e9 z\u00e9ro jour affectant Chrome cette ann\u00e9e. Google a publi\u00e9 des correctifs d&rsquo;urgence suppl\u00e9mentaires en mars et mai: le premier d\u00e9faut a permis le d\u00e9ploiement de logiciels malveillants lors d&rsquo;attaques d&rsquo;espionnage, tandis que la deuxi\u00e8me prise de contr\u00f4le du compte autoris\u00e9. <\/p>\n<div class=\"pogoClear relative my-10 border-b-(1.5px) border-t-(1.5px) border-dashed border-black py-5 sm:my-14 sm:border-0 sm:py-0\" data-ga-click data-ga-template=\"News\" data-ga-module=\"openweb_widget\" data-ga-element=\"openweb_scroll\" data-ga-item=\"openweb_scroll_midpage\" x-data=\"{\n         commentsCount: null,\n         hasComments: false,\n         async fetchCommentsCount() {\n             try {\n                 if (window.openweb &amp;&amp; typeof window.openweb.getMessagesCount === 'function') {\n                     this.commentsCount = await window.openweb.getMessagesCount('01JWV64XEPSG61DFAGJ1F2MYB7');\n                     this.hasComments = this.commentsCount !== null &amp;&amp; this.commentsCount &gt; 0;\n                 }\n             } catch (e) {\n                 console.warn('Failed to fetch comment count:', e);\n             }\n         }\n     }\" x-init=\"fetchCommentsCount()\" x-cloak><\/p>\n<div class=\"absolute top-1\/2 hidden w-full -translate-y-1\/2 border-t-(1.5px) border-dashed border-black sm:block\"><\/div>\n<div class=\"relative flex justify-center\">\n<div class=\"flex max-w-fit items-center gap-x-3 bg-white px-5\">\n<div class=\"relative\">\n                <span class=\"absolute left-1\/2 top-1\/2 -translate-x-1\/2 -translate-y-1\/2 font-akshar text-sm font-medium text-black\" aria-live=\"polite\" x-show=\"hasComments\" x-text=\"commentsCount\"><\/span><\/p>\n<p>                <svg class=\"h-8 w-8 text-black\" role=\"img\" aria-hidden=\"true\">\n                    <use href=\"http:\/\/lifehacker.com\/images\/icons\/spritemap.svg#sprite-chat-bubble\"><\/use>\n                <\/svg>\n            <\/div>\n<p>            <span class=\"text-sm font-medium text-black\"><\/p>\n<p>                Que pensez-vous jusqu&rsquo;\u00e0 pr\u00e9sent?<br \/>\n                <button class=\"ml-1 font-semibold text-brand-green underline hover:text-brand-green-700\" type=\"button\" aria-label=\"Comment section trigger\" onclick=\"window.openweb.scrollToComments('01JWV64XEPSG61DFAGJ1F2MYB7')\" x-text=\"hasComments ? 'Post a comment.' : 'Be the first to post a comment.'\"><\/button><br \/>\n            <\/span>\n        <\/div>\n<\/p><\/div>\n<\/div>\n<h2 id=\"what-chrome-users-need-to-do\">Ce que les utilisateurs de Chrome doivent faire<\/h2>\n<p>Google a confirm\u00e9 qu&rsquo;il avait pouss\u00e9 une modification de configuration \u00e0 la version stable de Chrome pour aborder la vuln\u00e9rabilit\u00e9 le lendemain de sa d\u00e9couverte. Lundi, la soci\u00e9t\u00e9 a publi\u00e9 une mise \u00e0 jour de la cha\u00eene stable avec des correctifs pour le jour z\u00e9ro et deux probl\u00e8mes de s\u00e9curit\u00e9 suppl\u00e9mentaires. <\/p>\n<p>Les utilisateurs doivent s&rsquo;assurer qu&rsquo;ils sont sur Chrome version 137.0.7151.68\/.69 pour Windows et MacOS, et la version 137.0.7151.68 pour Linux. V\u00e9rifiez votre version en ouvrant le menu Chrome et en s\u00e9lectionnant <strong>\u00c0 propos de Google Chrome<\/strong>. Si une mise \u00e0 jour est disponible, permettez-lui de terminer et de relancer votre navigateur pour l&rsquo;installer. <\/p>\n","protected":false},"excerpt":{"rendered":"<p>Le correctif d&rsquo;urgence traite d&rsquo;une vuln\u00e9rabilit\u00e9 z\u00e9ro-jour activement exploit\u00e9e. Si vous utilisez Google Chrome, vous devez mettre \u00e0 jour votre navigateur d\u00e8s maintenant. Google vient<\/p>\n","protected":false},"author":1,"featured_media":7963,"comment_status":"","ping_status":"","sticky":false,"template":"","format":"standard","meta":{"footnotes":""},"categories":[13],"tags":[2499,3364,29,968,53,1182,81,541,110,6728],"class_list":["post-7962","post","type-post","status-publish","format-standard","has-post-thumbnail","hentry","category-technologie","tag-chrome","tag-critique","tag-des","tag-google","tag-jour","tag-mettre","tag-pour","tag-reparer","tag-une","tag-vulnerabilite","generate-columns","tablet-grid-50","mobile-grid-100","grid-parent","grid-33"],"yoast_head":"<!-- This site is optimized with the Yoast SEO plugin v24.0 - https:\/\/yoast.com\/wordpress\/plugins\/seo\/ -->\n<title>Mettre \u00e0 jour Google Chrome d\u00e8s que possible pour r\u00e9parer une vuln\u00e9rabilit\u00e9 critique | Vie Associative<\/title>\n<meta name=\"robots\" content=\"index, follow, max-snippet:-1, max-image-preview:large, max-video-preview:-1\" \/>\n<link rel=\"canonical\" href=\"https:\/\/vieassociative.be\/actualites\/mettre-a-jour-google-chrome-des-que-possible-pour-reparer-une-vulnerabilite-critique\/\" \/>\n<meta property=\"og:locale\" content=\"fr_FR\" \/>\n<meta property=\"og:type\" content=\"article\" \/>\n<meta property=\"og:title\" content=\"Mettre \u00e0 jour Google Chrome d\u00e8s que possible pour r\u00e9parer une vuln\u00e9rabilit\u00e9 critique | Vie Associative\" \/>\n<meta property=\"og:description\" content=\"Le correctif d&rsquo;urgence traite d&rsquo;une vuln\u00e9rabilit\u00e9 z\u00e9ro-jour activement exploit\u00e9e. Si vous utilisez Google Chrome, vous devez mettre \u00e0 jour votre navigateur d\u00e8s maintenant. Google vient\" \/>\n<meta property=\"og:url\" content=\"https:\/\/vieassociative.be\/actualites\/mettre-a-jour-google-chrome-des-que-possible-pour-reparer-une-vulnerabilite-critique\/\" \/>\n<meta property=\"og:site_name\" content=\"Vie Associative\" \/>\n<meta property=\"article:published_time\" content=\"2025-06-03T23:17:40+00:00\" \/>\n<meta property=\"og:image\" content=\"https:\/\/vieassociative.be\/actualites\/wp-content\/uploads\/2024\/09\/header_backgroundk-01-e1726694325946.png\" \/>\n\t<meta property=\"og:image:width\" content=\"279\" \/>\n\t<meta property=\"og:image:height\" content=\"92\" \/>\n\t<meta property=\"og:image:type\" content=\"image\/png\" \/>\n<meta name=\"author\" content=\"Julien\" \/>\n<meta name=\"twitter:card\" content=\"summary_large_image\" \/>\n<meta name=\"twitter:label1\" content=\"\u00c9crit par\" \/>\n\t<meta name=\"twitter:data1\" content=\"Julien\" \/>\n\t<meta name=\"twitter:label2\" content=\"Dur\u00e9e de lecture est.\" \/>\n\t<meta name=\"twitter:data2\" content=\"2 minutes\" \/>\n<script type=\"application\/ld+json\" class=\"yoast-schema-graph\">{\"@context\":\"https:\/\/schema.org\",\"@graph\":[{\"@type\":\"Article\",\"@id\":\"https:\/\/vieassociative.be\/actualites\/mettre-a-jour-google-chrome-des-que-possible-pour-reparer-une-vulnerabilite-critique\/#article\",\"isPartOf\":{\"@id\":\"https:\/\/vieassociative.be\/actualites\/mettre-a-jour-google-chrome-des-que-possible-pour-reparer-une-vulnerabilite-critique\/\"},\"author\":{\"name\":\"Julien\",\"@id\":\"https:\/\/vieassociative.be\/actualites\/#\/schema\/person\/b87ac4f82f9d4e7b7cec7395b679edc4\"},\"headline\":\"Mettre \u00e0 jour Google Chrome d\u00e8s que possible pour r\u00e9parer une vuln\u00e9rabilit\u00e9 critique\",\"datePublished\":\"2025-06-03T23:17:40+00:00\",\"dateModified\":\"2025-06-03T23:17:40+00:00\",\"mainEntityOfPage\":{\"@id\":\"https:\/\/vieassociative.be\/actualites\/mettre-a-jour-google-chrome-des-que-possible-pour-reparer-une-vulnerabilite-critique\/\"},\"wordCount\":426,\"publisher\":{\"@id\":\"https:\/\/vieassociative.be\/actualites\/#organization\"},\"image\":{\"@id\":\"https:\/\/vieassociative.be\/actualites\/mettre-a-jour-google-chrome-des-que-possible-pour-reparer-une-vulnerabilite-critique\/#primaryimage\"},\"thumbnailUrl\":\"https:\/\/vieassociative.be\/actualites\/wp-content\/uploads\/2025\/06\/Mettre-a-jour-Google-Chrome-des-que-possible-pour-reparer.png\",\"keywords\":[\"Chrome\",\"critique\",\"Des\",\"Google\",\"jour\",\"mettre\",\"pour\",\"r\u00e9parer\",\"une\",\"vuln\u00e9rabilit\u00e9\"],\"articleSection\":[\"Technologie\"],\"inLanguage\":\"fr-BE\"},{\"@type\":\"WebPage\",\"@id\":\"https:\/\/vieassociative.be\/actualites\/mettre-a-jour-google-chrome-des-que-possible-pour-reparer-une-vulnerabilite-critique\/\",\"url\":\"https:\/\/vieassociative.be\/actualites\/mettre-a-jour-google-chrome-des-que-possible-pour-reparer-une-vulnerabilite-critique\/\",\"name\":\"Mettre \u00e0 jour Google Chrome d\u00e8s que possible pour r\u00e9parer une vuln\u00e9rabilit\u00e9 critique | Vie Associative\",\"isPartOf\":{\"@id\":\"https:\/\/vieassociative.be\/actualites\/#website\"},\"primaryImageOfPage\":{\"@id\":\"https:\/\/vieassociative.be\/actualites\/mettre-a-jour-google-chrome-des-que-possible-pour-reparer-une-vulnerabilite-critique\/#primaryimage\"},\"image\":{\"@id\":\"https:\/\/vieassociative.be\/actualites\/mettre-a-jour-google-chrome-des-que-possible-pour-reparer-une-vulnerabilite-critique\/#primaryimage\"},\"thumbnailUrl\":\"https:\/\/vieassociative.be\/actualites\/wp-content\/uploads\/2025\/06\/Mettre-a-jour-Google-Chrome-des-que-possible-pour-reparer.png\",\"datePublished\":\"2025-06-03T23:17:40+00:00\",\"dateModified\":\"2025-06-03T23:17:40+00:00\",\"breadcrumb\":{\"@id\":\"https:\/\/vieassociative.be\/actualites\/mettre-a-jour-google-chrome-des-que-possible-pour-reparer-une-vulnerabilite-critique\/#breadcrumb\"},\"inLanguage\":\"fr-BE\",\"potentialAction\":[{\"@type\":\"ReadAction\",\"target\":[\"https:\/\/vieassociative.be\/actualites\/mettre-a-jour-google-chrome-des-que-possible-pour-reparer-une-vulnerabilite-critique\/\"]}]},{\"@type\":\"ImageObject\",\"inLanguage\":\"fr-BE\",\"@id\":\"https:\/\/vieassociative.be\/actualites\/mettre-a-jour-google-chrome-des-que-possible-pour-reparer-une-vulnerabilite-critique\/#primaryimage\",\"url\":\"https:\/\/vieassociative.be\/actualites\/wp-content\/uploads\/2025\/06\/Mettre-a-jour-Google-Chrome-des-que-possible-pour-reparer.png\",\"contentUrl\":\"https:\/\/vieassociative.be\/actualites\/wp-content\/uploads\/2025\/06\/Mettre-a-jour-Google-Chrome-des-que-possible-pour-reparer.png\",\"width\":1200,\"height\":675,\"caption\":\"Mettre \u00e0 jour Google Chrome d\u00e8s que possible pour r\u00e9parer une vuln\u00e9rabilit\u00e9 critique\"},{\"@type\":\"BreadcrumbList\",\"@id\":\"https:\/\/vieassociative.be\/actualites\/mettre-a-jour-google-chrome-des-que-possible-pour-reparer-une-vulnerabilite-critique\/#breadcrumb\",\"itemListElement\":[{\"@type\":\"ListItem\",\"position\":1,\"name\":\"Accueil\",\"item\":\"https:\/\/vieassociative.be\/actualites\/\"},{\"@type\":\"ListItem\",\"position\":2,\"name\":\"Mettre \u00e0 jour Google Chrome d\u00e8s que possible pour r\u00e9parer une vuln\u00e9rabilit\u00e9 critique\"}]},{\"@type\":\"WebSite\",\"@id\":\"https:\/\/vieassociative.be\/actualites\/#website\",\"url\":\"https:\/\/vieassociative.be\/actualites\/\",\"name\":\"Vie Associative\",\"description\":\"\",\"publisher\":{\"@id\":\"https:\/\/vieassociative.be\/actualites\/#organization\"},\"potentialAction\":[{\"@type\":\"SearchAction\",\"target\":{\"@type\":\"EntryPoint\",\"urlTemplate\":\"https:\/\/vieassociative.be\/actualites\/?s={search_term_string}\"},\"query-input\":{\"@type\":\"PropertyValueSpecification\",\"valueRequired\":true,\"valueName\":\"search_term_string\"}}],\"inLanguage\":\"fr-BE\"},{\"@type\":\"Organization\",\"@id\":\"https:\/\/vieassociative.be\/actualites\/#organization\",\"name\":\"Vie Associative\",\"url\":\"https:\/\/vieassociative.be\/actualites\/\",\"logo\":{\"@type\":\"ImageObject\",\"inLanguage\":\"fr-BE\",\"@id\":\"https:\/\/vieassociative.be\/actualites\/#\/schema\/logo\/image\/\",\"url\":\"https:\/\/vieassociative.be\/actualites\/wp-content\/uploads\/2024\/09\/cropped-vieassociative_favicon.ico.png\",\"contentUrl\":\"https:\/\/vieassociative.be\/actualites\/wp-content\/uploads\/2024\/09\/cropped-vieassociative_favicon.ico.png\",\"width\":512,\"height\":512,\"caption\":\"Vie Associative\"},\"image\":{\"@id\":\"https:\/\/vieassociative.be\/actualites\/#\/schema\/logo\/image\/\"}},{\"@type\":\"Person\",\"@id\":\"https:\/\/vieassociative.be\/actualites\/#\/schema\/person\/b87ac4f82f9d4e7b7cec7395b679edc4\",\"name\":\"Julien\",\"image\":{\"@type\":\"ImageObject\",\"inLanguage\":\"fr-BE\",\"@id\":\"https:\/\/vieassociative.be\/actualites\/#\/schema\/person\/image\/\",\"url\":\"https:\/\/vieassociative.be\/actualites\/wp-content\/uploads\/2024\/09\/vie-associative-1-150x150.jpg\",\"contentUrl\":\"https:\/\/vieassociative.be\/actualites\/wp-content\/uploads\/2024\/09\/vie-associative-1-150x150.jpg\",\"caption\":\"Julien\"},\"description\":\"Je suis Julien, r\u00e9dacteur pour Vie Associative. Passionn\u00e9 par le monde associatif depuis plus de 10 ans, j'ai \u00e0 c\u0153ur de partager des histoires inspirantes et de mettre en lumi\u00e8re les initiatives locales. Mon objectif est de sensibiliser et d'encourager l'engagement communautaire \u00e0 travers mes articles.\",\"sameAs\":[\"https:\/\/vieassociative.be\/\"]}]}<\/script>\n<!-- \/ Yoast SEO plugin. -->","yoast_head_json":{"title":"Mettre \u00e0 jour Google Chrome d\u00e8s que possible pour r\u00e9parer une vuln\u00e9rabilit\u00e9 critique | Vie Associative","robots":{"index":"index","follow":"follow","max-snippet":"max-snippet:-1","max-image-preview":"max-image-preview:large","max-video-preview":"max-video-preview:-1"},"canonical":"https:\/\/vieassociative.be\/actualites\/mettre-a-jour-google-chrome-des-que-possible-pour-reparer-une-vulnerabilite-critique\/","og_locale":"fr_FR","og_type":"article","og_title":"Mettre \u00e0 jour Google Chrome d\u00e8s que possible pour r\u00e9parer une vuln\u00e9rabilit\u00e9 critique | Vie Associative","og_description":"Le correctif d&rsquo;urgence traite d&rsquo;une vuln\u00e9rabilit\u00e9 z\u00e9ro-jour activement exploit\u00e9e. Si vous utilisez Google Chrome, vous devez mettre \u00e0 jour votre navigateur d\u00e8s maintenant. Google vient","og_url":"https:\/\/vieassociative.be\/actualites\/mettre-a-jour-google-chrome-des-que-possible-pour-reparer-une-vulnerabilite-critique\/","og_site_name":"Vie Associative","article_published_time":"2025-06-03T23:17:40+00:00","og_image":[{"width":279,"height":92,"url":"https:\/\/vieassociative.be\/actualites\/wp-content\/uploads\/2024\/09\/header_backgroundk-01-e1726694325946.png","type":"image\/png"}],"author":"Julien","twitter_card":"summary_large_image","twitter_misc":{"\u00c9crit par":"Julien","Dur\u00e9e de lecture est.":"2 minutes"},"schema":{"@context":"https:\/\/schema.org","@graph":[{"@type":"Article","@id":"https:\/\/vieassociative.be\/actualites\/mettre-a-jour-google-chrome-des-que-possible-pour-reparer-une-vulnerabilite-critique\/#article","isPartOf":{"@id":"https:\/\/vieassociative.be\/actualites\/mettre-a-jour-google-chrome-des-que-possible-pour-reparer-une-vulnerabilite-critique\/"},"author":{"name":"Julien","@id":"https:\/\/vieassociative.be\/actualites\/#\/schema\/person\/b87ac4f82f9d4e7b7cec7395b679edc4"},"headline":"Mettre \u00e0 jour Google Chrome d\u00e8s que possible pour r\u00e9parer une vuln\u00e9rabilit\u00e9 critique","datePublished":"2025-06-03T23:17:40+00:00","dateModified":"2025-06-03T23:17:40+00:00","mainEntityOfPage":{"@id":"https:\/\/vieassociative.be\/actualites\/mettre-a-jour-google-chrome-des-que-possible-pour-reparer-une-vulnerabilite-critique\/"},"wordCount":426,"publisher":{"@id":"https:\/\/vieassociative.be\/actualites\/#organization"},"image":{"@id":"https:\/\/vieassociative.be\/actualites\/mettre-a-jour-google-chrome-des-que-possible-pour-reparer-une-vulnerabilite-critique\/#primaryimage"},"thumbnailUrl":"https:\/\/vieassociative.be\/actualites\/wp-content\/uploads\/2025\/06\/Mettre-a-jour-Google-Chrome-des-que-possible-pour-reparer.png","keywords":["Chrome","critique","Des","Google","jour","mettre","pour","r\u00e9parer","une","vuln\u00e9rabilit\u00e9"],"articleSection":["Technologie"],"inLanguage":"fr-BE"},{"@type":"WebPage","@id":"https:\/\/vieassociative.be\/actualites\/mettre-a-jour-google-chrome-des-que-possible-pour-reparer-une-vulnerabilite-critique\/","url":"https:\/\/vieassociative.be\/actualites\/mettre-a-jour-google-chrome-des-que-possible-pour-reparer-une-vulnerabilite-critique\/","name":"Mettre \u00e0 jour Google Chrome d\u00e8s que possible pour r\u00e9parer une vuln\u00e9rabilit\u00e9 critique | Vie Associative","isPartOf":{"@id":"https:\/\/vieassociative.be\/actualites\/#website"},"primaryImageOfPage":{"@id":"https:\/\/vieassociative.be\/actualites\/mettre-a-jour-google-chrome-des-que-possible-pour-reparer-une-vulnerabilite-critique\/#primaryimage"},"image":{"@id":"https:\/\/vieassociative.be\/actualites\/mettre-a-jour-google-chrome-des-que-possible-pour-reparer-une-vulnerabilite-critique\/#primaryimage"},"thumbnailUrl":"https:\/\/vieassociative.be\/actualites\/wp-content\/uploads\/2025\/06\/Mettre-a-jour-Google-Chrome-des-que-possible-pour-reparer.png","datePublished":"2025-06-03T23:17:40+00:00","dateModified":"2025-06-03T23:17:40+00:00","breadcrumb":{"@id":"https:\/\/vieassociative.be\/actualites\/mettre-a-jour-google-chrome-des-que-possible-pour-reparer-une-vulnerabilite-critique\/#breadcrumb"},"inLanguage":"fr-BE","potentialAction":[{"@type":"ReadAction","target":["https:\/\/vieassociative.be\/actualites\/mettre-a-jour-google-chrome-des-que-possible-pour-reparer-une-vulnerabilite-critique\/"]}]},{"@type":"ImageObject","inLanguage":"fr-BE","@id":"https:\/\/vieassociative.be\/actualites\/mettre-a-jour-google-chrome-des-que-possible-pour-reparer-une-vulnerabilite-critique\/#primaryimage","url":"https:\/\/vieassociative.be\/actualites\/wp-content\/uploads\/2025\/06\/Mettre-a-jour-Google-Chrome-des-que-possible-pour-reparer.png","contentUrl":"https:\/\/vieassociative.be\/actualites\/wp-content\/uploads\/2025\/06\/Mettre-a-jour-Google-Chrome-des-que-possible-pour-reparer.png","width":1200,"height":675,"caption":"Mettre \u00e0 jour Google Chrome d\u00e8s que possible pour r\u00e9parer une vuln\u00e9rabilit\u00e9 critique"},{"@type":"BreadcrumbList","@id":"https:\/\/vieassociative.be\/actualites\/mettre-a-jour-google-chrome-des-que-possible-pour-reparer-une-vulnerabilite-critique\/#breadcrumb","itemListElement":[{"@type":"ListItem","position":1,"name":"Accueil","item":"https:\/\/vieassociative.be\/actualites\/"},{"@type":"ListItem","position":2,"name":"Mettre \u00e0 jour Google Chrome d\u00e8s que possible pour r\u00e9parer une vuln\u00e9rabilit\u00e9 critique"}]},{"@type":"WebSite","@id":"https:\/\/vieassociative.be\/actualites\/#website","url":"https:\/\/vieassociative.be\/actualites\/","name":"Vie Associative","description":"","publisher":{"@id":"https:\/\/vieassociative.be\/actualites\/#organization"},"potentialAction":[{"@type":"SearchAction","target":{"@type":"EntryPoint","urlTemplate":"https:\/\/vieassociative.be\/actualites\/?s={search_term_string}"},"query-input":{"@type":"PropertyValueSpecification","valueRequired":true,"valueName":"search_term_string"}}],"inLanguage":"fr-BE"},{"@type":"Organization","@id":"https:\/\/vieassociative.be\/actualites\/#organization","name":"Vie Associative","url":"https:\/\/vieassociative.be\/actualites\/","logo":{"@type":"ImageObject","inLanguage":"fr-BE","@id":"https:\/\/vieassociative.be\/actualites\/#\/schema\/logo\/image\/","url":"https:\/\/vieassociative.be\/actualites\/wp-content\/uploads\/2024\/09\/cropped-vieassociative_favicon.ico.png","contentUrl":"https:\/\/vieassociative.be\/actualites\/wp-content\/uploads\/2024\/09\/cropped-vieassociative_favicon.ico.png","width":512,"height":512,"caption":"Vie Associative"},"image":{"@id":"https:\/\/vieassociative.be\/actualites\/#\/schema\/logo\/image\/"}},{"@type":"Person","@id":"https:\/\/vieassociative.be\/actualites\/#\/schema\/person\/b87ac4f82f9d4e7b7cec7395b679edc4","name":"Julien","image":{"@type":"ImageObject","inLanguage":"fr-BE","@id":"https:\/\/vieassociative.be\/actualites\/#\/schema\/person\/image\/","url":"https:\/\/vieassociative.be\/actualites\/wp-content\/uploads\/2024\/09\/vie-associative-1-150x150.jpg","contentUrl":"https:\/\/vieassociative.be\/actualites\/wp-content\/uploads\/2024\/09\/vie-associative-1-150x150.jpg","caption":"Julien"},"description":"Je suis Julien, r\u00e9dacteur pour Vie Associative. Passionn\u00e9 par le monde associatif depuis plus de 10 ans, j'ai \u00e0 c\u0153ur de partager des histoires inspirantes et de mettre en lumi\u00e8re les initiatives locales. Mon objectif est de sensibiliser et d'encourager l'engagement communautaire \u00e0 travers mes articles.","sameAs":["https:\/\/vieassociative.be\/"]}]}},"_links":{"self":[{"href":"https:\/\/vieassociative.be\/actualites\/wp-json\/wp\/v2\/posts\/7962"}],"collection":[{"href":"https:\/\/vieassociative.be\/actualites\/wp-json\/wp\/v2\/posts"}],"about":[{"href":"https:\/\/vieassociative.be\/actualites\/wp-json\/wp\/v2\/types\/post"}],"author":[{"embeddable":true,"href":"https:\/\/vieassociative.be\/actualites\/wp-json\/wp\/v2\/users\/1"}],"replies":[{"embeddable":true,"href":"https:\/\/vieassociative.be\/actualites\/wp-json\/wp\/v2\/comments?post=7962"}],"version-history":[{"count":0,"href":"https:\/\/vieassociative.be\/actualites\/wp-json\/wp\/v2\/posts\/7962\/revisions"}],"wp:featuredmedia":[{"embeddable":true,"href":"https:\/\/vieassociative.be\/actualites\/wp-json\/wp\/v2\/media\/7963"}],"wp:attachment":[{"href":"https:\/\/vieassociative.be\/actualites\/wp-json\/wp\/v2\/media?parent=7962"}],"wp:term":[{"taxonomy":"category","embeddable":true,"href":"https:\/\/vieassociative.be\/actualites\/wp-json\/wp\/v2\/categories?post=7962"},{"taxonomy":"post_tag","embeddable":true,"href":"https:\/\/vieassociative.be\/actualites\/wp-json\/wp\/v2\/tags?post=7962"}],"curies":[{"name":"wp","href":"https:\/\/api.w.org\/{rel}","templated":true}]}}