{"id":7959,"date":"2025-06-03T22:18:20","date_gmt":"2025-06-03T20:18:20","guid":{"rendered":"https:\/\/vieassociative.be\/actualites\/lenfant-de-11-ans-sur-e-scooter-est-enregistre-a-bruxelles-apres-la-poursuite-de-la-voiture-de-police-et-decede\/"},"modified":"2025-06-03T22:18:20","modified_gmt":"2025-06-03T20:18:20","slug":"lenfant-de-11-ans-sur-e-scooter-est-enregistre-a-bruxelles-apres-la-poursuite-de-la-voiture-de-police-et-decede","status":"publish","type":"post","link":"https:\/\/vieassociative.be\/actualites\/lenfant-de-11-ans-sur-e-scooter-est-enregistre-a-bruxelles-apres-la-poursuite-de-la-voiture-de-police-et-decede\/","title":{"rendered":"L&rsquo;enfant de 11 ans sur E-Scooter est enregistr\u00e9 \u00e0 Bruxelles apr\u00e8s la poursuite de la voiture de police et d\u00e9c\u00e8de"},"content":{"rendered":"<p><strong>Chagrin et col\u00e8re dans la communaut\u00e9 de Bruxelles de Ganshor: un enfant de 11 ans traverse la capitale avec un scooter \u00e9lectrique. Lorsque les policiers veulent le contr\u00f4ler, les \u00e9v\u00e9nements se retournent.<\/strong><\/p>\n<p><span id=\"more-416997\"><\/span>Un jeune de 12 ans avec un scooter est d\u00e9c\u00e9d\u00e9 apr\u00e8s une poursuite avec la police \u00e0 Bruxelles. Le procureur a d\u00e9clar\u00e9 que l&rsquo;enfant voulait fuir lors d&rsquo;un ch\u00e8que. La police a ensuite pris la pers\u00e9cution avec leurs voitures.<\/p>\n<p>Selon l&rsquo;agence de presse Belga, l&rsquo;enfant a \u00e9t\u00e9 heurt\u00e9 par la voiture de police dans un parc \u00e0 Ganshoren et gravement bless\u00e9. Les secouristes avaient initialement raviv\u00e9 le gar\u00e7on et les avaient emmen\u00e9s \u00e0 l&rsquo;h\u00f4pital. Il y est d\u00e9c\u00e9d\u00e9 plus tard.<\/p>\n<\/p>\n<div id=\"attachment_417004\" class=\"wp-caption alignleft\" style=\"max-width: 300px\"><img decoding=\"async\" class=\"wp-image-417004 size-medium\" src=\"https:\/\/vieassociative.be\/actualites\/wp-content\/uploads\/2025\/06\/Lenfant-de-11-ans-sur-E-Scooter-est-enregistre-a-Bruxelles.jpg\" alt=\"\" width=\"300\" height=\"138\"><\/p>\n<p class=\"wp-caption-text\">Cette photo montre un signe avec l&rsquo;inscription \u00ab\u00a0Fabian, 11 ans, tu\u00e9 par la police\u00a0\u00bb pendant une minute de silence pour Fabian, 11 ans. Photo: Belga<\/p>\n<\/div>\n<p>Selon le procureur public, la fa\u00e7on dont l&rsquo;accident s&rsquo;est produit n&rsquo;est pas encore claire. L&rsquo;enqu\u00eate est en cours. Une unit\u00e9 sp\u00e9ciale de la police examinera \u00e9galement l&rsquo;incident. La police n&rsquo;a pas comment\u00e9 l&rsquo;accident et a fait r\u00e9f\u00e9rence au procureur responsable. <\/p>\n<p>Mardi soir, les citoyens se sont rassembl\u00e9s dans le parc dans lequel Fabian \u00e9tait la mort pendant une minute. \u00ab\u00a0Cette affaire doit \u00eatre trait\u00e9e avec la stricte offerte. La r\u00e9action de la police a \u00e9t\u00e9 disproportionn\u00e9e. Pourquoi devriez-vous poursuivre un enfant sur un scooter?\u00a0\u00bb Dit un participant (DPA \/ CR)<\/p>\n","protected":false},"excerpt":{"rendered":"<p>Chagrin et col\u00e8re dans la communaut\u00e9 de Bruxelles de Ganshor: un enfant de 11 ans traverse la capitale avec un scooter \u00e9lectrique. Lorsque les policiers<\/p>\n","protected":false},"author":1,"featured_media":7960,"comment_status":"","ping_status":"","sticky":false,"template":"","format":"standard","meta":{"footnotes":""},"categories":[298],"tags":[584,472,455,1223,1563,5022,76,1288,2741,7284,33,1229],"class_list":["post-7959","post","type-post","status-publish","format-standard","has-post-thumbnail","hentry","category-belgique","tag-ans","tag-apres","tag-bruxelles","tag-decede","tag-enregistre","tag-escooter","tag-est","tag-lenfant","tag-police","tag-poursuite","tag-sur","tag-voiture","generate-columns","tablet-grid-50","mobile-grid-100","grid-parent","grid-33"],"yoast_head":"<!-- This site is optimized with the Yoast SEO plugin v24.0 - https:\/\/yoast.com\/wordpress\/plugins\/seo\/ -->\n<title>L&#039;enfant de 11 ans sur E-Scooter est enregistr\u00e9 \u00e0 Bruxelles apr\u00e8s la poursuite de la voiture de police et d\u00e9c\u00e8de | Vie Associative<\/title>\n<meta name=\"robots\" content=\"index, follow, max-snippet:-1, max-image-preview:large, max-video-preview:-1\" \/>\n<link rel=\"canonical\" href=\"https:\/\/vieassociative.be\/actualites\/lenfant-de-11-ans-sur-e-scooter-est-enregistre-a-bruxelles-apres-la-poursuite-de-la-voiture-de-police-et-decede\/\" \/>\n<meta property=\"og:locale\" content=\"fr_FR\" \/>\n<meta property=\"og:type\" content=\"article\" \/>\n<meta property=\"og:title\" content=\"L&#039;enfant de 11 ans sur E-Scooter est enregistr\u00e9 \u00e0 Bruxelles apr\u00e8s la poursuite de la voiture de police et d\u00e9c\u00e8de | Vie Associative\" \/>\n<meta property=\"og:description\" content=\"Chagrin et col\u00e8re dans la communaut\u00e9 de Bruxelles de Ganshor: un enfant de 11 ans traverse la capitale avec un scooter \u00e9lectrique. Lorsque les policiers\" \/>\n<meta property=\"og:url\" content=\"https:\/\/vieassociative.be\/actualites\/lenfant-de-11-ans-sur-e-scooter-est-enregistre-a-bruxelles-apres-la-poursuite-de-la-voiture-de-police-et-decede\/\" \/>\n<meta property=\"og:site_name\" content=\"Vie Associative\" \/>\n<meta property=\"article:published_time\" content=\"2025-06-03T20:18:20+00:00\" \/>\n<meta property=\"og:image\" content=\"https:\/\/vieassociative.be\/actualites\/wp-content\/uploads\/2024\/09\/header_backgroundk-01-e1726694325946.png\" \/>\n\t<meta property=\"og:image:width\" content=\"279\" \/>\n\t<meta property=\"og:image:height\" content=\"92\" \/>\n\t<meta property=\"og:image:type\" content=\"image\/png\" \/>\n<meta name=\"author\" content=\"Julien\" \/>\n<meta name=\"twitter:card\" content=\"summary_large_image\" \/>\n<meta name=\"twitter:label1\" content=\"\u00c9crit par\" \/>\n\t<meta name=\"twitter:data1\" content=\"Julien\" \/>\n\t<meta name=\"twitter:label2\" content=\"Dur\u00e9e de lecture est.\" \/>\n\t<meta name=\"twitter:data2\" content=\"1 minute\" \/>\n<script type=\"application\/ld+json\" class=\"yoast-schema-graph\">{\"@context\":\"https:\/\/schema.org\",\"@graph\":[{\"@type\":\"Article\",\"@id\":\"https:\/\/vieassociative.be\/actualites\/lenfant-de-11-ans-sur-e-scooter-est-enregistre-a-bruxelles-apres-la-poursuite-de-la-voiture-de-police-et-decede\/#article\",\"isPartOf\":{\"@id\":\"https:\/\/vieassociative.be\/actualites\/lenfant-de-11-ans-sur-e-scooter-est-enregistre-a-bruxelles-apres-la-poursuite-de-la-voiture-de-police-et-decede\/\"},\"author\":{\"name\":\"Julien\",\"@id\":\"https:\/\/vieassociative.be\/actualites\/#\/schema\/person\/b87ac4f82f9d4e7b7cec7395b679edc4\"},\"headline\":\"L&rsquo;enfant de 11 ans sur E-Scooter est enregistr\u00e9 \u00e0 Bruxelles apr\u00e8s la poursuite de la voiture de police et d\u00e9c\u00e8de\",\"datePublished\":\"2025-06-03T20:18:20+00:00\",\"dateModified\":\"2025-06-03T20:18:20+00:00\",\"mainEntityOfPage\":{\"@id\":\"https:\/\/vieassociative.be\/actualites\/lenfant-de-11-ans-sur-e-scooter-est-enregistre-a-bruxelles-apres-la-poursuite-de-la-voiture-de-police-et-decede\/\"},\"wordCount\":277,\"publisher\":{\"@id\":\"https:\/\/vieassociative.be\/actualites\/#organization\"},\"image\":{\"@id\":\"https:\/\/vieassociative.be\/actualites\/lenfant-de-11-ans-sur-e-scooter-est-enregistre-a-bruxelles-apres-la-poursuite-de-la-voiture-de-police-et-decede\/#primaryimage\"},\"thumbnailUrl\":\"https:\/\/vieassociative.be\/actualites\/wp-content\/uploads\/2025\/06\/1748981901_Lenfant-de-11-ans-sur-E-Scooter-est-enregistre-a-Bruxelles.jpg\",\"keywords\":[\"ans\",\"Apr\u00e8s\",\"Bruxelles\",\"d\u00e9c\u00e9d\u00e9\",\"enregistr\u00e9\",\"EScooter\",\"est\",\"lenfant\",\"police\",\"poursuite\",\"sur\",\"voiture\"],\"articleSection\":[\"Belgique\"],\"inLanguage\":\"fr-BE\"},{\"@type\":\"WebPage\",\"@id\":\"https:\/\/vieassociative.be\/actualites\/lenfant-de-11-ans-sur-e-scooter-est-enregistre-a-bruxelles-apres-la-poursuite-de-la-voiture-de-police-et-decede\/\",\"url\":\"https:\/\/vieassociative.be\/actualites\/lenfant-de-11-ans-sur-e-scooter-est-enregistre-a-bruxelles-apres-la-poursuite-de-la-voiture-de-police-et-decede\/\",\"name\":\"L'enfant de 11 ans sur E-Scooter est enregistr\u00e9 \u00e0 Bruxelles apr\u00e8s la poursuite de la voiture de police et d\u00e9c\u00e8de | Vie Associative\",\"isPartOf\":{\"@id\":\"https:\/\/vieassociative.be\/actualites\/#website\"},\"primaryImageOfPage\":{\"@id\":\"https:\/\/vieassociative.be\/actualites\/lenfant-de-11-ans-sur-e-scooter-est-enregistre-a-bruxelles-apres-la-poursuite-de-la-voiture-de-police-et-decede\/#primaryimage\"},\"image\":{\"@id\":\"https:\/\/vieassociative.be\/actualites\/lenfant-de-11-ans-sur-e-scooter-est-enregistre-a-bruxelles-apres-la-poursuite-de-la-voiture-de-police-et-decede\/#primaryimage\"},\"thumbnailUrl\":\"https:\/\/vieassociative.be\/actualites\/wp-content\/uploads\/2025\/06\/1748981901_Lenfant-de-11-ans-sur-E-Scooter-est-enregistre-a-Bruxelles.jpg\",\"datePublished\":\"2025-06-03T20:18:20+00:00\",\"dateModified\":\"2025-06-03T20:18:20+00:00\",\"breadcrumb\":{\"@id\":\"https:\/\/vieassociative.be\/actualites\/lenfant-de-11-ans-sur-e-scooter-est-enregistre-a-bruxelles-apres-la-poursuite-de-la-voiture-de-police-et-decede\/#breadcrumb\"},\"inLanguage\":\"fr-BE\",\"potentialAction\":[{\"@type\":\"ReadAction\",\"target\":[\"https:\/\/vieassociative.be\/actualites\/lenfant-de-11-ans-sur-e-scooter-est-enregistre-a-bruxelles-apres-la-poursuite-de-la-voiture-de-police-et-decede\/\"]}]},{\"@type\":\"ImageObject\",\"inLanguage\":\"fr-BE\",\"@id\":\"https:\/\/vieassociative.be\/actualites\/lenfant-de-11-ans-sur-e-scooter-est-enregistre-a-bruxelles-apres-la-poursuite-de-la-voiture-de-police-et-decede\/#primaryimage\",\"url\":\"https:\/\/vieassociative.be\/actualites\/wp-content\/uploads\/2025\/06\/1748981901_Lenfant-de-11-ans-sur-E-Scooter-est-enregistre-a-Bruxelles.jpg\",\"contentUrl\":\"https:\/\/vieassociative.be\/actualites\/wp-content\/uploads\/2025\/06\/1748981901_Lenfant-de-11-ans-sur-E-Scooter-est-enregistre-a-Bruxelles.jpg\",\"width\":1200,\"height\":800,\"caption\":\"L'enfant de 11 ans sur E-Scooter est enregistr\u00e9 \u00e0 Bruxelles apr\u00e8s la poursuite de la voiture de police et d\u00e9c\u00e8de\"},{\"@type\":\"BreadcrumbList\",\"@id\":\"https:\/\/vieassociative.be\/actualites\/lenfant-de-11-ans-sur-e-scooter-est-enregistre-a-bruxelles-apres-la-poursuite-de-la-voiture-de-police-et-decede\/#breadcrumb\",\"itemListElement\":[{\"@type\":\"ListItem\",\"position\":1,\"name\":\"Accueil\",\"item\":\"https:\/\/vieassociative.be\/actualites\/\"},{\"@type\":\"ListItem\",\"position\":2,\"name\":\"L&rsquo;enfant de 11 ans sur E-Scooter est enregistr\u00e9 \u00e0 Bruxelles apr\u00e8s la poursuite de la voiture de police et d\u00e9c\u00e8de\"}]},{\"@type\":\"WebSite\",\"@id\":\"https:\/\/vieassociative.be\/actualites\/#website\",\"url\":\"https:\/\/vieassociative.be\/actualites\/\",\"name\":\"Vie Associative\",\"description\":\"\",\"publisher\":{\"@id\":\"https:\/\/vieassociative.be\/actualites\/#organization\"},\"potentialAction\":[{\"@type\":\"SearchAction\",\"target\":{\"@type\":\"EntryPoint\",\"urlTemplate\":\"https:\/\/vieassociative.be\/actualites\/?s={search_term_string}\"},\"query-input\":{\"@type\":\"PropertyValueSpecification\",\"valueRequired\":true,\"valueName\":\"search_term_string\"}}],\"inLanguage\":\"fr-BE\"},{\"@type\":\"Organization\",\"@id\":\"https:\/\/vieassociative.be\/actualites\/#organization\",\"name\":\"Vie Associative\",\"url\":\"https:\/\/vieassociative.be\/actualites\/\",\"logo\":{\"@type\":\"ImageObject\",\"inLanguage\":\"fr-BE\",\"@id\":\"https:\/\/vieassociative.be\/actualites\/#\/schema\/logo\/image\/\",\"url\":\"https:\/\/vieassociative.be\/actualites\/wp-content\/uploads\/2024\/09\/cropped-vieassociative_favicon.ico.png\",\"contentUrl\":\"https:\/\/vieassociative.be\/actualites\/wp-content\/uploads\/2024\/09\/cropped-vieassociative_favicon.ico.png\",\"width\":512,\"height\":512,\"caption\":\"Vie Associative\"},\"image\":{\"@id\":\"https:\/\/vieassociative.be\/actualites\/#\/schema\/logo\/image\/\"}},{\"@type\":\"Person\",\"@id\":\"https:\/\/vieassociative.be\/actualites\/#\/schema\/person\/b87ac4f82f9d4e7b7cec7395b679edc4\",\"name\":\"Julien\",\"image\":{\"@type\":\"ImageObject\",\"inLanguage\":\"fr-BE\",\"@id\":\"https:\/\/vieassociative.be\/actualites\/#\/schema\/person\/image\/\",\"url\":\"https:\/\/vieassociative.be\/actualites\/wp-content\/uploads\/2024\/09\/vie-associative-1-150x150.jpg\",\"contentUrl\":\"https:\/\/vieassociative.be\/actualites\/wp-content\/uploads\/2024\/09\/vie-associative-1-150x150.jpg\",\"caption\":\"Julien\"},\"description\":\"Je suis Julien, r\u00e9dacteur pour Vie Associative. Passionn\u00e9 par le monde associatif depuis plus de 10 ans, j'ai \u00e0 c\u0153ur de partager des histoires inspirantes et de mettre en lumi\u00e8re les initiatives locales. Mon objectif est de sensibiliser et d'encourager l'engagement communautaire \u00e0 travers mes articles.\",\"sameAs\":[\"https:\/\/vieassociative.be\/\"]}]}<\/script>\n<!-- \/ Yoast SEO plugin. -->","yoast_head_json":{"title":"L'enfant de 11 ans sur E-Scooter est enregistr\u00e9 \u00e0 Bruxelles apr\u00e8s la poursuite de la voiture de police et d\u00e9c\u00e8de | Vie Associative","robots":{"index":"index","follow":"follow","max-snippet":"max-snippet:-1","max-image-preview":"max-image-preview:large","max-video-preview":"max-video-preview:-1"},"canonical":"https:\/\/vieassociative.be\/actualites\/lenfant-de-11-ans-sur-e-scooter-est-enregistre-a-bruxelles-apres-la-poursuite-de-la-voiture-de-police-et-decede\/","og_locale":"fr_FR","og_type":"article","og_title":"L'enfant de 11 ans sur E-Scooter est enregistr\u00e9 \u00e0 Bruxelles apr\u00e8s la poursuite de la voiture de police et d\u00e9c\u00e8de | Vie Associative","og_description":"Chagrin et col\u00e8re dans la communaut\u00e9 de Bruxelles de Ganshor: un enfant de 11 ans traverse la capitale avec un scooter \u00e9lectrique. Lorsque les policiers","og_url":"https:\/\/vieassociative.be\/actualites\/lenfant-de-11-ans-sur-e-scooter-est-enregistre-a-bruxelles-apres-la-poursuite-de-la-voiture-de-police-et-decede\/","og_site_name":"Vie Associative","article_published_time":"2025-06-03T20:18:20+00:00","og_image":[{"width":279,"height":92,"url":"https:\/\/vieassociative.be\/actualites\/wp-content\/uploads\/2024\/09\/header_backgroundk-01-e1726694325946.png","type":"image\/png"}],"author":"Julien","twitter_card":"summary_large_image","twitter_misc":{"\u00c9crit par":"Julien","Dur\u00e9e de lecture est.":"1 minute"},"schema":{"@context":"https:\/\/schema.org","@graph":[{"@type":"Article","@id":"https:\/\/vieassociative.be\/actualites\/lenfant-de-11-ans-sur-e-scooter-est-enregistre-a-bruxelles-apres-la-poursuite-de-la-voiture-de-police-et-decede\/#article","isPartOf":{"@id":"https:\/\/vieassociative.be\/actualites\/lenfant-de-11-ans-sur-e-scooter-est-enregistre-a-bruxelles-apres-la-poursuite-de-la-voiture-de-police-et-decede\/"},"author":{"name":"Julien","@id":"https:\/\/vieassociative.be\/actualites\/#\/schema\/person\/b87ac4f82f9d4e7b7cec7395b679edc4"},"headline":"L&rsquo;enfant de 11 ans sur E-Scooter est enregistr\u00e9 \u00e0 Bruxelles apr\u00e8s la poursuite de la voiture de police et d\u00e9c\u00e8de","datePublished":"2025-06-03T20:18:20+00:00","dateModified":"2025-06-03T20:18:20+00:00","mainEntityOfPage":{"@id":"https:\/\/vieassociative.be\/actualites\/lenfant-de-11-ans-sur-e-scooter-est-enregistre-a-bruxelles-apres-la-poursuite-de-la-voiture-de-police-et-decede\/"},"wordCount":277,"publisher":{"@id":"https:\/\/vieassociative.be\/actualites\/#organization"},"image":{"@id":"https:\/\/vieassociative.be\/actualites\/lenfant-de-11-ans-sur-e-scooter-est-enregistre-a-bruxelles-apres-la-poursuite-de-la-voiture-de-police-et-decede\/#primaryimage"},"thumbnailUrl":"https:\/\/vieassociative.be\/actualites\/wp-content\/uploads\/2025\/06\/1748981901_Lenfant-de-11-ans-sur-E-Scooter-est-enregistre-a-Bruxelles.jpg","keywords":["ans","Apr\u00e8s","Bruxelles","d\u00e9c\u00e9d\u00e9","enregistr\u00e9","EScooter","est","lenfant","police","poursuite","sur","voiture"],"articleSection":["Belgique"],"inLanguage":"fr-BE"},{"@type":"WebPage","@id":"https:\/\/vieassociative.be\/actualites\/lenfant-de-11-ans-sur-e-scooter-est-enregistre-a-bruxelles-apres-la-poursuite-de-la-voiture-de-police-et-decede\/","url":"https:\/\/vieassociative.be\/actualites\/lenfant-de-11-ans-sur-e-scooter-est-enregistre-a-bruxelles-apres-la-poursuite-de-la-voiture-de-police-et-decede\/","name":"L'enfant de 11 ans sur E-Scooter est enregistr\u00e9 \u00e0 Bruxelles apr\u00e8s la poursuite de la voiture de police et d\u00e9c\u00e8de | Vie Associative","isPartOf":{"@id":"https:\/\/vieassociative.be\/actualites\/#website"},"primaryImageOfPage":{"@id":"https:\/\/vieassociative.be\/actualites\/lenfant-de-11-ans-sur-e-scooter-est-enregistre-a-bruxelles-apres-la-poursuite-de-la-voiture-de-police-et-decede\/#primaryimage"},"image":{"@id":"https:\/\/vieassociative.be\/actualites\/lenfant-de-11-ans-sur-e-scooter-est-enregistre-a-bruxelles-apres-la-poursuite-de-la-voiture-de-police-et-decede\/#primaryimage"},"thumbnailUrl":"https:\/\/vieassociative.be\/actualites\/wp-content\/uploads\/2025\/06\/1748981901_Lenfant-de-11-ans-sur-E-Scooter-est-enregistre-a-Bruxelles.jpg","datePublished":"2025-06-03T20:18:20+00:00","dateModified":"2025-06-03T20:18:20+00:00","breadcrumb":{"@id":"https:\/\/vieassociative.be\/actualites\/lenfant-de-11-ans-sur-e-scooter-est-enregistre-a-bruxelles-apres-la-poursuite-de-la-voiture-de-police-et-decede\/#breadcrumb"},"inLanguage":"fr-BE","potentialAction":[{"@type":"ReadAction","target":["https:\/\/vieassociative.be\/actualites\/lenfant-de-11-ans-sur-e-scooter-est-enregistre-a-bruxelles-apres-la-poursuite-de-la-voiture-de-police-et-decede\/"]}]},{"@type":"ImageObject","inLanguage":"fr-BE","@id":"https:\/\/vieassociative.be\/actualites\/lenfant-de-11-ans-sur-e-scooter-est-enregistre-a-bruxelles-apres-la-poursuite-de-la-voiture-de-police-et-decede\/#primaryimage","url":"https:\/\/vieassociative.be\/actualites\/wp-content\/uploads\/2025\/06\/1748981901_Lenfant-de-11-ans-sur-E-Scooter-est-enregistre-a-Bruxelles.jpg","contentUrl":"https:\/\/vieassociative.be\/actualites\/wp-content\/uploads\/2025\/06\/1748981901_Lenfant-de-11-ans-sur-E-Scooter-est-enregistre-a-Bruxelles.jpg","width":1200,"height":800,"caption":"L'enfant de 11 ans sur E-Scooter est enregistr\u00e9 \u00e0 Bruxelles apr\u00e8s la poursuite de la voiture de police et d\u00e9c\u00e8de"},{"@type":"BreadcrumbList","@id":"https:\/\/vieassociative.be\/actualites\/lenfant-de-11-ans-sur-e-scooter-est-enregistre-a-bruxelles-apres-la-poursuite-de-la-voiture-de-police-et-decede\/#breadcrumb","itemListElement":[{"@type":"ListItem","position":1,"name":"Accueil","item":"https:\/\/vieassociative.be\/actualites\/"},{"@type":"ListItem","position":2,"name":"L&rsquo;enfant de 11 ans sur E-Scooter est enregistr\u00e9 \u00e0 Bruxelles apr\u00e8s la poursuite de la voiture de police et d\u00e9c\u00e8de"}]},{"@type":"WebSite","@id":"https:\/\/vieassociative.be\/actualites\/#website","url":"https:\/\/vieassociative.be\/actualites\/","name":"Vie Associative","description":"","publisher":{"@id":"https:\/\/vieassociative.be\/actualites\/#organization"},"potentialAction":[{"@type":"SearchAction","target":{"@type":"EntryPoint","urlTemplate":"https:\/\/vieassociative.be\/actualites\/?s={search_term_string}"},"query-input":{"@type":"PropertyValueSpecification","valueRequired":true,"valueName":"search_term_string"}}],"inLanguage":"fr-BE"},{"@type":"Organization","@id":"https:\/\/vieassociative.be\/actualites\/#organization","name":"Vie Associative","url":"https:\/\/vieassociative.be\/actualites\/","logo":{"@type":"ImageObject","inLanguage":"fr-BE","@id":"https:\/\/vieassociative.be\/actualites\/#\/schema\/logo\/image\/","url":"https:\/\/vieassociative.be\/actualites\/wp-content\/uploads\/2024\/09\/cropped-vieassociative_favicon.ico.png","contentUrl":"https:\/\/vieassociative.be\/actualites\/wp-content\/uploads\/2024\/09\/cropped-vieassociative_favicon.ico.png","width":512,"height":512,"caption":"Vie Associative"},"image":{"@id":"https:\/\/vieassociative.be\/actualites\/#\/schema\/logo\/image\/"}},{"@type":"Person","@id":"https:\/\/vieassociative.be\/actualites\/#\/schema\/person\/b87ac4f82f9d4e7b7cec7395b679edc4","name":"Julien","image":{"@type":"ImageObject","inLanguage":"fr-BE","@id":"https:\/\/vieassociative.be\/actualites\/#\/schema\/person\/image\/","url":"https:\/\/vieassociative.be\/actualites\/wp-content\/uploads\/2024\/09\/vie-associative-1-150x150.jpg","contentUrl":"https:\/\/vieassociative.be\/actualites\/wp-content\/uploads\/2024\/09\/vie-associative-1-150x150.jpg","caption":"Julien"},"description":"Je suis Julien, r\u00e9dacteur pour Vie Associative. Passionn\u00e9 par le monde associatif depuis plus de 10 ans, j'ai \u00e0 c\u0153ur de partager des histoires inspirantes et de mettre en lumi\u00e8re les initiatives locales. Mon objectif est de sensibiliser et d'encourager l'engagement communautaire \u00e0 travers mes articles.","sameAs":["https:\/\/vieassociative.be\/"]}]}},"_links":{"self":[{"href":"https:\/\/vieassociative.be\/actualites\/wp-json\/wp\/v2\/posts\/7959"}],"collection":[{"href":"https:\/\/vieassociative.be\/actualites\/wp-json\/wp\/v2\/posts"}],"about":[{"href":"https:\/\/vieassociative.be\/actualites\/wp-json\/wp\/v2\/types\/post"}],"author":[{"embeddable":true,"href":"https:\/\/vieassociative.be\/actualites\/wp-json\/wp\/v2\/users\/1"}],"replies":[{"embeddable":true,"href":"https:\/\/vieassociative.be\/actualites\/wp-json\/wp\/v2\/comments?post=7959"}],"version-history":[{"count":0,"href":"https:\/\/vieassociative.be\/actualites\/wp-json\/wp\/v2\/posts\/7959\/revisions"}],"wp:featuredmedia":[{"embeddable":true,"href":"https:\/\/vieassociative.be\/actualites\/wp-json\/wp\/v2\/media\/7960"}],"wp:attachment":[{"href":"https:\/\/vieassociative.be\/actualites\/wp-json\/wp\/v2\/media?parent=7959"}],"wp:term":[{"taxonomy":"category","embeddable":true,"href":"https:\/\/vieassociative.be\/actualites\/wp-json\/wp\/v2\/categories?post=7959"},{"taxonomy":"post_tag","embeddable":true,"href":"https:\/\/vieassociative.be\/actualites\/wp-json\/wp\/v2\/tags?post=7959"}],"curies":[{"name":"wp","href":"https:\/\/api.w.org\/{rel}","templated":true}]}}