{"id":7956,"date":"2025-06-03T16:17:03","date_gmt":"2025-06-03T14:17:03","guid":{"rendered":"https:\/\/vieassociative.be\/actualites\/experts-les-enfants-de-la-ville-souvent-plus-en-forme-que-les-enfants-du-pays\/"},"modified":"2025-06-03T16:17:03","modified_gmt":"2025-06-03T14:17:03","slug":"experts-les-enfants-de-la-ville-souvent-plus-en-forme-que-les-enfants-du-pays","status":"publish","type":"post","link":"https:\/\/vieassociative.be\/actualites\/experts-les-enfants-de-la-ville-souvent-plus-en-forme-que-les-enfants-du-pays\/","title":{"rendered":"Experts: les enfants de la ville souvent plus en forme que les enfants du pays"},"content":{"rendered":"<p><strong>Si vous ne voulez pas aller au football enfant, vous n&rsquo;avez souvent pas beaucoup d&rsquo;autres options dans le pays. Il a l&rsquo;air tr\u00e8s diff\u00e9rent dans la ville. Cela peut avoir des cons\u00e9quences directes pour la sant\u00e9 des enfants.<\/strong><\/p>\n<p><span id=\"more-416970\"><\/span>Dans le pays, vous jouez dans la for\u00eat et sur des prairies quand vous \u00e9tiez enfant, dans la ville, vous ne vous accrochez que dans la chambre des enfants? Ce clich\u00e9 a \u00e9t\u00e9 d\u00e9pass\u00e9 par la r\u00e9alit\u00e9. Des \u00e9tudes sugg\u00e8rent m\u00eame que l&rsquo;inverse est le cas &#8211; c&rsquo;est-\u00e0-dire que les enfants de la ville se d\u00e9placent davantage et souffrent donc \u00e9galement d&rsquo;\u00eatre en surpoids.<\/p>\n<div id=\"attachment_416973\" class=\"wp-caption alignleft\" style=\"max-width: 300px\"><img fetchpriority=\"high\" decoding=\"async\" class=\"wp-image-416973 size-medium\" src=\"https:\/\/vieassociative.be\/actualites\/wp-content\/uploads\/2025\/06\/Experts-les-enfants-de-la-ville-souvent-plus-en-forme.jpg\" alt=\"\" width=\"300\" height=\"200\"><\/p>\n<p class=\"wp-caption-text\">Il est recommand\u00e9 de promouvoir les offres de mouvement \u00e0 proximit\u00e9 imm\u00e9diate &#8211; cela comprenait \u00e9galement des terrains de jeux. Photo: Jens B\u00fcttner \/ DPA<\/p>\n<\/div>\n<p>Ceux qui se d\u00e9placent moins deviendront en surpoids. Et cela a \u00e0 son tour un effet de sant\u00e9: le risque de maladies cardiovasculaires, de diab\u00e8te et d&rsquo;autres souffre d&rsquo;augmentation avec le surpoids. Souvent, les bases sont pos\u00e9es dans la petite enfance, que ce soit et comment se d\u00e9placer plus tard dans la vie &#8211; ou non.<\/p>\n<p><strong>&#8211; Enfants du pays plus en surpoids:<\/strong> Dans une enqu\u00eate finlandaise de la chercheuse Elina Engberg de l&rsquo;Universit\u00e9 d&rsquo;Helsinki, il y avait des diff\u00e9rences entre la ville et le pays en trois \u00e0 quatre ans. Pr\u00e8s d&rsquo;un quart (24%) des enfants examin\u00e9s dans les zones rurales \u00e9taient en surpoids ou ob\u00e8ses et 16% dans les zones urbaines.<\/p>\n<p>Un facteur pour cette tendance dans le pays: qui a pass\u00e9 du temps devant les t\u00e9l\u00e9phones portables, les ordinateurs et la t\u00e9l\u00e9vision. Le temps d&rsquo;\u00e9cran chez les enfants du pays est plus li\u00e9 aux indicateurs de l&rsquo;ob\u00e9sit\u00e9, explique Engberg dans une conf\u00e9rence du Congr\u00e8s. Cela pourrait \u00eatre \u00abexpliqu\u00e9 par le temps \u00e0 \u00e9cran plus \u00e9lev\u00e9 qui est observ\u00e9 dans le cas des enfants de pays, tandis que dans les zones urbaines, d&rsquo;autres facteurs semblent jouer un r\u00f4le plus important dans le surpoids\u00bb.<\/p>\n<div id=\"attachment_416981\" class=\"wp-caption alignleft\" style=\"max-width: 300px\"><img decoding=\"async\" class=\"wp-image-416981 size-medium\" src=\"https:\/\/vieassociative.be\/actualites\/wp-content\/uploads\/2025\/06\/1748960223_190_Experts-les-enfants-de-la-ville-souvent-plus-en-forme.jpg\" alt=\"\" width=\"300\" height=\"217\"><\/p>\n<p class=\"wp-caption-text\">Un jeune est sur une \u00e9chelle dans la salle de bain. De nombreux enfants et adolescents sont en surpoids. Photo: Annette Riedl \/ Deutsche Presse-Amentur GmbH \/ DPA<\/p>\n<\/div>\n<p><strong>&#8211; Les enfants du pays n&rsquo;\u00e9taient pas plus en forme:<\/strong> Cela semble similaire en Allemagne. Claudia Augste de l&rsquo;Universit\u00e9 d&rsquo;Augsbourg a d\u00e9couvert dans une \u00e9tude sur le terrain il y a une dizaine d&rsquo;ann\u00e9es que les enfants des zones rurales ont un peu pire que les enfants de la ville lorsque leur motricit\u00e9 a \u00e9t\u00e9 test\u00e9e. Donc, ce n&rsquo;est pas &#8211; ou plus le cas que les enfants du pays ont toujours manqu\u00e9 beaucoup plus \u00e0 l&rsquo;ext\u00e9rieur et sont donc significativement plus en forme et le moteur.<\/p>\n<p>Alors, faites la vie en mati\u00e8re de graisse et de la vie en ville? Ce n&rsquo;est pas si simple. Cependant, l&rsquo;accessibilit\u00e9 des offres sportives semble cruciale &#8211; et s&rsquo;il y en a les bonnes. Les enfants de la ville peuvent avoir de meilleures options en ce qui concerne l&rsquo;accessibilit\u00e9 des clubs sportifs. La disponibilit\u00e9 des offres fait \u00e9galement une diff\u00e9rence. Il est donc recommand\u00e9 de promouvoir les offres de mouvement \u00e0 proximit\u00e9 imm\u00e9diate &#8211; y compris les terrains de jeux.<\/p>\n<p>Ulrike Burrmann de l&rsquo;Universit\u00e9 de Humboldt \u00e0 Berlin, qui fait \u00e9galement des recherches dans ce domaine, d\u00e9clare: \u00ab\u00a0Dans le pays, les sports et les offres de mouvement pour les filles sont \u00e9galement moins courants.\u00a0\u00bb C&rsquo;est aussi une raison de donner aux filles lorsqu&rsquo;on lui a demand\u00e9 pourquoi elles ne sont pas dans le club &#8211; \u00ab\u00a0qu&rsquo;elles ne connaissent aucun club\u00a0\u00bb. Dans le pays, plus de soutien est n\u00e9cessaire pour se rendre dans les installations sportives.<\/p>\n<div id=\"attachment_416974\" class=\"wp-caption alignleft\" style=\"max-width: 300px\"><img decoding=\"async\" class=\"wp-image-416974 size-medium\" src=\"https:\/\/vieassociative.be\/actualites\/wp-content\/uploads\/2025\/06\/1748960223_245_Experts-les-enfants-de-la-ville-souvent-plus-en-forme.jpg\" alt=\"\" width=\"300\" height=\"201\"><\/p>\n<p class=\"wp-caption-text\">Les enfants de la ville peuvent avoir de meilleures options en ce qui concerne l&rsquo;accessibilit\u00e9 des clubs sportifs. Photo: Uwe ANSPACH \/ DPA<\/p>\n<\/div>\n<p>En plus de la question de savoir s&rsquo;il existe des offres sportives appropri\u00e9es et comment ils peuvent \u00eatre r\u00e9alis\u00e9s, il joue \u00e9galement un r\u00f4le dans lequel les parents de soutien financier peuvent offrir \u00e0 leurs enfants la vue des offres sportives. Ceci est d\u00e9montr\u00e9 par la comparaison des communaut\u00e9s socialement plus faibles et plus fortes.<\/p>\n<p>Lena Henning de l&rsquo;Universit\u00e9 de M\u00fcnster d\u00e9clare: \u00ab\u00a0Il est logique que les institutions individuelles se r\u00e9veillent les unes avec les autres, par exemple, se rassemblent dans les \u00e9coles et les clubs sportifs.\u00a0\u00bb Pour les clubs sportifs, la coop\u00e9ration pourrait ouvrir un moyen d&rsquo;atteindre des groupes cibles qu&rsquo;ils ont jusqu&rsquo;\u00e0 pr\u00e9sent atteints.<\/p>\n<p><strong>&#8211; Ob\u00e9sit\u00e9 chez les enfants Un \u00e9norme risque pour la sant\u00e9:<\/strong> Le fait que les enfants p\u00e8sent beaucoup est un ph\u00e9nom\u00e8ne tr\u00e8s r\u00e9pandu. Un quart des enfants \u00e2g\u00e9s de sept \u00e0 neuf ans avaient en surpoids dans la derni\u00e8re enqu\u00eate de l&rsquo;Organisation mondiale de la sant\u00e9 (OMS) et onze pour cent \u00e9taient ob\u00e8ses. Les gar\u00e7ons sont plus souvent touch\u00e9s que les filles. Pour cette constatation, l&rsquo;OMS a collect\u00e9 des donn\u00e9es aupr\u00e8s d&rsquo;environ 470 000 enfants dans 37 pays en Europe. Dans certains pays, Corona Pandemic a resserr\u00e9 le probl\u00e8me. (DPA)<\/p>\n","protected":false},"excerpt":{"rendered":"<p>Si vous ne voulez pas aller au football enfant, vous n&rsquo;avez souvent pas beaucoup d&rsquo;autres options dans le pays. Il a l&rsquo;air tr\u00e8s diff\u00e9rent dans<\/p>\n","protected":false},"author":1,"featured_media":7957,"comment_status":"","ping_status":"","sticky":false,"template":"","format":"standard","meta":{"footnotes":""},"categories":[298],"tags":[324,2928,632,14,3513,2794,684],"class_list":["post-7956","post","type-post","status-publish","format-standard","has-post-thumbnail","hentry","category-belgique","tag-enfants","tag-experts","tag-forme","tag-les","tag-pays","tag-souvent","tag-ville","generate-columns","tablet-grid-50","mobile-grid-100","grid-parent","grid-33"],"yoast_head":"<!-- This site is optimized with the Yoast SEO plugin v24.0 - https:\/\/yoast.com\/wordpress\/plugins\/seo\/ -->\n<title>Experts: les enfants de la ville souvent plus en forme que les enfants du pays | Vie Associative<\/title>\n<meta name=\"robots\" content=\"index, follow, max-snippet:-1, max-image-preview:large, max-video-preview:-1\" \/>\n<link rel=\"canonical\" href=\"https:\/\/vieassociative.be\/actualites\/experts-les-enfants-de-la-ville-souvent-plus-en-forme-que-les-enfants-du-pays\/\" \/>\n<meta property=\"og:locale\" content=\"fr_FR\" \/>\n<meta property=\"og:type\" content=\"article\" \/>\n<meta property=\"og:title\" content=\"Experts: les enfants de la ville souvent plus en forme que les enfants du pays | Vie Associative\" \/>\n<meta property=\"og:description\" content=\"Si vous ne voulez pas aller au football enfant, vous n&rsquo;avez souvent pas beaucoup d&rsquo;autres options dans le pays. Il a l&rsquo;air tr\u00e8s diff\u00e9rent dans\" \/>\n<meta property=\"og:url\" content=\"https:\/\/vieassociative.be\/actualites\/experts-les-enfants-de-la-ville-souvent-plus-en-forme-que-les-enfants-du-pays\/\" \/>\n<meta property=\"og:site_name\" content=\"Vie Associative\" \/>\n<meta property=\"article:published_time\" content=\"2025-06-03T14:17:03+00:00\" \/>\n<meta property=\"og:image\" content=\"https:\/\/vieassociative.be\/actualites\/wp-content\/uploads\/2024\/09\/header_backgroundk-01-e1726694325946.png\" \/>\n\t<meta property=\"og:image:width\" content=\"279\" \/>\n\t<meta property=\"og:image:height\" content=\"92\" \/>\n\t<meta property=\"og:image:type\" content=\"image\/png\" \/>\n<meta name=\"author\" content=\"Julien\" \/>\n<meta name=\"twitter:card\" content=\"summary_large_image\" \/>\n<meta name=\"twitter:label1\" content=\"\u00c9crit par\" \/>\n\t<meta name=\"twitter:data1\" content=\"Julien\" \/>\n\t<meta name=\"twitter:label2\" content=\"Dur\u00e9e de lecture est.\" \/>\n\t<meta name=\"twitter:data2\" content=\"4 minutes\" \/>\n<script type=\"application\/ld+json\" class=\"yoast-schema-graph\">{\"@context\":\"https:\/\/schema.org\",\"@graph\":[{\"@type\":\"Article\",\"@id\":\"https:\/\/vieassociative.be\/actualites\/experts-les-enfants-de-la-ville-souvent-plus-en-forme-que-les-enfants-du-pays\/#article\",\"isPartOf\":{\"@id\":\"https:\/\/vieassociative.be\/actualites\/experts-les-enfants-de-la-ville-souvent-plus-en-forme-que-les-enfants-du-pays\/\"},\"author\":{\"name\":\"Julien\",\"@id\":\"https:\/\/vieassociative.be\/actualites\/#\/schema\/person\/b87ac4f82f9d4e7b7cec7395b679edc4\"},\"headline\":\"Experts: les enfants de la ville souvent plus en forme que les enfants du pays\",\"datePublished\":\"2025-06-03T14:17:03+00:00\",\"dateModified\":\"2025-06-03T14:17:03+00:00\",\"mainEntityOfPage\":{\"@id\":\"https:\/\/vieassociative.be\/actualites\/experts-les-enfants-de-la-ville-souvent-plus-en-forme-que-les-enfants-du-pays\/\"},\"wordCount\":908,\"publisher\":{\"@id\":\"https:\/\/vieassociative.be\/actualites\/#organization\"},\"image\":{\"@id\":\"https:\/\/vieassociative.be\/actualites\/experts-les-enfants-de-la-ville-souvent-plus-en-forme-que-les-enfants-du-pays\/#primaryimage\"},\"thumbnailUrl\":\"https:\/\/vieassociative.be\/actualites\/wp-content\/uploads\/2025\/06\/1748960223_Experts-les-enfants-de-la-ville-souvent-plus-en-forme.jpg\",\"keywords\":[\"enfants\",\"experts\",\"Forme\",\"Les\",\"pays\",\"souvent\",\"ville\"],\"articleSection\":[\"Belgique\"],\"inLanguage\":\"fr-BE\"},{\"@type\":\"WebPage\",\"@id\":\"https:\/\/vieassociative.be\/actualites\/experts-les-enfants-de-la-ville-souvent-plus-en-forme-que-les-enfants-du-pays\/\",\"url\":\"https:\/\/vieassociative.be\/actualites\/experts-les-enfants-de-la-ville-souvent-plus-en-forme-que-les-enfants-du-pays\/\",\"name\":\"Experts: les enfants de la ville souvent plus en forme que les enfants du pays | Vie Associative\",\"isPartOf\":{\"@id\":\"https:\/\/vieassociative.be\/actualites\/#website\"},\"primaryImageOfPage\":{\"@id\":\"https:\/\/vieassociative.be\/actualites\/experts-les-enfants-de-la-ville-souvent-plus-en-forme-que-les-enfants-du-pays\/#primaryimage\"},\"image\":{\"@id\":\"https:\/\/vieassociative.be\/actualites\/experts-les-enfants-de-la-ville-souvent-plus-en-forme-que-les-enfants-du-pays\/#primaryimage\"},\"thumbnailUrl\":\"https:\/\/vieassociative.be\/actualites\/wp-content\/uploads\/2025\/06\/1748960223_Experts-les-enfants-de-la-ville-souvent-plus-en-forme.jpg\",\"datePublished\":\"2025-06-03T14:17:03+00:00\",\"dateModified\":\"2025-06-03T14:17:03+00:00\",\"breadcrumb\":{\"@id\":\"https:\/\/vieassociative.be\/actualites\/experts-les-enfants-de-la-ville-souvent-plus-en-forme-que-les-enfants-du-pays\/#breadcrumb\"},\"inLanguage\":\"fr-BE\",\"potentialAction\":[{\"@type\":\"ReadAction\",\"target\":[\"https:\/\/vieassociative.be\/actualites\/experts-les-enfants-de-la-ville-souvent-plus-en-forme-que-les-enfants-du-pays\/\"]}]},{\"@type\":\"ImageObject\",\"inLanguage\":\"fr-BE\",\"@id\":\"https:\/\/vieassociative.be\/actualites\/experts-les-enfants-de-la-ville-souvent-plus-en-forme-que-les-enfants-du-pays\/#primaryimage\",\"url\":\"https:\/\/vieassociative.be\/actualites\/wp-content\/uploads\/2025\/06\/1748960223_Experts-les-enfants-de-la-ville-souvent-plus-en-forme.jpg\",\"contentUrl\":\"https:\/\/vieassociative.be\/actualites\/wp-content\/uploads\/2025\/06\/1748960223_Experts-les-enfants-de-la-ville-souvent-plus-en-forme.jpg\",\"width\":1200,\"height\":691,\"caption\":\"Experts: les enfants de la ville souvent plus en forme que les enfants du pays\"},{\"@type\":\"BreadcrumbList\",\"@id\":\"https:\/\/vieassociative.be\/actualites\/experts-les-enfants-de-la-ville-souvent-plus-en-forme-que-les-enfants-du-pays\/#breadcrumb\",\"itemListElement\":[{\"@type\":\"ListItem\",\"position\":1,\"name\":\"Accueil\",\"item\":\"https:\/\/vieassociative.be\/actualites\/\"},{\"@type\":\"ListItem\",\"position\":2,\"name\":\"Experts: les enfants de la ville souvent plus en forme que les enfants du pays\"}]},{\"@type\":\"WebSite\",\"@id\":\"https:\/\/vieassociative.be\/actualites\/#website\",\"url\":\"https:\/\/vieassociative.be\/actualites\/\",\"name\":\"Vie Associative\",\"description\":\"\",\"publisher\":{\"@id\":\"https:\/\/vieassociative.be\/actualites\/#organization\"},\"potentialAction\":[{\"@type\":\"SearchAction\",\"target\":{\"@type\":\"EntryPoint\",\"urlTemplate\":\"https:\/\/vieassociative.be\/actualites\/?s={search_term_string}\"},\"query-input\":{\"@type\":\"PropertyValueSpecification\",\"valueRequired\":true,\"valueName\":\"search_term_string\"}}],\"inLanguage\":\"fr-BE\"},{\"@type\":\"Organization\",\"@id\":\"https:\/\/vieassociative.be\/actualites\/#organization\",\"name\":\"Vie Associative\",\"url\":\"https:\/\/vieassociative.be\/actualites\/\",\"logo\":{\"@type\":\"ImageObject\",\"inLanguage\":\"fr-BE\",\"@id\":\"https:\/\/vieassociative.be\/actualites\/#\/schema\/logo\/image\/\",\"url\":\"https:\/\/vieassociative.be\/actualites\/wp-content\/uploads\/2024\/09\/cropped-vieassociative_favicon.ico.png\",\"contentUrl\":\"https:\/\/vieassociative.be\/actualites\/wp-content\/uploads\/2024\/09\/cropped-vieassociative_favicon.ico.png\",\"width\":512,\"height\":512,\"caption\":\"Vie Associative\"},\"image\":{\"@id\":\"https:\/\/vieassociative.be\/actualites\/#\/schema\/logo\/image\/\"}},{\"@type\":\"Person\",\"@id\":\"https:\/\/vieassociative.be\/actualites\/#\/schema\/person\/b87ac4f82f9d4e7b7cec7395b679edc4\",\"name\":\"Julien\",\"image\":{\"@type\":\"ImageObject\",\"inLanguage\":\"fr-BE\",\"@id\":\"https:\/\/vieassociative.be\/actualites\/#\/schema\/person\/image\/\",\"url\":\"https:\/\/vieassociative.be\/actualites\/wp-content\/uploads\/2024\/09\/vie-associative-1-150x150.jpg\",\"contentUrl\":\"https:\/\/vieassociative.be\/actualites\/wp-content\/uploads\/2024\/09\/vie-associative-1-150x150.jpg\",\"caption\":\"Julien\"},\"description\":\"Je suis Julien, r\u00e9dacteur pour Vie Associative. Passionn\u00e9 par le monde associatif depuis plus de 10 ans, j'ai \u00e0 c\u0153ur de partager des histoires inspirantes et de mettre en lumi\u00e8re les initiatives locales. Mon objectif est de sensibiliser et d'encourager l'engagement communautaire \u00e0 travers mes articles.\",\"sameAs\":[\"https:\/\/vieassociative.be\/\"]}]}<\/script>\n<!-- \/ Yoast SEO plugin. -->","yoast_head_json":{"title":"Experts: les enfants de la ville souvent plus en forme que les enfants du pays | Vie Associative","robots":{"index":"index","follow":"follow","max-snippet":"max-snippet:-1","max-image-preview":"max-image-preview:large","max-video-preview":"max-video-preview:-1"},"canonical":"https:\/\/vieassociative.be\/actualites\/experts-les-enfants-de-la-ville-souvent-plus-en-forme-que-les-enfants-du-pays\/","og_locale":"fr_FR","og_type":"article","og_title":"Experts: les enfants de la ville souvent plus en forme que les enfants du pays | Vie Associative","og_description":"Si vous ne voulez pas aller au football enfant, vous n&rsquo;avez souvent pas beaucoup d&rsquo;autres options dans le pays. Il a l&rsquo;air tr\u00e8s diff\u00e9rent dans","og_url":"https:\/\/vieassociative.be\/actualites\/experts-les-enfants-de-la-ville-souvent-plus-en-forme-que-les-enfants-du-pays\/","og_site_name":"Vie Associative","article_published_time":"2025-06-03T14:17:03+00:00","og_image":[{"width":279,"height":92,"url":"https:\/\/vieassociative.be\/actualites\/wp-content\/uploads\/2024\/09\/header_backgroundk-01-e1726694325946.png","type":"image\/png"}],"author":"Julien","twitter_card":"summary_large_image","twitter_misc":{"\u00c9crit par":"Julien","Dur\u00e9e de lecture est.":"4 minutes"},"schema":{"@context":"https:\/\/schema.org","@graph":[{"@type":"Article","@id":"https:\/\/vieassociative.be\/actualites\/experts-les-enfants-de-la-ville-souvent-plus-en-forme-que-les-enfants-du-pays\/#article","isPartOf":{"@id":"https:\/\/vieassociative.be\/actualites\/experts-les-enfants-de-la-ville-souvent-plus-en-forme-que-les-enfants-du-pays\/"},"author":{"name":"Julien","@id":"https:\/\/vieassociative.be\/actualites\/#\/schema\/person\/b87ac4f82f9d4e7b7cec7395b679edc4"},"headline":"Experts: les enfants de la ville souvent plus en forme que les enfants du pays","datePublished":"2025-06-03T14:17:03+00:00","dateModified":"2025-06-03T14:17:03+00:00","mainEntityOfPage":{"@id":"https:\/\/vieassociative.be\/actualites\/experts-les-enfants-de-la-ville-souvent-plus-en-forme-que-les-enfants-du-pays\/"},"wordCount":908,"publisher":{"@id":"https:\/\/vieassociative.be\/actualites\/#organization"},"image":{"@id":"https:\/\/vieassociative.be\/actualites\/experts-les-enfants-de-la-ville-souvent-plus-en-forme-que-les-enfants-du-pays\/#primaryimage"},"thumbnailUrl":"https:\/\/vieassociative.be\/actualites\/wp-content\/uploads\/2025\/06\/1748960223_Experts-les-enfants-de-la-ville-souvent-plus-en-forme.jpg","keywords":["enfants","experts","Forme","Les","pays","souvent","ville"],"articleSection":["Belgique"],"inLanguage":"fr-BE"},{"@type":"WebPage","@id":"https:\/\/vieassociative.be\/actualites\/experts-les-enfants-de-la-ville-souvent-plus-en-forme-que-les-enfants-du-pays\/","url":"https:\/\/vieassociative.be\/actualites\/experts-les-enfants-de-la-ville-souvent-plus-en-forme-que-les-enfants-du-pays\/","name":"Experts: les enfants de la ville souvent plus en forme que les enfants du pays | Vie Associative","isPartOf":{"@id":"https:\/\/vieassociative.be\/actualites\/#website"},"primaryImageOfPage":{"@id":"https:\/\/vieassociative.be\/actualites\/experts-les-enfants-de-la-ville-souvent-plus-en-forme-que-les-enfants-du-pays\/#primaryimage"},"image":{"@id":"https:\/\/vieassociative.be\/actualites\/experts-les-enfants-de-la-ville-souvent-plus-en-forme-que-les-enfants-du-pays\/#primaryimage"},"thumbnailUrl":"https:\/\/vieassociative.be\/actualites\/wp-content\/uploads\/2025\/06\/1748960223_Experts-les-enfants-de-la-ville-souvent-plus-en-forme.jpg","datePublished":"2025-06-03T14:17:03+00:00","dateModified":"2025-06-03T14:17:03+00:00","breadcrumb":{"@id":"https:\/\/vieassociative.be\/actualites\/experts-les-enfants-de-la-ville-souvent-plus-en-forme-que-les-enfants-du-pays\/#breadcrumb"},"inLanguage":"fr-BE","potentialAction":[{"@type":"ReadAction","target":["https:\/\/vieassociative.be\/actualites\/experts-les-enfants-de-la-ville-souvent-plus-en-forme-que-les-enfants-du-pays\/"]}]},{"@type":"ImageObject","inLanguage":"fr-BE","@id":"https:\/\/vieassociative.be\/actualites\/experts-les-enfants-de-la-ville-souvent-plus-en-forme-que-les-enfants-du-pays\/#primaryimage","url":"https:\/\/vieassociative.be\/actualites\/wp-content\/uploads\/2025\/06\/1748960223_Experts-les-enfants-de-la-ville-souvent-plus-en-forme.jpg","contentUrl":"https:\/\/vieassociative.be\/actualites\/wp-content\/uploads\/2025\/06\/1748960223_Experts-les-enfants-de-la-ville-souvent-plus-en-forme.jpg","width":1200,"height":691,"caption":"Experts: les enfants de la ville souvent plus en forme que les enfants du pays"},{"@type":"BreadcrumbList","@id":"https:\/\/vieassociative.be\/actualites\/experts-les-enfants-de-la-ville-souvent-plus-en-forme-que-les-enfants-du-pays\/#breadcrumb","itemListElement":[{"@type":"ListItem","position":1,"name":"Accueil","item":"https:\/\/vieassociative.be\/actualites\/"},{"@type":"ListItem","position":2,"name":"Experts: les enfants de la ville souvent plus en forme que les enfants du pays"}]},{"@type":"WebSite","@id":"https:\/\/vieassociative.be\/actualites\/#website","url":"https:\/\/vieassociative.be\/actualites\/","name":"Vie Associative","description":"","publisher":{"@id":"https:\/\/vieassociative.be\/actualites\/#organization"},"potentialAction":[{"@type":"SearchAction","target":{"@type":"EntryPoint","urlTemplate":"https:\/\/vieassociative.be\/actualites\/?s={search_term_string}"},"query-input":{"@type":"PropertyValueSpecification","valueRequired":true,"valueName":"search_term_string"}}],"inLanguage":"fr-BE"},{"@type":"Organization","@id":"https:\/\/vieassociative.be\/actualites\/#organization","name":"Vie Associative","url":"https:\/\/vieassociative.be\/actualites\/","logo":{"@type":"ImageObject","inLanguage":"fr-BE","@id":"https:\/\/vieassociative.be\/actualites\/#\/schema\/logo\/image\/","url":"https:\/\/vieassociative.be\/actualites\/wp-content\/uploads\/2024\/09\/cropped-vieassociative_favicon.ico.png","contentUrl":"https:\/\/vieassociative.be\/actualites\/wp-content\/uploads\/2024\/09\/cropped-vieassociative_favicon.ico.png","width":512,"height":512,"caption":"Vie Associative"},"image":{"@id":"https:\/\/vieassociative.be\/actualites\/#\/schema\/logo\/image\/"}},{"@type":"Person","@id":"https:\/\/vieassociative.be\/actualites\/#\/schema\/person\/b87ac4f82f9d4e7b7cec7395b679edc4","name":"Julien","image":{"@type":"ImageObject","inLanguage":"fr-BE","@id":"https:\/\/vieassociative.be\/actualites\/#\/schema\/person\/image\/","url":"https:\/\/vieassociative.be\/actualites\/wp-content\/uploads\/2024\/09\/vie-associative-1-150x150.jpg","contentUrl":"https:\/\/vieassociative.be\/actualites\/wp-content\/uploads\/2024\/09\/vie-associative-1-150x150.jpg","caption":"Julien"},"description":"Je suis Julien, r\u00e9dacteur pour Vie Associative. Passionn\u00e9 par le monde associatif depuis plus de 10 ans, j'ai \u00e0 c\u0153ur de partager des histoires inspirantes et de mettre en lumi\u00e8re les initiatives locales. Mon objectif est de sensibiliser et d'encourager l'engagement communautaire \u00e0 travers mes articles.","sameAs":["https:\/\/vieassociative.be\/"]}]}},"_links":{"self":[{"href":"https:\/\/vieassociative.be\/actualites\/wp-json\/wp\/v2\/posts\/7956"}],"collection":[{"href":"https:\/\/vieassociative.be\/actualites\/wp-json\/wp\/v2\/posts"}],"about":[{"href":"https:\/\/vieassociative.be\/actualites\/wp-json\/wp\/v2\/types\/post"}],"author":[{"embeddable":true,"href":"https:\/\/vieassociative.be\/actualites\/wp-json\/wp\/v2\/users\/1"}],"replies":[{"embeddable":true,"href":"https:\/\/vieassociative.be\/actualites\/wp-json\/wp\/v2\/comments?post=7956"}],"version-history":[{"count":0,"href":"https:\/\/vieassociative.be\/actualites\/wp-json\/wp\/v2\/posts\/7956\/revisions"}],"wp:featuredmedia":[{"embeddable":true,"href":"https:\/\/vieassociative.be\/actualites\/wp-json\/wp\/v2\/media\/7957"}],"wp:attachment":[{"href":"https:\/\/vieassociative.be\/actualites\/wp-json\/wp\/v2\/media?parent=7956"}],"wp:term":[{"taxonomy":"category","embeddable":true,"href":"https:\/\/vieassociative.be\/actualites\/wp-json\/wp\/v2\/categories?post=7956"},{"taxonomy":"post_tag","embeddable":true,"href":"https:\/\/vieassociative.be\/actualites\/wp-json\/wp\/v2\/tags?post=7956"}],"curies":[{"name":"wp","href":"https:\/\/api.w.org\/{rel}","templated":true}]}}