{"id":7949,"date":"2025-06-03T10:18:34","date_gmt":"2025-06-03T08:18:34","guid":{"rendered":"https:\/\/vieassociative.be\/actualites\/allemagne-la-star-des-medias-sociaux-heidi-reichinnek-et-la-resurrection-miraculeuse-du-parti-die-linke\/"},"modified":"2025-06-03T10:18:34","modified_gmt":"2025-06-03T08:18:34","slug":"allemagne-la-star-des-medias-sociaux-heidi-reichinnek-et-la-resurrection-miraculeuse-du-parti-die-linke","status":"publish","type":"post","link":"https:\/\/vieassociative.be\/actualites\/allemagne-la-star-des-medias-sociaux-heidi-reichinnek-et-la-resurrection-miraculeuse-du-parti-die-linke\/","title":{"rendered":"Allemagne: la star des m\u00e9dias sociaux Heidi Reichinnek et la r\u00e9surrection miraculeuse du parti Die Linke"},"content":{"rendered":"<p><strong>En Allemagne, aucun jour ne passe lorsque les m\u00e9dias \u00e9tablis ne sont pas signal\u00e9s sur le AFD populiste \u00e0 droite. Le ph\u00e9nom\u00e8ne r\u00e9el se d\u00e9roule sur le flanc oppos\u00e9 du spectre politique: le parti, qui \u00e9tait mortel il y a peu de temps, c\u00e9l\u00e8bre une r\u00e9surrection miraculeuse.<\/strong><\/p>\n<p><span id=\"more-416908\"><\/span>Selon une nouvelle enqu\u00eate, Die Linke a m\u00eame adopt\u00e9 les Verts en vote.<\/p>\n<p>Dans une enqu\u00eate sur l&rsquo;Institut de recherche d&rsquo;opinion INSA au nom du \u00ab\u00a0Bild Am Sonntag\u00a0\u00bb, la gauche augmente d&rsquo;un pourcentage \u00e0 11% par rapport \u00e0 la semaine pr\u00e9c\u00e9dente, tandis que les Verts perdent un point \u00e0 10%.<\/p>\n<div id=\"attachment_416923\" class=\"wp-caption alignleft\" style=\"max-width: 300px\"><img fetchpriority=\"high\" decoding=\"async\" class=\"wp-image-416923 size-medium\" src=\"https:\/\/vieassociative.be\/actualites\/wp-content\/uploads\/2025\/06\/Allemagne-la-star-des-medias-sociaux-Heidi-Reichinnek-et-la.jpg\" alt=\"\" width=\"300\" height=\"190\"><\/p>\n<p class=\"wp-caption-text\">05\/10\/2025, Saxe, Chemnitz: Jan van Aken (VR), le chef du parti Die Linke, apr\u00e8s son discours, a parl\u00e9 \u00e0 Ines Schwerdtner, le chef du parti Die Linke et Heidi Reichinnek, pr\u00e9sident du groupe parlementaire Die Linke dans le Bundestag, au Federal Party du Parti Linke en Chemnitz. Photo: Hendrik Schmidt \/ DPA<\/p>\n<\/div>\n<p>\u00c0 INSA, la gauche est devant les Verts pour la premi\u00e8re fois en sept ans. Dans d&rsquo;autres enqu\u00eates, la f\u00eate atteint principalement 10 \u00e0 11%, lors des \u00e9lections de Bundestag, il \u00e9tait encore de 8,8%.<\/p>\n<p>Pendant longtemps, il semblait que la gauche vole du Bundestag. Maintenant, c&rsquo;est \u00e0 la hausse. Heidi Reichinnek, chef de groupe dans le Bundestag allemand, y a une grande partie.<\/p>\n<p>Selon une nouvelle enqu\u00eate, le joueur de 37 ans est m\u00eame le politicien le plus populaire en Allemagne. Sur les r\u00e9seaux sociaux, le meilleur candidat du parti de gauche est depuis longtemps une star, elle compte 340 000 abonn\u00e9s sur Instagram, plus que son parti. Chez Tiktok, c&rsquo;est un bon 500 000, environ deux fois plus que la f\u00eate de gauche. Reichinnek s&rsquo;assure que l&rsquo;AFD de Tiktok n&rsquo;obtient plus le plus.<\/p>\n<p>Rosa Luxembourg (1871\u20131919) est le grand mod\u00e8le du Red Heidi. Elle \u00e9tait une importante th\u00e9oricien marxiste, \u00e9conomiste, activiste politique et r\u00e9volutionnaire. Il est consid\u00e9r\u00e9 comme l&rsquo;un des personnages les plus c\u00e9l\u00e8bres du mouvement travailliste europ\u00e9en. Sa mort a fait d&rsquo;elle la figure de martyr de la gauche. Sa citation est c\u00e9l\u00e8bre: \u00ab\u00a0La libert\u00e9 est toujours la libert\u00e9 de ceux qui pensent diff\u00e9remment.\u00a0\u00bb<\/p>\n<p>Alors que la star de Sahra Wagenknecht s&rsquo;estompe, celle de Heidi Reichinnek fonctionne vraiment. (Cre)<\/p>\n","protected":false},"excerpt":{"rendered":"<p>En Allemagne, aucun jour ne passe lorsque les m\u00e9dias \u00e9tablis ne sont pas signal\u00e9s sur le AFD populiste \u00e0 droite. Le ph\u00e9nom\u00e8ne r\u00e9el se d\u00e9roule<\/p>\n","protected":false},"author":1,"featured_media":7950,"comment_status":"","ping_status":"","sticky":false,"template":"","format":"standard","meta":{"footnotes":""},"categories":[298],"tags":[2864,29,404,7278,7281,2275,7280,5872,7279,3844,865,7018],"class_list":["post-7949","post","type-post","status-publish","format-standard","has-post-thumbnail","hentry","category-belgique","tag-allemagne","tag-des","tag-die","tag-heidi","tag-linke","tag-medias","tag-miraculeuse","tag-parti","tag-reichinnek","tag-resurrection","tag-sociaux","tag-star","generate-columns","tablet-grid-50","mobile-grid-100","grid-parent","grid-33"],"yoast_head":"<!-- This site is optimized with the Yoast SEO plugin v24.0 - https:\/\/yoast.com\/wordpress\/plugins\/seo\/ -->\n<title>Allemagne: la star des m\u00e9dias sociaux Heidi Reichinnek et la r\u00e9surrection miraculeuse du parti Die Linke | Vie Associative<\/title>\n<meta name=\"robots\" content=\"index, follow, max-snippet:-1, max-image-preview:large, max-video-preview:-1\" \/>\n<link rel=\"canonical\" href=\"https:\/\/vieassociative.be\/actualites\/allemagne-la-star-des-medias-sociaux-heidi-reichinnek-et-la-resurrection-miraculeuse-du-parti-die-linke\/\" \/>\n<meta property=\"og:locale\" content=\"fr_FR\" \/>\n<meta property=\"og:type\" content=\"article\" \/>\n<meta property=\"og:title\" content=\"Allemagne: la star des m\u00e9dias sociaux Heidi Reichinnek et la r\u00e9surrection miraculeuse du parti Die Linke | Vie Associative\" \/>\n<meta property=\"og:description\" content=\"En Allemagne, aucun jour ne passe lorsque les m\u00e9dias \u00e9tablis ne sont pas signal\u00e9s sur le AFD populiste \u00e0 droite. Le ph\u00e9nom\u00e8ne r\u00e9el se d\u00e9roule\" \/>\n<meta property=\"og:url\" content=\"https:\/\/vieassociative.be\/actualites\/allemagne-la-star-des-medias-sociaux-heidi-reichinnek-et-la-resurrection-miraculeuse-du-parti-die-linke\/\" \/>\n<meta property=\"og:site_name\" content=\"Vie Associative\" \/>\n<meta property=\"article:published_time\" content=\"2025-06-03T08:18:34+00:00\" \/>\n<meta property=\"og:image\" content=\"https:\/\/vieassociative.be\/actualites\/wp-content\/uploads\/2024\/09\/header_backgroundk-01-e1726694325946.png\" \/>\n\t<meta property=\"og:image:width\" content=\"279\" \/>\n\t<meta property=\"og:image:height\" content=\"92\" \/>\n\t<meta property=\"og:image:type\" content=\"image\/png\" \/>\n<meta name=\"author\" content=\"Julien\" \/>\n<meta name=\"twitter:card\" content=\"summary_large_image\" \/>\n<meta name=\"twitter:label1\" content=\"\u00c9crit par\" \/>\n\t<meta name=\"twitter:data1\" content=\"Julien\" \/>\n\t<meta name=\"twitter:label2\" content=\"Dur\u00e9e de lecture est.\" \/>\n\t<meta name=\"twitter:data2\" content=\"2 minutes\" \/>\n<script type=\"application\/ld+json\" class=\"yoast-schema-graph\">{\"@context\":\"https:\/\/schema.org\",\"@graph\":[{\"@type\":\"Article\",\"@id\":\"https:\/\/vieassociative.be\/actualites\/allemagne-la-star-des-medias-sociaux-heidi-reichinnek-et-la-resurrection-miraculeuse-du-parti-die-linke\/#article\",\"isPartOf\":{\"@id\":\"https:\/\/vieassociative.be\/actualites\/allemagne-la-star-des-medias-sociaux-heidi-reichinnek-et-la-resurrection-miraculeuse-du-parti-die-linke\/\"},\"author\":{\"name\":\"Julien\",\"@id\":\"https:\/\/vieassociative.be\/actualites\/#\/schema\/person\/b87ac4f82f9d4e7b7cec7395b679edc4\"},\"headline\":\"Allemagne: la star des m\u00e9dias sociaux Heidi Reichinnek et la r\u00e9surrection miraculeuse du parti Die Linke\",\"datePublished\":\"2025-06-03T08:18:34+00:00\",\"dateModified\":\"2025-06-03T08:18:34+00:00\",\"mainEntityOfPage\":{\"@id\":\"https:\/\/vieassociative.be\/actualites\/allemagne-la-star-des-medias-sociaux-heidi-reichinnek-et-la-resurrection-miraculeuse-du-parti-die-linke\/\"},\"wordCount\":404,\"publisher\":{\"@id\":\"https:\/\/vieassociative.be\/actualites\/#organization\"},\"image\":{\"@id\":\"https:\/\/vieassociative.be\/actualites\/allemagne-la-star-des-medias-sociaux-heidi-reichinnek-et-la-resurrection-miraculeuse-du-parti-die-linke\/#primaryimage\"},\"thumbnailUrl\":\"https:\/\/vieassociative.be\/actualites\/wp-content\/uploads\/2025\/06\/1748938714_Allemagne-la-star-des-medias-sociaux-Heidi-Reichinnek-et-la.jpg\",\"keywords\":[\"Allemagne\",\"Des\",\"die\",\"Heidi\",\"Linke\",\"m\u00e9dias\",\"miraculeuse\",\"parti\",\"Reichinnek\",\"r\u00e9surrection\",\"sociaux\",\"star\"],\"articleSection\":[\"Belgique\"],\"inLanguage\":\"fr-BE\"},{\"@type\":\"WebPage\",\"@id\":\"https:\/\/vieassociative.be\/actualites\/allemagne-la-star-des-medias-sociaux-heidi-reichinnek-et-la-resurrection-miraculeuse-du-parti-die-linke\/\",\"url\":\"https:\/\/vieassociative.be\/actualites\/allemagne-la-star-des-medias-sociaux-heidi-reichinnek-et-la-resurrection-miraculeuse-du-parti-die-linke\/\",\"name\":\"Allemagne: la star des m\u00e9dias sociaux Heidi Reichinnek et la r\u00e9surrection miraculeuse du parti Die Linke | Vie Associative\",\"isPartOf\":{\"@id\":\"https:\/\/vieassociative.be\/actualites\/#website\"},\"primaryImageOfPage\":{\"@id\":\"https:\/\/vieassociative.be\/actualites\/allemagne-la-star-des-medias-sociaux-heidi-reichinnek-et-la-resurrection-miraculeuse-du-parti-die-linke\/#primaryimage\"},\"image\":{\"@id\":\"https:\/\/vieassociative.be\/actualites\/allemagne-la-star-des-medias-sociaux-heidi-reichinnek-et-la-resurrection-miraculeuse-du-parti-die-linke\/#primaryimage\"},\"thumbnailUrl\":\"https:\/\/vieassociative.be\/actualites\/wp-content\/uploads\/2025\/06\/1748938714_Allemagne-la-star-des-medias-sociaux-Heidi-Reichinnek-et-la.jpg\",\"datePublished\":\"2025-06-03T08:18:34+00:00\",\"dateModified\":\"2025-06-03T08:18:34+00:00\",\"breadcrumb\":{\"@id\":\"https:\/\/vieassociative.be\/actualites\/allemagne-la-star-des-medias-sociaux-heidi-reichinnek-et-la-resurrection-miraculeuse-du-parti-die-linke\/#breadcrumb\"},\"inLanguage\":\"fr-BE\",\"potentialAction\":[{\"@type\":\"ReadAction\",\"target\":[\"https:\/\/vieassociative.be\/actualites\/allemagne-la-star-des-medias-sociaux-heidi-reichinnek-et-la-resurrection-miraculeuse-du-parti-die-linke\/\"]}]},{\"@type\":\"ImageObject\",\"inLanguage\":\"fr-BE\",\"@id\":\"https:\/\/vieassociative.be\/actualites\/allemagne-la-star-des-medias-sociaux-heidi-reichinnek-et-la-resurrection-miraculeuse-du-parti-die-linke\/#primaryimage\",\"url\":\"https:\/\/vieassociative.be\/actualites\/wp-content\/uploads\/2025\/06\/1748938714_Allemagne-la-star-des-medias-sociaux-Heidi-Reichinnek-et-la.jpg\",\"contentUrl\":\"https:\/\/vieassociative.be\/actualites\/wp-content\/uploads\/2025\/06\/1748938714_Allemagne-la-star-des-medias-sociaux-Heidi-Reichinnek-et-la.jpg\",\"width\":1200,\"height\":800,\"caption\":\"Allemagne: la star des m\u00e9dias sociaux Heidi Reichinnek et la r\u00e9surrection miraculeuse du parti Die Linke\"},{\"@type\":\"BreadcrumbList\",\"@id\":\"https:\/\/vieassociative.be\/actualites\/allemagne-la-star-des-medias-sociaux-heidi-reichinnek-et-la-resurrection-miraculeuse-du-parti-die-linke\/#breadcrumb\",\"itemListElement\":[{\"@type\":\"ListItem\",\"position\":1,\"name\":\"Accueil\",\"item\":\"https:\/\/vieassociative.be\/actualites\/\"},{\"@type\":\"ListItem\",\"position\":2,\"name\":\"Allemagne: la star des m\u00e9dias sociaux Heidi Reichinnek et la r\u00e9surrection miraculeuse du parti Die Linke\"}]},{\"@type\":\"WebSite\",\"@id\":\"https:\/\/vieassociative.be\/actualites\/#website\",\"url\":\"https:\/\/vieassociative.be\/actualites\/\",\"name\":\"Vie Associative\",\"description\":\"\",\"publisher\":{\"@id\":\"https:\/\/vieassociative.be\/actualites\/#organization\"},\"potentialAction\":[{\"@type\":\"SearchAction\",\"target\":{\"@type\":\"EntryPoint\",\"urlTemplate\":\"https:\/\/vieassociative.be\/actualites\/?s={search_term_string}\"},\"query-input\":{\"@type\":\"PropertyValueSpecification\",\"valueRequired\":true,\"valueName\":\"search_term_string\"}}],\"inLanguage\":\"fr-BE\"},{\"@type\":\"Organization\",\"@id\":\"https:\/\/vieassociative.be\/actualites\/#organization\",\"name\":\"Vie Associative\",\"url\":\"https:\/\/vieassociative.be\/actualites\/\",\"logo\":{\"@type\":\"ImageObject\",\"inLanguage\":\"fr-BE\",\"@id\":\"https:\/\/vieassociative.be\/actualites\/#\/schema\/logo\/image\/\",\"url\":\"https:\/\/vieassociative.be\/actualites\/wp-content\/uploads\/2024\/09\/cropped-vieassociative_favicon.ico.png\",\"contentUrl\":\"https:\/\/vieassociative.be\/actualites\/wp-content\/uploads\/2024\/09\/cropped-vieassociative_favicon.ico.png\",\"width\":512,\"height\":512,\"caption\":\"Vie Associative\"},\"image\":{\"@id\":\"https:\/\/vieassociative.be\/actualites\/#\/schema\/logo\/image\/\"}},{\"@type\":\"Person\",\"@id\":\"https:\/\/vieassociative.be\/actualites\/#\/schema\/person\/b87ac4f82f9d4e7b7cec7395b679edc4\",\"name\":\"Julien\",\"image\":{\"@type\":\"ImageObject\",\"inLanguage\":\"fr-BE\",\"@id\":\"https:\/\/vieassociative.be\/actualites\/#\/schema\/person\/image\/\",\"url\":\"https:\/\/vieassociative.be\/actualites\/wp-content\/uploads\/2024\/09\/vie-associative-1-150x150.jpg\",\"contentUrl\":\"https:\/\/vieassociative.be\/actualites\/wp-content\/uploads\/2024\/09\/vie-associative-1-150x150.jpg\",\"caption\":\"Julien\"},\"description\":\"Je suis Julien, r\u00e9dacteur pour Vie Associative. Passionn\u00e9 par le monde associatif depuis plus de 10 ans, j'ai \u00e0 c\u0153ur de partager des histoires inspirantes et de mettre en lumi\u00e8re les initiatives locales. Mon objectif est de sensibiliser et d'encourager l'engagement communautaire \u00e0 travers mes articles.\",\"sameAs\":[\"https:\/\/vieassociative.be\/\"]}]}<\/script>\n<!-- \/ Yoast SEO plugin. -->","yoast_head_json":{"title":"Allemagne: la star des m\u00e9dias sociaux Heidi Reichinnek et la r\u00e9surrection miraculeuse du parti Die Linke | Vie Associative","robots":{"index":"index","follow":"follow","max-snippet":"max-snippet:-1","max-image-preview":"max-image-preview:large","max-video-preview":"max-video-preview:-1"},"canonical":"https:\/\/vieassociative.be\/actualites\/allemagne-la-star-des-medias-sociaux-heidi-reichinnek-et-la-resurrection-miraculeuse-du-parti-die-linke\/","og_locale":"fr_FR","og_type":"article","og_title":"Allemagne: la star des m\u00e9dias sociaux Heidi Reichinnek et la r\u00e9surrection miraculeuse du parti Die Linke | Vie Associative","og_description":"En Allemagne, aucun jour ne passe lorsque les m\u00e9dias \u00e9tablis ne sont pas signal\u00e9s sur le AFD populiste \u00e0 droite. Le ph\u00e9nom\u00e8ne r\u00e9el se d\u00e9roule","og_url":"https:\/\/vieassociative.be\/actualites\/allemagne-la-star-des-medias-sociaux-heidi-reichinnek-et-la-resurrection-miraculeuse-du-parti-die-linke\/","og_site_name":"Vie Associative","article_published_time":"2025-06-03T08:18:34+00:00","og_image":[{"width":279,"height":92,"url":"https:\/\/vieassociative.be\/actualites\/wp-content\/uploads\/2024\/09\/header_backgroundk-01-e1726694325946.png","type":"image\/png"}],"author":"Julien","twitter_card":"summary_large_image","twitter_misc":{"\u00c9crit par":"Julien","Dur\u00e9e de lecture est.":"2 minutes"},"schema":{"@context":"https:\/\/schema.org","@graph":[{"@type":"Article","@id":"https:\/\/vieassociative.be\/actualites\/allemagne-la-star-des-medias-sociaux-heidi-reichinnek-et-la-resurrection-miraculeuse-du-parti-die-linke\/#article","isPartOf":{"@id":"https:\/\/vieassociative.be\/actualites\/allemagne-la-star-des-medias-sociaux-heidi-reichinnek-et-la-resurrection-miraculeuse-du-parti-die-linke\/"},"author":{"name":"Julien","@id":"https:\/\/vieassociative.be\/actualites\/#\/schema\/person\/b87ac4f82f9d4e7b7cec7395b679edc4"},"headline":"Allemagne: la star des m\u00e9dias sociaux Heidi Reichinnek et la r\u00e9surrection miraculeuse du parti Die Linke","datePublished":"2025-06-03T08:18:34+00:00","dateModified":"2025-06-03T08:18:34+00:00","mainEntityOfPage":{"@id":"https:\/\/vieassociative.be\/actualites\/allemagne-la-star-des-medias-sociaux-heidi-reichinnek-et-la-resurrection-miraculeuse-du-parti-die-linke\/"},"wordCount":404,"publisher":{"@id":"https:\/\/vieassociative.be\/actualites\/#organization"},"image":{"@id":"https:\/\/vieassociative.be\/actualites\/allemagne-la-star-des-medias-sociaux-heidi-reichinnek-et-la-resurrection-miraculeuse-du-parti-die-linke\/#primaryimage"},"thumbnailUrl":"https:\/\/vieassociative.be\/actualites\/wp-content\/uploads\/2025\/06\/1748938714_Allemagne-la-star-des-medias-sociaux-Heidi-Reichinnek-et-la.jpg","keywords":["Allemagne","Des","die","Heidi","Linke","m\u00e9dias","miraculeuse","parti","Reichinnek","r\u00e9surrection","sociaux","star"],"articleSection":["Belgique"],"inLanguage":"fr-BE"},{"@type":"WebPage","@id":"https:\/\/vieassociative.be\/actualites\/allemagne-la-star-des-medias-sociaux-heidi-reichinnek-et-la-resurrection-miraculeuse-du-parti-die-linke\/","url":"https:\/\/vieassociative.be\/actualites\/allemagne-la-star-des-medias-sociaux-heidi-reichinnek-et-la-resurrection-miraculeuse-du-parti-die-linke\/","name":"Allemagne: la star des m\u00e9dias sociaux Heidi Reichinnek et la r\u00e9surrection miraculeuse du parti Die Linke | Vie Associative","isPartOf":{"@id":"https:\/\/vieassociative.be\/actualites\/#website"},"primaryImageOfPage":{"@id":"https:\/\/vieassociative.be\/actualites\/allemagne-la-star-des-medias-sociaux-heidi-reichinnek-et-la-resurrection-miraculeuse-du-parti-die-linke\/#primaryimage"},"image":{"@id":"https:\/\/vieassociative.be\/actualites\/allemagne-la-star-des-medias-sociaux-heidi-reichinnek-et-la-resurrection-miraculeuse-du-parti-die-linke\/#primaryimage"},"thumbnailUrl":"https:\/\/vieassociative.be\/actualites\/wp-content\/uploads\/2025\/06\/1748938714_Allemagne-la-star-des-medias-sociaux-Heidi-Reichinnek-et-la.jpg","datePublished":"2025-06-03T08:18:34+00:00","dateModified":"2025-06-03T08:18:34+00:00","breadcrumb":{"@id":"https:\/\/vieassociative.be\/actualites\/allemagne-la-star-des-medias-sociaux-heidi-reichinnek-et-la-resurrection-miraculeuse-du-parti-die-linke\/#breadcrumb"},"inLanguage":"fr-BE","potentialAction":[{"@type":"ReadAction","target":["https:\/\/vieassociative.be\/actualites\/allemagne-la-star-des-medias-sociaux-heidi-reichinnek-et-la-resurrection-miraculeuse-du-parti-die-linke\/"]}]},{"@type":"ImageObject","inLanguage":"fr-BE","@id":"https:\/\/vieassociative.be\/actualites\/allemagne-la-star-des-medias-sociaux-heidi-reichinnek-et-la-resurrection-miraculeuse-du-parti-die-linke\/#primaryimage","url":"https:\/\/vieassociative.be\/actualites\/wp-content\/uploads\/2025\/06\/1748938714_Allemagne-la-star-des-medias-sociaux-Heidi-Reichinnek-et-la.jpg","contentUrl":"https:\/\/vieassociative.be\/actualites\/wp-content\/uploads\/2025\/06\/1748938714_Allemagne-la-star-des-medias-sociaux-Heidi-Reichinnek-et-la.jpg","width":1200,"height":800,"caption":"Allemagne: la star des m\u00e9dias sociaux Heidi Reichinnek et la r\u00e9surrection miraculeuse du parti Die Linke"},{"@type":"BreadcrumbList","@id":"https:\/\/vieassociative.be\/actualites\/allemagne-la-star-des-medias-sociaux-heidi-reichinnek-et-la-resurrection-miraculeuse-du-parti-die-linke\/#breadcrumb","itemListElement":[{"@type":"ListItem","position":1,"name":"Accueil","item":"https:\/\/vieassociative.be\/actualites\/"},{"@type":"ListItem","position":2,"name":"Allemagne: la star des m\u00e9dias sociaux Heidi Reichinnek et la r\u00e9surrection miraculeuse du parti Die Linke"}]},{"@type":"WebSite","@id":"https:\/\/vieassociative.be\/actualites\/#website","url":"https:\/\/vieassociative.be\/actualites\/","name":"Vie Associative","description":"","publisher":{"@id":"https:\/\/vieassociative.be\/actualites\/#organization"},"potentialAction":[{"@type":"SearchAction","target":{"@type":"EntryPoint","urlTemplate":"https:\/\/vieassociative.be\/actualites\/?s={search_term_string}"},"query-input":{"@type":"PropertyValueSpecification","valueRequired":true,"valueName":"search_term_string"}}],"inLanguage":"fr-BE"},{"@type":"Organization","@id":"https:\/\/vieassociative.be\/actualites\/#organization","name":"Vie Associative","url":"https:\/\/vieassociative.be\/actualites\/","logo":{"@type":"ImageObject","inLanguage":"fr-BE","@id":"https:\/\/vieassociative.be\/actualites\/#\/schema\/logo\/image\/","url":"https:\/\/vieassociative.be\/actualites\/wp-content\/uploads\/2024\/09\/cropped-vieassociative_favicon.ico.png","contentUrl":"https:\/\/vieassociative.be\/actualites\/wp-content\/uploads\/2024\/09\/cropped-vieassociative_favicon.ico.png","width":512,"height":512,"caption":"Vie Associative"},"image":{"@id":"https:\/\/vieassociative.be\/actualites\/#\/schema\/logo\/image\/"}},{"@type":"Person","@id":"https:\/\/vieassociative.be\/actualites\/#\/schema\/person\/b87ac4f82f9d4e7b7cec7395b679edc4","name":"Julien","image":{"@type":"ImageObject","inLanguage":"fr-BE","@id":"https:\/\/vieassociative.be\/actualites\/#\/schema\/person\/image\/","url":"https:\/\/vieassociative.be\/actualites\/wp-content\/uploads\/2024\/09\/vie-associative-1-150x150.jpg","contentUrl":"https:\/\/vieassociative.be\/actualites\/wp-content\/uploads\/2024\/09\/vie-associative-1-150x150.jpg","caption":"Julien"},"description":"Je suis Julien, r\u00e9dacteur pour Vie Associative. Passionn\u00e9 par le monde associatif depuis plus de 10 ans, j'ai \u00e0 c\u0153ur de partager des histoires inspirantes et de mettre en lumi\u00e8re les initiatives locales. Mon objectif est de sensibiliser et d'encourager l'engagement communautaire \u00e0 travers mes articles.","sameAs":["https:\/\/vieassociative.be\/"]}]}},"_links":{"self":[{"href":"https:\/\/vieassociative.be\/actualites\/wp-json\/wp\/v2\/posts\/7949"}],"collection":[{"href":"https:\/\/vieassociative.be\/actualites\/wp-json\/wp\/v2\/posts"}],"about":[{"href":"https:\/\/vieassociative.be\/actualites\/wp-json\/wp\/v2\/types\/post"}],"author":[{"embeddable":true,"href":"https:\/\/vieassociative.be\/actualites\/wp-json\/wp\/v2\/users\/1"}],"replies":[{"embeddable":true,"href":"https:\/\/vieassociative.be\/actualites\/wp-json\/wp\/v2\/comments?post=7949"}],"version-history":[{"count":0,"href":"https:\/\/vieassociative.be\/actualites\/wp-json\/wp\/v2\/posts\/7949\/revisions"}],"wp:featuredmedia":[{"embeddable":true,"href":"https:\/\/vieassociative.be\/actualites\/wp-json\/wp\/v2\/media\/7950"}],"wp:attachment":[{"href":"https:\/\/vieassociative.be\/actualites\/wp-json\/wp\/v2\/media?parent=7949"}],"wp:term":[{"taxonomy":"category","embeddable":true,"href":"https:\/\/vieassociative.be\/actualites\/wp-json\/wp\/v2\/categories?post=7949"},{"taxonomy":"post_tag","embeddable":true,"href":"https:\/\/vieassociative.be\/actualites\/wp-json\/wp\/v2\/tags?post=7949"}],"curies":[{"name":"wp","href":"https:\/\/api.w.org\/{rel}","templated":true}]}}