{"id":7945,"date":"2025-06-03T04:17:49","date_gmt":"2025-06-03T02:17:49","guid":{"rendered":"https:\/\/vieassociative.be\/actualites\/ursula-von-der-leyen-recoit-le-prix-politique-pour-sa-direction-apres-le-prix-charlemagne-a-aix-un\/"},"modified":"2025-06-03T04:17:49","modified_gmt":"2025-06-03T02:17:49","slug":"ursula-von-der-leyen-recoit-le-prix-politique-pour-sa-direction-apres-le-prix-charlemagne-a-aix-un","status":"publish","type":"post","link":"https:\/\/vieassociative.be\/actualites\/ursula-von-der-leyen-recoit-le-prix-politique-pour-sa-direction-apres-le-prix-charlemagne-a-aix-un\/","title":{"rendered":"Ursula von der Leyen re\u00e7oit le \u00abprix politique\u00bb pour sa direction apr\u00e8s le prix Charlemagne \u00e0 Aix-un"},"content":{"rendered":"<p><strong>Une \u00abpersonnalit\u00e9 de leadership extraordinaire\u00bb dans une grande incertitude: quelques jours apr\u00e8s le prix avec le prix international de Charlemagne \u00e0 Aachen, Ursula von der Leyen est \u00e0 nouveau honor\u00e9 \u00e0 Berlin.<\/strong><\/p>\n<p><span id=\"more-416938\"><\/span>Le pr\u00e9sident de la Commission de l&rsquo;UE a re\u00e7u le magazine \u00ab\u00a0Politics &#038; Communication\u00a0\u00bb et l&rsquo;Universit\u00e9 Quadriga en tant que politicien de l&rsquo;ann\u00e9e. Elle a re\u00e7u le So-Salled Politics Award lundi soir lors d&rsquo;un gala avec 400 c\u00e9l\u00e9brit\u00e9s de politique, de m\u00e9dias et d&rsquo;affaires \u00e0 Berlin.<\/p>\n<div id=\"attachment_416941\" class=\"wp-caption alignleft\" style=\"max-width: 300px\"><img fetchpriority=\"high\" decoding=\"async\" class=\"wp-image-416941 size-medium\" src=\"https:\/\/vieassociative.be\/actualites\/wp-content\/uploads\/2025\/06\/Ursula-von-der-Leyen-recoit-le-prix-politique-pour-sa.jpg\" alt=\"\" width=\"300\" height=\"200\"><\/p>\n<p class=\"wp-caption-text\">02.06.2025, Berlin: Joachim Gauck, laur\u00e9at du prix dans la cat\u00e9gorie \u00ab\u00a0Lebenswerk\u00a0\u00bb, conserve son prix apr\u00e8s le prix. Photo: Carsten Koall \/ DPA<\/p>\n<\/div>\n<p>Le Leyen a \u00e9t\u00e9 honor\u00e9 comme un \u00ab\u00a0leader extraordinaire\u00a0\u00bb, qui \u00ab\u00a0m\u00e8ne l&rsquo;Europe \u00e0 des comp\u00e9tences, \u00e0 la d\u00e9termination et \u00e0 la pr\u00e9voyance dans une p\u00e9riode difficile avec une phase d&rsquo;incertitude g\u00e9opolitique\u00a0\u00bb.<\/p>\n<p>Avec le \u00abPolitics Award\u00bb, le magazine \u00abpolitique et communication\u00bb et l&rsquo;Universit\u00e9 Quadriga accordent des politiciens depuis 2003, qui ont \u00e9t\u00e9 remarqu\u00e9s par une performance exceptionnelle.<\/p>\n<p>L&rsquo;ancien pr\u00e9sident f\u00e9d\u00e9ral Joachim Gauck a re\u00e7u le prix pour le travail de sa vie. Le nouveau ministre f\u00e9d\u00e9ral de la construction Verena Hubertz (SPD) a \u00e9t\u00e9 honor\u00e9 comme \u00ab\u00a0l&rsquo;\u00e9quipe promue de l&rsquo;ann\u00e9e\u00a0\u00bb. (DPA \/ CRE)<\/p>\n<p><em><strong>Sur le sujet, voir \u00e9galement l&rsquo;article suivant sur OD:<\/strong><\/em><\/p>\n<div class=\"responsive-embed widescreen\">\n<blockquote class=\"wp-embedded-content\" data-secret=\"5tqq0DKObz\">\n<p>Le prix d&rsquo;Aix-de-Charles pour Ursula von der Leyen: \u00ab\u00a0Notre mission est l&rsquo;ind\u00e9pendance europ\u00e9enne\u00a0\u00bb<\/p>\n<\/blockquote>\n<p><iframe loading=\"lazy\" class=\"wp-embedded-content\" sandbox=\"allow-scripts\" security=\"restricted\" style=\"position: absolute; visibility: hidden;\" title=\"\u201eDer Aachener Karlspreis f\u00fcr Ursula von der Leyen: \u201eUnser Auftrag ist die europ\u00e4ische Unabh\u00e4ngigkeit\u201c\u201c \u2014 Ostbelgien Direkt\" src=\"https:\/\/ostbelgiendirekt.be\/about:blank\" data-secret=\"5tqq0DKObz\" width=\"500\" height=\"282\" frameborder=\"0\" marginwidth=\"0\" marginheight=\"0\" scrolling=\"no\" data-rocket-lazyload=\"fitvidscompatible\" data-lazy-src=\"https:\/\/ostbelgiendirekt.be\/aachener-karlspreis-2025-416539\/embed#?secret=687bJgXcwb#?secret=5tqq0DKObz\"><\/iframe><noscript><iframe class=\"wp-embedded-content\" sandbox=\"allow-scripts\" security=\"restricted\" style=\"position: absolute; visibility: hidden;\" title=\"\u201eDer Aachener Karlspreis f\u00fcr Ursula von der Leyen: \u201eUnser Auftrag ist die europ\u00e4ische Unabh\u00e4ngigkeit\u201c\u201c \u2014 Ostbelgien Direkt\" src=\"https:\/\/ostbelgiendirekt.be\/aachener-karlspreis-2025-416539\/embed#?secret=687bJgXcwb#?secret=5tqq0DKObz\" data-secret=\"5tqq0DKObz\" width=\"500\" height=\"282\" frameborder=\"0\" marginwidth=\"0\" marginheight=\"0\" scrolling=\"no\"><\/iframe><\/noscript><\/p>\n<\/div>\n","protected":false},"excerpt":{"rendered":"<p>Une \u00abpersonnalit\u00e9 de leadership extraordinaire\u00bb dans une grande incertitude: quelques jours apr\u00e8s le prix avec le prix international de Charlemagne \u00e0 Aachen, Ursula von der<\/p>\n","protected":false},"author":1,"featured_media":7946,"comment_status":"","ping_status":"","sticky":false,"template":"","format":"standard","meta":{"footnotes":""},"categories":[298],"tags":[5083,472,4761,668,2597,4764,1513,81,1399,4129,4763,3558],"class_list":["post-7945","post","type-post","status-publish","format-standard","has-post-thumbnail","hentry","category-belgique","tag-aixun","tag-apres","tag-charlemagne","tag-der","tag-direction","tag-leyen","tag-politique","tag-pour","tag-prix","tag-recoit","tag-ursula","tag-von","generate-columns","tablet-grid-50","mobile-grid-100","grid-parent","grid-33"],"yoast_head":"<!-- This site is optimized with the Yoast SEO plugin v24.0 - https:\/\/yoast.com\/wordpress\/plugins\/seo\/ -->\n<title>Ursula von der Leyen re\u00e7oit le \u00abprix politique\u00bb pour sa direction apr\u00e8s le prix Charlemagne \u00e0 Aix-un | Vie Associative<\/title>\n<meta name=\"robots\" content=\"index, follow, max-snippet:-1, max-image-preview:large, max-video-preview:-1\" \/>\n<link rel=\"canonical\" href=\"https:\/\/vieassociative.be\/actualites\/ursula-von-der-leyen-recoit-le-prix-politique-pour-sa-direction-apres-le-prix-charlemagne-a-aix-un\/\" \/>\n<meta property=\"og:locale\" content=\"fr_FR\" \/>\n<meta property=\"og:type\" content=\"article\" \/>\n<meta property=\"og:title\" content=\"Ursula von der Leyen re\u00e7oit le \u00abprix politique\u00bb pour sa direction apr\u00e8s le prix Charlemagne \u00e0 Aix-un | Vie Associative\" \/>\n<meta property=\"og:description\" content=\"Une \u00abpersonnalit\u00e9 de leadership extraordinaire\u00bb dans une grande incertitude: quelques jours apr\u00e8s le prix avec le prix international de Charlemagne \u00e0 Aachen, Ursula von der\" \/>\n<meta property=\"og:url\" content=\"https:\/\/vieassociative.be\/actualites\/ursula-von-der-leyen-recoit-le-prix-politique-pour-sa-direction-apres-le-prix-charlemagne-a-aix-un\/\" \/>\n<meta property=\"og:site_name\" content=\"Vie Associative\" \/>\n<meta property=\"article:published_time\" content=\"2025-06-03T02:17:49+00:00\" \/>\n<meta property=\"og:image\" content=\"https:\/\/vieassociative.be\/actualites\/wp-content\/uploads\/2024\/09\/header_backgroundk-01-e1726694325946.png\" \/>\n\t<meta property=\"og:image:width\" content=\"279\" \/>\n\t<meta property=\"og:image:height\" content=\"92\" \/>\n\t<meta property=\"og:image:type\" content=\"image\/png\" \/>\n<meta name=\"author\" content=\"Julien\" \/>\n<meta name=\"twitter:card\" content=\"summary_large_image\" \/>\n<meta name=\"twitter:label1\" content=\"\u00c9crit par\" \/>\n\t<meta name=\"twitter:data1\" content=\"Julien\" \/>\n\t<meta name=\"twitter:label2\" content=\"Dur\u00e9e de lecture est.\" \/>\n\t<meta name=\"twitter:data2\" content=\"1 minute\" \/>\n<script type=\"application\/ld+json\" class=\"yoast-schema-graph\">{\"@context\":\"https:\/\/schema.org\",\"@graph\":[{\"@type\":\"Article\",\"@id\":\"https:\/\/vieassociative.be\/actualites\/ursula-von-der-leyen-recoit-le-prix-politique-pour-sa-direction-apres-le-prix-charlemagne-a-aix-un\/#article\",\"isPartOf\":{\"@id\":\"https:\/\/vieassociative.be\/actualites\/ursula-von-der-leyen-recoit-le-prix-politique-pour-sa-direction-apres-le-prix-charlemagne-a-aix-un\/\"},\"author\":{\"name\":\"Julien\",\"@id\":\"https:\/\/vieassociative.be\/actualites\/#\/schema\/person\/b87ac4f82f9d4e7b7cec7395b679edc4\"},\"headline\":\"Ursula von der Leyen re\u00e7oit le \u00abprix politique\u00bb pour sa direction apr\u00e8s le prix Charlemagne \u00e0 Aix-un\",\"datePublished\":\"2025-06-03T02:17:49+00:00\",\"dateModified\":\"2025-06-03T02:17:49+00:00\",\"mainEntityOfPage\":{\"@id\":\"https:\/\/vieassociative.be\/actualites\/ursula-von-der-leyen-recoit-le-prix-politique-pour-sa-direction-apres-le-prix-charlemagne-a-aix-un\/\"},\"wordCount\":261,\"publisher\":{\"@id\":\"https:\/\/vieassociative.be\/actualites\/#organization\"},\"image\":{\"@id\":\"https:\/\/vieassociative.be\/actualites\/ursula-von-der-leyen-recoit-le-prix-politique-pour-sa-direction-apres-le-prix-charlemagne-a-aix-un\/#primaryimage\"},\"thumbnailUrl\":\"https:\/\/vieassociative.be\/actualites\/wp-content\/uploads\/2025\/06\/1748917070_Ursula-von-der-Leyen-recoit-le-prix-politique-pour-sa.jpg\",\"keywords\":[\"Aixun\",\"Apr\u00e8s\",\"Charlemagne\",\"der\",\"direction\",\"Leyen\",\"politique\",\"pour\",\"prix\",\"re\u00e7oit\",\"Ursula\",\"von\"],\"articleSection\":[\"Belgique\"],\"inLanguage\":\"fr-BE\"},{\"@type\":\"WebPage\",\"@id\":\"https:\/\/vieassociative.be\/actualites\/ursula-von-der-leyen-recoit-le-prix-politique-pour-sa-direction-apres-le-prix-charlemagne-a-aix-un\/\",\"url\":\"https:\/\/vieassociative.be\/actualites\/ursula-von-der-leyen-recoit-le-prix-politique-pour-sa-direction-apres-le-prix-charlemagne-a-aix-un\/\",\"name\":\"Ursula von der Leyen re\u00e7oit le \u00abprix politique\u00bb pour sa direction apr\u00e8s le prix Charlemagne \u00e0 Aix-un | Vie Associative\",\"isPartOf\":{\"@id\":\"https:\/\/vieassociative.be\/actualites\/#website\"},\"primaryImageOfPage\":{\"@id\":\"https:\/\/vieassociative.be\/actualites\/ursula-von-der-leyen-recoit-le-prix-politique-pour-sa-direction-apres-le-prix-charlemagne-a-aix-un\/#primaryimage\"},\"image\":{\"@id\":\"https:\/\/vieassociative.be\/actualites\/ursula-von-der-leyen-recoit-le-prix-politique-pour-sa-direction-apres-le-prix-charlemagne-a-aix-un\/#primaryimage\"},\"thumbnailUrl\":\"https:\/\/vieassociative.be\/actualites\/wp-content\/uploads\/2025\/06\/1748917070_Ursula-von-der-Leyen-recoit-le-prix-politique-pour-sa.jpg\",\"datePublished\":\"2025-06-03T02:17:49+00:00\",\"dateModified\":\"2025-06-03T02:17:49+00:00\",\"breadcrumb\":{\"@id\":\"https:\/\/vieassociative.be\/actualites\/ursula-von-der-leyen-recoit-le-prix-politique-pour-sa-direction-apres-le-prix-charlemagne-a-aix-un\/#breadcrumb\"},\"inLanguage\":\"fr-BE\",\"potentialAction\":[{\"@type\":\"ReadAction\",\"target\":[\"https:\/\/vieassociative.be\/actualites\/ursula-von-der-leyen-recoit-le-prix-politique-pour-sa-direction-apres-le-prix-charlemagne-a-aix-un\/\"]}]},{\"@type\":\"ImageObject\",\"inLanguage\":\"fr-BE\",\"@id\":\"https:\/\/vieassociative.be\/actualites\/ursula-von-der-leyen-recoit-le-prix-politique-pour-sa-direction-apres-le-prix-charlemagne-a-aix-un\/#primaryimage\",\"url\":\"https:\/\/vieassociative.be\/actualites\/wp-content\/uploads\/2025\/06\/1748917070_Ursula-von-der-Leyen-recoit-le-prix-politique-pour-sa.jpg\",\"contentUrl\":\"https:\/\/vieassociative.be\/actualites\/wp-content\/uploads\/2025\/06\/1748917070_Ursula-von-der-Leyen-recoit-le-prix-politique-pour-sa.jpg\",\"width\":1200,\"height\":800,\"caption\":\"Ursula von der Leyen re\u00e7oit le \u00abprix politique\u00bb pour sa direction apr\u00e8s le prix Charlemagne \u00e0 Aix-un\"},{\"@type\":\"BreadcrumbList\",\"@id\":\"https:\/\/vieassociative.be\/actualites\/ursula-von-der-leyen-recoit-le-prix-politique-pour-sa-direction-apres-le-prix-charlemagne-a-aix-un\/#breadcrumb\",\"itemListElement\":[{\"@type\":\"ListItem\",\"position\":1,\"name\":\"Accueil\",\"item\":\"https:\/\/vieassociative.be\/actualites\/\"},{\"@type\":\"ListItem\",\"position\":2,\"name\":\"Ursula von der Leyen re\u00e7oit le \u00abprix politique\u00bb pour sa direction apr\u00e8s le prix Charlemagne \u00e0 Aix-un\"}]},{\"@type\":\"WebSite\",\"@id\":\"https:\/\/vieassociative.be\/actualites\/#website\",\"url\":\"https:\/\/vieassociative.be\/actualites\/\",\"name\":\"Vie Associative\",\"description\":\"\",\"publisher\":{\"@id\":\"https:\/\/vieassociative.be\/actualites\/#organization\"},\"potentialAction\":[{\"@type\":\"SearchAction\",\"target\":{\"@type\":\"EntryPoint\",\"urlTemplate\":\"https:\/\/vieassociative.be\/actualites\/?s={search_term_string}\"},\"query-input\":{\"@type\":\"PropertyValueSpecification\",\"valueRequired\":true,\"valueName\":\"search_term_string\"}}],\"inLanguage\":\"fr-BE\"},{\"@type\":\"Organization\",\"@id\":\"https:\/\/vieassociative.be\/actualites\/#organization\",\"name\":\"Vie Associative\",\"url\":\"https:\/\/vieassociative.be\/actualites\/\",\"logo\":{\"@type\":\"ImageObject\",\"inLanguage\":\"fr-BE\",\"@id\":\"https:\/\/vieassociative.be\/actualites\/#\/schema\/logo\/image\/\",\"url\":\"https:\/\/vieassociative.be\/actualites\/wp-content\/uploads\/2024\/09\/cropped-vieassociative_favicon.ico.png\",\"contentUrl\":\"https:\/\/vieassociative.be\/actualites\/wp-content\/uploads\/2024\/09\/cropped-vieassociative_favicon.ico.png\",\"width\":512,\"height\":512,\"caption\":\"Vie Associative\"},\"image\":{\"@id\":\"https:\/\/vieassociative.be\/actualites\/#\/schema\/logo\/image\/\"}},{\"@type\":\"Person\",\"@id\":\"https:\/\/vieassociative.be\/actualites\/#\/schema\/person\/b87ac4f82f9d4e7b7cec7395b679edc4\",\"name\":\"Julien\",\"image\":{\"@type\":\"ImageObject\",\"inLanguage\":\"fr-BE\",\"@id\":\"https:\/\/vieassociative.be\/actualites\/#\/schema\/person\/image\/\",\"url\":\"https:\/\/vieassociative.be\/actualites\/wp-content\/uploads\/2024\/09\/vie-associative-1-150x150.jpg\",\"contentUrl\":\"https:\/\/vieassociative.be\/actualites\/wp-content\/uploads\/2024\/09\/vie-associative-1-150x150.jpg\",\"caption\":\"Julien\"},\"description\":\"Je suis Julien, r\u00e9dacteur pour Vie Associative. Passionn\u00e9 par le monde associatif depuis plus de 10 ans, j'ai \u00e0 c\u0153ur de partager des histoires inspirantes et de mettre en lumi\u00e8re les initiatives locales. Mon objectif est de sensibiliser et d'encourager l'engagement communautaire \u00e0 travers mes articles.\",\"sameAs\":[\"https:\/\/vieassociative.be\/\"]}]}<\/script>\n<!-- \/ Yoast SEO plugin. -->","yoast_head_json":{"title":"Ursula von der Leyen re\u00e7oit le \u00abprix politique\u00bb pour sa direction apr\u00e8s le prix Charlemagne \u00e0 Aix-un | Vie Associative","robots":{"index":"index","follow":"follow","max-snippet":"max-snippet:-1","max-image-preview":"max-image-preview:large","max-video-preview":"max-video-preview:-1"},"canonical":"https:\/\/vieassociative.be\/actualites\/ursula-von-der-leyen-recoit-le-prix-politique-pour-sa-direction-apres-le-prix-charlemagne-a-aix-un\/","og_locale":"fr_FR","og_type":"article","og_title":"Ursula von der Leyen re\u00e7oit le \u00abprix politique\u00bb pour sa direction apr\u00e8s le prix Charlemagne \u00e0 Aix-un | Vie Associative","og_description":"Une \u00abpersonnalit\u00e9 de leadership extraordinaire\u00bb dans une grande incertitude: quelques jours apr\u00e8s le prix avec le prix international de Charlemagne \u00e0 Aachen, Ursula von der","og_url":"https:\/\/vieassociative.be\/actualites\/ursula-von-der-leyen-recoit-le-prix-politique-pour-sa-direction-apres-le-prix-charlemagne-a-aix-un\/","og_site_name":"Vie Associative","article_published_time":"2025-06-03T02:17:49+00:00","og_image":[{"width":279,"height":92,"url":"https:\/\/vieassociative.be\/actualites\/wp-content\/uploads\/2024\/09\/header_backgroundk-01-e1726694325946.png","type":"image\/png"}],"author":"Julien","twitter_card":"summary_large_image","twitter_misc":{"\u00c9crit par":"Julien","Dur\u00e9e de lecture est.":"1 minute"},"schema":{"@context":"https:\/\/schema.org","@graph":[{"@type":"Article","@id":"https:\/\/vieassociative.be\/actualites\/ursula-von-der-leyen-recoit-le-prix-politique-pour-sa-direction-apres-le-prix-charlemagne-a-aix-un\/#article","isPartOf":{"@id":"https:\/\/vieassociative.be\/actualites\/ursula-von-der-leyen-recoit-le-prix-politique-pour-sa-direction-apres-le-prix-charlemagne-a-aix-un\/"},"author":{"name":"Julien","@id":"https:\/\/vieassociative.be\/actualites\/#\/schema\/person\/b87ac4f82f9d4e7b7cec7395b679edc4"},"headline":"Ursula von der Leyen re\u00e7oit le \u00abprix politique\u00bb pour sa direction apr\u00e8s le prix Charlemagne \u00e0 Aix-un","datePublished":"2025-06-03T02:17:49+00:00","dateModified":"2025-06-03T02:17:49+00:00","mainEntityOfPage":{"@id":"https:\/\/vieassociative.be\/actualites\/ursula-von-der-leyen-recoit-le-prix-politique-pour-sa-direction-apres-le-prix-charlemagne-a-aix-un\/"},"wordCount":261,"publisher":{"@id":"https:\/\/vieassociative.be\/actualites\/#organization"},"image":{"@id":"https:\/\/vieassociative.be\/actualites\/ursula-von-der-leyen-recoit-le-prix-politique-pour-sa-direction-apres-le-prix-charlemagne-a-aix-un\/#primaryimage"},"thumbnailUrl":"https:\/\/vieassociative.be\/actualites\/wp-content\/uploads\/2025\/06\/1748917070_Ursula-von-der-Leyen-recoit-le-prix-politique-pour-sa.jpg","keywords":["Aixun","Apr\u00e8s","Charlemagne","der","direction","Leyen","politique","pour","prix","re\u00e7oit","Ursula","von"],"articleSection":["Belgique"],"inLanguage":"fr-BE"},{"@type":"WebPage","@id":"https:\/\/vieassociative.be\/actualites\/ursula-von-der-leyen-recoit-le-prix-politique-pour-sa-direction-apres-le-prix-charlemagne-a-aix-un\/","url":"https:\/\/vieassociative.be\/actualites\/ursula-von-der-leyen-recoit-le-prix-politique-pour-sa-direction-apres-le-prix-charlemagne-a-aix-un\/","name":"Ursula von der Leyen re\u00e7oit le \u00abprix politique\u00bb pour sa direction apr\u00e8s le prix Charlemagne \u00e0 Aix-un | Vie Associative","isPartOf":{"@id":"https:\/\/vieassociative.be\/actualites\/#website"},"primaryImageOfPage":{"@id":"https:\/\/vieassociative.be\/actualites\/ursula-von-der-leyen-recoit-le-prix-politique-pour-sa-direction-apres-le-prix-charlemagne-a-aix-un\/#primaryimage"},"image":{"@id":"https:\/\/vieassociative.be\/actualites\/ursula-von-der-leyen-recoit-le-prix-politique-pour-sa-direction-apres-le-prix-charlemagne-a-aix-un\/#primaryimage"},"thumbnailUrl":"https:\/\/vieassociative.be\/actualites\/wp-content\/uploads\/2025\/06\/1748917070_Ursula-von-der-Leyen-recoit-le-prix-politique-pour-sa.jpg","datePublished":"2025-06-03T02:17:49+00:00","dateModified":"2025-06-03T02:17:49+00:00","breadcrumb":{"@id":"https:\/\/vieassociative.be\/actualites\/ursula-von-der-leyen-recoit-le-prix-politique-pour-sa-direction-apres-le-prix-charlemagne-a-aix-un\/#breadcrumb"},"inLanguage":"fr-BE","potentialAction":[{"@type":"ReadAction","target":["https:\/\/vieassociative.be\/actualites\/ursula-von-der-leyen-recoit-le-prix-politique-pour-sa-direction-apres-le-prix-charlemagne-a-aix-un\/"]}]},{"@type":"ImageObject","inLanguage":"fr-BE","@id":"https:\/\/vieassociative.be\/actualites\/ursula-von-der-leyen-recoit-le-prix-politique-pour-sa-direction-apres-le-prix-charlemagne-a-aix-un\/#primaryimage","url":"https:\/\/vieassociative.be\/actualites\/wp-content\/uploads\/2025\/06\/1748917070_Ursula-von-der-Leyen-recoit-le-prix-politique-pour-sa.jpg","contentUrl":"https:\/\/vieassociative.be\/actualites\/wp-content\/uploads\/2025\/06\/1748917070_Ursula-von-der-Leyen-recoit-le-prix-politique-pour-sa.jpg","width":1200,"height":800,"caption":"Ursula von der Leyen re\u00e7oit le \u00abprix politique\u00bb pour sa direction apr\u00e8s le prix Charlemagne \u00e0 Aix-un"},{"@type":"BreadcrumbList","@id":"https:\/\/vieassociative.be\/actualites\/ursula-von-der-leyen-recoit-le-prix-politique-pour-sa-direction-apres-le-prix-charlemagne-a-aix-un\/#breadcrumb","itemListElement":[{"@type":"ListItem","position":1,"name":"Accueil","item":"https:\/\/vieassociative.be\/actualites\/"},{"@type":"ListItem","position":2,"name":"Ursula von der Leyen re\u00e7oit le \u00abprix politique\u00bb pour sa direction apr\u00e8s le prix Charlemagne \u00e0 Aix-un"}]},{"@type":"WebSite","@id":"https:\/\/vieassociative.be\/actualites\/#website","url":"https:\/\/vieassociative.be\/actualites\/","name":"Vie Associative","description":"","publisher":{"@id":"https:\/\/vieassociative.be\/actualites\/#organization"},"potentialAction":[{"@type":"SearchAction","target":{"@type":"EntryPoint","urlTemplate":"https:\/\/vieassociative.be\/actualites\/?s={search_term_string}"},"query-input":{"@type":"PropertyValueSpecification","valueRequired":true,"valueName":"search_term_string"}}],"inLanguage":"fr-BE"},{"@type":"Organization","@id":"https:\/\/vieassociative.be\/actualites\/#organization","name":"Vie Associative","url":"https:\/\/vieassociative.be\/actualites\/","logo":{"@type":"ImageObject","inLanguage":"fr-BE","@id":"https:\/\/vieassociative.be\/actualites\/#\/schema\/logo\/image\/","url":"https:\/\/vieassociative.be\/actualites\/wp-content\/uploads\/2024\/09\/cropped-vieassociative_favicon.ico.png","contentUrl":"https:\/\/vieassociative.be\/actualites\/wp-content\/uploads\/2024\/09\/cropped-vieassociative_favicon.ico.png","width":512,"height":512,"caption":"Vie Associative"},"image":{"@id":"https:\/\/vieassociative.be\/actualites\/#\/schema\/logo\/image\/"}},{"@type":"Person","@id":"https:\/\/vieassociative.be\/actualites\/#\/schema\/person\/b87ac4f82f9d4e7b7cec7395b679edc4","name":"Julien","image":{"@type":"ImageObject","inLanguage":"fr-BE","@id":"https:\/\/vieassociative.be\/actualites\/#\/schema\/person\/image\/","url":"https:\/\/vieassociative.be\/actualites\/wp-content\/uploads\/2024\/09\/vie-associative-1-150x150.jpg","contentUrl":"https:\/\/vieassociative.be\/actualites\/wp-content\/uploads\/2024\/09\/vie-associative-1-150x150.jpg","caption":"Julien"},"description":"Je suis Julien, r\u00e9dacteur pour Vie Associative. Passionn\u00e9 par le monde associatif depuis plus de 10 ans, j'ai \u00e0 c\u0153ur de partager des histoires inspirantes et de mettre en lumi\u00e8re les initiatives locales. Mon objectif est de sensibiliser et d'encourager l'engagement communautaire \u00e0 travers mes articles.","sameAs":["https:\/\/vieassociative.be\/"]}]}},"_links":{"self":[{"href":"https:\/\/vieassociative.be\/actualites\/wp-json\/wp\/v2\/posts\/7945"}],"collection":[{"href":"https:\/\/vieassociative.be\/actualites\/wp-json\/wp\/v2\/posts"}],"about":[{"href":"https:\/\/vieassociative.be\/actualites\/wp-json\/wp\/v2\/types\/post"}],"author":[{"embeddable":true,"href":"https:\/\/vieassociative.be\/actualites\/wp-json\/wp\/v2\/users\/1"}],"replies":[{"embeddable":true,"href":"https:\/\/vieassociative.be\/actualites\/wp-json\/wp\/v2\/comments?post=7945"}],"version-history":[{"count":0,"href":"https:\/\/vieassociative.be\/actualites\/wp-json\/wp\/v2\/posts\/7945\/revisions"}],"wp:featuredmedia":[{"embeddable":true,"href":"https:\/\/vieassociative.be\/actualites\/wp-json\/wp\/v2\/media\/7946"}],"wp:attachment":[{"href":"https:\/\/vieassociative.be\/actualites\/wp-json\/wp\/v2\/media?parent=7945"}],"wp:term":[{"taxonomy":"category","embeddable":true,"href":"https:\/\/vieassociative.be\/actualites\/wp-json\/wp\/v2\/categories?post=7945"},{"taxonomy":"post_tag","embeddable":true,"href":"https:\/\/vieassociative.be\/actualites\/wp-json\/wp\/v2\/tags?post=7945"}],"curies":[{"name":"wp","href":"https:\/\/api.w.org\/{rel}","templated":true}]}}