{"id":7943,"date":"2025-06-03T03:18:47","date_gmt":"2025-06-03T01:18:47","guid":{"rendered":"https:\/\/vieassociative.be\/actualites\/ces-ecouteurs-de-la-commenagement-du-bruit-sony-sont-a-leur-prix-le-plus-bas-de-tous-les-temps\/"},"modified":"2025-06-03T03:18:47","modified_gmt":"2025-06-03T01:18:47","slug":"ces-ecouteurs-de-la-commenagement-du-bruit-sony-sont-a-leur-prix-le-plus-bas-de-tous-les-temps","status":"publish","type":"post","link":"https:\/\/vieassociative.be\/actualites\/ces-ecouteurs-de-la-commenagement-du-bruit-sony-sont-a-leur-prix-le-plus-bas-de-tous-les-temps\/","title":{"rendered":"Ces \u00e9couteurs de la comm\u00e9nagement du bruit Sony sont \u00e0 leur prix le plus bas de tous les temps"},"content":{"rendered":"<div class=\"mt-4 leading-6 md:mb-8\">Ces \u00e9couteurs offrent une autonomie de batterie impressionnante, un confort d&rsquo;oreille et un son immersif.<\/div>\n<p><\/p>\n<p>Si vous cherchez une paire d&rsquo;\u00e9couteurs sans fil qui combinent la qualit\u00e9 sonore avec le confort, ces \u00e9couteurs sony de fa\u00e7on naub\u00e8re sont actuellement en vente pour moins de 100 $. Selon les trackers de prix, ils sont \u00e0 leur prix le plus bas \u00e0 ce jour et sont une alternative digne \u00e0 ceux qui trouvent des \u00e9couteurs intra-auriculaires et \u00e0 clipper inconfortables. <\/p>\n<div class=\"pogoClear mb-12 mt-10 rounded-md border-2 border-gray-100 py-7 shadow-xl md:py-6\">\n<div class=\"flex flex-wrap justify-between px-7 text-black no-underline md:flex-nowrap md:px-8\">\n<div class=\"order-1 mx-auto flex flex-col justify-center md:order-2 md:ml-4 md:w-full md:grow\">\n<div class=\"block cursor-pointer text-center font-akshar text-2xl font-medium leading-7 text-brand-green duration-200 ease-in-out hover:text-brand-green-700 md:text-left md:text-xl md:leading-6\">Sony WH-CH720N Annulation de bruit sans fil\n                <\/div>\n<div class=\"mt-4 hidden md:flex md:justify-between\">\n<div class=\"self-end\">\n<div class=\"mb-0 h-11 md:flex md:flex-col md:justify-center\">\n<div class=\" font-sans leading-4 text-black\">\n<div class=\"flex flex-wrap items-center justify-center gap-x-1 md:justify-start\">\n        <span class=\"font-bold\"><\/p>\n<p>            98,00 $<br \/>\n                            <span class=\"font-medium\">\u00e0 Amazon<\/span><br \/>\n                    <\/span>\n            <\/div>\n<div class=\"flex items-center justify-center gap-x-1 font-bold md:justify-start\">\n            <span class=\"text-sm line-through\">149,99 $<\/span><br \/>\n            <span class=\"text-sm text-brand-green\">\u00c9conomisez 51,99 $<\/span>\n        <\/div>\n<\/p><\/div>\n<\/p><\/div>\n<\/p><\/div>\n<div class=\"w-44 self-end\">\n                            <button class=\"flex justify-center items-center w-full bg-brand-green text-white text-base font-sans font-medium rounded-md hover:bg-brand-green-700 hover:cursor-pointer md:text-sm h-11\"><\/p>\n<p>    Conclure un accord<br \/>\n<\/button>\n                        <\/div>\n<\/p><\/div>\n<\/p><\/div>\n<div class=\"order-2 mt-5 h-auto w-full md:order-1 md:mt-0 md:hidden\">\n<div class=\"flex aspect-video items-center justify-center\">\n                                            <img decoding=\"async\" class=\"m-0 max-h-full max-w-full rounded-md\" src=\"https:\/\/vieassociative.be\/actualites\/wp-content\/uploads\/2025\/06\/Ces-ecouteurs-de-la-commenagement-du-bruit-Sony-sont-a.jpg\" alt=\"\u00c9couteurs de sony en bruit Sony\" width=\"auto\" height=\"auto\" loading=\"lazy\">\n                                    <\/div>\n<\/p><\/div>\n<div class=\"order-2 ml-2 hidden w-32 shrink-0 items-center md:order-1 md:ml-0 md:flex\">\n<div class=\"flex aspect-video items-center justify-center\">\n                                            <img decoding=\"async\" class=\"m-0 max-h-full max-w-full rounded-md\" src=\"https:\/\/vieassociative.be\/actualites\/wp-content\/uploads\/2025\/06\/Ces-ecouteurs-de-la-commenagement-du-bruit-Sony-sont-a.jpg\" alt=\"\u00c9couteurs de sony en bruit Sony\" width=\"auto\" height=\"auto\" loading=\"lazy\">\n                                    <\/div>\n<\/p><\/div>\n<div class=\"order-3 flex grow flex-wrap md:hidden md:grow-0\">\n<div class=\"mt-4 w-full\">\n                        <button class=\"flex justify-center items-center w-full bg-brand-green text-white text-base font-sans font-medium rounded-md hover:bg-brand-green-700 hover:cursor-pointer md:text-sm h-11\"><\/p>\n<p>    Conclure un accord<br \/>\n<\/button>\n                    <\/div>\n<div class=\"mx-2 mt-4 w-full\">\n<div class=\" font-sans leading-4 text-black\">\n<div class=\"flex flex-wrap items-center justify-center gap-x-1 md:justify-start\">\n        <span class=\"font-bold\"><\/p>\n<p>            98,00 $<br \/>\n                            <span class=\"font-medium\">\u00e0 Amazon<\/span><br \/>\n                    <\/span>\n            <\/div>\n<div class=\"flex items-center justify-center gap-x-1 font-bold md:justify-start\">\n            <span class=\"text-sm line-through\">149,99 $<\/span><br \/>\n            <span class=\"text-sm text-brand-green\">\u00c9conomisez 51,99 $<\/span>\n        <\/div>\n<\/p><\/div>\n<\/p><\/div>\n<\/p><\/div>\n<\/p><\/div>\n<\/div>\n<p>Avec des oreilles de moellerie et des capacit\u00e9s sans fil, les \u00e9couteurs les plus l\u00e9gers de Sony (pesant seulement 192 grammes, ou un peu plus de six onces) offrent du confort ainsi que du son plus immersif. Ils conviennent aux longues s\u00e9ances d&rsquo;\u00e9coute ou \u00e0 bloquer les distractions \u00e0 la maison, mais sont \u00e9galement un ajustement potentiel pour les navetteurs ou les travailleurs \u00e0 distance qui ont besoin de se concentrer dans les espaces publics. <\/p>\n<p>La batterie dure jusqu&rsquo;\u00e0 35 heures sur une charge, selon Sony, qui cite \u00e9galement 4,5 heures de lecture pour une charge de 10 minutes. Les \u00e9couteurs sont livr\u00e9s avec des fonctionnalit\u00e9s telles que le mode sonore ambiant r\u00e9glable, qui vous permet de profiter de la qualit\u00e9 du son tout en restant conscient de votre environnement &#8211; similaire aux \u00e9couteurs ouverts &#8211; ainsi que la possibilit\u00e9 d&rsquo;ajuster le son en fonction de votre emplacement.<\/p>\n<div class=\"pogoClear relative my-10 border-b-(1.5px) border-t-(1.5px) border-dashed border-black py-5 sm:my-14 sm:border-0 sm:py-0\" data-ga-click data-ga-template=\"Deals\" data-ga-module=\"openweb_widget\" data-ga-element=\"openweb_scroll\" data-ga-item=\"openweb_scroll_midpage\" x-data=\"{\n         commentsCount: null,\n         hasComments: false,\n         async fetchCommentsCount() {\n             try {\n                 if (window.openweb &amp;&amp; typeof window.openweb.getMessagesCount === 'function') {\n                     this.commentsCount = await window.openweb.getMessagesCount('01JWS4KR9QVS54B2Q331WD6VPY');\n                     this.hasComments = this.commentsCount !== null &amp;&amp; this.commentsCount &gt; 0;\n                 }\n             } catch (e) {\n                 console.warn('Failed to fetch comment count:', e);\n             }\n         }\n     }\" x-init=\"fetchCommentsCount()\" x-cloak><\/p>\n<div class=\"absolute top-1\/2 hidden w-full -translate-y-1\/2 border-t-(1.5px) border-dashed border-black sm:block\"><\/div>\n<div class=\"relative flex justify-center\">\n<div class=\"flex max-w-fit items-center gap-x-3 bg-white px-5\">\n<div class=\"relative\">\n                <span class=\"absolute left-1\/2 top-1\/2 -translate-x-1\/2 -translate-y-1\/2 font-akshar text-sm font-medium text-black\" aria-live=\"polite\" x-show=\"hasComments\" x-text=\"commentsCount\"><\/span><\/p>\n<p>                <svg class=\"h-8 w-8 text-black\" role=\"img\" aria-hidden=\"true\">\n                    <use href=\"http:\/\/lifehacker.com\/images\/icons\/spritemap.svg#sprite-chat-bubble\"><\/use>\n                <\/svg>\n            <\/div>\n<p>            <span class=\"text-sm font-medium text-black\"><\/p>\n<p>                Que pensez-vous jusqu&rsquo;\u00e0 pr\u00e9sent?<br \/>\n                <button class=\"ml-1 font-semibold text-brand-green underline hover:text-brand-green-700\" type=\"button\" aria-label=\"Comment section trigger\" onclick=\"window.openweb.scrollToComments('01JWS4KR9QVS54B2Q331WD6VPY')\" x-text=\"hasComments ? 'Post a comment.' : 'Be the first to post a comment.'\"><\/button><br \/>\n            <\/span>\n        <\/div>\n<\/p><\/div>\n<\/div>\n<p>Compar\u00e9 aux \u00e9couteurs plus chers de marques premium, l&rsquo;ext\u00e9rieur en plastique peut ne pas \u00eatre aussi durable ou \u00e9l\u00e9gant que des mod\u00e8les fabriqu\u00e9s \u00e0 partir de mat\u00e9riaux premium comme l&rsquo;aluminium, l&rsquo;acier inoxydable ou la fibre de carbone. Ils s&rsquo;ajustent \u00e9galement en clics contrairement aux mod\u00e8les haut de gamme, qui pr\u00e9sentent g\u00e9n\u00e9ralement un ajustement sans clic. Enfin, ils ne sont pas r\u00e9sistants \u00e0 l&rsquo;eau, donc cette paire n&rsquo;est pas id\u00e9ale pour les entra\u00eenements ultra-marins. Cela dit, si vous n&rsquo;aimez pas la sensation d&rsquo;\u00e9couteurs et que vous recherchez une annulation de bruit \u00e0 un prix abordable, le<strong> <\/strong>\u00c9couteurs de sony en bruit Sony<strong> <\/strong>peut fournir une alternative au point d&rsquo;entr\u00e9e aux \u00e9couteurs plus chers du bruit de marques de marques comme<strong> <\/strong>Bose ou pomme. <\/p>\n","protected":false},"excerpt":{"rendered":"<p>Ces \u00e9couteurs offrent une autonomie de batterie impressionnante, un confort d&rsquo;oreille et un son immersif. Si vous cherchez une paire d&rsquo;\u00e9couteurs sans fil qui combinent<\/p>\n","protected":false},"author":1,"featured_media":7944,"comment_status":"","ping_status":"","sticky":false,"template":"","format":"standard","meta":{"footnotes":""},"categories":[13],"tags":[700,629,248,7276,1537,14,958,1399,18,2243,790,546],"class_list":["post-7943","post","type-post","status-publish","format-standard","has-post-thumbnail","hentry","category-technologie","tag-bas","tag-bruit","tag-ces","tag-commenagement","tag-ecouteurs","tag-les","tag-leur","tag-prix","tag-sont","tag-sony","tag-temps","tag-tous","generate-columns","tablet-grid-50","mobile-grid-100","grid-parent","grid-33"],"yoast_head":"<!-- This site is optimized with the Yoast SEO plugin v24.0 - https:\/\/yoast.com\/wordpress\/plugins\/seo\/ -->\n<title>Ces \u00e9couteurs de la comm\u00e9nagement du bruit Sony sont \u00e0 leur prix le plus bas de tous les temps | Vie Associative<\/title>\n<meta name=\"robots\" content=\"index, follow, max-snippet:-1, max-image-preview:large, max-video-preview:-1\" \/>\n<link rel=\"canonical\" href=\"https:\/\/vieassociative.be\/actualites\/ces-ecouteurs-de-la-commenagement-du-bruit-sony-sont-a-leur-prix-le-plus-bas-de-tous-les-temps\/\" \/>\n<meta property=\"og:locale\" content=\"fr_FR\" \/>\n<meta property=\"og:type\" content=\"article\" \/>\n<meta property=\"og:title\" content=\"Ces \u00e9couteurs de la comm\u00e9nagement du bruit Sony sont \u00e0 leur prix le plus bas de tous les temps | Vie Associative\" \/>\n<meta property=\"og:description\" content=\"Ces \u00e9couteurs offrent une autonomie de batterie impressionnante, un confort d&rsquo;oreille et un son immersif. Si vous cherchez une paire d&rsquo;\u00e9couteurs sans fil qui combinent\" \/>\n<meta property=\"og:url\" content=\"https:\/\/vieassociative.be\/actualites\/ces-ecouteurs-de-la-commenagement-du-bruit-sony-sont-a-leur-prix-le-plus-bas-de-tous-les-temps\/\" \/>\n<meta property=\"og:site_name\" content=\"Vie Associative\" \/>\n<meta property=\"article:published_time\" content=\"2025-06-03T01:18:47+00:00\" \/>\n<meta property=\"og:image\" content=\"https:\/\/vieassociative.be\/actualites\/wp-content\/uploads\/2025\/06\/Ces-ecouteurs-de-la-commenagement-du-bruit-Sony-sont-a.jpg\" \/>\n<meta name=\"author\" content=\"Julien\" \/>\n<meta name=\"twitter:card\" content=\"summary_large_image\" \/>\n<meta name=\"twitter:label1\" content=\"\u00c9crit par\" \/>\n\t<meta name=\"twitter:data1\" content=\"Julien\" \/>\n\t<meta name=\"twitter:label2\" content=\"Dur\u00e9e de lecture est.\" \/>\n\t<meta name=\"twitter:data2\" content=\"2 minutes\" \/>\n<script type=\"application\/ld+json\" class=\"yoast-schema-graph\">{\"@context\":\"https:\/\/schema.org\",\"@graph\":[{\"@type\":\"Article\",\"@id\":\"https:\/\/vieassociative.be\/actualites\/ces-ecouteurs-de-la-commenagement-du-bruit-sony-sont-a-leur-prix-le-plus-bas-de-tous-les-temps\/#article\",\"isPartOf\":{\"@id\":\"https:\/\/vieassociative.be\/actualites\/ces-ecouteurs-de-la-commenagement-du-bruit-sony-sont-a-leur-prix-le-plus-bas-de-tous-les-temps\/\"},\"author\":{\"name\":\"Julien\",\"@id\":\"https:\/\/vieassociative.be\/actualites\/#\/schema\/person\/b87ac4f82f9d4e7b7cec7395b679edc4\"},\"headline\":\"Ces \u00e9couteurs de la comm\u00e9nagement du bruit Sony sont \u00e0 leur prix le plus bas de tous les temps\",\"datePublished\":\"2025-06-03T01:18:47+00:00\",\"dateModified\":\"2025-06-03T01:18:47+00:00\",\"mainEntityOfPage\":{\"@id\":\"https:\/\/vieassociative.be\/actualites\/ces-ecouteurs-de-la-commenagement-du-bruit-sony-sont-a-leur-prix-le-plus-bas-de-tous-les-temps\/\"},\"wordCount\":408,\"publisher\":{\"@id\":\"https:\/\/vieassociative.be\/actualites\/#organization\"},\"image\":{\"@id\":\"https:\/\/vieassociative.be\/actualites\/ces-ecouteurs-de-la-commenagement-du-bruit-sony-sont-a-leur-prix-le-plus-bas-de-tous-les-temps\/#primaryimage\"},\"thumbnailUrl\":\"https:\/\/vieassociative.be\/actualites\/wp-content\/uploads\/2025\/06\/Ces-ecouteurs-de-la-commenagement-du-bruit-Sony-sont-a.png\",\"keywords\":[\"bas\",\"bruit\",\"ces\",\"comm\u00e9nagement\",\"\u00e9couteurs\",\"Les\",\"leur\",\"prix\",\"sont\",\"Sony\",\"temps\",\"tous\"],\"articleSection\":[\"Technologie\"],\"inLanguage\":\"fr-BE\"},{\"@type\":\"WebPage\",\"@id\":\"https:\/\/vieassociative.be\/actualites\/ces-ecouteurs-de-la-commenagement-du-bruit-sony-sont-a-leur-prix-le-plus-bas-de-tous-les-temps\/\",\"url\":\"https:\/\/vieassociative.be\/actualites\/ces-ecouteurs-de-la-commenagement-du-bruit-sony-sont-a-leur-prix-le-plus-bas-de-tous-les-temps\/\",\"name\":\"Ces \u00e9couteurs de la comm\u00e9nagement du bruit Sony sont \u00e0 leur prix le plus bas de tous les temps | Vie Associative\",\"isPartOf\":{\"@id\":\"https:\/\/vieassociative.be\/actualites\/#website\"},\"primaryImageOfPage\":{\"@id\":\"https:\/\/vieassociative.be\/actualites\/ces-ecouteurs-de-la-commenagement-du-bruit-sony-sont-a-leur-prix-le-plus-bas-de-tous-les-temps\/#primaryimage\"},\"image\":{\"@id\":\"https:\/\/vieassociative.be\/actualites\/ces-ecouteurs-de-la-commenagement-du-bruit-sony-sont-a-leur-prix-le-plus-bas-de-tous-les-temps\/#primaryimage\"},\"thumbnailUrl\":\"https:\/\/vieassociative.be\/actualites\/wp-content\/uploads\/2025\/06\/Ces-ecouteurs-de-la-commenagement-du-bruit-Sony-sont-a.png\",\"datePublished\":\"2025-06-03T01:18:47+00:00\",\"dateModified\":\"2025-06-03T01:18:47+00:00\",\"breadcrumb\":{\"@id\":\"https:\/\/vieassociative.be\/actualites\/ces-ecouteurs-de-la-commenagement-du-bruit-sony-sont-a-leur-prix-le-plus-bas-de-tous-les-temps\/#breadcrumb\"},\"inLanguage\":\"fr-BE\",\"potentialAction\":[{\"@type\":\"ReadAction\",\"target\":[\"https:\/\/vieassociative.be\/actualites\/ces-ecouteurs-de-la-commenagement-du-bruit-sony-sont-a-leur-prix-le-plus-bas-de-tous-les-temps\/\"]}]},{\"@type\":\"ImageObject\",\"inLanguage\":\"fr-BE\",\"@id\":\"https:\/\/vieassociative.be\/actualites\/ces-ecouteurs-de-la-commenagement-du-bruit-sony-sont-a-leur-prix-le-plus-bas-de-tous-les-temps\/#primaryimage\",\"url\":\"https:\/\/vieassociative.be\/actualites\/wp-content\/uploads\/2025\/06\/Ces-ecouteurs-de-la-commenagement-du-bruit-Sony-sont-a.png\",\"contentUrl\":\"https:\/\/vieassociative.be\/actualites\/wp-content\/uploads\/2025\/06\/Ces-ecouteurs-de-la-commenagement-du-bruit-Sony-sont-a.png\",\"width\":1200,\"height\":675,\"caption\":\"Ces \u00e9couteurs de la comm\u00e9nagement du bruit Sony sont \u00e0 leur prix le plus bas de tous les temps\"},{\"@type\":\"BreadcrumbList\",\"@id\":\"https:\/\/vieassociative.be\/actualites\/ces-ecouteurs-de-la-commenagement-du-bruit-sony-sont-a-leur-prix-le-plus-bas-de-tous-les-temps\/#breadcrumb\",\"itemListElement\":[{\"@type\":\"ListItem\",\"position\":1,\"name\":\"Accueil\",\"item\":\"https:\/\/vieassociative.be\/actualites\/\"},{\"@type\":\"ListItem\",\"position\":2,\"name\":\"Ces \u00e9couteurs de la comm\u00e9nagement du bruit Sony sont \u00e0 leur prix le plus bas de tous les temps\"}]},{\"@type\":\"WebSite\",\"@id\":\"https:\/\/vieassociative.be\/actualites\/#website\",\"url\":\"https:\/\/vieassociative.be\/actualites\/\",\"name\":\"Vie Associative\",\"description\":\"\",\"publisher\":{\"@id\":\"https:\/\/vieassociative.be\/actualites\/#organization\"},\"potentialAction\":[{\"@type\":\"SearchAction\",\"target\":{\"@type\":\"EntryPoint\",\"urlTemplate\":\"https:\/\/vieassociative.be\/actualites\/?s={search_term_string}\"},\"query-input\":{\"@type\":\"PropertyValueSpecification\",\"valueRequired\":true,\"valueName\":\"search_term_string\"}}],\"inLanguage\":\"fr-BE\"},{\"@type\":\"Organization\",\"@id\":\"https:\/\/vieassociative.be\/actualites\/#organization\",\"name\":\"Vie Associative\",\"url\":\"https:\/\/vieassociative.be\/actualites\/\",\"logo\":{\"@type\":\"ImageObject\",\"inLanguage\":\"fr-BE\",\"@id\":\"https:\/\/vieassociative.be\/actualites\/#\/schema\/logo\/image\/\",\"url\":\"https:\/\/vieassociative.be\/actualites\/wp-content\/uploads\/2024\/09\/cropped-vieassociative_favicon.ico.png\",\"contentUrl\":\"https:\/\/vieassociative.be\/actualites\/wp-content\/uploads\/2024\/09\/cropped-vieassociative_favicon.ico.png\",\"width\":512,\"height\":512,\"caption\":\"Vie Associative\"},\"image\":{\"@id\":\"https:\/\/vieassociative.be\/actualites\/#\/schema\/logo\/image\/\"}},{\"@type\":\"Person\",\"@id\":\"https:\/\/vieassociative.be\/actualites\/#\/schema\/person\/b87ac4f82f9d4e7b7cec7395b679edc4\",\"name\":\"Julien\",\"image\":{\"@type\":\"ImageObject\",\"inLanguage\":\"fr-BE\",\"@id\":\"https:\/\/vieassociative.be\/actualites\/#\/schema\/person\/image\/\",\"url\":\"https:\/\/vieassociative.be\/actualites\/wp-content\/uploads\/2024\/09\/vie-associative-1-150x150.jpg\",\"contentUrl\":\"https:\/\/vieassociative.be\/actualites\/wp-content\/uploads\/2024\/09\/vie-associative-1-150x150.jpg\",\"caption\":\"Julien\"},\"description\":\"Je suis Julien, r\u00e9dacteur pour Vie Associative. Passionn\u00e9 par le monde associatif depuis plus de 10 ans, j'ai \u00e0 c\u0153ur de partager des histoires inspirantes et de mettre en lumi\u00e8re les initiatives locales. Mon objectif est de sensibiliser et d'encourager l'engagement communautaire \u00e0 travers mes articles.\",\"sameAs\":[\"https:\/\/vieassociative.be\/\"]}]}<\/script>\n<!-- \/ Yoast SEO plugin. -->","yoast_head_json":{"title":"Ces \u00e9couteurs de la comm\u00e9nagement du bruit Sony sont \u00e0 leur prix le plus bas de tous les temps | Vie Associative","robots":{"index":"index","follow":"follow","max-snippet":"max-snippet:-1","max-image-preview":"max-image-preview:large","max-video-preview":"max-video-preview:-1"},"canonical":"https:\/\/vieassociative.be\/actualites\/ces-ecouteurs-de-la-commenagement-du-bruit-sony-sont-a-leur-prix-le-plus-bas-de-tous-les-temps\/","og_locale":"fr_FR","og_type":"article","og_title":"Ces \u00e9couteurs de la comm\u00e9nagement du bruit Sony sont \u00e0 leur prix le plus bas de tous les temps | Vie Associative","og_description":"Ces \u00e9couteurs offrent une autonomie de batterie impressionnante, un confort d&rsquo;oreille et un son immersif. Si vous cherchez une paire d&rsquo;\u00e9couteurs sans fil qui combinent","og_url":"https:\/\/vieassociative.be\/actualites\/ces-ecouteurs-de-la-commenagement-du-bruit-sony-sont-a-leur-prix-le-plus-bas-de-tous-les-temps\/","og_site_name":"Vie Associative","article_published_time":"2025-06-03T01:18:47+00:00","og_image":[{"url":"https:\/\/vieassociative.be\/actualites\/wp-content\/uploads\/2025\/06\/Ces-ecouteurs-de-la-commenagement-du-bruit-Sony-sont-a.jpg","type":"","width":"","height":""}],"author":"Julien","twitter_card":"summary_large_image","twitter_misc":{"\u00c9crit par":"Julien","Dur\u00e9e de lecture est.":"2 minutes"},"schema":{"@context":"https:\/\/schema.org","@graph":[{"@type":"Article","@id":"https:\/\/vieassociative.be\/actualites\/ces-ecouteurs-de-la-commenagement-du-bruit-sony-sont-a-leur-prix-le-plus-bas-de-tous-les-temps\/#article","isPartOf":{"@id":"https:\/\/vieassociative.be\/actualites\/ces-ecouteurs-de-la-commenagement-du-bruit-sony-sont-a-leur-prix-le-plus-bas-de-tous-les-temps\/"},"author":{"name":"Julien","@id":"https:\/\/vieassociative.be\/actualites\/#\/schema\/person\/b87ac4f82f9d4e7b7cec7395b679edc4"},"headline":"Ces \u00e9couteurs de la comm\u00e9nagement du bruit Sony sont \u00e0 leur prix le plus bas de tous les temps","datePublished":"2025-06-03T01:18:47+00:00","dateModified":"2025-06-03T01:18:47+00:00","mainEntityOfPage":{"@id":"https:\/\/vieassociative.be\/actualites\/ces-ecouteurs-de-la-commenagement-du-bruit-sony-sont-a-leur-prix-le-plus-bas-de-tous-les-temps\/"},"wordCount":408,"publisher":{"@id":"https:\/\/vieassociative.be\/actualites\/#organization"},"image":{"@id":"https:\/\/vieassociative.be\/actualites\/ces-ecouteurs-de-la-commenagement-du-bruit-sony-sont-a-leur-prix-le-plus-bas-de-tous-les-temps\/#primaryimage"},"thumbnailUrl":"https:\/\/vieassociative.be\/actualites\/wp-content\/uploads\/2025\/06\/Ces-ecouteurs-de-la-commenagement-du-bruit-Sony-sont-a.png","keywords":["bas","bruit","ces","comm\u00e9nagement","\u00e9couteurs","Les","leur","prix","sont","Sony","temps","tous"],"articleSection":["Technologie"],"inLanguage":"fr-BE"},{"@type":"WebPage","@id":"https:\/\/vieassociative.be\/actualites\/ces-ecouteurs-de-la-commenagement-du-bruit-sony-sont-a-leur-prix-le-plus-bas-de-tous-les-temps\/","url":"https:\/\/vieassociative.be\/actualites\/ces-ecouteurs-de-la-commenagement-du-bruit-sony-sont-a-leur-prix-le-plus-bas-de-tous-les-temps\/","name":"Ces \u00e9couteurs de la comm\u00e9nagement du bruit Sony sont \u00e0 leur prix le plus bas de tous les temps | Vie Associative","isPartOf":{"@id":"https:\/\/vieassociative.be\/actualites\/#website"},"primaryImageOfPage":{"@id":"https:\/\/vieassociative.be\/actualites\/ces-ecouteurs-de-la-commenagement-du-bruit-sony-sont-a-leur-prix-le-plus-bas-de-tous-les-temps\/#primaryimage"},"image":{"@id":"https:\/\/vieassociative.be\/actualites\/ces-ecouteurs-de-la-commenagement-du-bruit-sony-sont-a-leur-prix-le-plus-bas-de-tous-les-temps\/#primaryimage"},"thumbnailUrl":"https:\/\/vieassociative.be\/actualites\/wp-content\/uploads\/2025\/06\/Ces-ecouteurs-de-la-commenagement-du-bruit-Sony-sont-a.png","datePublished":"2025-06-03T01:18:47+00:00","dateModified":"2025-06-03T01:18:47+00:00","breadcrumb":{"@id":"https:\/\/vieassociative.be\/actualites\/ces-ecouteurs-de-la-commenagement-du-bruit-sony-sont-a-leur-prix-le-plus-bas-de-tous-les-temps\/#breadcrumb"},"inLanguage":"fr-BE","potentialAction":[{"@type":"ReadAction","target":["https:\/\/vieassociative.be\/actualites\/ces-ecouteurs-de-la-commenagement-du-bruit-sony-sont-a-leur-prix-le-plus-bas-de-tous-les-temps\/"]}]},{"@type":"ImageObject","inLanguage":"fr-BE","@id":"https:\/\/vieassociative.be\/actualites\/ces-ecouteurs-de-la-commenagement-du-bruit-sony-sont-a-leur-prix-le-plus-bas-de-tous-les-temps\/#primaryimage","url":"https:\/\/vieassociative.be\/actualites\/wp-content\/uploads\/2025\/06\/Ces-ecouteurs-de-la-commenagement-du-bruit-Sony-sont-a.png","contentUrl":"https:\/\/vieassociative.be\/actualites\/wp-content\/uploads\/2025\/06\/Ces-ecouteurs-de-la-commenagement-du-bruit-Sony-sont-a.png","width":1200,"height":675,"caption":"Ces \u00e9couteurs de la comm\u00e9nagement du bruit Sony sont \u00e0 leur prix le plus bas de tous les temps"},{"@type":"BreadcrumbList","@id":"https:\/\/vieassociative.be\/actualites\/ces-ecouteurs-de-la-commenagement-du-bruit-sony-sont-a-leur-prix-le-plus-bas-de-tous-les-temps\/#breadcrumb","itemListElement":[{"@type":"ListItem","position":1,"name":"Accueil","item":"https:\/\/vieassociative.be\/actualites\/"},{"@type":"ListItem","position":2,"name":"Ces \u00e9couteurs de la comm\u00e9nagement du bruit Sony sont \u00e0 leur prix le plus bas de tous les temps"}]},{"@type":"WebSite","@id":"https:\/\/vieassociative.be\/actualites\/#website","url":"https:\/\/vieassociative.be\/actualites\/","name":"Vie Associative","description":"","publisher":{"@id":"https:\/\/vieassociative.be\/actualites\/#organization"},"potentialAction":[{"@type":"SearchAction","target":{"@type":"EntryPoint","urlTemplate":"https:\/\/vieassociative.be\/actualites\/?s={search_term_string}"},"query-input":{"@type":"PropertyValueSpecification","valueRequired":true,"valueName":"search_term_string"}}],"inLanguage":"fr-BE"},{"@type":"Organization","@id":"https:\/\/vieassociative.be\/actualites\/#organization","name":"Vie Associative","url":"https:\/\/vieassociative.be\/actualites\/","logo":{"@type":"ImageObject","inLanguage":"fr-BE","@id":"https:\/\/vieassociative.be\/actualites\/#\/schema\/logo\/image\/","url":"https:\/\/vieassociative.be\/actualites\/wp-content\/uploads\/2024\/09\/cropped-vieassociative_favicon.ico.png","contentUrl":"https:\/\/vieassociative.be\/actualites\/wp-content\/uploads\/2024\/09\/cropped-vieassociative_favicon.ico.png","width":512,"height":512,"caption":"Vie Associative"},"image":{"@id":"https:\/\/vieassociative.be\/actualites\/#\/schema\/logo\/image\/"}},{"@type":"Person","@id":"https:\/\/vieassociative.be\/actualites\/#\/schema\/person\/b87ac4f82f9d4e7b7cec7395b679edc4","name":"Julien","image":{"@type":"ImageObject","inLanguage":"fr-BE","@id":"https:\/\/vieassociative.be\/actualites\/#\/schema\/person\/image\/","url":"https:\/\/vieassociative.be\/actualites\/wp-content\/uploads\/2024\/09\/vie-associative-1-150x150.jpg","contentUrl":"https:\/\/vieassociative.be\/actualites\/wp-content\/uploads\/2024\/09\/vie-associative-1-150x150.jpg","caption":"Julien"},"description":"Je suis Julien, r\u00e9dacteur pour Vie Associative. Passionn\u00e9 par le monde associatif depuis plus de 10 ans, j'ai \u00e0 c\u0153ur de partager des histoires inspirantes et de mettre en lumi\u00e8re les initiatives locales. Mon objectif est de sensibiliser et d'encourager l'engagement communautaire \u00e0 travers mes articles.","sameAs":["https:\/\/vieassociative.be\/"]}]}},"_links":{"self":[{"href":"https:\/\/vieassociative.be\/actualites\/wp-json\/wp\/v2\/posts\/7943"}],"collection":[{"href":"https:\/\/vieassociative.be\/actualites\/wp-json\/wp\/v2\/posts"}],"about":[{"href":"https:\/\/vieassociative.be\/actualites\/wp-json\/wp\/v2\/types\/post"}],"author":[{"embeddable":true,"href":"https:\/\/vieassociative.be\/actualites\/wp-json\/wp\/v2\/users\/1"}],"replies":[{"embeddable":true,"href":"https:\/\/vieassociative.be\/actualites\/wp-json\/wp\/v2\/comments?post=7943"}],"version-history":[{"count":0,"href":"https:\/\/vieassociative.be\/actualites\/wp-json\/wp\/v2\/posts\/7943\/revisions"}],"wp:featuredmedia":[{"embeddable":true,"href":"https:\/\/vieassociative.be\/actualites\/wp-json\/wp\/v2\/media\/7944"}],"wp:attachment":[{"href":"https:\/\/vieassociative.be\/actualites\/wp-json\/wp\/v2\/media?parent=7943"}],"wp:term":[{"taxonomy":"category","embeddable":true,"href":"https:\/\/vieassociative.be\/actualites\/wp-json\/wp\/v2\/categories?post=7943"},{"taxonomy":"post_tag","embeddable":true,"href":"https:\/\/vieassociative.be\/actualites\/wp-json\/wp\/v2\/tags?post=7943"}],"curies":[{"name":"wp","href":"https:\/\/api.w.org\/{rel}","templated":true}]}}