{"id":7941,"date":"2025-06-03T02:17:23","date_gmt":"2025-06-03T00:17:23","guid":{"rendered":"https:\/\/vieassociative.be\/actualites\/cinq-facons-dont-les-entreprises-vous-incitent-a-penser-que-leurs-produits-sont-fabriques-aux-etats-unis\/"},"modified":"2025-06-03T02:17:23","modified_gmt":"2025-06-03T00:17:23","slug":"cinq-facons-dont-les-entreprises-vous-incitent-a-penser-que-leurs-produits-sont-fabriques-aux-etats-unis","status":"publish","type":"post","link":"https:\/\/vieassociative.be\/actualites\/cinq-facons-dont-les-entreprises-vous-incitent-a-penser-que-leurs-produits-sont-fabriques-aux-etats-unis\/","title":{"rendered":"Cinq fa\u00e7ons dont les entreprises vous incitent \u00e0 penser que leurs produits sont fabriqu\u00e9s aux \u00c9tats-Unis"},"content":{"rendered":"<div class=\"mt-4 leading-6 md:mb-8\">Les entreprises peuvent (et faire) vous mentir tout le temps \u00e0 ce sujet.<\/div>\n<p><\/p>\n<p>Beaucoup d&rsquo;Am\u00e9ricains subissent un cours intensif dans un terme \u00e9conomique qui \u00e9tait, jusqu&rsquo;\u00e0 tr\u00e8s r\u00e9cemment, assez obscur: des tarifs. L&rsquo;\u00e9conomie peut devenir assez compliqu\u00e9e, et conna\u00eetre les tenants et aboutissants des politiques tarifaires et comment elles pourraient &#8211; ou ne pas! Les produits fabriqu\u00e9s au niveau national ne seront pas affect\u00e9s, surtout si les composants et les ingr\u00e9dients utilis\u00e9s sont <em>aussi<\/em> assur\u00e9 au niveau national.<\/p>\n<p>Cela devrait rendre les hausses de prix tarifaires d&rsquo;\u00e9vasion assez simples: cherchez simplement des trucs qui ont \u00e9t\u00e9 fabriqu\u00e9s en Am\u00e9rique, non? Ce n&rsquo;est pas infaillible, mais c&rsquo;est une strat\u00e9gie raisonnable. Le probl\u00e8me avec cette strat\u00e9gie apparemment simple, cependant, est qu&rsquo;il est en fait tr\u00e8s facile pour les entreprises d&rsquo;\u00eatre trompeuses quant \u00e0 la fabrication de leurs produits. Si vous essayez de soutenir la fabrication am\u00e9ricaine et d&rsquo;\u00e9chapper \u00e0 l&rsquo;impact \u00e9conomique des tarifs, vous devez conna\u00eetre ces astuces que les entreprises jouent pour vous faire <em>pense<\/em> Leur produit a \u00e9t\u00e9 fabriqu\u00e9 aux \u00c9tats-Unis.<\/p>\n<h2 id=\"wording\">Formulation<\/h2>\n<p>La premi\u00e8re chose \u00e0 regarder est les mots utilis\u00e9s pour d\u00e9crire le produit. La phrase pr\u00e9cise \u00abMade in USA\u00bb est une norme d\u00e9finie par la Federal Trade Commission (FTC) en tant que produit qui est fabriqu\u00e9 \u00abtout ou pratiquement\u00bb aux \u00c9tats-Unis, y compris Washington DC et les territoires. C&rsquo;est une norme assez stricte, donc les produits qui utilisent des mat\u00e9riaux import\u00e9s ou fabriqu\u00e9s \u00e0 l&rsquo;\u00e9chelle mondiale ne peuvent pas utiliser l&rsquo;\u00e9tiquette \u00abMade in USA\u00bb.<\/p>\n<p>Ils<em> peut<\/em>Cependant, utilisez un langage similaire, comme:<\/p>\n<ul>\n<li>\n<p><em>Assembl\u00e9 <\/em>en Am\u00e9rique<\/p>\n<\/li>\n<li>\n<p><em>Fabriqu\u00e9<\/em> aux \u00c9tats-Unis<\/p>\n<\/li>\n<li>\n<p><em>Con\u00e7u<\/em> aux \u00c9tats-Unis<\/p>\n<\/li>\n<li>\n<p><em>Inspir\u00e9 par l&rsquo;artisanat am\u00e9ricain<\/em><\/p>\n<\/li>\n<\/ul>\n<p>Aucune de ces phrases ne veut dire, l\u00e9galement, mais si vous ne recherchez pas tous les produits que vous rencontrez, vous pourriez raisonnablement supposer qu&rsquo;ils signifient que le produit est fabriqu\u00e9 ici.<\/p>\n<p>Une autre fa\u00e7on dont les entreprises peuvent vous tromper avec \u00abMade in USA\u00bb consiste \u00e0 inclure la phrase dans sa description de produit ou le marketing dans un contexte diff\u00e9rent. Par exemple, il pourrait y avoir une phrase indiquant que le produit fonctionne mieux que les autres produits fabriqu\u00e9s aux \u00c9tats-Unis. Ils ne disent pas vraiment que <em>leur<\/em> Le produit est fabriqu\u00e9 en Am\u00e9rique, mais l&rsquo;inclusion de la phrase donne l&rsquo;impression qu&rsquo;elle est.<\/p>\n<h2 id=\"imagery\">Imagerie<\/h2>\n<p>Une fa\u00e7on subtile pour les entreprises essaie d&rsquo;impliquer les produits fabriqu\u00e9s aux \u00c9tats-Unis alors qu&rsquo;elles ne le sont vraiment pas \u00e0 travers des images simples: les drapeaux am\u00e9ricains, les pygargues \u00e0 t\u00eate blanche et les sch\u00e9mas de couleurs blanc-blanc et bleu semblent tous patriotiques et domestiques sans signifier r\u00e9ellement quoi que ce soit. De m\u00eame, les cartes des \u00c9tats-Unis continentales sont embl\u00e9matiques et instantan\u00e9ment reconnaissables et impliquent que le produit est fabriqu\u00e9 ici en Am\u00e9rique, mais ne dites rien du tout.<\/p>\n<p>Parfois, les drapeaux et autres iconographies am\u00e9ricaines sont utilis\u00e9s en conjonction avec un point de rep\u00e8re sp\u00e9cifique qui est instantan\u00e9ment reconnaissable comme am\u00e9ricain, comme la Statue de la Libert\u00e9 ou le Washington Monument. Cela met l&rsquo;accent sur les \u00abAm\u00e9ricains\u00bb du produit sans faire de r\u00e9clamations sp\u00e9cifiques (ou exploitables) sur ses origines ou son lieu de fabrication.<\/p>\n<div class=\"pogoClear relative my-10 border-b-(1.5px) border-t-(1.5px) border-dashed border-black py-5 sm:my-14 sm:border-0 sm:py-0\" data-ga-click data-ga-template=\"Explainers\" data-ga-module=\"openweb_widget\" data-ga-element=\"openweb_scroll\" data-ga-item=\"openweb_scroll_midpage\" x-data=\"{\n         commentsCount: null,\n         hasComments: false,\n         async fetchCommentsCount() {\n             try {\n                 if (window.openweb &amp;&amp; typeof window.openweb.getMessagesCount === 'function') {\n                     this.commentsCount = await window.openweb.getMessagesCount('01JWRR3ARFWYBR2FYAP4FXA94S');\n                     this.hasComments = this.commentsCount !== null &amp;&amp; this.commentsCount &gt; 0;\n                 }\n             } catch (e) {\n                 console.warn('Failed to fetch comment count:', e);\n             }\n         }\n     }\" x-init=\"fetchCommentsCount()\" x-cloak><\/p>\n<div class=\"absolute top-1\/2 hidden w-full -translate-y-1\/2 border-t-(1.5px) border-dashed border-black sm:block\"><\/div>\n<div class=\"relative flex justify-center\">\n<div class=\"flex max-w-fit items-center gap-x-3 bg-white px-5\">\n<div class=\"relative\">\n                <span class=\"absolute left-1\/2 top-1\/2 -translate-x-1\/2 -translate-y-1\/2 font-akshar text-sm font-medium text-black\" aria-live=\"polite\" x-show=\"hasComments\" x-text=\"commentsCount\"><\/span><\/p>\n<p>                <svg class=\"h-8 w-8 text-black\" role=\"img\" aria-hidden=\"true\">\n                    <use href=\"http:\/\/lifehacker.com\/images\/icons\/spritemap.svg#sprite-chat-bubble\"><\/use>\n                <\/svg>\n            <\/div>\n<p>            <span class=\"text-sm font-medium text-black\"><\/p>\n<p>                Que pensez-vous jusqu&rsquo;\u00e0 pr\u00e9sent?<br \/>\n                <button class=\"ml-1 font-semibold text-brand-green underline hover:text-brand-green-700\" type=\"button\" aria-label=\"Comment section trigger\" onclick=\"window.openweb.scrollToComments('01JWRR3ARFWYBR2FYAP4FXA94S')\" x-text=\"hasComments ? 'Post a comment.' : 'Be the first to post a comment.'\"><\/button><br \/>\n            <\/span>\n        <\/div>\n<\/p><\/div>\n<\/div>\n<h2 id=\"disclaimers\">Avertissement<\/h2>\n<p>L&rsquo;avis de non-responsabilit\u00e9 juridique est une tactique \u00e0 l&rsquo;ancienne pour \u00e9chapper \u00e0 la responsabilit\u00e9 des pratiques trompeuses, et elle est bien vivante. Les entreprises vendent parfois des articles qui impliquent fortement qu&rsquo;elles sont fabriqu\u00e9es aux \u00c9tats-Unis, mais incluent un avertissement dans un endroit conseillant les consommateurs autrement.<\/p>\n<p>Un excellent exemple de cela est sur le site Web de Walmart, o\u00f9 une lecture de non-responsabilit\u00e9, en partie, \u00abpour certains articles vendus par Walmart sur Walmart.com, les informations affich\u00e9es du pays d&rsquo;origine peuvent ne pas \u00eatre exactes ou coh\u00e9rentes avec les informations du fabricant\u00bb appara\u00eet sur des dizaines d&rsquo;articles vendus sur le site Web. Essentiellement, l&rsquo;avertissement admet que certains produits sont trompeurs quant \u00e0 leurs origines, et c&rsquo;est \u00e0 vous de plonger en profondeur dans les informations sur le produit pour d\u00e9couvrir la v\u00e9rit\u00e9.<\/p>\n<h2 id=\"headquarter-focus\">Focus du si\u00e8ge<\/h2>\n<p>Une astuce facile qu&rsquo;une entreprise peut utiliser pour vous tromper en pensant que ses produits sont fabriqu\u00e9s ici aux \u00c9tats-Unis est de sur-insister sur son si\u00e8ge social. En d\u00e9clarant \u00e0 plusieurs reprises que l&rsquo;entreprise est \u00abbas\u00e9e\u00bb dans une ville ou un \u00c9tat am\u00e9ricain, ils forgent un lien psychologique entre leurs produits et les \u00c9tats-Unis, mais ce n&rsquo;est pas parce que la pr\u00e9sence d&rsquo;entreprise d&rsquo;une entreprise est aux \u00c9tats-Unis. Si vous faites l&rsquo;hypoth\u00e8se que cela signifie que le produit est fabriqu\u00e9 ici, eh bien, c&rsquo;est sur vous.<\/p>\n<h2 id=\"broad-definition\">D\u00e9finition large<\/h2>\n<p>Une autre fa\u00e7on d\u00e9licate les entreprises pr\u00e9tendent que leurs affaires sont faites ici aux \u00c9tats-Unis est d&rsquo;utiliser une d\u00e9finition large de \u00abl&rsquo;Am\u00e9rique\u00bb &#8211; dans le sens des \u00abAm\u00e9riques\u00bb, y compris le nord, le sud et l&rsquo;Am\u00e9rique centrale. S\u00e9mantiquement exact, cette phrase vous permet de supposer que \u00abl&rsquo;Am\u00e9rique\u00bb signifie les \u00c9tats-Unis tandis que les articles sont r\u00e9ellement fabriqu\u00e9s au Mexique ou au Canada. Par exemple, la soci\u00e9t\u00e9 de d\u00e9marrage Lucchese utilise beaucoup l&rsquo;expression dans leur marketing, mais beaucoup de leurs bottes sont fabriqu\u00e9es au Mexique, en Chine et au Br\u00e9sil.<\/p>\n","protected":false},"excerpt":{"rendered":"<p>Les entreprises peuvent (et faire) vous mentir tout le temps \u00e0 ce sujet. Beaucoup d&rsquo;Am\u00e9ricains subissent un cours intensif dans un terme \u00e9conomique qui \u00e9tait,<\/p>\n","protected":false},"author":1,"featured_media":7942,"comment_status":"","ping_status":"","sticky":false,"template":"","format":"standard","meta":{"footnotes":""},"categories":[41],"tags":[289,317,257,1789,290,5130,119,7142,14,845,5849,1352,18,4],"class_list":["post-7941","post","type-post","status-publish","format-standard","has-post-thumbnail","hentry","category-argent","tag-aux","tag-cinq","tag-dont","tag-entreprises","tag-etatsunis","tag-fabriques","tag-facons","tag-incitent","tag-les","tag-leurs","tag-penser","tag-produits","tag-sont","tag-vous","generate-columns","tablet-grid-50","mobile-grid-100","grid-parent","grid-33"],"yoast_head":"<!-- This site is optimized with the Yoast SEO plugin v24.0 - https:\/\/yoast.com\/wordpress\/plugins\/seo\/ -->\n<title>Cinq fa\u00e7ons dont les entreprises vous incitent \u00e0 penser que leurs produits sont fabriqu\u00e9s aux \u00c9tats-Unis | Vie Associative<\/title>\n<meta name=\"robots\" content=\"index, follow, max-snippet:-1, max-image-preview:large, max-video-preview:-1\" \/>\n<link rel=\"canonical\" href=\"https:\/\/vieassociative.be\/actualites\/cinq-facons-dont-les-entreprises-vous-incitent-a-penser-que-leurs-produits-sont-fabriques-aux-etats-unis\/\" \/>\n<meta property=\"og:locale\" content=\"fr_FR\" \/>\n<meta property=\"og:type\" content=\"article\" \/>\n<meta property=\"og:title\" content=\"Cinq fa\u00e7ons dont les entreprises vous incitent \u00e0 penser que leurs produits sont fabriqu\u00e9s aux \u00c9tats-Unis | Vie Associative\" \/>\n<meta property=\"og:description\" content=\"Les entreprises peuvent (et faire) vous mentir tout le temps \u00e0 ce sujet. Beaucoup d&rsquo;Am\u00e9ricains subissent un cours intensif dans un terme \u00e9conomique qui \u00e9tait,\" \/>\n<meta property=\"og:url\" content=\"https:\/\/vieassociative.be\/actualites\/cinq-facons-dont-les-entreprises-vous-incitent-a-penser-que-leurs-produits-sont-fabriques-aux-etats-unis\/\" \/>\n<meta property=\"og:site_name\" content=\"Vie Associative\" \/>\n<meta property=\"article:published_time\" content=\"2025-06-03T00:17:23+00:00\" \/>\n<meta property=\"og:image\" content=\"https:\/\/vieassociative.be\/actualites\/wp-content\/uploads\/2024\/09\/header_backgroundk-01-e1726694325946.png\" \/>\n\t<meta property=\"og:image:width\" content=\"279\" \/>\n\t<meta property=\"og:image:height\" content=\"92\" \/>\n\t<meta property=\"og:image:type\" content=\"image\/png\" \/>\n<meta name=\"author\" content=\"Julien\" \/>\n<meta name=\"twitter:card\" content=\"summary_large_image\" \/>\n<meta name=\"twitter:label1\" content=\"\u00c9crit par\" \/>\n\t<meta name=\"twitter:data1\" content=\"Julien\" \/>\n\t<meta name=\"twitter:label2\" content=\"Dur\u00e9e de lecture est.\" \/>\n\t<meta name=\"twitter:data2\" content=\"5 minutes\" \/>\n<script type=\"application\/ld+json\" class=\"yoast-schema-graph\">{\"@context\":\"https:\/\/schema.org\",\"@graph\":[{\"@type\":\"Article\",\"@id\":\"https:\/\/vieassociative.be\/actualites\/cinq-facons-dont-les-entreprises-vous-incitent-a-penser-que-leurs-produits-sont-fabriques-aux-etats-unis\/#article\",\"isPartOf\":{\"@id\":\"https:\/\/vieassociative.be\/actualites\/cinq-facons-dont-les-entreprises-vous-incitent-a-penser-que-leurs-produits-sont-fabriques-aux-etats-unis\/\"},\"author\":{\"name\":\"Julien\",\"@id\":\"https:\/\/vieassociative.be\/actualites\/#\/schema\/person\/b87ac4f82f9d4e7b7cec7395b679edc4\"},\"headline\":\"Cinq fa\u00e7ons dont les entreprises vous incitent \u00e0 penser que leurs produits sont fabriqu\u00e9s aux \u00c9tats-Unis\",\"datePublished\":\"2025-06-03T00:17:23+00:00\",\"dateModified\":\"2025-06-03T00:17:23+00:00\",\"mainEntityOfPage\":{\"@id\":\"https:\/\/vieassociative.be\/actualites\/cinq-facons-dont-les-entreprises-vous-incitent-a-penser-que-leurs-produits-sont-fabriques-aux-etats-unis\/\"},\"wordCount\":953,\"publisher\":{\"@id\":\"https:\/\/vieassociative.be\/actualites\/#organization\"},\"image\":{\"@id\":\"https:\/\/vieassociative.be\/actualites\/cinq-facons-dont-les-entreprises-vous-incitent-a-penser-que-leurs-produits-sont-fabriques-aux-etats-unis\/#primaryimage\"},\"thumbnailUrl\":\"https:\/\/vieassociative.be\/actualites\/wp-content\/uploads\/2025\/06\/Cinq-facons-dont-les-entreprises-vous-incitent-a-penser-que.png\",\"keywords\":[\"aux\",\"Cinq\",\"dont\",\"entreprises\",\"\u00c9tatsUnis\",\"fabriqu\u00e9s\",\"fa\u00e7ons\",\"incitent\",\"Les\",\"leurs\",\"penser\",\"produits\",\"sont\",\"Vous\"],\"articleSection\":[\"Argent\"],\"inLanguage\":\"fr-BE\"},{\"@type\":\"WebPage\",\"@id\":\"https:\/\/vieassociative.be\/actualites\/cinq-facons-dont-les-entreprises-vous-incitent-a-penser-que-leurs-produits-sont-fabriques-aux-etats-unis\/\",\"url\":\"https:\/\/vieassociative.be\/actualites\/cinq-facons-dont-les-entreprises-vous-incitent-a-penser-que-leurs-produits-sont-fabriques-aux-etats-unis\/\",\"name\":\"Cinq fa\u00e7ons dont les entreprises vous incitent \u00e0 penser que leurs produits sont fabriqu\u00e9s aux \u00c9tats-Unis | Vie Associative\",\"isPartOf\":{\"@id\":\"https:\/\/vieassociative.be\/actualites\/#website\"},\"primaryImageOfPage\":{\"@id\":\"https:\/\/vieassociative.be\/actualites\/cinq-facons-dont-les-entreprises-vous-incitent-a-penser-que-leurs-produits-sont-fabriques-aux-etats-unis\/#primaryimage\"},\"image\":{\"@id\":\"https:\/\/vieassociative.be\/actualites\/cinq-facons-dont-les-entreprises-vous-incitent-a-penser-que-leurs-produits-sont-fabriques-aux-etats-unis\/#primaryimage\"},\"thumbnailUrl\":\"https:\/\/vieassociative.be\/actualites\/wp-content\/uploads\/2025\/06\/Cinq-facons-dont-les-entreprises-vous-incitent-a-penser-que.png\",\"datePublished\":\"2025-06-03T00:17:23+00:00\",\"dateModified\":\"2025-06-03T00:17:23+00:00\",\"breadcrumb\":{\"@id\":\"https:\/\/vieassociative.be\/actualites\/cinq-facons-dont-les-entreprises-vous-incitent-a-penser-que-leurs-produits-sont-fabriques-aux-etats-unis\/#breadcrumb\"},\"inLanguage\":\"fr-BE\",\"potentialAction\":[{\"@type\":\"ReadAction\",\"target\":[\"https:\/\/vieassociative.be\/actualites\/cinq-facons-dont-les-entreprises-vous-incitent-a-penser-que-leurs-produits-sont-fabriques-aux-etats-unis\/\"]}]},{\"@type\":\"ImageObject\",\"inLanguage\":\"fr-BE\",\"@id\":\"https:\/\/vieassociative.be\/actualites\/cinq-facons-dont-les-entreprises-vous-incitent-a-penser-que-leurs-produits-sont-fabriques-aux-etats-unis\/#primaryimage\",\"url\":\"https:\/\/vieassociative.be\/actualites\/wp-content\/uploads\/2025\/06\/Cinq-facons-dont-les-entreprises-vous-incitent-a-penser-que.png\",\"contentUrl\":\"https:\/\/vieassociative.be\/actualites\/wp-content\/uploads\/2025\/06\/Cinq-facons-dont-les-entreprises-vous-incitent-a-penser-que.png\",\"width\":1200,\"height\":675,\"caption\":\"Cinq fa\u00e7ons dont les entreprises vous incitent \u00e0 penser que leurs produits sont fabriqu\u00e9s aux \u00c9tats-Unis\"},{\"@type\":\"BreadcrumbList\",\"@id\":\"https:\/\/vieassociative.be\/actualites\/cinq-facons-dont-les-entreprises-vous-incitent-a-penser-que-leurs-produits-sont-fabriques-aux-etats-unis\/#breadcrumb\",\"itemListElement\":[{\"@type\":\"ListItem\",\"position\":1,\"name\":\"Accueil\",\"item\":\"https:\/\/vieassociative.be\/actualites\/\"},{\"@type\":\"ListItem\",\"position\":2,\"name\":\"Cinq fa\u00e7ons dont les entreprises vous incitent \u00e0 penser que leurs produits sont fabriqu\u00e9s aux \u00c9tats-Unis\"}]},{\"@type\":\"WebSite\",\"@id\":\"https:\/\/vieassociative.be\/actualites\/#website\",\"url\":\"https:\/\/vieassociative.be\/actualites\/\",\"name\":\"Vie Associative\",\"description\":\"\",\"publisher\":{\"@id\":\"https:\/\/vieassociative.be\/actualites\/#organization\"},\"potentialAction\":[{\"@type\":\"SearchAction\",\"target\":{\"@type\":\"EntryPoint\",\"urlTemplate\":\"https:\/\/vieassociative.be\/actualites\/?s={search_term_string}\"},\"query-input\":{\"@type\":\"PropertyValueSpecification\",\"valueRequired\":true,\"valueName\":\"search_term_string\"}}],\"inLanguage\":\"fr-BE\"},{\"@type\":\"Organization\",\"@id\":\"https:\/\/vieassociative.be\/actualites\/#organization\",\"name\":\"Vie Associative\",\"url\":\"https:\/\/vieassociative.be\/actualites\/\",\"logo\":{\"@type\":\"ImageObject\",\"inLanguage\":\"fr-BE\",\"@id\":\"https:\/\/vieassociative.be\/actualites\/#\/schema\/logo\/image\/\",\"url\":\"https:\/\/vieassociative.be\/actualites\/wp-content\/uploads\/2024\/09\/cropped-vieassociative_favicon.ico.png\",\"contentUrl\":\"https:\/\/vieassociative.be\/actualites\/wp-content\/uploads\/2024\/09\/cropped-vieassociative_favicon.ico.png\",\"width\":512,\"height\":512,\"caption\":\"Vie Associative\"},\"image\":{\"@id\":\"https:\/\/vieassociative.be\/actualites\/#\/schema\/logo\/image\/\"}},{\"@type\":\"Person\",\"@id\":\"https:\/\/vieassociative.be\/actualites\/#\/schema\/person\/b87ac4f82f9d4e7b7cec7395b679edc4\",\"name\":\"Julien\",\"image\":{\"@type\":\"ImageObject\",\"inLanguage\":\"fr-BE\",\"@id\":\"https:\/\/vieassociative.be\/actualites\/#\/schema\/person\/image\/\",\"url\":\"https:\/\/vieassociative.be\/actualites\/wp-content\/uploads\/2024\/09\/vie-associative-1-150x150.jpg\",\"contentUrl\":\"https:\/\/vieassociative.be\/actualites\/wp-content\/uploads\/2024\/09\/vie-associative-1-150x150.jpg\",\"caption\":\"Julien\"},\"description\":\"Je suis Julien, r\u00e9dacteur pour Vie Associative. Passionn\u00e9 par le monde associatif depuis plus de 10 ans, j'ai \u00e0 c\u0153ur de partager des histoires inspirantes et de mettre en lumi\u00e8re les initiatives locales. Mon objectif est de sensibiliser et d'encourager l'engagement communautaire \u00e0 travers mes articles.\",\"sameAs\":[\"https:\/\/vieassociative.be\/\"]}]}<\/script>\n<!-- \/ Yoast SEO plugin. -->","yoast_head_json":{"title":"Cinq fa\u00e7ons dont les entreprises vous incitent \u00e0 penser que leurs produits sont fabriqu\u00e9s aux \u00c9tats-Unis | Vie Associative","robots":{"index":"index","follow":"follow","max-snippet":"max-snippet:-1","max-image-preview":"max-image-preview:large","max-video-preview":"max-video-preview:-1"},"canonical":"https:\/\/vieassociative.be\/actualites\/cinq-facons-dont-les-entreprises-vous-incitent-a-penser-que-leurs-produits-sont-fabriques-aux-etats-unis\/","og_locale":"fr_FR","og_type":"article","og_title":"Cinq fa\u00e7ons dont les entreprises vous incitent \u00e0 penser que leurs produits sont fabriqu\u00e9s aux \u00c9tats-Unis | Vie Associative","og_description":"Les entreprises peuvent (et faire) vous mentir tout le temps \u00e0 ce sujet. Beaucoup d&rsquo;Am\u00e9ricains subissent un cours intensif dans un terme \u00e9conomique qui \u00e9tait,","og_url":"https:\/\/vieassociative.be\/actualites\/cinq-facons-dont-les-entreprises-vous-incitent-a-penser-que-leurs-produits-sont-fabriques-aux-etats-unis\/","og_site_name":"Vie Associative","article_published_time":"2025-06-03T00:17:23+00:00","og_image":[{"width":279,"height":92,"url":"https:\/\/vieassociative.be\/actualites\/wp-content\/uploads\/2024\/09\/header_backgroundk-01-e1726694325946.png","type":"image\/png"}],"author":"Julien","twitter_card":"summary_large_image","twitter_misc":{"\u00c9crit par":"Julien","Dur\u00e9e de lecture est.":"5 minutes"},"schema":{"@context":"https:\/\/schema.org","@graph":[{"@type":"Article","@id":"https:\/\/vieassociative.be\/actualites\/cinq-facons-dont-les-entreprises-vous-incitent-a-penser-que-leurs-produits-sont-fabriques-aux-etats-unis\/#article","isPartOf":{"@id":"https:\/\/vieassociative.be\/actualites\/cinq-facons-dont-les-entreprises-vous-incitent-a-penser-que-leurs-produits-sont-fabriques-aux-etats-unis\/"},"author":{"name":"Julien","@id":"https:\/\/vieassociative.be\/actualites\/#\/schema\/person\/b87ac4f82f9d4e7b7cec7395b679edc4"},"headline":"Cinq fa\u00e7ons dont les entreprises vous incitent \u00e0 penser que leurs produits sont fabriqu\u00e9s aux \u00c9tats-Unis","datePublished":"2025-06-03T00:17:23+00:00","dateModified":"2025-06-03T00:17:23+00:00","mainEntityOfPage":{"@id":"https:\/\/vieassociative.be\/actualites\/cinq-facons-dont-les-entreprises-vous-incitent-a-penser-que-leurs-produits-sont-fabriques-aux-etats-unis\/"},"wordCount":953,"publisher":{"@id":"https:\/\/vieassociative.be\/actualites\/#organization"},"image":{"@id":"https:\/\/vieassociative.be\/actualites\/cinq-facons-dont-les-entreprises-vous-incitent-a-penser-que-leurs-produits-sont-fabriques-aux-etats-unis\/#primaryimage"},"thumbnailUrl":"https:\/\/vieassociative.be\/actualites\/wp-content\/uploads\/2025\/06\/Cinq-facons-dont-les-entreprises-vous-incitent-a-penser-que.png","keywords":["aux","Cinq","dont","entreprises","\u00c9tatsUnis","fabriqu\u00e9s","fa\u00e7ons","incitent","Les","leurs","penser","produits","sont","Vous"],"articleSection":["Argent"],"inLanguage":"fr-BE"},{"@type":"WebPage","@id":"https:\/\/vieassociative.be\/actualites\/cinq-facons-dont-les-entreprises-vous-incitent-a-penser-que-leurs-produits-sont-fabriques-aux-etats-unis\/","url":"https:\/\/vieassociative.be\/actualites\/cinq-facons-dont-les-entreprises-vous-incitent-a-penser-que-leurs-produits-sont-fabriques-aux-etats-unis\/","name":"Cinq fa\u00e7ons dont les entreprises vous incitent \u00e0 penser que leurs produits sont fabriqu\u00e9s aux \u00c9tats-Unis | Vie Associative","isPartOf":{"@id":"https:\/\/vieassociative.be\/actualites\/#website"},"primaryImageOfPage":{"@id":"https:\/\/vieassociative.be\/actualites\/cinq-facons-dont-les-entreprises-vous-incitent-a-penser-que-leurs-produits-sont-fabriques-aux-etats-unis\/#primaryimage"},"image":{"@id":"https:\/\/vieassociative.be\/actualites\/cinq-facons-dont-les-entreprises-vous-incitent-a-penser-que-leurs-produits-sont-fabriques-aux-etats-unis\/#primaryimage"},"thumbnailUrl":"https:\/\/vieassociative.be\/actualites\/wp-content\/uploads\/2025\/06\/Cinq-facons-dont-les-entreprises-vous-incitent-a-penser-que.png","datePublished":"2025-06-03T00:17:23+00:00","dateModified":"2025-06-03T00:17:23+00:00","breadcrumb":{"@id":"https:\/\/vieassociative.be\/actualites\/cinq-facons-dont-les-entreprises-vous-incitent-a-penser-que-leurs-produits-sont-fabriques-aux-etats-unis\/#breadcrumb"},"inLanguage":"fr-BE","potentialAction":[{"@type":"ReadAction","target":["https:\/\/vieassociative.be\/actualites\/cinq-facons-dont-les-entreprises-vous-incitent-a-penser-que-leurs-produits-sont-fabriques-aux-etats-unis\/"]}]},{"@type":"ImageObject","inLanguage":"fr-BE","@id":"https:\/\/vieassociative.be\/actualites\/cinq-facons-dont-les-entreprises-vous-incitent-a-penser-que-leurs-produits-sont-fabriques-aux-etats-unis\/#primaryimage","url":"https:\/\/vieassociative.be\/actualites\/wp-content\/uploads\/2025\/06\/Cinq-facons-dont-les-entreprises-vous-incitent-a-penser-que.png","contentUrl":"https:\/\/vieassociative.be\/actualites\/wp-content\/uploads\/2025\/06\/Cinq-facons-dont-les-entreprises-vous-incitent-a-penser-que.png","width":1200,"height":675,"caption":"Cinq fa\u00e7ons dont les entreprises vous incitent \u00e0 penser que leurs produits sont fabriqu\u00e9s aux \u00c9tats-Unis"},{"@type":"BreadcrumbList","@id":"https:\/\/vieassociative.be\/actualites\/cinq-facons-dont-les-entreprises-vous-incitent-a-penser-que-leurs-produits-sont-fabriques-aux-etats-unis\/#breadcrumb","itemListElement":[{"@type":"ListItem","position":1,"name":"Accueil","item":"https:\/\/vieassociative.be\/actualites\/"},{"@type":"ListItem","position":2,"name":"Cinq fa\u00e7ons dont les entreprises vous incitent \u00e0 penser que leurs produits sont fabriqu\u00e9s aux \u00c9tats-Unis"}]},{"@type":"WebSite","@id":"https:\/\/vieassociative.be\/actualites\/#website","url":"https:\/\/vieassociative.be\/actualites\/","name":"Vie Associative","description":"","publisher":{"@id":"https:\/\/vieassociative.be\/actualites\/#organization"},"potentialAction":[{"@type":"SearchAction","target":{"@type":"EntryPoint","urlTemplate":"https:\/\/vieassociative.be\/actualites\/?s={search_term_string}"},"query-input":{"@type":"PropertyValueSpecification","valueRequired":true,"valueName":"search_term_string"}}],"inLanguage":"fr-BE"},{"@type":"Organization","@id":"https:\/\/vieassociative.be\/actualites\/#organization","name":"Vie Associative","url":"https:\/\/vieassociative.be\/actualites\/","logo":{"@type":"ImageObject","inLanguage":"fr-BE","@id":"https:\/\/vieassociative.be\/actualites\/#\/schema\/logo\/image\/","url":"https:\/\/vieassociative.be\/actualites\/wp-content\/uploads\/2024\/09\/cropped-vieassociative_favicon.ico.png","contentUrl":"https:\/\/vieassociative.be\/actualites\/wp-content\/uploads\/2024\/09\/cropped-vieassociative_favicon.ico.png","width":512,"height":512,"caption":"Vie Associative"},"image":{"@id":"https:\/\/vieassociative.be\/actualites\/#\/schema\/logo\/image\/"}},{"@type":"Person","@id":"https:\/\/vieassociative.be\/actualites\/#\/schema\/person\/b87ac4f82f9d4e7b7cec7395b679edc4","name":"Julien","image":{"@type":"ImageObject","inLanguage":"fr-BE","@id":"https:\/\/vieassociative.be\/actualites\/#\/schema\/person\/image\/","url":"https:\/\/vieassociative.be\/actualites\/wp-content\/uploads\/2024\/09\/vie-associative-1-150x150.jpg","contentUrl":"https:\/\/vieassociative.be\/actualites\/wp-content\/uploads\/2024\/09\/vie-associative-1-150x150.jpg","caption":"Julien"},"description":"Je suis Julien, r\u00e9dacteur pour Vie Associative. Passionn\u00e9 par le monde associatif depuis plus de 10 ans, j'ai \u00e0 c\u0153ur de partager des histoires inspirantes et de mettre en lumi\u00e8re les initiatives locales. Mon objectif est de sensibiliser et d'encourager l'engagement communautaire \u00e0 travers mes articles.","sameAs":["https:\/\/vieassociative.be\/"]}]}},"_links":{"self":[{"href":"https:\/\/vieassociative.be\/actualites\/wp-json\/wp\/v2\/posts\/7941"}],"collection":[{"href":"https:\/\/vieassociative.be\/actualites\/wp-json\/wp\/v2\/posts"}],"about":[{"href":"https:\/\/vieassociative.be\/actualites\/wp-json\/wp\/v2\/types\/post"}],"author":[{"embeddable":true,"href":"https:\/\/vieassociative.be\/actualites\/wp-json\/wp\/v2\/users\/1"}],"replies":[{"embeddable":true,"href":"https:\/\/vieassociative.be\/actualites\/wp-json\/wp\/v2\/comments?post=7941"}],"version-history":[{"count":0,"href":"https:\/\/vieassociative.be\/actualites\/wp-json\/wp\/v2\/posts\/7941\/revisions"}],"wp:featuredmedia":[{"embeddable":true,"href":"https:\/\/vieassociative.be\/actualites\/wp-json\/wp\/v2\/media\/7942"}],"wp:attachment":[{"href":"https:\/\/vieassociative.be\/actualites\/wp-json\/wp\/v2\/media?parent=7941"}],"wp:term":[{"taxonomy":"category","embeddable":true,"href":"https:\/\/vieassociative.be\/actualites\/wp-json\/wp\/v2\/categories?post=7941"},{"taxonomy":"post_tag","embeddable":true,"href":"https:\/\/vieassociative.be\/actualites\/wp-json\/wp\/v2\/tags?post=7941"}],"curies":[{"name":"wp","href":"https:\/\/api.w.org\/{rel}","templated":true}]}}