{"id":7933,"date":"2025-06-02T16:18:25","date_gmt":"2025-06-02T14:18:25","guid":{"rendered":"https:\/\/vieassociative.be\/actualites\/lettre-a-lediteur-klein-donald-veuillez-aller-chez-le-professeur-de-classe\/"},"modified":"2025-06-02T16:18:25","modified_gmt":"2025-06-02T14:18:25","slug":"lettre-a-lediteur-klein-donald-veuillez-aller-chez-le-professeur-de-classe","status":"publish","type":"post","link":"https:\/\/vieassociative.be\/actualites\/lettre-a-lediteur-klein-donald-veuillez-aller-chez-le-professeur-de-classe\/","title":{"rendered":"Lettre \u00e0 l&rsquo;\u00e9diteur &#8211; Klein Donald, veuillez aller chez le professeur de classe!"},"content":{"rendered":"<p><strong>(Ou: \u00ab\u00a0Le manque de conversation dans une enfance\u00a0\u00bb)<\/strong><\/p>\n<p><span id=\"more-416829\"><\/span>Klein Donald a \u00e9t\u00e9 appel\u00e9 au professeur de classe.<\/p>\n<p>Regardez, Klein Donald: Si votre grand-p\u00e8re a donn\u00e9 ses jouets de canal d&rsquo;eau, la marque \u00ab\u00a0Panama\u00a0\u00bb, il y a plusieurs ann\u00e9es \u00e0 un petit gar\u00e7on d&rsquo;un autre endroit, alors vous ne devez pas y aller aujourd&rsquo;hui et demander \u00ab\u00a0parce que mon OPI vous a donn\u00e9 cela \u00e0 l&rsquo;\u00e9poque, je peux maintenant jouer avec elle \u00e0 tout moment.\u00a0\u00bb Comprenez-vous, cela ne fonctionne pas. Le cadeau est gratuit.<\/p>\n<p>Et si votre p\u00e8re a peur des cambrioleurs possibles, votre p\u00e8re ne doit pas simplement dire \u00e0 vos voisins, aux Groenlands et aux Canadas avec leurs grands jardins: chers voisins pour prot\u00e9ger ma famille, votre propri\u00e9t\u00e9 doit maintenant nous appartenir afin que nous ayons un tampon de ces mauvais cambrioleurs.<\/p>\n<p>Klein Donald, si vous constatez que vous \u00eates plus grand que celui de tout le monde, c&rsquo;est votre droit de signifier cela. Cela est parfois revendiqu\u00e9 par les gar\u00e7ons de votre \u00e9poque de temps \u00e0 autre. Mais pensez-vous qu&rsquo;il est sage de tromper dans tout le quartier? La v\u00f4tre est une bonne chose comme il est, peu importe la taille.<\/p>\n<p>Cher Doni, par exemple, si d&rsquo;autres gar\u00e7ons plus \u00e2g\u00e9s ont fond\u00e9 une part plate en Europe parce qu&rsquo;ils trouvent \u00e7a cool, cela n&rsquo;a pas toujours quelque chose \u00e0 voir avec vous. Est-ce que tu comprends<\/p>\n<p>Et j&rsquo;ai entendu dire que vous aimeriez obtenir le prix de l&rsquo;\u00e9cole de l&rsquo;\u00e9cole et que vous avez d\u00e9j\u00e0 propos\u00e9 tous les camarades de classe pour vous choisir, malheureusement, je dois vous dire une chose: nous avons expos\u00e9 le prix pendant quatre ans, car il y a actuellement trop de diff\u00e9rends ici \u00e0 l&rsquo;\u00e9cole.<\/p>\n<p>Il y a encore une chose que vous ne saviez probablement pas jusqu&rsquo;\u00e0 pr\u00e9sent: vous ne devriez pas mentir, car par la suite, personne ne croit que vous vous croyez d\u00e8s que vous ouvrez la bouche. Si je devais vous mettre dans tous les coins de la salle de classe pour tous vos mensonges d&rsquo;une semaine seulement, cette classe n&rsquo;en aurait pas assez, pas m\u00eame toute l&rsquo;\u00e9cole. Donc, cela doit s&rsquo;arr\u00eater, clair !?<\/p>\n<p>Chaque enfant est super, vous aussi. Je vous le dis maintenant parce que votre p\u00e8re et votre maman ont oubli\u00e9 de vous le dire. Je sais que vous n&rsquo;avez pas toujours eu beaucoup de temps pour vous. Aimez \u00e9galement l&rsquo;\u00e9crire dans votre journal 100 fois pour rappel afin que vous n&rsquo;ayez pas \u00e0 vous pencher autour de vos camarades de classe 100 fois par semaine, \u00e0 quel point vous \u00eates g\u00e9nial. Tout d&rsquo;abord, vous devez le croire vous-m\u00eame.<\/p>\n<p>J&rsquo;ai \u00e9galement entendu dire que vous avez un jouet aussi dangereux avec un bouton rouge. Je pense que je dois parler \u00e0 vos parents, ce n&rsquo;est pas pour les petits gar\u00e7ons, pas m\u00eame pour les adultes. En attendant, l&rsquo;appareil reste avec moi sous la fermeture du tiroir.<\/p>\n<p>Ce que je pense est bon, c&rsquo;est que vous voulez toujours laisser tous vos sentiments. C&rsquo;est pourquoi je vous donne ce sac de punch. Vous pouvez donc vous d\u00e9barrasser de toute votre col\u00e8re beaucoup mieux.<\/p>\n<p>Ne vous sentez pas aim\u00e9, ce n&rsquo;est pas sympa non plus. Si vous ne vous d\u00e9brouillez pas si bien, Klein Donald, car profond\u00e9ment \u00e0 l&rsquo;int\u00e9rieur, vous pouvez l&rsquo;admettre. Dans de tels cas, il y a des th\u00e9rapeutes, des services sociaux scolaires et beaucoup d&rsquo;autres qui aimeraient certainement vous aider afin que vous soyez mieux. Je donne \u00e0 vos parents quelques contacts.<\/p>\n<p>Et si vous voulez vendre d&rsquo;autres enfants de la boutique, vous pouvez demander deux fois au prix, et il se peut que quelques personnes intimid\u00e9es participent \u00e9galement, mais jetez un coup d&rsquo;\u0153il, vous n&rsquo;\u00eates pas le patron du village, pas m\u00eame hors de la rue. Il est tout \u00e0 fait possible que les autres ne veuillent plus jouer avec vous si vous continuez. Voulez-vous vraiment \u00e7a?<\/p>\n<p>Un autre petit conseil avant de pouvoir sortir de la cour en ce moment: vous n&rsquo;avez pas \u00e0 savoir et \u00e0 comp\u00e9tence. Ce n&rsquo;est pas possible. Vous pouvez \u00e9galement demander des conseils aux amis et aux autres. Il n&rsquo;y a rien de mal. Nous, les enseignants, apprenons toujours cela.<\/p>\n<p>Je sais que c&rsquo;\u00e9tait beaucoup \u00e0 la fois, mais tu es d\u00e9j\u00e0 un grand gar\u00e7on, tu le feras!<\/p>\n<p><strong>02.06.2025 Robert Wiesemes, Eupen<\/strong><\/p>\n","protected":false},"excerpt":{"rendered":"<p>(Ou: \u00ab\u00a0Le manque de conversation dans une enfance\u00a0\u00bb) Klein Donald a \u00e9t\u00e9 appel\u00e9 au professeur de classe. Regardez, Klein Donald: Si votre grand-p\u00e8re a donn\u00e9<\/p>\n","protected":false},"author":1,"featured_media":2567,"comment_status":"","ping_status":"","sticky":false,"template":"","format":"standard","meta":{"footnotes":""},"categories":[298],"tags":[5436,1287,1246,2424,7270,4400,2628,752,3200],"class_list":["post-7933","post","type-post","status-publish","format-standard","has-post-thumbnail","hentry","category-belgique","tag-aller","tag-chez","tag-classe","tag-donald","tag-klein","tag-lediteur","tag-lettre","tag-professeur","tag-veuillez","generate-columns","tablet-grid-50","mobile-grid-100","grid-parent","grid-33"],"yoast_head":"<!-- This site is optimized with the Yoast SEO plugin v24.0 - https:\/\/yoast.com\/wordpress\/plugins\/seo\/ -->\n<title>Lettre \u00e0 l&#039;\u00e9diteur - Klein Donald, veuillez aller chez le professeur de classe! | Vie Associative<\/title>\n<meta name=\"robots\" content=\"index, follow, max-snippet:-1, max-image-preview:large, max-video-preview:-1\" \/>\n<link rel=\"canonical\" href=\"https:\/\/vieassociative.be\/actualites\/lettre-a-lediteur-klein-donald-veuillez-aller-chez-le-professeur-de-classe\/\" \/>\n<meta property=\"og:locale\" content=\"fr_FR\" \/>\n<meta property=\"og:type\" content=\"article\" \/>\n<meta property=\"og:title\" content=\"Lettre \u00e0 l&#039;\u00e9diteur - Klein Donald, veuillez aller chez le professeur de classe! | Vie Associative\" \/>\n<meta property=\"og:description\" content=\"(Ou: \u00ab\u00a0Le manque de conversation dans une enfance\u00a0\u00bb) Klein Donald a \u00e9t\u00e9 appel\u00e9 au professeur de classe. Regardez, Klein Donald: Si votre grand-p\u00e8re a donn\u00e9\" \/>\n<meta property=\"og:url\" content=\"https:\/\/vieassociative.be\/actualites\/lettre-a-lediteur-klein-donald-veuillez-aller-chez-le-professeur-de-classe\/\" \/>\n<meta property=\"og:site_name\" content=\"Vie Associative\" \/>\n<meta property=\"article:published_time\" content=\"2025-06-02T14:18:25+00:00\" \/>\n<meta property=\"og:image\" content=\"https:\/\/vieassociative.be\/actualites\/wp-content\/uploads\/2024\/09\/header_backgroundk-01-e1726694325946.png\" \/>\n\t<meta property=\"og:image:width\" content=\"279\" \/>\n\t<meta property=\"og:image:height\" content=\"92\" \/>\n\t<meta property=\"og:image:type\" content=\"image\/png\" \/>\n<meta name=\"author\" content=\"Julien\" \/>\n<meta name=\"twitter:card\" content=\"summary_large_image\" \/>\n<meta name=\"twitter:label1\" content=\"\u00c9crit par\" \/>\n\t<meta name=\"twitter:data1\" content=\"Julien\" \/>\n\t<meta name=\"twitter:label2\" content=\"Dur\u00e9e de lecture est.\" \/>\n\t<meta name=\"twitter:data2\" content=\"4 minutes\" \/>\n<script type=\"application\/ld+json\" class=\"yoast-schema-graph\">{\"@context\":\"https:\/\/schema.org\",\"@graph\":[{\"@type\":\"Article\",\"@id\":\"https:\/\/vieassociative.be\/actualites\/lettre-a-lediteur-klein-donald-veuillez-aller-chez-le-professeur-de-classe\/#article\",\"isPartOf\":{\"@id\":\"https:\/\/vieassociative.be\/actualites\/lettre-a-lediteur-klein-donald-veuillez-aller-chez-le-professeur-de-classe\/\"},\"author\":{\"name\":\"Julien\",\"@id\":\"https:\/\/vieassociative.be\/actualites\/#\/schema\/person\/b87ac4f82f9d4e7b7cec7395b679edc4\"},\"headline\":\"Lettre \u00e0 l&rsquo;\u00e9diteur &#8211; Klein Donald, veuillez aller chez le professeur de classe!\",\"datePublished\":\"2025-06-02T14:18:25+00:00\",\"dateModified\":\"2025-06-02T14:18:25+00:00\",\"mainEntityOfPage\":{\"@id\":\"https:\/\/vieassociative.be\/actualites\/lettre-a-lediteur-klein-donald-veuillez-aller-chez-le-professeur-de-classe\/\"},\"wordCount\":776,\"publisher\":{\"@id\":\"https:\/\/vieassociative.be\/actualites\/#organization\"},\"image\":{\"@id\":\"https:\/\/vieassociative.be\/actualites\/lettre-a-lediteur-klein-donald-veuillez-aller-chez-le-professeur-de-classe\/#primaryimage\"},\"thumbnailUrl\":\"https:\/\/vieassociative.be\/actualites\/wp-content\/uploads\/2024\/11\/LETTRE-A-LA-REDACTION-\u2013-Audi-Bruxelles-dernier-avertissement-du.jpeg\",\"keywords\":[\"aller\",\"chez\",\"classe\",\"Donald\",\"Klein\",\"L\u00c9DITEUR\",\"lettre\",\"professeur\",\"Veuillez\"],\"articleSection\":[\"Belgique\"],\"inLanguage\":\"fr-BE\"},{\"@type\":\"WebPage\",\"@id\":\"https:\/\/vieassociative.be\/actualites\/lettre-a-lediteur-klein-donald-veuillez-aller-chez-le-professeur-de-classe\/\",\"url\":\"https:\/\/vieassociative.be\/actualites\/lettre-a-lediteur-klein-donald-veuillez-aller-chez-le-professeur-de-classe\/\",\"name\":\"Lettre \u00e0 l'\u00e9diteur - Klein Donald, veuillez aller chez le professeur de classe! | Vie Associative\",\"isPartOf\":{\"@id\":\"https:\/\/vieassociative.be\/actualites\/#website\"},\"primaryImageOfPage\":{\"@id\":\"https:\/\/vieassociative.be\/actualites\/lettre-a-lediteur-klein-donald-veuillez-aller-chez-le-professeur-de-classe\/#primaryimage\"},\"image\":{\"@id\":\"https:\/\/vieassociative.be\/actualites\/lettre-a-lediteur-klein-donald-veuillez-aller-chez-le-professeur-de-classe\/#primaryimage\"},\"thumbnailUrl\":\"https:\/\/vieassociative.be\/actualites\/wp-content\/uploads\/2024\/11\/LETTRE-A-LA-REDACTION-\u2013-Audi-Bruxelles-dernier-avertissement-du.jpeg\",\"datePublished\":\"2025-06-02T14:18:25+00:00\",\"dateModified\":\"2025-06-02T14:18:25+00:00\",\"breadcrumb\":{\"@id\":\"https:\/\/vieassociative.be\/actualites\/lettre-a-lediteur-klein-donald-veuillez-aller-chez-le-professeur-de-classe\/#breadcrumb\"},\"inLanguage\":\"fr-BE\",\"potentialAction\":[{\"@type\":\"ReadAction\",\"target\":[\"https:\/\/vieassociative.be\/actualites\/lettre-a-lediteur-klein-donald-veuillez-aller-chez-le-professeur-de-classe\/\"]}]},{\"@type\":\"ImageObject\",\"inLanguage\":\"fr-BE\",\"@id\":\"https:\/\/vieassociative.be\/actualites\/lettre-a-lediteur-klein-donald-veuillez-aller-chez-le-professeur-de-classe\/#primaryimage\",\"url\":\"https:\/\/vieassociative.be\/actualites\/wp-content\/uploads\/2024\/11\/LETTRE-A-LA-REDACTION-\u2013-Audi-Bruxelles-dernier-avertissement-du.jpeg\",\"contentUrl\":\"https:\/\/vieassociative.be\/actualites\/wp-content\/uploads\/2024\/11\/LETTRE-A-LA-REDACTION-\u2013-Audi-Bruxelles-dernier-avertissement-du.jpeg\",\"width\":1024,\"height\":747,\"caption\":\"LETTRE \u00c0 LA R\u00c9DACTION \u2013 Audi Bruxelles, dernier avertissement du gouffre\"},{\"@type\":\"BreadcrumbList\",\"@id\":\"https:\/\/vieassociative.be\/actualites\/lettre-a-lediteur-klein-donald-veuillez-aller-chez-le-professeur-de-classe\/#breadcrumb\",\"itemListElement\":[{\"@type\":\"ListItem\",\"position\":1,\"name\":\"Accueil\",\"item\":\"https:\/\/vieassociative.be\/actualites\/\"},{\"@type\":\"ListItem\",\"position\":2,\"name\":\"Lettre \u00e0 l&rsquo;\u00e9diteur &#8211; Klein Donald, veuillez aller chez le professeur de classe!\"}]},{\"@type\":\"WebSite\",\"@id\":\"https:\/\/vieassociative.be\/actualites\/#website\",\"url\":\"https:\/\/vieassociative.be\/actualites\/\",\"name\":\"Vie Associative\",\"description\":\"\",\"publisher\":{\"@id\":\"https:\/\/vieassociative.be\/actualites\/#organization\"},\"potentialAction\":[{\"@type\":\"SearchAction\",\"target\":{\"@type\":\"EntryPoint\",\"urlTemplate\":\"https:\/\/vieassociative.be\/actualites\/?s={search_term_string}\"},\"query-input\":{\"@type\":\"PropertyValueSpecification\",\"valueRequired\":true,\"valueName\":\"search_term_string\"}}],\"inLanguage\":\"fr-BE\"},{\"@type\":\"Organization\",\"@id\":\"https:\/\/vieassociative.be\/actualites\/#organization\",\"name\":\"Vie Associative\",\"url\":\"https:\/\/vieassociative.be\/actualites\/\",\"logo\":{\"@type\":\"ImageObject\",\"inLanguage\":\"fr-BE\",\"@id\":\"https:\/\/vieassociative.be\/actualites\/#\/schema\/logo\/image\/\",\"url\":\"https:\/\/vieassociative.be\/actualites\/wp-content\/uploads\/2024\/09\/cropped-vieassociative_favicon.ico.png\",\"contentUrl\":\"https:\/\/vieassociative.be\/actualites\/wp-content\/uploads\/2024\/09\/cropped-vieassociative_favicon.ico.png\",\"width\":512,\"height\":512,\"caption\":\"Vie Associative\"},\"image\":{\"@id\":\"https:\/\/vieassociative.be\/actualites\/#\/schema\/logo\/image\/\"}},{\"@type\":\"Person\",\"@id\":\"https:\/\/vieassociative.be\/actualites\/#\/schema\/person\/b87ac4f82f9d4e7b7cec7395b679edc4\",\"name\":\"Julien\",\"image\":{\"@type\":\"ImageObject\",\"inLanguage\":\"fr-BE\",\"@id\":\"https:\/\/vieassociative.be\/actualites\/#\/schema\/person\/image\/\",\"url\":\"https:\/\/vieassociative.be\/actualites\/wp-content\/uploads\/2024\/09\/vie-associative-1-150x150.jpg\",\"contentUrl\":\"https:\/\/vieassociative.be\/actualites\/wp-content\/uploads\/2024\/09\/vie-associative-1-150x150.jpg\",\"caption\":\"Julien\"},\"description\":\"Je suis Julien, r\u00e9dacteur pour Vie Associative. Passionn\u00e9 par le monde associatif depuis plus de 10 ans, j'ai \u00e0 c\u0153ur de partager des histoires inspirantes et de mettre en lumi\u00e8re les initiatives locales. Mon objectif est de sensibiliser et d'encourager l'engagement communautaire \u00e0 travers mes articles.\",\"sameAs\":[\"https:\/\/vieassociative.be\/\"]}]}<\/script>\n<!-- \/ Yoast SEO plugin. -->","yoast_head_json":{"title":"Lettre \u00e0 l'\u00e9diteur - Klein Donald, veuillez aller chez le professeur de classe! | Vie Associative","robots":{"index":"index","follow":"follow","max-snippet":"max-snippet:-1","max-image-preview":"max-image-preview:large","max-video-preview":"max-video-preview:-1"},"canonical":"https:\/\/vieassociative.be\/actualites\/lettre-a-lediteur-klein-donald-veuillez-aller-chez-le-professeur-de-classe\/","og_locale":"fr_FR","og_type":"article","og_title":"Lettre \u00e0 l'\u00e9diteur - Klein Donald, veuillez aller chez le professeur de classe! | Vie Associative","og_description":"(Ou: \u00ab\u00a0Le manque de conversation dans une enfance\u00a0\u00bb) Klein Donald a \u00e9t\u00e9 appel\u00e9 au professeur de classe. Regardez, Klein Donald: Si votre grand-p\u00e8re a donn\u00e9","og_url":"https:\/\/vieassociative.be\/actualites\/lettre-a-lediteur-klein-donald-veuillez-aller-chez-le-professeur-de-classe\/","og_site_name":"Vie Associative","article_published_time":"2025-06-02T14:18:25+00:00","og_image":[{"width":279,"height":92,"url":"https:\/\/vieassociative.be\/actualites\/wp-content\/uploads\/2024\/09\/header_backgroundk-01-e1726694325946.png","type":"image\/png"}],"author":"Julien","twitter_card":"summary_large_image","twitter_misc":{"\u00c9crit par":"Julien","Dur\u00e9e de lecture est.":"4 minutes"},"schema":{"@context":"https:\/\/schema.org","@graph":[{"@type":"Article","@id":"https:\/\/vieassociative.be\/actualites\/lettre-a-lediteur-klein-donald-veuillez-aller-chez-le-professeur-de-classe\/#article","isPartOf":{"@id":"https:\/\/vieassociative.be\/actualites\/lettre-a-lediteur-klein-donald-veuillez-aller-chez-le-professeur-de-classe\/"},"author":{"name":"Julien","@id":"https:\/\/vieassociative.be\/actualites\/#\/schema\/person\/b87ac4f82f9d4e7b7cec7395b679edc4"},"headline":"Lettre \u00e0 l&rsquo;\u00e9diteur &#8211; Klein Donald, veuillez aller chez le professeur de classe!","datePublished":"2025-06-02T14:18:25+00:00","dateModified":"2025-06-02T14:18:25+00:00","mainEntityOfPage":{"@id":"https:\/\/vieassociative.be\/actualites\/lettre-a-lediteur-klein-donald-veuillez-aller-chez-le-professeur-de-classe\/"},"wordCount":776,"publisher":{"@id":"https:\/\/vieassociative.be\/actualites\/#organization"},"image":{"@id":"https:\/\/vieassociative.be\/actualites\/lettre-a-lediteur-klein-donald-veuillez-aller-chez-le-professeur-de-classe\/#primaryimage"},"thumbnailUrl":"https:\/\/vieassociative.be\/actualites\/wp-content\/uploads\/2024\/11\/LETTRE-A-LA-REDACTION-\u2013-Audi-Bruxelles-dernier-avertissement-du.jpeg","keywords":["aller","chez","classe","Donald","Klein","L\u00c9DITEUR","lettre","professeur","Veuillez"],"articleSection":["Belgique"],"inLanguage":"fr-BE"},{"@type":"WebPage","@id":"https:\/\/vieassociative.be\/actualites\/lettre-a-lediteur-klein-donald-veuillez-aller-chez-le-professeur-de-classe\/","url":"https:\/\/vieassociative.be\/actualites\/lettre-a-lediteur-klein-donald-veuillez-aller-chez-le-professeur-de-classe\/","name":"Lettre \u00e0 l'\u00e9diteur - Klein Donald, veuillez aller chez le professeur de classe! | Vie Associative","isPartOf":{"@id":"https:\/\/vieassociative.be\/actualites\/#website"},"primaryImageOfPage":{"@id":"https:\/\/vieassociative.be\/actualites\/lettre-a-lediteur-klein-donald-veuillez-aller-chez-le-professeur-de-classe\/#primaryimage"},"image":{"@id":"https:\/\/vieassociative.be\/actualites\/lettre-a-lediteur-klein-donald-veuillez-aller-chez-le-professeur-de-classe\/#primaryimage"},"thumbnailUrl":"https:\/\/vieassociative.be\/actualites\/wp-content\/uploads\/2024\/11\/LETTRE-A-LA-REDACTION-\u2013-Audi-Bruxelles-dernier-avertissement-du.jpeg","datePublished":"2025-06-02T14:18:25+00:00","dateModified":"2025-06-02T14:18:25+00:00","breadcrumb":{"@id":"https:\/\/vieassociative.be\/actualites\/lettre-a-lediteur-klein-donald-veuillez-aller-chez-le-professeur-de-classe\/#breadcrumb"},"inLanguage":"fr-BE","potentialAction":[{"@type":"ReadAction","target":["https:\/\/vieassociative.be\/actualites\/lettre-a-lediteur-klein-donald-veuillez-aller-chez-le-professeur-de-classe\/"]}]},{"@type":"ImageObject","inLanguage":"fr-BE","@id":"https:\/\/vieassociative.be\/actualites\/lettre-a-lediteur-klein-donald-veuillez-aller-chez-le-professeur-de-classe\/#primaryimage","url":"https:\/\/vieassociative.be\/actualites\/wp-content\/uploads\/2024\/11\/LETTRE-A-LA-REDACTION-\u2013-Audi-Bruxelles-dernier-avertissement-du.jpeg","contentUrl":"https:\/\/vieassociative.be\/actualites\/wp-content\/uploads\/2024\/11\/LETTRE-A-LA-REDACTION-\u2013-Audi-Bruxelles-dernier-avertissement-du.jpeg","width":1024,"height":747,"caption":"LETTRE \u00c0 LA R\u00c9DACTION \u2013 Audi Bruxelles, dernier avertissement du gouffre"},{"@type":"BreadcrumbList","@id":"https:\/\/vieassociative.be\/actualites\/lettre-a-lediteur-klein-donald-veuillez-aller-chez-le-professeur-de-classe\/#breadcrumb","itemListElement":[{"@type":"ListItem","position":1,"name":"Accueil","item":"https:\/\/vieassociative.be\/actualites\/"},{"@type":"ListItem","position":2,"name":"Lettre \u00e0 l&rsquo;\u00e9diteur &#8211; Klein Donald, veuillez aller chez le professeur de classe!"}]},{"@type":"WebSite","@id":"https:\/\/vieassociative.be\/actualites\/#website","url":"https:\/\/vieassociative.be\/actualites\/","name":"Vie Associative","description":"","publisher":{"@id":"https:\/\/vieassociative.be\/actualites\/#organization"},"potentialAction":[{"@type":"SearchAction","target":{"@type":"EntryPoint","urlTemplate":"https:\/\/vieassociative.be\/actualites\/?s={search_term_string}"},"query-input":{"@type":"PropertyValueSpecification","valueRequired":true,"valueName":"search_term_string"}}],"inLanguage":"fr-BE"},{"@type":"Organization","@id":"https:\/\/vieassociative.be\/actualites\/#organization","name":"Vie Associative","url":"https:\/\/vieassociative.be\/actualites\/","logo":{"@type":"ImageObject","inLanguage":"fr-BE","@id":"https:\/\/vieassociative.be\/actualites\/#\/schema\/logo\/image\/","url":"https:\/\/vieassociative.be\/actualites\/wp-content\/uploads\/2024\/09\/cropped-vieassociative_favicon.ico.png","contentUrl":"https:\/\/vieassociative.be\/actualites\/wp-content\/uploads\/2024\/09\/cropped-vieassociative_favicon.ico.png","width":512,"height":512,"caption":"Vie Associative"},"image":{"@id":"https:\/\/vieassociative.be\/actualites\/#\/schema\/logo\/image\/"}},{"@type":"Person","@id":"https:\/\/vieassociative.be\/actualites\/#\/schema\/person\/b87ac4f82f9d4e7b7cec7395b679edc4","name":"Julien","image":{"@type":"ImageObject","inLanguage":"fr-BE","@id":"https:\/\/vieassociative.be\/actualites\/#\/schema\/person\/image\/","url":"https:\/\/vieassociative.be\/actualites\/wp-content\/uploads\/2024\/09\/vie-associative-1-150x150.jpg","contentUrl":"https:\/\/vieassociative.be\/actualites\/wp-content\/uploads\/2024\/09\/vie-associative-1-150x150.jpg","caption":"Julien"},"description":"Je suis Julien, r\u00e9dacteur pour Vie Associative. Passionn\u00e9 par le monde associatif depuis plus de 10 ans, j'ai \u00e0 c\u0153ur de partager des histoires inspirantes et de mettre en lumi\u00e8re les initiatives locales. Mon objectif est de sensibiliser et d'encourager l'engagement communautaire \u00e0 travers mes articles.","sameAs":["https:\/\/vieassociative.be\/"]}]}},"_links":{"self":[{"href":"https:\/\/vieassociative.be\/actualites\/wp-json\/wp\/v2\/posts\/7933"}],"collection":[{"href":"https:\/\/vieassociative.be\/actualites\/wp-json\/wp\/v2\/posts"}],"about":[{"href":"https:\/\/vieassociative.be\/actualites\/wp-json\/wp\/v2\/types\/post"}],"author":[{"embeddable":true,"href":"https:\/\/vieassociative.be\/actualites\/wp-json\/wp\/v2\/users\/1"}],"replies":[{"embeddable":true,"href":"https:\/\/vieassociative.be\/actualites\/wp-json\/wp\/v2\/comments?post=7933"}],"version-history":[{"count":0,"href":"https:\/\/vieassociative.be\/actualites\/wp-json\/wp\/v2\/posts\/7933\/revisions"}],"wp:featuredmedia":[{"embeddable":true,"href":"https:\/\/vieassociative.be\/actualites\/wp-json\/wp\/v2\/media\/2567"}],"wp:attachment":[{"href":"https:\/\/vieassociative.be\/actualites\/wp-json\/wp\/v2\/media?parent=7933"}],"wp:term":[{"taxonomy":"category","embeddable":true,"href":"https:\/\/vieassociative.be\/actualites\/wp-json\/wp\/v2\/categories?post=7933"},{"taxonomy":"post_tag","embeddable":true,"href":"https:\/\/vieassociative.be\/actualites\/wp-json\/wp\/v2\/tags?post=7933"}],"curies":[{"name":"wp","href":"https:\/\/api.w.org\/{rel}","templated":true}]}}