{"id":7910,"date":"2025-06-01T10:16:56","date_gmt":"2025-06-01T08:16:56","guid":{"rendered":"https:\/\/vieassociative.be\/actualites\/2-morts-les-petits-avions-tombent-sur-la-maison-pres-de-monchengladbach\/"},"modified":"2025-06-01T10:16:56","modified_gmt":"2025-06-01T08:16:56","slug":"2-morts-les-petits-avions-tombent-sur-la-maison-pres-de-monchengladbach","status":"publish","type":"post","link":"https:\/\/vieassociative.be\/actualites\/2-morts-les-petits-avions-tombent-sur-la-maison-pres-de-monchengladbach\/","title":{"rendered":"2 morts &#8211; Les petits avions tombent sur la maison pr\u00e8s de M\u00f6nchengladbach"},"content":{"rendered":"<p><strong>\u00c0 Korschenbroich sur le Rhin inf\u00e9rieur, un petit avion est tomb\u00e9 sur la terrasse d&rsquo;un immeuble r\u00e9sidentiel. Deux personnes ont \u00e9t\u00e9 tu\u00e9es, comme l&rsquo;a confirm\u00e9 un porte-parole de la police de Neuss.<\/strong><\/p>\n<p><span id=\"more-416745\"><\/span>L&rsquo;un des morts est probablement le pilote des petits avions, a d\u00e9clar\u00e9 le porte-parole de la police. L&rsquo;autre morte n&rsquo;a pas encore \u00e9t\u00e9 identifi\u00e9e. Il n&rsquo;est pas clair s&rsquo;il s&rsquo;agissait d&rsquo;un copilote de l&rsquo;avion ou d&rsquo;un r\u00e9sident de la maison. Au bas de l&rsquo;accident, rien ne peut encore \u00eatre dit, a d\u00e9clar\u00e9 l&rsquo;orateur.<\/p>\n<p>Un incendie a \u00e9clat\u00e9 imm\u00e9diatement sur le site de l&rsquo;accident. La Brigade des pompiers est avec environ 50 forces dans de grandes op\u00e9rations, a d\u00e9clar\u00e9 un porte-parole du centre de contr\u00f4le.<\/p>\n<p>Dans les photos de la sc\u00e8ne de l&rsquo;accident, vous pouvez voir comment l&rsquo;arri\u00e8re de la machine d\u00e9truite d\u00e9passe du jardin avant de la maison et les pompiers \u00e9teignent l&rsquo;incendie avec des masques de protection respiratoire. La fa\u00e7ade de la maison est en partie noire. (DPA)<\/p>\n","protected":false},"excerpt":{"rendered":"<p>\u00c0 Korschenbroich sur le Rhin inf\u00e9rieur, un petit avion est tomb\u00e9 sur la terrasse d&rsquo;un immeuble r\u00e9sidentiel. Deux personnes ont \u00e9t\u00e9 tu\u00e9es, comme l&rsquo;a confirm\u00e9<\/p>\n","protected":false},"author":1,"featured_media":7911,"comment_status":"","ping_status":"","sticky":false,"template":"","format":"standard","meta":{"footnotes":""},"categories":[298],"tags":[7262,14,560,7264,439,323,1750,33,7263],"class_list":["post-7910","post","type-post","status-publish","format-standard","has-post-thumbnail","hentry","category-belgique","tag-avions","tag-les","tag-maison","tag-monchengladbach","tag-morts","tag-petits","tag-pres","tag-sur","tag-tombent","generate-columns","tablet-grid-50","mobile-grid-100","grid-parent","grid-33"],"yoast_head":"<!-- This site is optimized with the Yoast SEO plugin v24.0 - https:\/\/yoast.com\/wordpress\/plugins\/seo\/ -->\n<title>2 morts - Les petits avions tombent sur la maison pr\u00e8s de M\u00f6nchengladbach | Vie Associative<\/title>\n<meta name=\"robots\" content=\"index, follow, max-snippet:-1, max-image-preview:large, max-video-preview:-1\" \/>\n<link rel=\"canonical\" href=\"https:\/\/vieassociative.be\/actualites\/2-morts-les-petits-avions-tombent-sur-la-maison-pres-de-monchengladbach\/\" \/>\n<meta property=\"og:locale\" content=\"fr_FR\" \/>\n<meta property=\"og:type\" content=\"article\" \/>\n<meta property=\"og:title\" content=\"2 morts - Les petits avions tombent sur la maison pr\u00e8s de M\u00f6nchengladbach | Vie Associative\" \/>\n<meta property=\"og:description\" content=\"\u00c0 Korschenbroich sur le Rhin inf\u00e9rieur, un petit avion est tomb\u00e9 sur la terrasse d&rsquo;un immeuble r\u00e9sidentiel. Deux personnes ont \u00e9t\u00e9 tu\u00e9es, comme l&rsquo;a confirm\u00e9\" \/>\n<meta property=\"og:url\" content=\"https:\/\/vieassociative.be\/actualites\/2-morts-les-petits-avions-tombent-sur-la-maison-pres-de-monchengladbach\/\" \/>\n<meta property=\"og:site_name\" content=\"Vie Associative\" \/>\n<meta property=\"article:published_time\" content=\"2025-06-01T08:16:56+00:00\" \/>\n<meta property=\"og:image\" content=\"https:\/\/vieassociative.be\/actualites\/wp-content\/uploads\/2024\/09\/header_backgroundk-01-e1726694325946.png\" \/>\n\t<meta property=\"og:image:width\" content=\"279\" \/>\n\t<meta property=\"og:image:height\" content=\"92\" \/>\n\t<meta property=\"og:image:type\" content=\"image\/png\" \/>\n<meta name=\"author\" content=\"Julien\" \/>\n<meta name=\"twitter:card\" content=\"summary_large_image\" \/>\n<meta name=\"twitter:label1\" content=\"\u00c9crit par\" \/>\n\t<meta name=\"twitter:data1\" content=\"Julien\" \/>\n\t<meta name=\"twitter:label2\" content=\"Dur\u00e9e de lecture est.\" \/>\n\t<meta name=\"twitter:data2\" content=\"1 minute\" \/>\n<script type=\"application\/ld+json\" class=\"yoast-schema-graph\">{\"@context\":\"https:\/\/schema.org\",\"@graph\":[{\"@type\":\"Article\",\"@id\":\"https:\/\/vieassociative.be\/actualites\/2-morts-les-petits-avions-tombent-sur-la-maison-pres-de-monchengladbach\/#article\",\"isPartOf\":{\"@id\":\"https:\/\/vieassociative.be\/actualites\/2-morts-les-petits-avions-tombent-sur-la-maison-pres-de-monchengladbach\/\"},\"author\":{\"name\":\"Julien\",\"@id\":\"https:\/\/vieassociative.be\/actualites\/#\/schema\/person\/b87ac4f82f9d4e7b7cec7395b679edc4\"},\"headline\":\"2 morts &#8211; Les petits avions tombent sur la maison pr\u00e8s de M\u00f6nchengladbach\",\"datePublished\":\"2025-06-01T08:16:56+00:00\",\"dateModified\":\"2025-06-01T08:16:56+00:00\",\"mainEntityOfPage\":{\"@id\":\"https:\/\/vieassociative.be\/actualites\/2-morts-les-petits-avions-tombent-sur-la-maison-pres-de-monchengladbach\/\"},\"wordCount\":206,\"publisher\":{\"@id\":\"https:\/\/vieassociative.be\/actualites\/#organization\"},\"image\":{\"@id\":\"https:\/\/vieassociative.be\/actualites\/2-morts-les-petits-avions-tombent-sur-la-maison-pres-de-monchengladbach\/#primaryimage\"},\"thumbnailUrl\":\"https:\/\/vieassociative.be\/actualites\/wp-content\/uploads\/2025\/06\/2-morts-Les-petits-avions-tombent-sur-la-maison.jpg\",\"keywords\":[\"avions\",\"Les\",\"maison\",\"M\u00f6nchengladbach\",\"morts\",\"petits\",\"pr\u00e8s\",\"sur\",\"tombent\"],\"articleSection\":[\"Belgique\"],\"inLanguage\":\"fr-BE\"},{\"@type\":\"WebPage\",\"@id\":\"https:\/\/vieassociative.be\/actualites\/2-morts-les-petits-avions-tombent-sur-la-maison-pres-de-monchengladbach\/\",\"url\":\"https:\/\/vieassociative.be\/actualites\/2-morts-les-petits-avions-tombent-sur-la-maison-pres-de-monchengladbach\/\",\"name\":\"2 morts - Les petits avions tombent sur la maison pr\u00e8s de M\u00f6nchengladbach | Vie Associative\",\"isPartOf\":{\"@id\":\"https:\/\/vieassociative.be\/actualites\/#website\"},\"primaryImageOfPage\":{\"@id\":\"https:\/\/vieassociative.be\/actualites\/2-morts-les-petits-avions-tombent-sur-la-maison-pres-de-monchengladbach\/#primaryimage\"},\"image\":{\"@id\":\"https:\/\/vieassociative.be\/actualites\/2-morts-les-petits-avions-tombent-sur-la-maison-pres-de-monchengladbach\/#primaryimage\"},\"thumbnailUrl\":\"https:\/\/vieassociative.be\/actualites\/wp-content\/uploads\/2025\/06\/2-morts-Les-petits-avions-tombent-sur-la-maison.jpg\",\"datePublished\":\"2025-06-01T08:16:56+00:00\",\"dateModified\":\"2025-06-01T08:16:56+00:00\",\"breadcrumb\":{\"@id\":\"https:\/\/vieassociative.be\/actualites\/2-morts-les-petits-avions-tombent-sur-la-maison-pres-de-monchengladbach\/#breadcrumb\"},\"inLanguage\":\"fr-BE\",\"potentialAction\":[{\"@type\":\"ReadAction\",\"target\":[\"https:\/\/vieassociative.be\/actualites\/2-morts-les-petits-avions-tombent-sur-la-maison-pres-de-monchengladbach\/\"]}]},{\"@type\":\"ImageObject\",\"inLanguage\":\"fr-BE\",\"@id\":\"https:\/\/vieassociative.be\/actualites\/2-morts-les-petits-avions-tombent-sur-la-maison-pres-de-monchengladbach\/#primaryimage\",\"url\":\"https:\/\/vieassociative.be\/actualites\/wp-content\/uploads\/2025\/06\/2-morts-Les-petits-avions-tombent-sur-la-maison.jpg\",\"contentUrl\":\"https:\/\/vieassociative.be\/actualites\/wp-content\/uploads\/2025\/06\/2-morts-Les-petits-avions-tombent-sur-la-maison.jpg\",\"width\":1200,\"height\":836,\"caption\":\"2 morts - Les petits avions tombent sur la maison pr\u00e8s de M\u00f6nchengladbach\"},{\"@type\":\"BreadcrumbList\",\"@id\":\"https:\/\/vieassociative.be\/actualites\/2-morts-les-petits-avions-tombent-sur-la-maison-pres-de-monchengladbach\/#breadcrumb\",\"itemListElement\":[{\"@type\":\"ListItem\",\"position\":1,\"name\":\"Accueil\",\"item\":\"https:\/\/vieassociative.be\/actualites\/\"},{\"@type\":\"ListItem\",\"position\":2,\"name\":\"2 morts &#8211; Les petits avions tombent sur la maison pr\u00e8s de M\u00f6nchengladbach\"}]},{\"@type\":\"WebSite\",\"@id\":\"https:\/\/vieassociative.be\/actualites\/#website\",\"url\":\"https:\/\/vieassociative.be\/actualites\/\",\"name\":\"Vie Associative\",\"description\":\"\",\"publisher\":{\"@id\":\"https:\/\/vieassociative.be\/actualites\/#organization\"},\"potentialAction\":[{\"@type\":\"SearchAction\",\"target\":{\"@type\":\"EntryPoint\",\"urlTemplate\":\"https:\/\/vieassociative.be\/actualites\/?s={search_term_string}\"},\"query-input\":{\"@type\":\"PropertyValueSpecification\",\"valueRequired\":true,\"valueName\":\"search_term_string\"}}],\"inLanguage\":\"fr-BE\"},{\"@type\":\"Organization\",\"@id\":\"https:\/\/vieassociative.be\/actualites\/#organization\",\"name\":\"Vie Associative\",\"url\":\"https:\/\/vieassociative.be\/actualites\/\",\"logo\":{\"@type\":\"ImageObject\",\"inLanguage\":\"fr-BE\",\"@id\":\"https:\/\/vieassociative.be\/actualites\/#\/schema\/logo\/image\/\",\"url\":\"https:\/\/vieassociative.be\/actualites\/wp-content\/uploads\/2024\/09\/cropped-vieassociative_favicon.ico.png\",\"contentUrl\":\"https:\/\/vieassociative.be\/actualites\/wp-content\/uploads\/2024\/09\/cropped-vieassociative_favicon.ico.png\",\"width\":512,\"height\":512,\"caption\":\"Vie Associative\"},\"image\":{\"@id\":\"https:\/\/vieassociative.be\/actualites\/#\/schema\/logo\/image\/\"}},{\"@type\":\"Person\",\"@id\":\"https:\/\/vieassociative.be\/actualites\/#\/schema\/person\/b87ac4f82f9d4e7b7cec7395b679edc4\",\"name\":\"Julien\",\"image\":{\"@type\":\"ImageObject\",\"inLanguage\":\"fr-BE\",\"@id\":\"https:\/\/vieassociative.be\/actualites\/#\/schema\/person\/image\/\",\"url\":\"https:\/\/vieassociative.be\/actualites\/wp-content\/uploads\/2024\/09\/vie-associative-1-150x150.jpg\",\"contentUrl\":\"https:\/\/vieassociative.be\/actualites\/wp-content\/uploads\/2024\/09\/vie-associative-1-150x150.jpg\",\"caption\":\"Julien\"},\"description\":\"Je suis Julien, r\u00e9dacteur pour Vie Associative. Passionn\u00e9 par le monde associatif depuis plus de 10 ans, j'ai \u00e0 c\u0153ur de partager des histoires inspirantes et de mettre en lumi\u00e8re les initiatives locales. Mon objectif est de sensibiliser et d'encourager l'engagement communautaire \u00e0 travers mes articles.\",\"sameAs\":[\"https:\/\/vieassociative.be\/\"]}]}<\/script>\n<!-- \/ Yoast SEO plugin. -->","yoast_head_json":{"title":"2 morts - Les petits avions tombent sur la maison pr\u00e8s de M\u00f6nchengladbach | Vie Associative","robots":{"index":"index","follow":"follow","max-snippet":"max-snippet:-1","max-image-preview":"max-image-preview:large","max-video-preview":"max-video-preview:-1"},"canonical":"https:\/\/vieassociative.be\/actualites\/2-morts-les-petits-avions-tombent-sur-la-maison-pres-de-monchengladbach\/","og_locale":"fr_FR","og_type":"article","og_title":"2 morts - Les petits avions tombent sur la maison pr\u00e8s de M\u00f6nchengladbach | Vie Associative","og_description":"\u00c0 Korschenbroich sur le Rhin inf\u00e9rieur, un petit avion est tomb\u00e9 sur la terrasse d&rsquo;un immeuble r\u00e9sidentiel. Deux personnes ont \u00e9t\u00e9 tu\u00e9es, comme l&rsquo;a confirm\u00e9","og_url":"https:\/\/vieassociative.be\/actualites\/2-morts-les-petits-avions-tombent-sur-la-maison-pres-de-monchengladbach\/","og_site_name":"Vie Associative","article_published_time":"2025-06-01T08:16:56+00:00","og_image":[{"width":279,"height":92,"url":"https:\/\/vieassociative.be\/actualites\/wp-content\/uploads\/2024\/09\/header_backgroundk-01-e1726694325946.png","type":"image\/png"}],"author":"Julien","twitter_card":"summary_large_image","twitter_misc":{"\u00c9crit par":"Julien","Dur\u00e9e de lecture est.":"1 minute"},"schema":{"@context":"https:\/\/schema.org","@graph":[{"@type":"Article","@id":"https:\/\/vieassociative.be\/actualites\/2-morts-les-petits-avions-tombent-sur-la-maison-pres-de-monchengladbach\/#article","isPartOf":{"@id":"https:\/\/vieassociative.be\/actualites\/2-morts-les-petits-avions-tombent-sur-la-maison-pres-de-monchengladbach\/"},"author":{"name":"Julien","@id":"https:\/\/vieassociative.be\/actualites\/#\/schema\/person\/b87ac4f82f9d4e7b7cec7395b679edc4"},"headline":"2 morts &#8211; Les petits avions tombent sur la maison pr\u00e8s de M\u00f6nchengladbach","datePublished":"2025-06-01T08:16:56+00:00","dateModified":"2025-06-01T08:16:56+00:00","mainEntityOfPage":{"@id":"https:\/\/vieassociative.be\/actualites\/2-morts-les-petits-avions-tombent-sur-la-maison-pres-de-monchengladbach\/"},"wordCount":206,"publisher":{"@id":"https:\/\/vieassociative.be\/actualites\/#organization"},"image":{"@id":"https:\/\/vieassociative.be\/actualites\/2-morts-les-petits-avions-tombent-sur-la-maison-pres-de-monchengladbach\/#primaryimage"},"thumbnailUrl":"https:\/\/vieassociative.be\/actualites\/wp-content\/uploads\/2025\/06\/2-morts-Les-petits-avions-tombent-sur-la-maison.jpg","keywords":["avions","Les","maison","M\u00f6nchengladbach","morts","petits","pr\u00e8s","sur","tombent"],"articleSection":["Belgique"],"inLanguage":"fr-BE"},{"@type":"WebPage","@id":"https:\/\/vieassociative.be\/actualites\/2-morts-les-petits-avions-tombent-sur-la-maison-pres-de-monchengladbach\/","url":"https:\/\/vieassociative.be\/actualites\/2-morts-les-petits-avions-tombent-sur-la-maison-pres-de-monchengladbach\/","name":"2 morts - Les petits avions tombent sur la maison pr\u00e8s de M\u00f6nchengladbach | Vie Associative","isPartOf":{"@id":"https:\/\/vieassociative.be\/actualites\/#website"},"primaryImageOfPage":{"@id":"https:\/\/vieassociative.be\/actualites\/2-morts-les-petits-avions-tombent-sur-la-maison-pres-de-monchengladbach\/#primaryimage"},"image":{"@id":"https:\/\/vieassociative.be\/actualites\/2-morts-les-petits-avions-tombent-sur-la-maison-pres-de-monchengladbach\/#primaryimage"},"thumbnailUrl":"https:\/\/vieassociative.be\/actualites\/wp-content\/uploads\/2025\/06\/2-morts-Les-petits-avions-tombent-sur-la-maison.jpg","datePublished":"2025-06-01T08:16:56+00:00","dateModified":"2025-06-01T08:16:56+00:00","breadcrumb":{"@id":"https:\/\/vieassociative.be\/actualites\/2-morts-les-petits-avions-tombent-sur-la-maison-pres-de-monchengladbach\/#breadcrumb"},"inLanguage":"fr-BE","potentialAction":[{"@type":"ReadAction","target":["https:\/\/vieassociative.be\/actualites\/2-morts-les-petits-avions-tombent-sur-la-maison-pres-de-monchengladbach\/"]}]},{"@type":"ImageObject","inLanguage":"fr-BE","@id":"https:\/\/vieassociative.be\/actualites\/2-morts-les-petits-avions-tombent-sur-la-maison-pres-de-monchengladbach\/#primaryimage","url":"https:\/\/vieassociative.be\/actualites\/wp-content\/uploads\/2025\/06\/2-morts-Les-petits-avions-tombent-sur-la-maison.jpg","contentUrl":"https:\/\/vieassociative.be\/actualites\/wp-content\/uploads\/2025\/06\/2-morts-Les-petits-avions-tombent-sur-la-maison.jpg","width":1200,"height":836,"caption":"2 morts - Les petits avions tombent sur la maison pr\u00e8s de M\u00f6nchengladbach"},{"@type":"BreadcrumbList","@id":"https:\/\/vieassociative.be\/actualites\/2-morts-les-petits-avions-tombent-sur-la-maison-pres-de-monchengladbach\/#breadcrumb","itemListElement":[{"@type":"ListItem","position":1,"name":"Accueil","item":"https:\/\/vieassociative.be\/actualites\/"},{"@type":"ListItem","position":2,"name":"2 morts &#8211; Les petits avions tombent sur la maison pr\u00e8s de M\u00f6nchengladbach"}]},{"@type":"WebSite","@id":"https:\/\/vieassociative.be\/actualites\/#website","url":"https:\/\/vieassociative.be\/actualites\/","name":"Vie Associative","description":"","publisher":{"@id":"https:\/\/vieassociative.be\/actualites\/#organization"},"potentialAction":[{"@type":"SearchAction","target":{"@type":"EntryPoint","urlTemplate":"https:\/\/vieassociative.be\/actualites\/?s={search_term_string}"},"query-input":{"@type":"PropertyValueSpecification","valueRequired":true,"valueName":"search_term_string"}}],"inLanguage":"fr-BE"},{"@type":"Organization","@id":"https:\/\/vieassociative.be\/actualites\/#organization","name":"Vie Associative","url":"https:\/\/vieassociative.be\/actualites\/","logo":{"@type":"ImageObject","inLanguage":"fr-BE","@id":"https:\/\/vieassociative.be\/actualites\/#\/schema\/logo\/image\/","url":"https:\/\/vieassociative.be\/actualites\/wp-content\/uploads\/2024\/09\/cropped-vieassociative_favicon.ico.png","contentUrl":"https:\/\/vieassociative.be\/actualites\/wp-content\/uploads\/2024\/09\/cropped-vieassociative_favicon.ico.png","width":512,"height":512,"caption":"Vie Associative"},"image":{"@id":"https:\/\/vieassociative.be\/actualites\/#\/schema\/logo\/image\/"}},{"@type":"Person","@id":"https:\/\/vieassociative.be\/actualites\/#\/schema\/person\/b87ac4f82f9d4e7b7cec7395b679edc4","name":"Julien","image":{"@type":"ImageObject","inLanguage":"fr-BE","@id":"https:\/\/vieassociative.be\/actualites\/#\/schema\/person\/image\/","url":"https:\/\/vieassociative.be\/actualites\/wp-content\/uploads\/2024\/09\/vie-associative-1-150x150.jpg","contentUrl":"https:\/\/vieassociative.be\/actualites\/wp-content\/uploads\/2024\/09\/vie-associative-1-150x150.jpg","caption":"Julien"},"description":"Je suis Julien, r\u00e9dacteur pour Vie Associative. Passionn\u00e9 par le monde associatif depuis plus de 10 ans, j'ai \u00e0 c\u0153ur de partager des histoires inspirantes et de mettre en lumi\u00e8re les initiatives locales. Mon objectif est de sensibiliser et d'encourager l'engagement communautaire \u00e0 travers mes articles.","sameAs":["https:\/\/vieassociative.be\/"]}]}},"_links":{"self":[{"href":"https:\/\/vieassociative.be\/actualites\/wp-json\/wp\/v2\/posts\/7910"}],"collection":[{"href":"https:\/\/vieassociative.be\/actualites\/wp-json\/wp\/v2\/posts"}],"about":[{"href":"https:\/\/vieassociative.be\/actualites\/wp-json\/wp\/v2\/types\/post"}],"author":[{"embeddable":true,"href":"https:\/\/vieassociative.be\/actualites\/wp-json\/wp\/v2\/users\/1"}],"replies":[{"embeddable":true,"href":"https:\/\/vieassociative.be\/actualites\/wp-json\/wp\/v2\/comments?post=7910"}],"version-history":[{"count":0,"href":"https:\/\/vieassociative.be\/actualites\/wp-json\/wp\/v2\/posts\/7910\/revisions"}],"wp:featuredmedia":[{"embeddable":true,"href":"https:\/\/vieassociative.be\/actualites\/wp-json\/wp\/v2\/media\/7911"}],"wp:attachment":[{"href":"https:\/\/vieassociative.be\/actualites\/wp-json\/wp\/v2\/media?parent=7910"}],"wp:term":[{"taxonomy":"category","embeddable":true,"href":"https:\/\/vieassociative.be\/actualites\/wp-json\/wp\/v2\/categories?post=7910"},{"taxonomy":"post_tag","embeddable":true,"href":"https:\/\/vieassociative.be\/actualites\/wp-json\/wp\/v2\/tags?post=7910"}],"curies":[{"name":"wp","href":"https:\/\/api.w.org\/{rel}","templated":true}]}}