{"id":7900,"date":"2025-05-31T22:17:09","date_gmt":"2025-05-31T20:17:09","guid":{"rendered":"https:\/\/vieassociative.be\/actualites\/water-buffalo-a-vole-clown-the-show-galerie-de-photos\/"},"modified":"2025-05-31T22:17:09","modified_gmt":"2025-05-31T20:17:09","slug":"water-buffalo-a-vole-clown-the-show-galerie-de-photos","status":"publish","type":"post","link":"https:\/\/vieassociative.be\/actualites\/water-buffalo-a-vole-clown-the-show-galerie-de-photos\/","title":{"rendered":"Water Buffalo a vol\u00e9 Clown the Show (galerie de photos)"},"content":{"rendered":"<p><strong>Samedi, deux buffles d&rsquo;eau ont attir\u00e9 les yeux des passants &#8211; sur la place du clown d&rsquo;Eupen. Pour \u00abl&rsquo;est de la Belgique directement\u00bb, le photographe Patrick von Staufenberg \u00e9tait sur place. Voici ses photos (voir la galerie de photos ci-dessous). <\/strong><\/p>\n<p><span id=\"more-416740\"><\/span>Sur le site, les parties int\u00e9ress\u00e9es ont pu s&rsquo;\u00e9merveiller contre les deux buffles d&rsquo;eau du Buffalo Eifel de Honsfeld (municipalit\u00e9 de B\u00fcllinggen), apprenez \u00e0 conna\u00eetre ces animaux fascinants et en savoir plus sur leur importance pour le commerce \u00e9quitable et pour l&rsquo;agriculture durable.<\/p>\n<p>Le \u00ab\u00a0Aktion Wasserb\u00fcffel\u00a0\u00bb est un projet \u00e0 but non lucratif soutenu par les magasins du monde Eupen et Eynatten en tant que projet annuel en 2025. L&rsquo;objectif est de fournir une aide durable \u00e0 l&rsquo;auto-aide aux Philippines gr\u00e2ce \u00e0 une coop\u00e9ration en d\u00e9veloppement concr\u00e8te. Les projets se concentrent sur l&rsquo;\u00e9ducation, les soins m\u00e9dicaux, l&rsquo;eau potable, l&rsquo;alimentation saine et les \u00e9nergies renouvelables.<\/p>\n<div id=\"attachment_416806\" class=\"wp-caption alignleft\" style=\"max-width: 300px\"><img fetchpriority=\"high\" decoding=\"async\" class=\"wp-image-416806 size-medium\" src=\"https:\/\/vieassociative.be\/actualites\/wp-content\/uploads\/2025\/05\/Water-Buffalo-a-vole-Clown-the-Show-galerie-de-photos.jpg\" alt=\"\" width=\"300\" height=\"200\"  ><\/p>\n<p class=\"wp-caption-text\">Employ\u00e9s de \u00ab\u00a0Aktion Wasserb\u00fcffel\u00a0\u00bb sur la photo du groupe. Photo: Patrick von Staufenberg<\/p>\n<\/div>\n<p>Un projet central est la fourniture de buffles d&rsquo;eau pour les petits agriculteurs afin de soutenir leur travail agricole et de garantir leur gagne-pain.<\/p>\n<p><b>&#8211; Plus d&rsquo;informations et opportunit\u00e9s: <\/b>Les parties int\u00e9ress\u00e9es peuvent d\u00e9couvrir les projets actuels sur le site officiel du \u00ab\u00a0Aktion Wasserb\u00fcffel\u00a0\u00bb et apprendre \u00e0 les soutenir en donnant ou en faisant du b\u00e9n\u00e9volat.<\/p>\n<p>Gr\u00e2ce \u00e0 la coop\u00e9ration avec les magasins du monde, la sensibilisation \u00e0 la justice mondiale et au d\u00e9veloppement durable est renforc\u00e9e et des mesures concr\u00e8tes sont prises pour am\u00e9liorer les conditions de vie des communaut\u00e9s d\u00e9favoris\u00e9es.<\/p>\n<p>Samedi, non seulement des informations d&rsquo;Oxfam, du World Shop et du Water Buffalo Project ont \u00e9t\u00e9 propos\u00e9es sur la place \u00e0 Eupen, mais aussi une roue de fortune et une tombola. (Cre)<\/p>\n<p><em><strong>Vous trouverez ci-dessous une galerie de photos avec des photos du photographe Patrick von Staufenberg de la \u00ab\u00a0Aktion Wasserb\u00fcffel\u00a0\u00bb samedi sur la place au clown d&rsquo;Eupen (cliquez pour une photo en guerre):<\/strong><\/em><\/p>\n<div class=\"wp-gallery row\">\n<figure class=\"column small-6 medium-3 end\"><img decoding=\"async\" src=\"https:\/\/vieassociative.be\/actualites\/wp-content\/uploads\/2025\/05\/1748722628_128_Water-Buffalo-a-vole-Clown-the-Show-galerie-de-photos.jpg\" width=\"159\" height=\"159\" alt=\"\"><\/figure>\n<figure class=\"column small-6 medium-3 end\"><img decoding=\"async\" src=\"https:\/\/vieassociative.be\/actualites\/wp-content\/uploads\/2025\/05\/1748722628_485_Water-Buffalo-a-vole-Clown-the-Show-galerie-de-photos.jpg\" width=\"159\" height=\"159\" alt=\"\"><\/figure>\n<figure class=\"column small-6 medium-3 end\"><img loading=\"lazy\" decoding=\"async\" src=\"https:\/\/vieassociative.be\/actualites\/wp-content\/uploads\/2025\/05\/1748722628_279_Water-Buffalo-a-vole-Clown-the-Show-galerie-de-photos.jpg\" width=\"159\" height=\"159\" alt=\"\"><\/figure>\n<figure class=\"column small-6 medium-3 end\"><img loading=\"lazy\" decoding=\"async\" src=\"https:\/\/vieassociative.be\/actualites\/wp-content\/uploads\/2025\/05\/1748722628_202_Water-Buffalo-a-vole-Clown-the-Show-galerie-de-photos.jpg\" width=\"159\" height=\"159\" alt=\"\"><\/figure>\n<figure class=\"column small-6 medium-3 end\"><img loading=\"lazy\" decoding=\"async\" src=\"https:\/\/vieassociative.be\/actualites\/wp-content\/uploads\/2025\/05\/1748722628_16_Water-Buffalo-a-vole-Clown-the-Show-galerie-de-photos.jpg\" width=\"159\" height=\"159\" alt=\"\"><\/figure>\n<figure class=\"column small-6 medium-3 end\"><img loading=\"lazy\" decoding=\"async\" src=\"https:\/\/vieassociative.be\/actualites\/wp-content\/uploads\/2025\/05\/1748722628_825_Water-Buffalo-a-vole-Clown-the-Show-galerie-de-photos.jpg\" width=\"159\" height=\"159\" alt=\"\"><\/figure>\n<figure class=\"column small-6 medium-3 end\"><img loading=\"lazy\" decoding=\"async\" src=\"https:\/\/vieassociative.be\/actualites\/wp-content\/uploads\/2025\/05\/1748722628_799_Water-Buffalo-a-vole-Clown-the-Show-galerie-de-photos.jpg\" width=\"159\" height=\"159\" alt=\"\"><\/figure>\n<figure class=\"column small-6 medium-3 end\"><img loading=\"lazy\" decoding=\"async\" src=\"https:\/\/vieassociative.be\/actualites\/wp-content\/uploads\/2025\/05\/1748722628_234_Water-Buffalo-a-vole-Clown-the-Show-galerie-de-photos.jpg\" width=\"159\" height=\"159\" alt=\"\"><\/figure>\n<figure class=\"column small-6 medium-3 end\"><img loading=\"lazy\" decoding=\"async\" src=\"https:\/\/vieassociative.be\/actualites\/wp-content\/uploads\/2025\/05\/1748722628_685_Water-Buffalo-a-vole-Clown-the-Show-galerie-de-photos.jpg\" width=\"159\" height=\"159\" alt=\"\"><\/figure>\n<figure class=\"column small-6 medium-3 end\"><img loading=\"lazy\" decoding=\"async\" src=\"https:\/\/vieassociative.be\/actualites\/wp-content\/uploads\/2025\/05\/1748722628_588_Water-Buffalo-a-vole-Clown-the-Show-galerie-de-photos.jpg\" width=\"159\" height=\"159\" alt=\"\"><\/figure>\n<figure class=\"column small-6 medium-3 end\"><img loading=\"lazy\" decoding=\"async\" src=\"https:\/\/vieassociative.be\/actualites\/wp-content\/uploads\/2025\/05\/1748722628_218_Water-Buffalo-a-vole-Clown-the-Show-galerie-de-photos.jpg\" width=\"159\" height=\"159\" alt=\"\"><\/figure>\n<figure class=\"column small-6 medium-3 end\"><img loading=\"lazy\" decoding=\"async\" src=\"https:\/\/vieassociative.be\/actualites\/wp-content\/uploads\/2025\/05\/1748722628_753_Water-Buffalo-a-vole-Clown-the-Show-galerie-de-photos.jpg\" width=\"159\" height=\"159\" alt=\"\"><\/figure>\n<figure class=\"column small-6 medium-3 end\"><img loading=\"lazy\" decoding=\"async\" src=\"https:\/\/vieassociative.be\/actualites\/wp-content\/uploads\/2025\/05\/1748722628_138_Water-Buffalo-a-vole-Clown-the-Show-galerie-de-photos.jpg\" width=\"159\" height=\"159\" alt=\"\"><\/figure>\n<figure class=\"column small-6 medium-3 end\"><img loading=\"lazy\" decoding=\"async\" src=\"https:\/\/vieassociative.be\/actualites\/wp-content\/uploads\/2025\/05\/1748722628_43_Water-Buffalo-a-vole-Clown-the-Show-galerie-de-photos.jpg\" width=\"159\" height=\"159\" alt=\"\"><\/figure>\n<figure class=\"column small-6 medium-3 end\"><img loading=\"lazy\" decoding=\"async\" src=\"https:\/\/vieassociative.be\/actualites\/wp-content\/uploads\/2025\/05\/1748722628_610_Water-Buffalo-a-vole-Clown-the-Show-galerie-de-photos.jpg\" width=\"159\" height=\"159\" alt=\"\"><\/figure>\n<figure class=\"column small-6 medium-3 end\"><img loading=\"lazy\" decoding=\"async\" src=\"https:\/\/vieassociative.be\/actualites\/wp-content\/uploads\/2025\/05\/1748722628_375_Water-Buffalo-a-vole-Clown-the-Show-galerie-de-photos.jpg\" width=\"159\" height=\"159\" alt=\"\"><\/figure>\n<figure class=\"column small-6 medium-3 end\"><img loading=\"lazy\" decoding=\"async\" src=\"https:\/\/vieassociative.be\/actualites\/wp-content\/uploads\/2025\/05\/1748722629_670_Water-Buffalo-a-vole-Clown-the-Show-galerie-de-photos.jpg\" width=\"159\" height=\"159\" alt=\"\"><\/figure>\n<figure class=\"column small-6 medium-3 end\"><img loading=\"lazy\" decoding=\"async\" src=\"https:\/\/vieassociative.be\/actualites\/wp-content\/uploads\/2025\/05\/1748722629_893_Water-Buffalo-a-vole-Clown-the-Show-galerie-de-photos.jpg\" width=\"159\" height=\"159\" alt=\"\"><\/figure>\n<figure class=\"column small-6 medium-3 end\"><img loading=\"lazy\" decoding=\"async\" src=\"https:\/\/vieassociative.be\/actualites\/wp-content\/uploads\/2025\/05\/1748722629_724_Water-Buffalo-a-vole-Clown-the-Show-galerie-de-photos.jpg\" width=\"159\" height=\"159\" alt=\"\"><\/figure>\n<figure class=\"column small-6 medium-3 end\"><img loading=\"lazy\" decoding=\"async\" src=\"https:\/\/vieassociative.be\/actualites\/wp-content\/uploads\/2025\/05\/1748722629_706_Water-Buffalo-a-vole-Clown-the-Show-galerie-de-photos.jpg\" width=\"159\" height=\"159\" alt=\"\"><\/figure>\n<figure class=\"column small-6 medium-3 end\"><img loading=\"lazy\" decoding=\"async\" src=\"https:\/\/vieassociative.be\/actualites\/wp-content\/uploads\/2025\/05\/1748722629_542_Water-Buffalo-a-vole-Clown-the-Show-galerie-de-photos.jpg\" width=\"159\" height=\"159\" alt=\"\"><\/figure>\n<figure class=\"column small-6 medium-3 end\"><img loading=\"lazy\" decoding=\"async\" src=\"https:\/\/vieassociative.be\/actualites\/wp-content\/uploads\/2025\/05\/1748722629_140_Water-Buffalo-a-vole-Clown-the-Show-galerie-de-photos.jpg\" width=\"159\" height=\"159\" alt=\"\"><\/figure>\n<figure class=\"column small-6 medium-3 end\"><img loading=\"lazy\" decoding=\"async\" src=\"https:\/\/vieassociative.be\/actualites\/wp-content\/uploads\/2025\/05\/1748722629_524_Water-Buffalo-a-vole-Clown-the-Show-galerie-de-photos.jpg\" width=\"159\" height=\"159\" alt=\"\"><\/figure>\n<figure class=\"column small-6 medium-3 end\"><img loading=\"lazy\" decoding=\"async\" src=\"https:\/\/vieassociative.be\/actualites\/wp-content\/uploads\/2025\/05\/1748722629_358_Water-Buffalo-a-vole-Clown-the-Show-galerie-de-photos.jpg\" width=\"159\" height=\"159\" alt=\"\"><\/figure>\n<figure class=\"column small-6 medium-3 end\"><img loading=\"lazy\" decoding=\"async\" src=\"https:\/\/vieassociative.be\/actualites\/wp-content\/uploads\/2025\/05\/1748722629_651_Water-Buffalo-a-vole-Clown-the-Show-galerie-de-photos.jpg\" width=\"159\" height=\"159\" alt=\"\"><\/figure>\n<figure class=\"column small-6 medium-3 end\"><img loading=\"lazy\" decoding=\"async\" src=\"https:\/\/vieassociative.be\/actualites\/wp-content\/uploads\/2025\/05\/1748722629_224_Water-Buffalo-a-vole-Clown-the-Show-galerie-de-photos.jpg\" width=\"159\" height=\"159\" alt=\"\"><\/figure>\n<figure class=\"column small-6 medium-3 end\"><img loading=\"lazy\" decoding=\"async\" src=\"https:\/\/vieassociative.be\/actualites\/wp-content\/uploads\/2025\/05\/1748722629_966_Water-Buffalo-a-vole-Clown-the-Show-galerie-de-photos.jpg\" width=\"159\" height=\"159\" alt=\"\"><\/figure>\n<figure class=\"column small-6 medium-3 end\"><img loading=\"lazy\" decoding=\"async\" src=\"https:\/\/vieassociative.be\/actualites\/wp-content\/uploads\/2025\/05\/1748722629_52_Water-Buffalo-a-vole-Clown-the-Show-galerie-de-photos.jpg\" width=\"159\" height=\"159\" alt=\"\"><\/figure>\n<\/div>\n","protected":false},"excerpt":{"rendered":"<p>Samedi, deux buffles d&rsquo;eau ont attir\u00e9 les yeux des passants &#8211; sur la place du clown d&rsquo;Eupen. Pour \u00abl&rsquo;est de la Belgique directement\u00bb, le photographe<\/p>\n","protected":false},"author":1,"featured_media":7901,"comment_status":"","ping_status":"","sticky":false,"template":"","format":"standard","meta":{"footnotes":""},"categories":[298],"tags":[7258,6703,3257,283,972,5867,7257],"class_list":["post-7900","post","type-post","status-publish","format-standard","has-post-thumbnail","hentry","category-belgique","tag-buffalo","tag-clown","tag-galerie","tag-photos","tag-show","tag-vole","tag-water","generate-columns","tablet-grid-50","mobile-grid-100","grid-parent","grid-33"],"yoast_head":"<!-- This site is optimized with the Yoast SEO plugin v24.0 - https:\/\/yoast.com\/wordpress\/plugins\/seo\/ -->\n<title>Water Buffalo a vol\u00e9 Clown the Show (galerie de photos) | Vie Associative<\/title>\n<meta name=\"robots\" content=\"index, follow, max-snippet:-1, max-image-preview:large, max-video-preview:-1\" \/>\n<link rel=\"canonical\" href=\"https:\/\/vieassociative.be\/actualites\/water-buffalo-a-vole-clown-the-show-galerie-de-photos\/\" \/>\n<meta property=\"og:locale\" content=\"fr_FR\" \/>\n<meta property=\"og:type\" content=\"article\" \/>\n<meta property=\"og:title\" content=\"Water Buffalo a vol\u00e9 Clown the Show (galerie de photos) | Vie Associative\" \/>\n<meta property=\"og:description\" content=\"Samedi, deux buffles d&rsquo;eau ont attir\u00e9 les yeux des passants &#8211; sur la place du clown d&rsquo;Eupen. Pour \u00abl&rsquo;est de la Belgique directement\u00bb, le photographe\" \/>\n<meta property=\"og:url\" content=\"https:\/\/vieassociative.be\/actualites\/water-buffalo-a-vole-clown-the-show-galerie-de-photos\/\" \/>\n<meta property=\"og:site_name\" content=\"Vie Associative\" \/>\n<meta property=\"article:published_time\" content=\"2025-05-31T20:17:09+00:00\" \/>\n<meta property=\"og:image\" content=\"https:\/\/vieassociative.be\/actualites\/wp-content\/uploads\/2024\/09\/header_backgroundk-01-e1726694325946.png\" \/>\n\t<meta property=\"og:image:width\" content=\"279\" \/>\n\t<meta property=\"og:image:height\" content=\"92\" \/>\n\t<meta property=\"og:image:type\" content=\"image\/png\" \/>\n<meta name=\"author\" content=\"Julien\" \/>\n<meta name=\"twitter:card\" content=\"summary_large_image\" \/>\n<meta name=\"twitter:label1\" content=\"\u00c9crit par\" \/>\n\t<meta name=\"twitter:data1\" content=\"Julien\" \/>\n\t<meta name=\"twitter:label2\" content=\"Dur\u00e9e de lecture est.\" \/>\n\t<meta name=\"twitter:data2\" content=\"2 minutes\" \/>\n<script type=\"application\/ld+json\" class=\"yoast-schema-graph\">{\"@context\":\"https:\/\/schema.org\",\"@graph\":[{\"@type\":\"Article\",\"@id\":\"https:\/\/vieassociative.be\/actualites\/water-buffalo-a-vole-clown-the-show-galerie-de-photos\/#article\",\"isPartOf\":{\"@id\":\"https:\/\/vieassociative.be\/actualites\/water-buffalo-a-vole-clown-the-show-galerie-de-photos\/\"},\"author\":{\"name\":\"Julien\",\"@id\":\"https:\/\/vieassociative.be\/actualites\/#\/schema\/person\/b87ac4f82f9d4e7b7cec7395b679edc4\"},\"headline\":\"Water Buffalo a vol\u00e9 Clown the Show (galerie de photos)\",\"datePublished\":\"2025-05-31T20:17:09+00:00\",\"dateModified\":\"2025-05-31T20:17:09+00:00\",\"mainEntityOfPage\":{\"@id\":\"https:\/\/vieassociative.be\/actualites\/water-buffalo-a-vole-clown-the-show-galerie-de-photos\/\"},\"wordCount\":359,\"publisher\":{\"@id\":\"https:\/\/vieassociative.be\/actualites\/#organization\"},\"image\":{\"@id\":\"https:\/\/vieassociative.be\/actualites\/water-buffalo-a-vole-clown-the-show-galerie-de-photos\/#primaryimage\"},\"thumbnailUrl\":\"https:\/\/vieassociative.be\/actualites\/wp-content\/uploads\/2025\/05\/1748722631_Water-Buffalo-a-vole-Clown-the-Show-galerie-de-photos.jpg\",\"keywords\":[\"Buffalo\",\"Clown\",\"galerie\",\"Photos\",\"Show\",\"vole\",\"Water\"],\"articleSection\":[\"Belgique\"],\"inLanguage\":\"fr-BE\"},{\"@type\":\"WebPage\",\"@id\":\"https:\/\/vieassociative.be\/actualites\/water-buffalo-a-vole-clown-the-show-galerie-de-photos\/\",\"url\":\"https:\/\/vieassociative.be\/actualites\/water-buffalo-a-vole-clown-the-show-galerie-de-photos\/\",\"name\":\"Water Buffalo a vol\u00e9 Clown the Show (galerie de photos) | Vie Associative\",\"isPartOf\":{\"@id\":\"https:\/\/vieassociative.be\/actualites\/#website\"},\"primaryImageOfPage\":{\"@id\":\"https:\/\/vieassociative.be\/actualites\/water-buffalo-a-vole-clown-the-show-galerie-de-photos\/#primaryimage\"},\"image\":{\"@id\":\"https:\/\/vieassociative.be\/actualites\/water-buffalo-a-vole-clown-the-show-galerie-de-photos\/#primaryimage\"},\"thumbnailUrl\":\"https:\/\/vieassociative.be\/actualites\/wp-content\/uploads\/2025\/05\/1748722631_Water-Buffalo-a-vole-Clown-the-Show-galerie-de-photos.jpg\",\"datePublished\":\"2025-05-31T20:17:09+00:00\",\"dateModified\":\"2025-05-31T20:17:09+00:00\",\"breadcrumb\":{\"@id\":\"https:\/\/vieassociative.be\/actualites\/water-buffalo-a-vole-clown-the-show-galerie-de-photos\/#breadcrumb\"},\"inLanguage\":\"fr-BE\",\"potentialAction\":[{\"@type\":\"ReadAction\",\"target\":[\"https:\/\/vieassociative.be\/actualites\/water-buffalo-a-vole-clown-the-show-galerie-de-photos\/\"]}]},{\"@type\":\"ImageObject\",\"inLanguage\":\"fr-BE\",\"@id\":\"https:\/\/vieassociative.be\/actualites\/water-buffalo-a-vole-clown-the-show-galerie-de-photos\/#primaryimage\",\"url\":\"https:\/\/vieassociative.be\/actualites\/wp-content\/uploads\/2025\/05\/1748722631_Water-Buffalo-a-vole-Clown-the-Show-galerie-de-photos.jpg\",\"contentUrl\":\"https:\/\/vieassociative.be\/actualites\/wp-content\/uploads\/2025\/05\/1748722631_Water-Buffalo-a-vole-Clown-the-Show-galerie-de-photos.jpg\",\"width\":1300,\"height\":869,\"caption\":\"Water Buffalo a vol\u00e9 Clown the Show (galerie de photos)\"},{\"@type\":\"BreadcrumbList\",\"@id\":\"https:\/\/vieassociative.be\/actualites\/water-buffalo-a-vole-clown-the-show-galerie-de-photos\/#breadcrumb\",\"itemListElement\":[{\"@type\":\"ListItem\",\"position\":1,\"name\":\"Accueil\",\"item\":\"https:\/\/vieassociative.be\/actualites\/\"},{\"@type\":\"ListItem\",\"position\":2,\"name\":\"Water Buffalo a vol\u00e9 Clown the Show (galerie de photos)\"}]},{\"@type\":\"WebSite\",\"@id\":\"https:\/\/vieassociative.be\/actualites\/#website\",\"url\":\"https:\/\/vieassociative.be\/actualites\/\",\"name\":\"Vie Associative\",\"description\":\"\",\"publisher\":{\"@id\":\"https:\/\/vieassociative.be\/actualites\/#organization\"},\"potentialAction\":[{\"@type\":\"SearchAction\",\"target\":{\"@type\":\"EntryPoint\",\"urlTemplate\":\"https:\/\/vieassociative.be\/actualites\/?s={search_term_string}\"},\"query-input\":{\"@type\":\"PropertyValueSpecification\",\"valueRequired\":true,\"valueName\":\"search_term_string\"}}],\"inLanguage\":\"fr-BE\"},{\"@type\":\"Organization\",\"@id\":\"https:\/\/vieassociative.be\/actualites\/#organization\",\"name\":\"Vie Associative\",\"url\":\"https:\/\/vieassociative.be\/actualites\/\",\"logo\":{\"@type\":\"ImageObject\",\"inLanguage\":\"fr-BE\",\"@id\":\"https:\/\/vieassociative.be\/actualites\/#\/schema\/logo\/image\/\",\"url\":\"https:\/\/vieassociative.be\/actualites\/wp-content\/uploads\/2024\/09\/cropped-vieassociative_favicon.ico.png\",\"contentUrl\":\"https:\/\/vieassociative.be\/actualites\/wp-content\/uploads\/2024\/09\/cropped-vieassociative_favicon.ico.png\",\"width\":512,\"height\":512,\"caption\":\"Vie Associative\"},\"image\":{\"@id\":\"https:\/\/vieassociative.be\/actualites\/#\/schema\/logo\/image\/\"}},{\"@type\":\"Person\",\"@id\":\"https:\/\/vieassociative.be\/actualites\/#\/schema\/person\/b87ac4f82f9d4e7b7cec7395b679edc4\",\"name\":\"Julien\",\"image\":{\"@type\":\"ImageObject\",\"inLanguage\":\"fr-BE\",\"@id\":\"https:\/\/vieassociative.be\/actualites\/#\/schema\/person\/image\/\",\"url\":\"https:\/\/vieassociative.be\/actualites\/wp-content\/uploads\/2024\/09\/vie-associative-1-150x150.jpg\",\"contentUrl\":\"https:\/\/vieassociative.be\/actualites\/wp-content\/uploads\/2024\/09\/vie-associative-1-150x150.jpg\",\"caption\":\"Julien\"},\"description\":\"Je suis Julien, r\u00e9dacteur pour Vie Associative. Passionn\u00e9 par le monde associatif depuis plus de 10 ans, j'ai \u00e0 c\u0153ur de partager des histoires inspirantes et de mettre en lumi\u00e8re les initiatives locales. Mon objectif est de sensibiliser et d'encourager l'engagement communautaire \u00e0 travers mes articles.\",\"sameAs\":[\"https:\/\/vieassociative.be\/\"]}]}<\/script>\n<!-- \/ Yoast SEO plugin. -->","yoast_head_json":{"title":"Water Buffalo a vol\u00e9 Clown the Show (galerie de photos) | Vie Associative","robots":{"index":"index","follow":"follow","max-snippet":"max-snippet:-1","max-image-preview":"max-image-preview:large","max-video-preview":"max-video-preview:-1"},"canonical":"https:\/\/vieassociative.be\/actualites\/water-buffalo-a-vole-clown-the-show-galerie-de-photos\/","og_locale":"fr_FR","og_type":"article","og_title":"Water Buffalo a vol\u00e9 Clown the Show (galerie de photos) | Vie Associative","og_description":"Samedi, deux buffles d&rsquo;eau ont attir\u00e9 les yeux des passants &#8211; sur la place du clown d&rsquo;Eupen. Pour \u00abl&rsquo;est de la Belgique directement\u00bb, le photographe","og_url":"https:\/\/vieassociative.be\/actualites\/water-buffalo-a-vole-clown-the-show-galerie-de-photos\/","og_site_name":"Vie Associative","article_published_time":"2025-05-31T20:17:09+00:00","og_image":[{"width":279,"height":92,"url":"https:\/\/vieassociative.be\/actualites\/wp-content\/uploads\/2024\/09\/header_backgroundk-01-e1726694325946.png","type":"image\/png"}],"author":"Julien","twitter_card":"summary_large_image","twitter_misc":{"\u00c9crit par":"Julien","Dur\u00e9e de lecture est.":"2 minutes"},"schema":{"@context":"https:\/\/schema.org","@graph":[{"@type":"Article","@id":"https:\/\/vieassociative.be\/actualites\/water-buffalo-a-vole-clown-the-show-galerie-de-photos\/#article","isPartOf":{"@id":"https:\/\/vieassociative.be\/actualites\/water-buffalo-a-vole-clown-the-show-galerie-de-photos\/"},"author":{"name":"Julien","@id":"https:\/\/vieassociative.be\/actualites\/#\/schema\/person\/b87ac4f82f9d4e7b7cec7395b679edc4"},"headline":"Water Buffalo a vol\u00e9 Clown the Show (galerie de photos)","datePublished":"2025-05-31T20:17:09+00:00","dateModified":"2025-05-31T20:17:09+00:00","mainEntityOfPage":{"@id":"https:\/\/vieassociative.be\/actualites\/water-buffalo-a-vole-clown-the-show-galerie-de-photos\/"},"wordCount":359,"publisher":{"@id":"https:\/\/vieassociative.be\/actualites\/#organization"},"image":{"@id":"https:\/\/vieassociative.be\/actualites\/water-buffalo-a-vole-clown-the-show-galerie-de-photos\/#primaryimage"},"thumbnailUrl":"https:\/\/vieassociative.be\/actualites\/wp-content\/uploads\/2025\/05\/1748722631_Water-Buffalo-a-vole-Clown-the-Show-galerie-de-photos.jpg","keywords":["Buffalo","Clown","galerie","Photos","Show","vole","Water"],"articleSection":["Belgique"],"inLanguage":"fr-BE"},{"@type":"WebPage","@id":"https:\/\/vieassociative.be\/actualites\/water-buffalo-a-vole-clown-the-show-galerie-de-photos\/","url":"https:\/\/vieassociative.be\/actualites\/water-buffalo-a-vole-clown-the-show-galerie-de-photos\/","name":"Water Buffalo a vol\u00e9 Clown the Show (galerie de photos) | Vie Associative","isPartOf":{"@id":"https:\/\/vieassociative.be\/actualites\/#website"},"primaryImageOfPage":{"@id":"https:\/\/vieassociative.be\/actualites\/water-buffalo-a-vole-clown-the-show-galerie-de-photos\/#primaryimage"},"image":{"@id":"https:\/\/vieassociative.be\/actualites\/water-buffalo-a-vole-clown-the-show-galerie-de-photos\/#primaryimage"},"thumbnailUrl":"https:\/\/vieassociative.be\/actualites\/wp-content\/uploads\/2025\/05\/1748722631_Water-Buffalo-a-vole-Clown-the-Show-galerie-de-photos.jpg","datePublished":"2025-05-31T20:17:09+00:00","dateModified":"2025-05-31T20:17:09+00:00","breadcrumb":{"@id":"https:\/\/vieassociative.be\/actualites\/water-buffalo-a-vole-clown-the-show-galerie-de-photos\/#breadcrumb"},"inLanguage":"fr-BE","potentialAction":[{"@type":"ReadAction","target":["https:\/\/vieassociative.be\/actualites\/water-buffalo-a-vole-clown-the-show-galerie-de-photos\/"]}]},{"@type":"ImageObject","inLanguage":"fr-BE","@id":"https:\/\/vieassociative.be\/actualites\/water-buffalo-a-vole-clown-the-show-galerie-de-photos\/#primaryimage","url":"https:\/\/vieassociative.be\/actualites\/wp-content\/uploads\/2025\/05\/1748722631_Water-Buffalo-a-vole-Clown-the-Show-galerie-de-photos.jpg","contentUrl":"https:\/\/vieassociative.be\/actualites\/wp-content\/uploads\/2025\/05\/1748722631_Water-Buffalo-a-vole-Clown-the-Show-galerie-de-photos.jpg","width":1300,"height":869,"caption":"Water Buffalo a vol\u00e9 Clown the Show (galerie de photos)"},{"@type":"BreadcrumbList","@id":"https:\/\/vieassociative.be\/actualites\/water-buffalo-a-vole-clown-the-show-galerie-de-photos\/#breadcrumb","itemListElement":[{"@type":"ListItem","position":1,"name":"Accueil","item":"https:\/\/vieassociative.be\/actualites\/"},{"@type":"ListItem","position":2,"name":"Water Buffalo a vol\u00e9 Clown the Show (galerie de photos)"}]},{"@type":"WebSite","@id":"https:\/\/vieassociative.be\/actualites\/#website","url":"https:\/\/vieassociative.be\/actualites\/","name":"Vie Associative","description":"","publisher":{"@id":"https:\/\/vieassociative.be\/actualites\/#organization"},"potentialAction":[{"@type":"SearchAction","target":{"@type":"EntryPoint","urlTemplate":"https:\/\/vieassociative.be\/actualites\/?s={search_term_string}"},"query-input":{"@type":"PropertyValueSpecification","valueRequired":true,"valueName":"search_term_string"}}],"inLanguage":"fr-BE"},{"@type":"Organization","@id":"https:\/\/vieassociative.be\/actualites\/#organization","name":"Vie Associative","url":"https:\/\/vieassociative.be\/actualites\/","logo":{"@type":"ImageObject","inLanguage":"fr-BE","@id":"https:\/\/vieassociative.be\/actualites\/#\/schema\/logo\/image\/","url":"https:\/\/vieassociative.be\/actualites\/wp-content\/uploads\/2024\/09\/cropped-vieassociative_favicon.ico.png","contentUrl":"https:\/\/vieassociative.be\/actualites\/wp-content\/uploads\/2024\/09\/cropped-vieassociative_favicon.ico.png","width":512,"height":512,"caption":"Vie Associative"},"image":{"@id":"https:\/\/vieassociative.be\/actualites\/#\/schema\/logo\/image\/"}},{"@type":"Person","@id":"https:\/\/vieassociative.be\/actualites\/#\/schema\/person\/b87ac4f82f9d4e7b7cec7395b679edc4","name":"Julien","image":{"@type":"ImageObject","inLanguage":"fr-BE","@id":"https:\/\/vieassociative.be\/actualites\/#\/schema\/person\/image\/","url":"https:\/\/vieassociative.be\/actualites\/wp-content\/uploads\/2024\/09\/vie-associative-1-150x150.jpg","contentUrl":"https:\/\/vieassociative.be\/actualites\/wp-content\/uploads\/2024\/09\/vie-associative-1-150x150.jpg","caption":"Julien"},"description":"Je suis Julien, r\u00e9dacteur pour Vie Associative. Passionn\u00e9 par le monde associatif depuis plus de 10 ans, j'ai \u00e0 c\u0153ur de partager des histoires inspirantes et de mettre en lumi\u00e8re les initiatives locales. Mon objectif est de sensibiliser et d'encourager l'engagement communautaire \u00e0 travers mes articles.","sameAs":["https:\/\/vieassociative.be\/"]}]}},"_links":{"self":[{"href":"https:\/\/vieassociative.be\/actualites\/wp-json\/wp\/v2\/posts\/7900"}],"collection":[{"href":"https:\/\/vieassociative.be\/actualites\/wp-json\/wp\/v2\/posts"}],"about":[{"href":"https:\/\/vieassociative.be\/actualites\/wp-json\/wp\/v2\/types\/post"}],"author":[{"embeddable":true,"href":"https:\/\/vieassociative.be\/actualites\/wp-json\/wp\/v2\/users\/1"}],"replies":[{"embeddable":true,"href":"https:\/\/vieassociative.be\/actualites\/wp-json\/wp\/v2\/comments?post=7900"}],"version-history":[{"count":0,"href":"https:\/\/vieassociative.be\/actualites\/wp-json\/wp\/v2\/posts\/7900\/revisions"}],"wp:featuredmedia":[{"embeddable":true,"href":"https:\/\/vieassociative.be\/actualites\/wp-json\/wp\/v2\/media\/7901"}],"wp:attachment":[{"href":"https:\/\/vieassociative.be\/actualites\/wp-json\/wp\/v2\/media?parent=7900"}],"wp:term":[{"taxonomy":"category","embeddable":true,"href":"https:\/\/vieassociative.be\/actualites\/wp-json\/wp\/v2\/categories?post=7900"},{"taxonomy":"post_tag","embeddable":true,"href":"https:\/\/vieassociative.be\/actualites\/wp-json\/wp\/v2\/tags?post=7900"}],"curies":[{"name":"wp","href":"https:\/\/api.w.org\/{rel}","templated":true}]}}