{"id":7892,"date":"2025-05-31T16:18:24","date_gmt":"2025-05-31T14:18:24","guid":{"rendered":"https:\/\/vieassociative.be\/actualites\/freddy-mockel-ecolo-demande-evitez-linconvenient-des-germanophones-germanophones-en-taxe-sur-lenregistrement-des-voitures\/"},"modified":"2025-05-31T16:18:24","modified_gmt":"2025-05-31T14:18:24","slug":"freddy-mockel-ecolo-demande-evitez-linconvenient-des-germanophones-germanophones-en-taxe-sur-lenregistrement-des-voitures","status":"publish","type":"post","link":"https:\/\/vieassociative.be\/actualites\/freddy-mockel-ecolo-demande-evitez-linconvenient-des-germanophones-germanophones-en-taxe-sur-lenregistrement-des-voitures\/","title":{"rendered":"Freddy Mockel (Ecolo) demande: \u00ab\u00a0\u00c9vitez l&rsquo;inconv\u00e9nient des germanophones germanophones en taxe sur l&rsquo;enregistrement des voitures\u00a0\u00bb"},"content":{"rendered":"<p><strong>Mercredi apr\u00e8s-midi, une r\u00e9forme de la taxe sur l&rsquo;enregistrement des voitures a \u00e9t\u00e9 adopt\u00e9e au Parlement r\u00e9gional de Walloon avec les voix de la majorit\u00e9 MR \/ PFF-Engages \/ CSP. En cons\u00e9quence, la majorit\u00e9 actuelle r\u00e9duit les revenus de 20 millions d&rsquo;euros par an malgr\u00e9 la situation financi\u00e8re critique la plus \u00e9lev\u00e9e, selon le d\u00e9put\u00e9 r\u00e9gional d&rsquo;Ecolo, Freddy Mockel.<\/strong><\/p>\n<p><span id=\"more-416737\"><\/span>Selon Mockel, la taxe d&rsquo;approbation pour les voitures \u00e9lectriques avec une production de 210 \u00e0 340 ch est principalement r\u00e9duite. Il augmente \u00e9galement la remise pour les grands m\u00e9nages de 100 \u00e0 250 euros et \u00e0 partir de juillet 2026, souhaite \u00e9galement introduire une remise de 250 euros pour les m\u00e9nages monoparentaux \u00e0 un certain revenu. Cependant, selon le d\u00e9put\u00e9 r\u00e9gional Ecolo pour les parents c\u00e9libataires de la DG.<\/p>\n<div id=\"attachment_399556\" class=\"wp-caption alignleft\" style=\"max-width: 300px\"><img fetchpriority=\"high\" decoding=\"async\" class=\"wp-image-399556 size-medium\" src=\"https:\/\/vieassociative.be\/actualites\/wp-content\/uploads\/2025\/01\/Mauel-MRPFF-salue-les-economies-realisees-par-les-gouvernements-de.jpg\" alt=\"\" width=\"300\" height=\"200\"><\/p>\n<p class=\"wp-caption-text\">10.10.2024, Belgique, Namur: les chefs du gouvernement de la DG, Oliver Paasch (R) et la Wallonie, Adrien Dolimont (L), lors d&rsquo;une r\u00e9union \u00e0 Namur. Selon le d\u00e9put\u00e9 Ecolo Freddy Mockel, les personnes germanophones sont d\u00e9savantag\u00e9es dans la taxe d&rsquo;approbation de voiture. Photo: Serge Heinen<\/p>\n<\/div>\n<p>Bien que cette remise de 250 euros pour les personnes touch\u00e9es soit presque toujours automatiquement d\u00e9duites de la taxe d&rsquo;admission pour les personnes touch\u00e9es, les parents seuls devraient soumettre une demande avec toute l&rsquo;initiative n\u00e9cessaire.<\/p>\n<p>Tous les m\u00e9nages de la DG sont potentiellement affect\u00e9s. Cependant, il existe une limite de revenus pour pouvoir affirmer un droit \u00e0 la succession fiscale de 250 euros. En g\u00e9n\u00e9ral, il est \u00e9galement vrai que cette remise ne peut pas \u00eatre utilis\u00e9e pour cumuler avec les familles pour les enfants.<\/p>\n<p>Mockel a remarqu\u00e9 cet obstacle pour les d\u00e9crets germanophones, car le gouvernement wallon a l&rsquo;intention d&rsquo;enregistrer les m\u00e9nages monoparentaux via les donn\u00e9es du syst\u00e8me de prestations pour enfants walloniens, mais la DG g\u00e8re les allocations pour enfants sur sa propre responsabilit\u00e9.<\/p>\n<p>La r\u00e9gion wallon pr\u00e9voit un suppl\u00e9ment pour les m\u00e9nages des parents c\u00e9libataires dans son syst\u00e8me de prestations pour enfants. Tous les m\u00e9nages qui re\u00e7oivent ce suppl\u00e9ment doivent ensuite recevoir automatiquement la remise de 250 euros en cas d&rsquo;approbation d&rsquo;une voiture. Cependant, comme le DG lui-m\u00eame ne fournit pas de surcharge de prestations pour enfants pour les parents c\u00e9libataires, l&rsquo;enregistrement automatis\u00e9 des parents seuls des neuf communaut\u00e9s DG n&rsquo;est pas possible.<\/p>\n<p>Lorsque le nouveau d\u00e9cret a \u00e9t\u00e9 adopt\u00e9 lors de la session pl\u00e9ni\u00e8re du Parlement wallonien, Mockel est entr\u00e9 dans l&rsquo;ensemble du d\u00e9cret pour la faction Ecolo, mais a \u00e9galement pris le lieu des parents c\u00e9libataires: \u00abJe demande qu&rsquo;une solution soit trouv\u00e9e aussi rapidement que le gouvernement de la DG afin que les personnes concern\u00e9es de la DG puissent \u00e9galement recevoir automatiquement cette remise\u00bb. \u00c9tant donn\u00e9 que cette remise ne s&rsquo;applique qu&rsquo;au reste de la Wallonie \u00e0 partir de juillet 2026, on a encore un an pour trouver cette solution.<\/p>\n","protected":false},"excerpt":{"rendered":"<p>Mercredi apr\u00e8s-midi, une r\u00e9forme de la taxe sur l&rsquo;enregistrement des voitures a \u00e9t\u00e9 adopt\u00e9e au Parlement r\u00e9gional de Walloon avec les voix de la majorit\u00e9<\/p>\n","protected":false},"author":1,"featured_media":7893,"comment_status":"","ping_status":"","sticky":false,"template":"","format":"standard","meta":{"footnotes":""},"categories":[298],"tags":[1642,29,2607,1148,4912,7253,1505,7252,6327,33,7254,1623],"class_list":["post-7892","post","type-post","status-publish","format-standard","has-post-thumbnail","hentry","category-belgique","tag-demande","tag-des","tag-ecolo","tag-evitez","tag-freddy","tag-germanophones","tag-lenregistrement","tag-linconvenient","tag-mockel","tag-sur","tag-taxe","tag-voitures","generate-columns","tablet-grid-50","mobile-grid-100","grid-parent","grid-33"],"yoast_head":"<!-- This site is optimized with the Yoast SEO plugin v24.0 - https:\/\/yoast.com\/wordpress\/plugins\/seo\/ -->\n<title>Freddy Mockel (Ecolo) demande: &quot;\u00c9vitez l&#039;inconv\u00e9nient des germanophones germanophones en taxe sur l&#039;enregistrement des voitures&quot; | Vie Associative<\/title>\n<meta name=\"robots\" content=\"index, follow, max-snippet:-1, max-image-preview:large, max-video-preview:-1\" \/>\n<link rel=\"canonical\" href=\"https:\/\/vieassociative.be\/actualites\/freddy-mockel-ecolo-demande-evitez-linconvenient-des-germanophones-germanophones-en-taxe-sur-lenregistrement-des-voitures\/\" \/>\n<meta property=\"og:locale\" content=\"fr_FR\" \/>\n<meta property=\"og:type\" content=\"article\" \/>\n<meta property=\"og:title\" content=\"Freddy Mockel (Ecolo) demande: &quot;\u00c9vitez l&#039;inconv\u00e9nient des germanophones germanophones en taxe sur l&#039;enregistrement des voitures&quot; | Vie Associative\" \/>\n<meta property=\"og:description\" content=\"Mercredi apr\u00e8s-midi, une r\u00e9forme de la taxe sur l&rsquo;enregistrement des voitures a \u00e9t\u00e9 adopt\u00e9e au Parlement r\u00e9gional de Walloon avec les voix de la majorit\u00e9\" \/>\n<meta property=\"og:url\" content=\"https:\/\/vieassociative.be\/actualites\/freddy-mockel-ecolo-demande-evitez-linconvenient-des-germanophones-germanophones-en-taxe-sur-lenregistrement-des-voitures\/\" \/>\n<meta property=\"og:site_name\" content=\"Vie Associative\" \/>\n<meta property=\"article:published_time\" content=\"2025-05-31T14:18:24+00:00\" \/>\n<meta property=\"og:image\" content=\"https:\/\/vieassociative.be\/actualites\/wp-content\/uploads\/2024\/09\/header_backgroundk-01-e1726694325946.png\" \/>\n\t<meta property=\"og:image:width\" content=\"279\" \/>\n\t<meta property=\"og:image:height\" content=\"92\" \/>\n\t<meta property=\"og:image:type\" content=\"image\/png\" \/>\n<meta name=\"author\" content=\"Julien\" \/>\n<meta name=\"twitter:card\" content=\"summary_large_image\" \/>\n<meta name=\"twitter:label1\" content=\"\u00c9crit par\" \/>\n\t<meta name=\"twitter:data1\" content=\"Julien\" \/>\n\t<meta name=\"twitter:label2\" content=\"Dur\u00e9e de lecture est.\" \/>\n\t<meta name=\"twitter:data2\" content=\"2 minutes\" \/>\n<script type=\"application\/ld+json\" class=\"yoast-schema-graph\">{\"@context\":\"https:\/\/schema.org\",\"@graph\":[{\"@type\":\"Article\",\"@id\":\"https:\/\/vieassociative.be\/actualites\/freddy-mockel-ecolo-demande-evitez-linconvenient-des-germanophones-germanophones-en-taxe-sur-lenregistrement-des-voitures\/#article\",\"isPartOf\":{\"@id\":\"https:\/\/vieassociative.be\/actualites\/freddy-mockel-ecolo-demande-evitez-linconvenient-des-germanophones-germanophones-en-taxe-sur-lenregistrement-des-voitures\/\"},\"author\":{\"name\":\"Julien\",\"@id\":\"https:\/\/vieassociative.be\/actualites\/#\/schema\/person\/b87ac4f82f9d4e7b7cec7395b679edc4\"},\"headline\":\"Freddy Mockel (Ecolo) demande: \u00ab\u00a0\u00c9vitez l&rsquo;inconv\u00e9nient des germanophones germanophones en taxe sur l&rsquo;enregistrement des voitures\u00a0\u00bb\",\"datePublished\":\"2025-05-31T14:18:24+00:00\",\"dateModified\":\"2025-05-31T14:18:24+00:00\",\"mainEntityOfPage\":{\"@id\":\"https:\/\/vieassociative.be\/actualites\/freddy-mockel-ecolo-demande-evitez-linconvenient-des-germanophones-germanophones-en-taxe-sur-lenregistrement-des-voitures\/\"},\"wordCount\":525,\"publisher\":{\"@id\":\"https:\/\/vieassociative.be\/actualites\/#organization\"},\"image\":{\"@id\":\"https:\/\/vieassociative.be\/actualites\/freddy-mockel-ecolo-demande-evitez-linconvenient-des-germanophones-germanophones-en-taxe-sur-lenregistrement-des-voitures\/#primaryimage\"},\"thumbnailUrl\":\"https:\/\/vieassociative.be\/actualites\/wp-content\/uploads\/2025\/05\/Freddy-Mockel-Ecolo-demande-Evitez-linconvenient-des-germanophones-germanophones-en.jpeg\",\"keywords\":[\"demand\u00e9\",\"Des\",\"Ecolo\",\"\u00c9vitez\",\"Freddy\",\"germanophones\",\"lenregistrement\",\"linconv\u00e9nient\",\"Mockel\",\"sur\",\"taxe\",\"voitures\"],\"articleSection\":[\"Belgique\"],\"inLanguage\":\"fr-BE\"},{\"@type\":\"WebPage\",\"@id\":\"https:\/\/vieassociative.be\/actualites\/freddy-mockel-ecolo-demande-evitez-linconvenient-des-germanophones-germanophones-en-taxe-sur-lenregistrement-des-voitures\/\",\"url\":\"https:\/\/vieassociative.be\/actualites\/freddy-mockel-ecolo-demande-evitez-linconvenient-des-germanophones-germanophones-en-taxe-sur-lenregistrement-des-voitures\/\",\"name\":\"Freddy Mockel (Ecolo) demande: \\\"\u00c9vitez l'inconv\u00e9nient des germanophones germanophones en taxe sur l'enregistrement des voitures\\\" | Vie Associative\",\"isPartOf\":{\"@id\":\"https:\/\/vieassociative.be\/actualites\/#website\"},\"primaryImageOfPage\":{\"@id\":\"https:\/\/vieassociative.be\/actualites\/freddy-mockel-ecolo-demande-evitez-linconvenient-des-germanophones-germanophones-en-taxe-sur-lenregistrement-des-voitures\/#primaryimage\"},\"image\":{\"@id\":\"https:\/\/vieassociative.be\/actualites\/freddy-mockel-ecolo-demande-evitez-linconvenient-des-germanophones-germanophones-en-taxe-sur-lenregistrement-des-voitures\/#primaryimage\"},\"thumbnailUrl\":\"https:\/\/vieassociative.be\/actualites\/wp-content\/uploads\/2025\/05\/Freddy-Mockel-Ecolo-demande-Evitez-linconvenient-des-germanophones-germanophones-en.jpeg\",\"datePublished\":\"2025-05-31T14:18:24+00:00\",\"dateModified\":\"2025-05-31T14:18:24+00:00\",\"breadcrumb\":{\"@id\":\"https:\/\/vieassociative.be\/actualites\/freddy-mockel-ecolo-demande-evitez-linconvenient-des-germanophones-germanophones-en-taxe-sur-lenregistrement-des-voitures\/#breadcrumb\"},\"inLanguage\":\"fr-BE\",\"potentialAction\":[{\"@type\":\"ReadAction\",\"target\":[\"https:\/\/vieassociative.be\/actualites\/freddy-mockel-ecolo-demande-evitez-linconvenient-des-germanophones-germanophones-en-taxe-sur-lenregistrement-des-voitures\/\"]}]},{\"@type\":\"ImageObject\",\"inLanguage\":\"fr-BE\",\"@id\":\"https:\/\/vieassociative.be\/actualites\/freddy-mockel-ecolo-demande-evitez-linconvenient-des-germanophones-germanophones-en-taxe-sur-lenregistrement-des-voitures\/#primaryimage\",\"url\":\"https:\/\/vieassociative.be\/actualites\/wp-content\/uploads\/2025\/05\/Freddy-Mockel-Ecolo-demande-Evitez-linconvenient-des-germanophones-germanophones-en.jpeg\",\"contentUrl\":\"https:\/\/vieassociative.be\/actualites\/wp-content\/uploads\/2025\/05\/Freddy-Mockel-Ecolo-demande-Evitez-linconvenient-des-germanophones-germanophones-en.jpeg\",\"width\":1200,\"height\":800,\"caption\":\"Freddy Mockel (Ecolo) demande: \\\"\u00c9vitez l'inconv\u00e9nient des germanophones germanophones en taxe sur l'enregistrement des voitures\\\"\"},{\"@type\":\"BreadcrumbList\",\"@id\":\"https:\/\/vieassociative.be\/actualites\/freddy-mockel-ecolo-demande-evitez-linconvenient-des-germanophones-germanophones-en-taxe-sur-lenregistrement-des-voitures\/#breadcrumb\",\"itemListElement\":[{\"@type\":\"ListItem\",\"position\":1,\"name\":\"Accueil\",\"item\":\"https:\/\/vieassociative.be\/actualites\/\"},{\"@type\":\"ListItem\",\"position\":2,\"name\":\"Freddy Mockel (Ecolo) demande: \u00ab\u00a0\u00c9vitez l&rsquo;inconv\u00e9nient des germanophones germanophones en taxe sur l&rsquo;enregistrement des voitures\u00a0\u00bb\"}]},{\"@type\":\"WebSite\",\"@id\":\"https:\/\/vieassociative.be\/actualites\/#website\",\"url\":\"https:\/\/vieassociative.be\/actualites\/\",\"name\":\"Vie Associative\",\"description\":\"\",\"publisher\":{\"@id\":\"https:\/\/vieassociative.be\/actualites\/#organization\"},\"potentialAction\":[{\"@type\":\"SearchAction\",\"target\":{\"@type\":\"EntryPoint\",\"urlTemplate\":\"https:\/\/vieassociative.be\/actualites\/?s={search_term_string}\"},\"query-input\":{\"@type\":\"PropertyValueSpecification\",\"valueRequired\":true,\"valueName\":\"search_term_string\"}}],\"inLanguage\":\"fr-BE\"},{\"@type\":\"Organization\",\"@id\":\"https:\/\/vieassociative.be\/actualites\/#organization\",\"name\":\"Vie Associative\",\"url\":\"https:\/\/vieassociative.be\/actualites\/\",\"logo\":{\"@type\":\"ImageObject\",\"inLanguage\":\"fr-BE\",\"@id\":\"https:\/\/vieassociative.be\/actualites\/#\/schema\/logo\/image\/\",\"url\":\"https:\/\/vieassociative.be\/actualites\/wp-content\/uploads\/2024\/09\/cropped-vieassociative_favicon.ico.png\",\"contentUrl\":\"https:\/\/vieassociative.be\/actualites\/wp-content\/uploads\/2024\/09\/cropped-vieassociative_favicon.ico.png\",\"width\":512,\"height\":512,\"caption\":\"Vie Associative\"},\"image\":{\"@id\":\"https:\/\/vieassociative.be\/actualites\/#\/schema\/logo\/image\/\"}},{\"@type\":\"Person\",\"@id\":\"https:\/\/vieassociative.be\/actualites\/#\/schema\/person\/b87ac4f82f9d4e7b7cec7395b679edc4\",\"name\":\"Julien\",\"image\":{\"@type\":\"ImageObject\",\"inLanguage\":\"fr-BE\",\"@id\":\"https:\/\/vieassociative.be\/actualites\/#\/schema\/person\/image\/\",\"url\":\"https:\/\/vieassociative.be\/actualites\/wp-content\/uploads\/2024\/09\/vie-associative-1-150x150.jpg\",\"contentUrl\":\"https:\/\/vieassociative.be\/actualites\/wp-content\/uploads\/2024\/09\/vie-associative-1-150x150.jpg\",\"caption\":\"Julien\"},\"description\":\"Je suis Julien, r\u00e9dacteur pour Vie Associative. Passionn\u00e9 par le monde associatif depuis plus de 10 ans, j'ai \u00e0 c\u0153ur de partager des histoires inspirantes et de mettre en lumi\u00e8re les initiatives locales. Mon objectif est de sensibiliser et d'encourager l'engagement communautaire \u00e0 travers mes articles.\",\"sameAs\":[\"https:\/\/vieassociative.be\/\"]}]}<\/script>\n<!-- \/ Yoast SEO plugin. -->","yoast_head_json":{"title":"Freddy Mockel (Ecolo) demande: \"\u00c9vitez l'inconv\u00e9nient des germanophones germanophones en taxe sur l'enregistrement des voitures\" | Vie Associative","robots":{"index":"index","follow":"follow","max-snippet":"max-snippet:-1","max-image-preview":"max-image-preview:large","max-video-preview":"max-video-preview:-1"},"canonical":"https:\/\/vieassociative.be\/actualites\/freddy-mockel-ecolo-demande-evitez-linconvenient-des-germanophones-germanophones-en-taxe-sur-lenregistrement-des-voitures\/","og_locale":"fr_FR","og_type":"article","og_title":"Freddy Mockel (Ecolo) demande: \"\u00c9vitez l'inconv\u00e9nient des germanophones germanophones en taxe sur l'enregistrement des voitures\" | Vie Associative","og_description":"Mercredi apr\u00e8s-midi, une r\u00e9forme de la taxe sur l&rsquo;enregistrement des voitures a \u00e9t\u00e9 adopt\u00e9e au Parlement r\u00e9gional de Walloon avec les voix de la majorit\u00e9","og_url":"https:\/\/vieassociative.be\/actualites\/freddy-mockel-ecolo-demande-evitez-linconvenient-des-germanophones-germanophones-en-taxe-sur-lenregistrement-des-voitures\/","og_site_name":"Vie Associative","article_published_time":"2025-05-31T14:18:24+00:00","og_image":[{"width":279,"height":92,"url":"https:\/\/vieassociative.be\/actualites\/wp-content\/uploads\/2024\/09\/header_backgroundk-01-e1726694325946.png","type":"image\/png"}],"author":"Julien","twitter_card":"summary_large_image","twitter_misc":{"\u00c9crit par":"Julien","Dur\u00e9e de lecture est.":"2 minutes"},"schema":{"@context":"https:\/\/schema.org","@graph":[{"@type":"Article","@id":"https:\/\/vieassociative.be\/actualites\/freddy-mockel-ecolo-demande-evitez-linconvenient-des-germanophones-germanophones-en-taxe-sur-lenregistrement-des-voitures\/#article","isPartOf":{"@id":"https:\/\/vieassociative.be\/actualites\/freddy-mockel-ecolo-demande-evitez-linconvenient-des-germanophones-germanophones-en-taxe-sur-lenregistrement-des-voitures\/"},"author":{"name":"Julien","@id":"https:\/\/vieassociative.be\/actualites\/#\/schema\/person\/b87ac4f82f9d4e7b7cec7395b679edc4"},"headline":"Freddy Mockel (Ecolo) demande: \u00ab\u00a0\u00c9vitez l&rsquo;inconv\u00e9nient des germanophones germanophones en taxe sur l&rsquo;enregistrement des voitures\u00a0\u00bb","datePublished":"2025-05-31T14:18:24+00:00","dateModified":"2025-05-31T14:18:24+00:00","mainEntityOfPage":{"@id":"https:\/\/vieassociative.be\/actualites\/freddy-mockel-ecolo-demande-evitez-linconvenient-des-germanophones-germanophones-en-taxe-sur-lenregistrement-des-voitures\/"},"wordCount":525,"publisher":{"@id":"https:\/\/vieassociative.be\/actualites\/#organization"},"image":{"@id":"https:\/\/vieassociative.be\/actualites\/freddy-mockel-ecolo-demande-evitez-linconvenient-des-germanophones-germanophones-en-taxe-sur-lenregistrement-des-voitures\/#primaryimage"},"thumbnailUrl":"https:\/\/vieassociative.be\/actualites\/wp-content\/uploads\/2025\/05\/Freddy-Mockel-Ecolo-demande-Evitez-linconvenient-des-germanophones-germanophones-en.jpeg","keywords":["demand\u00e9","Des","Ecolo","\u00c9vitez","Freddy","germanophones","lenregistrement","linconv\u00e9nient","Mockel","sur","taxe","voitures"],"articleSection":["Belgique"],"inLanguage":"fr-BE"},{"@type":"WebPage","@id":"https:\/\/vieassociative.be\/actualites\/freddy-mockel-ecolo-demande-evitez-linconvenient-des-germanophones-germanophones-en-taxe-sur-lenregistrement-des-voitures\/","url":"https:\/\/vieassociative.be\/actualites\/freddy-mockel-ecolo-demande-evitez-linconvenient-des-germanophones-germanophones-en-taxe-sur-lenregistrement-des-voitures\/","name":"Freddy Mockel (Ecolo) demande: \"\u00c9vitez l'inconv\u00e9nient des germanophones germanophones en taxe sur l'enregistrement des voitures\" | Vie Associative","isPartOf":{"@id":"https:\/\/vieassociative.be\/actualites\/#website"},"primaryImageOfPage":{"@id":"https:\/\/vieassociative.be\/actualites\/freddy-mockel-ecolo-demande-evitez-linconvenient-des-germanophones-germanophones-en-taxe-sur-lenregistrement-des-voitures\/#primaryimage"},"image":{"@id":"https:\/\/vieassociative.be\/actualites\/freddy-mockel-ecolo-demande-evitez-linconvenient-des-germanophones-germanophones-en-taxe-sur-lenregistrement-des-voitures\/#primaryimage"},"thumbnailUrl":"https:\/\/vieassociative.be\/actualites\/wp-content\/uploads\/2025\/05\/Freddy-Mockel-Ecolo-demande-Evitez-linconvenient-des-germanophones-germanophones-en.jpeg","datePublished":"2025-05-31T14:18:24+00:00","dateModified":"2025-05-31T14:18:24+00:00","breadcrumb":{"@id":"https:\/\/vieassociative.be\/actualites\/freddy-mockel-ecolo-demande-evitez-linconvenient-des-germanophones-germanophones-en-taxe-sur-lenregistrement-des-voitures\/#breadcrumb"},"inLanguage":"fr-BE","potentialAction":[{"@type":"ReadAction","target":["https:\/\/vieassociative.be\/actualites\/freddy-mockel-ecolo-demande-evitez-linconvenient-des-germanophones-germanophones-en-taxe-sur-lenregistrement-des-voitures\/"]}]},{"@type":"ImageObject","inLanguage":"fr-BE","@id":"https:\/\/vieassociative.be\/actualites\/freddy-mockel-ecolo-demande-evitez-linconvenient-des-germanophones-germanophones-en-taxe-sur-lenregistrement-des-voitures\/#primaryimage","url":"https:\/\/vieassociative.be\/actualites\/wp-content\/uploads\/2025\/05\/Freddy-Mockel-Ecolo-demande-Evitez-linconvenient-des-germanophones-germanophones-en.jpeg","contentUrl":"https:\/\/vieassociative.be\/actualites\/wp-content\/uploads\/2025\/05\/Freddy-Mockel-Ecolo-demande-Evitez-linconvenient-des-germanophones-germanophones-en.jpeg","width":1200,"height":800,"caption":"Freddy Mockel (Ecolo) demande: \"\u00c9vitez l'inconv\u00e9nient des germanophones germanophones en taxe sur l'enregistrement des voitures\""},{"@type":"BreadcrumbList","@id":"https:\/\/vieassociative.be\/actualites\/freddy-mockel-ecolo-demande-evitez-linconvenient-des-germanophones-germanophones-en-taxe-sur-lenregistrement-des-voitures\/#breadcrumb","itemListElement":[{"@type":"ListItem","position":1,"name":"Accueil","item":"https:\/\/vieassociative.be\/actualites\/"},{"@type":"ListItem","position":2,"name":"Freddy Mockel (Ecolo) demande: \u00ab\u00a0\u00c9vitez l&rsquo;inconv\u00e9nient des germanophones germanophones en taxe sur l&rsquo;enregistrement des voitures\u00a0\u00bb"}]},{"@type":"WebSite","@id":"https:\/\/vieassociative.be\/actualites\/#website","url":"https:\/\/vieassociative.be\/actualites\/","name":"Vie Associative","description":"","publisher":{"@id":"https:\/\/vieassociative.be\/actualites\/#organization"},"potentialAction":[{"@type":"SearchAction","target":{"@type":"EntryPoint","urlTemplate":"https:\/\/vieassociative.be\/actualites\/?s={search_term_string}"},"query-input":{"@type":"PropertyValueSpecification","valueRequired":true,"valueName":"search_term_string"}}],"inLanguage":"fr-BE"},{"@type":"Organization","@id":"https:\/\/vieassociative.be\/actualites\/#organization","name":"Vie Associative","url":"https:\/\/vieassociative.be\/actualites\/","logo":{"@type":"ImageObject","inLanguage":"fr-BE","@id":"https:\/\/vieassociative.be\/actualites\/#\/schema\/logo\/image\/","url":"https:\/\/vieassociative.be\/actualites\/wp-content\/uploads\/2024\/09\/cropped-vieassociative_favicon.ico.png","contentUrl":"https:\/\/vieassociative.be\/actualites\/wp-content\/uploads\/2024\/09\/cropped-vieassociative_favicon.ico.png","width":512,"height":512,"caption":"Vie Associative"},"image":{"@id":"https:\/\/vieassociative.be\/actualites\/#\/schema\/logo\/image\/"}},{"@type":"Person","@id":"https:\/\/vieassociative.be\/actualites\/#\/schema\/person\/b87ac4f82f9d4e7b7cec7395b679edc4","name":"Julien","image":{"@type":"ImageObject","inLanguage":"fr-BE","@id":"https:\/\/vieassociative.be\/actualites\/#\/schema\/person\/image\/","url":"https:\/\/vieassociative.be\/actualites\/wp-content\/uploads\/2024\/09\/vie-associative-1-150x150.jpg","contentUrl":"https:\/\/vieassociative.be\/actualites\/wp-content\/uploads\/2024\/09\/vie-associative-1-150x150.jpg","caption":"Julien"},"description":"Je suis Julien, r\u00e9dacteur pour Vie Associative. Passionn\u00e9 par le monde associatif depuis plus de 10 ans, j'ai \u00e0 c\u0153ur de partager des histoires inspirantes et de mettre en lumi\u00e8re les initiatives locales. Mon objectif est de sensibiliser et d'encourager l'engagement communautaire \u00e0 travers mes articles.","sameAs":["https:\/\/vieassociative.be\/"]}]}},"_links":{"self":[{"href":"https:\/\/vieassociative.be\/actualites\/wp-json\/wp\/v2\/posts\/7892"}],"collection":[{"href":"https:\/\/vieassociative.be\/actualites\/wp-json\/wp\/v2\/posts"}],"about":[{"href":"https:\/\/vieassociative.be\/actualites\/wp-json\/wp\/v2\/types\/post"}],"author":[{"embeddable":true,"href":"https:\/\/vieassociative.be\/actualites\/wp-json\/wp\/v2\/users\/1"}],"replies":[{"embeddable":true,"href":"https:\/\/vieassociative.be\/actualites\/wp-json\/wp\/v2\/comments?post=7892"}],"version-history":[{"count":0,"href":"https:\/\/vieassociative.be\/actualites\/wp-json\/wp\/v2\/posts\/7892\/revisions"}],"wp:featuredmedia":[{"embeddable":true,"href":"https:\/\/vieassociative.be\/actualites\/wp-json\/wp\/v2\/media\/7893"}],"wp:attachment":[{"href":"https:\/\/vieassociative.be\/actualites\/wp-json\/wp\/v2\/media?parent=7892"}],"wp:term":[{"taxonomy":"category","embeddable":true,"href":"https:\/\/vieassociative.be\/actualites\/wp-json\/wp\/v2\/categories?post=7892"},{"taxonomy":"post_tag","embeddable":true,"href":"https:\/\/vieassociative.be\/actualites\/wp-json\/wp\/v2\/tags?post=7892"}],"curies":[{"name":"wp","href":"https:\/\/api.w.org\/{rel}","templated":true}]}}