{"id":7890,"date":"2025-05-31T15:22:53","date_gmt":"2025-05-31T13:22:53","guid":{"rendered":"https:\/\/vieassociative.be\/actualites\/un-pack-de-quatre-de-ces-smartlocks-approuves-par-la-tsa-est-de-80-en-ce-moment\/"},"modified":"2025-05-31T15:22:53","modified_gmt":"2025-05-31T13:22:53","slug":"un-pack-de-quatre-de-ces-smartlocks-approuves-par-la-tsa-est-de-80-en-ce-moment","status":"publish","type":"post","link":"https:\/\/vieassociative.be\/actualites\/un-pack-de-quatre-de-ces-smartlocks-approuves-par-la-tsa-est-de-80-en-ce-moment\/","title":{"rendered":"Un pack de quatre de ces smartlocks approuv\u00e9s par la TSA est de 80 $ en ce moment"},"content":{"rendered":"<div class=\"mt-4 leading-6 md:mb-8\">Ce verrou intelligent uniquement Apple fait exactement ce qu&rsquo;il dit: garde votre sac verrouill\u00e9 et vous aide \u00e0 garder un \u0153il dessus.<\/div>\n<p><\/p>\n<p>Perdre vos bagages n&rsquo;est peut-\u00eatre pas la fin du monde, mais c&rsquo;est certainement le pire d&rsquo;un voyage. C&rsquo;est l\u00e0 que quelque chose comme The Smartlock entre en jeu, et un pack de quatre de ces serrures de voyage approuv\u00e9es par le TSA va pour 79,99 $ sur Stacksocial en ce moment, ce qui est le m\u00eame prix qu&rsquo;Amazon charge pour un pack de trois. Il est con\u00e7u pour les utilisateurs d&rsquo;Apple, s&rsquo;int\u00e9grant directement \u00e0 la recherche de mon application, afin que vous puissiez suivre vos sacs sur une carte, les faire cingler du son s&rsquo;ils sont \u00e0 proximit\u00e9, ou obtenir des alertes si vous \u00eates parti et les laiss\u00e9 derri\u00e8re.<\/p>\n<p>Chaque verrou utilise une combinaison simple \u00e0 trois chiffres et est approuv\u00e9 par la TSA, ce qui signifie que la s\u00e9curit\u00e9 de l&rsquo;a\u00e9roport peut y acc\u00e9der sans l&rsquo;ouvrir. La construction est solide, avec une coque en alliage durable et une boucle de c\u00e2ble \u00e9paisse suffisamment difficile pour les abus de voyage typiques. Il est \u00e9galement rafra\u00eechissant et peu maintenance, sans charge constante n\u00e9cessaire. La batterie int\u00e9gr\u00e9e dure environ trois mois et est rempla\u00e7able, vous ne lancez donc pas le tout \u00e0 sa mort. Vous n&rsquo;avez pas non plus besoin d&rsquo;installer une application s\u00e9par\u00e9e pour g\u00e9rer le suivi, si vous avez utilis\u00e9 Apple Find My For AirTags ou Appareils, la configuration sera famili\u00e8re et simple. Vous obtenez \u00e9galement des fonctionnalit\u00e9s de suivi solides telles que les alertes en mode perdu et au son. <\/p>\n<div class=\"pogoClear relative my-10 border-b-(1.5px) border-t-(1.5px) border-dashed border-black py-5 sm:my-14 sm:border-0 sm:py-0\" data-ga-click data-ga-template=\"Deals\" data-ga-module=\"openweb_widget\" data-ga-element=\"openweb_scroll\" data-ga-item=\"openweb_scroll_midpage\" x-data=\"{\n         commentsCount: null,\n         hasComments: false,\n         async fetchCommentsCount() {\n             try {\n                 if (window.openweb &amp;&amp; typeof window.openweb.getMessagesCount === 'function') {\n                     this.commentsCount = await window.openweb.getMessagesCount('01JW5P03HMZ416H0S7RP6J6K11');\n                     this.hasComments = this.commentsCount !== null &amp;&amp; this.commentsCount &gt; 0;\n                 }\n             } catch (e) {\n                 console.warn('Failed to fetch comment count:', e);\n             }\n         }\n     }\" x-init=\"fetchCommentsCount()\" x-cloak><\/p>\n<div class=\"absolute top-1\/2 hidden w-full -translate-y-1\/2 border-t-(1.5px) border-dashed border-black sm:block\"><\/div>\n<div class=\"relative flex justify-center\">\n<div class=\"flex max-w-fit items-center gap-x-3 bg-white px-5\">\n<div class=\"relative\">\n                <span class=\"absolute left-1\/2 top-1\/2 -translate-x-1\/2 -translate-y-1\/2 font-akshar text-sm font-medium text-black\" aria-live=\"polite\" x-show=\"hasComments\" x-text=\"commentsCount\"><\/span><\/p>\n<p>                <svg class=\"h-8 w-8 text-black\" role=\"img\" aria-hidden=\"true\">\n                    <use href=\"http:\/\/lifehacker.com\/images\/icons\/spritemap.svg#sprite-chat-bubble\"><\/use>\n                <\/svg>\n            <\/div>\n<p>            <span class=\"text-sm font-medium text-black\"><\/p>\n<p>                Que pensez-vous jusqu&rsquo;\u00e0 pr\u00e9sent?<br \/>\n                <button class=\"ml-1 font-semibold text-brand-green underline hover:text-brand-green-700\" type=\"button\" aria-label=\"Comment section trigger\" onclick=\"window.openweb.scrollToComments('01JW5P03HMZ416H0S7RP6J6K11')\" x-text=\"hasComments ? 'Post a comment.' : 'Be the first to post a comment.'\"><\/button><br \/>\n            <\/span>\n        <\/div>\n<\/p><\/div>\n<\/div>\n<p>Cela dit, c&rsquo;est uniquement Apple. Si vous utilisez Android, la recherche de ma fonctionnalit\u00e9 ne fonctionnera pas, vous \u00eates donc mieux avec un tracker intelligent ou un verrouillage traditionnel. Si vous voyagez avec plusieurs sacs ou des voyages en groupe de coordination, en obtenir quatre dans un pack facilite le prix \u00e0 avaler. Pour les d\u00e9pliants fr\u00e9quents ou toute personne ayant une exp\u00e9rience pour oublier leur bagage \u00e0 main \u00e0 Gate 17, c&rsquo;est l&rsquo;un de ces modules compl\u00e9mentaires de voyage qui pourraient en faire la peine.<\/p>\n","protected":false},"excerpt":{"rendered":"<p>Ce verrou intelligent uniquement Apple fait exactement ce qu&rsquo;il dit: garde votre sac verrouill\u00e9 et vous aide \u00e0 garder un \u0153il dessus. Perdre vos bagages<\/p>\n","protected":false},"author":1,"featured_media":7891,"comment_status":"","ping_status":"","sticky":false,"template":"","format":"standard","meta":{"footnotes":""},"categories":[13],"tags":[7250,248,76,1429,7248,676,1435,7249,7251],"class_list":["post-7890","post","type-post","status-publish","format-standard","has-post-thumbnail","hentry","category-technologie","tag-approuves","tag-ces","tag-est","tag-moment","tag-pack","tag-par","tag-quatre","tag-smartlocks","tag-tsa","generate-columns","tablet-grid-50","mobile-grid-100","grid-parent","grid-33"],"yoast_head":"<!-- This site is optimized with the Yoast SEO plugin v24.0 - https:\/\/yoast.com\/wordpress\/plugins\/seo\/ -->\n<title>Un pack de quatre de ces smartlocks approuv\u00e9s par la TSA est de 80 $ en ce moment | Vie Associative<\/title>\n<meta name=\"robots\" content=\"index, follow, max-snippet:-1, max-image-preview:large, max-video-preview:-1\" \/>\n<link rel=\"canonical\" href=\"https:\/\/vieassociative.be\/actualites\/un-pack-de-quatre-de-ces-smartlocks-approuves-par-la-tsa-est-de-80-en-ce-moment\/\" \/>\n<meta property=\"og:locale\" content=\"fr_FR\" \/>\n<meta property=\"og:type\" content=\"article\" \/>\n<meta property=\"og:title\" content=\"Un pack de quatre de ces smartlocks approuv\u00e9s par la TSA est de 80 $ en ce moment | Vie Associative\" \/>\n<meta property=\"og:description\" content=\"Ce verrou intelligent uniquement Apple fait exactement ce qu&rsquo;il dit: garde votre sac verrouill\u00e9 et vous aide \u00e0 garder un \u0153il dessus. Perdre vos bagages\" \/>\n<meta property=\"og:url\" content=\"https:\/\/vieassociative.be\/actualites\/un-pack-de-quatre-de-ces-smartlocks-approuves-par-la-tsa-est-de-80-en-ce-moment\/\" \/>\n<meta property=\"og:site_name\" content=\"Vie Associative\" \/>\n<meta property=\"article:published_time\" content=\"2025-05-31T13:22:53+00:00\" \/>\n<meta property=\"og:image\" content=\"https:\/\/vieassociative.be\/actualites\/wp-content\/uploads\/2024\/09\/header_backgroundk-01-e1726694325946.png\" \/>\n\t<meta property=\"og:image:width\" content=\"279\" \/>\n\t<meta property=\"og:image:height\" content=\"92\" \/>\n\t<meta property=\"og:image:type\" content=\"image\/png\" \/>\n<meta name=\"author\" content=\"Julien\" \/>\n<meta name=\"twitter:card\" content=\"summary_large_image\" \/>\n<meta name=\"twitter:label1\" content=\"\u00c9crit par\" \/>\n\t<meta name=\"twitter:data1\" content=\"Julien\" \/>\n\t<meta name=\"twitter:label2\" content=\"Dur\u00e9e de lecture est.\" \/>\n\t<meta name=\"twitter:data2\" content=\"2 minutes\" \/>\n<script type=\"application\/ld+json\" class=\"yoast-schema-graph\">{\"@context\":\"https:\/\/schema.org\",\"@graph\":[{\"@type\":\"Article\",\"@id\":\"https:\/\/vieassociative.be\/actualites\/un-pack-de-quatre-de-ces-smartlocks-approuves-par-la-tsa-est-de-80-en-ce-moment\/#article\",\"isPartOf\":{\"@id\":\"https:\/\/vieassociative.be\/actualites\/un-pack-de-quatre-de-ces-smartlocks-approuves-par-la-tsa-est-de-80-en-ce-moment\/\"},\"author\":{\"name\":\"Julien\",\"@id\":\"https:\/\/vieassociative.be\/actualites\/#\/schema\/person\/b87ac4f82f9d4e7b7cec7395b679edc4\"},\"headline\":\"Un pack de quatre de ces smartlocks approuv\u00e9s par la TSA est de 80 $ en ce moment\",\"datePublished\":\"2025-05-31T13:22:53+00:00\",\"dateModified\":\"2025-05-31T13:22:53+00:00\",\"mainEntityOfPage\":{\"@id\":\"https:\/\/vieassociative.be\/actualites\/un-pack-de-quatre-de-ces-smartlocks-approuves-par-la-tsa-est-de-80-en-ce-moment\/\"},\"wordCount\":401,\"publisher\":{\"@id\":\"https:\/\/vieassociative.be\/actualites\/#organization\"},\"image\":{\"@id\":\"https:\/\/vieassociative.be\/actualites\/un-pack-de-quatre-de-ces-smartlocks-approuves-par-la-tsa-est-de-80-en-ce-moment\/#primaryimage\"},\"thumbnailUrl\":\"https:\/\/vieassociative.be\/actualites\/wp-content\/uploads\/2025\/05\/Un-pack-de-quatre-de-ces-smartlocks-approuves-par-la.png\",\"keywords\":[\"approuv\u00e9s\",\"ces\",\"est\",\"moment\",\"pack\",\"par\",\"Quatre\",\"smartlocks\",\"TSA\"],\"articleSection\":[\"Technologie\"],\"inLanguage\":\"fr-BE\"},{\"@type\":\"WebPage\",\"@id\":\"https:\/\/vieassociative.be\/actualites\/un-pack-de-quatre-de-ces-smartlocks-approuves-par-la-tsa-est-de-80-en-ce-moment\/\",\"url\":\"https:\/\/vieassociative.be\/actualites\/un-pack-de-quatre-de-ces-smartlocks-approuves-par-la-tsa-est-de-80-en-ce-moment\/\",\"name\":\"Un pack de quatre de ces smartlocks approuv\u00e9s par la TSA est de 80 $ en ce moment | Vie Associative\",\"isPartOf\":{\"@id\":\"https:\/\/vieassociative.be\/actualites\/#website\"},\"primaryImageOfPage\":{\"@id\":\"https:\/\/vieassociative.be\/actualites\/un-pack-de-quatre-de-ces-smartlocks-approuves-par-la-tsa-est-de-80-en-ce-moment\/#primaryimage\"},\"image\":{\"@id\":\"https:\/\/vieassociative.be\/actualites\/un-pack-de-quatre-de-ces-smartlocks-approuves-par-la-tsa-est-de-80-en-ce-moment\/#primaryimage\"},\"thumbnailUrl\":\"https:\/\/vieassociative.be\/actualites\/wp-content\/uploads\/2025\/05\/Un-pack-de-quatre-de-ces-smartlocks-approuves-par-la.png\",\"datePublished\":\"2025-05-31T13:22:53+00:00\",\"dateModified\":\"2025-05-31T13:22:53+00:00\",\"breadcrumb\":{\"@id\":\"https:\/\/vieassociative.be\/actualites\/un-pack-de-quatre-de-ces-smartlocks-approuves-par-la-tsa-est-de-80-en-ce-moment\/#breadcrumb\"},\"inLanguage\":\"fr-BE\",\"potentialAction\":[{\"@type\":\"ReadAction\",\"target\":[\"https:\/\/vieassociative.be\/actualites\/un-pack-de-quatre-de-ces-smartlocks-approuves-par-la-tsa-est-de-80-en-ce-moment\/\"]}]},{\"@type\":\"ImageObject\",\"inLanguage\":\"fr-BE\",\"@id\":\"https:\/\/vieassociative.be\/actualites\/un-pack-de-quatre-de-ces-smartlocks-approuves-par-la-tsa-est-de-80-en-ce-moment\/#primaryimage\",\"url\":\"https:\/\/vieassociative.be\/actualites\/wp-content\/uploads\/2025\/05\/Un-pack-de-quatre-de-ces-smartlocks-approuves-par-la.png\",\"contentUrl\":\"https:\/\/vieassociative.be\/actualites\/wp-content\/uploads\/2025\/05\/Un-pack-de-quatre-de-ces-smartlocks-approuves-par-la.png\",\"width\":1200,\"height\":675,\"caption\":\"Un pack de quatre de ces smartlocks approuv\u00e9s par la TSA est de 80 $ en ce moment\"},{\"@type\":\"BreadcrumbList\",\"@id\":\"https:\/\/vieassociative.be\/actualites\/un-pack-de-quatre-de-ces-smartlocks-approuves-par-la-tsa-est-de-80-en-ce-moment\/#breadcrumb\",\"itemListElement\":[{\"@type\":\"ListItem\",\"position\":1,\"name\":\"Accueil\",\"item\":\"https:\/\/vieassociative.be\/actualites\/\"},{\"@type\":\"ListItem\",\"position\":2,\"name\":\"Un pack de quatre de ces smartlocks approuv\u00e9s par la TSA est de 80 $ en ce moment\"}]},{\"@type\":\"WebSite\",\"@id\":\"https:\/\/vieassociative.be\/actualites\/#website\",\"url\":\"https:\/\/vieassociative.be\/actualites\/\",\"name\":\"Vie Associative\",\"description\":\"\",\"publisher\":{\"@id\":\"https:\/\/vieassociative.be\/actualites\/#organization\"},\"potentialAction\":[{\"@type\":\"SearchAction\",\"target\":{\"@type\":\"EntryPoint\",\"urlTemplate\":\"https:\/\/vieassociative.be\/actualites\/?s={search_term_string}\"},\"query-input\":{\"@type\":\"PropertyValueSpecification\",\"valueRequired\":true,\"valueName\":\"search_term_string\"}}],\"inLanguage\":\"fr-BE\"},{\"@type\":\"Organization\",\"@id\":\"https:\/\/vieassociative.be\/actualites\/#organization\",\"name\":\"Vie Associative\",\"url\":\"https:\/\/vieassociative.be\/actualites\/\",\"logo\":{\"@type\":\"ImageObject\",\"inLanguage\":\"fr-BE\",\"@id\":\"https:\/\/vieassociative.be\/actualites\/#\/schema\/logo\/image\/\",\"url\":\"https:\/\/vieassociative.be\/actualites\/wp-content\/uploads\/2024\/09\/cropped-vieassociative_favicon.ico.png\",\"contentUrl\":\"https:\/\/vieassociative.be\/actualites\/wp-content\/uploads\/2024\/09\/cropped-vieassociative_favicon.ico.png\",\"width\":512,\"height\":512,\"caption\":\"Vie Associative\"},\"image\":{\"@id\":\"https:\/\/vieassociative.be\/actualites\/#\/schema\/logo\/image\/\"}},{\"@type\":\"Person\",\"@id\":\"https:\/\/vieassociative.be\/actualites\/#\/schema\/person\/b87ac4f82f9d4e7b7cec7395b679edc4\",\"name\":\"Julien\",\"image\":{\"@type\":\"ImageObject\",\"inLanguage\":\"fr-BE\",\"@id\":\"https:\/\/vieassociative.be\/actualites\/#\/schema\/person\/image\/\",\"url\":\"https:\/\/vieassociative.be\/actualites\/wp-content\/uploads\/2024\/09\/vie-associative-1-150x150.jpg\",\"contentUrl\":\"https:\/\/vieassociative.be\/actualites\/wp-content\/uploads\/2024\/09\/vie-associative-1-150x150.jpg\",\"caption\":\"Julien\"},\"description\":\"Je suis Julien, r\u00e9dacteur pour Vie Associative. Passionn\u00e9 par le monde associatif depuis plus de 10 ans, j'ai \u00e0 c\u0153ur de partager des histoires inspirantes et de mettre en lumi\u00e8re les initiatives locales. Mon objectif est de sensibiliser et d'encourager l'engagement communautaire \u00e0 travers mes articles.\",\"sameAs\":[\"https:\/\/vieassociative.be\/\"]}]}<\/script>\n<!-- \/ Yoast SEO plugin. -->","yoast_head_json":{"title":"Un pack de quatre de ces smartlocks approuv\u00e9s par la TSA est de 80 $ en ce moment | Vie Associative","robots":{"index":"index","follow":"follow","max-snippet":"max-snippet:-1","max-image-preview":"max-image-preview:large","max-video-preview":"max-video-preview:-1"},"canonical":"https:\/\/vieassociative.be\/actualites\/un-pack-de-quatre-de-ces-smartlocks-approuves-par-la-tsa-est-de-80-en-ce-moment\/","og_locale":"fr_FR","og_type":"article","og_title":"Un pack de quatre de ces smartlocks approuv\u00e9s par la TSA est de 80 $ en ce moment | Vie Associative","og_description":"Ce verrou intelligent uniquement Apple fait exactement ce qu&rsquo;il dit: garde votre sac verrouill\u00e9 et vous aide \u00e0 garder un \u0153il dessus. Perdre vos bagages","og_url":"https:\/\/vieassociative.be\/actualites\/un-pack-de-quatre-de-ces-smartlocks-approuves-par-la-tsa-est-de-80-en-ce-moment\/","og_site_name":"Vie Associative","article_published_time":"2025-05-31T13:22:53+00:00","og_image":[{"width":279,"height":92,"url":"https:\/\/vieassociative.be\/actualites\/wp-content\/uploads\/2024\/09\/header_backgroundk-01-e1726694325946.png","type":"image\/png"}],"author":"Julien","twitter_card":"summary_large_image","twitter_misc":{"\u00c9crit par":"Julien","Dur\u00e9e de lecture est.":"2 minutes"},"schema":{"@context":"https:\/\/schema.org","@graph":[{"@type":"Article","@id":"https:\/\/vieassociative.be\/actualites\/un-pack-de-quatre-de-ces-smartlocks-approuves-par-la-tsa-est-de-80-en-ce-moment\/#article","isPartOf":{"@id":"https:\/\/vieassociative.be\/actualites\/un-pack-de-quatre-de-ces-smartlocks-approuves-par-la-tsa-est-de-80-en-ce-moment\/"},"author":{"name":"Julien","@id":"https:\/\/vieassociative.be\/actualites\/#\/schema\/person\/b87ac4f82f9d4e7b7cec7395b679edc4"},"headline":"Un pack de quatre de ces smartlocks approuv\u00e9s par la TSA est de 80 $ en ce moment","datePublished":"2025-05-31T13:22:53+00:00","dateModified":"2025-05-31T13:22:53+00:00","mainEntityOfPage":{"@id":"https:\/\/vieassociative.be\/actualites\/un-pack-de-quatre-de-ces-smartlocks-approuves-par-la-tsa-est-de-80-en-ce-moment\/"},"wordCount":401,"publisher":{"@id":"https:\/\/vieassociative.be\/actualites\/#organization"},"image":{"@id":"https:\/\/vieassociative.be\/actualites\/un-pack-de-quatre-de-ces-smartlocks-approuves-par-la-tsa-est-de-80-en-ce-moment\/#primaryimage"},"thumbnailUrl":"https:\/\/vieassociative.be\/actualites\/wp-content\/uploads\/2025\/05\/Un-pack-de-quatre-de-ces-smartlocks-approuves-par-la.png","keywords":["approuv\u00e9s","ces","est","moment","pack","par","Quatre","smartlocks","TSA"],"articleSection":["Technologie"],"inLanguage":"fr-BE"},{"@type":"WebPage","@id":"https:\/\/vieassociative.be\/actualites\/un-pack-de-quatre-de-ces-smartlocks-approuves-par-la-tsa-est-de-80-en-ce-moment\/","url":"https:\/\/vieassociative.be\/actualites\/un-pack-de-quatre-de-ces-smartlocks-approuves-par-la-tsa-est-de-80-en-ce-moment\/","name":"Un pack de quatre de ces smartlocks approuv\u00e9s par la TSA est de 80 $ en ce moment | Vie Associative","isPartOf":{"@id":"https:\/\/vieassociative.be\/actualites\/#website"},"primaryImageOfPage":{"@id":"https:\/\/vieassociative.be\/actualites\/un-pack-de-quatre-de-ces-smartlocks-approuves-par-la-tsa-est-de-80-en-ce-moment\/#primaryimage"},"image":{"@id":"https:\/\/vieassociative.be\/actualites\/un-pack-de-quatre-de-ces-smartlocks-approuves-par-la-tsa-est-de-80-en-ce-moment\/#primaryimage"},"thumbnailUrl":"https:\/\/vieassociative.be\/actualites\/wp-content\/uploads\/2025\/05\/Un-pack-de-quatre-de-ces-smartlocks-approuves-par-la.png","datePublished":"2025-05-31T13:22:53+00:00","dateModified":"2025-05-31T13:22:53+00:00","breadcrumb":{"@id":"https:\/\/vieassociative.be\/actualites\/un-pack-de-quatre-de-ces-smartlocks-approuves-par-la-tsa-est-de-80-en-ce-moment\/#breadcrumb"},"inLanguage":"fr-BE","potentialAction":[{"@type":"ReadAction","target":["https:\/\/vieassociative.be\/actualites\/un-pack-de-quatre-de-ces-smartlocks-approuves-par-la-tsa-est-de-80-en-ce-moment\/"]}]},{"@type":"ImageObject","inLanguage":"fr-BE","@id":"https:\/\/vieassociative.be\/actualites\/un-pack-de-quatre-de-ces-smartlocks-approuves-par-la-tsa-est-de-80-en-ce-moment\/#primaryimage","url":"https:\/\/vieassociative.be\/actualites\/wp-content\/uploads\/2025\/05\/Un-pack-de-quatre-de-ces-smartlocks-approuves-par-la.png","contentUrl":"https:\/\/vieassociative.be\/actualites\/wp-content\/uploads\/2025\/05\/Un-pack-de-quatre-de-ces-smartlocks-approuves-par-la.png","width":1200,"height":675,"caption":"Un pack de quatre de ces smartlocks approuv\u00e9s par la TSA est de 80 $ en ce moment"},{"@type":"BreadcrumbList","@id":"https:\/\/vieassociative.be\/actualites\/un-pack-de-quatre-de-ces-smartlocks-approuves-par-la-tsa-est-de-80-en-ce-moment\/#breadcrumb","itemListElement":[{"@type":"ListItem","position":1,"name":"Accueil","item":"https:\/\/vieassociative.be\/actualites\/"},{"@type":"ListItem","position":2,"name":"Un pack de quatre de ces smartlocks approuv\u00e9s par la TSA est de 80 $ en ce moment"}]},{"@type":"WebSite","@id":"https:\/\/vieassociative.be\/actualites\/#website","url":"https:\/\/vieassociative.be\/actualites\/","name":"Vie Associative","description":"","publisher":{"@id":"https:\/\/vieassociative.be\/actualites\/#organization"},"potentialAction":[{"@type":"SearchAction","target":{"@type":"EntryPoint","urlTemplate":"https:\/\/vieassociative.be\/actualites\/?s={search_term_string}"},"query-input":{"@type":"PropertyValueSpecification","valueRequired":true,"valueName":"search_term_string"}}],"inLanguage":"fr-BE"},{"@type":"Organization","@id":"https:\/\/vieassociative.be\/actualites\/#organization","name":"Vie Associative","url":"https:\/\/vieassociative.be\/actualites\/","logo":{"@type":"ImageObject","inLanguage":"fr-BE","@id":"https:\/\/vieassociative.be\/actualites\/#\/schema\/logo\/image\/","url":"https:\/\/vieassociative.be\/actualites\/wp-content\/uploads\/2024\/09\/cropped-vieassociative_favicon.ico.png","contentUrl":"https:\/\/vieassociative.be\/actualites\/wp-content\/uploads\/2024\/09\/cropped-vieassociative_favicon.ico.png","width":512,"height":512,"caption":"Vie Associative"},"image":{"@id":"https:\/\/vieassociative.be\/actualites\/#\/schema\/logo\/image\/"}},{"@type":"Person","@id":"https:\/\/vieassociative.be\/actualites\/#\/schema\/person\/b87ac4f82f9d4e7b7cec7395b679edc4","name":"Julien","image":{"@type":"ImageObject","inLanguage":"fr-BE","@id":"https:\/\/vieassociative.be\/actualites\/#\/schema\/person\/image\/","url":"https:\/\/vieassociative.be\/actualites\/wp-content\/uploads\/2024\/09\/vie-associative-1-150x150.jpg","contentUrl":"https:\/\/vieassociative.be\/actualites\/wp-content\/uploads\/2024\/09\/vie-associative-1-150x150.jpg","caption":"Julien"},"description":"Je suis Julien, r\u00e9dacteur pour Vie Associative. Passionn\u00e9 par le monde associatif depuis plus de 10 ans, j'ai \u00e0 c\u0153ur de partager des histoires inspirantes et de mettre en lumi\u00e8re les initiatives locales. Mon objectif est de sensibiliser et d'encourager l'engagement communautaire \u00e0 travers mes articles.","sameAs":["https:\/\/vieassociative.be\/"]}]}},"_links":{"self":[{"href":"https:\/\/vieassociative.be\/actualites\/wp-json\/wp\/v2\/posts\/7890"}],"collection":[{"href":"https:\/\/vieassociative.be\/actualites\/wp-json\/wp\/v2\/posts"}],"about":[{"href":"https:\/\/vieassociative.be\/actualites\/wp-json\/wp\/v2\/types\/post"}],"author":[{"embeddable":true,"href":"https:\/\/vieassociative.be\/actualites\/wp-json\/wp\/v2\/users\/1"}],"replies":[{"embeddable":true,"href":"https:\/\/vieassociative.be\/actualites\/wp-json\/wp\/v2\/comments?post=7890"}],"version-history":[{"count":0,"href":"https:\/\/vieassociative.be\/actualites\/wp-json\/wp\/v2\/posts\/7890\/revisions"}],"wp:featuredmedia":[{"embeddable":true,"href":"https:\/\/vieassociative.be\/actualites\/wp-json\/wp\/v2\/media\/7891"}],"wp:attachment":[{"href":"https:\/\/vieassociative.be\/actualites\/wp-json\/wp\/v2\/media?parent=7890"}],"wp:term":[{"taxonomy":"category","embeddable":true,"href":"https:\/\/vieassociative.be\/actualites\/wp-json\/wp\/v2\/categories?post=7890"},{"taxonomy":"post_tag","embeddable":true,"href":"https:\/\/vieassociative.be\/actualites\/wp-json\/wp\/v2\/tags?post=7890"}],"curies":[{"name":"wp","href":"https:\/\/api.w.org\/{rel}","templated":true}]}}