{"id":7883,"date":"2025-05-31T04:17:48","date_gmt":"2025-05-31T02:17:48","guid":{"rendered":"https:\/\/vieassociative.be\/actualites\/pascal-arimont-nous-devons-absolument-conserver-la-production-industrielle-dacier-et-de-chimie-en-europe\/"},"modified":"2025-05-31T04:17:48","modified_gmt":"2025-05-31T02:17:48","slug":"pascal-arimont-nous-devons-absolument-conserver-la-production-industrielle-dacier-et-de-chimie-en-europe","status":"publish","type":"post","link":"https:\/\/vieassociative.be\/actualites\/pascal-arimont-nous-devons-absolument-conserver-la-production-industrielle-dacier-et-de-chimie-en-europe\/","title":{"rendered":"Pascal Arimont: \u00ab\u00a0Nous devons absolument conserver la production industrielle d&rsquo;acier et de chimie en Europe!\u00a0\u00bb"},"content":{"rendered":"<p><strong>Le d\u00e9put\u00e9 de l&rsquo;UE Belge de l&rsquo;Est Pascal Arimont (CSP-EVP) \u00e9tait des invit\u00e9s du parlement europ\u00e9en dans la r\u00e9gion de la RUHR avec des repr\u00e9sentants du Comit\u00e9 de l&#8217;emploi et des affaires sociales (EMPL) cette semaine afin d&rsquo;\u00e9changer des id\u00e9es avec les acteurs sur place sur la comp\u00e9titivit\u00e9 de l&rsquo;Europe et la s\u00e9curisation des emplacements industriels europ\u00e9ens.<\/strong><\/p>\n<p><span id=\"more-416688\"><\/span>Les d\u00e9put\u00e9s ont visit\u00e9 l&#8217;emplacement de Thyssenkrupp \u00e0 Duisburg, le parc de chimie \u00e0 Marl et le centre de qualification \u00ab\u00a0Quaz.ruhr\u00a0\u00bb \u00e0 l&rsquo;Universit\u00e9 Ruhr de Bochum. \u00c0 Dortmund, il y avait \u00e9galement un \u00e9change avec le ministre du Travail de NRW Karl-Josef Laumann (CDU) \u00e0 l&rsquo;ordre du jour.<\/p>\n<p>Le parc chimique de Marl ou les fours en acier \u00e0 Duisburg sont des emplacements impressionnants de production industrielle au milieu de l&rsquo;Allemagne et au milieu de l&rsquo;Europe. Kilom\u00e8tres &#8211; Les tuyaux longs dans l&rsquo;usine chimique ou le convertisseur lourd avec de l&rsquo;acier brut brillant sont des composants importants pour la production de s\u00e9ries de produits \u00e9l\u00e9mentaires, qui sont trait\u00e9es dans de nombreux produits commerciaux en Europe.<\/p>\n<div id=\"attachment_416699\" class=\"wp-caption alignleft\" style=\"max-width: 300px\"><img fetchpriority=\"high\" decoding=\"async\" class=\"wp-image-416699 size-medium\" src=\"https:\/\/vieassociative.be\/actualites\/wp-content\/uploads\/2025\/05\/Pascal-Arimont-Nous-devons-absolument-conserver-la-production-industrielle-dacier.-sowie-Gregor-Isenbort-Leit.jpeg\" alt=\"\" width=\"300\" height=\"200\"><\/p>\n<p class=\"wp-caption-text\">Pascal Arimont (2e VR) avec le ministre du Travail du NRW Karl-Josef Laumann (3e VL) ainsi que Gregor Isenbort, chef de Dasa Arbeitswelt Dortmund et Eu MP Jana Toom, Dennis Radtke et Birgit Sipel (VL). Photo: Philipp von Ditfurth<\/p>\n<\/div>\n<p>Des centaines de milliers d&#8217;emplois s&rsquo;accrochent \u00e0 ces installations de production qui ont \u00e9galement fa\u00e7onn\u00e9 une r\u00e9gion enti\u00e8re et continuent de fa\u00e7onner. \u00ab\u00a0La r\u00e9gion de Ruhr repr\u00e9sente un changement structurel que nous vivons dans toute l&rsquo;Europe et qui existe ou a exist\u00e9 sous une forme similaire en Belgique. Nous devons travailler tr\u00e8s intensivement en tant que UE et en tant que \u00c9tats membres que les nombreux emplois pr\u00e9cieux dans la zone industrielle sont s\u00e9curis\u00e9s. Dans les conversations avec les chefs des \u0153uvres et les repr\u00e9sentants des employ\u00e9s, la situation actuelle dans l&rsquo;industrie lourde n&rsquo;est pas plus facile.<\/p>\n<p>\u00ab\u00a0Pour que cette industrie reste comp\u00e9titive, les prix de l&rsquo;\u00e9nergie abordables sont une premi\u00e8re base importante. L&rsquo;industrie est actuellement aux prises avec le d\u00e9fi d&rsquo;investir dans la d\u00e9carbonisation et en m\u00eame temps pour faire face \u00e0 une concurrence mondiale de plus en plus difficile. Dans ce contexte, la Commission europ\u00e9enne doit \u00eatre d\u00e9cisive contre le d\u00e9versement et les pratiques comp\u00e9titives.<\/p>\n<div id=\"attachment_416701\" class=\"wp-caption alignleft\" style=\"max-width: 300px\"><img decoding=\"async\" class=\"wp-image-416701 size-medium\" src=\"https:\/\/vieassociative.be\/actualites\/wp-content\/uploads\/2025\/05\/Pascal-Arimont-Nous-devons-absolument-conserver-la-production-industrielle-dacier.jpg\" alt=\"\" width=\"300\" height=\"225\"  ><\/p>\n<p class=\"wp-caption-text\">Vue du parc chimique \u00e0 Marl. Photo: Shutterstock<\/p>\n<\/div>\n<p>En particulier, les sports en acier et chimique bon march\u00e9 en provenance de Chine sont un danger pour l&#8217;emplacement des affaires europ\u00e9ennes. \u00ab\u00a0Un tel plan d&rsquo;action est une premi\u00e8re \u00e9tape. Le papier est patient et ne change pas encore les conditions du cadre. Nous faisons une erreur strat\u00e9giquement grave.<\/p>\n<p>\u00ab\u00a0Enfin et surtout, les co\u00fbts \u00e9lev\u00e9s de CO2 sont caus\u00e9s par les industries europ\u00e9ennes dans la concurrence. La fin de la chanson ne doit pas \u00eatre que des emplois pr\u00e9cieux sont perdus en Europe et que nous nous d\u00e9pendant des importations externes, tandis que dans d&rsquo;autres parties du monde, quel que soit l&rsquo;environnement, les normes climatiques et d&#8217;emploi, le MEP du Belgien oriental est produit \u00e0 des prix d\u00e9charges.<\/p>\n<p>Selon Arimont, moins d&rsquo;id\u00e9alisme et plus de pragmatisme s&rsquo;appliquent. \u00ab\u00a0La protection du climat n&rsquo;est pas possible sans l&rsquo;acier europ\u00e9en, l&rsquo;aluminium ou la chimie. Par cons\u00e9quent, ces produits devraient continuer \u00e0 \u00eatre produits ici en Europe\u00a0\u00bb, a conclu le d\u00e9put\u00e9 de l&rsquo;UE Belge de l&rsquo;Est. (Cre)<\/p>\n","protected":false},"excerpt":{"rendered":"<p>Le d\u00e9put\u00e9 de l&rsquo;UE Belge de l&rsquo;Est Pascal Arimont (CSP-EVP) \u00e9tait des invit\u00e9s du parlement europ\u00e9en dans la r\u00e9gion de la RUHR avec des repr\u00e9sentants<\/p>\n","protected":false},"author":1,"featured_media":7884,"comment_status":"","ping_status":"","sticky":false,"template":"","format":"standard","meta":{"footnotes":""},"categories":[298],"tags":[601,2890,7243,7240,7242,1836,5351,7241,393,2889,2463],"class_list":["post-7883","post","type-post","status-publish","format-standard","has-post-thumbnail","hentry","category-belgique","tag-absolument","tag-arimont","tag-chimie","tag-conserver","tag-dacier","tag-devons","tag-europe","tag-industrielle","tag-nous","tag-pascal","tag-production","generate-columns","tablet-grid-50","mobile-grid-100","grid-parent","grid-33"],"yoast_head":"<!-- This site is optimized with the Yoast SEO plugin v24.0 - https:\/\/yoast.com\/wordpress\/plugins\/seo\/ -->\n<title>Pascal Arimont: &quot;Nous devons absolument conserver la production industrielle d&#039;acier et de chimie en Europe!&quot; | Vie Associative<\/title>\n<meta name=\"robots\" content=\"index, follow, max-snippet:-1, max-image-preview:large, max-video-preview:-1\" \/>\n<link rel=\"canonical\" href=\"https:\/\/vieassociative.be\/actualites\/pascal-arimont-nous-devons-absolument-conserver-la-production-industrielle-dacier-et-de-chimie-en-europe\/\" \/>\n<meta property=\"og:locale\" content=\"fr_FR\" \/>\n<meta property=\"og:type\" content=\"article\" \/>\n<meta property=\"og:title\" content=\"Pascal Arimont: &quot;Nous devons absolument conserver la production industrielle d&#039;acier et de chimie en Europe!&quot; | Vie Associative\" \/>\n<meta property=\"og:description\" content=\"Le d\u00e9put\u00e9 de l&rsquo;UE Belge de l&rsquo;Est Pascal Arimont (CSP-EVP) \u00e9tait des invit\u00e9s du parlement europ\u00e9en dans la r\u00e9gion de la RUHR avec des repr\u00e9sentants\" \/>\n<meta property=\"og:url\" content=\"https:\/\/vieassociative.be\/actualites\/pascal-arimont-nous-devons-absolument-conserver-la-production-industrielle-dacier-et-de-chimie-en-europe\/\" \/>\n<meta property=\"og:site_name\" content=\"Vie Associative\" \/>\n<meta property=\"article:published_time\" content=\"2025-05-31T02:17:48+00:00\" \/>\n<meta property=\"og:image\" content=\"https:\/\/vieassociative.be\/actualites\/wp-content\/uploads\/2024\/09\/header_backgroundk-01-e1726694325946.png\" \/>\n\t<meta property=\"og:image:width\" content=\"279\" \/>\n\t<meta property=\"og:image:height\" content=\"92\" \/>\n\t<meta property=\"og:image:type\" content=\"image\/png\" \/>\n<meta name=\"author\" content=\"Julien\" \/>\n<meta name=\"twitter:card\" content=\"summary_large_image\" \/>\n<meta name=\"twitter:label1\" content=\"\u00c9crit par\" \/>\n\t<meta name=\"twitter:data1\" content=\"Julien\" \/>\n\t<meta name=\"twitter:label2\" content=\"Dur\u00e9e de lecture est.\" \/>\n\t<meta name=\"twitter:data2\" content=\"3 minutes\" \/>\n<script type=\"application\/ld+json\" class=\"yoast-schema-graph\">{\"@context\":\"https:\/\/schema.org\",\"@graph\":[{\"@type\":\"Article\",\"@id\":\"https:\/\/vieassociative.be\/actualites\/pascal-arimont-nous-devons-absolument-conserver-la-production-industrielle-dacier-et-de-chimie-en-europe\/#article\",\"isPartOf\":{\"@id\":\"https:\/\/vieassociative.be\/actualites\/pascal-arimont-nous-devons-absolument-conserver-la-production-industrielle-dacier-et-de-chimie-en-europe\/\"},\"author\":{\"name\":\"Julien\",\"@id\":\"https:\/\/vieassociative.be\/actualites\/#\/schema\/person\/b87ac4f82f9d4e7b7cec7395b679edc4\"},\"headline\":\"Pascal Arimont: \u00ab\u00a0Nous devons absolument conserver la production industrielle d&rsquo;acier et de chimie en Europe!\u00a0\u00bb\",\"datePublished\":\"2025-05-31T02:17:48+00:00\",\"dateModified\":\"2025-05-31T02:17:48+00:00\",\"mainEntityOfPage\":{\"@id\":\"https:\/\/vieassociative.be\/actualites\/pascal-arimont-nous-devons-absolument-conserver-la-production-industrielle-dacier-et-de-chimie-en-europe\/\"},\"wordCount\":627,\"publisher\":{\"@id\":\"https:\/\/vieassociative.be\/actualites\/#organization\"},\"image\":{\"@id\":\"https:\/\/vieassociative.be\/actualites\/pascal-arimont-nous-devons-absolument-conserver-la-production-industrielle-dacier-et-de-chimie-en-europe\/#primaryimage\"},\"thumbnailUrl\":\"https:\/\/vieassociative.be\/actualites\/wp-content\/uploads\/2025\/05\/1748657869_Pascal-Arimont-Nous-devons-absolument-conserver-la-production-industrielle-dacier.jpg\",\"keywords\":[\"absolument\",\"Arimont\",\"chimie\",\"conserver\",\"dacier\",\"devons\",\"Europe\",\"industrielle\",\"nous\",\"Pascal\",\"production\"],\"articleSection\":[\"Belgique\"],\"inLanguage\":\"fr-BE\"},{\"@type\":\"WebPage\",\"@id\":\"https:\/\/vieassociative.be\/actualites\/pascal-arimont-nous-devons-absolument-conserver-la-production-industrielle-dacier-et-de-chimie-en-europe\/\",\"url\":\"https:\/\/vieassociative.be\/actualites\/pascal-arimont-nous-devons-absolument-conserver-la-production-industrielle-dacier-et-de-chimie-en-europe\/\",\"name\":\"Pascal Arimont: \\\"Nous devons absolument conserver la production industrielle d'acier et de chimie en Europe!\\\" | Vie Associative\",\"isPartOf\":{\"@id\":\"https:\/\/vieassociative.be\/actualites\/#website\"},\"primaryImageOfPage\":{\"@id\":\"https:\/\/vieassociative.be\/actualites\/pascal-arimont-nous-devons-absolument-conserver-la-production-industrielle-dacier-et-de-chimie-en-europe\/#primaryimage\"},\"image\":{\"@id\":\"https:\/\/vieassociative.be\/actualites\/pascal-arimont-nous-devons-absolument-conserver-la-production-industrielle-dacier-et-de-chimie-en-europe\/#primaryimage\"},\"thumbnailUrl\":\"https:\/\/vieassociative.be\/actualites\/wp-content\/uploads\/2025\/05\/1748657869_Pascal-Arimont-Nous-devons-absolument-conserver-la-production-industrielle-dacier.jpg\",\"datePublished\":\"2025-05-31T02:17:48+00:00\",\"dateModified\":\"2025-05-31T02:17:48+00:00\",\"breadcrumb\":{\"@id\":\"https:\/\/vieassociative.be\/actualites\/pascal-arimont-nous-devons-absolument-conserver-la-production-industrielle-dacier-et-de-chimie-en-europe\/#breadcrumb\"},\"inLanguage\":\"fr-BE\",\"potentialAction\":[{\"@type\":\"ReadAction\",\"target\":[\"https:\/\/vieassociative.be\/actualites\/pascal-arimont-nous-devons-absolument-conserver-la-production-industrielle-dacier-et-de-chimie-en-europe\/\"]}]},{\"@type\":\"ImageObject\",\"inLanguage\":\"fr-BE\",\"@id\":\"https:\/\/vieassociative.be\/actualites\/pascal-arimont-nous-devons-absolument-conserver-la-production-industrielle-dacier-et-de-chimie-en-europe\/#primaryimage\",\"url\":\"https:\/\/vieassociative.be\/actualites\/wp-content\/uploads\/2025\/05\/1748657869_Pascal-Arimont-Nous-devons-absolument-conserver-la-production-industrielle-dacier.jpg\",\"contentUrl\":\"https:\/\/vieassociative.be\/actualites\/wp-content\/uploads\/2025\/05\/1748657869_Pascal-Arimont-Nous-devons-absolument-conserver-la-production-industrielle-dacier.jpg\",\"width\":1200,\"height\":683,\"caption\":\"Pascal Arimont: \\\"Nous devons absolument conserver la production industrielle d'acier et de chimie en Europe!\\\"\"},{\"@type\":\"BreadcrumbList\",\"@id\":\"https:\/\/vieassociative.be\/actualites\/pascal-arimont-nous-devons-absolument-conserver-la-production-industrielle-dacier-et-de-chimie-en-europe\/#breadcrumb\",\"itemListElement\":[{\"@type\":\"ListItem\",\"position\":1,\"name\":\"Accueil\",\"item\":\"https:\/\/vieassociative.be\/actualites\/\"},{\"@type\":\"ListItem\",\"position\":2,\"name\":\"Pascal Arimont: \u00ab\u00a0Nous devons absolument conserver la production industrielle d&rsquo;acier et de chimie en Europe!\u00a0\u00bb\"}]},{\"@type\":\"WebSite\",\"@id\":\"https:\/\/vieassociative.be\/actualites\/#website\",\"url\":\"https:\/\/vieassociative.be\/actualites\/\",\"name\":\"Vie Associative\",\"description\":\"\",\"publisher\":{\"@id\":\"https:\/\/vieassociative.be\/actualites\/#organization\"},\"potentialAction\":[{\"@type\":\"SearchAction\",\"target\":{\"@type\":\"EntryPoint\",\"urlTemplate\":\"https:\/\/vieassociative.be\/actualites\/?s={search_term_string}\"},\"query-input\":{\"@type\":\"PropertyValueSpecification\",\"valueRequired\":true,\"valueName\":\"search_term_string\"}}],\"inLanguage\":\"fr-BE\"},{\"@type\":\"Organization\",\"@id\":\"https:\/\/vieassociative.be\/actualites\/#organization\",\"name\":\"Vie Associative\",\"url\":\"https:\/\/vieassociative.be\/actualites\/\",\"logo\":{\"@type\":\"ImageObject\",\"inLanguage\":\"fr-BE\",\"@id\":\"https:\/\/vieassociative.be\/actualites\/#\/schema\/logo\/image\/\",\"url\":\"https:\/\/vieassociative.be\/actualites\/wp-content\/uploads\/2024\/09\/cropped-vieassociative_favicon.ico.png\",\"contentUrl\":\"https:\/\/vieassociative.be\/actualites\/wp-content\/uploads\/2024\/09\/cropped-vieassociative_favicon.ico.png\",\"width\":512,\"height\":512,\"caption\":\"Vie Associative\"},\"image\":{\"@id\":\"https:\/\/vieassociative.be\/actualites\/#\/schema\/logo\/image\/\"}},{\"@type\":\"Person\",\"@id\":\"https:\/\/vieassociative.be\/actualites\/#\/schema\/person\/b87ac4f82f9d4e7b7cec7395b679edc4\",\"name\":\"Julien\",\"image\":{\"@type\":\"ImageObject\",\"inLanguage\":\"fr-BE\",\"@id\":\"https:\/\/vieassociative.be\/actualites\/#\/schema\/person\/image\/\",\"url\":\"https:\/\/vieassociative.be\/actualites\/wp-content\/uploads\/2024\/09\/vie-associative-1-150x150.jpg\",\"contentUrl\":\"https:\/\/vieassociative.be\/actualites\/wp-content\/uploads\/2024\/09\/vie-associative-1-150x150.jpg\",\"caption\":\"Julien\"},\"description\":\"Je suis Julien, r\u00e9dacteur pour Vie Associative. Passionn\u00e9 par le monde associatif depuis plus de 10 ans, j'ai \u00e0 c\u0153ur de partager des histoires inspirantes et de mettre en lumi\u00e8re les initiatives locales. Mon objectif est de sensibiliser et d'encourager l'engagement communautaire \u00e0 travers mes articles.\",\"sameAs\":[\"https:\/\/vieassociative.be\/\"]}]}<\/script>\n<!-- \/ Yoast SEO plugin. -->","yoast_head_json":{"title":"Pascal Arimont: \"Nous devons absolument conserver la production industrielle d'acier et de chimie en Europe!\" | Vie Associative","robots":{"index":"index","follow":"follow","max-snippet":"max-snippet:-1","max-image-preview":"max-image-preview:large","max-video-preview":"max-video-preview:-1"},"canonical":"https:\/\/vieassociative.be\/actualites\/pascal-arimont-nous-devons-absolument-conserver-la-production-industrielle-dacier-et-de-chimie-en-europe\/","og_locale":"fr_FR","og_type":"article","og_title":"Pascal Arimont: \"Nous devons absolument conserver la production industrielle d'acier et de chimie en Europe!\" | Vie Associative","og_description":"Le d\u00e9put\u00e9 de l&rsquo;UE Belge de l&rsquo;Est Pascal Arimont (CSP-EVP) \u00e9tait des invit\u00e9s du parlement europ\u00e9en dans la r\u00e9gion de la RUHR avec des repr\u00e9sentants","og_url":"https:\/\/vieassociative.be\/actualites\/pascal-arimont-nous-devons-absolument-conserver-la-production-industrielle-dacier-et-de-chimie-en-europe\/","og_site_name":"Vie Associative","article_published_time":"2025-05-31T02:17:48+00:00","og_image":[{"width":279,"height":92,"url":"https:\/\/vieassociative.be\/actualites\/wp-content\/uploads\/2024\/09\/header_backgroundk-01-e1726694325946.png","type":"image\/png"}],"author":"Julien","twitter_card":"summary_large_image","twitter_misc":{"\u00c9crit par":"Julien","Dur\u00e9e de lecture est.":"3 minutes"},"schema":{"@context":"https:\/\/schema.org","@graph":[{"@type":"Article","@id":"https:\/\/vieassociative.be\/actualites\/pascal-arimont-nous-devons-absolument-conserver-la-production-industrielle-dacier-et-de-chimie-en-europe\/#article","isPartOf":{"@id":"https:\/\/vieassociative.be\/actualites\/pascal-arimont-nous-devons-absolument-conserver-la-production-industrielle-dacier-et-de-chimie-en-europe\/"},"author":{"name":"Julien","@id":"https:\/\/vieassociative.be\/actualites\/#\/schema\/person\/b87ac4f82f9d4e7b7cec7395b679edc4"},"headline":"Pascal Arimont: \u00ab\u00a0Nous devons absolument conserver la production industrielle d&rsquo;acier et de chimie en Europe!\u00a0\u00bb","datePublished":"2025-05-31T02:17:48+00:00","dateModified":"2025-05-31T02:17:48+00:00","mainEntityOfPage":{"@id":"https:\/\/vieassociative.be\/actualites\/pascal-arimont-nous-devons-absolument-conserver-la-production-industrielle-dacier-et-de-chimie-en-europe\/"},"wordCount":627,"publisher":{"@id":"https:\/\/vieassociative.be\/actualites\/#organization"},"image":{"@id":"https:\/\/vieassociative.be\/actualites\/pascal-arimont-nous-devons-absolument-conserver-la-production-industrielle-dacier-et-de-chimie-en-europe\/#primaryimage"},"thumbnailUrl":"https:\/\/vieassociative.be\/actualites\/wp-content\/uploads\/2025\/05\/1748657869_Pascal-Arimont-Nous-devons-absolument-conserver-la-production-industrielle-dacier.jpg","keywords":["absolument","Arimont","chimie","conserver","dacier","devons","Europe","industrielle","nous","Pascal","production"],"articleSection":["Belgique"],"inLanguage":"fr-BE"},{"@type":"WebPage","@id":"https:\/\/vieassociative.be\/actualites\/pascal-arimont-nous-devons-absolument-conserver-la-production-industrielle-dacier-et-de-chimie-en-europe\/","url":"https:\/\/vieassociative.be\/actualites\/pascal-arimont-nous-devons-absolument-conserver-la-production-industrielle-dacier-et-de-chimie-en-europe\/","name":"Pascal Arimont: \"Nous devons absolument conserver la production industrielle d'acier et de chimie en Europe!\" | Vie Associative","isPartOf":{"@id":"https:\/\/vieassociative.be\/actualites\/#website"},"primaryImageOfPage":{"@id":"https:\/\/vieassociative.be\/actualites\/pascal-arimont-nous-devons-absolument-conserver-la-production-industrielle-dacier-et-de-chimie-en-europe\/#primaryimage"},"image":{"@id":"https:\/\/vieassociative.be\/actualites\/pascal-arimont-nous-devons-absolument-conserver-la-production-industrielle-dacier-et-de-chimie-en-europe\/#primaryimage"},"thumbnailUrl":"https:\/\/vieassociative.be\/actualites\/wp-content\/uploads\/2025\/05\/1748657869_Pascal-Arimont-Nous-devons-absolument-conserver-la-production-industrielle-dacier.jpg","datePublished":"2025-05-31T02:17:48+00:00","dateModified":"2025-05-31T02:17:48+00:00","breadcrumb":{"@id":"https:\/\/vieassociative.be\/actualites\/pascal-arimont-nous-devons-absolument-conserver-la-production-industrielle-dacier-et-de-chimie-en-europe\/#breadcrumb"},"inLanguage":"fr-BE","potentialAction":[{"@type":"ReadAction","target":["https:\/\/vieassociative.be\/actualites\/pascal-arimont-nous-devons-absolument-conserver-la-production-industrielle-dacier-et-de-chimie-en-europe\/"]}]},{"@type":"ImageObject","inLanguage":"fr-BE","@id":"https:\/\/vieassociative.be\/actualites\/pascal-arimont-nous-devons-absolument-conserver-la-production-industrielle-dacier-et-de-chimie-en-europe\/#primaryimage","url":"https:\/\/vieassociative.be\/actualites\/wp-content\/uploads\/2025\/05\/1748657869_Pascal-Arimont-Nous-devons-absolument-conserver-la-production-industrielle-dacier.jpg","contentUrl":"https:\/\/vieassociative.be\/actualites\/wp-content\/uploads\/2025\/05\/1748657869_Pascal-Arimont-Nous-devons-absolument-conserver-la-production-industrielle-dacier.jpg","width":1200,"height":683,"caption":"Pascal Arimont: \"Nous devons absolument conserver la production industrielle d'acier et de chimie en Europe!\""},{"@type":"BreadcrumbList","@id":"https:\/\/vieassociative.be\/actualites\/pascal-arimont-nous-devons-absolument-conserver-la-production-industrielle-dacier-et-de-chimie-en-europe\/#breadcrumb","itemListElement":[{"@type":"ListItem","position":1,"name":"Accueil","item":"https:\/\/vieassociative.be\/actualites\/"},{"@type":"ListItem","position":2,"name":"Pascal Arimont: \u00ab\u00a0Nous devons absolument conserver la production industrielle d&rsquo;acier et de chimie en Europe!\u00a0\u00bb"}]},{"@type":"WebSite","@id":"https:\/\/vieassociative.be\/actualites\/#website","url":"https:\/\/vieassociative.be\/actualites\/","name":"Vie Associative","description":"","publisher":{"@id":"https:\/\/vieassociative.be\/actualites\/#organization"},"potentialAction":[{"@type":"SearchAction","target":{"@type":"EntryPoint","urlTemplate":"https:\/\/vieassociative.be\/actualites\/?s={search_term_string}"},"query-input":{"@type":"PropertyValueSpecification","valueRequired":true,"valueName":"search_term_string"}}],"inLanguage":"fr-BE"},{"@type":"Organization","@id":"https:\/\/vieassociative.be\/actualites\/#organization","name":"Vie Associative","url":"https:\/\/vieassociative.be\/actualites\/","logo":{"@type":"ImageObject","inLanguage":"fr-BE","@id":"https:\/\/vieassociative.be\/actualites\/#\/schema\/logo\/image\/","url":"https:\/\/vieassociative.be\/actualites\/wp-content\/uploads\/2024\/09\/cropped-vieassociative_favicon.ico.png","contentUrl":"https:\/\/vieassociative.be\/actualites\/wp-content\/uploads\/2024\/09\/cropped-vieassociative_favicon.ico.png","width":512,"height":512,"caption":"Vie Associative"},"image":{"@id":"https:\/\/vieassociative.be\/actualites\/#\/schema\/logo\/image\/"}},{"@type":"Person","@id":"https:\/\/vieassociative.be\/actualites\/#\/schema\/person\/b87ac4f82f9d4e7b7cec7395b679edc4","name":"Julien","image":{"@type":"ImageObject","inLanguage":"fr-BE","@id":"https:\/\/vieassociative.be\/actualites\/#\/schema\/person\/image\/","url":"https:\/\/vieassociative.be\/actualites\/wp-content\/uploads\/2024\/09\/vie-associative-1-150x150.jpg","contentUrl":"https:\/\/vieassociative.be\/actualites\/wp-content\/uploads\/2024\/09\/vie-associative-1-150x150.jpg","caption":"Julien"},"description":"Je suis Julien, r\u00e9dacteur pour Vie Associative. Passionn\u00e9 par le monde associatif depuis plus de 10 ans, j'ai \u00e0 c\u0153ur de partager des histoires inspirantes et de mettre en lumi\u00e8re les initiatives locales. Mon objectif est de sensibiliser et d'encourager l'engagement communautaire \u00e0 travers mes articles.","sameAs":["https:\/\/vieassociative.be\/"]}]}},"_links":{"self":[{"href":"https:\/\/vieassociative.be\/actualites\/wp-json\/wp\/v2\/posts\/7883"}],"collection":[{"href":"https:\/\/vieassociative.be\/actualites\/wp-json\/wp\/v2\/posts"}],"about":[{"href":"https:\/\/vieassociative.be\/actualites\/wp-json\/wp\/v2\/types\/post"}],"author":[{"embeddable":true,"href":"https:\/\/vieassociative.be\/actualites\/wp-json\/wp\/v2\/users\/1"}],"replies":[{"embeddable":true,"href":"https:\/\/vieassociative.be\/actualites\/wp-json\/wp\/v2\/comments?post=7883"}],"version-history":[{"count":0,"href":"https:\/\/vieassociative.be\/actualites\/wp-json\/wp\/v2\/posts\/7883\/revisions"}],"wp:featuredmedia":[{"embeddable":true,"href":"https:\/\/vieassociative.be\/actualites\/wp-json\/wp\/v2\/media\/7884"}],"wp:attachment":[{"href":"https:\/\/vieassociative.be\/actualites\/wp-json\/wp\/v2\/media?parent=7883"}],"wp:term":[{"taxonomy":"category","embeddable":true,"href":"https:\/\/vieassociative.be\/actualites\/wp-json\/wp\/v2\/categories?post=7883"},{"taxonomy":"post_tag","embeddable":true,"href":"https:\/\/vieassociative.be\/actualites\/wp-json\/wp\/v2\/tags?post=7883"}],"curies":[{"name":"wp","href":"https:\/\/api.w.org\/{rel}","templated":true}]}}