{"id":7881,"date":"2025-05-31T03:19:40","date_gmt":"2025-05-31T01:19:40","guid":{"rendered":"https:\/\/vieassociative.be\/actualites\/personne-nachete-des-telephones-pour-lia\/"},"modified":"2025-05-31T03:19:40","modified_gmt":"2025-05-31T01:19:40","slug":"personne-nachete-des-telephones-pour-lia","status":"publish","type":"post","link":"https:\/\/vieassociative.be\/actualites\/personne-nachete-des-telephones-pour-lia\/","title":{"rendered":"Personne n&rsquo;ach\u00e8te des t\u00e9l\u00e9phones pour l&rsquo;IA"},"content":{"rendered":"<div class=\"mt-4 leading-6 md:mb-8\">Les gens ne semblent pas beaucoup se soucier de l&rsquo;IA sur leurs t\u00e9l\u00e9phones.<\/div>\n<p><\/p>\n<p>Si vous \u00eates enracin\u00e9 dans les nouvelles technologiques, on pourrait penser qu&rsquo;Apple \u00e9tait au bord de l&rsquo;effondrement. La soci\u00e9t\u00e9 a sans aucun doute une situation difficile de tout ce qui concerne l&rsquo;IA &#8211; tandis que des soci\u00e9t\u00e9s comme Chatgpt, Google et Microsoft ont atteint le terrain d&rsquo;IA, le d\u00e9partement de l&rsquo;IA d&rsquo;Apple est en d\u00e9sarroi. Certaines fonctionnalit\u00e9s, comme les outils de nettoyage et d&rsquo;\u00e9criture, ont fait leur chemin vers des produits comme l&rsquo;iPhone, mais d&rsquo;autres (notamment la refonte de l&rsquo;IA de Siri) ne sont encore nulle part.   <\/p>\n<p>La situation n&rsquo;est pas objective, pas grande. Apple a annonc\u00e9 ces fonctionnalit\u00e9s aux c\u00f4t\u00e9s de la ligne iPhone 16, m\u00eame en casting <em>Le dernier de nous &lsquo;<\/em> Bella Ramsey dans une publicit\u00e9 se pr\u00e9sentant a d\u00e9clar\u00e9 Siri propuls\u00e9 par Ai. (La publicit\u00e9 a depuis \u00e9t\u00e9 supprim\u00e9e.) Bien que le reste de l&rsquo;industrie technologique semble \u00eatre enti\u00e8rement ax\u00e9 sur l&rsquo;IA, Apple est, de mani\u00e8re inhabituelle, du mal \u00e0 suivre. Les choses doivent \u00eatre d\u00e9sastreuses pour l&rsquo;entreprise, non?<\/p>\n<h2 id=\"the-iphone-continues-to-sell-like-hot-cakes\">L&rsquo;iPhone continue de se vendre comme des g\u00e2teaux chauds<\/h2>\n<p>Bien que je ne sois pas ici pour lire tout le pouls de l&rsquo;entreprise, il semble que le d\u00e9partement d&rsquo;iPhone l&rsquo;\u00e9crase toujours. Mercredi, le cabinet d&rsquo;\u00e9tudes de march\u00e9, Counterpoint, a publi\u00e9 sa liste des smartphones les plus vendus au premier trimestre de 2025. Pro et 14.<\/p>\n<p>Samsung a pris les trois places suivantes, comme elle l&rsquo;a \u00e9galement fait au premier trimestre de 2024. Cette ann\u00e9e, c&rsquo;\u00e9tait le Galaxy A16 5G \u00e0 la cinqui\u00e8me place, suivi du Galaxy A06 et du Galaxy S25 Ultra. Le Redmi 14C 4G est arriv\u00e9 huiti\u00e8me &#8211; impressionnant pour un smartphone qui n&rsquo;est m\u00eame pas vendu aux \u00c9tats-Unis &#8211; suivi par le Galaxy A55 5G et, enfin, l&rsquo;iPhone 16 Plus. <\/p>\n<p>Il y a beaucoup de choses que vous pouvez retirer des donn\u00e9es ici. La premi\u00e8re impression est que l&rsquo;iPhone continue d&rsquo;\u00eatre une force mondiale avec laquelle il faut compter. L&rsquo;iPhone avait cinq des 10 premi\u00e8res places au T1 2024 et 2025 &#8211; la seule diff\u00e9rence entre eux \u00e9tait que l&rsquo;iPhone 15 Plus est venu \u00e0 la huiti\u00e8me place, tandis que le 16 Plus est arriv\u00e9 en 10e. Samsung, lui aussi, est clairement un champion r\u00e9gnant dans la course mondiale sur les smartphones, bien qu&rsquo;il soit pass\u00e9 de cinq t\u00e9l\u00e9phones dans le top 10 \u00e0 quatre entre ces deux ann\u00e9es &#8211; bon pour Redmi pour avoir vol\u00e9 cette huiti\u00e8me place.<\/p>\n<h2 id=\"ecosystems-are-powerful-things\">Les \u00e9cosyst\u00e8mes sont des choses puissantes<\/h2>\n<p>Il est particuli\u00e8rement int\u00e9ressant de voir l&rsquo;iPhone continuer \u00e0 se produire comme celui-ci en 2025. Apr\u00e8s tout, il est \u00e9vident depuis des mois maintenant qu&rsquo;Apple n&rsquo;a pas suivi ses promesses d&rsquo;interface utilisateur annonc\u00e9es pour la ligne iPhone 16. Pour savoir, Counterpoint dit que l&rsquo;iPhone 16E, l&rsquo;appareil \u00ab\u00a0plus abordable\u00a0\u00bb de la soci\u00e9t\u00e9, s&rsquo;est class\u00e9 sixi\u00e8me dans les smartphones les plus vendus en mars. Les gens continuent d&rsquo;acheter des iPhones en masse. <\/p>\n<p>Est-il possible que ces clients ach\u00e8tent des iPhones en fonction des publicit\u00e9s pass\u00e9es d&rsquo;Apple? Bien s\u00fbr. L&rsquo;entreprise annonce toujours l&rsquo;Apple Intelligence avec chaque iPhone sur son site, donc l&rsquo;IA pourrait toujours conduire les d\u00e9sirs des gens \u00e0 acheter des iPhones. Je ne suis pas convaincu, cependant. Si l&rsquo;IA \u00e9tait une priorit\u00e9, je pense que la plupart des clients ach\u00e8teraient aupr\u00e8s des entreprises qui d\u00e9ploient les fonctionnalit\u00e9s de l&rsquo;IA \u00e0 un clip constant. Samsung et Google viennent imm\u00e9diatement \u00e0 l&rsquo;esprit: le dernier \u00e9v\u00e9nement d&rsquo;E \/ S de Google \u00e9tait <em>tous <\/em>\u00c0 propos de l&rsquo;IA, et vous pouvez d\u00e9couvrir un certain nombre de fonctionnalit\u00e9s d&rsquo;IA sur les appareils Android fabriqu\u00e9s par les deux soci\u00e9t\u00e9s. Encore une fois, peut-\u00eatre que les quatre smartphones \u00ab\u00a0Top 10\u00a0\u00bb de Samsung sont le r\u00e9sultat de ses efforts d&rsquo;IA. C&rsquo;est tout \u00e0 fait possible, mais je continue d&rsquo;\u00eatre non convaincu.<\/p>\n<p>Je vois cette liste d&rsquo;iPhones et de galaxies les plus vendus, et je vois une chose: les tendances du march\u00e9 \u00e9tablies. Je pense que la v\u00e9rit\u00e9 est que beaucoup de gens comme les galaxies et encore plus de gens aiment les iPhones. Les gens changent de t\u00e9l\u00e9phone tout le temps, en particulier dans l&rsquo;\u00e9cosyst\u00e8me Android, mais sur la base des donn\u00e9es, il semble que lorsqu&rsquo;il est temps d&rsquo;acheter un nouveau t\u00e9l\u00e9phone, la plupart des utilisateurs d&rsquo;iPhone ach\u00e8tent un nouvel iPhone et la plupart des utilisateurs de Galaxy ach\u00e8tent une nouvelle galaxie. Les \u00e9cosyst\u00e8mes sont des choses puissantes, et lorsque vous avez vers\u00e9 toute votre vie num\u00e9rique dans une seule plate-forme, y compris tous les messages, les achats et le stockage cloud &#8211; il est rare que vous souhaitiez le m\u00e9langer. <\/p>\n<div class=\"pogoClear relative my-10 border-b-(1.5px) border-t-(1.5px) border-dashed border-black py-5 sm:my-14 sm:border-0 sm:py-0\" data-ga-click data-ga-template=\"Opinions\" data-ga-module=\"openweb_widget\" data-ga-element=\"openweb_scroll\" data-ga-item=\"openweb_scroll_midpage\" x-data=\"{\n         commentsCount: null,\n         hasComments: false,\n         async fetchCommentsCount() {\n             try {\n                 if (window.openweb &amp;&amp; typeof window.openweb.getMessagesCount === 'function') {\n                     this.commentsCount = await window.openweb.getMessagesCount('01JWHCH93S8BQBHABPR9KR5N37');\n                     this.hasComments = this.commentsCount !== null &amp;&amp; this.commentsCount &gt; 0;\n                 }\n             } catch (e) {\n                 console.warn('Failed to fetch comment count:', e);\n             }\n         }\n     }\" x-init=\"fetchCommentsCount()\" x-cloak><\/p>\n<div class=\"absolute top-1\/2 hidden w-full -translate-y-1\/2 border-t-(1.5px) border-dashed border-black sm:block\"><\/div>\n<div class=\"relative flex justify-center\">\n<div class=\"flex max-w-fit items-center gap-x-3 bg-white px-5\">\n<div class=\"relative\">\n                <span class=\"absolute left-1\/2 top-1\/2 -translate-x-1\/2 -translate-y-1\/2 font-akshar text-sm font-medium text-black\" aria-live=\"polite\" x-show=\"hasComments\" x-text=\"commentsCount\"><\/span><\/p>\n<p>                <svg class=\"h-8 w-8 text-black\" role=\"img\" aria-hidden=\"true\">\n                    <use href=\"http:\/\/lifehacker.com\/images\/icons\/spritemap.svg#sprite-chat-bubble\"><\/use>\n                <\/svg>\n            <\/div>\n<p>            <span class=\"text-sm font-medium text-black\"><\/p>\n<p>                Que pensez-vous jusqu&rsquo;\u00e0 pr\u00e9sent?<br \/>\n                <button class=\"ml-1 font-semibold text-brand-green underline hover:text-brand-green-700\" type=\"button\" aria-label=\"Comment section trigger\" onclick=\"window.openweb.scrollToComments('01JWHCH93S8BQBHABPR9KR5N37')\" x-text=\"hasComments ? 'Post a comment.' : 'Be the first to post a comment.'\"><\/button><br \/>\n            <\/span>\n        <\/div>\n<\/p><\/div>\n<\/div>\n<p>C&rsquo;est moi \u00e0 un T: Autant que je respecte Android, je suis coinc\u00e9 dans l&rsquo;\u00e9cosyst\u00e8me Apple et, en tant que tel, ne consid\u00e9rez vraiment qu&rsquo;un nouvel iPhone quand vient le temps de mettre \u00e0 niveau. Presque chaque personne de mon cercle imm\u00e9diat est de la m\u00eame mani\u00e8re. Les fans de Samsung que je connais respectent \u00e9galement le motif, juste avec la derni\u00e8re galaxie. La d\u00e9cision pour moi n&rsquo;est jamais de ne jamais acheter un iPhone ou une galaxie: c&rsquo;est l&rsquo;achat du pro ou du pro max. <\/p>\n<h2 id=\"ai-enthusiasm-isnt-strong-enough-to-drive-smartphone-sales\">L&rsquo;enthousiasme de l&rsquo;IA n&rsquo;est pas assez fort pour g\u00e9n\u00e9rer des ventes de smartphones<\/h2>\n<p>L&rsquo;IA est sans aucun doute <em>le<\/em> tendance de la technologie en ce moment, et les gens <em>sont<\/em> l&rsquo;utiliser. Mais je ne pense pas que beaucoup le consid\u00e8rent lors de l&rsquo;achat de leurs appareils, en particulier les smartphones. Je pense que les gens ach\u00e8tent le t\u00e9l\u00e9phone qu&rsquo;ils aiment, puis le configurent apr\u00e8s le fait d&rsquo;acc\u00e9der \u00e0 leurs outils d&rsquo;IA. Enfer, Apple a int\u00e9gr\u00e9 le chatpt dans mon iPhone, et j&rsquo;ai toujours l&rsquo;application Chatgpt. Les fonctionnalit\u00e9s de l&rsquo;IA peuvent \u00eatre utiles &#8211; il est formidable qu&rsquo;Apple ait sa propre version de Magic Eraser maintenant &#8211; mais les fonctionnalit\u00e9s de l&rsquo;IA ne sont pas suffisantes pour influencer les clients en masse. Si Openai faisait un smartphone, l&rsquo;acheteriez-vous? Je suppose probablement pas. <\/p>\n<p>Si le train d&rsquo;IA continue, les gens vont peut-\u00eatre commencer \u00e0 acheter les t\u00e9l\u00e9phones et les appareils qui int\u00e8grent le mieux les outils d&rsquo;IA hors de la bo\u00eete. Android est bien en avance sur Apple sur ce front &#8211; regardez simplement Google en rempla\u00e7ant son assistant par des G\u00e9meaux &#8211; nous verrons peut-\u00eatre donc les t\u00e9l\u00e9phones Galaxy prendre plus d&rsquo;avance dans les ventes mondiales dans les trimestres futurs, ou m\u00eame une apparition d&rsquo;un pixel ou deux. Ou, peut-\u00eatre que les gens t\u00e9l\u00e9chargent bien les applications dont ils ont besoin pour obtenir leur correction de l&rsquo;IA et laissent d&rsquo;autres facteurs en jeu lors du choix d&rsquo;un t\u00e9l\u00e9phone \u00e0 acheter.<\/p>\n<p>Je ne peux pas pr\u00e9dire l&rsquo;avenir; Je ne peux noter que ce que je vois dans le pr\u00e9sent. Et, en ce moment, je vois deux choses \u00e0 la fois &#8211; je vois beaucoup de gens parler de Chatgpt, et je vois beaucoup de gens acheter et utiliser des iPhones. En dehors de mes cercles de nouvelles technologiques, je n&rsquo;ai pas entendu un coup d&rsquo;\u0153il sur les difficult\u00e9s d&rsquo;Apple dans la course de l&rsquo;IA.<\/p>\n","protected":false},"excerpt":{"rendered":"<p>Les gens ne semblent pas beaucoup se soucier de l&rsquo;IA sur leurs t\u00e9l\u00e9phones. Si vous \u00eates enracin\u00e9 dans les nouvelles technologiques, on pourrait penser qu&rsquo;Apple<\/p>\n","protected":false},"author":1,"featured_media":7882,"comment_status":"","ping_status":"","sticky":false,"template":"","format":"standard","meta":{"footnotes":""},"categories":[13],"tags":[29,155,7239,1110,81,3407],"class_list":["post-7881","post","type-post","status-publish","format-standard","has-post-thumbnail","hentry","category-technologie","tag-des","tag-lia","tag-nachete","tag-personne","tag-pour","tag-telephones","generate-columns","tablet-grid-50","mobile-grid-100","grid-parent","grid-33"],"yoast_head":"<!-- This site is optimized with the Yoast SEO plugin v24.0 - https:\/\/yoast.com\/wordpress\/plugins\/seo\/ -->\n<title>Personne n&#039;ach\u00e8te des t\u00e9l\u00e9phones pour l&#039;IA | Vie Associative<\/title>\n<meta name=\"robots\" content=\"index, follow, max-snippet:-1, max-image-preview:large, max-video-preview:-1\" \/>\n<link rel=\"canonical\" href=\"https:\/\/vieassociative.be\/actualites\/personne-nachete-des-telephones-pour-lia\/\" \/>\n<meta property=\"og:locale\" content=\"fr_FR\" \/>\n<meta property=\"og:type\" content=\"article\" \/>\n<meta property=\"og:title\" content=\"Personne n&#039;ach\u00e8te des t\u00e9l\u00e9phones pour l&#039;IA | Vie Associative\" \/>\n<meta property=\"og:description\" content=\"Les gens ne semblent pas beaucoup se soucier de l&rsquo;IA sur leurs t\u00e9l\u00e9phones. Si vous \u00eates enracin\u00e9 dans les nouvelles technologiques, on pourrait penser qu&rsquo;Apple\" \/>\n<meta property=\"og:url\" content=\"https:\/\/vieassociative.be\/actualites\/personne-nachete-des-telephones-pour-lia\/\" \/>\n<meta property=\"og:site_name\" content=\"Vie Associative\" \/>\n<meta property=\"article:published_time\" content=\"2025-05-31T01:19:40+00:00\" \/>\n<meta property=\"og:image\" content=\"https:\/\/vieassociative.be\/actualites\/wp-content\/uploads\/2024\/09\/header_backgroundk-01-e1726694325946.png\" \/>\n\t<meta property=\"og:image:width\" content=\"279\" \/>\n\t<meta property=\"og:image:height\" content=\"92\" \/>\n\t<meta property=\"og:image:type\" content=\"image\/png\" \/>\n<meta name=\"author\" content=\"Julien\" \/>\n<meta name=\"twitter:card\" content=\"summary_large_image\" \/>\n<meta name=\"twitter:label1\" content=\"\u00c9crit par\" \/>\n\t<meta name=\"twitter:data1\" content=\"Julien\" \/>\n\t<meta name=\"twitter:label2\" content=\"Dur\u00e9e de lecture est.\" \/>\n\t<meta name=\"twitter:data2\" content=\"6 minutes\" \/>\n<script type=\"application\/ld+json\" class=\"yoast-schema-graph\">{\"@context\":\"https:\/\/schema.org\",\"@graph\":[{\"@type\":\"Article\",\"@id\":\"https:\/\/vieassociative.be\/actualites\/personne-nachete-des-telephones-pour-lia\/#article\",\"isPartOf\":{\"@id\":\"https:\/\/vieassociative.be\/actualites\/personne-nachete-des-telephones-pour-lia\/\"},\"author\":{\"name\":\"Julien\",\"@id\":\"https:\/\/vieassociative.be\/actualites\/#\/schema\/person\/b87ac4f82f9d4e7b7cec7395b679edc4\"},\"headline\":\"Personne n&rsquo;ach\u00e8te des t\u00e9l\u00e9phones pour l&rsquo;IA\",\"datePublished\":\"2025-05-31T01:19:40+00:00\",\"dateModified\":\"2025-05-31T01:19:40+00:00\",\"mainEntityOfPage\":{\"@id\":\"https:\/\/vieassociative.be\/actualites\/personne-nachete-des-telephones-pour-lia\/\"},\"wordCount\":1334,\"publisher\":{\"@id\":\"https:\/\/vieassociative.be\/actualites\/#organization\"},\"image\":{\"@id\":\"https:\/\/vieassociative.be\/actualites\/personne-nachete-des-telephones-pour-lia\/#primaryimage\"},\"thumbnailUrl\":\"https:\/\/vieassociative.be\/actualites\/wp-content\/uploads\/2025\/05\/Personne-nachete-des-telephones-pour-lIA.png\",\"keywords\":[\"Des\",\"lIA\",\"nach\u00e8te\",\"personne\",\"pour\",\"t\u00e9l\u00e9phones\"],\"articleSection\":[\"Technologie\"],\"inLanguage\":\"fr-BE\"},{\"@type\":\"WebPage\",\"@id\":\"https:\/\/vieassociative.be\/actualites\/personne-nachete-des-telephones-pour-lia\/\",\"url\":\"https:\/\/vieassociative.be\/actualites\/personne-nachete-des-telephones-pour-lia\/\",\"name\":\"Personne n'ach\u00e8te des t\u00e9l\u00e9phones pour l'IA | Vie Associative\",\"isPartOf\":{\"@id\":\"https:\/\/vieassociative.be\/actualites\/#website\"},\"primaryImageOfPage\":{\"@id\":\"https:\/\/vieassociative.be\/actualites\/personne-nachete-des-telephones-pour-lia\/#primaryimage\"},\"image\":{\"@id\":\"https:\/\/vieassociative.be\/actualites\/personne-nachete-des-telephones-pour-lia\/#primaryimage\"},\"thumbnailUrl\":\"https:\/\/vieassociative.be\/actualites\/wp-content\/uploads\/2025\/05\/Personne-nachete-des-telephones-pour-lIA.png\",\"datePublished\":\"2025-05-31T01:19:40+00:00\",\"dateModified\":\"2025-05-31T01:19:40+00:00\",\"breadcrumb\":{\"@id\":\"https:\/\/vieassociative.be\/actualites\/personne-nachete-des-telephones-pour-lia\/#breadcrumb\"},\"inLanguage\":\"fr-BE\",\"potentialAction\":[{\"@type\":\"ReadAction\",\"target\":[\"https:\/\/vieassociative.be\/actualites\/personne-nachete-des-telephones-pour-lia\/\"]}]},{\"@type\":\"ImageObject\",\"inLanguage\":\"fr-BE\",\"@id\":\"https:\/\/vieassociative.be\/actualites\/personne-nachete-des-telephones-pour-lia\/#primaryimage\",\"url\":\"https:\/\/vieassociative.be\/actualites\/wp-content\/uploads\/2025\/05\/Personne-nachete-des-telephones-pour-lIA.png\",\"contentUrl\":\"https:\/\/vieassociative.be\/actualites\/wp-content\/uploads\/2025\/05\/Personne-nachete-des-telephones-pour-lIA.png\",\"width\":1200,\"height\":675,\"caption\":\"Personne n'ach\u00e8te des t\u00e9l\u00e9phones pour l'IA\"},{\"@type\":\"BreadcrumbList\",\"@id\":\"https:\/\/vieassociative.be\/actualites\/personne-nachete-des-telephones-pour-lia\/#breadcrumb\",\"itemListElement\":[{\"@type\":\"ListItem\",\"position\":1,\"name\":\"Accueil\",\"item\":\"https:\/\/vieassociative.be\/actualites\/\"},{\"@type\":\"ListItem\",\"position\":2,\"name\":\"Personne n&rsquo;ach\u00e8te des t\u00e9l\u00e9phones pour l&rsquo;IA\"}]},{\"@type\":\"WebSite\",\"@id\":\"https:\/\/vieassociative.be\/actualites\/#website\",\"url\":\"https:\/\/vieassociative.be\/actualites\/\",\"name\":\"Vie Associative\",\"description\":\"\",\"publisher\":{\"@id\":\"https:\/\/vieassociative.be\/actualites\/#organization\"},\"potentialAction\":[{\"@type\":\"SearchAction\",\"target\":{\"@type\":\"EntryPoint\",\"urlTemplate\":\"https:\/\/vieassociative.be\/actualites\/?s={search_term_string}\"},\"query-input\":{\"@type\":\"PropertyValueSpecification\",\"valueRequired\":true,\"valueName\":\"search_term_string\"}}],\"inLanguage\":\"fr-BE\"},{\"@type\":\"Organization\",\"@id\":\"https:\/\/vieassociative.be\/actualites\/#organization\",\"name\":\"Vie Associative\",\"url\":\"https:\/\/vieassociative.be\/actualites\/\",\"logo\":{\"@type\":\"ImageObject\",\"inLanguage\":\"fr-BE\",\"@id\":\"https:\/\/vieassociative.be\/actualites\/#\/schema\/logo\/image\/\",\"url\":\"https:\/\/vieassociative.be\/actualites\/wp-content\/uploads\/2024\/09\/cropped-vieassociative_favicon.ico.png\",\"contentUrl\":\"https:\/\/vieassociative.be\/actualites\/wp-content\/uploads\/2024\/09\/cropped-vieassociative_favicon.ico.png\",\"width\":512,\"height\":512,\"caption\":\"Vie Associative\"},\"image\":{\"@id\":\"https:\/\/vieassociative.be\/actualites\/#\/schema\/logo\/image\/\"}},{\"@type\":\"Person\",\"@id\":\"https:\/\/vieassociative.be\/actualites\/#\/schema\/person\/b87ac4f82f9d4e7b7cec7395b679edc4\",\"name\":\"Julien\",\"image\":{\"@type\":\"ImageObject\",\"inLanguage\":\"fr-BE\",\"@id\":\"https:\/\/vieassociative.be\/actualites\/#\/schema\/person\/image\/\",\"url\":\"https:\/\/vieassociative.be\/actualites\/wp-content\/uploads\/2024\/09\/vie-associative-1-150x150.jpg\",\"contentUrl\":\"https:\/\/vieassociative.be\/actualites\/wp-content\/uploads\/2024\/09\/vie-associative-1-150x150.jpg\",\"caption\":\"Julien\"},\"description\":\"Je suis Julien, r\u00e9dacteur pour Vie Associative. Passionn\u00e9 par le monde associatif depuis plus de 10 ans, j'ai \u00e0 c\u0153ur de partager des histoires inspirantes et de mettre en lumi\u00e8re les initiatives locales. Mon objectif est de sensibiliser et d'encourager l'engagement communautaire \u00e0 travers mes articles.\",\"sameAs\":[\"https:\/\/vieassociative.be\/\"]}]}<\/script>\n<!-- \/ Yoast SEO plugin. -->","yoast_head_json":{"title":"Personne n'ach\u00e8te des t\u00e9l\u00e9phones pour l'IA | Vie Associative","robots":{"index":"index","follow":"follow","max-snippet":"max-snippet:-1","max-image-preview":"max-image-preview:large","max-video-preview":"max-video-preview:-1"},"canonical":"https:\/\/vieassociative.be\/actualites\/personne-nachete-des-telephones-pour-lia\/","og_locale":"fr_FR","og_type":"article","og_title":"Personne n'ach\u00e8te des t\u00e9l\u00e9phones pour l'IA | Vie Associative","og_description":"Les gens ne semblent pas beaucoup se soucier de l&rsquo;IA sur leurs t\u00e9l\u00e9phones. Si vous \u00eates enracin\u00e9 dans les nouvelles technologiques, on pourrait penser qu&rsquo;Apple","og_url":"https:\/\/vieassociative.be\/actualites\/personne-nachete-des-telephones-pour-lia\/","og_site_name":"Vie Associative","article_published_time":"2025-05-31T01:19:40+00:00","og_image":[{"width":279,"height":92,"url":"https:\/\/vieassociative.be\/actualites\/wp-content\/uploads\/2024\/09\/header_backgroundk-01-e1726694325946.png","type":"image\/png"}],"author":"Julien","twitter_card":"summary_large_image","twitter_misc":{"\u00c9crit par":"Julien","Dur\u00e9e de lecture est.":"6 minutes"},"schema":{"@context":"https:\/\/schema.org","@graph":[{"@type":"Article","@id":"https:\/\/vieassociative.be\/actualites\/personne-nachete-des-telephones-pour-lia\/#article","isPartOf":{"@id":"https:\/\/vieassociative.be\/actualites\/personne-nachete-des-telephones-pour-lia\/"},"author":{"name":"Julien","@id":"https:\/\/vieassociative.be\/actualites\/#\/schema\/person\/b87ac4f82f9d4e7b7cec7395b679edc4"},"headline":"Personne n&rsquo;ach\u00e8te des t\u00e9l\u00e9phones pour l&rsquo;IA","datePublished":"2025-05-31T01:19:40+00:00","dateModified":"2025-05-31T01:19:40+00:00","mainEntityOfPage":{"@id":"https:\/\/vieassociative.be\/actualites\/personne-nachete-des-telephones-pour-lia\/"},"wordCount":1334,"publisher":{"@id":"https:\/\/vieassociative.be\/actualites\/#organization"},"image":{"@id":"https:\/\/vieassociative.be\/actualites\/personne-nachete-des-telephones-pour-lia\/#primaryimage"},"thumbnailUrl":"https:\/\/vieassociative.be\/actualites\/wp-content\/uploads\/2025\/05\/Personne-nachete-des-telephones-pour-lIA.png","keywords":["Des","lIA","nach\u00e8te","personne","pour","t\u00e9l\u00e9phones"],"articleSection":["Technologie"],"inLanguage":"fr-BE"},{"@type":"WebPage","@id":"https:\/\/vieassociative.be\/actualites\/personne-nachete-des-telephones-pour-lia\/","url":"https:\/\/vieassociative.be\/actualites\/personne-nachete-des-telephones-pour-lia\/","name":"Personne n'ach\u00e8te des t\u00e9l\u00e9phones pour l'IA | Vie Associative","isPartOf":{"@id":"https:\/\/vieassociative.be\/actualites\/#website"},"primaryImageOfPage":{"@id":"https:\/\/vieassociative.be\/actualites\/personne-nachete-des-telephones-pour-lia\/#primaryimage"},"image":{"@id":"https:\/\/vieassociative.be\/actualites\/personne-nachete-des-telephones-pour-lia\/#primaryimage"},"thumbnailUrl":"https:\/\/vieassociative.be\/actualites\/wp-content\/uploads\/2025\/05\/Personne-nachete-des-telephones-pour-lIA.png","datePublished":"2025-05-31T01:19:40+00:00","dateModified":"2025-05-31T01:19:40+00:00","breadcrumb":{"@id":"https:\/\/vieassociative.be\/actualites\/personne-nachete-des-telephones-pour-lia\/#breadcrumb"},"inLanguage":"fr-BE","potentialAction":[{"@type":"ReadAction","target":["https:\/\/vieassociative.be\/actualites\/personne-nachete-des-telephones-pour-lia\/"]}]},{"@type":"ImageObject","inLanguage":"fr-BE","@id":"https:\/\/vieassociative.be\/actualites\/personne-nachete-des-telephones-pour-lia\/#primaryimage","url":"https:\/\/vieassociative.be\/actualites\/wp-content\/uploads\/2025\/05\/Personne-nachete-des-telephones-pour-lIA.png","contentUrl":"https:\/\/vieassociative.be\/actualites\/wp-content\/uploads\/2025\/05\/Personne-nachete-des-telephones-pour-lIA.png","width":1200,"height":675,"caption":"Personne n'ach\u00e8te des t\u00e9l\u00e9phones pour l'IA"},{"@type":"BreadcrumbList","@id":"https:\/\/vieassociative.be\/actualites\/personne-nachete-des-telephones-pour-lia\/#breadcrumb","itemListElement":[{"@type":"ListItem","position":1,"name":"Accueil","item":"https:\/\/vieassociative.be\/actualites\/"},{"@type":"ListItem","position":2,"name":"Personne n&rsquo;ach\u00e8te des t\u00e9l\u00e9phones pour l&rsquo;IA"}]},{"@type":"WebSite","@id":"https:\/\/vieassociative.be\/actualites\/#website","url":"https:\/\/vieassociative.be\/actualites\/","name":"Vie Associative","description":"","publisher":{"@id":"https:\/\/vieassociative.be\/actualites\/#organization"},"potentialAction":[{"@type":"SearchAction","target":{"@type":"EntryPoint","urlTemplate":"https:\/\/vieassociative.be\/actualites\/?s={search_term_string}"},"query-input":{"@type":"PropertyValueSpecification","valueRequired":true,"valueName":"search_term_string"}}],"inLanguage":"fr-BE"},{"@type":"Organization","@id":"https:\/\/vieassociative.be\/actualites\/#organization","name":"Vie Associative","url":"https:\/\/vieassociative.be\/actualites\/","logo":{"@type":"ImageObject","inLanguage":"fr-BE","@id":"https:\/\/vieassociative.be\/actualites\/#\/schema\/logo\/image\/","url":"https:\/\/vieassociative.be\/actualites\/wp-content\/uploads\/2024\/09\/cropped-vieassociative_favicon.ico.png","contentUrl":"https:\/\/vieassociative.be\/actualites\/wp-content\/uploads\/2024\/09\/cropped-vieassociative_favicon.ico.png","width":512,"height":512,"caption":"Vie Associative"},"image":{"@id":"https:\/\/vieassociative.be\/actualites\/#\/schema\/logo\/image\/"}},{"@type":"Person","@id":"https:\/\/vieassociative.be\/actualites\/#\/schema\/person\/b87ac4f82f9d4e7b7cec7395b679edc4","name":"Julien","image":{"@type":"ImageObject","inLanguage":"fr-BE","@id":"https:\/\/vieassociative.be\/actualites\/#\/schema\/person\/image\/","url":"https:\/\/vieassociative.be\/actualites\/wp-content\/uploads\/2024\/09\/vie-associative-1-150x150.jpg","contentUrl":"https:\/\/vieassociative.be\/actualites\/wp-content\/uploads\/2024\/09\/vie-associative-1-150x150.jpg","caption":"Julien"},"description":"Je suis Julien, r\u00e9dacteur pour Vie Associative. Passionn\u00e9 par le monde associatif depuis plus de 10 ans, j'ai \u00e0 c\u0153ur de partager des histoires inspirantes et de mettre en lumi\u00e8re les initiatives locales. Mon objectif est de sensibiliser et d'encourager l'engagement communautaire \u00e0 travers mes articles.","sameAs":["https:\/\/vieassociative.be\/"]}]}},"_links":{"self":[{"href":"https:\/\/vieassociative.be\/actualites\/wp-json\/wp\/v2\/posts\/7881"}],"collection":[{"href":"https:\/\/vieassociative.be\/actualites\/wp-json\/wp\/v2\/posts"}],"about":[{"href":"https:\/\/vieassociative.be\/actualites\/wp-json\/wp\/v2\/types\/post"}],"author":[{"embeddable":true,"href":"https:\/\/vieassociative.be\/actualites\/wp-json\/wp\/v2\/users\/1"}],"replies":[{"embeddable":true,"href":"https:\/\/vieassociative.be\/actualites\/wp-json\/wp\/v2\/comments?post=7881"}],"version-history":[{"count":0,"href":"https:\/\/vieassociative.be\/actualites\/wp-json\/wp\/v2\/posts\/7881\/revisions"}],"wp:featuredmedia":[{"embeddable":true,"href":"https:\/\/vieassociative.be\/actualites\/wp-json\/wp\/v2\/media\/7882"}],"wp:attachment":[{"href":"https:\/\/vieassociative.be\/actualites\/wp-json\/wp\/v2\/media?parent=7881"}],"wp:term":[{"taxonomy":"category","embeddable":true,"href":"https:\/\/vieassociative.be\/actualites\/wp-json\/wp\/v2\/categories?post=7881"},{"taxonomy":"post_tag","embeddable":true,"href":"https:\/\/vieassociative.be\/actualites\/wp-json\/wp\/v2\/tags?post=7881"}],"curies":[{"name":"wp","href":"https:\/\/api.w.org\/{rel}","templated":true}]}}