{"id":7877,"date":"2025-05-30T22:17:40","date_gmt":"2025-05-30T20:17:40","guid":{"rendered":"https:\/\/vieassociative.be\/actualites\/gerry-weber-ferme-toutes-les-marques-de-ses-magasins-vendues\/"},"modified":"2025-05-30T22:17:40","modified_gmt":"2025-05-30T20:17:40","slug":"gerry-weber-ferme-toutes-les-marques-de-ses-magasins-vendues","status":"publish","type":"post","link":"https:\/\/vieassociative.be\/actualites\/gerry-weber-ferme-toutes-les-marques-de-ses-magasins-vendues\/","title":{"rendered":"Gerry Weber ferme toutes les marques de ses magasins vendues"},"content":{"rendered":"<p><strong>Les affaires de Gerry Weber faisaient partie int\u00e9grante des centres allemands. Mais l&rsquo;entreprise a \u00e9t\u00e9 sous pression, pas \u00e0 pas qu&rsquo;elle s&rsquo;est retir\u00e9e. Maintenant, cela vient de &#8211; non?<\/strong><\/p>\n<p><span id=\"more-416723\"><\/span>Le fabricant de mode insolvable Gerry Weber ferme tous ses magasins en Allemagne. La soci\u00e9t\u00e9 a annonc\u00e9 dans le Westphalian Halle que le comit\u00e9 pr\u00e9liminaire des cr\u00e9anciers avait approuv\u00e9 le concept de prise de contr\u00f4le de la soci\u00e9t\u00e9 de mode espagnole Victrrix. L&rsquo;administrateur pr\u00e9liminaire Lucas Fl\u00f6ther est \u00e9galement d&rsquo;accord.<\/p>\n<p>Selon les informations, l&rsquo;entreprise familiale espagnole reprend la marque Gerry Weber. Le quartier g\u00e9n\u00e9ral de la Westphalian Halle avec environ 280 employ\u00e9s est abandonn\u00e9 ainsi que les succursales allemandes, dans lesquelles environ 280 employ\u00e9s travaillent \u00e9galement.<\/p>\n<p>Jusqu&rsquo;\u00e0 pr\u00e9sent, l&rsquo;entreprise compte 400 autres employ\u00e9s \u00e0 l&rsquo;\u00e9tranger, par exemple en Autriche. La boutique en ligne est d\u00e9j\u00e0 ferm\u00e9e, m\u00eame si elle recommencera est la responsabilit\u00e9 du nouveau propri\u00e9taire. Apr\u00e8s l&rsquo;ouverture de la proc\u00e9dure de faillite d\u00e9but juin &#8211; jusqu&rsquo;\u00e0 pr\u00e9sent, ce n&rsquo;est qu&rsquo;\u00e0 un stade pr\u00e9liminaire &#8211; les employ\u00e9s devraient \u00eatre licenci\u00e9s.<\/p>\n<\/p>\n<div id=\"attachment_416725\" class=\"wp-caption alignleft\" style=\"max-width: 300px\"><img fetchpriority=\"high\" decoding=\"async\" class=\"wp-image-416725 size-medium\" src=\"https:\/\/vieassociative.be\/actualites\/wp-content\/uploads\/2025\/05\/Gerry-Weber-ferme-toutes-les-marques-de-ses-magasins-vendues.jpg\" alt=\"\" width=\"300\" height=\"200\"  ><\/p>\n<p class=\"wp-caption-text\">30.05.2025, Rhin-Westphalie du Nord, Halle: vue sur les locaux de la soci\u00e9t\u00e9 de Gerry Weber International AG. La soci\u00e9t\u00e9 est insolvable, elle relie toutes ses succursales et propose les biens restants \u00e0 forte r\u00e9duction de prix. Photo: Friso Gentsch \/ DPA<\/p>\n<\/div>\n<p>Les proc\u00e9dures d&rsquo;insolvabilit\u00e9 se d\u00e9roulent s\u00e9par\u00e9ment \u00e0 la soci\u00e9t\u00e9 m\u00e8re allemande. Les Pays-Bas occupent un r\u00f4le sp\u00e9cial dans le r\u00e9alignement. Gerry Weber y avait d\u00e9j\u00e0 ferm\u00e9 ses emplacements. L\u00e0, il a \u00e9t\u00e9 r\u00e9cemment convenu qu&rsquo;une entreprise partenaire de Victrix ouvrira bient\u00f4t au moins huit magasins et qu&rsquo;au moins 30 emplois seront pr\u00e9serv\u00e9s. Les magasins sont susceptibles de manquer une couche de peinture diff\u00e9rente de celle auparavant. Les acheteurs espagnols mettent l&rsquo;accent sur un fort potentiel dans la marque.<\/p>\n<p><strong>-Tuil la tentative de r\u00e9novation m\u00e8ne \u00e0 l&rsquo;entreprise-off:<\/strong> Le groupe est en crise depuis longtemps. Les tentatives de r\u00e9novation en 2019 et 2023 ont \u00e9chou\u00e9, m\u00eame les coupes am\u00e8res n&rsquo;ont pas apport\u00e9 l&rsquo;effet d&rsquo;\u00e9pargne souhait\u00e9. En 2023, il a ferm\u00e9 122 de ses 171 magasins et points de vente en Allemagne et a caress\u00e9 environ 450 emplois. Mais ce rem\u00e8de radical sur le r\u00e9tr\u00e9cissement s&rsquo;est \u00e9loign\u00e9.<\/p>\n<p>Maintenant, le freinage complet a lieu et seule la marque devrait passer \u00e0 l&rsquo;avenir. Les Espagnols dessinent \u00e9galement la production elle-m\u00eame. Le fabricant de mode Gerry Weber, en revanche, qui a d\u00e9j\u00e0 donn\u00e9 un tournoi de tennis bien connu dans le Westphalian Halle en tant que sponsor, dispara\u00eet.<\/p>\n<p>Combien l&rsquo;entreprise familiale de Matar\u00f3 pr\u00e8s de Barcelone paie pour la marque de mode f\u00e9minine n&rsquo;est pas connue. Il a \u00e9t\u00e9 convenu de divulguer les d\u00e9tails \u00e9conomiques de l&rsquo;accord, a-t-il d\u00e9clar\u00e9.<\/p>\n<p><strong>&#8211; L&rsquo;industrie de la mode est sous pression:<\/strong> L&rsquo;industrie de la mode conna\u00eet des moments difficiles. Plus r\u00e9cemment, des soci\u00e9t\u00e9s bien connues telles que la cha\u00eene de magasins Galeria ainsi que les d\u00e9taillants de mode Esprit et Sinn Insolvabilit\u00e9 ont \u00e9t\u00e9 enregistr\u00e9es. Les entreprises cr\u00e9ent que de nombreux clients sont plus \u00e9conomiques \u00e9tant donn\u00e9 la faiblesse de l&rsquo;\u00e9conomie. Dans le m\u00eame temps, les co\u00fbts d&rsquo;\u00e9nergie, de loyer et de salaires ont consid\u00e9rablement augment\u00e9. La situation est particuli\u00e8rement difficile dans le commerce des textiles et de la mode pour patients hospitalis\u00e9s, qui a subi des pertes \u00e9lev\u00e9es pendant la pand\u00e9mie. Ensuite, l&rsquo;entreprise a de nouveau acc\u00e9l\u00e9r\u00e9 la vitesse, mais jusqu&rsquo;\u00e0 pr\u00e9sent, vous n&rsquo;avez pas \u00e9t\u00e9 en mesure de construire au niveau pr\u00e9c\u00e9dent. (DPA)<\/p>\n","protected":false},"excerpt":{"rendered":"<p>Les affaires de Gerry Weber faisaient partie int\u00e9grante des centres allemands. Mais l&rsquo;entreprise a \u00e9t\u00e9 sous pression, pas \u00e0 pas qu&rsquo;elle s&rsquo;est retir\u00e9e. Maintenant, cela<\/p>\n","protected":false},"author":1,"featured_media":7878,"comment_status":"","ping_status":"","sticky":false,"template":"","format":"standard","meta":{"footnotes":""},"categories":[298],"tags":[5825,7233,14,416,3981,1055,62,7235,7234],"class_list":["post-7877","post","type-post","status-publish","format-standard","has-post-thumbnail","hentry","category-belgique","tag-ferme","tag-gerry","tag-les","tag-magasins","tag-marques","tag-ses","tag-toutes","tag-vendues","tag-weber","generate-columns","tablet-grid-50","mobile-grid-100","grid-parent","grid-33"],"yoast_head":"<!-- This site is optimized with the Yoast SEO plugin v24.0 - https:\/\/yoast.com\/wordpress\/plugins\/seo\/ -->\n<title>Gerry Weber ferme toutes les marques de ses magasins vendues | Vie Associative<\/title>\n<meta name=\"robots\" content=\"index, follow, max-snippet:-1, max-image-preview:large, max-video-preview:-1\" \/>\n<link rel=\"canonical\" href=\"https:\/\/vieassociative.be\/actualites\/gerry-weber-ferme-toutes-les-marques-de-ses-magasins-vendues\/\" \/>\n<meta property=\"og:locale\" content=\"fr_FR\" \/>\n<meta property=\"og:type\" content=\"article\" \/>\n<meta property=\"og:title\" content=\"Gerry Weber ferme toutes les marques de ses magasins vendues | Vie Associative\" \/>\n<meta property=\"og:description\" content=\"Les affaires de Gerry Weber faisaient partie int\u00e9grante des centres allemands. Mais l&rsquo;entreprise a \u00e9t\u00e9 sous pression, pas \u00e0 pas qu&rsquo;elle s&rsquo;est retir\u00e9e. Maintenant, cela\" \/>\n<meta property=\"og:url\" content=\"https:\/\/vieassociative.be\/actualites\/gerry-weber-ferme-toutes-les-marques-de-ses-magasins-vendues\/\" \/>\n<meta property=\"og:site_name\" content=\"Vie Associative\" \/>\n<meta property=\"article:published_time\" content=\"2025-05-30T20:17:40+00:00\" \/>\n<meta property=\"og:image\" content=\"https:\/\/vieassociative.be\/actualites\/wp-content\/uploads\/2024\/09\/header_backgroundk-01-e1726694325946.png\" \/>\n\t<meta property=\"og:image:width\" content=\"279\" \/>\n\t<meta property=\"og:image:height\" content=\"92\" \/>\n\t<meta property=\"og:image:type\" content=\"image\/png\" \/>\n<meta name=\"author\" content=\"Julien\" \/>\n<meta name=\"twitter:card\" content=\"summary_large_image\" \/>\n<meta name=\"twitter:label1\" content=\"\u00c9crit par\" \/>\n\t<meta name=\"twitter:data1\" content=\"Julien\" \/>\n\t<meta name=\"twitter:label2\" content=\"Dur\u00e9e de lecture est.\" \/>\n\t<meta name=\"twitter:data2\" content=\"3 minutes\" \/>\n<script type=\"application\/ld+json\" class=\"yoast-schema-graph\">{\"@context\":\"https:\/\/schema.org\",\"@graph\":[{\"@type\":\"Article\",\"@id\":\"https:\/\/vieassociative.be\/actualites\/gerry-weber-ferme-toutes-les-marques-de-ses-magasins-vendues\/#article\",\"isPartOf\":{\"@id\":\"https:\/\/vieassociative.be\/actualites\/gerry-weber-ferme-toutes-les-marques-de-ses-magasins-vendues\/\"},\"author\":{\"name\":\"Julien\",\"@id\":\"https:\/\/vieassociative.be\/actualites\/#\/schema\/person\/b87ac4f82f9d4e7b7cec7395b679edc4\"},\"headline\":\"Gerry Weber ferme toutes les marques de ses magasins vendues\",\"datePublished\":\"2025-05-30T20:17:40+00:00\",\"dateModified\":\"2025-05-30T20:17:40+00:00\",\"mainEntityOfPage\":{\"@id\":\"https:\/\/vieassociative.be\/actualites\/gerry-weber-ferme-toutes-les-marques-de-ses-magasins-vendues\/\"},\"wordCount\":654,\"publisher\":{\"@id\":\"https:\/\/vieassociative.be\/actualites\/#organization\"},\"image\":{\"@id\":\"https:\/\/vieassociative.be\/actualites\/gerry-weber-ferme-toutes-les-marques-de-ses-magasins-vendues\/#primaryimage\"},\"thumbnailUrl\":\"https:\/\/vieassociative.be\/actualites\/wp-content\/uploads\/2025\/05\/1748636261_Gerry-Weber-ferme-toutes-les-marques-de-ses-magasins-vendues.jpg\",\"keywords\":[\"ferm\u00e9\",\"Gerry\",\"Les\",\"magasins\",\"marques\",\"ses\",\"toutes\",\"vendues\",\"Weber\"],\"articleSection\":[\"Belgique\"],\"inLanguage\":\"fr-BE\"},{\"@type\":\"WebPage\",\"@id\":\"https:\/\/vieassociative.be\/actualites\/gerry-weber-ferme-toutes-les-marques-de-ses-magasins-vendues\/\",\"url\":\"https:\/\/vieassociative.be\/actualites\/gerry-weber-ferme-toutes-les-marques-de-ses-magasins-vendues\/\",\"name\":\"Gerry Weber ferme toutes les marques de ses magasins vendues | Vie Associative\",\"isPartOf\":{\"@id\":\"https:\/\/vieassociative.be\/actualites\/#website\"},\"primaryImageOfPage\":{\"@id\":\"https:\/\/vieassociative.be\/actualites\/gerry-weber-ferme-toutes-les-marques-de-ses-magasins-vendues\/#primaryimage\"},\"image\":{\"@id\":\"https:\/\/vieassociative.be\/actualites\/gerry-weber-ferme-toutes-les-marques-de-ses-magasins-vendues\/#primaryimage\"},\"thumbnailUrl\":\"https:\/\/vieassociative.be\/actualites\/wp-content\/uploads\/2025\/05\/1748636261_Gerry-Weber-ferme-toutes-les-marques-de-ses-magasins-vendues.jpg\",\"datePublished\":\"2025-05-30T20:17:40+00:00\",\"dateModified\":\"2025-05-30T20:17:40+00:00\",\"breadcrumb\":{\"@id\":\"https:\/\/vieassociative.be\/actualites\/gerry-weber-ferme-toutes-les-marques-de-ses-magasins-vendues\/#breadcrumb\"},\"inLanguage\":\"fr-BE\",\"potentialAction\":[{\"@type\":\"ReadAction\",\"target\":[\"https:\/\/vieassociative.be\/actualites\/gerry-weber-ferme-toutes-les-marques-de-ses-magasins-vendues\/\"]}]},{\"@type\":\"ImageObject\",\"inLanguage\":\"fr-BE\",\"@id\":\"https:\/\/vieassociative.be\/actualites\/gerry-weber-ferme-toutes-les-marques-de-ses-magasins-vendues\/#primaryimage\",\"url\":\"https:\/\/vieassociative.be\/actualites\/wp-content\/uploads\/2025\/05\/1748636261_Gerry-Weber-ferme-toutes-les-marques-de-ses-magasins-vendues.jpg\",\"contentUrl\":\"https:\/\/vieassociative.be\/actualites\/wp-content\/uploads\/2025\/05\/1748636261_Gerry-Weber-ferme-toutes-les-marques-de-ses-magasins-vendues.jpg\",\"width\":1200,\"height\":800,\"caption\":\"Gerry Weber ferme toutes les marques de ses magasins vendues\"},{\"@type\":\"BreadcrumbList\",\"@id\":\"https:\/\/vieassociative.be\/actualites\/gerry-weber-ferme-toutes-les-marques-de-ses-magasins-vendues\/#breadcrumb\",\"itemListElement\":[{\"@type\":\"ListItem\",\"position\":1,\"name\":\"Accueil\",\"item\":\"https:\/\/vieassociative.be\/actualites\/\"},{\"@type\":\"ListItem\",\"position\":2,\"name\":\"Gerry Weber ferme toutes les marques de ses magasins vendues\"}]},{\"@type\":\"WebSite\",\"@id\":\"https:\/\/vieassociative.be\/actualites\/#website\",\"url\":\"https:\/\/vieassociative.be\/actualites\/\",\"name\":\"Vie Associative\",\"description\":\"\",\"publisher\":{\"@id\":\"https:\/\/vieassociative.be\/actualites\/#organization\"},\"potentialAction\":[{\"@type\":\"SearchAction\",\"target\":{\"@type\":\"EntryPoint\",\"urlTemplate\":\"https:\/\/vieassociative.be\/actualites\/?s={search_term_string}\"},\"query-input\":{\"@type\":\"PropertyValueSpecification\",\"valueRequired\":true,\"valueName\":\"search_term_string\"}}],\"inLanguage\":\"fr-BE\"},{\"@type\":\"Organization\",\"@id\":\"https:\/\/vieassociative.be\/actualites\/#organization\",\"name\":\"Vie Associative\",\"url\":\"https:\/\/vieassociative.be\/actualites\/\",\"logo\":{\"@type\":\"ImageObject\",\"inLanguage\":\"fr-BE\",\"@id\":\"https:\/\/vieassociative.be\/actualites\/#\/schema\/logo\/image\/\",\"url\":\"https:\/\/vieassociative.be\/actualites\/wp-content\/uploads\/2024\/09\/cropped-vieassociative_favicon.ico.png\",\"contentUrl\":\"https:\/\/vieassociative.be\/actualites\/wp-content\/uploads\/2024\/09\/cropped-vieassociative_favicon.ico.png\",\"width\":512,\"height\":512,\"caption\":\"Vie Associative\"},\"image\":{\"@id\":\"https:\/\/vieassociative.be\/actualites\/#\/schema\/logo\/image\/\"}},{\"@type\":\"Person\",\"@id\":\"https:\/\/vieassociative.be\/actualites\/#\/schema\/person\/b87ac4f82f9d4e7b7cec7395b679edc4\",\"name\":\"Julien\",\"image\":{\"@type\":\"ImageObject\",\"inLanguage\":\"fr-BE\",\"@id\":\"https:\/\/vieassociative.be\/actualites\/#\/schema\/person\/image\/\",\"url\":\"https:\/\/vieassociative.be\/actualites\/wp-content\/uploads\/2024\/09\/vie-associative-1-150x150.jpg\",\"contentUrl\":\"https:\/\/vieassociative.be\/actualites\/wp-content\/uploads\/2024\/09\/vie-associative-1-150x150.jpg\",\"caption\":\"Julien\"},\"description\":\"Je suis Julien, r\u00e9dacteur pour Vie Associative. Passionn\u00e9 par le monde associatif depuis plus de 10 ans, j'ai \u00e0 c\u0153ur de partager des histoires inspirantes et de mettre en lumi\u00e8re les initiatives locales. Mon objectif est de sensibiliser et d'encourager l'engagement communautaire \u00e0 travers mes articles.\",\"sameAs\":[\"https:\/\/vieassociative.be\/\"]}]}<\/script>\n<!-- \/ Yoast SEO plugin. -->","yoast_head_json":{"title":"Gerry Weber ferme toutes les marques de ses magasins vendues | Vie Associative","robots":{"index":"index","follow":"follow","max-snippet":"max-snippet:-1","max-image-preview":"max-image-preview:large","max-video-preview":"max-video-preview:-1"},"canonical":"https:\/\/vieassociative.be\/actualites\/gerry-weber-ferme-toutes-les-marques-de-ses-magasins-vendues\/","og_locale":"fr_FR","og_type":"article","og_title":"Gerry Weber ferme toutes les marques de ses magasins vendues | Vie Associative","og_description":"Les affaires de Gerry Weber faisaient partie int\u00e9grante des centres allemands. Mais l&rsquo;entreprise a \u00e9t\u00e9 sous pression, pas \u00e0 pas qu&rsquo;elle s&rsquo;est retir\u00e9e. Maintenant, cela","og_url":"https:\/\/vieassociative.be\/actualites\/gerry-weber-ferme-toutes-les-marques-de-ses-magasins-vendues\/","og_site_name":"Vie Associative","article_published_time":"2025-05-30T20:17:40+00:00","og_image":[{"width":279,"height":92,"url":"https:\/\/vieassociative.be\/actualites\/wp-content\/uploads\/2024\/09\/header_backgroundk-01-e1726694325946.png","type":"image\/png"}],"author":"Julien","twitter_card":"summary_large_image","twitter_misc":{"\u00c9crit par":"Julien","Dur\u00e9e de lecture est.":"3 minutes"},"schema":{"@context":"https:\/\/schema.org","@graph":[{"@type":"Article","@id":"https:\/\/vieassociative.be\/actualites\/gerry-weber-ferme-toutes-les-marques-de-ses-magasins-vendues\/#article","isPartOf":{"@id":"https:\/\/vieassociative.be\/actualites\/gerry-weber-ferme-toutes-les-marques-de-ses-magasins-vendues\/"},"author":{"name":"Julien","@id":"https:\/\/vieassociative.be\/actualites\/#\/schema\/person\/b87ac4f82f9d4e7b7cec7395b679edc4"},"headline":"Gerry Weber ferme toutes les marques de ses magasins vendues","datePublished":"2025-05-30T20:17:40+00:00","dateModified":"2025-05-30T20:17:40+00:00","mainEntityOfPage":{"@id":"https:\/\/vieassociative.be\/actualites\/gerry-weber-ferme-toutes-les-marques-de-ses-magasins-vendues\/"},"wordCount":654,"publisher":{"@id":"https:\/\/vieassociative.be\/actualites\/#organization"},"image":{"@id":"https:\/\/vieassociative.be\/actualites\/gerry-weber-ferme-toutes-les-marques-de-ses-magasins-vendues\/#primaryimage"},"thumbnailUrl":"https:\/\/vieassociative.be\/actualites\/wp-content\/uploads\/2025\/05\/1748636261_Gerry-Weber-ferme-toutes-les-marques-de-ses-magasins-vendues.jpg","keywords":["ferm\u00e9","Gerry","Les","magasins","marques","ses","toutes","vendues","Weber"],"articleSection":["Belgique"],"inLanguage":"fr-BE"},{"@type":"WebPage","@id":"https:\/\/vieassociative.be\/actualites\/gerry-weber-ferme-toutes-les-marques-de-ses-magasins-vendues\/","url":"https:\/\/vieassociative.be\/actualites\/gerry-weber-ferme-toutes-les-marques-de-ses-magasins-vendues\/","name":"Gerry Weber ferme toutes les marques de ses magasins vendues | Vie Associative","isPartOf":{"@id":"https:\/\/vieassociative.be\/actualites\/#website"},"primaryImageOfPage":{"@id":"https:\/\/vieassociative.be\/actualites\/gerry-weber-ferme-toutes-les-marques-de-ses-magasins-vendues\/#primaryimage"},"image":{"@id":"https:\/\/vieassociative.be\/actualites\/gerry-weber-ferme-toutes-les-marques-de-ses-magasins-vendues\/#primaryimage"},"thumbnailUrl":"https:\/\/vieassociative.be\/actualites\/wp-content\/uploads\/2025\/05\/1748636261_Gerry-Weber-ferme-toutes-les-marques-de-ses-magasins-vendues.jpg","datePublished":"2025-05-30T20:17:40+00:00","dateModified":"2025-05-30T20:17:40+00:00","breadcrumb":{"@id":"https:\/\/vieassociative.be\/actualites\/gerry-weber-ferme-toutes-les-marques-de-ses-magasins-vendues\/#breadcrumb"},"inLanguage":"fr-BE","potentialAction":[{"@type":"ReadAction","target":["https:\/\/vieassociative.be\/actualites\/gerry-weber-ferme-toutes-les-marques-de-ses-magasins-vendues\/"]}]},{"@type":"ImageObject","inLanguage":"fr-BE","@id":"https:\/\/vieassociative.be\/actualites\/gerry-weber-ferme-toutes-les-marques-de-ses-magasins-vendues\/#primaryimage","url":"https:\/\/vieassociative.be\/actualites\/wp-content\/uploads\/2025\/05\/1748636261_Gerry-Weber-ferme-toutes-les-marques-de-ses-magasins-vendues.jpg","contentUrl":"https:\/\/vieassociative.be\/actualites\/wp-content\/uploads\/2025\/05\/1748636261_Gerry-Weber-ferme-toutes-les-marques-de-ses-magasins-vendues.jpg","width":1200,"height":800,"caption":"Gerry Weber ferme toutes les marques de ses magasins vendues"},{"@type":"BreadcrumbList","@id":"https:\/\/vieassociative.be\/actualites\/gerry-weber-ferme-toutes-les-marques-de-ses-magasins-vendues\/#breadcrumb","itemListElement":[{"@type":"ListItem","position":1,"name":"Accueil","item":"https:\/\/vieassociative.be\/actualites\/"},{"@type":"ListItem","position":2,"name":"Gerry Weber ferme toutes les marques de ses magasins vendues"}]},{"@type":"WebSite","@id":"https:\/\/vieassociative.be\/actualites\/#website","url":"https:\/\/vieassociative.be\/actualites\/","name":"Vie Associative","description":"","publisher":{"@id":"https:\/\/vieassociative.be\/actualites\/#organization"},"potentialAction":[{"@type":"SearchAction","target":{"@type":"EntryPoint","urlTemplate":"https:\/\/vieassociative.be\/actualites\/?s={search_term_string}"},"query-input":{"@type":"PropertyValueSpecification","valueRequired":true,"valueName":"search_term_string"}}],"inLanguage":"fr-BE"},{"@type":"Organization","@id":"https:\/\/vieassociative.be\/actualites\/#organization","name":"Vie Associative","url":"https:\/\/vieassociative.be\/actualites\/","logo":{"@type":"ImageObject","inLanguage":"fr-BE","@id":"https:\/\/vieassociative.be\/actualites\/#\/schema\/logo\/image\/","url":"https:\/\/vieassociative.be\/actualites\/wp-content\/uploads\/2024\/09\/cropped-vieassociative_favicon.ico.png","contentUrl":"https:\/\/vieassociative.be\/actualites\/wp-content\/uploads\/2024\/09\/cropped-vieassociative_favicon.ico.png","width":512,"height":512,"caption":"Vie Associative"},"image":{"@id":"https:\/\/vieassociative.be\/actualites\/#\/schema\/logo\/image\/"}},{"@type":"Person","@id":"https:\/\/vieassociative.be\/actualites\/#\/schema\/person\/b87ac4f82f9d4e7b7cec7395b679edc4","name":"Julien","image":{"@type":"ImageObject","inLanguage":"fr-BE","@id":"https:\/\/vieassociative.be\/actualites\/#\/schema\/person\/image\/","url":"https:\/\/vieassociative.be\/actualites\/wp-content\/uploads\/2024\/09\/vie-associative-1-150x150.jpg","contentUrl":"https:\/\/vieassociative.be\/actualites\/wp-content\/uploads\/2024\/09\/vie-associative-1-150x150.jpg","caption":"Julien"},"description":"Je suis Julien, r\u00e9dacteur pour Vie Associative. Passionn\u00e9 par le monde associatif depuis plus de 10 ans, j'ai \u00e0 c\u0153ur de partager des histoires inspirantes et de mettre en lumi\u00e8re les initiatives locales. Mon objectif est de sensibiliser et d'encourager l'engagement communautaire \u00e0 travers mes articles.","sameAs":["https:\/\/vieassociative.be\/"]}]}},"_links":{"self":[{"href":"https:\/\/vieassociative.be\/actualites\/wp-json\/wp\/v2\/posts\/7877"}],"collection":[{"href":"https:\/\/vieassociative.be\/actualites\/wp-json\/wp\/v2\/posts"}],"about":[{"href":"https:\/\/vieassociative.be\/actualites\/wp-json\/wp\/v2\/types\/post"}],"author":[{"embeddable":true,"href":"https:\/\/vieassociative.be\/actualites\/wp-json\/wp\/v2\/users\/1"}],"replies":[{"embeddable":true,"href":"https:\/\/vieassociative.be\/actualites\/wp-json\/wp\/v2\/comments?post=7877"}],"version-history":[{"count":0,"href":"https:\/\/vieassociative.be\/actualites\/wp-json\/wp\/v2\/posts\/7877\/revisions"}],"wp:featuredmedia":[{"embeddable":true,"href":"https:\/\/vieassociative.be\/actualites\/wp-json\/wp\/v2\/media\/7878"}],"wp:attachment":[{"href":"https:\/\/vieassociative.be\/actualites\/wp-json\/wp\/v2\/media?parent=7877"}],"wp:term":[{"taxonomy":"category","embeddable":true,"href":"https:\/\/vieassociative.be\/actualites\/wp-json\/wp\/v2\/categories?post=7877"},{"taxonomy":"post_tag","embeddable":true,"href":"https:\/\/vieassociative.be\/actualites\/wp-json\/wp\/v2\/tags?post=7877"}],"curies":[{"name":"wp","href":"https:\/\/api.w.org\/{rel}","templated":true}]}}