{"id":7873,"date":"2025-05-30T16:20:14","date_gmt":"2025-05-30T14:20:14","guid":{"rendered":"https:\/\/vieassociative.be\/actualites\/en-espagne-la-chaleur-daout-prevaut-deja-en-mai\/"},"modified":"2025-05-30T16:20:14","modified_gmt":"2025-05-30T14:20:14","slug":"en-espagne-la-chaleur-daout-prevaut-deja-en-mai","status":"publish","type":"post","link":"https:\/\/vieassociative.be\/actualites\/en-espagne-la-chaleur-daout-prevaut-deja-en-mai\/","title":{"rendered":"En Espagne, la chaleur d&rsquo;ao\u00fbt pr\u00e9vaut d\u00e9j\u00e0 en mai"},"content":{"rendered":"<p><strong>D\u00e9marrage pr\u00e9coce pour l&rsquo;\u00e9t\u00e9: l&rsquo;Espagne conna\u00eet actuellement une vague de chaleur particuli\u00e8rement pr\u00e9coce. Quelles r\u00e9gions du pays de vacances sont d\u00e9sormais particuli\u00e8rement affect\u00e9es.<\/strong><\/p>\n<p><span id=\"more-416709\"><\/span>Ce n&rsquo;est qu&rsquo;\u00e0 la fin du mois de mai et dans de grandes parties des temp\u00e9ratures de l&rsquo;Espagne de pr\u00e8s de 40 degr\u00e9s \u00e0 l&rsquo;ombre. Dans plusieurs villes du pays jeudi, des temp\u00e9ratures entre 35 et 39 degr\u00e9s de chaleur ont \u00e9t\u00e9 enregistr\u00e9es pour la fin mai, comme l&rsquo;a annonc\u00e9 le service m\u00e9t\u00e9orologique de l&rsquo;\u00c9tat, Aemet sur la plate-forme X.<\/p>\n<div id=\"attachment_416712\" class=\"wp-caption alignleft\" style=\"max-width: 300px\"><img fetchpriority=\"high\" decoding=\"async\" class=\"wp-image-416712 size-medium\" src=\"https:\/\/vieassociative.be\/actualites\/wp-content\/uploads\/2025\/05\/En-Espagne-la-chaleur-daout-prevaut-deja-en-mai.jpg\" alt=\"\" width=\"300\" height=\"200\"  ><\/p>\n<p class=\"wp-caption-text\">Le m\u00e9t\u00e9orologue Sven Pl\u00f6ger souligne jeudi soir dans les probl\u00e8mes quotidiens de l&rsquo;ARD que plus de 40 degr\u00e9s seront signal\u00e9s \u00e0 S\u00e9ville en mai. Photo: Capture d&rsquo;\u00e9cran ard<\/p>\n<\/div>\n<p>Selon les experts, le changement climatique rend plus probable des \u00e9v\u00e9nements de chaleur extr\u00eames. Ils apparaissent \u00e9galement plus t\u00f4t dans l&rsquo;ann\u00e9e.<\/p>\n<p>Aemet a publi\u00e9 le deuxi\u00e8me avertissement de chaleur le plus \u00e9lev\u00e9 Orange pour la r\u00e9gion de S\u00e9ville en Andalousie. Cela signifie des \u00abrisques graves\u00bb pour la sant\u00e9 des enfants et des personnes plus \u00e2g\u00e9es ou des personnes \u00e9duqu\u00e9es par la sant\u00e9. Mais il fait aussi tr\u00e8s chaud \u00e0 Madrid ou Saragossa. Sur l&rsquo;\u00eele des F\u00eates de la Majorque, les temp\u00e9ratures sont relativement agr\u00e9ables 28 degr\u00e9s et seulement 25 degr\u00e9s sur les \u00eeles Canaries.<\/p>\n<p>Selon la pr\u00e9diction de l&rsquo;AEMet, la p\u00e9riode de chaleur inhabituellement pr\u00e9coce devrait se poursuivre jusqu&rsquo;\u00e0 ce que dimanche et au nord du pays puisse \u00eatre accompagn\u00e9 de violentes rayures et de rafales de vent. (DPA)<\/p>\n","protected":false},"excerpt":{"rendered":"<p>D\u00e9marrage pr\u00e9coce pour l&rsquo;\u00e9t\u00e9: l&rsquo;Espagne conna\u00eet actuellement une vague de chaleur particuli\u00e8rement pr\u00e9coce. Quelles r\u00e9gions du pays de vacances sont d\u00e9sormais particuli\u00e8rement affect\u00e9es. Ce n&rsquo;est<\/p>\n","protected":false},"author":1,"featured_media":7874,"comment_status":"","ping_status":"","sticky":false,"template":"","format":"standard","meta":{"footnotes":""},"categories":[298],"tags":[2026,7230,1936,648,3160,7231],"class_list":["post-7873","post","type-post","status-publish","format-standard","has-post-thumbnail","hentry","category-belgique","tag-chaleur","tag-daout","tag-deja","tag-espagne","tag-mai","tag-prevaut","generate-columns","tablet-grid-50","mobile-grid-100","grid-parent","grid-33"],"yoast_head":"<!-- This site is optimized with the Yoast SEO plugin v24.0 - https:\/\/yoast.com\/wordpress\/plugins\/seo\/ -->\n<title>En Espagne, la chaleur d&#039;ao\u00fbt pr\u00e9vaut d\u00e9j\u00e0 en mai | Vie Associative<\/title>\n<meta name=\"robots\" content=\"index, follow, max-snippet:-1, max-image-preview:large, max-video-preview:-1\" \/>\n<link rel=\"canonical\" href=\"https:\/\/vieassociative.be\/actualites\/en-espagne-la-chaleur-daout-prevaut-deja-en-mai\/\" \/>\n<meta property=\"og:locale\" content=\"fr_FR\" \/>\n<meta property=\"og:type\" content=\"article\" \/>\n<meta property=\"og:title\" content=\"En Espagne, la chaleur d&#039;ao\u00fbt pr\u00e9vaut d\u00e9j\u00e0 en mai | Vie Associative\" \/>\n<meta property=\"og:description\" content=\"D\u00e9marrage pr\u00e9coce pour l&rsquo;\u00e9t\u00e9: l&rsquo;Espagne conna\u00eet actuellement une vague de chaleur particuli\u00e8rement pr\u00e9coce. Quelles r\u00e9gions du pays de vacances sont d\u00e9sormais particuli\u00e8rement affect\u00e9es. Ce n&rsquo;est\" \/>\n<meta property=\"og:url\" content=\"https:\/\/vieassociative.be\/actualites\/en-espagne-la-chaleur-daout-prevaut-deja-en-mai\/\" \/>\n<meta property=\"og:site_name\" content=\"Vie Associative\" \/>\n<meta property=\"article:published_time\" content=\"2025-05-30T14:20:14+00:00\" \/>\n<meta property=\"og:image\" content=\"https:\/\/vieassociative.be\/actualites\/wp-content\/uploads\/2024\/09\/header_backgroundk-01-e1726694325946.png\" \/>\n\t<meta property=\"og:image:width\" content=\"279\" \/>\n\t<meta property=\"og:image:height\" content=\"92\" \/>\n\t<meta property=\"og:image:type\" content=\"image\/png\" \/>\n<meta name=\"author\" content=\"Julien\" \/>\n<meta name=\"twitter:card\" content=\"summary_large_image\" \/>\n<meta name=\"twitter:label1\" content=\"\u00c9crit par\" \/>\n\t<meta name=\"twitter:data1\" content=\"Julien\" \/>\n\t<meta name=\"twitter:label2\" content=\"Dur\u00e9e de lecture est.\" \/>\n\t<meta name=\"twitter:data2\" content=\"1 minute\" \/>\n<script type=\"application\/ld+json\" class=\"yoast-schema-graph\">{\"@context\":\"https:\/\/schema.org\",\"@graph\":[{\"@type\":\"Article\",\"@id\":\"https:\/\/vieassociative.be\/actualites\/en-espagne-la-chaleur-daout-prevaut-deja-en-mai\/#article\",\"isPartOf\":{\"@id\":\"https:\/\/vieassociative.be\/actualites\/en-espagne-la-chaleur-daout-prevaut-deja-en-mai\/\"},\"author\":{\"name\":\"Julien\",\"@id\":\"https:\/\/vieassociative.be\/actualites\/#\/schema\/person\/b87ac4f82f9d4e7b7cec7395b679edc4\"},\"headline\":\"En Espagne, la chaleur d&rsquo;ao\u00fbt pr\u00e9vaut d\u00e9j\u00e0 en mai\",\"datePublished\":\"2025-05-30T14:20:14+00:00\",\"dateModified\":\"2025-05-30T14:20:14+00:00\",\"mainEntityOfPage\":{\"@id\":\"https:\/\/vieassociative.be\/actualites\/en-espagne-la-chaleur-daout-prevaut-deja-en-mai\/\"},\"wordCount\":298,\"publisher\":{\"@id\":\"https:\/\/vieassociative.be\/actualites\/#organization\"},\"image\":{\"@id\":\"https:\/\/vieassociative.be\/actualites\/en-espagne-la-chaleur-daout-prevaut-deja-en-mai\/#primaryimage\"},\"thumbnailUrl\":\"https:\/\/vieassociative.be\/actualites\/wp-content\/uploads\/2025\/05\/1748614815_En-Espagne-la-chaleur-daout-prevaut-deja-en-mai.jpg\",\"keywords\":[\"chaleur\",\"dao\u00fbt\",\"d\u00e9j\u00e0\",\"Espagne\",\"mai\",\"pr\u00e9vaut\"],\"articleSection\":[\"Belgique\"],\"inLanguage\":\"fr-BE\"},{\"@type\":\"WebPage\",\"@id\":\"https:\/\/vieassociative.be\/actualites\/en-espagne-la-chaleur-daout-prevaut-deja-en-mai\/\",\"url\":\"https:\/\/vieassociative.be\/actualites\/en-espagne-la-chaleur-daout-prevaut-deja-en-mai\/\",\"name\":\"En Espagne, la chaleur d'ao\u00fbt pr\u00e9vaut d\u00e9j\u00e0 en mai | Vie Associative\",\"isPartOf\":{\"@id\":\"https:\/\/vieassociative.be\/actualites\/#website\"},\"primaryImageOfPage\":{\"@id\":\"https:\/\/vieassociative.be\/actualites\/en-espagne-la-chaleur-daout-prevaut-deja-en-mai\/#primaryimage\"},\"image\":{\"@id\":\"https:\/\/vieassociative.be\/actualites\/en-espagne-la-chaleur-daout-prevaut-deja-en-mai\/#primaryimage\"},\"thumbnailUrl\":\"https:\/\/vieassociative.be\/actualites\/wp-content\/uploads\/2025\/05\/1748614815_En-Espagne-la-chaleur-daout-prevaut-deja-en-mai.jpg\",\"datePublished\":\"2025-05-30T14:20:14+00:00\",\"dateModified\":\"2025-05-30T14:20:14+00:00\",\"breadcrumb\":{\"@id\":\"https:\/\/vieassociative.be\/actualites\/en-espagne-la-chaleur-daout-prevaut-deja-en-mai\/#breadcrumb\"},\"inLanguage\":\"fr-BE\",\"potentialAction\":[{\"@type\":\"ReadAction\",\"target\":[\"https:\/\/vieassociative.be\/actualites\/en-espagne-la-chaleur-daout-prevaut-deja-en-mai\/\"]}]},{\"@type\":\"ImageObject\",\"inLanguage\":\"fr-BE\",\"@id\":\"https:\/\/vieassociative.be\/actualites\/en-espagne-la-chaleur-daout-prevaut-deja-en-mai\/#primaryimage\",\"url\":\"https:\/\/vieassociative.be\/actualites\/wp-content\/uploads\/2025\/05\/1748614815_En-Espagne-la-chaleur-daout-prevaut-deja-en-mai.jpg\",\"contentUrl\":\"https:\/\/vieassociative.be\/actualites\/wp-content\/uploads\/2025\/05\/1748614815_En-Espagne-la-chaleur-daout-prevaut-deja-en-mai.jpg\",\"width\":1200,\"height\":774,\"caption\":\"En Espagne, la chaleur d'ao\u00fbt pr\u00e9vaut d\u00e9j\u00e0 en mai\"},{\"@type\":\"BreadcrumbList\",\"@id\":\"https:\/\/vieassociative.be\/actualites\/en-espagne-la-chaleur-daout-prevaut-deja-en-mai\/#breadcrumb\",\"itemListElement\":[{\"@type\":\"ListItem\",\"position\":1,\"name\":\"Accueil\",\"item\":\"https:\/\/vieassociative.be\/actualites\/\"},{\"@type\":\"ListItem\",\"position\":2,\"name\":\"En Espagne, la chaleur d&rsquo;ao\u00fbt pr\u00e9vaut d\u00e9j\u00e0 en mai\"}]},{\"@type\":\"WebSite\",\"@id\":\"https:\/\/vieassociative.be\/actualites\/#website\",\"url\":\"https:\/\/vieassociative.be\/actualites\/\",\"name\":\"Vie Associative\",\"description\":\"\",\"publisher\":{\"@id\":\"https:\/\/vieassociative.be\/actualites\/#organization\"},\"potentialAction\":[{\"@type\":\"SearchAction\",\"target\":{\"@type\":\"EntryPoint\",\"urlTemplate\":\"https:\/\/vieassociative.be\/actualites\/?s={search_term_string}\"},\"query-input\":{\"@type\":\"PropertyValueSpecification\",\"valueRequired\":true,\"valueName\":\"search_term_string\"}}],\"inLanguage\":\"fr-BE\"},{\"@type\":\"Organization\",\"@id\":\"https:\/\/vieassociative.be\/actualites\/#organization\",\"name\":\"Vie Associative\",\"url\":\"https:\/\/vieassociative.be\/actualites\/\",\"logo\":{\"@type\":\"ImageObject\",\"inLanguage\":\"fr-BE\",\"@id\":\"https:\/\/vieassociative.be\/actualites\/#\/schema\/logo\/image\/\",\"url\":\"https:\/\/vieassociative.be\/actualites\/wp-content\/uploads\/2024\/09\/cropped-vieassociative_favicon.ico.png\",\"contentUrl\":\"https:\/\/vieassociative.be\/actualites\/wp-content\/uploads\/2024\/09\/cropped-vieassociative_favicon.ico.png\",\"width\":512,\"height\":512,\"caption\":\"Vie Associative\"},\"image\":{\"@id\":\"https:\/\/vieassociative.be\/actualites\/#\/schema\/logo\/image\/\"}},{\"@type\":\"Person\",\"@id\":\"https:\/\/vieassociative.be\/actualites\/#\/schema\/person\/b87ac4f82f9d4e7b7cec7395b679edc4\",\"name\":\"Julien\",\"image\":{\"@type\":\"ImageObject\",\"inLanguage\":\"fr-BE\",\"@id\":\"https:\/\/vieassociative.be\/actualites\/#\/schema\/person\/image\/\",\"url\":\"https:\/\/vieassociative.be\/actualites\/wp-content\/uploads\/2024\/09\/vie-associative-1-150x150.jpg\",\"contentUrl\":\"https:\/\/vieassociative.be\/actualites\/wp-content\/uploads\/2024\/09\/vie-associative-1-150x150.jpg\",\"caption\":\"Julien\"},\"description\":\"Je suis Julien, r\u00e9dacteur pour Vie Associative. Passionn\u00e9 par le monde associatif depuis plus de 10 ans, j'ai \u00e0 c\u0153ur de partager des histoires inspirantes et de mettre en lumi\u00e8re les initiatives locales. Mon objectif est de sensibiliser et d'encourager l'engagement communautaire \u00e0 travers mes articles.\",\"sameAs\":[\"https:\/\/vieassociative.be\/\"]}]}<\/script>\n<!-- \/ Yoast SEO plugin. -->","yoast_head_json":{"title":"En Espagne, la chaleur d'ao\u00fbt pr\u00e9vaut d\u00e9j\u00e0 en mai | Vie Associative","robots":{"index":"index","follow":"follow","max-snippet":"max-snippet:-1","max-image-preview":"max-image-preview:large","max-video-preview":"max-video-preview:-1"},"canonical":"https:\/\/vieassociative.be\/actualites\/en-espagne-la-chaleur-daout-prevaut-deja-en-mai\/","og_locale":"fr_FR","og_type":"article","og_title":"En Espagne, la chaleur d'ao\u00fbt pr\u00e9vaut d\u00e9j\u00e0 en mai | Vie Associative","og_description":"D\u00e9marrage pr\u00e9coce pour l&rsquo;\u00e9t\u00e9: l&rsquo;Espagne conna\u00eet actuellement une vague de chaleur particuli\u00e8rement pr\u00e9coce. Quelles r\u00e9gions du pays de vacances sont d\u00e9sormais particuli\u00e8rement affect\u00e9es. Ce n&rsquo;est","og_url":"https:\/\/vieassociative.be\/actualites\/en-espagne-la-chaleur-daout-prevaut-deja-en-mai\/","og_site_name":"Vie Associative","article_published_time":"2025-05-30T14:20:14+00:00","og_image":[{"width":279,"height":92,"url":"https:\/\/vieassociative.be\/actualites\/wp-content\/uploads\/2024\/09\/header_backgroundk-01-e1726694325946.png","type":"image\/png"}],"author":"Julien","twitter_card":"summary_large_image","twitter_misc":{"\u00c9crit par":"Julien","Dur\u00e9e de lecture est.":"1 minute"},"schema":{"@context":"https:\/\/schema.org","@graph":[{"@type":"Article","@id":"https:\/\/vieassociative.be\/actualites\/en-espagne-la-chaleur-daout-prevaut-deja-en-mai\/#article","isPartOf":{"@id":"https:\/\/vieassociative.be\/actualites\/en-espagne-la-chaleur-daout-prevaut-deja-en-mai\/"},"author":{"name":"Julien","@id":"https:\/\/vieassociative.be\/actualites\/#\/schema\/person\/b87ac4f82f9d4e7b7cec7395b679edc4"},"headline":"En Espagne, la chaleur d&rsquo;ao\u00fbt pr\u00e9vaut d\u00e9j\u00e0 en mai","datePublished":"2025-05-30T14:20:14+00:00","dateModified":"2025-05-30T14:20:14+00:00","mainEntityOfPage":{"@id":"https:\/\/vieassociative.be\/actualites\/en-espagne-la-chaleur-daout-prevaut-deja-en-mai\/"},"wordCount":298,"publisher":{"@id":"https:\/\/vieassociative.be\/actualites\/#organization"},"image":{"@id":"https:\/\/vieassociative.be\/actualites\/en-espagne-la-chaleur-daout-prevaut-deja-en-mai\/#primaryimage"},"thumbnailUrl":"https:\/\/vieassociative.be\/actualites\/wp-content\/uploads\/2025\/05\/1748614815_En-Espagne-la-chaleur-daout-prevaut-deja-en-mai.jpg","keywords":["chaleur","dao\u00fbt","d\u00e9j\u00e0","Espagne","mai","pr\u00e9vaut"],"articleSection":["Belgique"],"inLanguage":"fr-BE"},{"@type":"WebPage","@id":"https:\/\/vieassociative.be\/actualites\/en-espagne-la-chaleur-daout-prevaut-deja-en-mai\/","url":"https:\/\/vieassociative.be\/actualites\/en-espagne-la-chaleur-daout-prevaut-deja-en-mai\/","name":"En Espagne, la chaleur d'ao\u00fbt pr\u00e9vaut d\u00e9j\u00e0 en mai | Vie Associative","isPartOf":{"@id":"https:\/\/vieassociative.be\/actualites\/#website"},"primaryImageOfPage":{"@id":"https:\/\/vieassociative.be\/actualites\/en-espagne-la-chaleur-daout-prevaut-deja-en-mai\/#primaryimage"},"image":{"@id":"https:\/\/vieassociative.be\/actualites\/en-espagne-la-chaleur-daout-prevaut-deja-en-mai\/#primaryimage"},"thumbnailUrl":"https:\/\/vieassociative.be\/actualites\/wp-content\/uploads\/2025\/05\/1748614815_En-Espagne-la-chaleur-daout-prevaut-deja-en-mai.jpg","datePublished":"2025-05-30T14:20:14+00:00","dateModified":"2025-05-30T14:20:14+00:00","breadcrumb":{"@id":"https:\/\/vieassociative.be\/actualites\/en-espagne-la-chaleur-daout-prevaut-deja-en-mai\/#breadcrumb"},"inLanguage":"fr-BE","potentialAction":[{"@type":"ReadAction","target":["https:\/\/vieassociative.be\/actualites\/en-espagne-la-chaleur-daout-prevaut-deja-en-mai\/"]}]},{"@type":"ImageObject","inLanguage":"fr-BE","@id":"https:\/\/vieassociative.be\/actualites\/en-espagne-la-chaleur-daout-prevaut-deja-en-mai\/#primaryimage","url":"https:\/\/vieassociative.be\/actualites\/wp-content\/uploads\/2025\/05\/1748614815_En-Espagne-la-chaleur-daout-prevaut-deja-en-mai.jpg","contentUrl":"https:\/\/vieassociative.be\/actualites\/wp-content\/uploads\/2025\/05\/1748614815_En-Espagne-la-chaleur-daout-prevaut-deja-en-mai.jpg","width":1200,"height":774,"caption":"En Espagne, la chaleur d'ao\u00fbt pr\u00e9vaut d\u00e9j\u00e0 en mai"},{"@type":"BreadcrumbList","@id":"https:\/\/vieassociative.be\/actualites\/en-espagne-la-chaleur-daout-prevaut-deja-en-mai\/#breadcrumb","itemListElement":[{"@type":"ListItem","position":1,"name":"Accueil","item":"https:\/\/vieassociative.be\/actualites\/"},{"@type":"ListItem","position":2,"name":"En Espagne, la chaleur d&rsquo;ao\u00fbt pr\u00e9vaut d\u00e9j\u00e0 en mai"}]},{"@type":"WebSite","@id":"https:\/\/vieassociative.be\/actualites\/#website","url":"https:\/\/vieassociative.be\/actualites\/","name":"Vie Associative","description":"","publisher":{"@id":"https:\/\/vieassociative.be\/actualites\/#organization"},"potentialAction":[{"@type":"SearchAction","target":{"@type":"EntryPoint","urlTemplate":"https:\/\/vieassociative.be\/actualites\/?s={search_term_string}"},"query-input":{"@type":"PropertyValueSpecification","valueRequired":true,"valueName":"search_term_string"}}],"inLanguage":"fr-BE"},{"@type":"Organization","@id":"https:\/\/vieassociative.be\/actualites\/#organization","name":"Vie Associative","url":"https:\/\/vieassociative.be\/actualites\/","logo":{"@type":"ImageObject","inLanguage":"fr-BE","@id":"https:\/\/vieassociative.be\/actualites\/#\/schema\/logo\/image\/","url":"https:\/\/vieassociative.be\/actualites\/wp-content\/uploads\/2024\/09\/cropped-vieassociative_favicon.ico.png","contentUrl":"https:\/\/vieassociative.be\/actualites\/wp-content\/uploads\/2024\/09\/cropped-vieassociative_favicon.ico.png","width":512,"height":512,"caption":"Vie Associative"},"image":{"@id":"https:\/\/vieassociative.be\/actualites\/#\/schema\/logo\/image\/"}},{"@type":"Person","@id":"https:\/\/vieassociative.be\/actualites\/#\/schema\/person\/b87ac4f82f9d4e7b7cec7395b679edc4","name":"Julien","image":{"@type":"ImageObject","inLanguage":"fr-BE","@id":"https:\/\/vieassociative.be\/actualites\/#\/schema\/person\/image\/","url":"https:\/\/vieassociative.be\/actualites\/wp-content\/uploads\/2024\/09\/vie-associative-1-150x150.jpg","contentUrl":"https:\/\/vieassociative.be\/actualites\/wp-content\/uploads\/2024\/09\/vie-associative-1-150x150.jpg","caption":"Julien"},"description":"Je suis Julien, r\u00e9dacteur pour Vie Associative. Passionn\u00e9 par le monde associatif depuis plus de 10 ans, j'ai \u00e0 c\u0153ur de partager des histoires inspirantes et de mettre en lumi\u00e8re les initiatives locales. Mon objectif est de sensibiliser et d'encourager l'engagement communautaire \u00e0 travers mes articles.","sameAs":["https:\/\/vieassociative.be\/"]}]}},"_links":{"self":[{"href":"https:\/\/vieassociative.be\/actualites\/wp-json\/wp\/v2\/posts\/7873"}],"collection":[{"href":"https:\/\/vieassociative.be\/actualites\/wp-json\/wp\/v2\/posts"}],"about":[{"href":"https:\/\/vieassociative.be\/actualites\/wp-json\/wp\/v2\/types\/post"}],"author":[{"embeddable":true,"href":"https:\/\/vieassociative.be\/actualites\/wp-json\/wp\/v2\/users\/1"}],"replies":[{"embeddable":true,"href":"https:\/\/vieassociative.be\/actualites\/wp-json\/wp\/v2\/comments?post=7873"}],"version-history":[{"count":0,"href":"https:\/\/vieassociative.be\/actualites\/wp-json\/wp\/v2\/posts\/7873\/revisions"}],"wp:featuredmedia":[{"embeddable":true,"href":"https:\/\/vieassociative.be\/actualites\/wp-json\/wp\/v2\/media\/7874"}],"wp:attachment":[{"href":"https:\/\/vieassociative.be\/actualites\/wp-json\/wp\/v2\/media?parent=7873"}],"wp:term":[{"taxonomy":"category","embeddable":true,"href":"https:\/\/vieassociative.be\/actualites\/wp-json\/wp\/v2\/categories?post=7873"},{"taxonomy":"post_tag","embeddable":true,"href":"https:\/\/vieassociative.be\/actualites\/wp-json\/wp\/v2\/tags?post=7873"}],"curies":[{"name":"wp","href":"https:\/\/api.w.org\/{rel}","templated":true}]}}