{"id":7871,"date":"2025-05-30T15:17:58","date_gmt":"2025-05-30T13:17:58","guid":{"rendered":"https:\/\/vieassociative.be\/actualites\/ce-televiseur-de-85-pouces-tres-bien-note-est-de-pres-de-500-de-reduction-en-ce-moment\/"},"modified":"2025-05-30T15:17:58","modified_gmt":"2025-05-30T13:17:58","slug":"ce-televiseur-de-85-pouces-tres-bien-note-est-de-pres-de-500-de-reduction-en-ce-moment","status":"publish","type":"post","link":"https:\/\/vieassociative.be\/actualites\/ce-televiseur-de-85-pouces-tres-bien-note-est-de-pres-de-500-de-reduction-en-ce-moment\/","title":{"rendered":"Ce t\u00e9l\u00e9viseur de 85 pouces tr\u00e8s bien not\u00e9 est de pr\u00e8s de 500 $ de r\u00e9duction en ce moment"},"content":{"rendered":"<div class=\"mt-4 leading-6 md:mb-8\">85 pouces, c&rsquo;est beaucoup d&rsquo;\u00e9cran pour moins de 800 $.<\/div>\n<p><\/p>\n<p>Si vous attendiez une affaire de t\u00e9l\u00e9vision \u00e0 grand \u00e9cran qui ne n\u00e9cessite pas d&rsquo;\u00e9nergie des gros d\u00e9penses, c&rsquo;est peut-\u00eatre tout. Le Hisense 85U6N est actuellement en baisse \u00e0 799,99 $, contre 1 297,96 $ sur Amazon &#8211; son prix le plus bas de tous les temps, selon les d\u00e9put\u00e9s. Il s&rsquo;agit d&rsquo;une remise de pr\u00e8s de 500 $ sur un t\u00e9l\u00e9viseur que PCMAG a \u00e9valu\u00e9 en exception et a nomm\u00e9 le choix d&rsquo;un \u00e9diteur, l&rsquo;appelant le meilleur t\u00e9l\u00e9viseur budg\u00e9taire que vous pouvez acheter. Cela dit, si 85 pouces semble \u00eatre exag\u00e9r\u00e9e, la version de 65 pouces est \u00e9galement en vente pour 499 $ en ce moment.<\/p>\n<div class=\"pogoClear mb-12 mt-10 rounded-md border-2 border-gray-100 py-7 shadow-xl md:py-6\">\n<div class=\"flex flex-wrap justify-between px-7 text-black no-underline md:flex-nowrap md:px-8\">\n<div class=\"order-1 mx-auto flex flex-col justify-center md:order-2 md:ml-4 md:w-full md:grow\">\n<div class=\"block cursor-pointer text-center font-akshar text-2xl font-medium leading-7 text-brand-green duration-200 ease-in-out hover:text-brand-green-700 md:text-left md:text-xl md:leading-6\">HISENSE 85U6N\n                <\/div>\n<div class=\"mt-4 hidden md:flex md:justify-between\">\n<div class=\"self-end\">\n<div class=\"mb-0 h-11 md:flex md:flex-col md:justify-center\">\n<div class=\" font-sans leading-4 text-black\">\n<div class=\"flex flex-wrap items-center justify-center gap-x-1 md:justify-start\">\n        <span class=\"font-bold\"><\/p>\n<p>            799,99 $<br \/>\n                            <span class=\"font-medium\">\u00e0 Amazon<\/span><br \/>\n                    <\/span><br \/>\n                    <img decoding=\"async\" class=\"mt-0 h-(15px)\" src=\"https:\/\/vieassociative.be\/actualites\/wp-content\/uploads\/2025\/05\/Ce-televiseur-de-85-pouces-tres-bien-note-est-de.svg.svg+xml\" title=\"Amazon Prime\" alt=\"Amazon Prime\">\n            <\/div>\n<div class=\"flex items-center justify-center gap-x-1 font-bold md:justify-start\">\n            <span class=\"text-sm line-through\">1 297,96 $<\/span><br \/>\n            <span class=\"text-sm text-brand-green\">\u00c9conomisez 497,97 $<\/span>\n        <\/div>\n<\/p><\/div>\n<\/p><\/div>\n<\/p><\/div>\n<div class=\"w-44 self-end\">\n                            <button class=\"flex justify-center items-center w-full bg-brand-green text-white text-base font-sans font-medium rounded-md hover:bg-brand-green-700 hover:cursor-pointer md:text-sm h-11\"><\/p>\n<p>    Conclure un accord<br \/>\n<\/button>\n                        <\/div>\n<\/p><\/div>\n<\/p><\/div>\n<div class=\"order-2 mt-5 h-auto w-full md:order-1 md:mt-0 md:hidden\">\n<div class=\"flex aspect-video items-center justify-center\">\n                                            <img decoding=\"async\" class=\"m-0 max-h-full max-w-full rounded-md\" src=\"https:\/\/vieassociative.be\/actualites\/wp-content\/uploads\/2025\/05\/Ce-televiseur-de-85-pouces-tres-bien-note-est-de.jpg\" alt=\"HISENSE 85U6N 85 pouces TV\" width=\"auto\" height=\"auto\" loading=\"lazy\">\n                                    <\/div>\n<\/p><\/div>\n<div class=\"order-2 ml-2 hidden w-32 shrink-0 items-center md:order-1 md:ml-0 md:flex\">\n<div class=\"flex aspect-video items-center justify-center\">\n                                            <img decoding=\"async\" class=\"m-0 max-h-full max-w-full rounded-md\" src=\"https:\/\/vieassociative.be\/actualites\/wp-content\/uploads\/2025\/05\/Ce-televiseur-de-85-pouces-tres-bien-note-est-de.jpg\" alt=\"HISENSE 85U6N 85 pouces TV\" width=\"auto\" height=\"auto\" loading=\"lazy\">\n                                    <\/div>\n<\/p><\/div>\n<div class=\"order-3 flex grow flex-wrap md:hidden md:grow-0\">\n<div class=\"mt-4 w-full\">\n                        <button class=\"flex justify-center items-center w-full bg-brand-green text-white text-base font-sans font-medium rounded-md hover:bg-brand-green-700 hover:cursor-pointer md:text-sm h-11\"><\/p>\n<p>    Conclure un accord<br \/>\n<\/button>\n                    <\/div>\n<div class=\"mx-2 mt-4 w-full\">\n<div class=\" font-sans leading-4 text-black\">\n<div class=\"flex flex-wrap items-center justify-center gap-x-1 md:justify-start\">\n        <span class=\"font-bold\"><\/p>\n<p>            799,99 $<br \/>\n                            <span class=\"font-medium\">\u00e0 Amazon<\/span><br \/>\n                    <\/span><br \/>\n                    <img decoding=\"async\" class=\"mt-0 h-(15px)\" src=\"https:\/\/vieassociative.be\/actualites\/wp-content\/uploads\/2025\/05\/Ce-televiseur-de-85-pouces-tres-bien-note-est-de.svg.svg+xml\" title=\"Amazon Prime\" alt=\"Amazon Prime\">\n            <\/div>\n<div class=\"flex items-center justify-center gap-x-1 font-bold md:justify-start\">\n            <span class=\"text-sm line-through\">1 297,96 $<\/span><br \/>\n            <span class=\"text-sm text-brand-green\">\u00c9conomisez 497,97 $<\/span>\n        <\/div>\n<\/p><\/div>\n<\/p><\/div>\n<\/p><\/div>\n<\/p><\/div>\n<\/div>\n<p>Il s&rsquo;agit d&rsquo;un panneau QLED 4K avec un syst\u00e8me de r\u00e9tro\u00e9clairage MINI-LED, donc la couleur et le contraste sont forts &#8211; plus bas que vous ne vous y attendez \u00e0 ce prix. Il prend en charge tous les principaux formats HDR, y compris Dolby Vision et HDR10 +, et bien qu&rsquo;il ait seulement un taux de rafra\u00eechissement de 60 Hz, il le compense avec un retard d&rsquo;entr\u00e9e tr\u00e8s faible. Les joueurs appr\u00e9cieront le temps de r\u00e9ponse de 3,6 ms et les streamers auront un acc\u00e8s complet \u00e0 Google TV, avec toutes les applications habituelles: Netflix, YouTube, Disney +, Apple TV et autres plates-formes de streaming. Vous pouvez \u00e9galement lancer \u00e0 partir de votre t\u00e9l\u00e9phone \u00e0 l&rsquo;aide de Google Cast ou Apple Airplay, et il y a des Assistant Google mains libres.<\/p>\n<div class=\"pogoClear relative my-10 border-b-(1.5px) border-t-(1.5px) border-dashed border-black py-5 sm:my-14 sm:border-0 sm:py-0\" data-ga-click data-ga-template=\"Deals\" data-ga-module=\"openweb_widget\" data-ga-element=\"openweb_scroll\" data-ga-item=\"openweb_scroll_midpage\" x-data=\"{\n         commentsCount: null,\n         hasComments: false,\n         async fetchCommentsCount() {\n             try {\n                 if (window.openweb &amp;&amp; typeof window.openweb.getMessagesCount === 'function') {\n                     this.commentsCount = await window.openweb.getMessagesCount('01JWFWWNP519QC13SBAS2Z4EG4');\n                     this.hasComments = this.commentsCount !== null &amp;&amp; this.commentsCount &gt; 0;\n                 }\n             } catch (e) {\n                 console.warn('Failed to fetch comment count:', e);\n             }\n         }\n     }\" x-init=\"fetchCommentsCount()\" x-cloak><\/p>\n<div class=\"absolute top-1\/2 hidden w-full -translate-y-1\/2 border-t-(1.5px) border-dashed border-black sm:block\"><\/div>\n<div class=\"relative flex justify-center\">\n<div class=\"flex max-w-fit items-center gap-x-3 bg-white px-5\">\n<div class=\"relative\">\n                <span class=\"absolute left-1\/2 top-1\/2 -translate-x-1\/2 -translate-y-1\/2 font-akshar text-sm font-medium text-black\" aria-live=\"polite\" x-show=\"hasComments\" x-text=\"commentsCount\"><\/span><\/p>\n<p>                <svg class=\"h-8 w-8 text-black\" role=\"img\" aria-hidden=\"true\">\n                    <use href=\"http:\/\/lifehacker.com\/images\/icons\/spritemap.svg#sprite-chat-bubble\"><\/use>\n                <\/svg>\n            <\/div>\n<p>            <span class=\"text-sm font-medium text-black\"><\/p>\n<p>                Que pensez-vous jusqu&rsquo;\u00e0 pr\u00e9sent?<br \/>\n                <button class=\"ml-1 font-semibold text-brand-green underline hover:text-brand-green-700\" type=\"button\" aria-label=\"Comment section trigger\" onclick=\"window.openweb.scrollToComments('01JWFWWNP519QC13SBAS2Z4EG4')\" x-text=\"hasComments ? 'Post a comment.' : 'Be the first to post a comment.'\"><\/button><br \/>\n            <\/span>\n        <\/div>\n<\/p><\/div>\n<\/div>\n<p>En ce qui concerne le design, c&rsquo;est simple mais propre. Le look proche de la lunette fonctionne bien, et la construction noire mate ne crie pas le \u00abbudget\u00bb. Il est livr\u00e9 avec une t\u00e9l\u00e9commande vocale et peut s&rsquo;asseoir sur un support ou \u00eatre mural. Vous obtenez quatre ports HDMI (un avec EARC), deux ports USB et les connexions audio et d&rsquo;antenne habituelles. La seule v\u00e9ritable omission est le plus r\u00e9cent tuner ATSC 3.0 pour les diffusions en direct de nouvelle g\u00e9n\u00e9ration, mais \u00e0 moins que vous n&rsquo;utilisiez une antenne pour les canaux 4K locaux, cela n&rsquo;aura pas beaucoup d&rsquo;importance. Dans l&rsquo;ensemble, l&rsquo;U6N offre une exp\u00e9rience sur grand \u00e9cran avec des performances solides et des fonctionnalit\u00e9s modernes \u00e0 un prix difficile \u00e0 battre en ce moment. Si vous avez l&rsquo;espace mural et le budget, c&rsquo;est un choix solide.<\/p>\n","protected":false},"excerpt":{"rendered":"<p>85 pouces, c&rsquo;est beaucoup d&rsquo;\u00e9cran pour moins de 800 $. Si vous attendiez une affaire de t\u00e9l\u00e9vision \u00e0 grand \u00e9cran qui ne n\u00e9cessite pas d&rsquo;\u00e9nergie<\/p>\n","protected":false},"author":1,"featured_media":7872,"comment_status":"","ping_status":"","sticky":false,"template":"","format":"standard","meta":{"footnotes":""},"categories":[13],"tags":[254,76,1429,5137,1980,1750,308,1978,2493],"class_list":["post-7871","post","type-post","status-publish","format-standard","has-post-thumbnail","hentry","category-technologie","tag-bien","tag-est","tag-moment","tag-note","tag-pouces","tag-pres","tag-reduction","tag-televiseur","tag-tres","generate-columns","tablet-grid-50","mobile-grid-100","grid-parent","grid-33"],"yoast_head":"<!-- This site is optimized with the Yoast SEO plugin v24.0 - https:\/\/yoast.com\/wordpress\/plugins\/seo\/ -->\n<title>Ce t\u00e9l\u00e9viseur de 85 pouces tr\u00e8s bien not\u00e9 est de pr\u00e8s de 500 $ de r\u00e9duction en ce moment | Vie Associative<\/title>\n<meta name=\"robots\" content=\"index, follow, max-snippet:-1, max-image-preview:large, max-video-preview:-1\" \/>\n<link rel=\"canonical\" href=\"https:\/\/vieassociative.be\/actualites\/ce-televiseur-de-85-pouces-tres-bien-note-est-de-pres-de-500-de-reduction-en-ce-moment\/\" \/>\n<meta property=\"og:locale\" content=\"fr_FR\" \/>\n<meta property=\"og:type\" content=\"article\" \/>\n<meta property=\"og:title\" content=\"Ce t\u00e9l\u00e9viseur de 85 pouces tr\u00e8s bien not\u00e9 est de pr\u00e8s de 500 $ de r\u00e9duction en ce moment | Vie Associative\" \/>\n<meta property=\"og:description\" content=\"85 pouces, c&rsquo;est beaucoup d&rsquo;\u00e9cran pour moins de 800 $. Si vous attendiez une affaire de t\u00e9l\u00e9vision \u00e0 grand \u00e9cran qui ne n\u00e9cessite pas d&rsquo;\u00e9nergie\" \/>\n<meta property=\"og:url\" content=\"https:\/\/vieassociative.be\/actualites\/ce-televiseur-de-85-pouces-tres-bien-note-est-de-pres-de-500-de-reduction-en-ce-moment\/\" \/>\n<meta property=\"og:site_name\" content=\"Vie Associative\" \/>\n<meta property=\"article:published_time\" content=\"2025-05-30T13:17:58+00:00\" \/>\n<meta property=\"og:image\" content=\"https:\/\/vieassociative.be\/actualites\/wp-content\/uploads\/2025\/05\/Ce-televiseur-de-85-pouces-tres-bien-note-est-de.svg.svg+xml\" \/>\n<meta name=\"author\" content=\"Julien\" \/>\n<meta name=\"twitter:card\" content=\"summary_large_image\" \/>\n<meta name=\"twitter:label1\" content=\"\u00c9crit par\" \/>\n\t<meta name=\"twitter:data1\" content=\"Julien\" \/>\n\t<meta name=\"twitter:label2\" content=\"Dur\u00e9e de lecture est.\" \/>\n\t<meta name=\"twitter:data2\" content=\"2 minutes\" \/>\n<script type=\"application\/ld+json\" class=\"yoast-schema-graph\">{\"@context\":\"https:\/\/schema.org\",\"@graph\":[{\"@type\":\"Article\",\"@id\":\"https:\/\/vieassociative.be\/actualites\/ce-televiseur-de-85-pouces-tres-bien-note-est-de-pres-de-500-de-reduction-en-ce-moment\/#article\",\"isPartOf\":{\"@id\":\"https:\/\/vieassociative.be\/actualites\/ce-televiseur-de-85-pouces-tres-bien-note-est-de-pres-de-500-de-reduction-en-ce-moment\/\"},\"author\":{\"name\":\"Julien\",\"@id\":\"https:\/\/vieassociative.be\/actualites\/#\/schema\/person\/b87ac4f82f9d4e7b7cec7395b679edc4\"},\"headline\":\"Ce t\u00e9l\u00e9viseur de 85 pouces tr\u00e8s bien not\u00e9 est de pr\u00e8s de 500 $ de r\u00e9duction en ce moment\",\"datePublished\":\"2025-05-30T13:17:58+00:00\",\"dateModified\":\"2025-05-30T13:17:58+00:00\",\"mainEntityOfPage\":{\"@id\":\"https:\/\/vieassociative.be\/actualites\/ce-televiseur-de-85-pouces-tres-bien-note-est-de-pres-de-500-de-reduction-en-ce-moment\/\"},\"wordCount\":455,\"publisher\":{\"@id\":\"https:\/\/vieassociative.be\/actualites\/#organization\"},\"image\":{\"@id\":\"https:\/\/vieassociative.be\/actualites\/ce-televiseur-de-85-pouces-tres-bien-note-est-de-pres-de-500-de-reduction-en-ce-moment\/#primaryimage\"},\"thumbnailUrl\":\"https:\/\/vieassociative.be\/actualites\/wp-content\/uploads\/2025\/05\/Ce-televiseur-de-85-pouces-tres-bien-note-est-de.png\",\"keywords\":[\"bien\",\"est\",\"moment\",\"Note\",\"pouces\",\"pr\u00e8s\",\"r\u00e9duction\",\"t\u00e9l\u00e9viseur\",\"tr\u00e8s\"],\"articleSection\":[\"Technologie\"],\"inLanguage\":\"fr-BE\"},{\"@type\":\"WebPage\",\"@id\":\"https:\/\/vieassociative.be\/actualites\/ce-televiseur-de-85-pouces-tres-bien-note-est-de-pres-de-500-de-reduction-en-ce-moment\/\",\"url\":\"https:\/\/vieassociative.be\/actualites\/ce-televiseur-de-85-pouces-tres-bien-note-est-de-pres-de-500-de-reduction-en-ce-moment\/\",\"name\":\"Ce t\u00e9l\u00e9viseur de 85 pouces tr\u00e8s bien not\u00e9 est de pr\u00e8s de 500 $ de r\u00e9duction en ce moment | Vie Associative\",\"isPartOf\":{\"@id\":\"https:\/\/vieassociative.be\/actualites\/#website\"},\"primaryImageOfPage\":{\"@id\":\"https:\/\/vieassociative.be\/actualites\/ce-televiseur-de-85-pouces-tres-bien-note-est-de-pres-de-500-de-reduction-en-ce-moment\/#primaryimage\"},\"image\":{\"@id\":\"https:\/\/vieassociative.be\/actualites\/ce-televiseur-de-85-pouces-tres-bien-note-est-de-pres-de-500-de-reduction-en-ce-moment\/#primaryimage\"},\"thumbnailUrl\":\"https:\/\/vieassociative.be\/actualites\/wp-content\/uploads\/2025\/05\/Ce-televiseur-de-85-pouces-tres-bien-note-est-de.png\",\"datePublished\":\"2025-05-30T13:17:58+00:00\",\"dateModified\":\"2025-05-30T13:17:58+00:00\",\"breadcrumb\":{\"@id\":\"https:\/\/vieassociative.be\/actualites\/ce-televiseur-de-85-pouces-tres-bien-note-est-de-pres-de-500-de-reduction-en-ce-moment\/#breadcrumb\"},\"inLanguage\":\"fr-BE\",\"potentialAction\":[{\"@type\":\"ReadAction\",\"target\":[\"https:\/\/vieassociative.be\/actualites\/ce-televiseur-de-85-pouces-tres-bien-note-est-de-pres-de-500-de-reduction-en-ce-moment\/\"]}]},{\"@type\":\"ImageObject\",\"inLanguage\":\"fr-BE\",\"@id\":\"https:\/\/vieassociative.be\/actualites\/ce-televiseur-de-85-pouces-tres-bien-note-est-de-pres-de-500-de-reduction-en-ce-moment\/#primaryimage\",\"url\":\"https:\/\/vieassociative.be\/actualites\/wp-content\/uploads\/2025\/05\/Ce-televiseur-de-85-pouces-tres-bien-note-est-de.png\",\"contentUrl\":\"https:\/\/vieassociative.be\/actualites\/wp-content\/uploads\/2025\/05\/Ce-televiseur-de-85-pouces-tres-bien-note-est-de.png\",\"width\":1200,\"height\":675,\"caption\":\"Ce t\u00e9l\u00e9viseur de 85 pouces tr\u00e8s bien not\u00e9 est de pr\u00e8s de 500 $ de r\u00e9duction en ce moment\"},{\"@type\":\"BreadcrumbList\",\"@id\":\"https:\/\/vieassociative.be\/actualites\/ce-televiseur-de-85-pouces-tres-bien-note-est-de-pres-de-500-de-reduction-en-ce-moment\/#breadcrumb\",\"itemListElement\":[{\"@type\":\"ListItem\",\"position\":1,\"name\":\"Accueil\",\"item\":\"https:\/\/vieassociative.be\/actualites\/\"},{\"@type\":\"ListItem\",\"position\":2,\"name\":\"Ce t\u00e9l\u00e9viseur de 85 pouces tr\u00e8s bien not\u00e9 est de pr\u00e8s de 500 $ de r\u00e9duction en ce moment\"}]},{\"@type\":\"WebSite\",\"@id\":\"https:\/\/vieassociative.be\/actualites\/#website\",\"url\":\"https:\/\/vieassociative.be\/actualites\/\",\"name\":\"Vie Associative\",\"description\":\"\",\"publisher\":{\"@id\":\"https:\/\/vieassociative.be\/actualites\/#organization\"},\"potentialAction\":[{\"@type\":\"SearchAction\",\"target\":{\"@type\":\"EntryPoint\",\"urlTemplate\":\"https:\/\/vieassociative.be\/actualites\/?s={search_term_string}\"},\"query-input\":{\"@type\":\"PropertyValueSpecification\",\"valueRequired\":true,\"valueName\":\"search_term_string\"}}],\"inLanguage\":\"fr-BE\"},{\"@type\":\"Organization\",\"@id\":\"https:\/\/vieassociative.be\/actualites\/#organization\",\"name\":\"Vie Associative\",\"url\":\"https:\/\/vieassociative.be\/actualites\/\",\"logo\":{\"@type\":\"ImageObject\",\"inLanguage\":\"fr-BE\",\"@id\":\"https:\/\/vieassociative.be\/actualites\/#\/schema\/logo\/image\/\",\"url\":\"https:\/\/vieassociative.be\/actualites\/wp-content\/uploads\/2024\/09\/cropped-vieassociative_favicon.ico.png\",\"contentUrl\":\"https:\/\/vieassociative.be\/actualites\/wp-content\/uploads\/2024\/09\/cropped-vieassociative_favicon.ico.png\",\"width\":512,\"height\":512,\"caption\":\"Vie Associative\"},\"image\":{\"@id\":\"https:\/\/vieassociative.be\/actualites\/#\/schema\/logo\/image\/\"}},{\"@type\":\"Person\",\"@id\":\"https:\/\/vieassociative.be\/actualites\/#\/schema\/person\/b87ac4f82f9d4e7b7cec7395b679edc4\",\"name\":\"Julien\",\"image\":{\"@type\":\"ImageObject\",\"inLanguage\":\"fr-BE\",\"@id\":\"https:\/\/vieassociative.be\/actualites\/#\/schema\/person\/image\/\",\"url\":\"https:\/\/vieassociative.be\/actualites\/wp-content\/uploads\/2024\/09\/vie-associative-1-150x150.jpg\",\"contentUrl\":\"https:\/\/vieassociative.be\/actualites\/wp-content\/uploads\/2024\/09\/vie-associative-1-150x150.jpg\",\"caption\":\"Julien\"},\"description\":\"Je suis Julien, r\u00e9dacteur pour Vie Associative. Passionn\u00e9 par le monde associatif depuis plus de 10 ans, j'ai \u00e0 c\u0153ur de partager des histoires inspirantes et de mettre en lumi\u00e8re les initiatives locales. Mon objectif est de sensibiliser et d'encourager l'engagement communautaire \u00e0 travers mes articles.\",\"sameAs\":[\"https:\/\/vieassociative.be\/\"]}]}<\/script>\n<!-- \/ Yoast SEO plugin. -->","yoast_head_json":{"title":"Ce t\u00e9l\u00e9viseur de 85 pouces tr\u00e8s bien not\u00e9 est de pr\u00e8s de 500 $ de r\u00e9duction en ce moment | Vie Associative","robots":{"index":"index","follow":"follow","max-snippet":"max-snippet:-1","max-image-preview":"max-image-preview:large","max-video-preview":"max-video-preview:-1"},"canonical":"https:\/\/vieassociative.be\/actualites\/ce-televiseur-de-85-pouces-tres-bien-note-est-de-pres-de-500-de-reduction-en-ce-moment\/","og_locale":"fr_FR","og_type":"article","og_title":"Ce t\u00e9l\u00e9viseur de 85 pouces tr\u00e8s bien not\u00e9 est de pr\u00e8s de 500 $ de r\u00e9duction en ce moment | Vie Associative","og_description":"85 pouces, c&rsquo;est beaucoup d&rsquo;\u00e9cran pour moins de 800 $. Si vous attendiez une affaire de t\u00e9l\u00e9vision \u00e0 grand \u00e9cran qui ne n\u00e9cessite pas d&rsquo;\u00e9nergie","og_url":"https:\/\/vieassociative.be\/actualites\/ce-televiseur-de-85-pouces-tres-bien-note-est-de-pres-de-500-de-reduction-en-ce-moment\/","og_site_name":"Vie Associative","article_published_time":"2025-05-30T13:17:58+00:00","og_image":[{"url":"https:\/\/vieassociative.be\/actualites\/wp-content\/uploads\/2025\/05\/Ce-televiseur-de-85-pouces-tres-bien-note-est-de.svg.svg+xml","type":"","width":"","height":""}],"author":"Julien","twitter_card":"summary_large_image","twitter_misc":{"\u00c9crit par":"Julien","Dur\u00e9e de lecture est.":"2 minutes"},"schema":{"@context":"https:\/\/schema.org","@graph":[{"@type":"Article","@id":"https:\/\/vieassociative.be\/actualites\/ce-televiseur-de-85-pouces-tres-bien-note-est-de-pres-de-500-de-reduction-en-ce-moment\/#article","isPartOf":{"@id":"https:\/\/vieassociative.be\/actualites\/ce-televiseur-de-85-pouces-tres-bien-note-est-de-pres-de-500-de-reduction-en-ce-moment\/"},"author":{"name":"Julien","@id":"https:\/\/vieassociative.be\/actualites\/#\/schema\/person\/b87ac4f82f9d4e7b7cec7395b679edc4"},"headline":"Ce t\u00e9l\u00e9viseur de 85 pouces tr\u00e8s bien not\u00e9 est de pr\u00e8s de 500 $ de r\u00e9duction en ce moment","datePublished":"2025-05-30T13:17:58+00:00","dateModified":"2025-05-30T13:17:58+00:00","mainEntityOfPage":{"@id":"https:\/\/vieassociative.be\/actualites\/ce-televiseur-de-85-pouces-tres-bien-note-est-de-pres-de-500-de-reduction-en-ce-moment\/"},"wordCount":455,"publisher":{"@id":"https:\/\/vieassociative.be\/actualites\/#organization"},"image":{"@id":"https:\/\/vieassociative.be\/actualites\/ce-televiseur-de-85-pouces-tres-bien-note-est-de-pres-de-500-de-reduction-en-ce-moment\/#primaryimage"},"thumbnailUrl":"https:\/\/vieassociative.be\/actualites\/wp-content\/uploads\/2025\/05\/Ce-televiseur-de-85-pouces-tres-bien-note-est-de.png","keywords":["bien","est","moment","Note","pouces","pr\u00e8s","r\u00e9duction","t\u00e9l\u00e9viseur","tr\u00e8s"],"articleSection":["Technologie"],"inLanguage":"fr-BE"},{"@type":"WebPage","@id":"https:\/\/vieassociative.be\/actualites\/ce-televiseur-de-85-pouces-tres-bien-note-est-de-pres-de-500-de-reduction-en-ce-moment\/","url":"https:\/\/vieassociative.be\/actualites\/ce-televiseur-de-85-pouces-tres-bien-note-est-de-pres-de-500-de-reduction-en-ce-moment\/","name":"Ce t\u00e9l\u00e9viseur de 85 pouces tr\u00e8s bien not\u00e9 est de pr\u00e8s de 500 $ de r\u00e9duction en ce moment | Vie Associative","isPartOf":{"@id":"https:\/\/vieassociative.be\/actualites\/#website"},"primaryImageOfPage":{"@id":"https:\/\/vieassociative.be\/actualites\/ce-televiseur-de-85-pouces-tres-bien-note-est-de-pres-de-500-de-reduction-en-ce-moment\/#primaryimage"},"image":{"@id":"https:\/\/vieassociative.be\/actualites\/ce-televiseur-de-85-pouces-tres-bien-note-est-de-pres-de-500-de-reduction-en-ce-moment\/#primaryimage"},"thumbnailUrl":"https:\/\/vieassociative.be\/actualites\/wp-content\/uploads\/2025\/05\/Ce-televiseur-de-85-pouces-tres-bien-note-est-de.png","datePublished":"2025-05-30T13:17:58+00:00","dateModified":"2025-05-30T13:17:58+00:00","breadcrumb":{"@id":"https:\/\/vieassociative.be\/actualites\/ce-televiseur-de-85-pouces-tres-bien-note-est-de-pres-de-500-de-reduction-en-ce-moment\/#breadcrumb"},"inLanguage":"fr-BE","potentialAction":[{"@type":"ReadAction","target":["https:\/\/vieassociative.be\/actualites\/ce-televiseur-de-85-pouces-tres-bien-note-est-de-pres-de-500-de-reduction-en-ce-moment\/"]}]},{"@type":"ImageObject","inLanguage":"fr-BE","@id":"https:\/\/vieassociative.be\/actualites\/ce-televiseur-de-85-pouces-tres-bien-note-est-de-pres-de-500-de-reduction-en-ce-moment\/#primaryimage","url":"https:\/\/vieassociative.be\/actualites\/wp-content\/uploads\/2025\/05\/Ce-televiseur-de-85-pouces-tres-bien-note-est-de.png","contentUrl":"https:\/\/vieassociative.be\/actualites\/wp-content\/uploads\/2025\/05\/Ce-televiseur-de-85-pouces-tres-bien-note-est-de.png","width":1200,"height":675,"caption":"Ce t\u00e9l\u00e9viseur de 85 pouces tr\u00e8s bien not\u00e9 est de pr\u00e8s de 500 $ de r\u00e9duction en ce moment"},{"@type":"BreadcrumbList","@id":"https:\/\/vieassociative.be\/actualites\/ce-televiseur-de-85-pouces-tres-bien-note-est-de-pres-de-500-de-reduction-en-ce-moment\/#breadcrumb","itemListElement":[{"@type":"ListItem","position":1,"name":"Accueil","item":"https:\/\/vieassociative.be\/actualites\/"},{"@type":"ListItem","position":2,"name":"Ce t\u00e9l\u00e9viseur de 85 pouces tr\u00e8s bien not\u00e9 est de pr\u00e8s de 500 $ de r\u00e9duction en ce moment"}]},{"@type":"WebSite","@id":"https:\/\/vieassociative.be\/actualites\/#website","url":"https:\/\/vieassociative.be\/actualites\/","name":"Vie Associative","description":"","publisher":{"@id":"https:\/\/vieassociative.be\/actualites\/#organization"},"potentialAction":[{"@type":"SearchAction","target":{"@type":"EntryPoint","urlTemplate":"https:\/\/vieassociative.be\/actualites\/?s={search_term_string}"},"query-input":{"@type":"PropertyValueSpecification","valueRequired":true,"valueName":"search_term_string"}}],"inLanguage":"fr-BE"},{"@type":"Organization","@id":"https:\/\/vieassociative.be\/actualites\/#organization","name":"Vie Associative","url":"https:\/\/vieassociative.be\/actualites\/","logo":{"@type":"ImageObject","inLanguage":"fr-BE","@id":"https:\/\/vieassociative.be\/actualites\/#\/schema\/logo\/image\/","url":"https:\/\/vieassociative.be\/actualites\/wp-content\/uploads\/2024\/09\/cropped-vieassociative_favicon.ico.png","contentUrl":"https:\/\/vieassociative.be\/actualites\/wp-content\/uploads\/2024\/09\/cropped-vieassociative_favicon.ico.png","width":512,"height":512,"caption":"Vie Associative"},"image":{"@id":"https:\/\/vieassociative.be\/actualites\/#\/schema\/logo\/image\/"}},{"@type":"Person","@id":"https:\/\/vieassociative.be\/actualites\/#\/schema\/person\/b87ac4f82f9d4e7b7cec7395b679edc4","name":"Julien","image":{"@type":"ImageObject","inLanguage":"fr-BE","@id":"https:\/\/vieassociative.be\/actualites\/#\/schema\/person\/image\/","url":"https:\/\/vieassociative.be\/actualites\/wp-content\/uploads\/2024\/09\/vie-associative-1-150x150.jpg","contentUrl":"https:\/\/vieassociative.be\/actualites\/wp-content\/uploads\/2024\/09\/vie-associative-1-150x150.jpg","caption":"Julien"},"description":"Je suis Julien, r\u00e9dacteur pour Vie Associative. Passionn\u00e9 par le monde associatif depuis plus de 10 ans, j'ai \u00e0 c\u0153ur de partager des histoires inspirantes et de mettre en lumi\u00e8re les initiatives locales. Mon objectif est de sensibiliser et d'encourager l'engagement communautaire \u00e0 travers mes articles.","sameAs":["https:\/\/vieassociative.be\/"]}]}},"_links":{"self":[{"href":"https:\/\/vieassociative.be\/actualites\/wp-json\/wp\/v2\/posts\/7871"}],"collection":[{"href":"https:\/\/vieassociative.be\/actualites\/wp-json\/wp\/v2\/posts"}],"about":[{"href":"https:\/\/vieassociative.be\/actualites\/wp-json\/wp\/v2\/types\/post"}],"author":[{"embeddable":true,"href":"https:\/\/vieassociative.be\/actualites\/wp-json\/wp\/v2\/users\/1"}],"replies":[{"embeddable":true,"href":"https:\/\/vieassociative.be\/actualites\/wp-json\/wp\/v2\/comments?post=7871"}],"version-history":[{"count":0,"href":"https:\/\/vieassociative.be\/actualites\/wp-json\/wp\/v2\/posts\/7871\/revisions"}],"wp:featuredmedia":[{"embeddable":true,"href":"https:\/\/vieassociative.be\/actualites\/wp-json\/wp\/v2\/media\/7872"}],"wp:attachment":[{"href":"https:\/\/vieassociative.be\/actualites\/wp-json\/wp\/v2\/media?parent=7871"}],"wp:term":[{"taxonomy":"category","embeddable":true,"href":"https:\/\/vieassociative.be\/actualites\/wp-json\/wp\/v2\/categories?post=7871"},{"taxonomy":"post_tag","embeddable":true,"href":"https:\/\/vieassociative.be\/actualites\/wp-json\/wp\/v2\/tags?post=7871"}],"curies":[{"name":"wp","href":"https:\/\/api.w.org\/{rel}","templated":true}]}}