{"id":7866,"date":"2025-05-30T09:24:42","date_gmt":"2025-05-30T07:24:42","guid":{"rendered":"https:\/\/vieassociative.be\/actualites\/cest-pourquoi-strava-roule-sur-vos-kilometres\/"},"modified":"2025-05-30T09:24:42","modified_gmt":"2025-05-30T07:24:42","slug":"cest-pourquoi-strava-roule-sur-vos-kilometres","status":"publish","type":"post","link":"https:\/\/vieassociative.be\/actualites\/cest-pourquoi-strava-roule-sur-vos-kilometres\/","title":{"rendered":"C&rsquo;est pourquoi Strava roule sur vos kilom\u00e8tres"},"content":{"rendered":"<div class=\"mt-4 leading-6 md:mb-8\">Pourquoi ma course parfaite de 10 milles est-elle apparue \u00e0 9,99 miles? Il est temps pour un autre tour &#8230;<\/div>\n<p><\/p>\n<p>Vous franchissez la ligne d&rsquo;arriv\u00e9e apr\u00e8s ce qui ressemble \u00e0 une course parfaite de 10 miles et votre montre bip triomphalement, affichant ce beau num\u00e9ro rond: <strong>10,00 miles<\/strong>. Vous composez d\u00e9j\u00e0 votre message sur les r\u00e9seaux sociaux dans votre t\u00eate. Ensuite, vous t\u00e9l\u00e9chargez sur Strava et &#8211; Betrayal. Votre activit\u00e9 montre 9,99 miles. Cela peut sembler un bug, mais comme l&rsquo;explique Strava, c&rsquo;est beaucoup par conception.<\/p>\n<p>Bienvenue dans la \u00ab\u00a0taxe Strava\u00a0\u00bb, le ph\u00e9nom\u00e8ne qui a engendr\u00e9 des m\u00e8mes, des conseils et probablement quelques boucles suppl\u00e9mentaires autour des parkings alors que les coureurs essaient d\u00e9sesp\u00e9r\u00e9ment de frapper ce num\u00e9ro de ronde magique.<\/p>\n<h2 id=\"whats-really-happening-when-strava-rounds-down\">Que se passe-t-il vraiment lorsque Strava arrondie?<\/h2>\n<p>La taxe de Strava n&rsquo;est pas en fait Strava \u00e9tant mesquins ou \u00e9cum\u00e9es \u00e0 distance de vos r\u00e9alisations. C&rsquo;est plus une collision entre la pr\u00e9cision math\u00e9matique et la r\u00e9alit\u00e9 d\u00e9sordonn\u00e9e de la fa\u00e7on dont les diff\u00e9rents appareils g\u00e8rent les donn\u00e9es GPS.<\/p>\n<p>Voici la chose: lorsque votre montre affiche 10,00 miles, ce n&rsquo;est souvent pas ce qu&rsquo;il a r\u00e9ellement enregistr\u00e9. Les donn\u00e9es GPS brutes peuvent afficher 9,993 milles, 9,996 miles ou 10,001 miles. Ton <em>montre <\/em>Arr\u00eate cela \u00e0 un bon 10,00 propre \u00e0 des fins d&rsquo;affichage &#8211; parce que qui veut voir 9,99634 miles \u00e0 leur poignet?<\/p>\n<p>Ainsi, votre montre et vos applications n&rsquo;affichent pas seulement les donn\u00e9es GPS brutes &#8211; elles les \u00ab\u00a0am\u00e9liorent\u00a0\u00bb. Ils lissent les oscillations GPS, corrigent les erreurs \u00e9videntes et ajoutent parfois leurs propres interpr\u00e9tations de l&rsquo;endroit o\u00f9 vous \u00eates r\u00e9ellement all\u00e9. Votre Garmin pourrait penser que vous avez travers\u00e9 ce b\u00e2timent (en particulier lorsque les cartes AI prennent le dessus), tandis que le GPS de votre t\u00e9l\u00e9phone lisse votre itin\u00e9raire pour suivre le trottoir.<\/p>\n<p>Diff\u00e9rents fabricants g\u00e8rent cette incoh\u00e9rence de donn\u00e9es de diff\u00e9rentes mani\u00e8res. M\u00eame les appareils du m\u00eame fabricant peuvent afficher diff\u00e9remment les donn\u00e9es GPS identiques, selon le mod\u00e8le, la version du micrologiciel ou m\u00eame les algorithmes sp\u00e9cifiques fonctionnant sur chaque appareil. Certains appareils afficheront 1,00 km d\u00e8s que vous atteignez 991 m\u00e8tres (0,991 km), tandis que d&rsquo;autres attendent de terminer un kilom\u00e8tre complet. C&rsquo;est comme avoir des d\u00e9finitions diff\u00e9rentes de ce que signifie \u00ab\u00a0assez proche\u00a0\u00bb.<\/p>\n<p>Au-del\u00e0 de cela, les d\u00e9finitions de mile ne sont pas r\u00e9ellement universelles. On pourrait penser qu&rsquo;un mile est un mile, non? Pas dans le monde des appareils de fitness. La d\u00e9finition pr\u00e9cise est de 1609.344 m\u00e8tres, mais certains appareils utilisent 1609 m\u00e8tres pour simplifier. Cette petite diff\u00e9rence s&rsquo;additionne sur des distances plus longues.<\/p>\n<p>Mais Strava adopte une approche diff\u00e9rente. Lorsque vous affichez des distances, Strava Rounds <em>vers le bas<\/em> plut\u00f4t que d&rsquo;utiliser des r\u00e8gles d&rsquo;arrondi standard. De sorte que 9,993 miles devient 9,99 milles sur votre page d&rsquo;activit\u00e9, pas 10,00 miles.<\/p>\n<h2 id=\"why-strava-rounds-down\">Pourquoi Strava arrondis<\/h2>\n<p>Strava se trouve souvent au milieu de diff\u00e9rents fabricants et appareils. Imaginez si Strava a appliqu\u00e9 les m\u00eames algorithmes \u00ab\u00a0d&rsquo;am\u00e9lioration\u00a0\u00bb que votre Garmin utilise aux donn\u00e9es provenant d&rsquo;une Apple Watch. Les donn\u00e9es Apple pourraient \u00eatre \u00e0 double transformation, potentiellement gonfl\u00e9es. Ou s&rsquo;il a utilis\u00e9 le lissage des donn\u00e9es d&rsquo;Apple, cela pourrait en fait r\u00e9duire la pr\u00e9cision.<\/p>\n<p>Au lieu de cela, Strava adopte une approche conservatrice: elle affiche les donn\u00e9es aussi proches que possible, en utilisant des r\u00e8gles d&rsquo;arrondi coh\u00e9rentes sur tous les appareils. Cela signifie que parfois vos beaux num\u00e9ros ronds sont tronqu\u00e9s, mais cela signifie \u00e9galement qu&rsquo;un 10 km d&rsquo;un Garmin est trait\u00e9 de la m\u00eame mani\u00e8re qu&rsquo;un 10 km d&rsquo;une Apple Watch.<\/p>\n<div class=\"pogoClear relative my-10 border-b-(1.5px) border-t-(1.5px) border-dashed border-black py-5 sm:my-14 sm:border-0 sm:py-0\" data-ga-click data-ga-template=\"Explainers\" data-ga-module=\"openweb_widget\" data-ga-element=\"openweb_scroll\" data-ga-item=\"openweb_scroll_midpage\" x-data=\"{\n         commentsCount: null,\n         hasComments: false,\n         async fetchCommentsCount() {\n             try {\n                 if (window.openweb &amp;&amp; typeof window.openweb.getMessagesCount === 'function') {\n                     this.commentsCount = await window.openweb.getMessagesCount('01JWEPER19K9ADJX4PK067JR29');\n                     this.hasComments = this.commentsCount !== null &amp;&amp; this.commentsCount &gt; 0;\n                 }\n             } catch (e) {\n                 console.warn('Failed to fetch comment count:', e);\n             }\n         }\n     }\" x-init=\"fetchCommentsCount()\" x-cloak><\/p>\n<div class=\"absolute top-1\/2 hidden w-full -translate-y-1\/2 border-t-(1.5px) border-dashed border-black sm:block\"><\/div>\n<div class=\"relative flex justify-center\">\n<div class=\"flex max-w-fit items-center gap-x-3 bg-white px-5\">\n<div class=\"relative\">\n                <span class=\"absolute left-1\/2 top-1\/2 -translate-x-1\/2 -translate-y-1\/2 font-akshar text-sm font-medium text-black\" aria-live=\"polite\" x-show=\"hasComments\" x-text=\"commentsCount\"><\/span><\/p>\n<p>                <svg class=\"h-8 w-8 text-black\" role=\"img\" aria-hidden=\"true\">\n                    <use href=\"http:\/\/lifehacker.com\/images\/icons\/spritemap.svg#sprite-chat-bubble\"><\/use>\n                <\/svg>\n            <\/div>\n<p>            <span class=\"text-sm font-medium text-black\"><\/p>\n<p>                Que pensez-vous jusqu&rsquo;\u00e0 pr\u00e9sent?<br \/>\n                <button class=\"ml-1 font-semibold text-brand-green underline hover:text-brand-green-700\" type=\"button\" aria-label=\"Comment section trigger\" onclick=\"window.openweb.scrollToComments('01JWEPER19K9ADJX4PK067JR29')\" x-text=\"hasComments ? 'Post a comment.' : 'Be the first to post a comment.'\"><\/button><br \/>\n            <\/span>\n        <\/div>\n<\/p><\/div>\n<\/div>\n<p>Zoom out, en ce qui concerne le suivi du fitness, il est utile de se rappeler que les chiffres que nous voyons sont souvent plus compliqu\u00e9s qu&rsquo;ils n&rsquo;apparaissent. Nous savons tous que le GPS n&rsquo;est pas parfait. Pensez-y: votre appareil essaie de suivre votre position \u00e0 l&rsquo;aide de satellites \u00e0 plus de 12 000 miles au-dessus de la Terre. Les arbres, les b\u00e2timents, les conditions m\u00e9t\u00e9orologiques et m\u00eame l&rsquo;activit\u00e9 solaire peuvent affecter la pr\u00e9cision. \u00c0 quelle fr\u00e9quence enregistrer des points, comment connecter les points entre les points, comment filtrer les erreurs \u00e9videntes, comment g\u00e9rer les donn\u00e9es manquantes &#8211; chaque fabricant fait diff\u00e9rents choix. Le choix de Strava, dans ses propres mots, est de \u00ab\u00a0se tromper du c\u00f4t\u00e9 de la prudence plut\u00f4t que de laisser la pr\u00e9cision de nos dossiers commence \u00e0 diluer\u00a0\u00bb.<\/p>\n<h2 id=\"tips-to-live-with-the-strava-tax\">Conseils pour vivre avec la taxe Strava<\/h2>\n<p>\u00c0 la fin de la journ\u00e9e, il y a une raison plus profonde pour laquelle tant de coureurs se lient sur les m\u00e8mes de taxe Strava. La taxe Strava exploite quelque chose de plus que la pr\u00e9cision de la mesure &#8211; elle frappe notre relation psychologique avec des nombres ronds. Il y a quelque chose de profond\u00e9ment satisfaisant \u00e0 compl\u00e9ter exactement 10 miles, 5 km ou 100 kilom\u00e8tres. Ces chiffres semblent complets, accomplis, dignes de c\u00e9l\u00e9bration.<\/p>\n<p>Lorsque Strava affiche 9,99 miles au lieu de 10,00, il ne supprime pas seulement un centi\u00e8me de mile &#8211; il supprime la satisfaction psychologique de franchir cette \u00e9tape. C&rsquo;est la diff\u00e9rence entre \u00ab\u00a0J&rsquo;ai couru 10 miles!\u00a0\u00bb Et \u00ab\u00a0J&rsquo;ai couru &#8230; eh bien, essentiellement 10 miles.\u00a0\u00bb<\/p>\n<p>C&rsquo;est pourquoi vous voyez des coureurs faire des boucles suppl\u00e9mentaires autour des parkings, des cyclistes roulant dans leurs all\u00e9es et des fils de forum d\u00e9battant si 9,99 miles compte comme une course de 10 milles. Il ne s&rsquo;agit pas vraiment des 0,01 miles &#8211; il s&rsquo;agit de l&rsquo;histoire que nous nous racontons et des autres sur nos r\u00e9alisations.<\/p>\n<p>Alors, que doit faire un athl\u00e8te obs\u00e9d\u00e9 par les donn\u00e9es? Quelques strat\u00e9gies:<\/p>\n<ul>\n<li>\n<p><strong>Embrasser la gamme<\/strong>: Au lieu de se fixer sur la touche exactement 10,00 miles, pensez dans des gammes. Une course de 9,98-10,02 milles est essentiellement la m\u00eame chose &#8211; vous avez couru environ 10 miles.<\/p>\n<\/li>\n<li>\n<p><strong>Connaissez votre appareil<\/strong>: Apprenez comment votre montre ou votre t\u00e9l\u00e9phone sp\u00e9cifique g\u00e8re le calcul de la distance. Certains appareils vous permettent de calibrer des mesures de distance ou de choisir diff\u00e9rents param\u00e8tres GPS qui pourraient \u00eatre plus ou moins agressifs dans leur traitement.<\/p>\n<\/li>\n<li>\n<p><strong>Concentrez-vous sur les tendances<\/strong>: Les variations quotidiennes de la mesure de la distance comptent moins que les tendances \u00e0 long terme. Calculez-vous plus loin ce mois-ci que le mois dernier? C&rsquo;est plus significatif que le fait que la course de mardi \u00e9tait de 5,99 ou 6,01 miles.<\/p>\n<\/li>\n<li>\n<p><strong>Planifier \u00e0 l&rsquo;avance<\/strong>: Si une touche exacte est importante pour vous, planifiez des itin\u00e9raires qui vous donnent un petit tampon. Visez 10,1 miles si vous souhaitez vous assurer de frapper au moins 10,0 sur Strava.<\/p>\n<\/li>\n<\/ul>\n<p>La taxe de Strava peut \u00eatre ennuyeuse, mais chaque fois que vous jetez un coup d&rsquo;\u0153il \u00e0 votre montre et que vous voyez une distance, rappelez-vous: il y a une constellation par satellite, plusieurs algorithmes et des d\u00e9cisions d&rsquo;ing\u00e9nierie de plusieurs soci\u00e9t\u00e9s qui travaillent ensemble pour vous donner ce nombre. Et parfois, malgr\u00e9 toute cette technologie, vous vous retrouvez toujours avec 9,99 miles. Mais bon &#8211; vous avez toujours couru la distance. Les satellites GPS ne vous jugent pas, et vous non plus.<\/p>\n","protected":false},"excerpt":{"rendered":"<p>Pourquoi ma course parfaite de 10 milles est-elle apparue \u00e0 9,99 miles? Il est temps pour un autre tour &#8230; Vous franchissez la ligne d&rsquo;arriv\u00e9e<\/p>\n","protected":false},"author":1,"featured_media":7867,"comment_status":"","ping_status":"","sticky":false,"template":"","format":"standard","meta":{"footnotes":""},"categories":[38],"tags":[362,7229,734,7228,4565,33,27],"class_list":["post-7866","post","type-post","status-publish","format-standard","has-post-thumbnail","hentry","category-sante","tag-cest","tag-kilometres","tag-pourquoi","tag-roule","tag-strava","tag-sur","tag-vos","generate-columns","tablet-grid-50","mobile-grid-100","grid-parent","grid-33"],"yoast_head":"<!-- This site is optimized with the Yoast SEO plugin v24.0 - https:\/\/yoast.com\/wordpress\/plugins\/seo\/ -->\n<title>C&#039;est pourquoi Strava roule sur vos kilom\u00e8tres | Vie Associative<\/title>\n<meta name=\"robots\" content=\"index, follow, max-snippet:-1, max-image-preview:large, max-video-preview:-1\" \/>\n<link rel=\"canonical\" href=\"https:\/\/vieassociative.be\/actualites\/cest-pourquoi-strava-roule-sur-vos-kilometres\/\" \/>\n<meta property=\"og:locale\" content=\"fr_FR\" \/>\n<meta property=\"og:type\" content=\"article\" \/>\n<meta property=\"og:title\" content=\"C&#039;est pourquoi Strava roule sur vos kilom\u00e8tres | Vie Associative\" \/>\n<meta property=\"og:description\" content=\"Pourquoi ma course parfaite de 10 milles est-elle apparue \u00e0 9,99 miles? Il est temps pour un autre tour &#8230; Vous franchissez la ligne d&rsquo;arriv\u00e9e\" \/>\n<meta property=\"og:url\" content=\"https:\/\/vieassociative.be\/actualites\/cest-pourquoi-strava-roule-sur-vos-kilometres\/\" \/>\n<meta property=\"og:site_name\" content=\"Vie Associative\" \/>\n<meta property=\"article:published_time\" content=\"2025-05-30T07:24:42+00:00\" \/>\n<meta property=\"og:image\" content=\"https:\/\/vieassociative.be\/actualites\/wp-content\/uploads\/2024\/09\/header_backgroundk-01-e1726694325946.png\" \/>\n\t<meta property=\"og:image:width\" content=\"279\" \/>\n\t<meta property=\"og:image:height\" content=\"92\" \/>\n\t<meta property=\"og:image:type\" content=\"image\/png\" \/>\n<meta name=\"author\" content=\"Julien\" \/>\n<meta name=\"twitter:card\" content=\"summary_large_image\" \/>\n<meta name=\"twitter:label1\" content=\"\u00c9crit par\" \/>\n\t<meta name=\"twitter:data1\" content=\"Julien\" \/>\n\t<meta name=\"twitter:label2\" content=\"Dur\u00e9e de lecture est.\" \/>\n\t<meta name=\"twitter:data2\" content=\"6 minutes\" \/>\n<script type=\"application\/ld+json\" class=\"yoast-schema-graph\">{\"@context\":\"https:\/\/schema.org\",\"@graph\":[{\"@type\":\"Article\",\"@id\":\"https:\/\/vieassociative.be\/actualites\/cest-pourquoi-strava-roule-sur-vos-kilometres\/#article\",\"isPartOf\":{\"@id\":\"https:\/\/vieassociative.be\/actualites\/cest-pourquoi-strava-roule-sur-vos-kilometres\/\"},\"author\":{\"name\":\"Julien\",\"@id\":\"https:\/\/vieassociative.be\/actualites\/#\/schema\/person\/b87ac4f82f9d4e7b7cec7395b679edc4\"},\"headline\":\"C&rsquo;est pourquoi Strava roule sur vos kilom\u00e8tres\",\"datePublished\":\"2025-05-30T07:24:42+00:00\",\"dateModified\":\"2025-05-30T07:24:42+00:00\",\"mainEntityOfPage\":{\"@id\":\"https:\/\/vieassociative.be\/actualites\/cest-pourquoi-strava-roule-sur-vos-kilometres\/\"},\"wordCount\":1273,\"publisher\":{\"@id\":\"https:\/\/vieassociative.be\/actualites\/#organization\"},\"image\":{\"@id\":\"https:\/\/vieassociative.be\/actualites\/cest-pourquoi-strava-roule-sur-vos-kilometres\/#primaryimage\"},\"thumbnailUrl\":\"https:\/\/vieassociative.be\/actualites\/wp-content\/uploads\/2025\/05\/Cest-pourquoi-Strava-roule-sur-vos-kilometres.png\",\"keywords\":[\"cest\",\"kilom\u00e8tres\",\"Pourquoi\",\"roule\",\"Strava\",\"sur\",\"vos\"],\"articleSection\":[\"Sant\u00e9\"],\"inLanguage\":\"fr-BE\"},{\"@type\":\"WebPage\",\"@id\":\"https:\/\/vieassociative.be\/actualites\/cest-pourquoi-strava-roule-sur-vos-kilometres\/\",\"url\":\"https:\/\/vieassociative.be\/actualites\/cest-pourquoi-strava-roule-sur-vos-kilometres\/\",\"name\":\"C'est pourquoi Strava roule sur vos kilom\u00e8tres | Vie Associative\",\"isPartOf\":{\"@id\":\"https:\/\/vieassociative.be\/actualites\/#website\"},\"primaryImageOfPage\":{\"@id\":\"https:\/\/vieassociative.be\/actualites\/cest-pourquoi-strava-roule-sur-vos-kilometres\/#primaryimage\"},\"image\":{\"@id\":\"https:\/\/vieassociative.be\/actualites\/cest-pourquoi-strava-roule-sur-vos-kilometres\/#primaryimage\"},\"thumbnailUrl\":\"https:\/\/vieassociative.be\/actualites\/wp-content\/uploads\/2025\/05\/Cest-pourquoi-Strava-roule-sur-vos-kilometres.png\",\"datePublished\":\"2025-05-30T07:24:42+00:00\",\"dateModified\":\"2025-05-30T07:24:42+00:00\",\"breadcrumb\":{\"@id\":\"https:\/\/vieassociative.be\/actualites\/cest-pourquoi-strava-roule-sur-vos-kilometres\/#breadcrumb\"},\"inLanguage\":\"fr-BE\",\"potentialAction\":[{\"@type\":\"ReadAction\",\"target\":[\"https:\/\/vieassociative.be\/actualites\/cest-pourquoi-strava-roule-sur-vos-kilometres\/\"]}]},{\"@type\":\"ImageObject\",\"inLanguage\":\"fr-BE\",\"@id\":\"https:\/\/vieassociative.be\/actualites\/cest-pourquoi-strava-roule-sur-vos-kilometres\/#primaryimage\",\"url\":\"https:\/\/vieassociative.be\/actualites\/wp-content\/uploads\/2025\/05\/Cest-pourquoi-Strava-roule-sur-vos-kilometres.png\",\"contentUrl\":\"https:\/\/vieassociative.be\/actualites\/wp-content\/uploads\/2025\/05\/Cest-pourquoi-Strava-roule-sur-vos-kilometres.png\",\"width\":1200,\"height\":675,\"caption\":\"C'est pourquoi Strava roule sur vos kilom\u00e8tres\"},{\"@type\":\"BreadcrumbList\",\"@id\":\"https:\/\/vieassociative.be\/actualites\/cest-pourquoi-strava-roule-sur-vos-kilometres\/#breadcrumb\",\"itemListElement\":[{\"@type\":\"ListItem\",\"position\":1,\"name\":\"Accueil\",\"item\":\"https:\/\/vieassociative.be\/actualites\/\"},{\"@type\":\"ListItem\",\"position\":2,\"name\":\"C&rsquo;est pourquoi Strava roule sur vos kilom\u00e8tres\"}]},{\"@type\":\"WebSite\",\"@id\":\"https:\/\/vieassociative.be\/actualites\/#website\",\"url\":\"https:\/\/vieassociative.be\/actualites\/\",\"name\":\"Vie Associative\",\"description\":\"\",\"publisher\":{\"@id\":\"https:\/\/vieassociative.be\/actualites\/#organization\"},\"potentialAction\":[{\"@type\":\"SearchAction\",\"target\":{\"@type\":\"EntryPoint\",\"urlTemplate\":\"https:\/\/vieassociative.be\/actualites\/?s={search_term_string}\"},\"query-input\":{\"@type\":\"PropertyValueSpecification\",\"valueRequired\":true,\"valueName\":\"search_term_string\"}}],\"inLanguage\":\"fr-BE\"},{\"@type\":\"Organization\",\"@id\":\"https:\/\/vieassociative.be\/actualites\/#organization\",\"name\":\"Vie Associative\",\"url\":\"https:\/\/vieassociative.be\/actualites\/\",\"logo\":{\"@type\":\"ImageObject\",\"inLanguage\":\"fr-BE\",\"@id\":\"https:\/\/vieassociative.be\/actualites\/#\/schema\/logo\/image\/\",\"url\":\"https:\/\/vieassociative.be\/actualites\/wp-content\/uploads\/2024\/09\/cropped-vieassociative_favicon.ico.png\",\"contentUrl\":\"https:\/\/vieassociative.be\/actualites\/wp-content\/uploads\/2024\/09\/cropped-vieassociative_favicon.ico.png\",\"width\":512,\"height\":512,\"caption\":\"Vie Associative\"},\"image\":{\"@id\":\"https:\/\/vieassociative.be\/actualites\/#\/schema\/logo\/image\/\"}},{\"@type\":\"Person\",\"@id\":\"https:\/\/vieassociative.be\/actualites\/#\/schema\/person\/b87ac4f82f9d4e7b7cec7395b679edc4\",\"name\":\"Julien\",\"image\":{\"@type\":\"ImageObject\",\"inLanguage\":\"fr-BE\",\"@id\":\"https:\/\/vieassociative.be\/actualites\/#\/schema\/person\/image\/\",\"url\":\"https:\/\/vieassociative.be\/actualites\/wp-content\/uploads\/2024\/09\/vie-associative-1-150x150.jpg\",\"contentUrl\":\"https:\/\/vieassociative.be\/actualites\/wp-content\/uploads\/2024\/09\/vie-associative-1-150x150.jpg\",\"caption\":\"Julien\"},\"description\":\"Je suis Julien, r\u00e9dacteur pour Vie Associative. Passionn\u00e9 par le monde associatif depuis plus de 10 ans, j'ai \u00e0 c\u0153ur de partager des histoires inspirantes et de mettre en lumi\u00e8re les initiatives locales. Mon objectif est de sensibiliser et d'encourager l'engagement communautaire \u00e0 travers mes articles.\",\"sameAs\":[\"https:\/\/vieassociative.be\/\"]}]}<\/script>\n<!-- \/ Yoast SEO plugin. -->","yoast_head_json":{"title":"C'est pourquoi Strava roule sur vos kilom\u00e8tres | Vie Associative","robots":{"index":"index","follow":"follow","max-snippet":"max-snippet:-1","max-image-preview":"max-image-preview:large","max-video-preview":"max-video-preview:-1"},"canonical":"https:\/\/vieassociative.be\/actualites\/cest-pourquoi-strava-roule-sur-vos-kilometres\/","og_locale":"fr_FR","og_type":"article","og_title":"C'est pourquoi Strava roule sur vos kilom\u00e8tres | Vie Associative","og_description":"Pourquoi ma course parfaite de 10 milles est-elle apparue \u00e0 9,99 miles? Il est temps pour un autre tour &#8230; Vous franchissez la ligne d&rsquo;arriv\u00e9e","og_url":"https:\/\/vieassociative.be\/actualites\/cest-pourquoi-strava-roule-sur-vos-kilometres\/","og_site_name":"Vie Associative","article_published_time":"2025-05-30T07:24:42+00:00","og_image":[{"width":279,"height":92,"url":"https:\/\/vieassociative.be\/actualites\/wp-content\/uploads\/2024\/09\/header_backgroundk-01-e1726694325946.png","type":"image\/png"}],"author":"Julien","twitter_card":"summary_large_image","twitter_misc":{"\u00c9crit par":"Julien","Dur\u00e9e de lecture est.":"6 minutes"},"schema":{"@context":"https:\/\/schema.org","@graph":[{"@type":"Article","@id":"https:\/\/vieassociative.be\/actualites\/cest-pourquoi-strava-roule-sur-vos-kilometres\/#article","isPartOf":{"@id":"https:\/\/vieassociative.be\/actualites\/cest-pourquoi-strava-roule-sur-vos-kilometres\/"},"author":{"name":"Julien","@id":"https:\/\/vieassociative.be\/actualites\/#\/schema\/person\/b87ac4f82f9d4e7b7cec7395b679edc4"},"headline":"C&rsquo;est pourquoi Strava roule sur vos kilom\u00e8tres","datePublished":"2025-05-30T07:24:42+00:00","dateModified":"2025-05-30T07:24:42+00:00","mainEntityOfPage":{"@id":"https:\/\/vieassociative.be\/actualites\/cest-pourquoi-strava-roule-sur-vos-kilometres\/"},"wordCount":1273,"publisher":{"@id":"https:\/\/vieassociative.be\/actualites\/#organization"},"image":{"@id":"https:\/\/vieassociative.be\/actualites\/cest-pourquoi-strava-roule-sur-vos-kilometres\/#primaryimage"},"thumbnailUrl":"https:\/\/vieassociative.be\/actualites\/wp-content\/uploads\/2025\/05\/Cest-pourquoi-Strava-roule-sur-vos-kilometres.png","keywords":["cest","kilom\u00e8tres","Pourquoi","roule","Strava","sur","vos"],"articleSection":["Sant\u00e9"],"inLanguage":"fr-BE"},{"@type":"WebPage","@id":"https:\/\/vieassociative.be\/actualites\/cest-pourquoi-strava-roule-sur-vos-kilometres\/","url":"https:\/\/vieassociative.be\/actualites\/cest-pourquoi-strava-roule-sur-vos-kilometres\/","name":"C'est pourquoi Strava roule sur vos kilom\u00e8tres | Vie Associative","isPartOf":{"@id":"https:\/\/vieassociative.be\/actualites\/#website"},"primaryImageOfPage":{"@id":"https:\/\/vieassociative.be\/actualites\/cest-pourquoi-strava-roule-sur-vos-kilometres\/#primaryimage"},"image":{"@id":"https:\/\/vieassociative.be\/actualites\/cest-pourquoi-strava-roule-sur-vos-kilometres\/#primaryimage"},"thumbnailUrl":"https:\/\/vieassociative.be\/actualites\/wp-content\/uploads\/2025\/05\/Cest-pourquoi-Strava-roule-sur-vos-kilometres.png","datePublished":"2025-05-30T07:24:42+00:00","dateModified":"2025-05-30T07:24:42+00:00","breadcrumb":{"@id":"https:\/\/vieassociative.be\/actualites\/cest-pourquoi-strava-roule-sur-vos-kilometres\/#breadcrumb"},"inLanguage":"fr-BE","potentialAction":[{"@type":"ReadAction","target":["https:\/\/vieassociative.be\/actualites\/cest-pourquoi-strava-roule-sur-vos-kilometres\/"]}]},{"@type":"ImageObject","inLanguage":"fr-BE","@id":"https:\/\/vieassociative.be\/actualites\/cest-pourquoi-strava-roule-sur-vos-kilometres\/#primaryimage","url":"https:\/\/vieassociative.be\/actualites\/wp-content\/uploads\/2025\/05\/Cest-pourquoi-Strava-roule-sur-vos-kilometres.png","contentUrl":"https:\/\/vieassociative.be\/actualites\/wp-content\/uploads\/2025\/05\/Cest-pourquoi-Strava-roule-sur-vos-kilometres.png","width":1200,"height":675,"caption":"C'est pourquoi Strava roule sur vos kilom\u00e8tres"},{"@type":"BreadcrumbList","@id":"https:\/\/vieassociative.be\/actualites\/cest-pourquoi-strava-roule-sur-vos-kilometres\/#breadcrumb","itemListElement":[{"@type":"ListItem","position":1,"name":"Accueil","item":"https:\/\/vieassociative.be\/actualites\/"},{"@type":"ListItem","position":2,"name":"C&rsquo;est pourquoi Strava roule sur vos kilom\u00e8tres"}]},{"@type":"WebSite","@id":"https:\/\/vieassociative.be\/actualites\/#website","url":"https:\/\/vieassociative.be\/actualites\/","name":"Vie Associative","description":"","publisher":{"@id":"https:\/\/vieassociative.be\/actualites\/#organization"},"potentialAction":[{"@type":"SearchAction","target":{"@type":"EntryPoint","urlTemplate":"https:\/\/vieassociative.be\/actualites\/?s={search_term_string}"},"query-input":{"@type":"PropertyValueSpecification","valueRequired":true,"valueName":"search_term_string"}}],"inLanguage":"fr-BE"},{"@type":"Organization","@id":"https:\/\/vieassociative.be\/actualites\/#organization","name":"Vie Associative","url":"https:\/\/vieassociative.be\/actualites\/","logo":{"@type":"ImageObject","inLanguage":"fr-BE","@id":"https:\/\/vieassociative.be\/actualites\/#\/schema\/logo\/image\/","url":"https:\/\/vieassociative.be\/actualites\/wp-content\/uploads\/2024\/09\/cropped-vieassociative_favicon.ico.png","contentUrl":"https:\/\/vieassociative.be\/actualites\/wp-content\/uploads\/2024\/09\/cropped-vieassociative_favicon.ico.png","width":512,"height":512,"caption":"Vie Associative"},"image":{"@id":"https:\/\/vieassociative.be\/actualites\/#\/schema\/logo\/image\/"}},{"@type":"Person","@id":"https:\/\/vieassociative.be\/actualites\/#\/schema\/person\/b87ac4f82f9d4e7b7cec7395b679edc4","name":"Julien","image":{"@type":"ImageObject","inLanguage":"fr-BE","@id":"https:\/\/vieassociative.be\/actualites\/#\/schema\/person\/image\/","url":"https:\/\/vieassociative.be\/actualites\/wp-content\/uploads\/2024\/09\/vie-associative-1-150x150.jpg","contentUrl":"https:\/\/vieassociative.be\/actualites\/wp-content\/uploads\/2024\/09\/vie-associative-1-150x150.jpg","caption":"Julien"},"description":"Je suis Julien, r\u00e9dacteur pour Vie Associative. Passionn\u00e9 par le monde associatif depuis plus de 10 ans, j'ai \u00e0 c\u0153ur de partager des histoires inspirantes et de mettre en lumi\u00e8re les initiatives locales. Mon objectif est de sensibiliser et d'encourager l'engagement communautaire \u00e0 travers mes articles.","sameAs":["https:\/\/vieassociative.be\/"]}]}},"_links":{"self":[{"href":"https:\/\/vieassociative.be\/actualites\/wp-json\/wp\/v2\/posts\/7866"}],"collection":[{"href":"https:\/\/vieassociative.be\/actualites\/wp-json\/wp\/v2\/posts"}],"about":[{"href":"https:\/\/vieassociative.be\/actualites\/wp-json\/wp\/v2\/types\/post"}],"author":[{"embeddable":true,"href":"https:\/\/vieassociative.be\/actualites\/wp-json\/wp\/v2\/users\/1"}],"replies":[{"embeddable":true,"href":"https:\/\/vieassociative.be\/actualites\/wp-json\/wp\/v2\/comments?post=7866"}],"version-history":[{"count":0,"href":"https:\/\/vieassociative.be\/actualites\/wp-json\/wp\/v2\/posts\/7866\/revisions"}],"wp:featuredmedia":[{"embeddable":true,"href":"https:\/\/vieassociative.be\/actualites\/wp-json\/wp\/v2\/media\/7867"}],"wp:attachment":[{"href":"https:\/\/vieassociative.be\/actualites\/wp-json\/wp\/v2\/media?parent=7866"}],"wp:term":[{"taxonomy":"category","embeddable":true,"href":"https:\/\/vieassociative.be\/actualites\/wp-json\/wp\/v2\/categories?post=7866"},{"taxonomy":"post_tag","embeddable":true,"href":"https:\/\/vieassociative.be\/actualites\/wp-json\/wp\/v2\/tags?post=7866"}],"curies":[{"name":"wp","href":"https:\/\/api.w.org\/{rel}","templated":true}]}}