{"id":7864,"date":"2025-05-30T04:17:54","date_gmt":"2025-05-30T02:17:54","guid":{"rendered":"https:\/\/vieassociative.be\/actualites\/retrovision-montre-le-film-lawrence-darabie-dimanche-dans-le-cinema-a-eupen-a-19-h\/"},"modified":"2025-05-30T04:17:54","modified_gmt":"2025-05-30T02:17:54","slug":"retrovision-montre-le-film-lawrence-darabie-dimanche-dans-le-cinema-a-eupen-a-19-h","status":"publish","type":"post","link":"https:\/\/vieassociative.be\/actualites\/retrovision-montre-le-film-lawrence-darabie-dimanche-dans-le-cinema-a-eupen-a-19-h\/","title":{"rendered":"\u00ab\u00a0Retrovision\u00a0\u00bb montre le film \u00ab\u00a0Lawrence d&rsquo;Arabie\u00a0\u00bb dimanche dans le cin\u00e9ma \u00e0 Eupen \u00e0 19 h."},"content":{"rendered":"<p><strong>Le projet de cin\u00e9ma \u00ab\u00a0Retrovision\u00a0\u00bb fait reculer sur grand \u00e9cran dans le cin\u00e9ma Eupener depuis juin 2023 en coop\u00e9ration avec Kultkom Film Classics. Ce dimanche 1er juin 2025, \u00e0 19 h, le film monumental et historique britannique \u00ab\u00a0Lawrence of Arabie\u00a0\u00bb de 1962 sera pr\u00e9sent\u00e9. <\/strong><\/p>\n<p><span id=\"more-416627\"><\/span>The film by David Lean with Peter O&rsquo;Toole (as Te Lawrence), Alec Guinness and Anthony Quinn received 7 Oscars in the categories \u00ab\u00a0Best Film\u00a0\u00bb, \u00ab\u00a0Best Director\u00a0\u00bb, \u00ab\u00a0Best Scene\u00a0\u00bb, \u00ab\u00a0Best Camera\u00a0\u00bb, \u00ab\u00a0Best Cut\u00a0\u00bb, \u00ab\u00a0Best Film Music\u00a0\u00bb and \u00ab\u00a0Best Ton\u00a0\u00bb (John Cox) as well as three more Oscar nominations in the categories \u00a0\u00bb Main actor \u00ab\u00a0(Peter O&rsquo;Toole),\u00a0\u00bb Best male supporting actor \u00ab\u00a0(Omar Sharif) et\u00a0\u00bb Meilleur script adapt\u00e9 \u00ab\u00a0.<\/p>\n<div id=\"attachment_416635\" class=\"wp-caption alignleft\" style=\"max-width: 225px\"><img fetchpriority=\"high\" decoding=\"async\" class=\"wp-image-416635 size-medium\" src=\"https:\/\/vieassociative.be\/actualites\/wp-content\/uploads\/2025\/05\/Retrovision-montre-le-film-Lawrence-dArabie-dimanche-dans-le-cinema.jpg\" alt=\"\" width=\"225\" height=\"300\"  ><\/p>\n<p class=\"wp-caption-text\">L&rsquo;affiche du film \u00ab\u00a0Lawrence d&rsquo;Arabie\u00a0\u00bb.<\/p>\n<\/div>\n<p>La bande de 3 heures et 36 minutes est bas\u00e9e sur les exp\u00e9riences de Te Lawrence, un officier britannique qui a combattu dans le d\u00e9sert arabe pendant la Premi\u00e8re Guerre mondiale. Le film d\u00e9crit comment Lawrence, jou\u00e9 par Peter O&rsquo;Toole, devient un leader charismatique par un cartographe britannique insignifiant qui combine les tribus arabes contre l&rsquo;Empire ottoman.<\/p>\n<p>Lawrence navigue entre les int\u00e9r\u00eats des puissances coloniales occidentales et les objectifs des Arabes qui s&rsquo;efforcent de l&rsquo;ind\u00e9pendance. Au cours de son voyage, Lawrence est contest\u00e9 par sa propre identit\u00e9 et ses croyances morales.<\/p>\n<p>Le film illumine les sujets du pouvoir, de la trahison, de l&rsquo;identit\u00e9 et du conflit entre l&rsquo;id\u00e9alisme et la r\u00e9alit\u00e9. Avec des coups de d\u00e9sert \u00e0 couper le souffle et un acte dramatique, Lawrence d&rsquo;Arabie est un chef-d&rsquo;\u0153uvre du cin\u00e9ma et est consid\u00e9r\u00e9 comme l&rsquo;un des plus grands films de tous les temps.<\/p>\n<p>Le projet \u00abRetrovision\u00bb est une initiative d&rsquo;un groupe de cin\u00e9astes et d&rsquo;amateurs de cin\u00e9ma belge orientaux, qui s&rsquo;est fix\u00e9 l&rsquo;objectif de ramener \u00e0 nouveau le classique embl\u00e9matique sur grand \u00e9cran. En coop\u00e9ration avec Kultkom, le comit\u00e9 culturel de la ville d&rsquo;Eupen et l&rsquo;infrastructure du cin\u00e9ma d&rsquo;Eupen, le projet a \u00e9t\u00e9 lanc\u00e9 au d\u00e9but de l&rsquo;\u00e9t\u00e9 2023.<\/p>\n<\/p>\n<div id=\"attachment_351703\" class=\"wp-caption alignleft\" style=\"max-width: 300px\"><img decoding=\"async\" class=\"wp-image-351703 size-medium\" src=\"https:\/\/vieassociative.be\/actualites\/wp-content\/uploads\/2025\/02\/Le-projet-cinema-Retrovision-montre-le-film-The-Club-of.jpeg\" alt=\"\" width=\"300\" height=\"200\"  ><\/p>\n<p class=\"wp-caption-text\">Photo: Shutterstock<\/p>\n<\/div>\n<p>\u00ab\u00a0Retrovision\u00a0\u00bb veut aborder la nostalgie du public. En particulier, la g\u00e9n\u00e9ration plus \u00e2g\u00e9e a l&rsquo;occasion de pr\u00e9senter de grands films \u00e0 leurs enfants ou petits-enfants sur un grand \u00e9cran.<\/p>\n<p>\u00ab\u00a0Retrovision\u00a0\u00bb propose un ou deux films par soir\u00e9e. Dans les \u00ab\u00a0Double Features\u00a0\u00bb, les deux films s&rsquo;assemblent de mani\u00e8re th\u00e9matique, ont le m\u00eame r\u00e9alisateur ou acteur de premier plan. Les \u00e9v\u00e9nements ont lieu dans le cadre de l&rsquo;art ouvert dimanche.<\/p>\n<p>Le programme de soutien est con\u00e7u de telle mani\u00e8re qu&rsquo;il est relaxant et divertissant pour le public. La musique accompagne les \u00e9v\u00e9nements, que ce soit comme une bande-son r\u00e9frig\u00e9r\u00e9e dans la grande salle ou avec un DJ en direct dans le foyer.<\/p>\n<p>\u00ab\u00a0Retrovision offre aux t\u00e9l\u00e9spectateurs la possibilit\u00e9 de s&rsquo;\u00e9teindre pendant quelques heures, de parler \u00e0 des personnes partageant les m\u00eames id\u00e9es ou simplement de profiter. Les soir\u00e9es r\u00e9unissent des gens int\u00e9ressants qui ne se sont peut-\u00eatre pas vus pendant un certain temps. Le hall de la jeune maison de charni\u00e8re est ouvert \u00e0 chaque soir\u00e9e de r\u00e9trovision et propose de d\u00e9licieuses bi\u00e8res pour une d\u00e9gustation partag\u00e9e\u00a0\u00bb, a d\u00e9clar\u00e9 les auteurs du projet.<\/p>\n<p><i>Pour seulement 200 francs belges (5 euros), vous pouvez regarder un excellent film, rencontrer des gens cool et prendre un verre. Plus d&rsquo;informations sous <u>r\u00e9trovision.cinema eupen.be<\/u> et <u>www.kultkom.be<\/u><\/i><\/p>\n","protected":false},"excerpt":{"rendered":"<p>Le projet de cin\u00e9ma \u00ab\u00a0Retrovision\u00a0\u00bb fait reculer sur grand \u00e9cran dans le cin\u00e9ma Eupener depuis juin 2023 en coop\u00e9ration avec Kultkom Film Classics. Ce dimanche<\/p>\n","protected":false},"author":1,"featured_media":7865,"comment_status":"","ping_status":"","sticky":false,"template":"","format":"standard","meta":{"footnotes":""},"categories":[298],"tags":[98,166,7227,471,2329,4195,7226,1252,2386],"class_list":["post-7864","post","type-post","status-publish","format-standard","has-post-thumbnail","hentry","category-belgique","tag-cinema","tag-dans","tag-darabie","tag-dimanche","tag-eupen","tag-film","tag-lawrence","tag-montre","tag-retrovision","generate-columns","tablet-grid-50","mobile-grid-100","grid-parent","grid-33"],"yoast_head":"<!-- This site is optimized with the Yoast SEO plugin v24.0 - https:\/\/yoast.com\/wordpress\/plugins\/seo\/ -->\n<title>&quot;Retrovision&quot; montre le film &quot;Lawrence d&#039;Arabie&quot; dimanche dans le cin\u00e9ma \u00e0 Eupen \u00e0 19 h. | Vie Associative<\/title>\n<meta name=\"robots\" content=\"index, follow, max-snippet:-1, max-image-preview:large, max-video-preview:-1\" \/>\n<link rel=\"canonical\" href=\"https:\/\/vieassociative.be\/actualites\/retrovision-montre-le-film-lawrence-darabie-dimanche-dans-le-cinema-a-eupen-a-19-h\/\" \/>\n<meta property=\"og:locale\" content=\"fr_FR\" \/>\n<meta property=\"og:type\" content=\"article\" \/>\n<meta property=\"og:title\" content=\"&quot;Retrovision&quot; montre le film &quot;Lawrence d&#039;Arabie&quot; dimanche dans le cin\u00e9ma \u00e0 Eupen \u00e0 19 h. | Vie Associative\" \/>\n<meta property=\"og:description\" content=\"Le projet de cin\u00e9ma \u00ab\u00a0Retrovision\u00a0\u00bb fait reculer sur grand \u00e9cran dans le cin\u00e9ma Eupener depuis juin 2023 en coop\u00e9ration avec Kultkom Film Classics. Ce dimanche\" \/>\n<meta property=\"og:url\" content=\"https:\/\/vieassociative.be\/actualites\/retrovision-montre-le-film-lawrence-darabie-dimanche-dans-le-cinema-a-eupen-a-19-h\/\" \/>\n<meta property=\"og:site_name\" content=\"Vie Associative\" \/>\n<meta property=\"article:published_time\" content=\"2025-05-30T02:17:54+00:00\" \/>\n<meta property=\"og:image\" content=\"https:\/\/vieassociative.be\/actualites\/wp-content\/uploads\/2024\/09\/header_backgroundk-01-e1726694325946.png\" \/>\n\t<meta property=\"og:image:width\" content=\"279\" \/>\n\t<meta property=\"og:image:height\" content=\"92\" \/>\n\t<meta property=\"og:image:type\" content=\"image\/png\" \/>\n<meta name=\"author\" content=\"Julien\" \/>\n<meta name=\"twitter:card\" content=\"summary_large_image\" \/>\n<meta name=\"twitter:label1\" content=\"\u00c9crit par\" \/>\n\t<meta name=\"twitter:data1\" content=\"Julien\" \/>\n\t<meta name=\"twitter:label2\" content=\"Dur\u00e9e de lecture est.\" \/>\n\t<meta name=\"twitter:data2\" content=\"3 minutes\" \/>\n<script type=\"application\/ld+json\" class=\"yoast-schema-graph\">{\"@context\":\"https:\/\/schema.org\",\"@graph\":[{\"@type\":\"Article\",\"@id\":\"https:\/\/vieassociative.be\/actualites\/retrovision-montre-le-film-lawrence-darabie-dimanche-dans-le-cinema-a-eupen-a-19-h\/#article\",\"isPartOf\":{\"@id\":\"https:\/\/vieassociative.be\/actualites\/retrovision-montre-le-film-lawrence-darabie-dimanche-dans-le-cinema-a-eupen-a-19-h\/\"},\"author\":{\"name\":\"Julien\",\"@id\":\"https:\/\/vieassociative.be\/actualites\/#\/schema\/person\/b87ac4f82f9d4e7b7cec7395b679edc4\"},\"headline\":\"\u00ab\u00a0Retrovision\u00a0\u00bb montre le film \u00ab\u00a0Lawrence d&rsquo;Arabie\u00a0\u00bb dimanche dans le cin\u00e9ma \u00e0 Eupen \u00e0 19 h.\",\"datePublished\":\"2025-05-30T02:17:54+00:00\",\"dateModified\":\"2025-05-30T02:17:54+00:00\",\"mainEntityOfPage\":{\"@id\":\"https:\/\/vieassociative.be\/actualites\/retrovision-montre-le-film-lawrence-darabie-dimanche-dans-le-cinema-a-eupen-a-19-h\/\"},\"wordCount\":609,\"publisher\":{\"@id\":\"https:\/\/vieassociative.be\/actualites\/#organization\"},\"image\":{\"@id\":\"https:\/\/vieassociative.be\/actualites\/retrovision-montre-le-film-lawrence-darabie-dimanche-dans-le-cinema-a-eupen-a-19-h\/#primaryimage\"},\"thumbnailUrl\":\"https:\/\/vieassociative.be\/actualites\/wp-content\/uploads\/2025\/05\/1748571475_Retrovision-montre-le-film-Lawrence-dArabie-dimanche-dans-le-cinema.jpg\",\"keywords\":[\"cin\u00e9ma\",\"dans\",\"dArabie\",\"dimanche\",\"Eupen\",\"film\",\"Lawrence\",\"montre\",\"R\u00e9trovision\"],\"articleSection\":[\"Belgique\"],\"inLanguage\":\"fr-BE\"},{\"@type\":\"WebPage\",\"@id\":\"https:\/\/vieassociative.be\/actualites\/retrovision-montre-le-film-lawrence-darabie-dimanche-dans-le-cinema-a-eupen-a-19-h\/\",\"url\":\"https:\/\/vieassociative.be\/actualites\/retrovision-montre-le-film-lawrence-darabie-dimanche-dans-le-cinema-a-eupen-a-19-h\/\",\"name\":\"\\\"Retrovision\\\" montre le film \\\"Lawrence d'Arabie\\\" dimanche dans le cin\u00e9ma \u00e0 Eupen \u00e0 19 h. | Vie Associative\",\"isPartOf\":{\"@id\":\"https:\/\/vieassociative.be\/actualites\/#website\"},\"primaryImageOfPage\":{\"@id\":\"https:\/\/vieassociative.be\/actualites\/retrovision-montre-le-film-lawrence-darabie-dimanche-dans-le-cinema-a-eupen-a-19-h\/#primaryimage\"},\"image\":{\"@id\":\"https:\/\/vieassociative.be\/actualites\/retrovision-montre-le-film-lawrence-darabie-dimanche-dans-le-cinema-a-eupen-a-19-h\/#primaryimage\"},\"thumbnailUrl\":\"https:\/\/vieassociative.be\/actualites\/wp-content\/uploads\/2025\/05\/1748571475_Retrovision-montre-le-film-Lawrence-dArabie-dimanche-dans-le-cinema.jpg\",\"datePublished\":\"2025-05-30T02:17:54+00:00\",\"dateModified\":\"2025-05-30T02:17:54+00:00\",\"breadcrumb\":{\"@id\":\"https:\/\/vieassociative.be\/actualites\/retrovision-montre-le-film-lawrence-darabie-dimanche-dans-le-cinema-a-eupen-a-19-h\/#breadcrumb\"},\"inLanguage\":\"fr-BE\",\"potentialAction\":[{\"@type\":\"ReadAction\",\"target\":[\"https:\/\/vieassociative.be\/actualites\/retrovision-montre-le-film-lawrence-darabie-dimanche-dans-le-cinema-a-eupen-a-19-h\/\"]}]},{\"@type\":\"ImageObject\",\"inLanguage\":\"fr-BE\",\"@id\":\"https:\/\/vieassociative.be\/actualites\/retrovision-montre-le-film-lawrence-darabie-dimanche-dans-le-cinema-a-eupen-a-19-h\/#primaryimage\",\"url\":\"https:\/\/vieassociative.be\/actualites\/wp-content\/uploads\/2025\/05\/1748571475_Retrovision-montre-le-film-Lawrence-dArabie-dimanche-dans-le-cinema.jpg\",\"contentUrl\":\"https:\/\/vieassociative.be\/actualites\/wp-content\/uploads\/2025\/05\/1748571475_Retrovision-montre-le-film-Lawrence-dArabie-dimanche-dans-le-cinema.jpg\",\"width\":1200,\"height\":525,\"caption\":\"\\\"Retrovision\\\" montre le film \\\"Lawrence d'Arabie\\\" dimanche dans le cin\u00e9ma \u00e0 Eupen \u00e0 19 h.\"},{\"@type\":\"BreadcrumbList\",\"@id\":\"https:\/\/vieassociative.be\/actualites\/retrovision-montre-le-film-lawrence-darabie-dimanche-dans-le-cinema-a-eupen-a-19-h\/#breadcrumb\",\"itemListElement\":[{\"@type\":\"ListItem\",\"position\":1,\"name\":\"Accueil\",\"item\":\"https:\/\/vieassociative.be\/actualites\/\"},{\"@type\":\"ListItem\",\"position\":2,\"name\":\"\u00ab\u00a0Retrovision\u00a0\u00bb montre le film \u00ab\u00a0Lawrence d&rsquo;Arabie\u00a0\u00bb dimanche dans le cin\u00e9ma \u00e0 Eupen \u00e0 19 h.\"}]},{\"@type\":\"WebSite\",\"@id\":\"https:\/\/vieassociative.be\/actualites\/#website\",\"url\":\"https:\/\/vieassociative.be\/actualites\/\",\"name\":\"Vie Associative\",\"description\":\"\",\"publisher\":{\"@id\":\"https:\/\/vieassociative.be\/actualites\/#organization\"},\"potentialAction\":[{\"@type\":\"SearchAction\",\"target\":{\"@type\":\"EntryPoint\",\"urlTemplate\":\"https:\/\/vieassociative.be\/actualites\/?s={search_term_string}\"},\"query-input\":{\"@type\":\"PropertyValueSpecification\",\"valueRequired\":true,\"valueName\":\"search_term_string\"}}],\"inLanguage\":\"fr-BE\"},{\"@type\":\"Organization\",\"@id\":\"https:\/\/vieassociative.be\/actualites\/#organization\",\"name\":\"Vie Associative\",\"url\":\"https:\/\/vieassociative.be\/actualites\/\",\"logo\":{\"@type\":\"ImageObject\",\"inLanguage\":\"fr-BE\",\"@id\":\"https:\/\/vieassociative.be\/actualites\/#\/schema\/logo\/image\/\",\"url\":\"https:\/\/vieassociative.be\/actualites\/wp-content\/uploads\/2024\/09\/cropped-vieassociative_favicon.ico.png\",\"contentUrl\":\"https:\/\/vieassociative.be\/actualites\/wp-content\/uploads\/2024\/09\/cropped-vieassociative_favicon.ico.png\",\"width\":512,\"height\":512,\"caption\":\"Vie Associative\"},\"image\":{\"@id\":\"https:\/\/vieassociative.be\/actualites\/#\/schema\/logo\/image\/\"}},{\"@type\":\"Person\",\"@id\":\"https:\/\/vieassociative.be\/actualites\/#\/schema\/person\/b87ac4f82f9d4e7b7cec7395b679edc4\",\"name\":\"Julien\",\"image\":{\"@type\":\"ImageObject\",\"inLanguage\":\"fr-BE\",\"@id\":\"https:\/\/vieassociative.be\/actualites\/#\/schema\/person\/image\/\",\"url\":\"https:\/\/vieassociative.be\/actualites\/wp-content\/uploads\/2024\/09\/vie-associative-1-150x150.jpg\",\"contentUrl\":\"https:\/\/vieassociative.be\/actualites\/wp-content\/uploads\/2024\/09\/vie-associative-1-150x150.jpg\",\"caption\":\"Julien\"},\"description\":\"Je suis Julien, r\u00e9dacteur pour Vie Associative. Passionn\u00e9 par le monde associatif depuis plus de 10 ans, j'ai \u00e0 c\u0153ur de partager des histoires inspirantes et de mettre en lumi\u00e8re les initiatives locales. Mon objectif est de sensibiliser et d'encourager l'engagement communautaire \u00e0 travers mes articles.\",\"sameAs\":[\"https:\/\/vieassociative.be\/\"]}]}<\/script>\n<!-- \/ Yoast SEO plugin. -->","yoast_head_json":{"title":"\"Retrovision\" montre le film \"Lawrence d'Arabie\" dimanche dans le cin\u00e9ma \u00e0 Eupen \u00e0 19 h. | Vie Associative","robots":{"index":"index","follow":"follow","max-snippet":"max-snippet:-1","max-image-preview":"max-image-preview:large","max-video-preview":"max-video-preview:-1"},"canonical":"https:\/\/vieassociative.be\/actualites\/retrovision-montre-le-film-lawrence-darabie-dimanche-dans-le-cinema-a-eupen-a-19-h\/","og_locale":"fr_FR","og_type":"article","og_title":"\"Retrovision\" montre le film \"Lawrence d'Arabie\" dimanche dans le cin\u00e9ma \u00e0 Eupen \u00e0 19 h. | Vie Associative","og_description":"Le projet de cin\u00e9ma \u00ab\u00a0Retrovision\u00a0\u00bb fait reculer sur grand \u00e9cran dans le cin\u00e9ma Eupener depuis juin 2023 en coop\u00e9ration avec Kultkom Film Classics. Ce dimanche","og_url":"https:\/\/vieassociative.be\/actualites\/retrovision-montre-le-film-lawrence-darabie-dimanche-dans-le-cinema-a-eupen-a-19-h\/","og_site_name":"Vie Associative","article_published_time":"2025-05-30T02:17:54+00:00","og_image":[{"width":279,"height":92,"url":"https:\/\/vieassociative.be\/actualites\/wp-content\/uploads\/2024\/09\/header_backgroundk-01-e1726694325946.png","type":"image\/png"}],"author":"Julien","twitter_card":"summary_large_image","twitter_misc":{"\u00c9crit par":"Julien","Dur\u00e9e de lecture est.":"3 minutes"},"schema":{"@context":"https:\/\/schema.org","@graph":[{"@type":"Article","@id":"https:\/\/vieassociative.be\/actualites\/retrovision-montre-le-film-lawrence-darabie-dimanche-dans-le-cinema-a-eupen-a-19-h\/#article","isPartOf":{"@id":"https:\/\/vieassociative.be\/actualites\/retrovision-montre-le-film-lawrence-darabie-dimanche-dans-le-cinema-a-eupen-a-19-h\/"},"author":{"name":"Julien","@id":"https:\/\/vieassociative.be\/actualites\/#\/schema\/person\/b87ac4f82f9d4e7b7cec7395b679edc4"},"headline":"\u00ab\u00a0Retrovision\u00a0\u00bb montre le film \u00ab\u00a0Lawrence d&rsquo;Arabie\u00a0\u00bb dimanche dans le cin\u00e9ma \u00e0 Eupen \u00e0 19 h.","datePublished":"2025-05-30T02:17:54+00:00","dateModified":"2025-05-30T02:17:54+00:00","mainEntityOfPage":{"@id":"https:\/\/vieassociative.be\/actualites\/retrovision-montre-le-film-lawrence-darabie-dimanche-dans-le-cinema-a-eupen-a-19-h\/"},"wordCount":609,"publisher":{"@id":"https:\/\/vieassociative.be\/actualites\/#organization"},"image":{"@id":"https:\/\/vieassociative.be\/actualites\/retrovision-montre-le-film-lawrence-darabie-dimanche-dans-le-cinema-a-eupen-a-19-h\/#primaryimage"},"thumbnailUrl":"https:\/\/vieassociative.be\/actualites\/wp-content\/uploads\/2025\/05\/1748571475_Retrovision-montre-le-film-Lawrence-dArabie-dimanche-dans-le-cinema.jpg","keywords":["cin\u00e9ma","dans","dArabie","dimanche","Eupen","film","Lawrence","montre","R\u00e9trovision"],"articleSection":["Belgique"],"inLanguage":"fr-BE"},{"@type":"WebPage","@id":"https:\/\/vieassociative.be\/actualites\/retrovision-montre-le-film-lawrence-darabie-dimanche-dans-le-cinema-a-eupen-a-19-h\/","url":"https:\/\/vieassociative.be\/actualites\/retrovision-montre-le-film-lawrence-darabie-dimanche-dans-le-cinema-a-eupen-a-19-h\/","name":"\"Retrovision\" montre le film \"Lawrence d'Arabie\" dimanche dans le cin\u00e9ma \u00e0 Eupen \u00e0 19 h. | Vie Associative","isPartOf":{"@id":"https:\/\/vieassociative.be\/actualites\/#website"},"primaryImageOfPage":{"@id":"https:\/\/vieassociative.be\/actualites\/retrovision-montre-le-film-lawrence-darabie-dimanche-dans-le-cinema-a-eupen-a-19-h\/#primaryimage"},"image":{"@id":"https:\/\/vieassociative.be\/actualites\/retrovision-montre-le-film-lawrence-darabie-dimanche-dans-le-cinema-a-eupen-a-19-h\/#primaryimage"},"thumbnailUrl":"https:\/\/vieassociative.be\/actualites\/wp-content\/uploads\/2025\/05\/1748571475_Retrovision-montre-le-film-Lawrence-dArabie-dimanche-dans-le-cinema.jpg","datePublished":"2025-05-30T02:17:54+00:00","dateModified":"2025-05-30T02:17:54+00:00","breadcrumb":{"@id":"https:\/\/vieassociative.be\/actualites\/retrovision-montre-le-film-lawrence-darabie-dimanche-dans-le-cinema-a-eupen-a-19-h\/#breadcrumb"},"inLanguage":"fr-BE","potentialAction":[{"@type":"ReadAction","target":["https:\/\/vieassociative.be\/actualites\/retrovision-montre-le-film-lawrence-darabie-dimanche-dans-le-cinema-a-eupen-a-19-h\/"]}]},{"@type":"ImageObject","inLanguage":"fr-BE","@id":"https:\/\/vieassociative.be\/actualites\/retrovision-montre-le-film-lawrence-darabie-dimanche-dans-le-cinema-a-eupen-a-19-h\/#primaryimage","url":"https:\/\/vieassociative.be\/actualites\/wp-content\/uploads\/2025\/05\/1748571475_Retrovision-montre-le-film-Lawrence-dArabie-dimanche-dans-le-cinema.jpg","contentUrl":"https:\/\/vieassociative.be\/actualites\/wp-content\/uploads\/2025\/05\/1748571475_Retrovision-montre-le-film-Lawrence-dArabie-dimanche-dans-le-cinema.jpg","width":1200,"height":525,"caption":"\"Retrovision\" montre le film \"Lawrence d'Arabie\" dimanche dans le cin\u00e9ma \u00e0 Eupen \u00e0 19 h."},{"@type":"BreadcrumbList","@id":"https:\/\/vieassociative.be\/actualites\/retrovision-montre-le-film-lawrence-darabie-dimanche-dans-le-cinema-a-eupen-a-19-h\/#breadcrumb","itemListElement":[{"@type":"ListItem","position":1,"name":"Accueil","item":"https:\/\/vieassociative.be\/actualites\/"},{"@type":"ListItem","position":2,"name":"\u00ab\u00a0Retrovision\u00a0\u00bb montre le film \u00ab\u00a0Lawrence d&rsquo;Arabie\u00a0\u00bb dimanche dans le cin\u00e9ma \u00e0 Eupen \u00e0 19 h."}]},{"@type":"WebSite","@id":"https:\/\/vieassociative.be\/actualites\/#website","url":"https:\/\/vieassociative.be\/actualites\/","name":"Vie Associative","description":"","publisher":{"@id":"https:\/\/vieassociative.be\/actualites\/#organization"},"potentialAction":[{"@type":"SearchAction","target":{"@type":"EntryPoint","urlTemplate":"https:\/\/vieassociative.be\/actualites\/?s={search_term_string}"},"query-input":{"@type":"PropertyValueSpecification","valueRequired":true,"valueName":"search_term_string"}}],"inLanguage":"fr-BE"},{"@type":"Organization","@id":"https:\/\/vieassociative.be\/actualites\/#organization","name":"Vie Associative","url":"https:\/\/vieassociative.be\/actualites\/","logo":{"@type":"ImageObject","inLanguage":"fr-BE","@id":"https:\/\/vieassociative.be\/actualites\/#\/schema\/logo\/image\/","url":"https:\/\/vieassociative.be\/actualites\/wp-content\/uploads\/2024\/09\/cropped-vieassociative_favicon.ico.png","contentUrl":"https:\/\/vieassociative.be\/actualites\/wp-content\/uploads\/2024\/09\/cropped-vieassociative_favicon.ico.png","width":512,"height":512,"caption":"Vie Associative"},"image":{"@id":"https:\/\/vieassociative.be\/actualites\/#\/schema\/logo\/image\/"}},{"@type":"Person","@id":"https:\/\/vieassociative.be\/actualites\/#\/schema\/person\/b87ac4f82f9d4e7b7cec7395b679edc4","name":"Julien","image":{"@type":"ImageObject","inLanguage":"fr-BE","@id":"https:\/\/vieassociative.be\/actualites\/#\/schema\/person\/image\/","url":"https:\/\/vieassociative.be\/actualites\/wp-content\/uploads\/2024\/09\/vie-associative-1-150x150.jpg","contentUrl":"https:\/\/vieassociative.be\/actualites\/wp-content\/uploads\/2024\/09\/vie-associative-1-150x150.jpg","caption":"Julien"},"description":"Je suis Julien, r\u00e9dacteur pour Vie Associative. Passionn\u00e9 par le monde associatif depuis plus de 10 ans, j'ai \u00e0 c\u0153ur de partager des histoires inspirantes et de mettre en lumi\u00e8re les initiatives locales. Mon objectif est de sensibiliser et d'encourager l'engagement communautaire \u00e0 travers mes articles.","sameAs":["https:\/\/vieassociative.be\/"]}]}},"_links":{"self":[{"href":"https:\/\/vieassociative.be\/actualites\/wp-json\/wp\/v2\/posts\/7864"}],"collection":[{"href":"https:\/\/vieassociative.be\/actualites\/wp-json\/wp\/v2\/posts"}],"about":[{"href":"https:\/\/vieassociative.be\/actualites\/wp-json\/wp\/v2\/types\/post"}],"author":[{"embeddable":true,"href":"https:\/\/vieassociative.be\/actualites\/wp-json\/wp\/v2\/users\/1"}],"replies":[{"embeddable":true,"href":"https:\/\/vieassociative.be\/actualites\/wp-json\/wp\/v2\/comments?post=7864"}],"version-history":[{"count":0,"href":"https:\/\/vieassociative.be\/actualites\/wp-json\/wp\/v2\/posts\/7864\/revisions"}],"wp:featuredmedia":[{"embeddable":true,"href":"https:\/\/vieassociative.be\/actualites\/wp-json\/wp\/v2\/media\/7865"}],"wp:attachment":[{"href":"https:\/\/vieassociative.be\/actualites\/wp-json\/wp\/v2\/media?parent=7864"}],"wp:term":[{"taxonomy":"category","embeddable":true,"href":"https:\/\/vieassociative.be\/actualites\/wp-json\/wp\/v2\/categories?post=7864"},{"taxonomy":"post_tag","embeddable":true,"href":"https:\/\/vieassociative.be\/actualites\/wp-json\/wp\/v2\/tags?post=7864"}],"curies":[{"name":"wp","href":"https:\/\/api.w.org\/{rel}","templated":true}]}}