{"id":7857,"date":"2025-05-29T22:17:19","date_gmt":"2025-05-29T20:17:19","guid":{"rendered":"https:\/\/vieassociative.be\/actualites\/lettre-a-lediteur-expropriation-rampante\/"},"modified":"2025-05-29T22:17:19","modified_gmt":"2025-05-29T20:17:19","slug":"lettre-a-lediteur-expropriation-rampante","status":"publish","type":"post","link":"https:\/\/vieassociative.be\/actualites\/lettre-a-lediteur-expropriation-rampante\/","title":{"rendered":"Lettre \u00e0 l&rsquo;\u00e9diteur &#8211; Expropriation rampante"},"content":{"rendered":"<p><strong>\u00c0 Herresbach-Amel, depuis quelques semaines, il y a des panneaux d&rsquo;information avec des informations selon lesquelles une r\u00e9serve naturelle de plusieurs hectares entre Herresbach et Eiferscheid-B\u00fcllingen devrait \u00eatre cr\u00e9\u00e9e. <\/strong><\/p>\n<p><span id=\"more-416691\"><\/span>Environ 90% de ce domaine se trouvent \u00e0 Einscheid-B\u00fcllingen et sont priv\u00e9s. La municipalit\u00e9 de B\u00fcllingen n&rsquo;a pas encore re\u00e7u d&rsquo;informations \u00e0 la population d&rsquo;ici le 29 mai 2025. Un projet similaire se d\u00e9roule entre Sch\u00f6nberg-Sankt-Vith et Amelscheid-Sanct-Avith, qui ressemble \u00e0 une expropriation rampante sous une forme verte.<\/p>\n<p>Si ce syst\u00e8me de type communiste se propage, nos villages ne seront plus possibles dans nos villages. Les visites de marche et de randonn\u00e9e pourraient \u00eatre restreintes dans ces r\u00e9serves naturelles. Les objections peuvent \u00eatre soumises aux communaut\u00e9s respectives.<\/p>\n<p><strong>29.05.2025 Ludwig Hacken, 4760 B\u00fcllingen<\/strong><\/p>\n","protected":false},"excerpt":{"rendered":"<p>\u00c0 Herresbach-Amel, depuis quelques semaines, il y a des panneaux d&rsquo;information avec des informations selon lesquelles une r\u00e9serve naturelle de plusieurs hectares entre Herresbach et<\/p>\n","protected":false},"author":1,"featured_media":2567,"comment_status":"","ping_status":"","sticky":false,"template":"","format":"standard","meta":{"footnotes":""},"categories":[298],"tags":[7222,4400,2628,7223],"class_list":["post-7857","post","type-post","status-publish","format-standard","has-post-thumbnail","hentry","category-belgique","tag-expropriation","tag-lediteur","tag-lettre","tag-rampante","generate-columns","tablet-grid-50","mobile-grid-100","grid-parent","grid-33"],"yoast_head":"<!-- This site is optimized with the Yoast SEO plugin v24.0 - https:\/\/yoast.com\/wordpress\/plugins\/seo\/ -->\n<title>Lettre \u00e0 l&#039;\u00e9diteur - Expropriation rampante | Vie Associative<\/title>\n<meta name=\"robots\" content=\"index, follow, max-snippet:-1, max-image-preview:large, max-video-preview:-1\" \/>\n<link rel=\"canonical\" href=\"https:\/\/vieassociative.be\/actualites\/lettre-a-lediteur-expropriation-rampante\/\" \/>\n<meta property=\"og:locale\" content=\"fr_FR\" \/>\n<meta property=\"og:type\" content=\"article\" \/>\n<meta property=\"og:title\" content=\"Lettre \u00e0 l&#039;\u00e9diteur - Expropriation rampante | Vie Associative\" \/>\n<meta property=\"og:description\" content=\"\u00c0 Herresbach-Amel, depuis quelques semaines, il y a des panneaux d&rsquo;information avec des informations selon lesquelles une r\u00e9serve naturelle de plusieurs hectares entre Herresbach et\" \/>\n<meta property=\"og:url\" content=\"https:\/\/vieassociative.be\/actualites\/lettre-a-lediteur-expropriation-rampante\/\" \/>\n<meta property=\"og:site_name\" content=\"Vie Associative\" \/>\n<meta property=\"article:published_time\" content=\"2025-05-29T20:17:19+00:00\" \/>\n<meta property=\"og:image\" content=\"https:\/\/vieassociative.be\/actualites\/wp-content\/uploads\/2024\/09\/header_backgroundk-01-e1726694325946.png\" \/>\n\t<meta property=\"og:image:width\" content=\"279\" \/>\n\t<meta property=\"og:image:height\" content=\"92\" \/>\n\t<meta property=\"og:image:type\" content=\"image\/png\" \/>\n<meta name=\"author\" content=\"Julien\" \/>\n<meta name=\"twitter:card\" content=\"summary_large_image\" \/>\n<meta name=\"twitter:label1\" content=\"\u00c9crit par\" \/>\n\t<meta name=\"twitter:data1\" content=\"Julien\" \/>\n\t<meta name=\"twitter:label2\" content=\"Dur\u00e9e de lecture est.\" \/>\n\t<meta name=\"twitter:data2\" content=\"1 minute\" \/>\n<script type=\"application\/ld+json\" class=\"yoast-schema-graph\">{\"@context\":\"https:\/\/schema.org\",\"@graph\":[{\"@type\":\"Article\",\"@id\":\"https:\/\/vieassociative.be\/actualites\/lettre-a-lediteur-expropriation-rampante\/#article\",\"isPartOf\":{\"@id\":\"https:\/\/vieassociative.be\/actualites\/lettre-a-lediteur-expropriation-rampante\/\"},\"author\":{\"name\":\"Julien\",\"@id\":\"https:\/\/vieassociative.be\/actualites\/#\/schema\/person\/b87ac4f82f9d4e7b7cec7395b679edc4\"},\"headline\":\"Lettre \u00e0 l&rsquo;\u00e9diteur &#8211; Expropriation rampante\",\"datePublished\":\"2025-05-29T20:17:19+00:00\",\"dateModified\":\"2025-05-29T20:17:19+00:00\",\"mainEntityOfPage\":{\"@id\":\"https:\/\/vieassociative.be\/actualites\/lettre-a-lediteur-expropriation-rampante\/\"},\"wordCount\":136,\"publisher\":{\"@id\":\"https:\/\/vieassociative.be\/actualites\/#organization\"},\"image\":{\"@id\":\"https:\/\/vieassociative.be\/actualites\/lettre-a-lediteur-expropriation-rampante\/#primaryimage\"},\"thumbnailUrl\":\"https:\/\/vieassociative.be\/actualites\/wp-content\/uploads\/2024\/11\/LETTRE-A-LA-REDACTION-\u2013-Audi-Bruxelles-dernier-avertissement-du.jpeg\",\"keywords\":[\"Expropriation\",\"L\u00c9DITEUR\",\"lettre\",\"rampante\"],\"articleSection\":[\"Belgique\"],\"inLanguage\":\"fr-BE\"},{\"@type\":\"WebPage\",\"@id\":\"https:\/\/vieassociative.be\/actualites\/lettre-a-lediteur-expropriation-rampante\/\",\"url\":\"https:\/\/vieassociative.be\/actualites\/lettre-a-lediteur-expropriation-rampante\/\",\"name\":\"Lettre \u00e0 l'\u00e9diteur - Expropriation rampante | Vie Associative\",\"isPartOf\":{\"@id\":\"https:\/\/vieassociative.be\/actualites\/#website\"},\"primaryImageOfPage\":{\"@id\":\"https:\/\/vieassociative.be\/actualites\/lettre-a-lediteur-expropriation-rampante\/#primaryimage\"},\"image\":{\"@id\":\"https:\/\/vieassociative.be\/actualites\/lettre-a-lediteur-expropriation-rampante\/#primaryimage\"},\"thumbnailUrl\":\"https:\/\/vieassociative.be\/actualites\/wp-content\/uploads\/2024\/11\/LETTRE-A-LA-REDACTION-\u2013-Audi-Bruxelles-dernier-avertissement-du.jpeg\",\"datePublished\":\"2025-05-29T20:17:19+00:00\",\"dateModified\":\"2025-05-29T20:17:19+00:00\",\"breadcrumb\":{\"@id\":\"https:\/\/vieassociative.be\/actualites\/lettre-a-lediteur-expropriation-rampante\/#breadcrumb\"},\"inLanguage\":\"fr-BE\",\"potentialAction\":[{\"@type\":\"ReadAction\",\"target\":[\"https:\/\/vieassociative.be\/actualites\/lettre-a-lediteur-expropriation-rampante\/\"]}]},{\"@type\":\"ImageObject\",\"inLanguage\":\"fr-BE\",\"@id\":\"https:\/\/vieassociative.be\/actualites\/lettre-a-lediteur-expropriation-rampante\/#primaryimage\",\"url\":\"https:\/\/vieassociative.be\/actualites\/wp-content\/uploads\/2024\/11\/LETTRE-A-LA-REDACTION-\u2013-Audi-Bruxelles-dernier-avertissement-du.jpeg\",\"contentUrl\":\"https:\/\/vieassociative.be\/actualites\/wp-content\/uploads\/2024\/11\/LETTRE-A-LA-REDACTION-\u2013-Audi-Bruxelles-dernier-avertissement-du.jpeg\",\"width\":1024,\"height\":747,\"caption\":\"LETTRE \u00c0 LA R\u00c9DACTION \u2013 Audi Bruxelles, dernier avertissement du gouffre\"},{\"@type\":\"BreadcrumbList\",\"@id\":\"https:\/\/vieassociative.be\/actualites\/lettre-a-lediteur-expropriation-rampante\/#breadcrumb\",\"itemListElement\":[{\"@type\":\"ListItem\",\"position\":1,\"name\":\"Accueil\",\"item\":\"https:\/\/vieassociative.be\/actualites\/\"},{\"@type\":\"ListItem\",\"position\":2,\"name\":\"Lettre \u00e0 l&rsquo;\u00e9diteur &#8211; Expropriation rampante\"}]},{\"@type\":\"WebSite\",\"@id\":\"https:\/\/vieassociative.be\/actualites\/#website\",\"url\":\"https:\/\/vieassociative.be\/actualites\/\",\"name\":\"Vie Associative\",\"description\":\"\",\"publisher\":{\"@id\":\"https:\/\/vieassociative.be\/actualites\/#organization\"},\"potentialAction\":[{\"@type\":\"SearchAction\",\"target\":{\"@type\":\"EntryPoint\",\"urlTemplate\":\"https:\/\/vieassociative.be\/actualites\/?s={search_term_string}\"},\"query-input\":{\"@type\":\"PropertyValueSpecification\",\"valueRequired\":true,\"valueName\":\"search_term_string\"}}],\"inLanguage\":\"fr-BE\"},{\"@type\":\"Organization\",\"@id\":\"https:\/\/vieassociative.be\/actualites\/#organization\",\"name\":\"Vie Associative\",\"url\":\"https:\/\/vieassociative.be\/actualites\/\",\"logo\":{\"@type\":\"ImageObject\",\"inLanguage\":\"fr-BE\",\"@id\":\"https:\/\/vieassociative.be\/actualites\/#\/schema\/logo\/image\/\",\"url\":\"https:\/\/vieassociative.be\/actualites\/wp-content\/uploads\/2024\/09\/cropped-vieassociative_favicon.ico.png\",\"contentUrl\":\"https:\/\/vieassociative.be\/actualites\/wp-content\/uploads\/2024\/09\/cropped-vieassociative_favicon.ico.png\",\"width\":512,\"height\":512,\"caption\":\"Vie Associative\"},\"image\":{\"@id\":\"https:\/\/vieassociative.be\/actualites\/#\/schema\/logo\/image\/\"}},{\"@type\":\"Person\",\"@id\":\"https:\/\/vieassociative.be\/actualites\/#\/schema\/person\/b87ac4f82f9d4e7b7cec7395b679edc4\",\"name\":\"Julien\",\"image\":{\"@type\":\"ImageObject\",\"inLanguage\":\"fr-BE\",\"@id\":\"https:\/\/vieassociative.be\/actualites\/#\/schema\/person\/image\/\",\"url\":\"https:\/\/vieassociative.be\/actualites\/wp-content\/uploads\/2024\/09\/vie-associative-1-150x150.jpg\",\"contentUrl\":\"https:\/\/vieassociative.be\/actualites\/wp-content\/uploads\/2024\/09\/vie-associative-1-150x150.jpg\",\"caption\":\"Julien\"},\"description\":\"Je suis Julien, r\u00e9dacteur pour Vie Associative. Passionn\u00e9 par le monde associatif depuis plus de 10 ans, j'ai \u00e0 c\u0153ur de partager des histoires inspirantes et de mettre en lumi\u00e8re les initiatives locales. Mon objectif est de sensibiliser et d'encourager l'engagement communautaire \u00e0 travers mes articles.\",\"sameAs\":[\"https:\/\/vieassociative.be\/\"]}]}<\/script>\n<!-- \/ Yoast SEO plugin. -->","yoast_head_json":{"title":"Lettre \u00e0 l'\u00e9diteur - Expropriation rampante | Vie Associative","robots":{"index":"index","follow":"follow","max-snippet":"max-snippet:-1","max-image-preview":"max-image-preview:large","max-video-preview":"max-video-preview:-1"},"canonical":"https:\/\/vieassociative.be\/actualites\/lettre-a-lediteur-expropriation-rampante\/","og_locale":"fr_FR","og_type":"article","og_title":"Lettre \u00e0 l'\u00e9diteur - Expropriation rampante | Vie Associative","og_description":"\u00c0 Herresbach-Amel, depuis quelques semaines, il y a des panneaux d&rsquo;information avec des informations selon lesquelles une r\u00e9serve naturelle de plusieurs hectares entre Herresbach et","og_url":"https:\/\/vieassociative.be\/actualites\/lettre-a-lediteur-expropriation-rampante\/","og_site_name":"Vie Associative","article_published_time":"2025-05-29T20:17:19+00:00","og_image":[{"width":279,"height":92,"url":"https:\/\/vieassociative.be\/actualites\/wp-content\/uploads\/2024\/09\/header_backgroundk-01-e1726694325946.png","type":"image\/png"}],"author":"Julien","twitter_card":"summary_large_image","twitter_misc":{"\u00c9crit par":"Julien","Dur\u00e9e de lecture est.":"1 minute"},"schema":{"@context":"https:\/\/schema.org","@graph":[{"@type":"Article","@id":"https:\/\/vieassociative.be\/actualites\/lettre-a-lediteur-expropriation-rampante\/#article","isPartOf":{"@id":"https:\/\/vieassociative.be\/actualites\/lettre-a-lediteur-expropriation-rampante\/"},"author":{"name":"Julien","@id":"https:\/\/vieassociative.be\/actualites\/#\/schema\/person\/b87ac4f82f9d4e7b7cec7395b679edc4"},"headline":"Lettre \u00e0 l&rsquo;\u00e9diteur &#8211; Expropriation rampante","datePublished":"2025-05-29T20:17:19+00:00","dateModified":"2025-05-29T20:17:19+00:00","mainEntityOfPage":{"@id":"https:\/\/vieassociative.be\/actualites\/lettre-a-lediteur-expropriation-rampante\/"},"wordCount":136,"publisher":{"@id":"https:\/\/vieassociative.be\/actualites\/#organization"},"image":{"@id":"https:\/\/vieassociative.be\/actualites\/lettre-a-lediteur-expropriation-rampante\/#primaryimage"},"thumbnailUrl":"https:\/\/vieassociative.be\/actualites\/wp-content\/uploads\/2024\/11\/LETTRE-A-LA-REDACTION-\u2013-Audi-Bruxelles-dernier-avertissement-du.jpeg","keywords":["Expropriation","L\u00c9DITEUR","lettre","rampante"],"articleSection":["Belgique"],"inLanguage":"fr-BE"},{"@type":"WebPage","@id":"https:\/\/vieassociative.be\/actualites\/lettre-a-lediteur-expropriation-rampante\/","url":"https:\/\/vieassociative.be\/actualites\/lettre-a-lediteur-expropriation-rampante\/","name":"Lettre \u00e0 l'\u00e9diteur - Expropriation rampante | Vie Associative","isPartOf":{"@id":"https:\/\/vieassociative.be\/actualites\/#website"},"primaryImageOfPage":{"@id":"https:\/\/vieassociative.be\/actualites\/lettre-a-lediteur-expropriation-rampante\/#primaryimage"},"image":{"@id":"https:\/\/vieassociative.be\/actualites\/lettre-a-lediteur-expropriation-rampante\/#primaryimage"},"thumbnailUrl":"https:\/\/vieassociative.be\/actualites\/wp-content\/uploads\/2024\/11\/LETTRE-A-LA-REDACTION-\u2013-Audi-Bruxelles-dernier-avertissement-du.jpeg","datePublished":"2025-05-29T20:17:19+00:00","dateModified":"2025-05-29T20:17:19+00:00","breadcrumb":{"@id":"https:\/\/vieassociative.be\/actualites\/lettre-a-lediteur-expropriation-rampante\/#breadcrumb"},"inLanguage":"fr-BE","potentialAction":[{"@type":"ReadAction","target":["https:\/\/vieassociative.be\/actualites\/lettre-a-lediteur-expropriation-rampante\/"]}]},{"@type":"ImageObject","inLanguage":"fr-BE","@id":"https:\/\/vieassociative.be\/actualites\/lettre-a-lediteur-expropriation-rampante\/#primaryimage","url":"https:\/\/vieassociative.be\/actualites\/wp-content\/uploads\/2024\/11\/LETTRE-A-LA-REDACTION-\u2013-Audi-Bruxelles-dernier-avertissement-du.jpeg","contentUrl":"https:\/\/vieassociative.be\/actualites\/wp-content\/uploads\/2024\/11\/LETTRE-A-LA-REDACTION-\u2013-Audi-Bruxelles-dernier-avertissement-du.jpeg","width":1024,"height":747,"caption":"LETTRE \u00c0 LA R\u00c9DACTION \u2013 Audi Bruxelles, dernier avertissement du gouffre"},{"@type":"BreadcrumbList","@id":"https:\/\/vieassociative.be\/actualites\/lettre-a-lediteur-expropriation-rampante\/#breadcrumb","itemListElement":[{"@type":"ListItem","position":1,"name":"Accueil","item":"https:\/\/vieassociative.be\/actualites\/"},{"@type":"ListItem","position":2,"name":"Lettre \u00e0 l&rsquo;\u00e9diteur &#8211; Expropriation rampante"}]},{"@type":"WebSite","@id":"https:\/\/vieassociative.be\/actualites\/#website","url":"https:\/\/vieassociative.be\/actualites\/","name":"Vie Associative","description":"","publisher":{"@id":"https:\/\/vieassociative.be\/actualites\/#organization"},"potentialAction":[{"@type":"SearchAction","target":{"@type":"EntryPoint","urlTemplate":"https:\/\/vieassociative.be\/actualites\/?s={search_term_string}"},"query-input":{"@type":"PropertyValueSpecification","valueRequired":true,"valueName":"search_term_string"}}],"inLanguage":"fr-BE"},{"@type":"Organization","@id":"https:\/\/vieassociative.be\/actualites\/#organization","name":"Vie Associative","url":"https:\/\/vieassociative.be\/actualites\/","logo":{"@type":"ImageObject","inLanguage":"fr-BE","@id":"https:\/\/vieassociative.be\/actualites\/#\/schema\/logo\/image\/","url":"https:\/\/vieassociative.be\/actualites\/wp-content\/uploads\/2024\/09\/cropped-vieassociative_favicon.ico.png","contentUrl":"https:\/\/vieassociative.be\/actualites\/wp-content\/uploads\/2024\/09\/cropped-vieassociative_favicon.ico.png","width":512,"height":512,"caption":"Vie Associative"},"image":{"@id":"https:\/\/vieassociative.be\/actualites\/#\/schema\/logo\/image\/"}},{"@type":"Person","@id":"https:\/\/vieassociative.be\/actualites\/#\/schema\/person\/b87ac4f82f9d4e7b7cec7395b679edc4","name":"Julien","image":{"@type":"ImageObject","inLanguage":"fr-BE","@id":"https:\/\/vieassociative.be\/actualites\/#\/schema\/person\/image\/","url":"https:\/\/vieassociative.be\/actualites\/wp-content\/uploads\/2024\/09\/vie-associative-1-150x150.jpg","contentUrl":"https:\/\/vieassociative.be\/actualites\/wp-content\/uploads\/2024\/09\/vie-associative-1-150x150.jpg","caption":"Julien"},"description":"Je suis Julien, r\u00e9dacteur pour Vie Associative. Passionn\u00e9 par le monde associatif depuis plus de 10 ans, j'ai \u00e0 c\u0153ur de partager des histoires inspirantes et de mettre en lumi\u00e8re les initiatives locales. Mon objectif est de sensibiliser et d'encourager l'engagement communautaire \u00e0 travers mes articles.","sameAs":["https:\/\/vieassociative.be\/"]}]}},"_links":{"self":[{"href":"https:\/\/vieassociative.be\/actualites\/wp-json\/wp\/v2\/posts\/7857"}],"collection":[{"href":"https:\/\/vieassociative.be\/actualites\/wp-json\/wp\/v2\/posts"}],"about":[{"href":"https:\/\/vieassociative.be\/actualites\/wp-json\/wp\/v2\/types\/post"}],"author":[{"embeddable":true,"href":"https:\/\/vieassociative.be\/actualites\/wp-json\/wp\/v2\/users\/1"}],"replies":[{"embeddable":true,"href":"https:\/\/vieassociative.be\/actualites\/wp-json\/wp\/v2\/comments?post=7857"}],"version-history":[{"count":0,"href":"https:\/\/vieassociative.be\/actualites\/wp-json\/wp\/v2\/posts\/7857\/revisions"}],"wp:featuredmedia":[{"embeddable":true,"href":"https:\/\/vieassociative.be\/actualites\/wp-json\/wp\/v2\/media\/2567"}],"wp:attachment":[{"href":"https:\/\/vieassociative.be\/actualites\/wp-json\/wp\/v2\/media?parent=7857"}],"wp:term":[{"taxonomy":"category","embeddable":true,"href":"https:\/\/vieassociative.be\/actualites\/wp-json\/wp\/v2\/categories?post=7857"},{"taxonomy":"post_tag","embeddable":true,"href":"https:\/\/vieassociative.be\/actualites\/wp-json\/wp\/v2\/tags?post=7857"}],"curies":[{"name":"wp","href":"https:\/\/api.w.org\/{rel}","templated":true}]}}