{"id":7851,"date":"2025-05-29T16:18:32","date_gmt":"2025-05-29T14:18:32","guid":{"rendered":"https:\/\/vieassociative.be\/actualites\/apres-lavortement-gigantesque-la-prochaine-catastrophe-menace-les-gens-ont-tout-perdu\/"},"modified":"2025-05-29T16:18:32","modified_gmt":"2025-05-29T14:18:32","slug":"apres-lavortement-gigantesque-la-prochaine-catastrophe-menace-les-gens-ont-tout-perdu","status":"publish","type":"post","link":"https:\/\/vieassociative.be\/actualites\/apres-lavortement-gigantesque-la-prochaine-catastrophe-menace-les-gens-ont-tout-perdu\/","title":{"rendered":"Apr\u00e8s l&rsquo;avortement gigantesque, la prochaine catastrophe menace: \u00ab\u00a0Les gens ont tout perdu\u00a0\u00bb"},"content":{"rendered":"<p><strong>Mis \u00e0 jour &#8211; Apr\u00e8s l&rsquo;annulation gigantesque du glacier dans le L\u00f6tscheral dans le canton suisse du Valais, un autre catastrophe menace. Un m\u00e8tre \u00e0 un grand barrage fait de d\u00e9combres, de roche et de glace \u00e0 partir du drainage de la rivi\u00e8re Lonza. Derri\u00e8re elle se trouvent d\u00e9j\u00e0 d&rsquo;immenses masses d&rsquo;eau.<\/strong><\/p>\n<p><span id=\"more-416596\"><\/span>Lorsque l&rsquo;eau traverse, il y a une menace de raz de mar\u00e9e ou d&rsquo;une murale, c&rsquo;est-\u00e0-dire une avalanche d&rsquo;\u00e9boulis, si l&rsquo;eau d\u00e9chire ensuite les parties du barrage dans la vall\u00e9e. Par pr\u00e9caution, plusieurs maisons ont d\u00e9j\u00e0 \u00e9t\u00e9 autoris\u00e9es dans deux hameaux. Sur les photos de drones, vous pouvez voir qu&rsquo;une grande partie des feuilles se trouve sous une couche de caoutchoucs de m\u00e8tre, les quelques maisons \u00e9pargn\u00e9es sont inond\u00e9es par la Lonza.<\/p>\n<p>MP a battu Rieder de la voisine Weil Willer a parl\u00e9 de la t\u00e9l\u00e9vision suisse d&rsquo;un d\u00e9sastre du si\u00e8cle. \u00ab\u00a0C&rsquo;est un \u00e9v\u00e9nement que la vall\u00e9e n&rsquo;a jamais v\u00e9cu depuis le d\u00e9but de l&rsquo;historiographie\u00a0\u00bb, a-t-il d\u00e9clar\u00e9. \u00ab\u00a0Les gens ont perdu tout ce que vous avez construit toute votre vie.\u00a0\u00bb<\/p>\n<div id=\"attachment_416665\" class=\"wp-caption alignleft\" style=\"max-width: 300px\"><img fetchpriority=\"high\" decoding=\"async\" class=\"wp-image-416665 size-medium\" src=\"https:\/\/vieassociative.be\/actualites\/wp-content\/uploads\/2025\/05\/Apres-lavortement-gigantesque-la-prochaine-catastrophe-menace-Les-gens-ont.jpg\" alt=\"\" width=\"300\" height=\"200\"><\/p>\n<p class=\"wp-caption-text\">29.05.2025, Suisse, -: Une absorption a\u00e9rienne qui a \u00e9t\u00e9 enregistr\u00e9e un jour apr\u00e8s l&rsquo;avalanche massive, qui a \u00e9t\u00e9 d\u00e9clench\u00e9e par la d\u00e9molition du glacier Pirch, montre la destruction apr\u00e8s avoir descendu sur le sol de la vall\u00e9e et d\u00e9truit le village de Blatten. Photo: Jean-Christophe Bott \/ Keystone \/ DPA<\/p>\n<\/div>\n<p>Le hameau Ried n&rsquo;est \u00e9galement affect\u00e9 qu&rsquo;un kilom\u00e8tre avant les feuilles. Le r\u00e9sident Daniel Ritler a d\u00e9clar\u00e9 au portail \u00ab\u00a020 minutes\u00a0\u00bb: \u00ab\u00a0Toute la maison a \u00e9t\u00e9 bris\u00e9e en quelques secondes.\u00a0\u00bb Il n&rsquo;a plus trouv\u00e9 la ferme et la maison en photos. \u00ab\u00a0Il ressemblait \u00e0 la lune.\u00a0\u00bb \u00ab\u00a0Une vall\u00e9e crie\u00a0\u00bb, a \u00e9crit la plate-forme en ligne de la maison des m\u00e9dias locale Pomona.<\/p>\n<p><strong>&#8211; s&rsquo;inqui\u00e8te de la pause:<\/strong> \u00ab\u00a0Le pire serait que l&rsquo;eau s&rsquo;accumule jusqu&rsquo;\u00e0 la couronne du barrage du grimpeur de montagne\u00a0\u00bb, a d\u00e9clar\u00e9 le g\u00e9ologue Flavio Anselmetti de l&rsquo;Universit\u00e9 de Berne \u00e0 la station de radio suisse SRF. La rivi\u00e8re pourrait ensuite couper dans le m\u00e9lange de glace rocheuse, devenir instable et briser le barrage.<\/p>\n<p>\u00ab\u00a0Ensuite, de tr\u00e8s fortes vagues de mar\u00e9e ou de la mis\u00e8re de cette \u00e9pid\u00e9mie pour les municipalit\u00e9s qui se trouvent dans la basse vall\u00e9e pourraient menacer.\u00a0\u00bb L&rsquo;arm\u00e9e est d\u00e9j\u00e0 mobilis\u00e9e. L&#8217;emplacement est \u00e9valu\u00e9 toutes les heures avec des drones et des d\u00e9bits d&rsquo;h\u00e9licopt\u00e8re.<\/p>\n<p>Les troupes et l&rsquo;arm\u00e9e claires ne peuvent rien faire pour le moment, comme le canton de Valais l&rsquo;a annonc\u00e9. La situation est trop dangereuse. Sur la montagne Little Nesthorn, d&rsquo;autres centaines de milliers de m\u00e8tres cubes de rock ont \u200b\u200bmenac\u00e9 de se pr\u00e9cipiter. Les avalanches divis\u00e9es pourraient \u00eatre d\u00e9tach\u00e9es \u00e0 tout moment, et les d\u00e9combres pourraient \u00e9galement \u00eatre trop instables et ne peuvent pas \u00eatre entr\u00e9s. \u00ab\u00a0\u00c0 l&rsquo;heure actuelle, cela rend toute intervention impossible dans la zone sinistr\u00e9e\u00a0\u00bb, a d\u00e9clar\u00e9 le canton.<\/p>\n<\/p>\n<div id=\"attachment_416666\" class=\"wp-caption alignleft\" style=\"max-width: 300px\"><img decoding=\"async\" class=\"wp-image-416666 size-medium\" src=\"https:\/\/vieassociative.be\/actualites\/wp-content\/uploads\/2025\/05\/1748528312_535_Apres-lavortement-gigantesque-la-prochaine-catastrophe-menace-Les-gens-ont.jpg\" alt=\"\" width=\"300\" height=\"200\"><\/p>\n<p class=\"wp-caption-text\">29.05.2025, Suisse, -: Les bergers montent leurs moutons avec un h\u00e9licopt\u00e8re d&rsquo;un p\u00e2turage alpin \u00e0 Willer, en Suisse, un jour apr\u00e8s l&rsquo;\u00e9norme avalanche, qui a \u00e9t\u00e9 d\u00e9clench\u00e9e par la d\u00e9molition du glacier de bouleau. Photo: Jean-Christophe Bott \/ Keystone \/ DPA<\/p>\n<\/div>\n<p><strong>&#8211; Raison du changement climatique de la catastrophe?<\/strong><br \/>\n Un seul \u00e9v\u00e9nement directement attribu\u00e9 au changement climatique est difficile, explique Jan Beutel, professeur de l&rsquo;Universit\u00e9 d&rsquo;Innsbruck. Il enqu\u00eate sur l&rsquo;\u00e9tat des roches et du perg\u00e9lisol et des influences climatiques depuis des ann\u00e9es. N\u00e9anmoins: \u00ab\u00a0Les changements forts que nous vivons aujourd&rsquo;hui dans les hautes montagnes sont en grande partie le r\u00e9sultat du changement climatique au cours des derni\u00e8res d\u00e9cennies\u00a0\u00bb, dit-il, selon l&rsquo;Universit\u00e9 d&rsquo;Innsbruck. \u00ab\u00a0Dans une certaine mesure, le voyage est r\u00e9serv\u00e9 pour les prochaines ann\u00e9es &#8211; il est d\u00e9j\u00e0 r\u00e9chauff\u00e9, et la ros\u00e9e et la fusion se poursuivront in\u00e9vitablement.\u00a0\u00bb<\/p>\n<p>L&rsquo;eau et le vent pouvaient \u00e9roder la roche \u00e0 travers la fonte des glaciers et le d\u00e9gel rapide de la neige. Le perg\u00e9lisol &#8211; la couche de roche congel\u00e9e &#8211; se r\u00e9chauffe, la couche qui d\u00e9congeille aux temp\u00e9ratures estivales. \u00ab\u00a0Cependant, le d\u00e9gelage signifie \u00e9galement que plus d&rsquo;eau liquide est disponible &#8211; \u00e9galement \u00e0 l&rsquo;int\u00e9rieur de la montagne &#8211; et que les \u00e9talages et favorisent la mobilit\u00e9, entra\u00een\u00e9s par la gravit\u00e9\u00a0\u00bb, a d\u00e9clar\u00e9 Beutel.<\/p>\n<p><strong>&#8211; Shoot Layer jusqu&rsquo;\u00e0 200 m\u00e8tres d&rsquo;\u00e9paisseur:<\/strong> Les environ 300 habitants du village de Blastten ont tout perdu. 90% du village, environ 130 maisons et l&rsquo;\u00e9glise, sont enterr\u00e9s sous une couche de caoutchoucs. Il avait entre 50 et 200 m\u00e8tres d&rsquo;\u00e9paisseur, a d\u00e9clar\u00e9 le chef naturel Rapha\u00ebl Mayoraz. Le c\u00f4ne mesure deux kilom\u00e8tres de long et environ 200 m\u00e8tres de large.<\/p>\n<p>Selon les estimations, un total de trois millions de m\u00e8tres cubes de roches, de gravats et de glace du glacier Pirch a tonna dans la vall\u00e9e. Blatten est le dernier village du 27 kilom\u00e8tre L\u00f6tschental. C&rsquo;est environ 1 500 m\u00e8tres.<\/p>\n<\/p>\n<div id=\"attachment_416668\" class=\"wp-caption alignleft\" style=\"max-width: 300px\"><img decoding=\"async\" class=\"wp-image-416668 size-medium\" src=\"https:\/\/vieassociative.be\/actualites\/wp-content\/uploads\/2025\/05\/1748528312_56_Apres-lavortement-gigantesque-la-prochaine-catastrophe-menace-Les-gens-ont.jpg\" alt=\"\" width=\"300\" height=\"200\"><\/p>\n<p class=\"wp-caption-text\">29.05.2025, Suisse, -: Un h\u00e9licopt\u00e8re de l&rsquo;Air Zermatt survole le sc\u00e9nl\u00e9raire un jour apr\u00e8s l&rsquo;avalanche massive, qui a \u00e9t\u00e9 d\u00e9clench\u00e9e par la d\u00e9molition du glacier de la baie. Photo: Jean-Christophe Bott \/ Keystone \/ DPA<\/p>\n<\/div>\n<p>La bonne surveillance suisse des montagnes avait d\u00e9j\u00e0 conduit \u00e0 des avertissements \u00e0 mi-chemin peut-\u00eatre qu&rsquo;un glissement de terrain mena\u00e7ait au-dessus du village. Lorsque les crevasses dans le rocher ont augment\u00e9 rapidement, l&rsquo;appel est venu soudainement le 19 mai pour quitter le village dans l&rsquo;heure. Beaucoup ont emball\u00e9 les \u00e9l\u00e9ments essentiels nus sous peu et sont partis.<\/p>\n<p><strong>&#8211; Les habitants croyaient en un r\u00e9sultat de type: un aper\u00e7u:<\/strong> Le rocher et Brocken ont tonc\u00e9 dans la vall\u00e9e pendant des jours, mais rien n&rsquo;a atteint Blatten. Au cours de l&rsquo;\u00e9vacuation, beaucoup ont clairement indiqu\u00e9 qu&rsquo;ils appr\u00e9ciaient les mesures de pr\u00e9caution, mais ont tout de m\u00eame calcul\u00e9 que le village pouvait s&rsquo;enfuir l\u00e9g\u00e8rement &#8211; comme dans des endroits similaires dans d&rsquo;autres r\u00e9gions de montagne. Dans le L\u00f6tscheral, cependant, le pire sc\u00e9nario imaginable est devenu une r\u00e9alit\u00e9. Le d\u00e9put\u00e9 a d\u00e9clar\u00e9: \u00ab\u00a0Vous regardez l&rsquo;\u00e9cran et ne pouvez rien faire, c&rsquo;est un choc lourd.\u00a0\u00bb<\/p>\n<p><strong>-64 ans manquant:<\/strong> Depuis que les avalanches de glace et d&rsquo;\u00e9boulis ont tonc\u00e9 dans la vall\u00e9e mercredi apr\u00e8s-midi avec un rugissement gigantesque et un nuage de poussi\u00e8re comme apr\u00e8s une explosion et des feuilles enterr\u00e9es, les r\u00e9sidents ont \u00e9t\u00e9 prot\u00e9g\u00e9s et pris en charge. Les membres du conseil municipal sont stup\u00e9faits. Un local de 64 ans \u00e9tait dans la zone de danger malgr\u00e9 l&rsquo;\u00e9vacuation mercredi et est manqu\u00e9.<\/p>\n<p>L&rsquo;\u00e9v\u00eaque de Sion, Jean-Marie Lovey, a essay\u00e9 de fournir la consolation du proph\u00e8te d&rsquo;Isa\u00efe pour donner du r\u00e9confort aux gens: \u00ab\u00a0Les montagnes peuvent c\u00e9der la place et d\u00e9foncer les collines, mais mon amour pour vous ne c\u00e9dera pas et mon Bund Peace ne se r\u00e9veillera pas avec vous (Isa 54:10)\u00a0\u00bb, a-t-il cit\u00e9.<\/p>\n<p>Le L\u00f6tschental est \u00e9galement un paradis des f\u00eates, en \u00e9t\u00e9 avec des routes de randonn\u00e9e et d&rsquo;escalade ainsi que des lacs de montagne et une nature tr\u00e8s intacte et avec une vue de 40 quatre mille pics, en hiver avec des pistes de ski de kilom\u00e8tres. Il \u00e9tait difficile \u00e0 atteindre jusqu&rsquo;\u00e0 l&rsquo;ouverture du tunnel de L\u00f6tschberg en 1913 et la construction d&rsquo;une rue dans les ann\u00e9es 1950. (DPA)<\/p>\n","protected":false},"excerpt":{"rendered":"<p>Mis \u00e0 jour &#8211; Apr\u00e8s l&rsquo;annulation gigantesque du glacier dans le L\u00f6tscheral dans le canton suisse du Valais, un autre catastrophe menace. Un m\u00e8tre \u00e0<\/p>\n","protected":false},"author":1,"featured_media":7852,"comment_status":"","ping_status":"","sticky":false,"template":"","format":"standard","meta":{"footnotes":""},"categories":[298],"tags":[472,1776,1046,7220,7219,14,3396,1374,2207,773,236],"class_list":["post-7851","post","type-post","status-publish","format-standard","has-post-thumbnail","hentry","category-belgique","tag-apres","tag-catastrophe","tag-gens","tag-gigantesque","tag-lavortement","tag-les","tag-menace","tag-ont","tag-perdu","tag-prochaine","tag-tout","generate-columns","tablet-grid-50","mobile-grid-100","grid-parent","grid-33"],"yoast_head":"<!-- This site is optimized with the Yoast SEO plugin v24.0 - https:\/\/yoast.com\/wordpress\/plugins\/seo\/ -->\n<title>Apr\u00e8s l&#039;avortement gigantesque, la prochaine catastrophe menace: &quot;Les gens ont tout perdu&quot; | Vie Associative<\/title>\n<meta name=\"robots\" content=\"index, follow, max-snippet:-1, max-image-preview:large, max-video-preview:-1\" \/>\n<link rel=\"canonical\" href=\"https:\/\/vieassociative.be\/actualites\/apres-lavortement-gigantesque-la-prochaine-catastrophe-menace-les-gens-ont-tout-perdu\/\" \/>\n<meta property=\"og:locale\" content=\"fr_FR\" \/>\n<meta property=\"og:type\" content=\"article\" \/>\n<meta property=\"og:title\" content=\"Apr\u00e8s l&#039;avortement gigantesque, la prochaine catastrophe menace: &quot;Les gens ont tout perdu&quot; | Vie Associative\" \/>\n<meta property=\"og:description\" content=\"Mis \u00e0 jour &#8211; Apr\u00e8s l&rsquo;annulation gigantesque du glacier dans le L\u00f6tscheral dans le canton suisse du Valais, un autre catastrophe menace. Un m\u00e8tre \u00e0\" \/>\n<meta property=\"og:url\" content=\"https:\/\/vieassociative.be\/actualites\/apres-lavortement-gigantesque-la-prochaine-catastrophe-menace-les-gens-ont-tout-perdu\/\" \/>\n<meta property=\"og:site_name\" content=\"Vie Associative\" \/>\n<meta property=\"article:published_time\" content=\"2025-05-29T14:18:32+00:00\" \/>\n<meta property=\"og:image\" content=\"https:\/\/vieassociative.be\/actualites\/wp-content\/uploads\/2024\/09\/header_backgroundk-01-e1726694325946.png\" \/>\n\t<meta property=\"og:image:width\" content=\"279\" \/>\n\t<meta property=\"og:image:height\" content=\"92\" \/>\n\t<meta property=\"og:image:type\" content=\"image\/png\" \/>\n<meta name=\"author\" content=\"Julien\" \/>\n<meta name=\"twitter:card\" content=\"summary_large_image\" \/>\n<meta name=\"twitter:label1\" content=\"\u00c9crit par\" \/>\n\t<meta name=\"twitter:data1\" content=\"Julien\" \/>\n\t<meta name=\"twitter:label2\" content=\"Dur\u00e9e de lecture est.\" \/>\n\t<meta name=\"twitter:data2\" content=\"6 minutes\" \/>\n<script type=\"application\/ld+json\" class=\"yoast-schema-graph\">{\"@context\":\"https:\/\/schema.org\",\"@graph\":[{\"@type\":\"Article\",\"@id\":\"https:\/\/vieassociative.be\/actualites\/apres-lavortement-gigantesque-la-prochaine-catastrophe-menace-les-gens-ont-tout-perdu\/#article\",\"isPartOf\":{\"@id\":\"https:\/\/vieassociative.be\/actualites\/apres-lavortement-gigantesque-la-prochaine-catastrophe-menace-les-gens-ont-tout-perdu\/\"},\"author\":{\"name\":\"Julien\",\"@id\":\"https:\/\/vieassociative.be\/actualites\/#\/schema\/person\/b87ac4f82f9d4e7b7cec7395b679edc4\"},\"headline\":\"Apr\u00e8s l&rsquo;avortement gigantesque, la prochaine catastrophe menace: \u00ab\u00a0Les gens ont tout perdu\u00a0\u00bb\",\"datePublished\":\"2025-05-29T14:18:32+00:00\",\"dateModified\":\"2025-05-29T14:18:32+00:00\",\"mainEntityOfPage\":{\"@id\":\"https:\/\/vieassociative.be\/actualites\/apres-lavortement-gigantesque-la-prochaine-catastrophe-menace-les-gens-ont-tout-perdu\/\"},\"wordCount\":1349,\"publisher\":{\"@id\":\"https:\/\/vieassociative.be\/actualites\/#organization\"},\"image\":{\"@id\":\"https:\/\/vieassociative.be\/actualites\/apres-lavortement-gigantesque-la-prochaine-catastrophe-menace-les-gens-ont-tout-perdu\/#primaryimage\"},\"thumbnailUrl\":\"https:\/\/vieassociative.be\/actualites\/wp-content\/uploads\/2025\/05\/1748528313_Apres-lavortement-gigantesque-la-prochaine-catastrophe-menace-Les-gens-ont.jpg\",\"keywords\":[\"Apr\u00e8s\",\"catastrophe\",\"gens\",\"gigantesque\",\"lavortement\",\"Les\",\"menac\u00e9\",\"ont\",\"perdu\",\"prochaine\",\"tout\"],\"articleSection\":[\"Belgique\"],\"inLanguage\":\"fr-BE\"},{\"@type\":\"WebPage\",\"@id\":\"https:\/\/vieassociative.be\/actualites\/apres-lavortement-gigantesque-la-prochaine-catastrophe-menace-les-gens-ont-tout-perdu\/\",\"url\":\"https:\/\/vieassociative.be\/actualites\/apres-lavortement-gigantesque-la-prochaine-catastrophe-menace-les-gens-ont-tout-perdu\/\",\"name\":\"Apr\u00e8s l'avortement gigantesque, la prochaine catastrophe menace: \\\"Les gens ont tout perdu\\\" | Vie Associative\",\"isPartOf\":{\"@id\":\"https:\/\/vieassociative.be\/actualites\/#website\"},\"primaryImageOfPage\":{\"@id\":\"https:\/\/vieassociative.be\/actualites\/apres-lavortement-gigantesque-la-prochaine-catastrophe-menace-les-gens-ont-tout-perdu\/#primaryimage\"},\"image\":{\"@id\":\"https:\/\/vieassociative.be\/actualites\/apres-lavortement-gigantesque-la-prochaine-catastrophe-menace-les-gens-ont-tout-perdu\/#primaryimage\"},\"thumbnailUrl\":\"https:\/\/vieassociative.be\/actualites\/wp-content\/uploads\/2025\/05\/1748528313_Apres-lavortement-gigantesque-la-prochaine-catastrophe-menace-Les-gens-ont.jpg\",\"datePublished\":\"2025-05-29T14:18:32+00:00\",\"dateModified\":\"2025-05-29T14:18:32+00:00\",\"breadcrumb\":{\"@id\":\"https:\/\/vieassociative.be\/actualites\/apres-lavortement-gigantesque-la-prochaine-catastrophe-menace-les-gens-ont-tout-perdu\/#breadcrumb\"},\"inLanguage\":\"fr-BE\",\"potentialAction\":[{\"@type\":\"ReadAction\",\"target\":[\"https:\/\/vieassociative.be\/actualites\/apres-lavortement-gigantesque-la-prochaine-catastrophe-menace-les-gens-ont-tout-perdu\/\"]}]},{\"@type\":\"ImageObject\",\"inLanguage\":\"fr-BE\",\"@id\":\"https:\/\/vieassociative.be\/actualites\/apres-lavortement-gigantesque-la-prochaine-catastrophe-menace-les-gens-ont-tout-perdu\/#primaryimage\",\"url\":\"https:\/\/vieassociative.be\/actualites\/wp-content\/uploads\/2025\/05\/1748528313_Apres-lavortement-gigantesque-la-prochaine-catastrophe-menace-Les-gens-ont.jpg\",\"contentUrl\":\"https:\/\/vieassociative.be\/actualites\/wp-content\/uploads\/2025\/05\/1748528313_Apres-lavortement-gigantesque-la-prochaine-catastrophe-menace-Les-gens-ont.jpg\",\"width\":1200,\"height\":800,\"caption\":\"Apr\u00e8s l'avortement gigantesque, la prochaine catastrophe menace: \\\"Les gens ont tout perdu\\\"\"},{\"@type\":\"BreadcrumbList\",\"@id\":\"https:\/\/vieassociative.be\/actualites\/apres-lavortement-gigantesque-la-prochaine-catastrophe-menace-les-gens-ont-tout-perdu\/#breadcrumb\",\"itemListElement\":[{\"@type\":\"ListItem\",\"position\":1,\"name\":\"Accueil\",\"item\":\"https:\/\/vieassociative.be\/actualites\/\"},{\"@type\":\"ListItem\",\"position\":2,\"name\":\"Apr\u00e8s l&rsquo;avortement gigantesque, la prochaine catastrophe menace: \u00ab\u00a0Les gens ont tout perdu\u00a0\u00bb\"}]},{\"@type\":\"WebSite\",\"@id\":\"https:\/\/vieassociative.be\/actualites\/#website\",\"url\":\"https:\/\/vieassociative.be\/actualites\/\",\"name\":\"Vie Associative\",\"description\":\"\",\"publisher\":{\"@id\":\"https:\/\/vieassociative.be\/actualites\/#organization\"},\"potentialAction\":[{\"@type\":\"SearchAction\",\"target\":{\"@type\":\"EntryPoint\",\"urlTemplate\":\"https:\/\/vieassociative.be\/actualites\/?s={search_term_string}\"},\"query-input\":{\"@type\":\"PropertyValueSpecification\",\"valueRequired\":true,\"valueName\":\"search_term_string\"}}],\"inLanguage\":\"fr-BE\"},{\"@type\":\"Organization\",\"@id\":\"https:\/\/vieassociative.be\/actualites\/#organization\",\"name\":\"Vie Associative\",\"url\":\"https:\/\/vieassociative.be\/actualites\/\",\"logo\":{\"@type\":\"ImageObject\",\"inLanguage\":\"fr-BE\",\"@id\":\"https:\/\/vieassociative.be\/actualites\/#\/schema\/logo\/image\/\",\"url\":\"https:\/\/vieassociative.be\/actualites\/wp-content\/uploads\/2024\/09\/cropped-vieassociative_favicon.ico.png\",\"contentUrl\":\"https:\/\/vieassociative.be\/actualites\/wp-content\/uploads\/2024\/09\/cropped-vieassociative_favicon.ico.png\",\"width\":512,\"height\":512,\"caption\":\"Vie Associative\"},\"image\":{\"@id\":\"https:\/\/vieassociative.be\/actualites\/#\/schema\/logo\/image\/\"}},{\"@type\":\"Person\",\"@id\":\"https:\/\/vieassociative.be\/actualites\/#\/schema\/person\/b87ac4f82f9d4e7b7cec7395b679edc4\",\"name\":\"Julien\",\"image\":{\"@type\":\"ImageObject\",\"inLanguage\":\"fr-BE\",\"@id\":\"https:\/\/vieassociative.be\/actualites\/#\/schema\/person\/image\/\",\"url\":\"https:\/\/vieassociative.be\/actualites\/wp-content\/uploads\/2024\/09\/vie-associative-1-150x150.jpg\",\"contentUrl\":\"https:\/\/vieassociative.be\/actualites\/wp-content\/uploads\/2024\/09\/vie-associative-1-150x150.jpg\",\"caption\":\"Julien\"},\"description\":\"Je suis Julien, r\u00e9dacteur pour Vie Associative. Passionn\u00e9 par le monde associatif depuis plus de 10 ans, j'ai \u00e0 c\u0153ur de partager des histoires inspirantes et de mettre en lumi\u00e8re les initiatives locales. Mon objectif est de sensibiliser et d'encourager l'engagement communautaire \u00e0 travers mes articles.\",\"sameAs\":[\"https:\/\/vieassociative.be\/\"]}]}<\/script>\n<!-- \/ Yoast SEO plugin. -->","yoast_head_json":{"title":"Apr\u00e8s l'avortement gigantesque, la prochaine catastrophe menace: \"Les gens ont tout perdu\" | Vie Associative","robots":{"index":"index","follow":"follow","max-snippet":"max-snippet:-1","max-image-preview":"max-image-preview:large","max-video-preview":"max-video-preview:-1"},"canonical":"https:\/\/vieassociative.be\/actualites\/apres-lavortement-gigantesque-la-prochaine-catastrophe-menace-les-gens-ont-tout-perdu\/","og_locale":"fr_FR","og_type":"article","og_title":"Apr\u00e8s l'avortement gigantesque, la prochaine catastrophe menace: \"Les gens ont tout perdu\" | Vie Associative","og_description":"Mis \u00e0 jour &#8211; Apr\u00e8s l&rsquo;annulation gigantesque du glacier dans le L\u00f6tscheral dans le canton suisse du Valais, un autre catastrophe menace. Un m\u00e8tre \u00e0","og_url":"https:\/\/vieassociative.be\/actualites\/apres-lavortement-gigantesque-la-prochaine-catastrophe-menace-les-gens-ont-tout-perdu\/","og_site_name":"Vie Associative","article_published_time":"2025-05-29T14:18:32+00:00","og_image":[{"width":279,"height":92,"url":"https:\/\/vieassociative.be\/actualites\/wp-content\/uploads\/2024\/09\/header_backgroundk-01-e1726694325946.png","type":"image\/png"}],"author":"Julien","twitter_card":"summary_large_image","twitter_misc":{"\u00c9crit par":"Julien","Dur\u00e9e de lecture est.":"6 minutes"},"schema":{"@context":"https:\/\/schema.org","@graph":[{"@type":"Article","@id":"https:\/\/vieassociative.be\/actualites\/apres-lavortement-gigantesque-la-prochaine-catastrophe-menace-les-gens-ont-tout-perdu\/#article","isPartOf":{"@id":"https:\/\/vieassociative.be\/actualites\/apres-lavortement-gigantesque-la-prochaine-catastrophe-menace-les-gens-ont-tout-perdu\/"},"author":{"name":"Julien","@id":"https:\/\/vieassociative.be\/actualites\/#\/schema\/person\/b87ac4f82f9d4e7b7cec7395b679edc4"},"headline":"Apr\u00e8s l&rsquo;avortement gigantesque, la prochaine catastrophe menace: \u00ab\u00a0Les gens ont tout perdu\u00a0\u00bb","datePublished":"2025-05-29T14:18:32+00:00","dateModified":"2025-05-29T14:18:32+00:00","mainEntityOfPage":{"@id":"https:\/\/vieassociative.be\/actualites\/apres-lavortement-gigantesque-la-prochaine-catastrophe-menace-les-gens-ont-tout-perdu\/"},"wordCount":1349,"publisher":{"@id":"https:\/\/vieassociative.be\/actualites\/#organization"},"image":{"@id":"https:\/\/vieassociative.be\/actualites\/apres-lavortement-gigantesque-la-prochaine-catastrophe-menace-les-gens-ont-tout-perdu\/#primaryimage"},"thumbnailUrl":"https:\/\/vieassociative.be\/actualites\/wp-content\/uploads\/2025\/05\/1748528313_Apres-lavortement-gigantesque-la-prochaine-catastrophe-menace-Les-gens-ont.jpg","keywords":["Apr\u00e8s","catastrophe","gens","gigantesque","lavortement","Les","menac\u00e9","ont","perdu","prochaine","tout"],"articleSection":["Belgique"],"inLanguage":"fr-BE"},{"@type":"WebPage","@id":"https:\/\/vieassociative.be\/actualites\/apres-lavortement-gigantesque-la-prochaine-catastrophe-menace-les-gens-ont-tout-perdu\/","url":"https:\/\/vieassociative.be\/actualites\/apres-lavortement-gigantesque-la-prochaine-catastrophe-menace-les-gens-ont-tout-perdu\/","name":"Apr\u00e8s l'avortement gigantesque, la prochaine catastrophe menace: \"Les gens ont tout perdu\" | Vie Associative","isPartOf":{"@id":"https:\/\/vieassociative.be\/actualites\/#website"},"primaryImageOfPage":{"@id":"https:\/\/vieassociative.be\/actualites\/apres-lavortement-gigantesque-la-prochaine-catastrophe-menace-les-gens-ont-tout-perdu\/#primaryimage"},"image":{"@id":"https:\/\/vieassociative.be\/actualites\/apres-lavortement-gigantesque-la-prochaine-catastrophe-menace-les-gens-ont-tout-perdu\/#primaryimage"},"thumbnailUrl":"https:\/\/vieassociative.be\/actualites\/wp-content\/uploads\/2025\/05\/1748528313_Apres-lavortement-gigantesque-la-prochaine-catastrophe-menace-Les-gens-ont.jpg","datePublished":"2025-05-29T14:18:32+00:00","dateModified":"2025-05-29T14:18:32+00:00","breadcrumb":{"@id":"https:\/\/vieassociative.be\/actualites\/apres-lavortement-gigantesque-la-prochaine-catastrophe-menace-les-gens-ont-tout-perdu\/#breadcrumb"},"inLanguage":"fr-BE","potentialAction":[{"@type":"ReadAction","target":["https:\/\/vieassociative.be\/actualites\/apres-lavortement-gigantesque-la-prochaine-catastrophe-menace-les-gens-ont-tout-perdu\/"]}]},{"@type":"ImageObject","inLanguage":"fr-BE","@id":"https:\/\/vieassociative.be\/actualites\/apres-lavortement-gigantesque-la-prochaine-catastrophe-menace-les-gens-ont-tout-perdu\/#primaryimage","url":"https:\/\/vieassociative.be\/actualites\/wp-content\/uploads\/2025\/05\/1748528313_Apres-lavortement-gigantesque-la-prochaine-catastrophe-menace-Les-gens-ont.jpg","contentUrl":"https:\/\/vieassociative.be\/actualites\/wp-content\/uploads\/2025\/05\/1748528313_Apres-lavortement-gigantesque-la-prochaine-catastrophe-menace-Les-gens-ont.jpg","width":1200,"height":800,"caption":"Apr\u00e8s l'avortement gigantesque, la prochaine catastrophe menace: \"Les gens ont tout perdu\""},{"@type":"BreadcrumbList","@id":"https:\/\/vieassociative.be\/actualites\/apres-lavortement-gigantesque-la-prochaine-catastrophe-menace-les-gens-ont-tout-perdu\/#breadcrumb","itemListElement":[{"@type":"ListItem","position":1,"name":"Accueil","item":"https:\/\/vieassociative.be\/actualites\/"},{"@type":"ListItem","position":2,"name":"Apr\u00e8s l&rsquo;avortement gigantesque, la prochaine catastrophe menace: \u00ab\u00a0Les gens ont tout perdu\u00a0\u00bb"}]},{"@type":"WebSite","@id":"https:\/\/vieassociative.be\/actualites\/#website","url":"https:\/\/vieassociative.be\/actualites\/","name":"Vie Associative","description":"","publisher":{"@id":"https:\/\/vieassociative.be\/actualites\/#organization"},"potentialAction":[{"@type":"SearchAction","target":{"@type":"EntryPoint","urlTemplate":"https:\/\/vieassociative.be\/actualites\/?s={search_term_string}"},"query-input":{"@type":"PropertyValueSpecification","valueRequired":true,"valueName":"search_term_string"}}],"inLanguage":"fr-BE"},{"@type":"Organization","@id":"https:\/\/vieassociative.be\/actualites\/#organization","name":"Vie Associative","url":"https:\/\/vieassociative.be\/actualites\/","logo":{"@type":"ImageObject","inLanguage":"fr-BE","@id":"https:\/\/vieassociative.be\/actualites\/#\/schema\/logo\/image\/","url":"https:\/\/vieassociative.be\/actualites\/wp-content\/uploads\/2024\/09\/cropped-vieassociative_favicon.ico.png","contentUrl":"https:\/\/vieassociative.be\/actualites\/wp-content\/uploads\/2024\/09\/cropped-vieassociative_favicon.ico.png","width":512,"height":512,"caption":"Vie Associative"},"image":{"@id":"https:\/\/vieassociative.be\/actualites\/#\/schema\/logo\/image\/"}},{"@type":"Person","@id":"https:\/\/vieassociative.be\/actualites\/#\/schema\/person\/b87ac4f82f9d4e7b7cec7395b679edc4","name":"Julien","image":{"@type":"ImageObject","inLanguage":"fr-BE","@id":"https:\/\/vieassociative.be\/actualites\/#\/schema\/person\/image\/","url":"https:\/\/vieassociative.be\/actualites\/wp-content\/uploads\/2024\/09\/vie-associative-1-150x150.jpg","contentUrl":"https:\/\/vieassociative.be\/actualites\/wp-content\/uploads\/2024\/09\/vie-associative-1-150x150.jpg","caption":"Julien"},"description":"Je suis Julien, r\u00e9dacteur pour Vie Associative. Passionn\u00e9 par le monde associatif depuis plus de 10 ans, j'ai \u00e0 c\u0153ur de partager des histoires inspirantes et de mettre en lumi\u00e8re les initiatives locales. Mon objectif est de sensibiliser et d'encourager l'engagement communautaire \u00e0 travers mes articles.","sameAs":["https:\/\/vieassociative.be\/"]}]}},"_links":{"self":[{"href":"https:\/\/vieassociative.be\/actualites\/wp-json\/wp\/v2\/posts\/7851"}],"collection":[{"href":"https:\/\/vieassociative.be\/actualites\/wp-json\/wp\/v2\/posts"}],"about":[{"href":"https:\/\/vieassociative.be\/actualites\/wp-json\/wp\/v2\/types\/post"}],"author":[{"embeddable":true,"href":"https:\/\/vieassociative.be\/actualites\/wp-json\/wp\/v2\/users\/1"}],"replies":[{"embeddable":true,"href":"https:\/\/vieassociative.be\/actualites\/wp-json\/wp\/v2\/comments?post=7851"}],"version-history":[{"count":0,"href":"https:\/\/vieassociative.be\/actualites\/wp-json\/wp\/v2\/posts\/7851\/revisions"}],"wp:featuredmedia":[{"embeddable":true,"href":"https:\/\/vieassociative.be\/actualites\/wp-json\/wp\/v2\/media\/7852"}],"wp:attachment":[{"href":"https:\/\/vieassociative.be\/actualites\/wp-json\/wp\/v2\/media?parent=7851"}],"wp:term":[{"taxonomy":"category","embeddable":true,"href":"https:\/\/vieassociative.be\/actualites\/wp-json\/wp\/v2\/categories?post=7851"},{"taxonomy":"post_tag","embeddable":true,"href":"https:\/\/vieassociative.be\/actualites\/wp-json\/wp\/v2\/tags?post=7851"}],"curies":[{"name":"wp","href":"https:\/\/api.w.org\/{rel}","templated":true}]}}