{"id":7845,"date":"2025-05-29T10:17:10","date_gmt":"2025-05-29T08:17:10","guid":{"rendered":"https:\/\/vieassociative.be\/actualites\/le-prix-aachen-charles-pour-ursula-von-der-leyen-printendose-von-lambertz-pour-le-75e-anniversaire\/"},"modified":"2025-05-29T10:17:10","modified_gmt":"2025-05-29T08:17:10","slug":"le-prix-aachen-charles-pour-ursula-von-der-leyen-printendose-von-lambertz-pour-le-75e-anniversaire","status":"publish","type":"post","link":"https:\/\/vieassociative.be\/actualites\/le-prix-aachen-charles-pour-ursula-von-der-leyen-printendose-von-lambertz-pour-le-75e-anniversaire\/","title":{"rendered":"Le prix Aachen Charles pour Ursula von der Leyen-Printendose von Lambertz pour le 75e anniversaire"},"content":{"rendered":"<p><strong>Le march\u00e9 est boucl\u00e9, de lourdes limousines roulent, des centaines d&rsquo;invit\u00e9s d&rsquo;honneur se rendent \u00e0 la mairie: \u00e0 Aachen, le prix international Charles 2025 est d\u00e9cern\u00e9 en Ascension.<\/strong><\/p>\n<p><span id=\"more-416539\"><\/span>Le laur\u00e9at est le pr\u00e9sident de la Commission de l&rsquo;UE Ursula von der Leyen. Le politicien de la CDU, 66 ans, est reconnu \u00ab\u00a0comme une voix forte en Europe\u00a0\u00bb. Il conduit le visionnaire de l&rsquo;UE, courageux, fort, fort et en phase vue \u00e0 travers une p\u00e9riode de transformations profondes, est le raisonnement de la Direction des prix Charles.<\/p>\n<div id=\"attachment_416564\" class=\"wp-caption alignleft\" style=\"max-width: 300px\"><img fetchpriority=\"high\" decoding=\"async\" class=\"wp-image-416564 size-medium\" src=\"https:\/\/vieassociative.be\/actualites\/wp-content\/uploads\/2025\/05\/Le-prix-Aachen-Charles-pour-Ursula-von-der-Leyen-Printendose-von.jpg\" alt=\"\" width=\"300\" height=\"200\"  ><\/p>\n<p class=\"wp-caption-text\">22\/03\/2024, Belgique, Bruxelles: Ursula von der Leyen, pr\u00e9sidente de la Commission europ\u00e9enne, s&rsquo;exprime en mars lors d&rsquo;une conf\u00e9rence de presse \u00e0 la fin d&rsquo;un sommet de l&rsquo;UE. Photo: Geert Vanden Wijngaert \/ AP \/ DPA<\/p>\n<\/div>\n<p>Le prix le plus important pour les services \u00e0 l&rsquo;unification europ\u00e9enne est le prix le plus important. Il a \u00e9t\u00e9 r\u00e9compens\u00e9 \u00e0 Aix-un depuis 75 ans. Au cours de l&rsquo;ann\u00e9e d&rsquo;anniversaire, deux invit\u00e9s de haut rang entrent un discours sur le nouveau porteur de Karlspreis: le roi Espagne Felipe VI. et le chancelier Friedrich Merz (CDU). Devant 750 invit\u00e9s, les invit\u00e9s parleront de la Leyen apr\u00e8s la c\u00e9r\u00e9monie de remise des prix.<\/p>\n<p>De nombreuses r\u00e9f\u00e9rences \u00e0 Charlemagne: Aachen utilise les lieux historiques du centre le 29 mai. Vous avez une r\u00e9f\u00e9rence \u00e0 l&rsquo;homonyme du prix, Karl le Grand (748-814). L&rsquo;h\u00f4tel de ville historique est sur les fondements de sa r\u00e9sidence. Dans la salle de couronnement, o\u00f9 le prix a lieu, le couronnement de K\u00f6nigs est inclin\u00e9 depuis des si\u00e8cles. Les rois ont \u00e9t\u00e9 couronn\u00e9s dans la cath\u00e9drale voisine construite par Karl. Le souverain est souvent rest\u00e9 \u00e0 Aix-un, y compris en raison des sources d&rsquo;eau chaude dans la zone urbaine.<\/p>\n<p>De nombreux Charlemaks pr\u00e9c\u00e9dents sont des hommes d&rsquo;\u00c9tat et connect\u00e9s \u00e0 l&rsquo;Europe. Le premier comprend le chancelier Konrad Adenauer (CDU) en 1954 et un an plus tard, l&rsquo;ancien Premier ministre britannique Winston Churchill.<\/p>\n<div id=\"attachment_384534\" class=\"wp-caption alignleft\" style=\"max-width: 300px\"><img decoding=\"async\" class=\"wp-image-384534 size-medium\" src=\"https:\/\/vieassociative.be\/actualites\/wp-content\/uploads\/2025\/05\/1748506630_496_Le-prix-Aachen-Charles-pour-Ursula-von-der-Leyen-Printendose-von.jpg\" alt=\"\" width=\"300\" height=\"233\"><\/p>\n<p class=\"wp-caption-text\">09.05.2024, Rhin-Westphalie du Nord, Aachen: Oberrabbi Pinchas Goldschmidt, pr\u00e9sident de la Conf\u00e9rence europ\u00e9enne du rabbin, est dans les escaliers de la mairie du prix Aachen International Charlemagne. Photo: Henning Kaiser \/ DPA<\/p>\n<\/div>\n<p><strong>&#8211; \u00ab\u00a0Face de l&rsquo;Europe dans le monde\u00a0\u00bb:<\/strong> Le pr\u00e9sident de la Commission europ\u00e9enne, Ursula von der Leyen, est honor\u00e9 comme \u00ab\u00a0le visage de l&rsquo;Europe dans le monde\u00a0\u00bb. Leurs m\u00e9rites de confinement de Corona Pandemic, l&rsquo;apparence ferm\u00e9e contre la Russie et les impulsions de \u00abl&rsquo;accord vert\u00bb, avec laquelle l&rsquo;Europe veut devenir neutre au climat d&rsquo;ici 2050, ont \u00e9t\u00e9 particuli\u00e8rement mentionn\u00e9es. Le prix Charles devrait express\u00e9ment \u00ab\u00a0renforcer le dos pour encourager les t\u00e2ches \u00e0 venir\u00a0\u00bb.<\/p>\n<p>De Bruxelles, la r\u00e9sidence officielle de la Commission europ\u00e9enne, Aix-un est \u00e0 environ 150 kilom\u00e8tres. Plus de la moiti\u00e9 de la r\u00e9gion de la ville borde la Belgique et les Pays-Bas. La vie \u00e0 travers les fronti\u00e8res est la vie quotidienne. Le pr\u00e9sident de la Commission europ\u00e9enne parlera aux \u00e9tudiants de Rwth Aachen la veille. \u00c0 midi apr\u00e8s la c\u00e9r\u00e9monie, les Leyen et les anciens laur\u00e9ats apparaissent sur une sc\u00e8ne \u00e0 la mairie.<\/p>\n<p>Au cours des trois derni\u00e8res ann\u00e9es, Swetlana Tachanowskaja avait re\u00e7u le prix Charles avec deux autres militants des droits civiques du B\u00e9larus, le pr\u00e9sident ukrainien Wolodymyr Selenskyj et le pr\u00e9sident de la Conf\u00e9rence europ\u00e9enne du Rabbin. (DPA)<\/p>\n<h3>Le prix Charles exclusif peut pour le 75e anniversaire<\/h3>\n<p><strong>\u00ab\u00a0Nous c\u00e9l\u00e9brons le prix 75 ans de Charles. Parce qu&rsquo;une Europe unie a bon go\u00fbt!\u00a0\u00bb Il s&rsquo;agit de la devise qui fait la publicit\u00e9 sur la bo\u00eete \u00e0 imprimer exclusive de la soci\u00e9t\u00e9 traditionnelle d&rsquo;Aix-la-Chambre Lambertz pour le 75e anniversaire du prix international Charles et de l&rsquo;unit\u00e9 de l&rsquo;Europe.<\/strong><\/p>\n<p><!--more-->La bo\u00eete \u00e0 bijoux tindbale de haute qualit\u00e9 (400 g), les motifs historiques des monuments d&rsquo;Aachener (la cath\u00e9drale d&rsquo;Aix-un, l&rsquo;h\u00f4tel de ville d&rsquo;Aix-la-Chapelle, le Elisenbrunnen et le Ponttor) montre et contient des sprints mous dans les variantes du chocolat et de l&rsquo;\u00e9crou au lait sombre, entier. www.karlspreis.de avec un mat\u00e9riel d&rsquo;information \u00e9tendu pour le c\u00e9l\u00e8bre prix d&rsquo;Europe.<\/p>\n<div id=\"attachment_416560\" class=\"wp-caption alignleft\" style=\"max-width: 223px\"><img decoding=\"async\" class=\"wp-image-416560 size-medium\" src=\"https:\/\/vieassociative.be\/actualites\/wp-content\/uploads\/2025\/05\/1748506630_151_Le-prix-Aachen-Charles-pour-Ursula-von-der-Leyen-Printendose-von.jpg\" alt=\"\" width=\"223\" height=\"300\"  ><\/p>\n<p class=\"wp-caption-text\">La bo\u00eete \u00e0 bijoux tindbale de haute qualit\u00e9 (400 g), les motifs historiques de la cath\u00e9drale d&rsquo;Aachener, de l&rsquo;h\u00f4tel de ville d&rsquo;Aix-la-Chapineuse, du Elisenbrunnen et du Ponttor) montre et contient du chocolat doux dans les variantes des sp\u00e9cialit\u00e9s, du chocolat et du noix au lait entier, est une pr\u00e9mice culinaire.<\/p>\n<\/div>\n<p>Lors de la pr\u00e9sentation de la premi\u00e8re \u00e9dition imprim\u00e9e en l&rsquo;honneur du prix Charles, qui a eu lieu dans le nouveau magasin phare du groupe Lambertz sur le porte-parole d&rsquo;Aachen Elisenbrunnen: \u00ab\u00a0Ce qui dit qu&rsquo;Aachen signifie g\u00e9n\u00e9ralement Karl le grand et la cr\u00e9ation de la cr\u00e9ation de la cr\u00e9ation de la cr\u00e9ation. Can, qui au mieux et le plus authentique combine un message doux et primitif, mais aussi politique de notre ville. \u00ab\u00a0<\/p>\n<p>Le Dr Hermann B\u00fchlbeck, actionnaire unique du groupe Lambertz, a soulign\u00e9: \u00ab\u00a0Nous soutenons activement le prix d&rsquo;Aix-un Charles depuis plus de quatre d\u00e9cennies. Fondamentalement, mais aussi sous la forme que nous fournissons des cadeaux d&rsquo;impression originaux pour le Karlsprist\u00e4ger et les clients externes afin que vous puissiez \u00e9galement garder notre ville dans une ann\u00e9e positive.<\/p>\n<p>Le coffret Charles, qui est limit\u00e9 \u00e0 1 000 pi\u00e8ces, sera remis au pr\u00e9sident de la Commission de Karlspregern et de l&rsquo;UE de cette ann\u00e9e, Ursula von Der Leyen, au chancelier f\u00e9d\u00e9ral Friedrich Merz et au roi espagnol Felipe dans le cadre de la c\u00e9r\u00e9monie officielle (le 29 mai \u00e0 la salle de la ville d&rsquo;Acachen). Le Can a \u00e9galement re\u00e7u 200 autres invit\u00e9s \u00e9minents de l&rsquo;\u00e9v\u00e9nement.<\/p>\n<p>La bo\u00eete de Karlpreis est disponible dans le magasin phare de Lambertz sur l&rsquo;Aix-un Elisenbrunnen, aux informations touristiques d&rsquo;Aix-la-Chambre (\u00e9galement au Elisenbrunnen) et \u00e0 Lambertz-Werksauf (Ritterstra\u00dfe 9, Aachen).<\/p>\n","protected":false},"excerpt":{"rendered":"<p>Le march\u00e9 est boucl\u00e9, de lourdes limousines roulent, des centaines d&rsquo;invit\u00e9s d&rsquo;honneur se rendent \u00e0 la mairie: \u00e0 Aachen, le prix international Charles 2025 est<\/p>\n","protected":false},"author":1,"featured_media":7846,"comment_status":"","ping_status":"","sticky":false,"template":"","format":"standard","meta":{"footnotes":""},"categories":[298],"tags":[7213,3446,4086,7211,668,2772,7212,81,1399,4763,3558],"class_list":["post-7845","post","type-post","status-publish","format-standard","has-post-thumbnail","hentry","category-belgique","tag-75e","tag-aachen","tag-anniversaire","tag-charles","tag-der","tag-lambertz","tag-leyenprintendose","tag-pour","tag-prix","tag-ursula","tag-von","generate-columns","tablet-grid-50","mobile-grid-100","grid-parent","grid-33"],"yoast_head":"<!-- This site is optimized with the Yoast SEO plugin v24.0 - https:\/\/yoast.com\/wordpress\/plugins\/seo\/ -->\n<title>Le prix Aachen Charles pour Ursula von der Leyen-Printendose von Lambertz pour le 75e anniversaire | Vie Associative<\/title>\n<meta name=\"robots\" content=\"index, follow, max-snippet:-1, max-image-preview:large, max-video-preview:-1\" \/>\n<link rel=\"canonical\" href=\"https:\/\/vieassociative.be\/actualites\/le-prix-aachen-charles-pour-ursula-von-der-leyen-printendose-von-lambertz-pour-le-75e-anniversaire\/\" \/>\n<meta property=\"og:locale\" content=\"fr_FR\" \/>\n<meta property=\"og:type\" content=\"article\" \/>\n<meta property=\"og:title\" content=\"Le prix Aachen Charles pour Ursula von der Leyen-Printendose von Lambertz pour le 75e anniversaire | Vie Associative\" \/>\n<meta property=\"og:description\" content=\"Le march\u00e9 est boucl\u00e9, de lourdes limousines roulent, des centaines d&rsquo;invit\u00e9s d&rsquo;honneur se rendent \u00e0 la mairie: \u00e0 Aachen, le prix international Charles 2025 est\" \/>\n<meta property=\"og:url\" content=\"https:\/\/vieassociative.be\/actualites\/le-prix-aachen-charles-pour-ursula-von-der-leyen-printendose-von-lambertz-pour-le-75e-anniversaire\/\" \/>\n<meta property=\"og:site_name\" content=\"Vie Associative\" \/>\n<meta property=\"article:published_time\" content=\"2025-05-29T08:17:10+00:00\" \/>\n<meta property=\"og:image\" content=\"https:\/\/vieassociative.be\/actualites\/wp-content\/uploads\/2024\/09\/header_backgroundk-01-e1726694325946.png\" \/>\n\t<meta property=\"og:image:width\" content=\"279\" \/>\n\t<meta property=\"og:image:height\" content=\"92\" \/>\n\t<meta property=\"og:image:type\" content=\"image\/png\" \/>\n<meta name=\"author\" content=\"Julien\" \/>\n<meta name=\"twitter:card\" content=\"summary_large_image\" \/>\n<meta name=\"twitter:label1\" content=\"\u00c9crit par\" \/>\n\t<meta name=\"twitter:data1\" content=\"Julien\" \/>\n\t<meta name=\"twitter:label2\" content=\"Dur\u00e9e de lecture est.\" \/>\n\t<meta name=\"twitter:data2\" content=\"5 minutes\" \/>\n<script type=\"application\/ld+json\" class=\"yoast-schema-graph\">{\"@context\":\"https:\/\/schema.org\",\"@graph\":[{\"@type\":\"Article\",\"@id\":\"https:\/\/vieassociative.be\/actualites\/le-prix-aachen-charles-pour-ursula-von-der-leyen-printendose-von-lambertz-pour-le-75e-anniversaire\/#article\",\"isPartOf\":{\"@id\":\"https:\/\/vieassociative.be\/actualites\/le-prix-aachen-charles-pour-ursula-von-der-leyen-printendose-von-lambertz-pour-le-75e-anniversaire\/\"},\"author\":{\"name\":\"Julien\",\"@id\":\"https:\/\/vieassociative.be\/actualites\/#\/schema\/person\/b87ac4f82f9d4e7b7cec7395b679edc4\"},\"headline\":\"Le prix Aachen Charles pour Ursula von der Leyen-Printendose von Lambertz pour le 75e anniversaire\",\"datePublished\":\"2025-05-29T08:17:10+00:00\",\"dateModified\":\"2025-05-29T08:17:10+00:00\",\"mainEntityOfPage\":{\"@id\":\"https:\/\/vieassociative.be\/actualites\/le-prix-aachen-charles-pour-ursula-von-der-leyen-printendose-von-lambertz-pour-le-75e-anniversaire\/\"},\"wordCount\":1042,\"publisher\":{\"@id\":\"https:\/\/vieassociative.be\/actualites\/#organization\"},\"image\":{\"@id\":\"https:\/\/vieassociative.be\/actualites\/le-prix-aachen-charles-pour-ursula-von-der-leyen-printendose-von-lambertz-pour-le-75e-anniversaire\/#primaryimage\"},\"thumbnailUrl\":\"https:\/\/vieassociative.be\/actualites\/wp-content\/uploads\/2025\/05\/1748506630_Le-prix-Aachen-Charles-pour-Ursula-von-der-Leyen-Printendose-von.jpg\",\"keywords\":[\"75e\",\"Aachen\",\"anniversaire\",\"Charles\",\"der\",\"Lambertz\",\"LeyenPrintendose\",\"pour\",\"prix\",\"Ursula\",\"von\"],\"articleSection\":[\"Belgique\"],\"inLanguage\":\"fr-BE\"},{\"@type\":\"WebPage\",\"@id\":\"https:\/\/vieassociative.be\/actualites\/le-prix-aachen-charles-pour-ursula-von-der-leyen-printendose-von-lambertz-pour-le-75e-anniversaire\/\",\"url\":\"https:\/\/vieassociative.be\/actualites\/le-prix-aachen-charles-pour-ursula-von-der-leyen-printendose-von-lambertz-pour-le-75e-anniversaire\/\",\"name\":\"Le prix Aachen Charles pour Ursula von der Leyen-Printendose von Lambertz pour le 75e anniversaire | Vie Associative\",\"isPartOf\":{\"@id\":\"https:\/\/vieassociative.be\/actualites\/#website\"},\"primaryImageOfPage\":{\"@id\":\"https:\/\/vieassociative.be\/actualites\/le-prix-aachen-charles-pour-ursula-von-der-leyen-printendose-von-lambertz-pour-le-75e-anniversaire\/#primaryimage\"},\"image\":{\"@id\":\"https:\/\/vieassociative.be\/actualites\/le-prix-aachen-charles-pour-ursula-von-der-leyen-printendose-von-lambertz-pour-le-75e-anniversaire\/#primaryimage\"},\"thumbnailUrl\":\"https:\/\/vieassociative.be\/actualites\/wp-content\/uploads\/2025\/05\/1748506630_Le-prix-Aachen-Charles-pour-Ursula-von-der-Leyen-Printendose-von.jpg\",\"datePublished\":\"2025-05-29T08:17:10+00:00\",\"dateModified\":\"2025-05-29T08:17:10+00:00\",\"breadcrumb\":{\"@id\":\"https:\/\/vieassociative.be\/actualites\/le-prix-aachen-charles-pour-ursula-von-der-leyen-printendose-von-lambertz-pour-le-75e-anniversaire\/#breadcrumb\"},\"inLanguage\":\"fr-BE\",\"potentialAction\":[{\"@type\":\"ReadAction\",\"target\":[\"https:\/\/vieassociative.be\/actualites\/le-prix-aachen-charles-pour-ursula-von-der-leyen-printendose-von-lambertz-pour-le-75e-anniversaire\/\"]}]},{\"@type\":\"ImageObject\",\"inLanguage\":\"fr-BE\",\"@id\":\"https:\/\/vieassociative.be\/actualites\/le-prix-aachen-charles-pour-ursula-von-der-leyen-printendose-von-lambertz-pour-le-75e-anniversaire\/#primaryimage\",\"url\":\"https:\/\/vieassociative.be\/actualites\/wp-content\/uploads\/2025\/05\/1748506630_Le-prix-Aachen-Charles-pour-Ursula-von-der-Leyen-Printendose-von.jpg\",\"contentUrl\":\"https:\/\/vieassociative.be\/actualites\/wp-content\/uploads\/2025\/05\/1748506630_Le-prix-Aachen-Charles-pour-Ursula-von-der-Leyen-Printendose-von.jpg\",\"width\":2560,\"height\":953,\"caption\":\"Le prix Aachen Charles pour Ursula von der Leyen-Printendose von Lambertz pour le 75e anniversaire\"},{\"@type\":\"BreadcrumbList\",\"@id\":\"https:\/\/vieassociative.be\/actualites\/le-prix-aachen-charles-pour-ursula-von-der-leyen-printendose-von-lambertz-pour-le-75e-anniversaire\/#breadcrumb\",\"itemListElement\":[{\"@type\":\"ListItem\",\"position\":1,\"name\":\"Accueil\",\"item\":\"https:\/\/vieassociative.be\/actualites\/\"},{\"@type\":\"ListItem\",\"position\":2,\"name\":\"Le prix Aachen Charles pour Ursula von der Leyen-Printendose von Lambertz pour le 75e anniversaire\"}]},{\"@type\":\"WebSite\",\"@id\":\"https:\/\/vieassociative.be\/actualites\/#website\",\"url\":\"https:\/\/vieassociative.be\/actualites\/\",\"name\":\"Vie Associative\",\"description\":\"\",\"publisher\":{\"@id\":\"https:\/\/vieassociative.be\/actualites\/#organization\"},\"potentialAction\":[{\"@type\":\"SearchAction\",\"target\":{\"@type\":\"EntryPoint\",\"urlTemplate\":\"https:\/\/vieassociative.be\/actualites\/?s={search_term_string}\"},\"query-input\":{\"@type\":\"PropertyValueSpecification\",\"valueRequired\":true,\"valueName\":\"search_term_string\"}}],\"inLanguage\":\"fr-BE\"},{\"@type\":\"Organization\",\"@id\":\"https:\/\/vieassociative.be\/actualites\/#organization\",\"name\":\"Vie Associative\",\"url\":\"https:\/\/vieassociative.be\/actualites\/\",\"logo\":{\"@type\":\"ImageObject\",\"inLanguage\":\"fr-BE\",\"@id\":\"https:\/\/vieassociative.be\/actualites\/#\/schema\/logo\/image\/\",\"url\":\"https:\/\/vieassociative.be\/actualites\/wp-content\/uploads\/2024\/09\/cropped-vieassociative_favicon.ico.png\",\"contentUrl\":\"https:\/\/vieassociative.be\/actualites\/wp-content\/uploads\/2024\/09\/cropped-vieassociative_favicon.ico.png\",\"width\":512,\"height\":512,\"caption\":\"Vie Associative\"},\"image\":{\"@id\":\"https:\/\/vieassociative.be\/actualites\/#\/schema\/logo\/image\/\"}},{\"@type\":\"Person\",\"@id\":\"https:\/\/vieassociative.be\/actualites\/#\/schema\/person\/b87ac4f82f9d4e7b7cec7395b679edc4\",\"name\":\"Julien\",\"image\":{\"@type\":\"ImageObject\",\"inLanguage\":\"fr-BE\",\"@id\":\"https:\/\/vieassociative.be\/actualites\/#\/schema\/person\/image\/\",\"url\":\"https:\/\/vieassociative.be\/actualites\/wp-content\/uploads\/2024\/09\/vie-associative-1-150x150.jpg\",\"contentUrl\":\"https:\/\/vieassociative.be\/actualites\/wp-content\/uploads\/2024\/09\/vie-associative-1-150x150.jpg\",\"caption\":\"Julien\"},\"description\":\"Je suis Julien, r\u00e9dacteur pour Vie Associative. Passionn\u00e9 par le monde associatif depuis plus de 10 ans, j'ai \u00e0 c\u0153ur de partager des histoires inspirantes et de mettre en lumi\u00e8re les initiatives locales. Mon objectif est de sensibiliser et d'encourager l'engagement communautaire \u00e0 travers mes articles.\",\"sameAs\":[\"https:\/\/vieassociative.be\/\"]}]}<\/script>\n<!-- \/ Yoast SEO plugin. -->","yoast_head_json":{"title":"Le prix Aachen Charles pour Ursula von der Leyen-Printendose von Lambertz pour le 75e anniversaire | Vie Associative","robots":{"index":"index","follow":"follow","max-snippet":"max-snippet:-1","max-image-preview":"max-image-preview:large","max-video-preview":"max-video-preview:-1"},"canonical":"https:\/\/vieassociative.be\/actualites\/le-prix-aachen-charles-pour-ursula-von-der-leyen-printendose-von-lambertz-pour-le-75e-anniversaire\/","og_locale":"fr_FR","og_type":"article","og_title":"Le prix Aachen Charles pour Ursula von der Leyen-Printendose von Lambertz pour le 75e anniversaire | Vie Associative","og_description":"Le march\u00e9 est boucl\u00e9, de lourdes limousines roulent, des centaines d&rsquo;invit\u00e9s d&rsquo;honneur se rendent \u00e0 la mairie: \u00e0 Aachen, le prix international Charles 2025 est","og_url":"https:\/\/vieassociative.be\/actualites\/le-prix-aachen-charles-pour-ursula-von-der-leyen-printendose-von-lambertz-pour-le-75e-anniversaire\/","og_site_name":"Vie Associative","article_published_time":"2025-05-29T08:17:10+00:00","og_image":[{"width":279,"height":92,"url":"https:\/\/vieassociative.be\/actualites\/wp-content\/uploads\/2024\/09\/header_backgroundk-01-e1726694325946.png","type":"image\/png"}],"author":"Julien","twitter_card":"summary_large_image","twitter_misc":{"\u00c9crit par":"Julien","Dur\u00e9e de lecture est.":"5 minutes"},"schema":{"@context":"https:\/\/schema.org","@graph":[{"@type":"Article","@id":"https:\/\/vieassociative.be\/actualites\/le-prix-aachen-charles-pour-ursula-von-der-leyen-printendose-von-lambertz-pour-le-75e-anniversaire\/#article","isPartOf":{"@id":"https:\/\/vieassociative.be\/actualites\/le-prix-aachen-charles-pour-ursula-von-der-leyen-printendose-von-lambertz-pour-le-75e-anniversaire\/"},"author":{"name":"Julien","@id":"https:\/\/vieassociative.be\/actualites\/#\/schema\/person\/b87ac4f82f9d4e7b7cec7395b679edc4"},"headline":"Le prix Aachen Charles pour Ursula von der Leyen-Printendose von Lambertz pour le 75e anniversaire","datePublished":"2025-05-29T08:17:10+00:00","dateModified":"2025-05-29T08:17:10+00:00","mainEntityOfPage":{"@id":"https:\/\/vieassociative.be\/actualites\/le-prix-aachen-charles-pour-ursula-von-der-leyen-printendose-von-lambertz-pour-le-75e-anniversaire\/"},"wordCount":1042,"publisher":{"@id":"https:\/\/vieassociative.be\/actualites\/#organization"},"image":{"@id":"https:\/\/vieassociative.be\/actualites\/le-prix-aachen-charles-pour-ursula-von-der-leyen-printendose-von-lambertz-pour-le-75e-anniversaire\/#primaryimage"},"thumbnailUrl":"https:\/\/vieassociative.be\/actualites\/wp-content\/uploads\/2025\/05\/1748506630_Le-prix-Aachen-Charles-pour-Ursula-von-der-Leyen-Printendose-von.jpg","keywords":["75e","Aachen","anniversaire","Charles","der","Lambertz","LeyenPrintendose","pour","prix","Ursula","von"],"articleSection":["Belgique"],"inLanguage":"fr-BE"},{"@type":"WebPage","@id":"https:\/\/vieassociative.be\/actualites\/le-prix-aachen-charles-pour-ursula-von-der-leyen-printendose-von-lambertz-pour-le-75e-anniversaire\/","url":"https:\/\/vieassociative.be\/actualites\/le-prix-aachen-charles-pour-ursula-von-der-leyen-printendose-von-lambertz-pour-le-75e-anniversaire\/","name":"Le prix Aachen Charles pour Ursula von der Leyen-Printendose von Lambertz pour le 75e anniversaire | Vie Associative","isPartOf":{"@id":"https:\/\/vieassociative.be\/actualites\/#website"},"primaryImageOfPage":{"@id":"https:\/\/vieassociative.be\/actualites\/le-prix-aachen-charles-pour-ursula-von-der-leyen-printendose-von-lambertz-pour-le-75e-anniversaire\/#primaryimage"},"image":{"@id":"https:\/\/vieassociative.be\/actualites\/le-prix-aachen-charles-pour-ursula-von-der-leyen-printendose-von-lambertz-pour-le-75e-anniversaire\/#primaryimage"},"thumbnailUrl":"https:\/\/vieassociative.be\/actualites\/wp-content\/uploads\/2025\/05\/1748506630_Le-prix-Aachen-Charles-pour-Ursula-von-der-Leyen-Printendose-von.jpg","datePublished":"2025-05-29T08:17:10+00:00","dateModified":"2025-05-29T08:17:10+00:00","breadcrumb":{"@id":"https:\/\/vieassociative.be\/actualites\/le-prix-aachen-charles-pour-ursula-von-der-leyen-printendose-von-lambertz-pour-le-75e-anniversaire\/#breadcrumb"},"inLanguage":"fr-BE","potentialAction":[{"@type":"ReadAction","target":["https:\/\/vieassociative.be\/actualites\/le-prix-aachen-charles-pour-ursula-von-der-leyen-printendose-von-lambertz-pour-le-75e-anniversaire\/"]}]},{"@type":"ImageObject","inLanguage":"fr-BE","@id":"https:\/\/vieassociative.be\/actualites\/le-prix-aachen-charles-pour-ursula-von-der-leyen-printendose-von-lambertz-pour-le-75e-anniversaire\/#primaryimage","url":"https:\/\/vieassociative.be\/actualites\/wp-content\/uploads\/2025\/05\/1748506630_Le-prix-Aachen-Charles-pour-Ursula-von-der-Leyen-Printendose-von.jpg","contentUrl":"https:\/\/vieassociative.be\/actualites\/wp-content\/uploads\/2025\/05\/1748506630_Le-prix-Aachen-Charles-pour-Ursula-von-der-Leyen-Printendose-von.jpg","width":2560,"height":953,"caption":"Le prix Aachen Charles pour Ursula von der Leyen-Printendose von Lambertz pour le 75e anniversaire"},{"@type":"BreadcrumbList","@id":"https:\/\/vieassociative.be\/actualites\/le-prix-aachen-charles-pour-ursula-von-der-leyen-printendose-von-lambertz-pour-le-75e-anniversaire\/#breadcrumb","itemListElement":[{"@type":"ListItem","position":1,"name":"Accueil","item":"https:\/\/vieassociative.be\/actualites\/"},{"@type":"ListItem","position":2,"name":"Le prix Aachen Charles pour Ursula von der Leyen-Printendose von Lambertz pour le 75e anniversaire"}]},{"@type":"WebSite","@id":"https:\/\/vieassociative.be\/actualites\/#website","url":"https:\/\/vieassociative.be\/actualites\/","name":"Vie Associative","description":"","publisher":{"@id":"https:\/\/vieassociative.be\/actualites\/#organization"},"potentialAction":[{"@type":"SearchAction","target":{"@type":"EntryPoint","urlTemplate":"https:\/\/vieassociative.be\/actualites\/?s={search_term_string}"},"query-input":{"@type":"PropertyValueSpecification","valueRequired":true,"valueName":"search_term_string"}}],"inLanguage":"fr-BE"},{"@type":"Organization","@id":"https:\/\/vieassociative.be\/actualites\/#organization","name":"Vie Associative","url":"https:\/\/vieassociative.be\/actualites\/","logo":{"@type":"ImageObject","inLanguage":"fr-BE","@id":"https:\/\/vieassociative.be\/actualites\/#\/schema\/logo\/image\/","url":"https:\/\/vieassociative.be\/actualites\/wp-content\/uploads\/2024\/09\/cropped-vieassociative_favicon.ico.png","contentUrl":"https:\/\/vieassociative.be\/actualites\/wp-content\/uploads\/2024\/09\/cropped-vieassociative_favicon.ico.png","width":512,"height":512,"caption":"Vie Associative"},"image":{"@id":"https:\/\/vieassociative.be\/actualites\/#\/schema\/logo\/image\/"}},{"@type":"Person","@id":"https:\/\/vieassociative.be\/actualites\/#\/schema\/person\/b87ac4f82f9d4e7b7cec7395b679edc4","name":"Julien","image":{"@type":"ImageObject","inLanguage":"fr-BE","@id":"https:\/\/vieassociative.be\/actualites\/#\/schema\/person\/image\/","url":"https:\/\/vieassociative.be\/actualites\/wp-content\/uploads\/2024\/09\/vie-associative-1-150x150.jpg","contentUrl":"https:\/\/vieassociative.be\/actualites\/wp-content\/uploads\/2024\/09\/vie-associative-1-150x150.jpg","caption":"Julien"},"description":"Je suis Julien, r\u00e9dacteur pour Vie Associative. Passionn\u00e9 par le monde associatif depuis plus de 10 ans, j'ai \u00e0 c\u0153ur de partager des histoires inspirantes et de mettre en lumi\u00e8re les initiatives locales. Mon objectif est de sensibiliser et d'encourager l'engagement communautaire \u00e0 travers mes articles.","sameAs":["https:\/\/vieassociative.be\/"]}]}},"_links":{"self":[{"href":"https:\/\/vieassociative.be\/actualites\/wp-json\/wp\/v2\/posts\/7845"}],"collection":[{"href":"https:\/\/vieassociative.be\/actualites\/wp-json\/wp\/v2\/posts"}],"about":[{"href":"https:\/\/vieassociative.be\/actualites\/wp-json\/wp\/v2\/types\/post"}],"author":[{"embeddable":true,"href":"https:\/\/vieassociative.be\/actualites\/wp-json\/wp\/v2\/users\/1"}],"replies":[{"embeddable":true,"href":"https:\/\/vieassociative.be\/actualites\/wp-json\/wp\/v2\/comments?post=7845"}],"version-history":[{"count":0,"href":"https:\/\/vieassociative.be\/actualites\/wp-json\/wp\/v2\/posts\/7845\/revisions"}],"wp:featuredmedia":[{"embeddable":true,"href":"https:\/\/vieassociative.be\/actualites\/wp-json\/wp\/v2\/media\/7846"}],"wp:attachment":[{"href":"https:\/\/vieassociative.be\/actualites\/wp-json\/wp\/v2\/media?parent=7845"}],"wp:term":[{"taxonomy":"category","embeddable":true,"href":"https:\/\/vieassociative.be\/actualites\/wp-json\/wp\/v2\/categories?post=7845"},{"taxonomy":"post_tag","embeddable":true,"href":"https:\/\/vieassociative.be\/actualites\/wp-json\/wp\/v2\/tags?post=7845"}],"curies":[{"name":"wp","href":"https:\/\/api.w.org\/{rel}","templated":true}]}}