{"id":7839,"date":"2025-05-29T04:17:15","date_gmt":"2025-05-29T02:17:15","guid":{"rendered":"https:\/\/vieassociative.be\/actualites\/victoire-finale-contre-seville-chelsea-celebre-le-titre-de-la-ligue-de-conference\/"},"modified":"2025-05-29T04:17:15","modified_gmt":"2025-05-29T02:17:15","slug":"victoire-finale-contre-seville-chelsea-celebre-le-titre-de-la-ligue-de-conference","status":"publish","type":"post","link":"https:\/\/vieassociative.be\/actualites\/victoire-finale-contre-seville-chelsea-celebre-le-titre-de-la-ligue-de-conference\/","title":{"rendered":"Victoire finale contre S\u00e9ville: Chelsea c\u00e9l\u00e8bre le titre de la Ligue de conf\u00e9rence"},"content":{"rendered":"<p><strong>Le Chelsea FC a remport\u00e9 la finale de la ligue de conf\u00e9rence et a donc \u00e9crit l&rsquo;histoire du football. \u00c0 travers la victoire finale de 4: 1 (0: 1) contre Betis S\u00e9ville, les Blues sont le premier club \u00e0 remporter le titre dans toutes les principales comp\u00e9titions de clubs europ\u00e9ens.<\/strong><\/p>\n<p><span id=\"more-416611\"><\/span>Le Club de Premier League anglais avait pr\u00e9c\u00e9demment triomph\u00e9 en Ligue des champions (2012 et 2021), Europa League (2013 et 2019), dans le vainqueur de la Coupe d&rsquo;Europe non existente (1971 et 1998) et dans l&rsquo;UEFA Supercup (1998 et 2021).<\/p>\n<p><strong>&#8211; La s\u00e9rie espagnole termin\u00e9e:<\/strong> Une impressionnante s\u00e9rie de football espagnol s&rsquo;est termin\u00e9e par la d\u00e9faite finale de S\u00e9ville \u00e0 Wroclaw, en Pologne (Breslau): pour la premi\u00e8re fois depuis le d\u00e9but de la saison 2001\/02, une finale avec participation espagnole \u00e0 la Ligue des champions, la Ligue Europa de la Ligue de conf\u00e9rence n&rsquo;a pas sorti avec une victoire pour une \u00e9quipe espagnole.<\/p>\n<\/p>\n<div id=\"attachment_416618\" class=\"wp-caption alignnone\" style=\"max-width: 300px\"><img fetchpriority=\"high\" decoding=\"async\" src=\"https:\/\/vieassociative.be\/actualites\/wp-content\/uploads\/2025\/05\/Victoire-finale-contre-Seville-Chelsea-celebre-le-titre-de-la.jpg\" alt=\"\" width=\"300\" height=\"200\" class=\"size-medium wp-image-416618\"  ><\/p>\n<p class=\"wp-caption-text\">28.05.2025, Pologne, Wroclaw: Les policiers polonais sont sur la place du march\u00e9 \u00e0 Wroclaw, apr\u00e8s que les partisans de Betis et de Chelsea se soient r\u00e9unis avant la finale de la Ligue de conf\u00e9rence de l&rsquo;UEFA Europa. Photo: Maciej Kulczynski \/ Pap \/ DPA<\/p>\n<\/div>\n<p>S\u00e9ville a obtenu une mesure lors de sa premi\u00e8re finale de la Coupe d&rsquo;Europe et a m\u00e9rit\u00e9 \u00e0 juste titre les devants par Abde Ezzalzouli \u00e0 la 9e minute. M\u00eame apr\u00e8s cela, Betis a \u00e9t\u00e9 la meilleure \u00e9quipe depuis longtemps, Chelsea est tomb\u00e9e peu offensante. Le quatri\u00e8me du tableau de la saison expir\u00e9e de Premier League a augment\u00e9 apr\u00e8s le changement de parties et a remport\u00e9 la victoire gr\u00e2ce aux coups s\u00fbrs d&rsquo;Enzo Fern\u00e1ndez (65e), de Nicolas Jackson (70e), des ex-Dortmunders Jadon Sancho (83.) Et des Moises Caicedo (90. + 1).<\/p>\n<p><strong>&#8211; \u00c9meutes avant le match:<\/strong> Avant le coup de pied -off, il y avait eu des \u00e9meutes dans les rues de Wroclaw. Selon l&rsquo;agence de presse PAP, la police a \u00e9galement utilis\u00e9 des grenades et des canons \u00e0 eau contre les fans anglais et espagnol, qui ont provoqu\u00e9 des troubles sur la place du march\u00e9 de la ville. Au total, plus de 20 personnes ont \u00e9t\u00e9 arr\u00eat\u00e9es. M\u00eame mardi, il y avait des \u00e9meutes occasionnelles.<\/p>\n<p>Le Premier ministre polonais Donald Tusk avait annonc\u00e9 dans un article sur la plate-forme X: \u00ab\u00a0Z\u00e9ro tol\u00e9rance \u00e0 la violence dans nos rues!\u00a0\u00bb Il a remerci\u00e9 la police pour une \u00ab\u00a0approche d\u00e9termin\u00e9e des hooligans dans les maillots de Chelsea et Betis \u00e0 Wroclaw\u00a0\u00bb et a averti mercredi: \u00ab\u00a0Si n\u00e9cessaire, la police prendra encore plus d&rsquo;impitoyables!\u00a0\u00bb (DPA)<\/p>\n","protected":false},"excerpt":{"rendered":"<p>Le Chelsea FC a remport\u00e9 la finale de la ligue de conf\u00e9rence et a donc \u00e9crit l&rsquo;histoire du football. \u00c0 travers la victoire finale de<\/p>\n","protected":false},"author":1,"featured_media":7840,"comment_status":"","ping_status":"","sticky":false,"template":"","format":"standard","meta":{"footnotes":""},"categories":[298],"tags":[3843,7204,2989,796,879,2817,7203,2504,784],"class_list":["post-7839","post","type-post","status-publish","format-standard","has-post-thumbnail","hentry","category-belgique","tag-celebre","tag-chelsea","tag-conference","tag-contre","tag-finale","tag-ligue","tag-seville","tag-titre","tag-victoire","generate-columns","tablet-grid-50","mobile-grid-100","grid-parent","grid-33"],"yoast_head":"<!-- This site is optimized with the Yoast SEO plugin v24.0 - https:\/\/yoast.com\/wordpress\/plugins\/seo\/ -->\n<title>Victoire finale contre S\u00e9ville: Chelsea c\u00e9l\u00e8bre le titre de la Ligue de conf\u00e9rence | Vie Associative<\/title>\n<meta name=\"robots\" content=\"index, follow, max-snippet:-1, max-image-preview:large, max-video-preview:-1\" \/>\n<link rel=\"canonical\" href=\"https:\/\/vieassociative.be\/actualites\/victoire-finale-contre-seville-chelsea-celebre-le-titre-de-la-ligue-de-conference\/\" \/>\n<meta property=\"og:locale\" content=\"fr_FR\" \/>\n<meta property=\"og:type\" content=\"article\" \/>\n<meta property=\"og:title\" content=\"Victoire finale contre S\u00e9ville: Chelsea c\u00e9l\u00e8bre le titre de la Ligue de conf\u00e9rence | Vie Associative\" \/>\n<meta property=\"og:description\" content=\"Le Chelsea FC a remport\u00e9 la finale de la ligue de conf\u00e9rence et a donc \u00e9crit l&rsquo;histoire du football. \u00c0 travers la victoire finale de\" \/>\n<meta property=\"og:url\" content=\"https:\/\/vieassociative.be\/actualites\/victoire-finale-contre-seville-chelsea-celebre-le-titre-de-la-ligue-de-conference\/\" \/>\n<meta property=\"og:site_name\" content=\"Vie Associative\" \/>\n<meta property=\"article:published_time\" content=\"2025-05-29T02:17:15+00:00\" \/>\n<meta property=\"og:image\" content=\"https:\/\/vieassociative.be\/actualites\/wp-content\/uploads\/2024\/09\/header_backgroundk-01-e1726694325946.png\" \/>\n\t<meta property=\"og:image:width\" content=\"279\" \/>\n\t<meta property=\"og:image:height\" content=\"92\" \/>\n\t<meta property=\"og:image:type\" content=\"image\/png\" \/>\n<meta name=\"author\" content=\"Julien\" \/>\n<meta name=\"twitter:card\" content=\"summary_large_image\" \/>\n<meta name=\"twitter:label1\" content=\"\u00c9crit par\" \/>\n\t<meta name=\"twitter:data1\" content=\"Julien\" \/>\n\t<meta name=\"twitter:label2\" content=\"Dur\u00e9e de lecture est.\" \/>\n\t<meta name=\"twitter:data2\" content=\"2 minutes\" \/>\n<script type=\"application\/ld+json\" class=\"yoast-schema-graph\">{\"@context\":\"https:\/\/schema.org\",\"@graph\":[{\"@type\":\"Article\",\"@id\":\"https:\/\/vieassociative.be\/actualites\/victoire-finale-contre-seville-chelsea-celebre-le-titre-de-la-ligue-de-conference\/#article\",\"isPartOf\":{\"@id\":\"https:\/\/vieassociative.be\/actualites\/victoire-finale-contre-seville-chelsea-celebre-le-titre-de-la-ligue-de-conference\/\"},\"author\":{\"name\":\"Julien\",\"@id\":\"https:\/\/vieassociative.be\/actualites\/#\/schema\/person\/b87ac4f82f9d4e7b7cec7395b679edc4\"},\"headline\":\"Victoire finale contre S\u00e9ville: Chelsea c\u00e9l\u00e8bre le titre de la Ligue de conf\u00e9rence\",\"datePublished\":\"2025-05-29T02:17:15+00:00\",\"dateModified\":\"2025-05-29T02:17:15+00:00\",\"mainEntityOfPage\":{\"@id\":\"https:\/\/vieassociative.be\/actualites\/victoire-finale-contre-seville-chelsea-celebre-le-titre-de-la-ligue-de-conference\/\"},\"wordCount\":453,\"publisher\":{\"@id\":\"https:\/\/vieassociative.be\/actualites\/#organization\"},\"image\":{\"@id\":\"https:\/\/vieassociative.be\/actualites\/victoire-finale-contre-seville-chelsea-celebre-le-titre-de-la-ligue-de-conference\/#primaryimage\"},\"thumbnailUrl\":\"https:\/\/vieassociative.be\/actualites\/wp-content\/uploads\/2025\/05\/1748485036_Victoire-finale-contre-Seville-Chelsea-celebre-le-titre-de-la.jpg\",\"keywords\":[\"c\u00e9l\u00e8bre\",\"Chelsea\",\"conf\u00e9rence\",\"contre\",\"finale\",\"Ligue\",\"S\u00e9ville\",\"titre\",\"victoire\"],\"articleSection\":[\"Belgique\"],\"inLanguage\":\"fr-BE\"},{\"@type\":\"WebPage\",\"@id\":\"https:\/\/vieassociative.be\/actualites\/victoire-finale-contre-seville-chelsea-celebre-le-titre-de-la-ligue-de-conference\/\",\"url\":\"https:\/\/vieassociative.be\/actualites\/victoire-finale-contre-seville-chelsea-celebre-le-titre-de-la-ligue-de-conference\/\",\"name\":\"Victoire finale contre S\u00e9ville: Chelsea c\u00e9l\u00e8bre le titre de la Ligue de conf\u00e9rence | Vie Associative\",\"isPartOf\":{\"@id\":\"https:\/\/vieassociative.be\/actualites\/#website\"},\"primaryImageOfPage\":{\"@id\":\"https:\/\/vieassociative.be\/actualites\/victoire-finale-contre-seville-chelsea-celebre-le-titre-de-la-ligue-de-conference\/#primaryimage\"},\"image\":{\"@id\":\"https:\/\/vieassociative.be\/actualites\/victoire-finale-contre-seville-chelsea-celebre-le-titre-de-la-ligue-de-conference\/#primaryimage\"},\"thumbnailUrl\":\"https:\/\/vieassociative.be\/actualites\/wp-content\/uploads\/2025\/05\/1748485036_Victoire-finale-contre-Seville-Chelsea-celebre-le-titre-de-la.jpg\",\"datePublished\":\"2025-05-29T02:17:15+00:00\",\"dateModified\":\"2025-05-29T02:17:15+00:00\",\"breadcrumb\":{\"@id\":\"https:\/\/vieassociative.be\/actualites\/victoire-finale-contre-seville-chelsea-celebre-le-titre-de-la-ligue-de-conference\/#breadcrumb\"},\"inLanguage\":\"fr-BE\",\"potentialAction\":[{\"@type\":\"ReadAction\",\"target\":[\"https:\/\/vieassociative.be\/actualites\/victoire-finale-contre-seville-chelsea-celebre-le-titre-de-la-ligue-de-conference\/\"]}]},{\"@type\":\"ImageObject\",\"inLanguage\":\"fr-BE\",\"@id\":\"https:\/\/vieassociative.be\/actualites\/victoire-finale-contre-seville-chelsea-celebre-le-titre-de-la-ligue-de-conference\/#primaryimage\",\"url\":\"https:\/\/vieassociative.be\/actualites\/wp-content\/uploads\/2025\/05\/1748485036_Victoire-finale-contre-Seville-Chelsea-celebre-le-titre-de-la.jpg\",\"contentUrl\":\"https:\/\/vieassociative.be\/actualites\/wp-content\/uploads\/2025\/05\/1748485036_Victoire-finale-contre-Seville-Chelsea-celebre-le-titre-de-la.jpg\",\"width\":1200,\"height\":800,\"caption\":\"Victoire finale contre S\u00e9ville: Chelsea c\u00e9l\u00e8bre le titre de la Ligue de conf\u00e9rence\"},{\"@type\":\"BreadcrumbList\",\"@id\":\"https:\/\/vieassociative.be\/actualites\/victoire-finale-contre-seville-chelsea-celebre-le-titre-de-la-ligue-de-conference\/#breadcrumb\",\"itemListElement\":[{\"@type\":\"ListItem\",\"position\":1,\"name\":\"Accueil\",\"item\":\"https:\/\/vieassociative.be\/actualites\/\"},{\"@type\":\"ListItem\",\"position\":2,\"name\":\"Victoire finale contre S\u00e9ville: Chelsea c\u00e9l\u00e8bre le titre de la Ligue de conf\u00e9rence\"}]},{\"@type\":\"WebSite\",\"@id\":\"https:\/\/vieassociative.be\/actualites\/#website\",\"url\":\"https:\/\/vieassociative.be\/actualites\/\",\"name\":\"Vie Associative\",\"description\":\"\",\"publisher\":{\"@id\":\"https:\/\/vieassociative.be\/actualites\/#organization\"},\"potentialAction\":[{\"@type\":\"SearchAction\",\"target\":{\"@type\":\"EntryPoint\",\"urlTemplate\":\"https:\/\/vieassociative.be\/actualites\/?s={search_term_string}\"},\"query-input\":{\"@type\":\"PropertyValueSpecification\",\"valueRequired\":true,\"valueName\":\"search_term_string\"}}],\"inLanguage\":\"fr-BE\"},{\"@type\":\"Organization\",\"@id\":\"https:\/\/vieassociative.be\/actualites\/#organization\",\"name\":\"Vie Associative\",\"url\":\"https:\/\/vieassociative.be\/actualites\/\",\"logo\":{\"@type\":\"ImageObject\",\"inLanguage\":\"fr-BE\",\"@id\":\"https:\/\/vieassociative.be\/actualites\/#\/schema\/logo\/image\/\",\"url\":\"https:\/\/vieassociative.be\/actualites\/wp-content\/uploads\/2024\/09\/cropped-vieassociative_favicon.ico.png\",\"contentUrl\":\"https:\/\/vieassociative.be\/actualites\/wp-content\/uploads\/2024\/09\/cropped-vieassociative_favicon.ico.png\",\"width\":512,\"height\":512,\"caption\":\"Vie Associative\"},\"image\":{\"@id\":\"https:\/\/vieassociative.be\/actualites\/#\/schema\/logo\/image\/\"}},{\"@type\":\"Person\",\"@id\":\"https:\/\/vieassociative.be\/actualites\/#\/schema\/person\/b87ac4f82f9d4e7b7cec7395b679edc4\",\"name\":\"Julien\",\"image\":{\"@type\":\"ImageObject\",\"inLanguage\":\"fr-BE\",\"@id\":\"https:\/\/vieassociative.be\/actualites\/#\/schema\/person\/image\/\",\"url\":\"https:\/\/vieassociative.be\/actualites\/wp-content\/uploads\/2024\/09\/vie-associative-1-150x150.jpg\",\"contentUrl\":\"https:\/\/vieassociative.be\/actualites\/wp-content\/uploads\/2024\/09\/vie-associative-1-150x150.jpg\",\"caption\":\"Julien\"},\"description\":\"Je suis Julien, r\u00e9dacteur pour Vie Associative. Passionn\u00e9 par le monde associatif depuis plus de 10 ans, j'ai \u00e0 c\u0153ur de partager des histoires inspirantes et de mettre en lumi\u00e8re les initiatives locales. Mon objectif est de sensibiliser et d'encourager l'engagement communautaire \u00e0 travers mes articles.\",\"sameAs\":[\"https:\/\/vieassociative.be\/\"]}]}<\/script>\n<!-- \/ Yoast SEO plugin. -->","yoast_head_json":{"title":"Victoire finale contre S\u00e9ville: Chelsea c\u00e9l\u00e8bre le titre de la Ligue de conf\u00e9rence | Vie Associative","robots":{"index":"index","follow":"follow","max-snippet":"max-snippet:-1","max-image-preview":"max-image-preview:large","max-video-preview":"max-video-preview:-1"},"canonical":"https:\/\/vieassociative.be\/actualites\/victoire-finale-contre-seville-chelsea-celebre-le-titre-de-la-ligue-de-conference\/","og_locale":"fr_FR","og_type":"article","og_title":"Victoire finale contre S\u00e9ville: Chelsea c\u00e9l\u00e8bre le titre de la Ligue de conf\u00e9rence | Vie Associative","og_description":"Le Chelsea FC a remport\u00e9 la finale de la ligue de conf\u00e9rence et a donc \u00e9crit l&rsquo;histoire du football. \u00c0 travers la victoire finale de","og_url":"https:\/\/vieassociative.be\/actualites\/victoire-finale-contre-seville-chelsea-celebre-le-titre-de-la-ligue-de-conference\/","og_site_name":"Vie Associative","article_published_time":"2025-05-29T02:17:15+00:00","og_image":[{"width":279,"height":92,"url":"https:\/\/vieassociative.be\/actualites\/wp-content\/uploads\/2024\/09\/header_backgroundk-01-e1726694325946.png","type":"image\/png"}],"author":"Julien","twitter_card":"summary_large_image","twitter_misc":{"\u00c9crit par":"Julien","Dur\u00e9e de lecture est.":"2 minutes"},"schema":{"@context":"https:\/\/schema.org","@graph":[{"@type":"Article","@id":"https:\/\/vieassociative.be\/actualites\/victoire-finale-contre-seville-chelsea-celebre-le-titre-de-la-ligue-de-conference\/#article","isPartOf":{"@id":"https:\/\/vieassociative.be\/actualites\/victoire-finale-contre-seville-chelsea-celebre-le-titre-de-la-ligue-de-conference\/"},"author":{"name":"Julien","@id":"https:\/\/vieassociative.be\/actualites\/#\/schema\/person\/b87ac4f82f9d4e7b7cec7395b679edc4"},"headline":"Victoire finale contre S\u00e9ville: Chelsea c\u00e9l\u00e8bre le titre de la Ligue de conf\u00e9rence","datePublished":"2025-05-29T02:17:15+00:00","dateModified":"2025-05-29T02:17:15+00:00","mainEntityOfPage":{"@id":"https:\/\/vieassociative.be\/actualites\/victoire-finale-contre-seville-chelsea-celebre-le-titre-de-la-ligue-de-conference\/"},"wordCount":453,"publisher":{"@id":"https:\/\/vieassociative.be\/actualites\/#organization"},"image":{"@id":"https:\/\/vieassociative.be\/actualites\/victoire-finale-contre-seville-chelsea-celebre-le-titre-de-la-ligue-de-conference\/#primaryimage"},"thumbnailUrl":"https:\/\/vieassociative.be\/actualites\/wp-content\/uploads\/2025\/05\/1748485036_Victoire-finale-contre-Seville-Chelsea-celebre-le-titre-de-la.jpg","keywords":["c\u00e9l\u00e8bre","Chelsea","conf\u00e9rence","contre","finale","Ligue","S\u00e9ville","titre","victoire"],"articleSection":["Belgique"],"inLanguage":"fr-BE"},{"@type":"WebPage","@id":"https:\/\/vieassociative.be\/actualites\/victoire-finale-contre-seville-chelsea-celebre-le-titre-de-la-ligue-de-conference\/","url":"https:\/\/vieassociative.be\/actualites\/victoire-finale-contre-seville-chelsea-celebre-le-titre-de-la-ligue-de-conference\/","name":"Victoire finale contre S\u00e9ville: Chelsea c\u00e9l\u00e8bre le titre de la Ligue de conf\u00e9rence | Vie Associative","isPartOf":{"@id":"https:\/\/vieassociative.be\/actualites\/#website"},"primaryImageOfPage":{"@id":"https:\/\/vieassociative.be\/actualites\/victoire-finale-contre-seville-chelsea-celebre-le-titre-de-la-ligue-de-conference\/#primaryimage"},"image":{"@id":"https:\/\/vieassociative.be\/actualites\/victoire-finale-contre-seville-chelsea-celebre-le-titre-de-la-ligue-de-conference\/#primaryimage"},"thumbnailUrl":"https:\/\/vieassociative.be\/actualites\/wp-content\/uploads\/2025\/05\/1748485036_Victoire-finale-contre-Seville-Chelsea-celebre-le-titre-de-la.jpg","datePublished":"2025-05-29T02:17:15+00:00","dateModified":"2025-05-29T02:17:15+00:00","breadcrumb":{"@id":"https:\/\/vieassociative.be\/actualites\/victoire-finale-contre-seville-chelsea-celebre-le-titre-de-la-ligue-de-conference\/#breadcrumb"},"inLanguage":"fr-BE","potentialAction":[{"@type":"ReadAction","target":["https:\/\/vieassociative.be\/actualites\/victoire-finale-contre-seville-chelsea-celebre-le-titre-de-la-ligue-de-conference\/"]}]},{"@type":"ImageObject","inLanguage":"fr-BE","@id":"https:\/\/vieassociative.be\/actualites\/victoire-finale-contre-seville-chelsea-celebre-le-titre-de-la-ligue-de-conference\/#primaryimage","url":"https:\/\/vieassociative.be\/actualites\/wp-content\/uploads\/2025\/05\/1748485036_Victoire-finale-contre-Seville-Chelsea-celebre-le-titre-de-la.jpg","contentUrl":"https:\/\/vieassociative.be\/actualites\/wp-content\/uploads\/2025\/05\/1748485036_Victoire-finale-contre-Seville-Chelsea-celebre-le-titre-de-la.jpg","width":1200,"height":800,"caption":"Victoire finale contre S\u00e9ville: Chelsea c\u00e9l\u00e8bre le titre de la Ligue de conf\u00e9rence"},{"@type":"BreadcrumbList","@id":"https:\/\/vieassociative.be\/actualites\/victoire-finale-contre-seville-chelsea-celebre-le-titre-de-la-ligue-de-conference\/#breadcrumb","itemListElement":[{"@type":"ListItem","position":1,"name":"Accueil","item":"https:\/\/vieassociative.be\/actualites\/"},{"@type":"ListItem","position":2,"name":"Victoire finale contre S\u00e9ville: Chelsea c\u00e9l\u00e8bre le titre de la Ligue de conf\u00e9rence"}]},{"@type":"WebSite","@id":"https:\/\/vieassociative.be\/actualites\/#website","url":"https:\/\/vieassociative.be\/actualites\/","name":"Vie Associative","description":"","publisher":{"@id":"https:\/\/vieassociative.be\/actualites\/#organization"},"potentialAction":[{"@type":"SearchAction","target":{"@type":"EntryPoint","urlTemplate":"https:\/\/vieassociative.be\/actualites\/?s={search_term_string}"},"query-input":{"@type":"PropertyValueSpecification","valueRequired":true,"valueName":"search_term_string"}}],"inLanguage":"fr-BE"},{"@type":"Organization","@id":"https:\/\/vieassociative.be\/actualites\/#organization","name":"Vie Associative","url":"https:\/\/vieassociative.be\/actualites\/","logo":{"@type":"ImageObject","inLanguage":"fr-BE","@id":"https:\/\/vieassociative.be\/actualites\/#\/schema\/logo\/image\/","url":"https:\/\/vieassociative.be\/actualites\/wp-content\/uploads\/2024\/09\/cropped-vieassociative_favicon.ico.png","contentUrl":"https:\/\/vieassociative.be\/actualites\/wp-content\/uploads\/2024\/09\/cropped-vieassociative_favicon.ico.png","width":512,"height":512,"caption":"Vie Associative"},"image":{"@id":"https:\/\/vieassociative.be\/actualites\/#\/schema\/logo\/image\/"}},{"@type":"Person","@id":"https:\/\/vieassociative.be\/actualites\/#\/schema\/person\/b87ac4f82f9d4e7b7cec7395b679edc4","name":"Julien","image":{"@type":"ImageObject","inLanguage":"fr-BE","@id":"https:\/\/vieassociative.be\/actualites\/#\/schema\/person\/image\/","url":"https:\/\/vieassociative.be\/actualites\/wp-content\/uploads\/2024\/09\/vie-associative-1-150x150.jpg","contentUrl":"https:\/\/vieassociative.be\/actualites\/wp-content\/uploads\/2024\/09\/vie-associative-1-150x150.jpg","caption":"Julien"},"description":"Je suis Julien, r\u00e9dacteur pour Vie Associative. Passionn\u00e9 par le monde associatif depuis plus de 10 ans, j'ai \u00e0 c\u0153ur de partager des histoires inspirantes et de mettre en lumi\u00e8re les initiatives locales. Mon objectif est de sensibiliser et d'encourager l'engagement communautaire \u00e0 travers mes articles.","sameAs":["https:\/\/vieassociative.be\/"]}]}},"_links":{"self":[{"href":"https:\/\/vieassociative.be\/actualites\/wp-json\/wp\/v2\/posts\/7839"}],"collection":[{"href":"https:\/\/vieassociative.be\/actualites\/wp-json\/wp\/v2\/posts"}],"about":[{"href":"https:\/\/vieassociative.be\/actualites\/wp-json\/wp\/v2\/types\/post"}],"author":[{"embeddable":true,"href":"https:\/\/vieassociative.be\/actualites\/wp-json\/wp\/v2\/users\/1"}],"replies":[{"embeddable":true,"href":"https:\/\/vieassociative.be\/actualites\/wp-json\/wp\/v2\/comments?post=7839"}],"version-history":[{"count":0,"href":"https:\/\/vieassociative.be\/actualites\/wp-json\/wp\/v2\/posts\/7839\/revisions"}],"wp:featuredmedia":[{"embeddable":true,"href":"https:\/\/vieassociative.be\/actualites\/wp-json\/wp\/v2\/media\/7840"}],"wp:attachment":[{"href":"https:\/\/vieassociative.be\/actualites\/wp-json\/wp\/v2\/media?parent=7839"}],"wp:term":[{"taxonomy":"category","embeddable":true,"href":"https:\/\/vieassociative.be\/actualites\/wp-json\/wp\/v2\/categories?post=7839"},{"taxonomy":"post_tag","embeddable":true,"href":"https:\/\/vieassociative.be\/actualites\/wp-json\/wp\/v2\/tags?post=7839"}],"curies":[{"name":"wp","href":"https:\/\/api.w.org\/{rel}","templated":true}]}}