{"id":783,"date":"2024-10-03T03:25:04","date_gmt":"2024-10-03T01:25:04","guid":{"rendered":"https:\/\/vieassociative.be\/actualites\/comment-survivre-au-ministre-une-classe-detudes-intensives\/"},"modified":"2024-10-03T03:25:04","modified_gmt":"2024-10-03T01:25:04","slug":"comment-survivre-au-ministre-une-classe-detudes-intensives","status":"publish","type":"post","link":"https:\/\/vieassociative.be\/actualites\/comment-survivre-au-ministre-une-classe-detudes-intensives\/","title":{"rendered":"Comment survivre au \u00ab ministre \u00bb, une classe d&rsquo;\u00e9tudes intensives"},"content":{"rendered":"<div class=\"mt-4 leading-6 md:mb-8\">Faire un semestre de travail en une semaine ou deux est un moyen rapide d&rsquo;obtenir des cr\u00e9dits, mais c&rsquo;est une t\u00e2che ardue.<\/div>\n<p><\/p>\n<p>Un \u00ab\u00a0minimestre\u00a0\u00bb est un cours qui vous donne un cr\u00e9dit d&rsquo;un semestre apr\u00e8s une ou deux semaines, g\u00e9n\u00e9ralement pendant les vacances d&rsquo;hiver ou de printemps. Ils portent de nombreux noms, mais \u00e0 la base, ils constituent un moyen rapide d&rsquo;accumuler des cr\u00e9dits et d&rsquo;anticiper votre calendrier d&rsquo;obtention du dipl\u00f4me. Au premier cycle, j&rsquo;ai suivi des cours de \u00ab\u00a0session d&rsquo;hiver\u00a0\u00bb (intersession d&rsquo;hiver) et des offres de vacances de printemps quand je le pouvais, et je fais la m\u00eame chose maintenant \u00e0 l&rsquo;\u00e9cole sup\u00e9rieure. Mais il y a bien s\u00fbr des avantages et des inconv\u00e9nients. <\/p>\n<h2 id=\"familiarize-yourself-with-the-class\">Familiarisez-vous avec la classe<\/h2>\n<p>\u00c0 moins que vous ne soyez vraiment \u00e0 la recherche de cr\u00e9dits (peut-\u00eatre pour rattraper un cours rat\u00e9 ou obtenir votre dipl\u00f4me plus t\u00f4t), vous devriez accorder une attention particuli\u00e8re au contenu d&rsquo;un cours de mini-session\u00a0: d&rsquo;une part, si c&rsquo;est un sujet qui ne vous int\u00e9resse pas, il cela vaut peut-\u00eatre la peine d&rsquo;en finir dans une semaine ou deux\u00a0; mais d&rsquo;un autre c\u00f4t\u00e9, s&rsquo;il s&rsquo;agit d&rsquo;un sujet difficile, alors un cours tr\u00e8s intense et tronqu\u00e9 pourrait \u00eatre \u00e9crasant. Ce printemps, je choisis un sujet parfait pour un cours intensif : c&rsquo;est un cours d&rsquo;une semaine sur la politique en mati\u00e8re de drogues qui m&rsquo;int\u00e9resse \u00e9norm\u00e9ment. Pour moi, c&rsquo;est un excellent exemple du type de cours id\u00e9al pour un semestre intense : un sujet Je suis au moins un peu excit\u00e9. J&rsquo;ai d\u00e9j\u00e0 parcouru le programme \u00e0 plusieurs reprises et j&rsquo;ai commenc\u00e9 \u00e0 lire une partie du mat\u00e9riel. <\/p>\n<p>\u00ab Familiarisez-vous vraiment avec le programme et les lectures \u00e0 l&rsquo;avance afin de pouvoir vous immerger compl\u00e8tement dans le cours et ne pas trop vous soucier des d\u00e9lais \u00bb, explique Maryam Ismail, chercheuse clinique \u00e0 temps plein et \u00e9tudiante dipl\u00f4m\u00e9e qui a suivi un cours d&rsquo;une semaine en nutrition de sant\u00e9 publique l\u2019ann\u00e9e derni\u00e8re. Dans un semestre normal, vous avez le temps de vous familiariser avec la mati\u00e8re et les attentes au cours de la premi\u00e8re semaine ou des deux premi\u00e8res semaines. Dans une classe minimestre, les \u00ab deux premi\u00e8res semaines \u00bb de mat\u00e9riel sont parcourues au cours de la premi\u00e8re demi-journ\u00e9e. Vous n&rsquo;avez pas le luxe de vous installer, alors familiarisez-vous avec tout au pr\u00e9alable pour vous assurer que vous \u00eates capable de g\u00e9rer cela. <\/p>\n<h2 id=\"dont-overwork-yourself\">Ne vous surchargez pas<\/h2>\n<p>Lors d&rsquo;un cours de mini-session l&rsquo;hiver dernier, j&rsquo;ai pass\u00e9 les premiers jours \u00e0 essayer de suivre les lectures. C&rsquo;\u00e9tait une course folle. Bien s\u00fbr, espac\u00e9 de trois mois, j&rsquo;aurais pu lire toutes les \u00e9tudes et chapitres de manuels tout en continuant \u00e0 suivre mon travail. En deux semaines, cela n\u2019arrivait tout simplement pas. Au lieu de cela, j&rsquo;ai commenc\u00e9 \u00e0 me concentrer sur ce dont nous avions discut\u00e9 en classe et sur ce qui, sp\u00e9cifiquement, \u00e9tait demand\u00e9 dans les devoirs, puis \u00e0 lire et \u00e0 diss\u00e9quer s\u00e9rieusement. <em>que<\/em>. <\/p>\n<p>Avant de commencer mes \u00e9tudes sup\u00e9rieures, un de mes amis titulaire d&rsquo;un doctorat m&rsquo;a conseill\u00e9 de discerner les lectures que je lis r\u00e9ellement par rapport aux lectures survol\u00e9es, car il n&rsquo;y a tout simplement pas assez de temps pour lire toutes les lectures sugg\u00e9r\u00e9es. Cela n\u2019a jamais \u00e9t\u00e9 aussi vrai que lorsque j\u2019essayais d\u2019obtenir trois cr\u00e9dits d\u2019\u00e9tudes sup\u00e9rieures en deux semaines. L&rsquo;\u00e9cr\u00e9mage est votre ami ici. Vous ne lirez pas tout, mais vous <em>peut <\/em>assimilez les bases et soyez au moins un peu pr\u00eat \u00e0 en apprendre davantage sur les informations n\u00e9cessaires une fois de retour en classe. Pour survoler, lisez les titres et autres indices contextuels tels que les titres de chapitre, les tableaux, les l\u00e9gendes d&rsquo;images et les mots en gras. Ensuite, lisez la premi\u00e8re et la derni\u00e8re phrase de chaque paragraphe. Vous acquerrez une compr\u00e9hension pratique des \u00e9l\u00e9ments du texte et pourrez combler les lacunes en classe ou pendant que vous faites vos devoirs. <\/p>\n<p>\u00ab Mon plus grand d\u00e9fi \u00e9tait la gestion du temps, car je n&rsquo;avais pas l&rsquo;habitude d&rsquo;avoir le m\u00eame cours tous les jours, encore moins des journ\u00e9es enti\u00e8res de contenu \u00e0 absorber \u00bb, explique Ismail. Si vous envisagez de suivre l&rsquo;un de ces cours intensifs, vous devez d\u00e9terminer de combien de temps vous disposez r\u00e9ellement et quels \u00e9l\u00e9ments du mat\u00e9riel sont les plus importants. Essayez d&rsquo;utiliser un syst\u00e8me comme la matrice d&rsquo;Eisenhower, qui vous permet de trier vos responsabilit\u00e9s en quatre quadrants\u00a0: urgent et important, pas urgent mais important, pas important mais urgent, et pas urgent et pas important. Planifiez vos \u00e9tudes en fonction de ces classifications et ne vous sentez pas mal s&rsquo;il y a des choses que vous n&rsquo;avez pas l&rsquo;occasion de lire ou de comprendre. Vous \u00eates press\u00e9 par le temps.  <\/p>\n<h2 id=\"understand-that-an-intensive-course-can-take-over-your-life\">Comprenez qu&rsquo;un cours intensif peut prendre le dessus sur votre vie<\/h2>\n<p>Beth Skwarecki de Vie Associative, qui a enseign\u00e9 de nombreux cours, a soulign\u00e9 que la chose la plus importante que vous puissiez faire ici est d&rsquo;accepter que ce cours va dominer votre vie pendant la semaine ou les deux o\u00f9 vous y serez immerg\u00e9. C&rsquo;est quelque chose qu&rsquo;il faut au moins accepter, voire adopter. Lors de mon cours de minimestre l&rsquo;ann\u00e9e derni\u00e8re, j&rsquo;ai eu le malheur de f\u00eater mon anniversaire l&rsquo;avant-dernier jour. Dans un cadre minist\u00e9riel, cet avant-dernier jour est en fait comme la semaine que vous consacreriez normalement \u00e0 \u00e9tudier pour les examens finaux\u00a0; ma finale avait lieu le lendemain et cela d\u00e9terminait la majeure partie de ma note. En cons\u00e9quence, mon anniversaire en lui-m\u00eame \u00e9tait mini, pas tr\u00e8s excitant du tout. Je devais \u00eatre en classe, puis revenir le lendemain \u00e0 8 heures du matin pour pr\u00e9senter pendant 10 minutes les efforts mondiaux de lutte contre le sida en Afrique subsaharienne.  <\/p>\n<p>Skwarecki dit que vous pouvez toujours rattraper votre retard sur vos passe-temps, vos \u00e9missions de t\u00e9l\u00e9vision et votre vie sociale une fois les cours termin\u00e9s, mais gardez \u00e0 l&rsquo;esprit que des pauses r\u00e9guli\u00e8res, m\u00eame au travail ou \u00e0 l&rsquo;\u00e9cole, sont importantes pour \u00e9viter l&rsquo;\u00e9puisement professionnel. Ces cours ont g\u00e9n\u00e9ralement lieu pendant le temps r\u00e9serv\u00e9 par votre \u00e9cole pour se regrouper apr\u00e8s un travail soutenu dans d&rsquo;autres classes \u2013 et les vacances d&rsquo;hiver et de printemps font partie int\u00e9grante de la d\u00e9tente. Avant de vous inscrire \u00e0 un cours qui implique tant de choses pendant la p\u00e9riode o\u00f9 vous \u00eates cens\u00e9 r\u00e9cup\u00e9rer, demandez-vous si vous en avez la capacit\u00e9. Il existe d&rsquo;autres options si vous souhaitez rester en avance sur votre calendrier d&rsquo;obtention du dipl\u00f4me, comme suivre un cours ou deux en \u00e9t\u00e9. Celles-ci sont plus espac\u00e9es, moins fr\u00e9n\u00e9tiques et restent utiles pour acc\u00e9l\u00e9rer votre progression. <\/p>\n<p>Il existe n\u00e9anmoins de bonnes raisons de renoncer \u00e0 une pause au profit d\u2019une classe minimester. Domenick DiCostanzo, qui est retourn\u00e9 au coll\u00e8ge communautaire dans la trentaine apr\u00e8s avoir tent\u00e9 l&rsquo;\u00e9cole pour la premi\u00e8re fois \u00e0 18 ans, a suivi un cours de mini-semestre l&rsquo;ann\u00e9e derni\u00e8re avant de suivre un seul cours d&rsquo;un semestre complet. Il dit que c&rsquo;\u00e9tait une excellente fa\u00e7on de \u00ab se remettre dans le mouvement \u00bb sur le plan acad\u00e9mique. <\/p>\n<p>\u00ab\u00a0Il faut y aller tr\u00e8s fort, tr\u00e8s vite, donc quand vous entrez dans un cours de 15 semaines, c&rsquo;est plus facile. Vous avez plus de temps et vous venez d&rsquo;apprendre \u00e0 mieux g\u00e9rer votre temps, donc suivre un vrai cours est simple\u00a0\u00bb, dit-il. <\/p>\n<p>Ismail est d&rsquo;accord. M\u00eame si elle dit qu&rsquo;elle a eu du mal au d\u00e9but avec autant d&rsquo;\u00e9ch\u00e9ances rapproch\u00e9es, elle est une grande partisane des mini-cours maintenant qu&rsquo;elle les a ma\u00eetris\u00e9s : \u00ab Je choisirais toujours un cours condens\u00e9 si je le pouvais parce que vous obtenez l&rsquo;\u00e9quivalent d&rsquo;un semestre entier. en une ou deux semaines et je gagne beaucoup de temps et c&rsquo;est moins de douleur qui dure.\u00a0\u00bb Des douleurs moins prolong\u00e9es, une recommandation \u00e9logieuse. <\/p>\n","protected":false},"excerpt":{"rendered":"<p>Faire un semestre de travail en une semaine ou deux est un moyen rapide d&rsquo;obtenir des cr\u00e9dits, mais c&rsquo;est une t\u00e2che ardue. Un \u00ab\u00a0minimestre\u00a0\u00bb est<\/p>\n","protected":false},"author":1,"featured_media":784,"comment_status":"","ping_status":"","sticky":false,"template":"","format":"standard","meta":{"footnotes":""},"categories":[37],"tags":[1246,44,731,1247,1245,1244,110],"class_list":["post-783","post","type-post","status-publish","format-standard","has-post-thumbnail","hentry","category-famille","tag-classe","tag-comment","tag-detudes","tag-intensives","tag-ministre","tag-survivre","tag-une","generate-columns","tablet-grid-50","mobile-grid-100","grid-parent","grid-33"],"yoast_head":"<!-- This site is optimized with the Yoast SEO plugin v24.0 - https:\/\/yoast.com\/wordpress\/plugins\/seo\/ -->\n<title>Comment survivre au \u00ab ministre \u00bb, une classe d&#039;\u00e9tudes intensives | Vie Associative<\/title>\n<meta name=\"robots\" content=\"index, follow, max-snippet:-1, max-image-preview:large, max-video-preview:-1\" \/>\n<link rel=\"canonical\" href=\"https:\/\/vieassociative.be\/actualites\/comment-survivre-au-ministre-une-classe-detudes-intensives\/\" \/>\n<meta property=\"og:locale\" content=\"fr_FR\" \/>\n<meta property=\"og:type\" content=\"article\" \/>\n<meta property=\"og:title\" content=\"Comment survivre au \u00ab ministre \u00bb, une classe d&#039;\u00e9tudes intensives | Vie Associative\" \/>\n<meta property=\"og:description\" content=\"Faire un semestre de travail en une semaine ou deux est un moyen rapide d&rsquo;obtenir des cr\u00e9dits, mais c&rsquo;est une t\u00e2che ardue. Un \u00ab\u00a0minimestre\u00a0\u00bb est\" \/>\n<meta property=\"og:url\" content=\"https:\/\/vieassociative.be\/actualites\/comment-survivre-au-ministre-une-classe-detudes-intensives\/\" \/>\n<meta property=\"og:site_name\" content=\"Vie Associative\" \/>\n<meta property=\"article:published_time\" content=\"2024-10-03T01:25:04+00:00\" \/>\n<meta property=\"og:image\" content=\"https:\/\/vieassociative.be\/actualites\/wp-content\/uploads\/2024\/09\/header_backgroundk-01-e1726694325946.png\" \/>\n\t<meta property=\"og:image:width\" content=\"279\" \/>\n\t<meta property=\"og:image:height\" content=\"92\" \/>\n\t<meta property=\"og:image:type\" content=\"image\/png\" \/>\n<meta name=\"author\" content=\"Julien\" \/>\n<meta name=\"twitter:card\" content=\"summary_large_image\" \/>\n<meta name=\"twitter:label1\" content=\"\u00c9crit par\" \/>\n\t<meta name=\"twitter:data1\" content=\"Julien\" \/>\n\t<meta name=\"twitter:label2\" content=\"Dur\u00e9e de lecture est.\" \/>\n\t<meta name=\"twitter:data2\" content=\"7 minutes\" \/>\n<script type=\"application\/ld+json\" class=\"yoast-schema-graph\">{\"@context\":\"https:\/\/schema.org\",\"@graph\":[{\"@type\":\"Article\",\"@id\":\"https:\/\/vieassociative.be\/actualites\/comment-survivre-au-ministre-une-classe-detudes-intensives\/#article\",\"isPartOf\":{\"@id\":\"https:\/\/vieassociative.be\/actualites\/comment-survivre-au-ministre-une-classe-detudes-intensives\/\"},\"author\":{\"name\":\"Julien\",\"@id\":\"https:\/\/vieassociative.be\/actualites\/#\/schema\/person\/b87ac4f82f9d4e7b7cec7395b679edc4\"},\"headline\":\"Comment survivre au \u00ab ministre \u00bb, une classe d&rsquo;\u00e9tudes intensives\",\"datePublished\":\"2024-10-03T01:25:04+00:00\",\"dateModified\":\"2024-10-03T01:25:04+00:00\",\"mainEntityOfPage\":{\"@id\":\"https:\/\/vieassociative.be\/actualites\/comment-survivre-au-ministre-une-classe-detudes-intensives\/\"},\"wordCount\":1446,\"publisher\":{\"@id\":\"https:\/\/vieassociative.be\/actualites\/#organization\"},\"image\":{\"@id\":\"https:\/\/vieassociative.be\/actualites\/comment-survivre-au-ministre-une-classe-detudes-intensives\/#primaryimage\"},\"thumbnailUrl\":\"https:\/\/vieassociative.be\/actualites\/wp-content\/uploads\/2024\/10\/Comment-survivre-au-ministre-une-classe-detudes-intensives.jpg\",\"keywords\":[\"classe\",\"Comment\",\"d\u00e9tudes\",\"intensives\",\"ministre\",\"survivre\",\"une\"],\"articleSection\":[\"Famille\"],\"inLanguage\":\"fr-BE\"},{\"@type\":\"WebPage\",\"@id\":\"https:\/\/vieassociative.be\/actualites\/comment-survivre-au-ministre-une-classe-detudes-intensives\/\",\"url\":\"https:\/\/vieassociative.be\/actualites\/comment-survivre-au-ministre-une-classe-detudes-intensives\/\",\"name\":\"Comment survivre au \u00ab ministre \u00bb, une classe d'\u00e9tudes intensives | Vie Associative\",\"isPartOf\":{\"@id\":\"https:\/\/vieassociative.be\/actualites\/#website\"},\"primaryImageOfPage\":{\"@id\":\"https:\/\/vieassociative.be\/actualites\/comment-survivre-au-ministre-une-classe-detudes-intensives\/#primaryimage\"},\"image\":{\"@id\":\"https:\/\/vieassociative.be\/actualites\/comment-survivre-au-ministre-une-classe-detudes-intensives\/#primaryimage\"},\"thumbnailUrl\":\"https:\/\/vieassociative.be\/actualites\/wp-content\/uploads\/2024\/10\/Comment-survivre-au-ministre-une-classe-detudes-intensives.jpg\",\"datePublished\":\"2024-10-03T01:25:04+00:00\",\"dateModified\":\"2024-10-03T01:25:04+00:00\",\"breadcrumb\":{\"@id\":\"https:\/\/vieassociative.be\/actualites\/comment-survivre-au-ministre-une-classe-detudes-intensives\/#breadcrumb\"},\"inLanguage\":\"fr-BE\",\"potentialAction\":[{\"@type\":\"ReadAction\",\"target\":[\"https:\/\/vieassociative.be\/actualites\/comment-survivre-au-ministre-une-classe-detudes-intensives\/\"]}]},{\"@type\":\"ImageObject\",\"inLanguage\":\"fr-BE\",\"@id\":\"https:\/\/vieassociative.be\/actualites\/comment-survivre-au-ministre-une-classe-detudes-intensives\/#primaryimage\",\"url\":\"https:\/\/vieassociative.be\/actualites\/wp-content\/uploads\/2024\/10\/Comment-survivre-au-ministre-une-classe-detudes-intensives.jpg\",\"contentUrl\":\"https:\/\/vieassociative.be\/actualites\/wp-content\/uploads\/2024\/10\/Comment-survivre-au-ministre-une-classe-detudes-intensives.jpg\",\"width\":1200,\"height\":675,\"caption\":\"Comment survivre au \u00ab ministre \u00bb, une classe d'\u00e9tudes intensives\"},{\"@type\":\"BreadcrumbList\",\"@id\":\"https:\/\/vieassociative.be\/actualites\/comment-survivre-au-ministre-une-classe-detudes-intensives\/#breadcrumb\",\"itemListElement\":[{\"@type\":\"ListItem\",\"position\":1,\"name\":\"Accueil\",\"item\":\"https:\/\/vieassociative.be\/actualites\/\"},{\"@type\":\"ListItem\",\"position\":2,\"name\":\"Comment survivre au \u00ab ministre \u00bb, une classe d&rsquo;\u00e9tudes intensives\"}]},{\"@type\":\"WebSite\",\"@id\":\"https:\/\/vieassociative.be\/actualites\/#website\",\"url\":\"https:\/\/vieassociative.be\/actualites\/\",\"name\":\"Vie Associative\",\"description\":\"\",\"publisher\":{\"@id\":\"https:\/\/vieassociative.be\/actualites\/#organization\"},\"potentialAction\":[{\"@type\":\"SearchAction\",\"target\":{\"@type\":\"EntryPoint\",\"urlTemplate\":\"https:\/\/vieassociative.be\/actualites\/?s={search_term_string}\"},\"query-input\":{\"@type\":\"PropertyValueSpecification\",\"valueRequired\":true,\"valueName\":\"search_term_string\"}}],\"inLanguage\":\"fr-BE\"},{\"@type\":\"Organization\",\"@id\":\"https:\/\/vieassociative.be\/actualites\/#organization\",\"name\":\"Vie Associative\",\"url\":\"https:\/\/vieassociative.be\/actualites\/\",\"logo\":{\"@type\":\"ImageObject\",\"inLanguage\":\"fr-BE\",\"@id\":\"https:\/\/vieassociative.be\/actualites\/#\/schema\/logo\/image\/\",\"url\":\"https:\/\/vieassociative.be\/actualites\/wp-content\/uploads\/2024\/09\/cropped-vieassociative_favicon.ico.png\",\"contentUrl\":\"https:\/\/vieassociative.be\/actualites\/wp-content\/uploads\/2024\/09\/cropped-vieassociative_favicon.ico.png\",\"width\":512,\"height\":512,\"caption\":\"Vie Associative\"},\"image\":{\"@id\":\"https:\/\/vieassociative.be\/actualites\/#\/schema\/logo\/image\/\"}},{\"@type\":\"Person\",\"@id\":\"https:\/\/vieassociative.be\/actualites\/#\/schema\/person\/b87ac4f82f9d4e7b7cec7395b679edc4\",\"name\":\"Julien\",\"image\":{\"@type\":\"ImageObject\",\"inLanguage\":\"fr-BE\",\"@id\":\"https:\/\/vieassociative.be\/actualites\/#\/schema\/person\/image\/\",\"url\":\"https:\/\/vieassociative.be\/actualites\/wp-content\/uploads\/2024\/09\/vie-associative-1-150x150.jpg\",\"contentUrl\":\"https:\/\/vieassociative.be\/actualites\/wp-content\/uploads\/2024\/09\/vie-associative-1-150x150.jpg\",\"caption\":\"Julien\"},\"description\":\"Je suis Julien, r\u00e9dacteur pour Vie Associative. Passionn\u00e9 par le monde associatif depuis plus de 10 ans, j'ai \u00e0 c\u0153ur de partager des histoires inspirantes et de mettre en lumi\u00e8re les initiatives locales. Mon objectif est de sensibiliser et d'encourager l'engagement communautaire \u00e0 travers mes articles.\",\"sameAs\":[\"https:\/\/vieassociative.be\/\"]}]}<\/script>\n<!-- \/ Yoast SEO plugin. -->","yoast_head_json":{"title":"Comment survivre au \u00ab ministre \u00bb, une classe d'\u00e9tudes intensives | Vie Associative","robots":{"index":"index","follow":"follow","max-snippet":"max-snippet:-1","max-image-preview":"max-image-preview:large","max-video-preview":"max-video-preview:-1"},"canonical":"https:\/\/vieassociative.be\/actualites\/comment-survivre-au-ministre-une-classe-detudes-intensives\/","og_locale":"fr_FR","og_type":"article","og_title":"Comment survivre au \u00ab ministre \u00bb, une classe d'\u00e9tudes intensives | Vie Associative","og_description":"Faire un semestre de travail en une semaine ou deux est un moyen rapide d&rsquo;obtenir des cr\u00e9dits, mais c&rsquo;est une t\u00e2che ardue. Un \u00ab\u00a0minimestre\u00a0\u00bb est","og_url":"https:\/\/vieassociative.be\/actualites\/comment-survivre-au-ministre-une-classe-detudes-intensives\/","og_site_name":"Vie Associative","article_published_time":"2024-10-03T01:25:04+00:00","og_image":[{"width":279,"height":92,"url":"https:\/\/vieassociative.be\/actualites\/wp-content\/uploads\/2024\/09\/header_backgroundk-01-e1726694325946.png","type":"image\/png"}],"author":"Julien","twitter_card":"summary_large_image","twitter_misc":{"\u00c9crit par":"Julien","Dur\u00e9e de lecture est.":"7 minutes"},"schema":{"@context":"https:\/\/schema.org","@graph":[{"@type":"Article","@id":"https:\/\/vieassociative.be\/actualites\/comment-survivre-au-ministre-une-classe-detudes-intensives\/#article","isPartOf":{"@id":"https:\/\/vieassociative.be\/actualites\/comment-survivre-au-ministre-une-classe-detudes-intensives\/"},"author":{"name":"Julien","@id":"https:\/\/vieassociative.be\/actualites\/#\/schema\/person\/b87ac4f82f9d4e7b7cec7395b679edc4"},"headline":"Comment survivre au \u00ab ministre \u00bb, une classe d&rsquo;\u00e9tudes intensives","datePublished":"2024-10-03T01:25:04+00:00","dateModified":"2024-10-03T01:25:04+00:00","mainEntityOfPage":{"@id":"https:\/\/vieassociative.be\/actualites\/comment-survivre-au-ministre-une-classe-detudes-intensives\/"},"wordCount":1446,"publisher":{"@id":"https:\/\/vieassociative.be\/actualites\/#organization"},"image":{"@id":"https:\/\/vieassociative.be\/actualites\/comment-survivre-au-ministre-une-classe-detudes-intensives\/#primaryimage"},"thumbnailUrl":"https:\/\/vieassociative.be\/actualites\/wp-content\/uploads\/2024\/10\/Comment-survivre-au-ministre-une-classe-detudes-intensives.jpg","keywords":["classe","Comment","d\u00e9tudes","intensives","ministre","survivre","une"],"articleSection":["Famille"],"inLanguage":"fr-BE"},{"@type":"WebPage","@id":"https:\/\/vieassociative.be\/actualites\/comment-survivre-au-ministre-une-classe-detudes-intensives\/","url":"https:\/\/vieassociative.be\/actualites\/comment-survivre-au-ministre-une-classe-detudes-intensives\/","name":"Comment survivre au \u00ab ministre \u00bb, une classe d'\u00e9tudes intensives | Vie Associative","isPartOf":{"@id":"https:\/\/vieassociative.be\/actualites\/#website"},"primaryImageOfPage":{"@id":"https:\/\/vieassociative.be\/actualites\/comment-survivre-au-ministre-une-classe-detudes-intensives\/#primaryimage"},"image":{"@id":"https:\/\/vieassociative.be\/actualites\/comment-survivre-au-ministre-une-classe-detudes-intensives\/#primaryimage"},"thumbnailUrl":"https:\/\/vieassociative.be\/actualites\/wp-content\/uploads\/2024\/10\/Comment-survivre-au-ministre-une-classe-detudes-intensives.jpg","datePublished":"2024-10-03T01:25:04+00:00","dateModified":"2024-10-03T01:25:04+00:00","breadcrumb":{"@id":"https:\/\/vieassociative.be\/actualites\/comment-survivre-au-ministre-une-classe-detudes-intensives\/#breadcrumb"},"inLanguage":"fr-BE","potentialAction":[{"@type":"ReadAction","target":["https:\/\/vieassociative.be\/actualites\/comment-survivre-au-ministre-une-classe-detudes-intensives\/"]}]},{"@type":"ImageObject","inLanguage":"fr-BE","@id":"https:\/\/vieassociative.be\/actualites\/comment-survivre-au-ministre-une-classe-detudes-intensives\/#primaryimage","url":"https:\/\/vieassociative.be\/actualites\/wp-content\/uploads\/2024\/10\/Comment-survivre-au-ministre-une-classe-detudes-intensives.jpg","contentUrl":"https:\/\/vieassociative.be\/actualites\/wp-content\/uploads\/2024\/10\/Comment-survivre-au-ministre-une-classe-detudes-intensives.jpg","width":1200,"height":675,"caption":"Comment survivre au \u00ab ministre \u00bb, une classe d'\u00e9tudes intensives"},{"@type":"BreadcrumbList","@id":"https:\/\/vieassociative.be\/actualites\/comment-survivre-au-ministre-une-classe-detudes-intensives\/#breadcrumb","itemListElement":[{"@type":"ListItem","position":1,"name":"Accueil","item":"https:\/\/vieassociative.be\/actualites\/"},{"@type":"ListItem","position":2,"name":"Comment survivre au \u00ab ministre \u00bb, une classe d&rsquo;\u00e9tudes intensives"}]},{"@type":"WebSite","@id":"https:\/\/vieassociative.be\/actualites\/#website","url":"https:\/\/vieassociative.be\/actualites\/","name":"Vie Associative","description":"","publisher":{"@id":"https:\/\/vieassociative.be\/actualites\/#organization"},"potentialAction":[{"@type":"SearchAction","target":{"@type":"EntryPoint","urlTemplate":"https:\/\/vieassociative.be\/actualites\/?s={search_term_string}"},"query-input":{"@type":"PropertyValueSpecification","valueRequired":true,"valueName":"search_term_string"}}],"inLanguage":"fr-BE"},{"@type":"Organization","@id":"https:\/\/vieassociative.be\/actualites\/#organization","name":"Vie Associative","url":"https:\/\/vieassociative.be\/actualites\/","logo":{"@type":"ImageObject","inLanguage":"fr-BE","@id":"https:\/\/vieassociative.be\/actualites\/#\/schema\/logo\/image\/","url":"https:\/\/vieassociative.be\/actualites\/wp-content\/uploads\/2024\/09\/cropped-vieassociative_favicon.ico.png","contentUrl":"https:\/\/vieassociative.be\/actualites\/wp-content\/uploads\/2024\/09\/cropped-vieassociative_favicon.ico.png","width":512,"height":512,"caption":"Vie Associative"},"image":{"@id":"https:\/\/vieassociative.be\/actualites\/#\/schema\/logo\/image\/"}},{"@type":"Person","@id":"https:\/\/vieassociative.be\/actualites\/#\/schema\/person\/b87ac4f82f9d4e7b7cec7395b679edc4","name":"Julien","image":{"@type":"ImageObject","inLanguage":"fr-BE","@id":"https:\/\/vieassociative.be\/actualites\/#\/schema\/person\/image\/","url":"https:\/\/vieassociative.be\/actualites\/wp-content\/uploads\/2024\/09\/vie-associative-1-150x150.jpg","contentUrl":"https:\/\/vieassociative.be\/actualites\/wp-content\/uploads\/2024\/09\/vie-associative-1-150x150.jpg","caption":"Julien"},"description":"Je suis Julien, r\u00e9dacteur pour Vie Associative. Passionn\u00e9 par le monde associatif depuis plus de 10 ans, j'ai \u00e0 c\u0153ur de partager des histoires inspirantes et de mettre en lumi\u00e8re les initiatives locales. Mon objectif est de sensibiliser et d'encourager l'engagement communautaire \u00e0 travers mes articles.","sameAs":["https:\/\/vieassociative.be\/"]}]}},"_links":{"self":[{"href":"https:\/\/vieassociative.be\/actualites\/wp-json\/wp\/v2\/posts\/783"}],"collection":[{"href":"https:\/\/vieassociative.be\/actualites\/wp-json\/wp\/v2\/posts"}],"about":[{"href":"https:\/\/vieassociative.be\/actualites\/wp-json\/wp\/v2\/types\/post"}],"author":[{"embeddable":true,"href":"https:\/\/vieassociative.be\/actualites\/wp-json\/wp\/v2\/users\/1"}],"replies":[{"embeddable":true,"href":"https:\/\/vieassociative.be\/actualites\/wp-json\/wp\/v2\/comments?post=783"}],"version-history":[{"count":0,"href":"https:\/\/vieassociative.be\/actualites\/wp-json\/wp\/v2\/posts\/783\/revisions"}],"wp:featuredmedia":[{"embeddable":true,"href":"https:\/\/vieassociative.be\/actualites\/wp-json\/wp\/v2\/media\/784"}],"wp:attachment":[{"href":"https:\/\/vieassociative.be\/actualites\/wp-json\/wp\/v2\/media?parent=783"}],"wp:term":[{"taxonomy":"category","embeddable":true,"href":"https:\/\/vieassociative.be\/actualites\/wp-json\/wp\/v2\/categories?post=783"},{"taxonomy":"post_tag","embeddable":true,"href":"https:\/\/vieassociative.be\/actualites\/wp-json\/wp\/v2\/tags?post=783"}],"curies":[{"name":"wp","href":"https:\/\/api.w.org\/{rel}","templated":true}]}}