{"id":7819,"date":"2025-05-28T09:18:39","date_gmt":"2025-05-28T07:18:39","guid":{"rendered":"https:\/\/vieassociative.be\/actualites\/cette-tablette-android-budgetaire-coute-75-en-ce-moment\/"},"modified":"2025-05-28T09:18:39","modified_gmt":"2025-05-28T07:18:39","slug":"cette-tablette-android-budgetaire-coute-75-en-ce-moment","status":"publish","type":"post","link":"https:\/\/vieassociative.be\/actualites\/cette-tablette-android-budgetaire-coute-75-en-ce-moment\/","title":{"rendered":"Cette tablette Android budg\u00e9taire co\u00fbte 75 $ en ce moment"},"content":{"rendered":"<div class=\"mt-4 leading-6 md:mb-8\">Ce n&rsquo;est pas un appareil que vous achetez pour des performances de polissage ou de puissance premium, mais elle tient le sien en tant que tablette budg\u00e9taire.<\/div>\n<p><\/p>\n<p>Si vous avez pens\u00e9 \u00e0 ramasser une tablette familiale pour le streaming, la navigation d\u00e9contract\u00e9e ou pour donner aux enfants quelque chose de pour jouer \u00e0 un budget, l&rsquo;ONN 2023. 11 \u00ab\u00a0Tablet Pro vaut un coup d&rsquo;\u0153il, en particulier \u00e0 ce prix. Il va actuellement 74,99 $ en tant qu&rsquo;offre ouverte sur Stacksocial. Pour le contexte, le m\u00eame mod\u00e8le est r\u00e9pertori\u00e9 \u00e0 128,99 $ sur Amazon. Open Box signifie qu&rsquo;il est probablement g\u00e9r\u00e9 ou retourn\u00e9 en magasin. Il a une interface famili\u00e8re (si vous avez d\u00e9j\u00e0 utilis\u00e9 un t\u00e9l\u00e9phone Android), ce qui facilite le fait de sauter sans courbe d&rsquo;apprentissage.<\/p>\n<p>L&rsquo;\u00e9cran LCD de 11 pouces, avec une r\u00e9solution 1200&#215;2000, est suffisamment net pour Netflix ou YouTube, et le processeur octa-core \u00e0 2,2 GHz associ\u00e9 \u00e0 4 Go de RAM lui donne juste assez de puissance pour jongler sur le multit\u00e2che occasionnel &#8211; pensez aux appels vid\u00e9o, \u00e0 la navigation et peut-\u00eatre un peu de jeux bas\u00e9s sur des applications. Vous regardez \u00e9galement 128 Go de stockage interne, ce qui est g\u00e9n\u00e9reux pour cette gamme de prix, plus un emplacement microSD si vous avez besoin de place suppl\u00e9mentaire pour les t\u00e9l\u00e9chargements. La configuration \u00e0 double cam\u00e9ra (5MP sur le devant et 8MP \u00e0 l&rsquo;arri\u00e8re) ne gagne aucune r\u00e9compense, mais cela fera le travail pour les chats vid\u00e9o et les clich\u00e9s rapides.<\/p>\n<div class=\"pogoClear relative my-10 border-b-(1.5px) border-t-(1.5px) border-dashed border-black py-5 sm:my-14 sm:border-0 sm:py-0\" data-ga-click data-ga-template=\"Deals\" data-ga-module=\"openweb_widget\" data-ga-element=\"openweb_scroll\" data-ga-item=\"openweb_scroll_midpage\" x-cloak x-data=\"{ commentsCount: null, hasComments: false }\" x-init=\"commentsCount = await window.openweb.getMessagesCount(01JVM8CKHBMM9BHJC9KG2P6XW9);\n     hasComments = commentsCount !== null &amp;&amp; commentsCount &gt; 0\"><\/p>\n<div class=\"absolute top-1\/2 hidden w-full -translate-y-1\/2 border-t-(1.5px) border-dashed border-black sm:block\"><\/div>\n<div class=\"relative flex justify-center\">\n<div class=\"flex max-w-max items-center gap-x-3 bg-white px-5\">\n<div class=\"relative\">\n                <span class=\"absolute left-1\/2 top-1\/2 -translate-x-1\/2 -translate-y-1\/2 font-akshar text-sm font-medium text-black\" x-show=\"hasComments\" x-text=\"commentsCount\"><\/span><\/p>\n<p>                <svg class=\"h-8 w-8 text-black\">\n                    <use href=\"http:\/\/lifehacker.com\/images\/icons\/spritemap.svg#sprite-chat-bubble\"><\/use>\n                <\/svg>\n            <\/div>\n<p>            <span class=\"text-sm font-medium text-black\"><\/p>\n<p>                Que pensez-vous jusqu&rsquo;\u00e0 pr\u00e9sent?<br \/>\n                <button class=\"font-semibold text-brand-green underline hover:text-brand-green-700\" onclick=\"window.openweb.scrollToComments('01JVM8CKHBMM9BHJC9KG2P6XW9')\" x-text=\"hasComments ? 'Post a comment.' : 'Be the first to post a comment.'\"><\/button><br \/>\n            <\/span>\n        <\/div>\n<\/p><\/div>\n<\/div>\n<p>Il a \u00e9galement une prise casque (qui n&rsquo;est plus donn\u00e9e), un port USB-C pour la charge rapide et une connectivit\u00e9 Bluetooth et Wi-Fi int\u00e9gr\u00e9e. De plus, la revendication de la batterie de 16 heures lui donne un r\u00e9el potentiel en tant que compagnon de voyage (il suffit de durer pendant de longues journ\u00e9es de voyage ou de se divertir un enfant sans charge constante). De plus, les points bonus pour l&rsquo;espace de Google Kids et l&rsquo;espace de divertissement d\u00e9j\u00e0 cuit, ce qui en fait un appareil familial partag\u00e9 d\u00e9cent. Gardez \u00e0 l&rsquo;esprit que m\u00eame s&rsquo;il v\u00e9rifie beaucoup de bo\u00eetes, ce n&rsquo;est pas une puissance &#8211; si vous cherchez \u00e0 ex\u00e9cuter des applications intensives ou \u00e0 l&rsquo;utiliser pour le travail, cela pourrait \u00e9chouer. Mais pour une utilisation quotidienne de base, c&rsquo;est une option assez convaincante de moins de 80 $.<\/p>\n","protected":false},"excerpt":{"rendered":"<p>Ce n&rsquo;est pas un appareil que vous achetez pour des performances de polissage ou de puissance premium, mais elle tient le sien en tant que<\/p>\n","protected":false},"author":1,"featured_media":7820,"comment_status":"","ping_status":"","sticky":false,"template":"","format":"standard","meta":{"footnotes":""},"categories":[13],"tags":[946,7039,206,1122,1429,3228],"class_list":["post-7819","post","type-post","status-publish","format-standard","has-post-thumbnail","hentry","category-technologie","tag-android","tag-budgetaire","tag-cette","tag-coute","tag-moment","tag-tablette","generate-columns","tablet-grid-50","mobile-grid-100","grid-parent","grid-33"],"yoast_head":"<!-- This site is optimized with the Yoast SEO plugin v24.0 - https:\/\/yoast.com\/wordpress\/plugins\/seo\/ -->\n<title>Cette tablette Android budg\u00e9taire co\u00fbte 75 $ en ce moment | Vie Associative<\/title>\n<meta name=\"robots\" content=\"index, follow, max-snippet:-1, max-image-preview:large, max-video-preview:-1\" \/>\n<link rel=\"canonical\" href=\"https:\/\/vieassociative.be\/actualites\/cette-tablette-android-budgetaire-coute-75-en-ce-moment\/\" \/>\n<meta property=\"og:locale\" content=\"fr_FR\" \/>\n<meta property=\"og:type\" content=\"article\" \/>\n<meta property=\"og:title\" content=\"Cette tablette Android budg\u00e9taire co\u00fbte 75 $ en ce moment | Vie Associative\" \/>\n<meta property=\"og:description\" content=\"Ce n&rsquo;est pas un appareil que vous achetez pour des performances de polissage ou de puissance premium, mais elle tient le sien en tant que\" \/>\n<meta property=\"og:url\" content=\"https:\/\/vieassociative.be\/actualites\/cette-tablette-android-budgetaire-coute-75-en-ce-moment\/\" \/>\n<meta property=\"og:site_name\" content=\"Vie Associative\" \/>\n<meta property=\"article:published_time\" content=\"2025-05-28T07:18:39+00:00\" \/>\n<meta property=\"og:image\" content=\"https:\/\/vieassociative.be\/actualites\/wp-content\/uploads\/2024\/09\/header_backgroundk-01-e1726694325946.png\" \/>\n\t<meta property=\"og:image:width\" content=\"279\" \/>\n\t<meta property=\"og:image:height\" content=\"92\" \/>\n\t<meta property=\"og:image:type\" content=\"image\/png\" \/>\n<meta name=\"author\" content=\"Julien\" \/>\n<meta name=\"twitter:card\" content=\"summary_large_image\" \/>\n<meta name=\"twitter:label1\" content=\"\u00c9crit par\" \/>\n\t<meta name=\"twitter:data1\" content=\"Julien\" \/>\n\t<meta name=\"twitter:label2\" content=\"Dur\u00e9e de lecture est.\" \/>\n\t<meta name=\"twitter:data2\" content=\"2 minutes\" \/>\n<script type=\"application\/ld+json\" class=\"yoast-schema-graph\">{\"@context\":\"https:\/\/schema.org\",\"@graph\":[{\"@type\":\"Article\",\"@id\":\"https:\/\/vieassociative.be\/actualites\/cette-tablette-android-budgetaire-coute-75-en-ce-moment\/#article\",\"isPartOf\":{\"@id\":\"https:\/\/vieassociative.be\/actualites\/cette-tablette-android-budgetaire-coute-75-en-ce-moment\/\"},\"author\":{\"name\":\"Julien\",\"@id\":\"https:\/\/vieassociative.be\/actualites\/#\/schema\/person\/b87ac4f82f9d4e7b7cec7395b679edc4\"},\"headline\":\"Cette tablette Android budg\u00e9taire co\u00fbte 75 $ en ce moment\",\"datePublished\":\"2025-05-28T07:18:39+00:00\",\"dateModified\":\"2025-05-28T07:18:39+00:00\",\"mainEntityOfPage\":{\"@id\":\"https:\/\/vieassociative.be\/actualites\/cette-tablette-android-budgetaire-coute-75-en-ce-moment\/\"},\"wordCount\":429,\"publisher\":{\"@id\":\"https:\/\/vieassociative.be\/actualites\/#organization\"},\"image\":{\"@id\":\"https:\/\/vieassociative.be\/actualites\/cette-tablette-android-budgetaire-coute-75-en-ce-moment\/#primaryimage\"},\"thumbnailUrl\":\"https:\/\/vieassociative.be\/actualites\/wp-content\/uploads\/2025\/05\/Cette-tablette-Android-budgetaire-coute-75-en-ce-moment.png\",\"keywords\":[\"Android\",\"budg\u00e9taire\",\"cette\",\"co\u00fbte\",\"moment\",\"tablette\"],\"articleSection\":[\"Technologie\"],\"inLanguage\":\"fr-BE\"},{\"@type\":\"WebPage\",\"@id\":\"https:\/\/vieassociative.be\/actualites\/cette-tablette-android-budgetaire-coute-75-en-ce-moment\/\",\"url\":\"https:\/\/vieassociative.be\/actualites\/cette-tablette-android-budgetaire-coute-75-en-ce-moment\/\",\"name\":\"Cette tablette Android budg\u00e9taire co\u00fbte 75 $ en ce moment | Vie Associative\",\"isPartOf\":{\"@id\":\"https:\/\/vieassociative.be\/actualites\/#website\"},\"primaryImageOfPage\":{\"@id\":\"https:\/\/vieassociative.be\/actualites\/cette-tablette-android-budgetaire-coute-75-en-ce-moment\/#primaryimage\"},\"image\":{\"@id\":\"https:\/\/vieassociative.be\/actualites\/cette-tablette-android-budgetaire-coute-75-en-ce-moment\/#primaryimage\"},\"thumbnailUrl\":\"https:\/\/vieassociative.be\/actualites\/wp-content\/uploads\/2025\/05\/Cette-tablette-Android-budgetaire-coute-75-en-ce-moment.png\",\"datePublished\":\"2025-05-28T07:18:39+00:00\",\"dateModified\":\"2025-05-28T07:18:39+00:00\",\"breadcrumb\":{\"@id\":\"https:\/\/vieassociative.be\/actualites\/cette-tablette-android-budgetaire-coute-75-en-ce-moment\/#breadcrumb\"},\"inLanguage\":\"fr-BE\",\"potentialAction\":[{\"@type\":\"ReadAction\",\"target\":[\"https:\/\/vieassociative.be\/actualites\/cette-tablette-android-budgetaire-coute-75-en-ce-moment\/\"]}]},{\"@type\":\"ImageObject\",\"inLanguage\":\"fr-BE\",\"@id\":\"https:\/\/vieassociative.be\/actualites\/cette-tablette-android-budgetaire-coute-75-en-ce-moment\/#primaryimage\",\"url\":\"https:\/\/vieassociative.be\/actualites\/wp-content\/uploads\/2025\/05\/Cette-tablette-Android-budgetaire-coute-75-en-ce-moment.png\",\"contentUrl\":\"https:\/\/vieassociative.be\/actualites\/wp-content\/uploads\/2025\/05\/Cette-tablette-Android-budgetaire-coute-75-en-ce-moment.png\",\"width\":1200,\"height\":675,\"caption\":\"Cette tablette Android budg\u00e9taire co\u00fbte 75 $ en ce moment\"},{\"@type\":\"BreadcrumbList\",\"@id\":\"https:\/\/vieassociative.be\/actualites\/cette-tablette-android-budgetaire-coute-75-en-ce-moment\/#breadcrumb\",\"itemListElement\":[{\"@type\":\"ListItem\",\"position\":1,\"name\":\"Accueil\",\"item\":\"https:\/\/vieassociative.be\/actualites\/\"},{\"@type\":\"ListItem\",\"position\":2,\"name\":\"Cette tablette Android budg\u00e9taire co\u00fbte 75 $ en ce moment\"}]},{\"@type\":\"WebSite\",\"@id\":\"https:\/\/vieassociative.be\/actualites\/#website\",\"url\":\"https:\/\/vieassociative.be\/actualites\/\",\"name\":\"Vie Associative\",\"description\":\"\",\"publisher\":{\"@id\":\"https:\/\/vieassociative.be\/actualites\/#organization\"},\"potentialAction\":[{\"@type\":\"SearchAction\",\"target\":{\"@type\":\"EntryPoint\",\"urlTemplate\":\"https:\/\/vieassociative.be\/actualites\/?s={search_term_string}\"},\"query-input\":{\"@type\":\"PropertyValueSpecification\",\"valueRequired\":true,\"valueName\":\"search_term_string\"}}],\"inLanguage\":\"fr-BE\"},{\"@type\":\"Organization\",\"@id\":\"https:\/\/vieassociative.be\/actualites\/#organization\",\"name\":\"Vie Associative\",\"url\":\"https:\/\/vieassociative.be\/actualites\/\",\"logo\":{\"@type\":\"ImageObject\",\"inLanguage\":\"fr-BE\",\"@id\":\"https:\/\/vieassociative.be\/actualites\/#\/schema\/logo\/image\/\",\"url\":\"https:\/\/vieassociative.be\/actualites\/wp-content\/uploads\/2024\/09\/cropped-vieassociative_favicon.ico.png\",\"contentUrl\":\"https:\/\/vieassociative.be\/actualites\/wp-content\/uploads\/2024\/09\/cropped-vieassociative_favicon.ico.png\",\"width\":512,\"height\":512,\"caption\":\"Vie Associative\"},\"image\":{\"@id\":\"https:\/\/vieassociative.be\/actualites\/#\/schema\/logo\/image\/\"}},{\"@type\":\"Person\",\"@id\":\"https:\/\/vieassociative.be\/actualites\/#\/schema\/person\/b87ac4f82f9d4e7b7cec7395b679edc4\",\"name\":\"Julien\",\"image\":{\"@type\":\"ImageObject\",\"inLanguage\":\"fr-BE\",\"@id\":\"https:\/\/vieassociative.be\/actualites\/#\/schema\/person\/image\/\",\"url\":\"https:\/\/vieassociative.be\/actualites\/wp-content\/uploads\/2024\/09\/vie-associative-1-150x150.jpg\",\"contentUrl\":\"https:\/\/vieassociative.be\/actualites\/wp-content\/uploads\/2024\/09\/vie-associative-1-150x150.jpg\",\"caption\":\"Julien\"},\"description\":\"Je suis Julien, r\u00e9dacteur pour Vie Associative. Passionn\u00e9 par le monde associatif depuis plus de 10 ans, j'ai \u00e0 c\u0153ur de partager des histoires inspirantes et de mettre en lumi\u00e8re les initiatives locales. Mon objectif est de sensibiliser et d'encourager l'engagement communautaire \u00e0 travers mes articles.\",\"sameAs\":[\"https:\/\/vieassociative.be\/\"]}]}<\/script>\n<!-- \/ Yoast SEO plugin. -->","yoast_head_json":{"title":"Cette tablette Android budg\u00e9taire co\u00fbte 75 $ en ce moment | Vie Associative","robots":{"index":"index","follow":"follow","max-snippet":"max-snippet:-1","max-image-preview":"max-image-preview:large","max-video-preview":"max-video-preview:-1"},"canonical":"https:\/\/vieassociative.be\/actualites\/cette-tablette-android-budgetaire-coute-75-en-ce-moment\/","og_locale":"fr_FR","og_type":"article","og_title":"Cette tablette Android budg\u00e9taire co\u00fbte 75 $ en ce moment | Vie Associative","og_description":"Ce n&rsquo;est pas un appareil que vous achetez pour des performances de polissage ou de puissance premium, mais elle tient le sien en tant que","og_url":"https:\/\/vieassociative.be\/actualites\/cette-tablette-android-budgetaire-coute-75-en-ce-moment\/","og_site_name":"Vie Associative","article_published_time":"2025-05-28T07:18:39+00:00","og_image":[{"width":279,"height":92,"url":"https:\/\/vieassociative.be\/actualites\/wp-content\/uploads\/2024\/09\/header_backgroundk-01-e1726694325946.png","type":"image\/png"}],"author":"Julien","twitter_card":"summary_large_image","twitter_misc":{"\u00c9crit par":"Julien","Dur\u00e9e de lecture est.":"2 minutes"},"schema":{"@context":"https:\/\/schema.org","@graph":[{"@type":"Article","@id":"https:\/\/vieassociative.be\/actualites\/cette-tablette-android-budgetaire-coute-75-en-ce-moment\/#article","isPartOf":{"@id":"https:\/\/vieassociative.be\/actualites\/cette-tablette-android-budgetaire-coute-75-en-ce-moment\/"},"author":{"name":"Julien","@id":"https:\/\/vieassociative.be\/actualites\/#\/schema\/person\/b87ac4f82f9d4e7b7cec7395b679edc4"},"headline":"Cette tablette Android budg\u00e9taire co\u00fbte 75 $ en ce moment","datePublished":"2025-05-28T07:18:39+00:00","dateModified":"2025-05-28T07:18:39+00:00","mainEntityOfPage":{"@id":"https:\/\/vieassociative.be\/actualites\/cette-tablette-android-budgetaire-coute-75-en-ce-moment\/"},"wordCount":429,"publisher":{"@id":"https:\/\/vieassociative.be\/actualites\/#organization"},"image":{"@id":"https:\/\/vieassociative.be\/actualites\/cette-tablette-android-budgetaire-coute-75-en-ce-moment\/#primaryimage"},"thumbnailUrl":"https:\/\/vieassociative.be\/actualites\/wp-content\/uploads\/2025\/05\/Cette-tablette-Android-budgetaire-coute-75-en-ce-moment.png","keywords":["Android","budg\u00e9taire","cette","co\u00fbte","moment","tablette"],"articleSection":["Technologie"],"inLanguage":"fr-BE"},{"@type":"WebPage","@id":"https:\/\/vieassociative.be\/actualites\/cette-tablette-android-budgetaire-coute-75-en-ce-moment\/","url":"https:\/\/vieassociative.be\/actualites\/cette-tablette-android-budgetaire-coute-75-en-ce-moment\/","name":"Cette tablette Android budg\u00e9taire co\u00fbte 75 $ en ce moment | Vie Associative","isPartOf":{"@id":"https:\/\/vieassociative.be\/actualites\/#website"},"primaryImageOfPage":{"@id":"https:\/\/vieassociative.be\/actualites\/cette-tablette-android-budgetaire-coute-75-en-ce-moment\/#primaryimage"},"image":{"@id":"https:\/\/vieassociative.be\/actualites\/cette-tablette-android-budgetaire-coute-75-en-ce-moment\/#primaryimage"},"thumbnailUrl":"https:\/\/vieassociative.be\/actualites\/wp-content\/uploads\/2025\/05\/Cette-tablette-Android-budgetaire-coute-75-en-ce-moment.png","datePublished":"2025-05-28T07:18:39+00:00","dateModified":"2025-05-28T07:18:39+00:00","breadcrumb":{"@id":"https:\/\/vieassociative.be\/actualites\/cette-tablette-android-budgetaire-coute-75-en-ce-moment\/#breadcrumb"},"inLanguage":"fr-BE","potentialAction":[{"@type":"ReadAction","target":["https:\/\/vieassociative.be\/actualites\/cette-tablette-android-budgetaire-coute-75-en-ce-moment\/"]}]},{"@type":"ImageObject","inLanguage":"fr-BE","@id":"https:\/\/vieassociative.be\/actualites\/cette-tablette-android-budgetaire-coute-75-en-ce-moment\/#primaryimage","url":"https:\/\/vieassociative.be\/actualites\/wp-content\/uploads\/2025\/05\/Cette-tablette-Android-budgetaire-coute-75-en-ce-moment.png","contentUrl":"https:\/\/vieassociative.be\/actualites\/wp-content\/uploads\/2025\/05\/Cette-tablette-Android-budgetaire-coute-75-en-ce-moment.png","width":1200,"height":675,"caption":"Cette tablette Android budg\u00e9taire co\u00fbte 75 $ en ce moment"},{"@type":"BreadcrumbList","@id":"https:\/\/vieassociative.be\/actualites\/cette-tablette-android-budgetaire-coute-75-en-ce-moment\/#breadcrumb","itemListElement":[{"@type":"ListItem","position":1,"name":"Accueil","item":"https:\/\/vieassociative.be\/actualites\/"},{"@type":"ListItem","position":2,"name":"Cette tablette Android budg\u00e9taire co\u00fbte 75 $ en ce moment"}]},{"@type":"WebSite","@id":"https:\/\/vieassociative.be\/actualites\/#website","url":"https:\/\/vieassociative.be\/actualites\/","name":"Vie Associative","description":"","publisher":{"@id":"https:\/\/vieassociative.be\/actualites\/#organization"},"potentialAction":[{"@type":"SearchAction","target":{"@type":"EntryPoint","urlTemplate":"https:\/\/vieassociative.be\/actualites\/?s={search_term_string}"},"query-input":{"@type":"PropertyValueSpecification","valueRequired":true,"valueName":"search_term_string"}}],"inLanguage":"fr-BE"},{"@type":"Organization","@id":"https:\/\/vieassociative.be\/actualites\/#organization","name":"Vie Associative","url":"https:\/\/vieassociative.be\/actualites\/","logo":{"@type":"ImageObject","inLanguage":"fr-BE","@id":"https:\/\/vieassociative.be\/actualites\/#\/schema\/logo\/image\/","url":"https:\/\/vieassociative.be\/actualites\/wp-content\/uploads\/2024\/09\/cropped-vieassociative_favicon.ico.png","contentUrl":"https:\/\/vieassociative.be\/actualites\/wp-content\/uploads\/2024\/09\/cropped-vieassociative_favicon.ico.png","width":512,"height":512,"caption":"Vie Associative"},"image":{"@id":"https:\/\/vieassociative.be\/actualites\/#\/schema\/logo\/image\/"}},{"@type":"Person","@id":"https:\/\/vieassociative.be\/actualites\/#\/schema\/person\/b87ac4f82f9d4e7b7cec7395b679edc4","name":"Julien","image":{"@type":"ImageObject","inLanguage":"fr-BE","@id":"https:\/\/vieassociative.be\/actualites\/#\/schema\/person\/image\/","url":"https:\/\/vieassociative.be\/actualites\/wp-content\/uploads\/2024\/09\/vie-associative-1-150x150.jpg","contentUrl":"https:\/\/vieassociative.be\/actualites\/wp-content\/uploads\/2024\/09\/vie-associative-1-150x150.jpg","caption":"Julien"},"description":"Je suis Julien, r\u00e9dacteur pour Vie Associative. Passionn\u00e9 par le monde associatif depuis plus de 10 ans, j'ai \u00e0 c\u0153ur de partager des histoires inspirantes et de mettre en lumi\u00e8re les initiatives locales. Mon objectif est de sensibiliser et d'encourager l'engagement communautaire \u00e0 travers mes articles.","sameAs":["https:\/\/vieassociative.be\/"]}]}},"_links":{"self":[{"href":"https:\/\/vieassociative.be\/actualites\/wp-json\/wp\/v2\/posts\/7819"}],"collection":[{"href":"https:\/\/vieassociative.be\/actualites\/wp-json\/wp\/v2\/posts"}],"about":[{"href":"https:\/\/vieassociative.be\/actualites\/wp-json\/wp\/v2\/types\/post"}],"author":[{"embeddable":true,"href":"https:\/\/vieassociative.be\/actualites\/wp-json\/wp\/v2\/users\/1"}],"replies":[{"embeddable":true,"href":"https:\/\/vieassociative.be\/actualites\/wp-json\/wp\/v2\/comments?post=7819"}],"version-history":[{"count":0,"href":"https:\/\/vieassociative.be\/actualites\/wp-json\/wp\/v2\/posts\/7819\/revisions"}],"wp:featuredmedia":[{"embeddable":true,"href":"https:\/\/vieassociative.be\/actualites\/wp-json\/wp\/v2\/media\/7820"}],"wp:attachment":[{"href":"https:\/\/vieassociative.be\/actualites\/wp-json\/wp\/v2\/media?parent=7819"}],"wp:term":[{"taxonomy":"category","embeddable":true,"href":"https:\/\/vieassociative.be\/actualites\/wp-json\/wp\/v2\/categories?post=7819"},{"taxonomy":"post_tag","embeddable":true,"href":"https:\/\/vieassociative.be\/actualites\/wp-json\/wp\/v2\/tags?post=7819"}],"curies":[{"name":"wp","href":"https:\/\/api.w.org\/{rel}","templated":true}]}}