{"id":7815,"date":"2025-05-28T03:17:16","date_gmt":"2025-05-28T01:17:16","guid":{"rendered":"https:\/\/vieassociative.be\/actualites\/vous-pouvez-obtenir-cet-asus-chromebook-cm30-pour-seulement-180-maintenant\/"},"modified":"2025-05-28T03:17:16","modified_gmt":"2025-05-28T01:17:16","slug":"vous-pouvez-obtenir-cet-asus-chromebook-cm30-pour-seulement-180-maintenant","status":"publish","type":"post","link":"https:\/\/vieassociative.be\/actualites\/vous-pouvez-obtenir-cet-asus-chromebook-cm30-pour-seulement-180-maintenant\/","title":{"rendered":"Vous pouvez obtenir cet Asus Chromebook CM30 pour seulement 180 $ maintenant"},"content":{"rendered":"<div class=\"mt-4 leading-6 md:mb-8\">C&rsquo;est une excellente option budg\u00e9taire pour les \u00e9tudiants ou les travailleurs \u00e0 distance.<\/div>\n<p><\/p>\n<p>Si vous avez regard\u00e9 un Chromebook l\u00e9ger et polyvalent pour un travail occasionnel, une \u00e9cole ou une navigation quotidienne, ce Asus Chromebook CM30 \u00e0 bo\u00eete ouverte pourrait valoir un examen plus approfondi. Actuellement au prix de 179,99 $ (contre 329,99 $), c&rsquo;est l&rsquo;un de ces 2 en 1 de milieu de gamme qui n&rsquo;essaie pas d&rsquo;\u00eatre tout, mais cloue les bases avec suffisamment de flair pour se sentir premium. L&rsquo;\u00e9cran tactile Wuxga de 10,5 pouces est r\u00e9actif et net, et gr\u00e2ce au processeur Kompanio 520 et \u00e0 8 Go de RAM, le multit\u00e2che g\u00e9n\u00e9ral est fluide, que vous jortiez avec des documents, Google Meet ou votre onglet Spotify. Chromeos garde les choses maigres et rapides, et vous obtenez \u00e9galement une prise en charge du stylet pour des notes rapides ou des griffonnages num\u00e9riques.<\/p>\n<p>Il est utile que l&rsquo;ensemble de l&rsquo;appareil soit envelopp\u00e9 dans une coquille en aluminium robuste (faite avec des mat\u00e9riaux recycl\u00e9s \u00e0 30%), ce qui lui donne cette sensation l\u00e9g\u00e8rement robuste et pr\u00eate \u00e0 \u00eatre \u00e9cole sans ajouter de vrac. Le clavier magn\u00e9tique d\u00e9tachable est pleine grandeur et facile \u00e0 taper, et le couvercle du support inclus vous permet de basculer entre l&rsquo;ordinateur portable et le mode tablette sans tracts. La batterie r\u00e9clame jusqu&rsquo;\u00e0 12 heures de vie, et bien que l&rsquo;utilisation du monde r\u00e9el puisse atterrir un peu sous cela, vous passerez toujours confortablement \u00e0 travers une \u00e9cole ou une journ\u00e9e de travail sans chasser un point de vente (ce qui est vraiment tout ce que vous pouvez demander \u00e0 une machine \u00e0 deux livres). Wi-Fi 6 et Bluetooth 5.3 Gardez la connectivit\u00e9 solide, et la puce de s\u00e9curit\u00e9 Titan C ajoute une couche de tranquillit\u00e9 d&rsquo;esprit.<\/p>\n<div class=\"pogoClear relative my-10 border-b-(1.5px) border-t-(1.5px) border-dashed border-black py-5 sm:my-14 sm:border-0 sm:py-0\" data-ga-click data-ga-template=\"Deals\" data-ga-module=\"openweb_widget\" data-ga-element=\"openweb_scroll\" data-ga-item=\"openweb_scroll_midpage\" x-cloak x-data=\"{ commentsCount: null, hasComments: false }\" x-init=\"commentsCount = await window.openweb.getMessagesCount(01JV97FZB059C0YMC996GWG229);\n     hasComments = commentsCount !== null &amp;&amp; commentsCount &gt; 0\"><\/p>\n<div class=\"absolute top-1\/2 hidden w-full -translate-y-1\/2 border-t-(1.5px) border-dashed border-black sm:block\"><\/div>\n<div class=\"relative flex justify-center\">\n<div class=\"flex max-w-max items-center gap-x-3 bg-white px-5\">\n<div class=\"relative\">\n                <span class=\"absolute left-1\/2 top-1\/2 -translate-x-1\/2 -translate-y-1\/2 font-akshar text-sm font-medium text-black\" x-show=\"hasComments\" x-text=\"commentsCount\"><\/span><\/p>\n<p>                <svg class=\"h-8 w-8 text-black\">\n                    <use href=\"http:\/\/lifehacker.com\/images\/icons\/spritemap.svg#sprite-chat-bubble\"><\/use>\n                <\/svg>\n            <\/div>\n<p>            <span class=\"text-sm font-medium text-black\"><\/p>\n<p>                Que pensez-vous jusqu&rsquo;\u00e0 pr\u00e9sent?<br \/>\n                <button class=\"font-semibold text-brand-green underline hover:text-brand-green-700\" onclick=\"window.openweb.scrollToComments('01JV97FZB059C0YMC996GWG229')\" x-text=\"hasComments ? 'Post a comment.' : 'Be the first to post a comment.'\"><\/button><br \/>\n            <\/span>\n        <\/div>\n<\/p><\/div>\n<\/div>\n<p>Le Chromebook est un mod\u00e8le de \u00abbo\u00eete ouverte\u00bb, ce qui signifie que les unit\u00e9s ne sont pas neuves &#8211; ce sont des retours ou un inventaire invent\u00e9 qui peuvent montrer des signes de manipulation mineurs. Vous pouvez trouver des autocollants ou des \u00e9tag\u00e8res sur l&#8217;emballage, mais le produit lui-m\u00eame doit \u00eatre propre et enti\u00e8rement fonctionnel, avec une garantie d&rsquo;un an incluse. Si vous recherchez un Chromebook 2 en 1 qui n&rsquo;est pas sous-aliment\u00e9 comme des mod\u00e8les budg\u00e9taires mais qui n&rsquo;\u00e9tire toujours pas votre portefeuille, cette offre devrait frapper cet \u00e9quilibre. Cela dit, le stockage EMMC de 128 Go n&rsquo;est pas extensible, et il n&rsquo;y a qu&rsquo;un seul port USB-C, donc ceux qui ont besoin de beaucoup de p\u00e9riph\u00e9riques ou d&rsquo;espace de fichiers pourraient vouloir chercher ailleurs. Pour tout le monde, en particulier les \u00e9tudiants ou les travailleurs \u00e0 distance, c&rsquo;est un choix solide et durable.<\/p>\n","protected":false},"excerpt":{"rendered":"<p>C&rsquo;est une excellente option budg\u00e9taire pour les \u00e9tudiants ou les travailleurs \u00e0 distance. Si vous avez regard\u00e9 un Chromebook l\u00e9ger et polyvalent pour un travail<\/p>\n","protected":false},"author":1,"featured_media":7816,"comment_status":"","ping_status":"","sticky":false,"template":"","format":"standard","meta":{"footnotes":""},"categories":[13],"tags":[7188,216,2968,7189,233,227,81,5,2583,4],"class_list":["post-7815","post","type-post","status-publish","format-standard","has-post-thumbnail","hentry","category-technologie","tag-asus","tag-cet","tag-chromebook","tag-cm30","tag-maintenant","tag-obtenir","tag-pour","tag-pouvez","tag-seulement","tag-vous","generate-columns","tablet-grid-50","mobile-grid-100","grid-parent","grid-33"],"yoast_head":"<!-- This site is optimized with the Yoast SEO plugin v24.0 - https:\/\/yoast.com\/wordpress\/plugins\/seo\/ -->\n<title>Vous pouvez obtenir cet Asus Chromebook CM30 pour seulement 180 $ maintenant | Vie Associative<\/title>\n<meta name=\"robots\" content=\"index, follow, max-snippet:-1, max-image-preview:large, max-video-preview:-1\" \/>\n<link rel=\"canonical\" href=\"https:\/\/vieassociative.be\/actualites\/vous-pouvez-obtenir-cet-asus-chromebook-cm30-pour-seulement-180-maintenant\/\" \/>\n<meta property=\"og:locale\" content=\"fr_FR\" \/>\n<meta property=\"og:type\" content=\"article\" \/>\n<meta property=\"og:title\" content=\"Vous pouvez obtenir cet Asus Chromebook CM30 pour seulement 180 $ maintenant | Vie Associative\" \/>\n<meta property=\"og:description\" content=\"C&rsquo;est une excellente option budg\u00e9taire pour les \u00e9tudiants ou les travailleurs \u00e0 distance. Si vous avez regard\u00e9 un Chromebook l\u00e9ger et polyvalent pour un travail\" \/>\n<meta property=\"og:url\" content=\"https:\/\/vieassociative.be\/actualites\/vous-pouvez-obtenir-cet-asus-chromebook-cm30-pour-seulement-180-maintenant\/\" \/>\n<meta property=\"og:site_name\" content=\"Vie Associative\" \/>\n<meta property=\"article:published_time\" content=\"2025-05-28T01:17:16+00:00\" \/>\n<meta property=\"og:image\" content=\"https:\/\/vieassociative.be\/actualites\/wp-content\/uploads\/2024\/09\/header_backgroundk-01-e1726694325946.png\" \/>\n\t<meta property=\"og:image:width\" content=\"279\" \/>\n\t<meta property=\"og:image:height\" content=\"92\" \/>\n\t<meta property=\"og:image:type\" content=\"image\/png\" \/>\n<meta name=\"author\" content=\"Julien\" \/>\n<meta name=\"twitter:card\" content=\"summary_large_image\" \/>\n<meta name=\"twitter:label1\" content=\"\u00c9crit par\" \/>\n\t<meta name=\"twitter:data1\" content=\"Julien\" \/>\n\t<meta name=\"twitter:label2\" content=\"Dur\u00e9e de lecture est.\" \/>\n\t<meta name=\"twitter:data2\" content=\"2 minutes\" \/>\n<script type=\"application\/ld+json\" class=\"yoast-schema-graph\">{\"@context\":\"https:\/\/schema.org\",\"@graph\":[{\"@type\":\"Article\",\"@id\":\"https:\/\/vieassociative.be\/actualites\/vous-pouvez-obtenir-cet-asus-chromebook-cm30-pour-seulement-180-maintenant\/#article\",\"isPartOf\":{\"@id\":\"https:\/\/vieassociative.be\/actualites\/vous-pouvez-obtenir-cet-asus-chromebook-cm30-pour-seulement-180-maintenant\/\"},\"author\":{\"name\":\"Julien\",\"@id\":\"https:\/\/vieassociative.be\/actualites\/#\/schema\/person\/b87ac4f82f9d4e7b7cec7395b679edc4\"},\"headline\":\"Vous pouvez obtenir cet Asus Chromebook CM30 pour seulement 180 $ maintenant\",\"datePublished\":\"2025-05-28T01:17:16+00:00\",\"dateModified\":\"2025-05-28T01:17:16+00:00\",\"mainEntityOfPage\":{\"@id\":\"https:\/\/vieassociative.be\/actualites\/vous-pouvez-obtenir-cet-asus-chromebook-cm30-pour-seulement-180-maintenant\/\"},\"wordCount\":477,\"publisher\":{\"@id\":\"https:\/\/vieassociative.be\/actualites\/#organization\"},\"image\":{\"@id\":\"https:\/\/vieassociative.be\/actualites\/vous-pouvez-obtenir-cet-asus-chromebook-cm30-pour-seulement-180-maintenant\/#primaryimage\"},\"thumbnailUrl\":\"https:\/\/vieassociative.be\/actualites\/wp-content\/uploads\/2025\/05\/Vous-pouvez-obtenir-cet-Asus-Chromebook-CM30-pour-seulement-180.png\",\"keywords\":[\"Asus\",\"cet\",\"Chromebook\",\"CM30\",\"maintenant\",\"obtenir\",\"pour\",\"pouvez\",\"seulement\",\"Vous\"],\"articleSection\":[\"Technologie\"],\"inLanguage\":\"fr-BE\"},{\"@type\":\"WebPage\",\"@id\":\"https:\/\/vieassociative.be\/actualites\/vous-pouvez-obtenir-cet-asus-chromebook-cm30-pour-seulement-180-maintenant\/\",\"url\":\"https:\/\/vieassociative.be\/actualites\/vous-pouvez-obtenir-cet-asus-chromebook-cm30-pour-seulement-180-maintenant\/\",\"name\":\"Vous pouvez obtenir cet Asus Chromebook CM30 pour seulement 180 $ maintenant | Vie Associative\",\"isPartOf\":{\"@id\":\"https:\/\/vieassociative.be\/actualites\/#website\"},\"primaryImageOfPage\":{\"@id\":\"https:\/\/vieassociative.be\/actualites\/vous-pouvez-obtenir-cet-asus-chromebook-cm30-pour-seulement-180-maintenant\/#primaryimage\"},\"image\":{\"@id\":\"https:\/\/vieassociative.be\/actualites\/vous-pouvez-obtenir-cet-asus-chromebook-cm30-pour-seulement-180-maintenant\/#primaryimage\"},\"thumbnailUrl\":\"https:\/\/vieassociative.be\/actualites\/wp-content\/uploads\/2025\/05\/Vous-pouvez-obtenir-cet-Asus-Chromebook-CM30-pour-seulement-180.png\",\"datePublished\":\"2025-05-28T01:17:16+00:00\",\"dateModified\":\"2025-05-28T01:17:16+00:00\",\"breadcrumb\":{\"@id\":\"https:\/\/vieassociative.be\/actualites\/vous-pouvez-obtenir-cet-asus-chromebook-cm30-pour-seulement-180-maintenant\/#breadcrumb\"},\"inLanguage\":\"fr-BE\",\"potentialAction\":[{\"@type\":\"ReadAction\",\"target\":[\"https:\/\/vieassociative.be\/actualites\/vous-pouvez-obtenir-cet-asus-chromebook-cm30-pour-seulement-180-maintenant\/\"]}]},{\"@type\":\"ImageObject\",\"inLanguage\":\"fr-BE\",\"@id\":\"https:\/\/vieassociative.be\/actualites\/vous-pouvez-obtenir-cet-asus-chromebook-cm30-pour-seulement-180-maintenant\/#primaryimage\",\"url\":\"https:\/\/vieassociative.be\/actualites\/wp-content\/uploads\/2025\/05\/Vous-pouvez-obtenir-cet-Asus-Chromebook-CM30-pour-seulement-180.png\",\"contentUrl\":\"https:\/\/vieassociative.be\/actualites\/wp-content\/uploads\/2025\/05\/Vous-pouvez-obtenir-cet-Asus-Chromebook-CM30-pour-seulement-180.png\",\"width\":1200,\"height\":675,\"caption\":\"Vous pouvez obtenir cet Asus Chromebook CM30 pour seulement 180 $ maintenant\"},{\"@type\":\"BreadcrumbList\",\"@id\":\"https:\/\/vieassociative.be\/actualites\/vous-pouvez-obtenir-cet-asus-chromebook-cm30-pour-seulement-180-maintenant\/#breadcrumb\",\"itemListElement\":[{\"@type\":\"ListItem\",\"position\":1,\"name\":\"Accueil\",\"item\":\"https:\/\/vieassociative.be\/actualites\/\"},{\"@type\":\"ListItem\",\"position\":2,\"name\":\"Vous pouvez obtenir cet Asus Chromebook CM30 pour seulement 180 $ maintenant\"}]},{\"@type\":\"WebSite\",\"@id\":\"https:\/\/vieassociative.be\/actualites\/#website\",\"url\":\"https:\/\/vieassociative.be\/actualites\/\",\"name\":\"Vie Associative\",\"description\":\"\",\"publisher\":{\"@id\":\"https:\/\/vieassociative.be\/actualites\/#organization\"},\"potentialAction\":[{\"@type\":\"SearchAction\",\"target\":{\"@type\":\"EntryPoint\",\"urlTemplate\":\"https:\/\/vieassociative.be\/actualites\/?s={search_term_string}\"},\"query-input\":{\"@type\":\"PropertyValueSpecification\",\"valueRequired\":true,\"valueName\":\"search_term_string\"}}],\"inLanguage\":\"fr-BE\"},{\"@type\":\"Organization\",\"@id\":\"https:\/\/vieassociative.be\/actualites\/#organization\",\"name\":\"Vie Associative\",\"url\":\"https:\/\/vieassociative.be\/actualites\/\",\"logo\":{\"@type\":\"ImageObject\",\"inLanguage\":\"fr-BE\",\"@id\":\"https:\/\/vieassociative.be\/actualites\/#\/schema\/logo\/image\/\",\"url\":\"https:\/\/vieassociative.be\/actualites\/wp-content\/uploads\/2024\/09\/cropped-vieassociative_favicon.ico.png\",\"contentUrl\":\"https:\/\/vieassociative.be\/actualites\/wp-content\/uploads\/2024\/09\/cropped-vieassociative_favicon.ico.png\",\"width\":512,\"height\":512,\"caption\":\"Vie Associative\"},\"image\":{\"@id\":\"https:\/\/vieassociative.be\/actualites\/#\/schema\/logo\/image\/\"}},{\"@type\":\"Person\",\"@id\":\"https:\/\/vieassociative.be\/actualites\/#\/schema\/person\/b87ac4f82f9d4e7b7cec7395b679edc4\",\"name\":\"Julien\",\"image\":{\"@type\":\"ImageObject\",\"inLanguage\":\"fr-BE\",\"@id\":\"https:\/\/vieassociative.be\/actualites\/#\/schema\/person\/image\/\",\"url\":\"https:\/\/vieassociative.be\/actualites\/wp-content\/uploads\/2024\/09\/vie-associative-1-150x150.jpg\",\"contentUrl\":\"https:\/\/vieassociative.be\/actualites\/wp-content\/uploads\/2024\/09\/vie-associative-1-150x150.jpg\",\"caption\":\"Julien\"},\"description\":\"Je suis Julien, r\u00e9dacteur pour Vie Associative. Passionn\u00e9 par le monde associatif depuis plus de 10 ans, j'ai \u00e0 c\u0153ur de partager des histoires inspirantes et de mettre en lumi\u00e8re les initiatives locales. Mon objectif est de sensibiliser et d'encourager l'engagement communautaire \u00e0 travers mes articles.\",\"sameAs\":[\"https:\/\/vieassociative.be\/\"]}]}<\/script>\n<!-- \/ Yoast SEO plugin. -->","yoast_head_json":{"title":"Vous pouvez obtenir cet Asus Chromebook CM30 pour seulement 180 $ maintenant | Vie Associative","robots":{"index":"index","follow":"follow","max-snippet":"max-snippet:-1","max-image-preview":"max-image-preview:large","max-video-preview":"max-video-preview:-1"},"canonical":"https:\/\/vieassociative.be\/actualites\/vous-pouvez-obtenir-cet-asus-chromebook-cm30-pour-seulement-180-maintenant\/","og_locale":"fr_FR","og_type":"article","og_title":"Vous pouvez obtenir cet Asus Chromebook CM30 pour seulement 180 $ maintenant | Vie Associative","og_description":"C&rsquo;est une excellente option budg\u00e9taire pour les \u00e9tudiants ou les travailleurs \u00e0 distance. Si vous avez regard\u00e9 un Chromebook l\u00e9ger et polyvalent pour un travail","og_url":"https:\/\/vieassociative.be\/actualites\/vous-pouvez-obtenir-cet-asus-chromebook-cm30-pour-seulement-180-maintenant\/","og_site_name":"Vie Associative","article_published_time":"2025-05-28T01:17:16+00:00","og_image":[{"width":279,"height":92,"url":"https:\/\/vieassociative.be\/actualites\/wp-content\/uploads\/2024\/09\/header_backgroundk-01-e1726694325946.png","type":"image\/png"}],"author":"Julien","twitter_card":"summary_large_image","twitter_misc":{"\u00c9crit par":"Julien","Dur\u00e9e de lecture est.":"2 minutes"},"schema":{"@context":"https:\/\/schema.org","@graph":[{"@type":"Article","@id":"https:\/\/vieassociative.be\/actualites\/vous-pouvez-obtenir-cet-asus-chromebook-cm30-pour-seulement-180-maintenant\/#article","isPartOf":{"@id":"https:\/\/vieassociative.be\/actualites\/vous-pouvez-obtenir-cet-asus-chromebook-cm30-pour-seulement-180-maintenant\/"},"author":{"name":"Julien","@id":"https:\/\/vieassociative.be\/actualites\/#\/schema\/person\/b87ac4f82f9d4e7b7cec7395b679edc4"},"headline":"Vous pouvez obtenir cet Asus Chromebook CM30 pour seulement 180 $ maintenant","datePublished":"2025-05-28T01:17:16+00:00","dateModified":"2025-05-28T01:17:16+00:00","mainEntityOfPage":{"@id":"https:\/\/vieassociative.be\/actualites\/vous-pouvez-obtenir-cet-asus-chromebook-cm30-pour-seulement-180-maintenant\/"},"wordCount":477,"publisher":{"@id":"https:\/\/vieassociative.be\/actualites\/#organization"},"image":{"@id":"https:\/\/vieassociative.be\/actualites\/vous-pouvez-obtenir-cet-asus-chromebook-cm30-pour-seulement-180-maintenant\/#primaryimage"},"thumbnailUrl":"https:\/\/vieassociative.be\/actualites\/wp-content\/uploads\/2025\/05\/Vous-pouvez-obtenir-cet-Asus-Chromebook-CM30-pour-seulement-180.png","keywords":["Asus","cet","Chromebook","CM30","maintenant","obtenir","pour","pouvez","seulement","Vous"],"articleSection":["Technologie"],"inLanguage":"fr-BE"},{"@type":"WebPage","@id":"https:\/\/vieassociative.be\/actualites\/vous-pouvez-obtenir-cet-asus-chromebook-cm30-pour-seulement-180-maintenant\/","url":"https:\/\/vieassociative.be\/actualites\/vous-pouvez-obtenir-cet-asus-chromebook-cm30-pour-seulement-180-maintenant\/","name":"Vous pouvez obtenir cet Asus Chromebook CM30 pour seulement 180 $ maintenant | Vie Associative","isPartOf":{"@id":"https:\/\/vieassociative.be\/actualites\/#website"},"primaryImageOfPage":{"@id":"https:\/\/vieassociative.be\/actualites\/vous-pouvez-obtenir-cet-asus-chromebook-cm30-pour-seulement-180-maintenant\/#primaryimage"},"image":{"@id":"https:\/\/vieassociative.be\/actualites\/vous-pouvez-obtenir-cet-asus-chromebook-cm30-pour-seulement-180-maintenant\/#primaryimage"},"thumbnailUrl":"https:\/\/vieassociative.be\/actualites\/wp-content\/uploads\/2025\/05\/Vous-pouvez-obtenir-cet-Asus-Chromebook-CM30-pour-seulement-180.png","datePublished":"2025-05-28T01:17:16+00:00","dateModified":"2025-05-28T01:17:16+00:00","breadcrumb":{"@id":"https:\/\/vieassociative.be\/actualites\/vous-pouvez-obtenir-cet-asus-chromebook-cm30-pour-seulement-180-maintenant\/#breadcrumb"},"inLanguage":"fr-BE","potentialAction":[{"@type":"ReadAction","target":["https:\/\/vieassociative.be\/actualites\/vous-pouvez-obtenir-cet-asus-chromebook-cm30-pour-seulement-180-maintenant\/"]}]},{"@type":"ImageObject","inLanguage":"fr-BE","@id":"https:\/\/vieassociative.be\/actualites\/vous-pouvez-obtenir-cet-asus-chromebook-cm30-pour-seulement-180-maintenant\/#primaryimage","url":"https:\/\/vieassociative.be\/actualites\/wp-content\/uploads\/2025\/05\/Vous-pouvez-obtenir-cet-Asus-Chromebook-CM30-pour-seulement-180.png","contentUrl":"https:\/\/vieassociative.be\/actualites\/wp-content\/uploads\/2025\/05\/Vous-pouvez-obtenir-cet-Asus-Chromebook-CM30-pour-seulement-180.png","width":1200,"height":675,"caption":"Vous pouvez obtenir cet Asus Chromebook CM30 pour seulement 180 $ maintenant"},{"@type":"BreadcrumbList","@id":"https:\/\/vieassociative.be\/actualites\/vous-pouvez-obtenir-cet-asus-chromebook-cm30-pour-seulement-180-maintenant\/#breadcrumb","itemListElement":[{"@type":"ListItem","position":1,"name":"Accueil","item":"https:\/\/vieassociative.be\/actualites\/"},{"@type":"ListItem","position":2,"name":"Vous pouvez obtenir cet Asus Chromebook CM30 pour seulement 180 $ maintenant"}]},{"@type":"WebSite","@id":"https:\/\/vieassociative.be\/actualites\/#website","url":"https:\/\/vieassociative.be\/actualites\/","name":"Vie Associative","description":"","publisher":{"@id":"https:\/\/vieassociative.be\/actualites\/#organization"},"potentialAction":[{"@type":"SearchAction","target":{"@type":"EntryPoint","urlTemplate":"https:\/\/vieassociative.be\/actualites\/?s={search_term_string}"},"query-input":{"@type":"PropertyValueSpecification","valueRequired":true,"valueName":"search_term_string"}}],"inLanguage":"fr-BE"},{"@type":"Organization","@id":"https:\/\/vieassociative.be\/actualites\/#organization","name":"Vie Associative","url":"https:\/\/vieassociative.be\/actualites\/","logo":{"@type":"ImageObject","inLanguage":"fr-BE","@id":"https:\/\/vieassociative.be\/actualites\/#\/schema\/logo\/image\/","url":"https:\/\/vieassociative.be\/actualites\/wp-content\/uploads\/2024\/09\/cropped-vieassociative_favicon.ico.png","contentUrl":"https:\/\/vieassociative.be\/actualites\/wp-content\/uploads\/2024\/09\/cropped-vieassociative_favicon.ico.png","width":512,"height":512,"caption":"Vie Associative"},"image":{"@id":"https:\/\/vieassociative.be\/actualites\/#\/schema\/logo\/image\/"}},{"@type":"Person","@id":"https:\/\/vieassociative.be\/actualites\/#\/schema\/person\/b87ac4f82f9d4e7b7cec7395b679edc4","name":"Julien","image":{"@type":"ImageObject","inLanguage":"fr-BE","@id":"https:\/\/vieassociative.be\/actualites\/#\/schema\/person\/image\/","url":"https:\/\/vieassociative.be\/actualites\/wp-content\/uploads\/2024\/09\/vie-associative-1-150x150.jpg","contentUrl":"https:\/\/vieassociative.be\/actualites\/wp-content\/uploads\/2024\/09\/vie-associative-1-150x150.jpg","caption":"Julien"},"description":"Je suis Julien, r\u00e9dacteur pour Vie Associative. Passionn\u00e9 par le monde associatif depuis plus de 10 ans, j'ai \u00e0 c\u0153ur de partager des histoires inspirantes et de mettre en lumi\u00e8re les initiatives locales. Mon objectif est de sensibiliser et d'encourager l'engagement communautaire \u00e0 travers mes articles.","sameAs":["https:\/\/vieassociative.be\/"]}]}},"_links":{"self":[{"href":"https:\/\/vieassociative.be\/actualites\/wp-json\/wp\/v2\/posts\/7815"}],"collection":[{"href":"https:\/\/vieassociative.be\/actualites\/wp-json\/wp\/v2\/posts"}],"about":[{"href":"https:\/\/vieassociative.be\/actualites\/wp-json\/wp\/v2\/types\/post"}],"author":[{"embeddable":true,"href":"https:\/\/vieassociative.be\/actualites\/wp-json\/wp\/v2\/users\/1"}],"replies":[{"embeddable":true,"href":"https:\/\/vieassociative.be\/actualites\/wp-json\/wp\/v2\/comments?post=7815"}],"version-history":[{"count":0,"href":"https:\/\/vieassociative.be\/actualites\/wp-json\/wp\/v2\/posts\/7815\/revisions"}],"wp:featuredmedia":[{"embeddable":true,"href":"https:\/\/vieassociative.be\/actualites\/wp-json\/wp\/v2\/media\/7816"}],"wp:attachment":[{"href":"https:\/\/vieassociative.be\/actualites\/wp-json\/wp\/v2\/media?parent=7815"}],"wp:term":[{"taxonomy":"category","embeddable":true,"href":"https:\/\/vieassociative.be\/actualites\/wp-json\/wp\/v2\/categories?post=7815"},{"taxonomy":"post_tag","embeddable":true,"href":"https:\/\/vieassociative.be\/actualites\/wp-json\/wp\/v2\/tags?post=7815"}],"curies":[{"name":"wp","href":"https:\/\/api.w.org\/{rel}","templated":true}]}}