{"id":7813,"date":"2025-05-28T02:17:22","date_gmt":"2025-05-28T00:17:22","guid":{"rendered":"https:\/\/vieassociative.be\/actualites\/ces-battements-sadaptent-aux-ecouteurs-pro-sont-la-moitie-de-leur-prix-dorigine-en-ce-moment\/"},"modified":"2025-05-28T02:17:22","modified_gmt":"2025-05-28T00:17:22","slug":"ces-battements-sadaptent-aux-ecouteurs-pro-sont-la-moitie-de-leur-prix-dorigine-en-ce-moment","status":"publish","type":"post","link":"https:\/\/vieassociative.be\/actualites\/ces-battements-sadaptent-aux-ecouteurs-pro-sont-la-moitie-de-leur-prix-dorigine-en-ce-moment\/","title":{"rendered":"Ces battements s&rsquo;adaptent aux \u00e9couteurs pro sont la moiti\u00e9 de leur prix d&rsquo;origine en ce moment"},"content":{"rendered":"<div class=\"mt-4 leading-6 md:mb-8\">\u00c0 la moiti\u00e9 du prix d&rsquo;origine, c&rsquo;est une bonne affaire pour quelqu&rsquo;un qui veut un son percutant, une annulation de bruit active et une coupe de s\u00e9jour sans aller tout-in sur AirPod Pro.<\/div>\n<p><\/p>\n<p>Il n&rsquo;y a pas de p\u00e9nurie d&rsquo;\u00e9couteurs sans fil, mais si vous recherchez une forte annulation de bruit, un son lourd des basses, une compatibilit\u00e9 iOS compl\u00e8te et un ajustement qui ne bougera pas lors d&rsquo;un entra\u00eenement, vous devriez consid\u00e9rer les Beats Fit Pro, et cette affaire de bo\u00eete ouverte sur Stacksocial baisse le prix \u00e0 99,99 $ \u00e0 partir de la 199,99 $. La vente comprend les quatre options de couleurs: blanc, noir, gris et violet.<\/p>\n<p>La balise \u00ab\u00a0Open Box\u00a0\u00bb signifie simplement qu&rsquo;ils ont probablement \u00e9t\u00e9 manipul\u00e9s mais pas utilis\u00e9s, et ils ont \u00e9t\u00e9 inspect\u00e9s pour s&rsquo;assurer qu&rsquo;ils sont encore dans un nouvel \u00e9tat. Ils sont class\u00e9s IPX4 pour la r\u00e9sistance \u00e0 l&rsquo;eau, donc la transpiration et la pluie l\u00e9g\u00e8re ne sont pas un probl\u00e8me, bien que le cas lui-m\u00eame ne soit pas prot\u00e9g\u00e9 et ne prend pas en charge la charge sans fil. La dur\u00e9e de vie de la batterie est d&rsquo;environ six heures avec ANC et 18 \u00e0 23 heures \u00e0 partir de l&rsquo;affaire, selon la fa\u00e7on dont vous les utilisez.<\/p>\n<div class=\"pogoClear relative my-10 border-b-(1.5px) border-t-(1.5px) border-dashed border-black py-5 sm:my-14 sm:border-0 sm:py-0\" data-ga-click data-ga-template=\"Deals\" data-ga-module=\"openweb_widget\" data-ga-element=\"openweb_scroll\" data-ga-item=\"openweb_scroll_midpage\" x-cloak x-data=\"{ commentsCount: null, hasComments: false }\" x-init=\"commentsCount = await window.openweb.getMessagesCount(01JVY48MSSNQ9C13MFWEQB76QG);\n     hasComments = commentsCount !== null &amp;&amp; commentsCount &gt; 0\"><\/p>\n<div class=\"absolute top-1\/2 hidden w-full -translate-y-1\/2 border-t-(1.5px) border-dashed border-black sm:block\"><\/div>\n<div class=\"relative flex justify-center\">\n<div class=\"flex max-w-max items-center gap-x-3 bg-white px-5\">\n<div class=\"relative\">\n                <span class=\"absolute left-1\/2 top-1\/2 -translate-x-1\/2 -translate-y-1\/2 font-akshar text-sm font-medium text-black\" x-show=\"hasComments\" x-text=\"commentsCount\"><\/span><\/p>\n<p>                <svg class=\"h-8 w-8 text-black\">\n                    <use href=\"http:\/\/lifehacker.com\/images\/icons\/spritemap.svg#sprite-chat-bubble\"><\/use>\n                <\/svg>\n            <\/div>\n<p>            <span class=\"text-sm font-medium text-black\"><\/p>\n<p>                Que pensez-vous jusqu&rsquo;\u00e0 pr\u00e9sent?<br \/>\n                <button class=\"font-semibold text-brand-green underline hover:text-brand-green-700\" onclick=\"window.openweb.scrollToComments('01JVY48MSSNQ9C13MFWEQB76QG')\" x-text=\"hasComments ? 'Post a comment.' : 'Be the first to post a comment.'\"><\/button><br \/>\n            <\/span>\n        <\/div>\n<\/p><\/div>\n<\/div>\n<p>En ce qui concerne le son, ceux-ci se penchent dur dans les basses, que certaines personnes adoreront et d&rsquo;autres pourraient trouver un peu beaucoup. Le bas de gamme frappe particuli\u00e8rement bien \u00e0 des volumes \u00e9lev\u00e9s sans distorsion, ce qui les rend id\u00e9aux pour le hip-hop, la pop ou l&rsquo;EDM, note cette revue PCMAG. L&rsquo;inconv\u00e9nient est qu&rsquo;il n&rsquo;y a pas d&rsquo;\u00e9galiseur personnalisable, donc si vous n&rsquo;\u00eates pas dans ce son sculpt\u00e9, vous ne pouvez pas y faire grand-chose. L&rsquo;annulation du bruit r\u00e9siste assez bien \u00e0 des choses comme les grondements des avions et les distractions \u00e0 basse fr\u00e9quence, mais ne vous attendez pas \u00e0 un silence total dans un caf\u00e9 bruyant (les bruits plus aigus divulguent). Il existe \u00e9galement un mode de transparence d\u00e9cent qui laisse juste entrer le son ext\u00e9rieur pour que vous puissiez traverser la rue ou discuter avec quelqu&rsquo;un sans retirer un \u00e9couteur. Les utilisateurs d&rsquo;Android ont acc\u00e8s \u00e0 la plupart des fonctionnalit\u00e9s de base via l&rsquo;application Beats, mais certains avantages comme la commutation automatique, le Siri mains libres et l&rsquo;audio spatial sont toujours uniquement iOS. Obtenir tout cela pour la moiti\u00e9 de la fin n&rsquo;est pas une mauvaise affaire. <\/p>\n","protected":false},"excerpt":{"rendered":"<p>\u00c0 la moiti\u00e9 du prix d&rsquo;origine, c&rsquo;est une bonne affaire pour quelqu&rsquo;un qui veut un son percutant, une annulation de bruit active et une coupe<\/p>\n","protected":false},"author":1,"featured_media":7814,"comment_status":"","ping_status":"","sticky":false,"template":"","format":"standard","meta":{"footnotes":""},"categories":[13],"tags":[289,7187,248,1645,1537,958,4637,1429,1399,630,6503,18],"class_list":["post-7813","post","type-post","status-publish","format-standard","has-post-thumbnail","hentry","category-technologie","tag-aux","tag-battements","tag-ces","tag-dorigine","tag-ecouteurs","tag-leur","tag-moitie","tag-moment","tag-prix","tag-pro","tag-sadaptent","tag-sont","generate-columns","tablet-grid-50","mobile-grid-100","grid-parent","grid-33"],"yoast_head":"<!-- This site is optimized with the Yoast SEO plugin v24.0 - https:\/\/yoast.com\/wordpress\/plugins\/seo\/ -->\n<title>Ces battements s&#039;adaptent aux \u00e9couteurs pro sont la moiti\u00e9 de leur prix d&#039;origine en ce moment | Vie Associative<\/title>\n<meta name=\"robots\" content=\"index, follow, max-snippet:-1, max-image-preview:large, max-video-preview:-1\" \/>\n<link rel=\"canonical\" href=\"https:\/\/vieassociative.be\/actualites\/ces-battements-sadaptent-aux-ecouteurs-pro-sont-la-moitie-de-leur-prix-dorigine-en-ce-moment\/\" \/>\n<meta property=\"og:locale\" content=\"fr_FR\" \/>\n<meta property=\"og:type\" content=\"article\" \/>\n<meta property=\"og:title\" content=\"Ces battements s&#039;adaptent aux \u00e9couteurs pro sont la moiti\u00e9 de leur prix d&#039;origine en ce moment | Vie Associative\" \/>\n<meta property=\"og:description\" content=\"\u00c0 la moiti\u00e9 du prix d&rsquo;origine, c&rsquo;est une bonne affaire pour quelqu&rsquo;un qui veut un son percutant, une annulation de bruit active et une coupe\" \/>\n<meta property=\"og:url\" content=\"https:\/\/vieassociative.be\/actualites\/ces-battements-sadaptent-aux-ecouteurs-pro-sont-la-moitie-de-leur-prix-dorigine-en-ce-moment\/\" \/>\n<meta property=\"og:site_name\" content=\"Vie Associative\" \/>\n<meta property=\"article:published_time\" content=\"2025-05-28T00:17:22+00:00\" \/>\n<meta property=\"og:image\" content=\"https:\/\/vieassociative.be\/actualites\/wp-content\/uploads\/2024\/09\/header_backgroundk-01-e1726694325946.png\" \/>\n\t<meta property=\"og:image:width\" content=\"279\" \/>\n\t<meta property=\"og:image:height\" content=\"92\" \/>\n\t<meta property=\"og:image:type\" content=\"image\/png\" \/>\n<meta name=\"author\" content=\"Julien\" \/>\n<meta name=\"twitter:card\" content=\"summary_large_image\" \/>\n<meta name=\"twitter:label1\" content=\"\u00c9crit par\" \/>\n\t<meta name=\"twitter:data1\" content=\"Julien\" \/>\n\t<meta name=\"twitter:label2\" content=\"Dur\u00e9e de lecture est.\" \/>\n\t<meta name=\"twitter:data2\" content=\"2 minutes\" \/>\n<script type=\"application\/ld+json\" class=\"yoast-schema-graph\">{\"@context\":\"https:\/\/schema.org\",\"@graph\":[{\"@type\":\"Article\",\"@id\":\"https:\/\/vieassociative.be\/actualites\/ces-battements-sadaptent-aux-ecouteurs-pro-sont-la-moitie-de-leur-prix-dorigine-en-ce-moment\/#article\",\"isPartOf\":{\"@id\":\"https:\/\/vieassociative.be\/actualites\/ces-battements-sadaptent-aux-ecouteurs-pro-sont-la-moitie-de-leur-prix-dorigine-en-ce-moment\/\"},\"author\":{\"name\":\"Julien\",\"@id\":\"https:\/\/vieassociative.be\/actualites\/#\/schema\/person\/b87ac4f82f9d4e7b7cec7395b679edc4\"},\"headline\":\"Ces battements s&rsquo;adaptent aux \u00e9couteurs pro sont la moiti\u00e9 de leur prix d&rsquo;origine en ce moment\",\"datePublished\":\"2025-05-28T00:17:22+00:00\",\"dateModified\":\"2025-05-28T00:17:22+00:00\",\"mainEntityOfPage\":{\"@id\":\"https:\/\/vieassociative.be\/actualites\/ces-battements-sadaptent-aux-ecouteurs-pro-sont-la-moitie-de-leur-prix-dorigine-en-ce-moment\/\"},\"wordCount\":458,\"publisher\":{\"@id\":\"https:\/\/vieassociative.be\/actualites\/#organization\"},\"image\":{\"@id\":\"https:\/\/vieassociative.be\/actualites\/ces-battements-sadaptent-aux-ecouteurs-pro-sont-la-moitie-de-leur-prix-dorigine-en-ce-moment\/#primaryimage\"},\"thumbnailUrl\":\"https:\/\/vieassociative.be\/actualites\/wp-content\/uploads\/2025\/05\/Ces-battements-sadaptent-aux-ecouteurs-pro-sont-la-moitie-de.png\",\"keywords\":[\"aux\",\"battements\",\"ces\",\"dorigine\",\"\u00e9couteurs\",\"leur\",\"moiti\u00e9\",\"moment\",\"prix\",\"Pro\",\"sadaptent\",\"sont\"],\"articleSection\":[\"Technologie\"],\"inLanguage\":\"fr-BE\"},{\"@type\":\"WebPage\",\"@id\":\"https:\/\/vieassociative.be\/actualites\/ces-battements-sadaptent-aux-ecouteurs-pro-sont-la-moitie-de-leur-prix-dorigine-en-ce-moment\/\",\"url\":\"https:\/\/vieassociative.be\/actualites\/ces-battements-sadaptent-aux-ecouteurs-pro-sont-la-moitie-de-leur-prix-dorigine-en-ce-moment\/\",\"name\":\"Ces battements s'adaptent aux \u00e9couteurs pro sont la moiti\u00e9 de leur prix d'origine en ce moment | Vie Associative\",\"isPartOf\":{\"@id\":\"https:\/\/vieassociative.be\/actualites\/#website\"},\"primaryImageOfPage\":{\"@id\":\"https:\/\/vieassociative.be\/actualites\/ces-battements-sadaptent-aux-ecouteurs-pro-sont-la-moitie-de-leur-prix-dorigine-en-ce-moment\/#primaryimage\"},\"image\":{\"@id\":\"https:\/\/vieassociative.be\/actualites\/ces-battements-sadaptent-aux-ecouteurs-pro-sont-la-moitie-de-leur-prix-dorigine-en-ce-moment\/#primaryimage\"},\"thumbnailUrl\":\"https:\/\/vieassociative.be\/actualites\/wp-content\/uploads\/2025\/05\/Ces-battements-sadaptent-aux-ecouteurs-pro-sont-la-moitie-de.png\",\"datePublished\":\"2025-05-28T00:17:22+00:00\",\"dateModified\":\"2025-05-28T00:17:22+00:00\",\"breadcrumb\":{\"@id\":\"https:\/\/vieassociative.be\/actualites\/ces-battements-sadaptent-aux-ecouteurs-pro-sont-la-moitie-de-leur-prix-dorigine-en-ce-moment\/#breadcrumb\"},\"inLanguage\":\"fr-BE\",\"potentialAction\":[{\"@type\":\"ReadAction\",\"target\":[\"https:\/\/vieassociative.be\/actualites\/ces-battements-sadaptent-aux-ecouteurs-pro-sont-la-moitie-de-leur-prix-dorigine-en-ce-moment\/\"]}]},{\"@type\":\"ImageObject\",\"inLanguage\":\"fr-BE\",\"@id\":\"https:\/\/vieassociative.be\/actualites\/ces-battements-sadaptent-aux-ecouteurs-pro-sont-la-moitie-de-leur-prix-dorigine-en-ce-moment\/#primaryimage\",\"url\":\"https:\/\/vieassociative.be\/actualites\/wp-content\/uploads\/2025\/05\/Ces-battements-sadaptent-aux-ecouteurs-pro-sont-la-moitie-de.png\",\"contentUrl\":\"https:\/\/vieassociative.be\/actualites\/wp-content\/uploads\/2025\/05\/Ces-battements-sadaptent-aux-ecouteurs-pro-sont-la-moitie-de.png\",\"width\":1200,\"height\":675,\"caption\":\"Ces battements s'adaptent aux \u00e9couteurs pro sont la moiti\u00e9 de leur prix d'origine en ce moment\"},{\"@type\":\"BreadcrumbList\",\"@id\":\"https:\/\/vieassociative.be\/actualites\/ces-battements-sadaptent-aux-ecouteurs-pro-sont-la-moitie-de-leur-prix-dorigine-en-ce-moment\/#breadcrumb\",\"itemListElement\":[{\"@type\":\"ListItem\",\"position\":1,\"name\":\"Accueil\",\"item\":\"https:\/\/vieassociative.be\/actualites\/\"},{\"@type\":\"ListItem\",\"position\":2,\"name\":\"Ces battements s&rsquo;adaptent aux \u00e9couteurs pro sont la moiti\u00e9 de leur prix d&rsquo;origine en ce moment\"}]},{\"@type\":\"WebSite\",\"@id\":\"https:\/\/vieassociative.be\/actualites\/#website\",\"url\":\"https:\/\/vieassociative.be\/actualites\/\",\"name\":\"Vie Associative\",\"description\":\"\",\"publisher\":{\"@id\":\"https:\/\/vieassociative.be\/actualites\/#organization\"},\"potentialAction\":[{\"@type\":\"SearchAction\",\"target\":{\"@type\":\"EntryPoint\",\"urlTemplate\":\"https:\/\/vieassociative.be\/actualites\/?s={search_term_string}\"},\"query-input\":{\"@type\":\"PropertyValueSpecification\",\"valueRequired\":true,\"valueName\":\"search_term_string\"}}],\"inLanguage\":\"fr-BE\"},{\"@type\":\"Organization\",\"@id\":\"https:\/\/vieassociative.be\/actualites\/#organization\",\"name\":\"Vie Associative\",\"url\":\"https:\/\/vieassociative.be\/actualites\/\",\"logo\":{\"@type\":\"ImageObject\",\"inLanguage\":\"fr-BE\",\"@id\":\"https:\/\/vieassociative.be\/actualites\/#\/schema\/logo\/image\/\",\"url\":\"https:\/\/vieassociative.be\/actualites\/wp-content\/uploads\/2024\/09\/cropped-vieassociative_favicon.ico.png\",\"contentUrl\":\"https:\/\/vieassociative.be\/actualites\/wp-content\/uploads\/2024\/09\/cropped-vieassociative_favicon.ico.png\",\"width\":512,\"height\":512,\"caption\":\"Vie Associative\"},\"image\":{\"@id\":\"https:\/\/vieassociative.be\/actualites\/#\/schema\/logo\/image\/\"}},{\"@type\":\"Person\",\"@id\":\"https:\/\/vieassociative.be\/actualites\/#\/schema\/person\/b87ac4f82f9d4e7b7cec7395b679edc4\",\"name\":\"Julien\",\"image\":{\"@type\":\"ImageObject\",\"inLanguage\":\"fr-BE\",\"@id\":\"https:\/\/vieassociative.be\/actualites\/#\/schema\/person\/image\/\",\"url\":\"https:\/\/vieassociative.be\/actualites\/wp-content\/uploads\/2024\/09\/vie-associative-1-150x150.jpg\",\"contentUrl\":\"https:\/\/vieassociative.be\/actualites\/wp-content\/uploads\/2024\/09\/vie-associative-1-150x150.jpg\",\"caption\":\"Julien\"},\"description\":\"Je suis Julien, r\u00e9dacteur pour Vie Associative. Passionn\u00e9 par le monde associatif depuis plus de 10 ans, j'ai \u00e0 c\u0153ur de partager des histoires inspirantes et de mettre en lumi\u00e8re les initiatives locales. Mon objectif est de sensibiliser et d'encourager l'engagement communautaire \u00e0 travers mes articles.\",\"sameAs\":[\"https:\/\/vieassociative.be\/\"]}]}<\/script>\n<!-- \/ Yoast SEO plugin. -->","yoast_head_json":{"title":"Ces battements s'adaptent aux \u00e9couteurs pro sont la moiti\u00e9 de leur prix d'origine en ce moment | Vie Associative","robots":{"index":"index","follow":"follow","max-snippet":"max-snippet:-1","max-image-preview":"max-image-preview:large","max-video-preview":"max-video-preview:-1"},"canonical":"https:\/\/vieassociative.be\/actualites\/ces-battements-sadaptent-aux-ecouteurs-pro-sont-la-moitie-de-leur-prix-dorigine-en-ce-moment\/","og_locale":"fr_FR","og_type":"article","og_title":"Ces battements s'adaptent aux \u00e9couteurs pro sont la moiti\u00e9 de leur prix d'origine en ce moment | Vie Associative","og_description":"\u00c0 la moiti\u00e9 du prix d&rsquo;origine, c&rsquo;est une bonne affaire pour quelqu&rsquo;un qui veut un son percutant, une annulation de bruit active et une coupe","og_url":"https:\/\/vieassociative.be\/actualites\/ces-battements-sadaptent-aux-ecouteurs-pro-sont-la-moitie-de-leur-prix-dorigine-en-ce-moment\/","og_site_name":"Vie Associative","article_published_time":"2025-05-28T00:17:22+00:00","og_image":[{"width":279,"height":92,"url":"https:\/\/vieassociative.be\/actualites\/wp-content\/uploads\/2024\/09\/header_backgroundk-01-e1726694325946.png","type":"image\/png"}],"author":"Julien","twitter_card":"summary_large_image","twitter_misc":{"\u00c9crit par":"Julien","Dur\u00e9e de lecture est.":"2 minutes"},"schema":{"@context":"https:\/\/schema.org","@graph":[{"@type":"Article","@id":"https:\/\/vieassociative.be\/actualites\/ces-battements-sadaptent-aux-ecouteurs-pro-sont-la-moitie-de-leur-prix-dorigine-en-ce-moment\/#article","isPartOf":{"@id":"https:\/\/vieassociative.be\/actualites\/ces-battements-sadaptent-aux-ecouteurs-pro-sont-la-moitie-de-leur-prix-dorigine-en-ce-moment\/"},"author":{"name":"Julien","@id":"https:\/\/vieassociative.be\/actualites\/#\/schema\/person\/b87ac4f82f9d4e7b7cec7395b679edc4"},"headline":"Ces battements s&rsquo;adaptent aux \u00e9couteurs pro sont la moiti\u00e9 de leur prix d&rsquo;origine en ce moment","datePublished":"2025-05-28T00:17:22+00:00","dateModified":"2025-05-28T00:17:22+00:00","mainEntityOfPage":{"@id":"https:\/\/vieassociative.be\/actualites\/ces-battements-sadaptent-aux-ecouteurs-pro-sont-la-moitie-de-leur-prix-dorigine-en-ce-moment\/"},"wordCount":458,"publisher":{"@id":"https:\/\/vieassociative.be\/actualites\/#organization"},"image":{"@id":"https:\/\/vieassociative.be\/actualites\/ces-battements-sadaptent-aux-ecouteurs-pro-sont-la-moitie-de-leur-prix-dorigine-en-ce-moment\/#primaryimage"},"thumbnailUrl":"https:\/\/vieassociative.be\/actualites\/wp-content\/uploads\/2025\/05\/Ces-battements-sadaptent-aux-ecouteurs-pro-sont-la-moitie-de.png","keywords":["aux","battements","ces","dorigine","\u00e9couteurs","leur","moiti\u00e9","moment","prix","Pro","sadaptent","sont"],"articleSection":["Technologie"],"inLanguage":"fr-BE"},{"@type":"WebPage","@id":"https:\/\/vieassociative.be\/actualites\/ces-battements-sadaptent-aux-ecouteurs-pro-sont-la-moitie-de-leur-prix-dorigine-en-ce-moment\/","url":"https:\/\/vieassociative.be\/actualites\/ces-battements-sadaptent-aux-ecouteurs-pro-sont-la-moitie-de-leur-prix-dorigine-en-ce-moment\/","name":"Ces battements s'adaptent aux \u00e9couteurs pro sont la moiti\u00e9 de leur prix d'origine en ce moment | Vie Associative","isPartOf":{"@id":"https:\/\/vieassociative.be\/actualites\/#website"},"primaryImageOfPage":{"@id":"https:\/\/vieassociative.be\/actualites\/ces-battements-sadaptent-aux-ecouteurs-pro-sont-la-moitie-de-leur-prix-dorigine-en-ce-moment\/#primaryimage"},"image":{"@id":"https:\/\/vieassociative.be\/actualites\/ces-battements-sadaptent-aux-ecouteurs-pro-sont-la-moitie-de-leur-prix-dorigine-en-ce-moment\/#primaryimage"},"thumbnailUrl":"https:\/\/vieassociative.be\/actualites\/wp-content\/uploads\/2025\/05\/Ces-battements-sadaptent-aux-ecouteurs-pro-sont-la-moitie-de.png","datePublished":"2025-05-28T00:17:22+00:00","dateModified":"2025-05-28T00:17:22+00:00","breadcrumb":{"@id":"https:\/\/vieassociative.be\/actualites\/ces-battements-sadaptent-aux-ecouteurs-pro-sont-la-moitie-de-leur-prix-dorigine-en-ce-moment\/#breadcrumb"},"inLanguage":"fr-BE","potentialAction":[{"@type":"ReadAction","target":["https:\/\/vieassociative.be\/actualites\/ces-battements-sadaptent-aux-ecouteurs-pro-sont-la-moitie-de-leur-prix-dorigine-en-ce-moment\/"]}]},{"@type":"ImageObject","inLanguage":"fr-BE","@id":"https:\/\/vieassociative.be\/actualites\/ces-battements-sadaptent-aux-ecouteurs-pro-sont-la-moitie-de-leur-prix-dorigine-en-ce-moment\/#primaryimage","url":"https:\/\/vieassociative.be\/actualites\/wp-content\/uploads\/2025\/05\/Ces-battements-sadaptent-aux-ecouteurs-pro-sont-la-moitie-de.png","contentUrl":"https:\/\/vieassociative.be\/actualites\/wp-content\/uploads\/2025\/05\/Ces-battements-sadaptent-aux-ecouteurs-pro-sont-la-moitie-de.png","width":1200,"height":675,"caption":"Ces battements s'adaptent aux \u00e9couteurs pro sont la moiti\u00e9 de leur prix d'origine en ce moment"},{"@type":"BreadcrumbList","@id":"https:\/\/vieassociative.be\/actualites\/ces-battements-sadaptent-aux-ecouteurs-pro-sont-la-moitie-de-leur-prix-dorigine-en-ce-moment\/#breadcrumb","itemListElement":[{"@type":"ListItem","position":1,"name":"Accueil","item":"https:\/\/vieassociative.be\/actualites\/"},{"@type":"ListItem","position":2,"name":"Ces battements s&rsquo;adaptent aux \u00e9couteurs pro sont la moiti\u00e9 de leur prix d&rsquo;origine en ce moment"}]},{"@type":"WebSite","@id":"https:\/\/vieassociative.be\/actualites\/#website","url":"https:\/\/vieassociative.be\/actualites\/","name":"Vie Associative","description":"","publisher":{"@id":"https:\/\/vieassociative.be\/actualites\/#organization"},"potentialAction":[{"@type":"SearchAction","target":{"@type":"EntryPoint","urlTemplate":"https:\/\/vieassociative.be\/actualites\/?s={search_term_string}"},"query-input":{"@type":"PropertyValueSpecification","valueRequired":true,"valueName":"search_term_string"}}],"inLanguage":"fr-BE"},{"@type":"Organization","@id":"https:\/\/vieassociative.be\/actualites\/#organization","name":"Vie Associative","url":"https:\/\/vieassociative.be\/actualites\/","logo":{"@type":"ImageObject","inLanguage":"fr-BE","@id":"https:\/\/vieassociative.be\/actualites\/#\/schema\/logo\/image\/","url":"https:\/\/vieassociative.be\/actualites\/wp-content\/uploads\/2024\/09\/cropped-vieassociative_favicon.ico.png","contentUrl":"https:\/\/vieassociative.be\/actualites\/wp-content\/uploads\/2024\/09\/cropped-vieassociative_favicon.ico.png","width":512,"height":512,"caption":"Vie Associative"},"image":{"@id":"https:\/\/vieassociative.be\/actualites\/#\/schema\/logo\/image\/"}},{"@type":"Person","@id":"https:\/\/vieassociative.be\/actualites\/#\/schema\/person\/b87ac4f82f9d4e7b7cec7395b679edc4","name":"Julien","image":{"@type":"ImageObject","inLanguage":"fr-BE","@id":"https:\/\/vieassociative.be\/actualites\/#\/schema\/person\/image\/","url":"https:\/\/vieassociative.be\/actualites\/wp-content\/uploads\/2024\/09\/vie-associative-1-150x150.jpg","contentUrl":"https:\/\/vieassociative.be\/actualites\/wp-content\/uploads\/2024\/09\/vie-associative-1-150x150.jpg","caption":"Julien"},"description":"Je suis Julien, r\u00e9dacteur pour Vie Associative. Passionn\u00e9 par le monde associatif depuis plus de 10 ans, j'ai \u00e0 c\u0153ur de partager des histoires inspirantes et de mettre en lumi\u00e8re les initiatives locales. Mon objectif est de sensibiliser et d'encourager l'engagement communautaire \u00e0 travers mes articles.","sameAs":["https:\/\/vieassociative.be\/"]}]}},"_links":{"self":[{"href":"https:\/\/vieassociative.be\/actualites\/wp-json\/wp\/v2\/posts\/7813"}],"collection":[{"href":"https:\/\/vieassociative.be\/actualites\/wp-json\/wp\/v2\/posts"}],"about":[{"href":"https:\/\/vieassociative.be\/actualites\/wp-json\/wp\/v2\/types\/post"}],"author":[{"embeddable":true,"href":"https:\/\/vieassociative.be\/actualites\/wp-json\/wp\/v2\/users\/1"}],"replies":[{"embeddable":true,"href":"https:\/\/vieassociative.be\/actualites\/wp-json\/wp\/v2\/comments?post=7813"}],"version-history":[{"count":0,"href":"https:\/\/vieassociative.be\/actualites\/wp-json\/wp\/v2\/posts\/7813\/revisions"}],"wp:featuredmedia":[{"embeddable":true,"href":"https:\/\/vieassociative.be\/actualites\/wp-json\/wp\/v2\/media\/7814"}],"wp:attachment":[{"href":"https:\/\/vieassociative.be\/actualites\/wp-json\/wp\/v2\/media?parent=7813"}],"wp:term":[{"taxonomy":"category","embeddable":true,"href":"https:\/\/vieassociative.be\/actualites\/wp-json\/wp\/v2\/categories?post=7813"},{"taxonomy":"post_tag","embeddable":true,"href":"https:\/\/vieassociative.be\/actualites\/wp-json\/wp\/v2\/tags?post=7813"}],"curies":[{"name":"wp","href":"https:\/\/api.w.org\/{rel}","templated":true}]}}