{"id":7811,"date":"2025-05-28T01:18:08","date_gmt":"2025-05-27T23:18:08","guid":{"rendered":"https:\/\/vieassociative.be\/actualites\/quoi-de-neuf-sur-prime-video-en-juin-2025\/"},"modified":"2025-05-28T01:18:08","modified_gmt":"2025-05-27T23:18:08","slug":"quoi-de-neuf-sur-prime-video-en-juin-2025","status":"publish","type":"post","link":"https:\/\/vieassociative.be\/actualites\/quoi-de-neuf-sur-prime-video-en-juin-2025\/","title":{"rendered":"Quoi de neuf sur Prime Video en juin 2025"},"content":{"rendered":"<div class=\"mt-4 leading-6 md:mb-8\">Les originaux incluent la com\u00e9die d&rsquo;action \u00ab\u00a0Deep Cover\u00a0\u00bb, avec Orlando Bloom et Bryce Dallas Howard.<\/div>\n<p><\/p>\n<p>Amazon n&rsquo;a pas encore publi\u00e9 une liste compl\u00e8te de ce qui arrive \u00e0 Prime Video en juin, mais nous savons quels titres originaux devraient \u00eatre pr\u00e9sent\u00e9s tout au long du mois. <\/p>\n<p>Com\u00e9die d&rsquo;action originale principale <em>Couverture profonde<\/em> (12 juin) a une distribution empil\u00e9e qui comprend Bryce Dallas Howard, Orlando Bloom, Nick Mohammed et Sean Bean. Dans le film, Howard joue un professeur de com\u00e9die d&rsquo;improvisation qui recrute deux de ses \u00e9l\u00e8ves (jou\u00e9s par Bloom et Mohammed) pour infiltrer les gangs de Londres en faisant semblant d&rsquo;\u00eatre des criminels. <\/p>\n<div class=\"mx-auto mt-8 w-full max-w-4xl aspect-video\">\n<div id=\"video-container-1x--MaHsbEc\"><\/div>\n<\/div>\n<p><em>Compte \u00e0 rebours<\/em> (25 juin) est une nouvelle s\u00e9rie de thriller criminel de <em>Fire de Chicago<\/em> Showrunner Derek Haas. Un d\u00e9tective du LAPD est recrut\u00e9 dans un groupe de travail secret pour enqu\u00eater sur le meurtre d&rsquo;un agent du minist\u00e8re de la S\u00e9curit\u00e9 int\u00e9rieure. Et <em>Nous \u00e9tions des menteurs <\/em>(18 juin) est une s\u00e9rie de thriller psychologique bas\u00e9e sur le roman titulaire d&rsquo;E. Lockhart, dont l&rsquo;intrigue suit la riche famille Sinclair et les \u00e9v\u00e9nements de l&rsquo;\u00e9t\u00e9 sur leur \u00eele priv\u00e9e. <\/p>\n<p>Enfin, il y a Sports Doc <em>American Thunder: NASCAR \u00e0 Le Mans<\/em> (12 juin), qui raconte le voyage pour amener l&rsquo;American Stock Car Chevrolet Camaro aux 24 heures du Mans. <\/p>\n<div class=\"pogoClear relative my-10 border-b-(1.5px) border-t-(1.5px) border-dashed border-black py-5 sm:my-14 sm:border-0 sm:py-0\" data-ga-click data-ga-template=\"News\" data-ga-module=\"openweb_widget\" data-ga-element=\"openweb_scroll\" data-ga-item=\"openweb_scroll_midpage\" x-cloak x-data=\"{ commentsCount: null, hasComments: false }\" x-init=\"commentsCount = await window.openweb.getMessagesCount(01JVZGFT8FTSGR4K8JDZ734BGC);\n     hasComments = commentsCount !== null &amp;&amp; commentsCount &gt; 0\"><\/p>\n<div class=\"absolute top-1\/2 hidden w-full -translate-y-1\/2 border-t-(1.5px) border-dashed border-black sm:block\"><\/div>\n<div class=\"relative flex justify-center\">\n<div class=\"flex max-w-max items-center gap-x-3 bg-white px-5\">\n<div class=\"relative\">\n                <span class=\"absolute left-1\/2 top-1\/2 -translate-x-1\/2 -translate-y-1\/2 font-akshar text-sm font-medium text-black\" x-show=\"hasComments\" x-text=\"commentsCount\"><\/span><\/p>\n<p>                <svg class=\"h-8 w-8 text-black\">\n                    <use href=\"http:\/\/lifehacker.com\/images\/icons\/spritemap.svg#sprite-chat-bubble\"><\/use>\n                <\/svg>\n            <\/div>\n<p>            <span class=\"text-sm font-medium text-black\"><\/p>\n<p>                Que pensez-vous jusqu&rsquo;\u00e0 pr\u00e9sent?<br \/>\n                <button class=\"font-semibold text-brand-green underline hover:text-brand-green-700\" onclick=\"window.openweb.scrollToComments('01JVZGFT8FTSGR4K8JDZ734BGC')\" x-text=\"hasComments ? 'Post a comment.' : 'Be the first to post a comment.'\"><\/button><br \/>\n            <\/span>\n        <\/div>\n<\/p><\/div>\n<\/div>\n<p>Voici les originaux qui viennent \u00e0 Prime Video en juin.<\/p>\n<h2 id=\"whats-coming-to-prime-video-in-june-2025\">Qu&rsquo;est-ce qui arrive \u00e0 Prime Video en juin 2025 <\/h2>\n<h3>Disponible le 12 juin<\/h3>\n<ul>\n<li>\n<p><em>American Thunder: NASCAR \u00e0 Le Mans<\/em><\/p>\n<\/li>\n<li>\n<p><em>Couverture profonde<\/em><\/p>\n<\/li>\n<\/ul>\n<h3>Disponible le 15 juin<\/h3>\n<ul>\n<li>\n<p><em>L&rsquo;\u00e9lu: Derni\u00e8re souper<\/em><\/p>\n<\/li>\n<\/ul>\n<h3>Disponible le 18 juin<\/h3>\n<ul>\n<li>\n<p><em>Nous \u00e9tions des menteurs<\/em><\/p>\n<\/li>\n<\/ul>\n<h3>Disponible le 23 juin<\/h3>\n<ul>\n<li>\n<p><em>Se diriger vers les talons<\/em><\/p>\n<\/li>\n<\/ul>\n<h3>Disponible le 25 juin<\/h3>\n<ul>\n<li>\n<p><em>Compte \u00e0 rebours<\/em><\/p>\n<\/li>\n<\/ul>\n<h3>Disponible le 27 juin<\/h3>\n<ul>\n<li>\n<p><em>\u00c9pouser mon mari<\/em><\/p>\n<\/li>\n<\/ul>\n","protected":false},"excerpt":{"rendered":"<p>Les originaux incluent la com\u00e9die d&rsquo;action \u00ab\u00a0Deep Cover\u00a0\u00bb, avec Orlando Bloom et Bryce Dallas Howard. Amazon n&rsquo;a pas encore publi\u00e9 une liste compl\u00e8te de ce<\/p>\n","protected":false},"author":1,"featured_media":7812,"comment_status":"","ping_status":"","sticky":false,"template":"","format":"standard","meta":{"footnotes":""},"categories":[36],"tags":[2677,437,346,202,33,1204],"class_list":["post-7811","post","type-post","status-publish","format-standard","has-post-thumbnail","hentry","category-divertissement","tag-juin","tag-neuf","tag-prime","tag-quoi","tag-sur","tag-video","generate-columns","tablet-grid-50","mobile-grid-100","grid-parent","grid-33"],"yoast_head":"<!-- This site is optimized with the Yoast SEO plugin v24.0 - https:\/\/yoast.com\/wordpress\/plugins\/seo\/ -->\n<title>Quoi de neuf sur Prime Video en juin 2025 | Vie Associative<\/title>\n<meta name=\"robots\" content=\"index, follow, max-snippet:-1, max-image-preview:large, max-video-preview:-1\" \/>\n<link rel=\"canonical\" href=\"https:\/\/vieassociative.be\/actualites\/quoi-de-neuf-sur-prime-video-en-juin-2025\/\" \/>\n<meta property=\"og:locale\" content=\"fr_FR\" \/>\n<meta property=\"og:type\" content=\"article\" \/>\n<meta property=\"og:title\" content=\"Quoi de neuf sur Prime Video en juin 2025 | Vie Associative\" \/>\n<meta property=\"og:description\" content=\"Les originaux incluent la com\u00e9die d&rsquo;action \u00ab\u00a0Deep Cover\u00a0\u00bb, avec Orlando Bloom et Bryce Dallas Howard. Amazon n&rsquo;a pas encore publi\u00e9 une liste compl\u00e8te de ce\" \/>\n<meta property=\"og:url\" content=\"https:\/\/vieassociative.be\/actualites\/quoi-de-neuf-sur-prime-video-en-juin-2025\/\" \/>\n<meta property=\"og:site_name\" content=\"Vie Associative\" \/>\n<meta property=\"article:published_time\" content=\"2025-05-27T23:18:08+00:00\" \/>\n<meta property=\"og:image\" content=\"https:\/\/vieassociative.be\/actualites\/wp-content\/uploads\/2024\/09\/header_backgroundk-01-e1726694325946.png\" \/>\n\t<meta property=\"og:image:width\" content=\"279\" \/>\n\t<meta property=\"og:image:height\" content=\"92\" \/>\n\t<meta property=\"og:image:type\" content=\"image\/png\" \/>\n<meta name=\"author\" content=\"Julien\" \/>\n<meta name=\"twitter:card\" content=\"summary_large_image\" \/>\n<meta name=\"twitter:label1\" content=\"\u00c9crit par\" \/>\n\t<meta name=\"twitter:data1\" content=\"Julien\" \/>\n\t<meta name=\"twitter:label2\" content=\"Dur\u00e9e de lecture est.\" \/>\n\t<meta name=\"twitter:data2\" content=\"1 minute\" \/>\n<script type=\"application\/ld+json\" class=\"yoast-schema-graph\">{\"@context\":\"https:\/\/schema.org\",\"@graph\":[{\"@type\":\"Article\",\"@id\":\"https:\/\/vieassociative.be\/actualites\/quoi-de-neuf-sur-prime-video-en-juin-2025\/#article\",\"isPartOf\":{\"@id\":\"https:\/\/vieassociative.be\/actualites\/quoi-de-neuf-sur-prime-video-en-juin-2025\/\"},\"author\":{\"name\":\"Julien\",\"@id\":\"https:\/\/vieassociative.be\/actualites\/#\/schema\/person\/b87ac4f82f9d4e7b7cec7395b679edc4\"},\"headline\":\"Quoi de neuf sur Prime Video en juin 2025\",\"datePublished\":\"2025-05-27T23:18:08+00:00\",\"dateModified\":\"2025-05-27T23:18:08+00:00\",\"mainEntityOfPage\":{\"@id\":\"https:\/\/vieassociative.be\/actualites\/quoi-de-neuf-sur-prime-video-en-juin-2025\/\"},\"wordCount\":308,\"publisher\":{\"@id\":\"https:\/\/vieassociative.be\/actualites\/#organization\"},\"image\":{\"@id\":\"https:\/\/vieassociative.be\/actualites\/quoi-de-neuf-sur-prime-video-en-juin-2025\/#primaryimage\"},\"thumbnailUrl\":\"https:\/\/vieassociative.be\/actualites\/wp-content\/uploads\/2025\/05\/Quoi-de-neuf-sur-Prime-Video-en-juin-2025.jpg\",\"keywords\":[\"juin\",\"Neuf\",\"Prime\",\"quoi\",\"sur\",\"vid\u00e9o\"],\"articleSection\":[\"Divertissement\"],\"inLanguage\":\"fr-BE\"},{\"@type\":\"WebPage\",\"@id\":\"https:\/\/vieassociative.be\/actualites\/quoi-de-neuf-sur-prime-video-en-juin-2025\/\",\"url\":\"https:\/\/vieassociative.be\/actualites\/quoi-de-neuf-sur-prime-video-en-juin-2025\/\",\"name\":\"Quoi de neuf sur Prime Video en juin 2025 | Vie Associative\",\"isPartOf\":{\"@id\":\"https:\/\/vieassociative.be\/actualites\/#website\"},\"primaryImageOfPage\":{\"@id\":\"https:\/\/vieassociative.be\/actualites\/quoi-de-neuf-sur-prime-video-en-juin-2025\/#primaryimage\"},\"image\":{\"@id\":\"https:\/\/vieassociative.be\/actualites\/quoi-de-neuf-sur-prime-video-en-juin-2025\/#primaryimage\"},\"thumbnailUrl\":\"https:\/\/vieassociative.be\/actualites\/wp-content\/uploads\/2025\/05\/Quoi-de-neuf-sur-Prime-Video-en-juin-2025.jpg\",\"datePublished\":\"2025-05-27T23:18:08+00:00\",\"dateModified\":\"2025-05-27T23:18:08+00:00\",\"breadcrumb\":{\"@id\":\"https:\/\/vieassociative.be\/actualites\/quoi-de-neuf-sur-prime-video-en-juin-2025\/#breadcrumb\"},\"inLanguage\":\"fr-BE\",\"potentialAction\":[{\"@type\":\"ReadAction\",\"target\":[\"https:\/\/vieassociative.be\/actualites\/quoi-de-neuf-sur-prime-video-en-juin-2025\/\"]}]},{\"@type\":\"ImageObject\",\"inLanguage\":\"fr-BE\",\"@id\":\"https:\/\/vieassociative.be\/actualites\/quoi-de-neuf-sur-prime-video-en-juin-2025\/#primaryimage\",\"url\":\"https:\/\/vieassociative.be\/actualites\/wp-content\/uploads\/2025\/05\/Quoi-de-neuf-sur-Prime-Video-en-juin-2025.jpg\",\"contentUrl\":\"https:\/\/vieassociative.be\/actualites\/wp-content\/uploads\/2025\/05\/Quoi-de-neuf-sur-Prime-Video-en-juin-2025.jpg\",\"width\":1200,\"height\":675,\"caption\":\"Quoi de neuf sur Prime Video en juin 2025\"},{\"@type\":\"BreadcrumbList\",\"@id\":\"https:\/\/vieassociative.be\/actualites\/quoi-de-neuf-sur-prime-video-en-juin-2025\/#breadcrumb\",\"itemListElement\":[{\"@type\":\"ListItem\",\"position\":1,\"name\":\"Accueil\",\"item\":\"https:\/\/vieassociative.be\/actualites\/\"},{\"@type\":\"ListItem\",\"position\":2,\"name\":\"Quoi de neuf sur Prime Video en juin 2025\"}]},{\"@type\":\"WebSite\",\"@id\":\"https:\/\/vieassociative.be\/actualites\/#website\",\"url\":\"https:\/\/vieassociative.be\/actualites\/\",\"name\":\"Vie Associative\",\"description\":\"\",\"publisher\":{\"@id\":\"https:\/\/vieassociative.be\/actualites\/#organization\"},\"potentialAction\":[{\"@type\":\"SearchAction\",\"target\":{\"@type\":\"EntryPoint\",\"urlTemplate\":\"https:\/\/vieassociative.be\/actualites\/?s={search_term_string}\"},\"query-input\":{\"@type\":\"PropertyValueSpecification\",\"valueRequired\":true,\"valueName\":\"search_term_string\"}}],\"inLanguage\":\"fr-BE\"},{\"@type\":\"Organization\",\"@id\":\"https:\/\/vieassociative.be\/actualites\/#organization\",\"name\":\"Vie Associative\",\"url\":\"https:\/\/vieassociative.be\/actualites\/\",\"logo\":{\"@type\":\"ImageObject\",\"inLanguage\":\"fr-BE\",\"@id\":\"https:\/\/vieassociative.be\/actualites\/#\/schema\/logo\/image\/\",\"url\":\"https:\/\/vieassociative.be\/actualites\/wp-content\/uploads\/2024\/09\/cropped-vieassociative_favicon.ico.png\",\"contentUrl\":\"https:\/\/vieassociative.be\/actualites\/wp-content\/uploads\/2024\/09\/cropped-vieassociative_favicon.ico.png\",\"width\":512,\"height\":512,\"caption\":\"Vie Associative\"},\"image\":{\"@id\":\"https:\/\/vieassociative.be\/actualites\/#\/schema\/logo\/image\/\"}},{\"@type\":\"Person\",\"@id\":\"https:\/\/vieassociative.be\/actualites\/#\/schema\/person\/b87ac4f82f9d4e7b7cec7395b679edc4\",\"name\":\"Julien\",\"image\":{\"@type\":\"ImageObject\",\"inLanguage\":\"fr-BE\",\"@id\":\"https:\/\/vieassociative.be\/actualites\/#\/schema\/person\/image\/\",\"url\":\"https:\/\/vieassociative.be\/actualites\/wp-content\/uploads\/2024\/09\/vie-associative-1-150x150.jpg\",\"contentUrl\":\"https:\/\/vieassociative.be\/actualites\/wp-content\/uploads\/2024\/09\/vie-associative-1-150x150.jpg\",\"caption\":\"Julien\"},\"description\":\"Je suis Julien, r\u00e9dacteur pour Vie Associative. Passionn\u00e9 par le monde associatif depuis plus de 10 ans, j'ai \u00e0 c\u0153ur de partager des histoires inspirantes et de mettre en lumi\u00e8re les initiatives locales. Mon objectif est de sensibiliser et d'encourager l'engagement communautaire \u00e0 travers mes articles.\",\"sameAs\":[\"https:\/\/vieassociative.be\/\"]}]}<\/script>\n<!-- \/ Yoast SEO plugin. -->","yoast_head_json":{"title":"Quoi de neuf sur Prime Video en juin 2025 | Vie Associative","robots":{"index":"index","follow":"follow","max-snippet":"max-snippet:-1","max-image-preview":"max-image-preview:large","max-video-preview":"max-video-preview:-1"},"canonical":"https:\/\/vieassociative.be\/actualites\/quoi-de-neuf-sur-prime-video-en-juin-2025\/","og_locale":"fr_FR","og_type":"article","og_title":"Quoi de neuf sur Prime Video en juin 2025 | Vie Associative","og_description":"Les originaux incluent la com\u00e9die d&rsquo;action \u00ab\u00a0Deep Cover\u00a0\u00bb, avec Orlando Bloom et Bryce Dallas Howard. Amazon n&rsquo;a pas encore publi\u00e9 une liste compl\u00e8te de ce","og_url":"https:\/\/vieassociative.be\/actualites\/quoi-de-neuf-sur-prime-video-en-juin-2025\/","og_site_name":"Vie Associative","article_published_time":"2025-05-27T23:18:08+00:00","og_image":[{"width":279,"height":92,"url":"https:\/\/vieassociative.be\/actualites\/wp-content\/uploads\/2024\/09\/header_backgroundk-01-e1726694325946.png","type":"image\/png"}],"author":"Julien","twitter_card":"summary_large_image","twitter_misc":{"\u00c9crit par":"Julien","Dur\u00e9e de lecture est.":"1 minute"},"schema":{"@context":"https:\/\/schema.org","@graph":[{"@type":"Article","@id":"https:\/\/vieassociative.be\/actualites\/quoi-de-neuf-sur-prime-video-en-juin-2025\/#article","isPartOf":{"@id":"https:\/\/vieassociative.be\/actualites\/quoi-de-neuf-sur-prime-video-en-juin-2025\/"},"author":{"name":"Julien","@id":"https:\/\/vieassociative.be\/actualites\/#\/schema\/person\/b87ac4f82f9d4e7b7cec7395b679edc4"},"headline":"Quoi de neuf sur Prime Video en juin 2025","datePublished":"2025-05-27T23:18:08+00:00","dateModified":"2025-05-27T23:18:08+00:00","mainEntityOfPage":{"@id":"https:\/\/vieassociative.be\/actualites\/quoi-de-neuf-sur-prime-video-en-juin-2025\/"},"wordCount":308,"publisher":{"@id":"https:\/\/vieassociative.be\/actualites\/#organization"},"image":{"@id":"https:\/\/vieassociative.be\/actualites\/quoi-de-neuf-sur-prime-video-en-juin-2025\/#primaryimage"},"thumbnailUrl":"https:\/\/vieassociative.be\/actualites\/wp-content\/uploads\/2025\/05\/Quoi-de-neuf-sur-Prime-Video-en-juin-2025.jpg","keywords":["juin","Neuf","Prime","quoi","sur","vid\u00e9o"],"articleSection":["Divertissement"],"inLanguage":"fr-BE"},{"@type":"WebPage","@id":"https:\/\/vieassociative.be\/actualites\/quoi-de-neuf-sur-prime-video-en-juin-2025\/","url":"https:\/\/vieassociative.be\/actualites\/quoi-de-neuf-sur-prime-video-en-juin-2025\/","name":"Quoi de neuf sur Prime Video en juin 2025 | Vie Associative","isPartOf":{"@id":"https:\/\/vieassociative.be\/actualites\/#website"},"primaryImageOfPage":{"@id":"https:\/\/vieassociative.be\/actualites\/quoi-de-neuf-sur-prime-video-en-juin-2025\/#primaryimage"},"image":{"@id":"https:\/\/vieassociative.be\/actualites\/quoi-de-neuf-sur-prime-video-en-juin-2025\/#primaryimage"},"thumbnailUrl":"https:\/\/vieassociative.be\/actualites\/wp-content\/uploads\/2025\/05\/Quoi-de-neuf-sur-Prime-Video-en-juin-2025.jpg","datePublished":"2025-05-27T23:18:08+00:00","dateModified":"2025-05-27T23:18:08+00:00","breadcrumb":{"@id":"https:\/\/vieassociative.be\/actualites\/quoi-de-neuf-sur-prime-video-en-juin-2025\/#breadcrumb"},"inLanguage":"fr-BE","potentialAction":[{"@type":"ReadAction","target":["https:\/\/vieassociative.be\/actualites\/quoi-de-neuf-sur-prime-video-en-juin-2025\/"]}]},{"@type":"ImageObject","inLanguage":"fr-BE","@id":"https:\/\/vieassociative.be\/actualites\/quoi-de-neuf-sur-prime-video-en-juin-2025\/#primaryimage","url":"https:\/\/vieassociative.be\/actualites\/wp-content\/uploads\/2025\/05\/Quoi-de-neuf-sur-Prime-Video-en-juin-2025.jpg","contentUrl":"https:\/\/vieassociative.be\/actualites\/wp-content\/uploads\/2025\/05\/Quoi-de-neuf-sur-Prime-Video-en-juin-2025.jpg","width":1200,"height":675,"caption":"Quoi de neuf sur Prime Video en juin 2025"},{"@type":"BreadcrumbList","@id":"https:\/\/vieassociative.be\/actualites\/quoi-de-neuf-sur-prime-video-en-juin-2025\/#breadcrumb","itemListElement":[{"@type":"ListItem","position":1,"name":"Accueil","item":"https:\/\/vieassociative.be\/actualites\/"},{"@type":"ListItem","position":2,"name":"Quoi de neuf sur Prime Video en juin 2025"}]},{"@type":"WebSite","@id":"https:\/\/vieassociative.be\/actualites\/#website","url":"https:\/\/vieassociative.be\/actualites\/","name":"Vie Associative","description":"","publisher":{"@id":"https:\/\/vieassociative.be\/actualites\/#organization"},"potentialAction":[{"@type":"SearchAction","target":{"@type":"EntryPoint","urlTemplate":"https:\/\/vieassociative.be\/actualites\/?s={search_term_string}"},"query-input":{"@type":"PropertyValueSpecification","valueRequired":true,"valueName":"search_term_string"}}],"inLanguage":"fr-BE"},{"@type":"Organization","@id":"https:\/\/vieassociative.be\/actualites\/#organization","name":"Vie Associative","url":"https:\/\/vieassociative.be\/actualites\/","logo":{"@type":"ImageObject","inLanguage":"fr-BE","@id":"https:\/\/vieassociative.be\/actualites\/#\/schema\/logo\/image\/","url":"https:\/\/vieassociative.be\/actualites\/wp-content\/uploads\/2024\/09\/cropped-vieassociative_favicon.ico.png","contentUrl":"https:\/\/vieassociative.be\/actualites\/wp-content\/uploads\/2024\/09\/cropped-vieassociative_favicon.ico.png","width":512,"height":512,"caption":"Vie Associative"},"image":{"@id":"https:\/\/vieassociative.be\/actualites\/#\/schema\/logo\/image\/"}},{"@type":"Person","@id":"https:\/\/vieassociative.be\/actualites\/#\/schema\/person\/b87ac4f82f9d4e7b7cec7395b679edc4","name":"Julien","image":{"@type":"ImageObject","inLanguage":"fr-BE","@id":"https:\/\/vieassociative.be\/actualites\/#\/schema\/person\/image\/","url":"https:\/\/vieassociative.be\/actualites\/wp-content\/uploads\/2024\/09\/vie-associative-1-150x150.jpg","contentUrl":"https:\/\/vieassociative.be\/actualites\/wp-content\/uploads\/2024\/09\/vie-associative-1-150x150.jpg","caption":"Julien"},"description":"Je suis Julien, r\u00e9dacteur pour Vie Associative. Passionn\u00e9 par le monde associatif depuis plus de 10 ans, j'ai \u00e0 c\u0153ur de partager des histoires inspirantes et de mettre en lumi\u00e8re les initiatives locales. Mon objectif est de sensibiliser et d'encourager l'engagement communautaire \u00e0 travers mes articles.","sameAs":["https:\/\/vieassociative.be\/"]}]}},"_links":{"self":[{"href":"https:\/\/vieassociative.be\/actualites\/wp-json\/wp\/v2\/posts\/7811"}],"collection":[{"href":"https:\/\/vieassociative.be\/actualites\/wp-json\/wp\/v2\/posts"}],"about":[{"href":"https:\/\/vieassociative.be\/actualites\/wp-json\/wp\/v2\/types\/post"}],"author":[{"embeddable":true,"href":"https:\/\/vieassociative.be\/actualites\/wp-json\/wp\/v2\/users\/1"}],"replies":[{"embeddable":true,"href":"https:\/\/vieassociative.be\/actualites\/wp-json\/wp\/v2\/comments?post=7811"}],"version-history":[{"count":0,"href":"https:\/\/vieassociative.be\/actualites\/wp-json\/wp\/v2\/posts\/7811\/revisions"}],"wp:featuredmedia":[{"embeddable":true,"href":"https:\/\/vieassociative.be\/actualites\/wp-json\/wp\/v2\/media\/7812"}],"wp:attachment":[{"href":"https:\/\/vieassociative.be\/actualites\/wp-json\/wp\/v2\/media?parent=7811"}],"wp:term":[{"taxonomy":"category","embeddable":true,"href":"https:\/\/vieassociative.be\/actualites\/wp-json\/wp\/v2\/categories?post=7811"},{"taxonomy":"post_tag","embeddable":true,"href":"https:\/\/vieassociative.be\/actualites\/wp-json\/wp\/v2\/tags?post=7811"}],"curies":[{"name":"wp","href":"https:\/\/api.w.org\/{rel}","templated":true}]}}