{"id":7808,"date":"2025-05-27T23:17:08","date_gmt":"2025-05-27T21:17:08","guid":{"rendered":"https:\/\/vieassociative.be\/actualites\/les-paves-disparaissent-des-bruges-touristes-soupconnes\/"},"modified":"2025-05-27T23:17:09","modified_gmt":"2025-05-27T21:17:09","slug":"les-paves-disparaissent-des-bruges-touristes-soupconnes","status":"publish","type":"post","link":"https:\/\/vieassociative.be\/actualites\/les-paves-disparaissent-des-bruges-touristes-soupconnes\/","title":{"rendered":"Les pav\u00e9s disparaissent des bruges &#8211; touristes soup\u00e7onn\u00e9s"},"content":{"rendered":"<p><\/p>\n<p class=\"font-sans font-medium\">  Dans la ville belge de Bruges, les vacanciers ont commenc\u00e9 \u00e0 prendre des souvenirs bizarres avec eux. Quelles cons\u00e9quences cela a pour la ville historique.<\/p>\n<aside class=\"h-ad-280+text lg:h-0 mb-12 md:mb-16\" data-slot-id=\"pos1_sm\" data-breakpoint=\"sm\" data-hide-ad-text=\"false\" data-module-id=\"SparkAdSlotModule\"><\/aside>\n<p>Moules, aimants, tours de parapluie miniature: il y a beaucoup de souvenirs de vacances mais quiconque <strong>Bruges <\/strong>Sur le chemin, un souvenir compl\u00e8tement diff\u00e9rent semble souvent appr\u00e9cier. Une tendance bizarre peut \u00eatre observ\u00e9e dans la ville belge: les pav\u00e9s de la vieille ville historique disparaissent en rang\u00e9es &#8211; vraisemblablement en souvenir dans les bagages de touristes.<\/p>\n<p>Ce qui semble bizarre devient de plus en plus un probl\u00e8me pour Bruges. Selon l&rsquo;administration de la ville, entre 50 et 70 <strong>Pierres<\/strong>. Des endroits populaires tels que le lac Minnewater, le Vismarkt et le Gruuthusemuseum &#8211; exact, les endroits o\u00f9 de nombreux vacanciers gambadent tous les jours.<\/p>\n<div id=\"piano-banner-kampagne\" data-module-id=\"PianoElementModule, PianoRecoWidgetModule\" class=\"mb-4 block\"><\/div>\n<div id=\"piano-reco-widget\" data-module-id=\"PianoElementModule, PianoRecoWidgetModule\" class=\"mb-4 block\"><\/div>\n<p><!-- opinary --><\/p>\n<div class=\"w-full bg-stable-white\">\n<div id=\"opinary-automation-placeholder\" class=\"w-full\"><\/div>\n<\/p><\/div>\n<h3>Bruges: Les pierres manquantes risquent pour les vacanciers<\/h3>\n<p>Les pav\u00e9s affect\u00e9s ne sont pas seulement la surface de la rue. Ce sont des \u00e9l\u00e9ments historiques du <strong>Site du patrimoine mondial de l&rsquo;UNESCO<\/strong> Compter la vieille ville &#8211; un patrimoine culturel qui est endommag\u00e9 par le vol croissant. \u00ab\u00a0Nous demandons simplement du respect\u00a0\u00bb, a d\u00e9clar\u00e9 Franky Demon, conseiller municipal de Bruges, \u00e0 l&rsquo;agence de presse Belga. \u00ab\u00a0Nous vous invitons tous \u00e0 profiter de Bruges, mais \u00e0 quitter sa beaut\u00e9 telle qu&rsquo;elle est &#8211; pour que les autres puissent \u00e9galement en faire l&rsquo;exp\u00e9rience.\u00a0\u00bb<\/p>\n<p>Mais les pierres vol\u00e9es ne sont pas seulement une culture culturelle, mais aussi un probl\u00e8me pratique. Il y a des lacunes dans le sol &#8211; en partie au milieu de zones fortement visit\u00e9es. La ville met donc en garde contre dangereux <strong>Tr\u00e9buchant<\/strong>Cela d\u00e9coule des vols et peut devenir un r\u00e9el danger pour les pi\u00e9tons.<\/p>\n<aside class=\"h-ad-600+text lg:h-0 mb-12 md:mb-16\" data-slot-id=\"pos2_sm\" data-breakpoint=\"sm\" data-hide-ad-text=\"false\" data-module-id=\"SparkAdSlotModule\"><\/aside>\n<p>En plus de l&rsquo;aspect de s\u00e9curit\u00e9, le manque de pav\u00e9s augmente \u00e9galement les co\u00fbts de maintenance. La ville parle d&rsquo;environ 200 euros pour chaque m\u00e8tre carr\u00e9 qui doit \u00eatre renouvel\u00e9. Les employ\u00e9s sont r\u00e9guli\u00e8rement d\u00e9ploy\u00e9s pour r\u00e9soudre les d\u00e9g\u00e2ts et sauver la sc\u00e8ne de la rue historique &#8211; un effort qui a beaucoup de temps et <strong>Argent <\/strong>frais.<\/p>\n<h3>M\u00e9moire co\u00fbteuse: l&rsquo;Italie s&rsquo;appuie sur les amendes<\/h3>\n<p>Cependant, Bruges n&rsquo;est pas la premi\u00e8re ville \u00e0 lutter avec des descendants de souvenirs inhabituels de ses visiteurs. Il y a aussi des pierres, des moules ou dans d&rsquo;autres r\u00e9gions de vacances &#8211; comme en Italie &#8211; <strong>sable <\/strong>Strictement interdit comme souvenir. Quiconque remplit le sable dans une bouteille sur la plage de la Sardaigne risque des amendes juteuses.<\/p>\n<p>Pendant ce temps, la ville de Bruges est bas\u00e9e sur les \u00e9claircissements &#8211; et le sens des responsabilit\u00e9s des voyageurs. \u00ab\u00a0Quiconque passe par Bruges passe \u00e0 travers des si\u00e8cles d&rsquo;histoire\u00a0\u00bb, a d\u00e9clar\u00e9 Demon. C&rsquo;est important pour cet h\u00e9ritage <strong>respect <\/strong>Traiter &#8211; et id\u00e9alement pour acheter les souvenirs o\u00f9 ils appartiennent \u00e9galement: dans la boutique.<\/p>\n","protected":false},"excerpt":{"rendered":"<p>Dans la ville belge de Bruges, les vacanciers ont commenc\u00e9 \u00e0 prendre des souvenirs bizarres avec eux. Quelles cons\u00e9quences cela a pour la ville historique.<\/p>\n","protected":false},"author":1,"featured_media":7809,"comment_status":"closed","ping_status":"","sticky":false,"template":"","format":"standard","meta":{"footnotes":""},"categories":[298],"tags":[2851,29,7184,14,7183,7186,7185],"class_list":["post-7808","post","type-post","status-publish","format-standard","has-post-thumbnail","hentry","category-belgique","tag-bruges","tag-des","tag-disparaissent","tag-les","tag-paves","tag-soupconnes","tag-touristes","generate-columns","tablet-grid-50","mobile-grid-100","grid-parent","grid-33"],"yoast_head":"<!-- This site is optimized with the Yoast SEO plugin v24.0 - https:\/\/yoast.com\/wordpress\/plugins\/seo\/ -->\n<title>Les pav\u00e9s disparaissent des bruges - touristes soup\u00e7onn\u00e9s | Vie Associative<\/title>\n<meta name=\"robots\" content=\"index, follow, max-snippet:-1, max-image-preview:large, max-video-preview:-1\" \/>\n<link rel=\"canonical\" href=\"https:\/\/vieassociative.be\/actualites\/les-paves-disparaissent-des-bruges-touristes-soupconnes\/\" \/>\n<meta property=\"og:locale\" content=\"fr_FR\" \/>\n<meta property=\"og:type\" content=\"article\" \/>\n<meta property=\"og:title\" content=\"Les pav\u00e9s disparaissent des bruges - touristes soup\u00e7onn\u00e9s | Vie Associative\" \/>\n<meta property=\"og:description\" content=\"Dans la ville belge de Bruges, les vacanciers ont commenc\u00e9 \u00e0 prendre des souvenirs bizarres avec eux. Quelles cons\u00e9quences cela a pour la ville historique.\" \/>\n<meta property=\"og:url\" content=\"https:\/\/vieassociative.be\/actualites\/les-paves-disparaissent-des-bruges-touristes-soupconnes\/\" \/>\n<meta property=\"og:site_name\" content=\"Vie Associative\" \/>\n<meta property=\"article:published_time\" content=\"2025-05-27T21:17:08+00:00\" \/>\n<meta property=\"article:modified_time\" content=\"2025-05-27T21:17:09+00:00\" \/>\n<meta property=\"og:image\" content=\"https:\/\/vieassociative.be\/actualites\/wp-content\/uploads\/2025\/05\/1748380628_Les-paves-disparaissent-des-bruges-touristes-soupconnes.jpeg\" \/>\n\t<meta property=\"og:image:width\" content=\"1600\" \/>\n\t<meta property=\"og:image:height\" content=\"900\" \/>\n\t<meta property=\"og:image:type\" content=\"image\/jpeg\" \/>\n<meta name=\"author\" content=\"Julien\" \/>\n<meta name=\"twitter:card\" content=\"summary_large_image\" \/>\n<meta name=\"twitter:label1\" content=\"\u00c9crit par\" \/>\n\t<meta name=\"twitter:data1\" content=\"Julien\" \/>\n\t<meta name=\"twitter:label2\" content=\"Dur\u00e9e de lecture est.\" \/>\n\t<meta name=\"twitter:data2\" content=\"2 minutes\" \/>\n<script type=\"application\/ld+json\" class=\"yoast-schema-graph\">{\"@context\":\"https:\/\/schema.org\",\"@graph\":[{\"@type\":\"Article\",\"@id\":\"https:\/\/vieassociative.be\/actualites\/les-paves-disparaissent-des-bruges-touristes-soupconnes\/#article\",\"isPartOf\":{\"@id\":\"https:\/\/vieassociative.be\/actualites\/les-paves-disparaissent-des-bruges-touristes-soupconnes\/\"},\"author\":{\"name\":\"Julien\",\"@id\":\"https:\/\/vieassociative.be\/actualites\/#\/schema\/person\/b87ac4f82f9d4e7b7cec7395b679edc4\"},\"headline\":\"Les pav\u00e9s disparaissent des bruges &#8211; touristes soup\u00e7onn\u00e9s\",\"datePublished\":\"2025-05-27T21:17:08+00:00\",\"dateModified\":\"2025-05-27T21:17:09+00:00\",\"mainEntityOfPage\":{\"@id\":\"https:\/\/vieassociative.be\/actualites\/les-paves-disparaissent-des-bruges-touristes-soupconnes\/\"},\"wordCount\":510,\"publisher\":{\"@id\":\"https:\/\/vieassociative.be\/actualites\/#organization\"},\"image\":{\"@id\":\"https:\/\/vieassociative.be\/actualites\/les-paves-disparaissent-des-bruges-touristes-soupconnes\/#primaryimage\"},\"thumbnailUrl\":\"https:\/\/vieassociative.be\/actualites\/wp-content\/uploads\/2025\/05\/1748380628_Les-paves-disparaissent-des-bruges-touristes-soupconnes.jpeg\",\"keywords\":[\"Bruges\",\"Des\",\"disparaissent\",\"Les\",\"pav\u00e9s\",\"soup\u00e7onn\u00e9s\",\"touristes\"],\"articleSection\":[\"Belgique\"],\"inLanguage\":\"fr-BE\"},{\"@type\":\"WebPage\",\"@id\":\"https:\/\/vieassociative.be\/actualites\/les-paves-disparaissent-des-bruges-touristes-soupconnes\/\",\"url\":\"https:\/\/vieassociative.be\/actualites\/les-paves-disparaissent-des-bruges-touristes-soupconnes\/\",\"name\":\"Les pav\u00e9s disparaissent des bruges - touristes soup\u00e7onn\u00e9s | Vie Associative\",\"isPartOf\":{\"@id\":\"https:\/\/vieassociative.be\/actualites\/#website\"},\"primaryImageOfPage\":{\"@id\":\"https:\/\/vieassociative.be\/actualites\/les-paves-disparaissent-des-bruges-touristes-soupconnes\/#primaryimage\"},\"image\":{\"@id\":\"https:\/\/vieassociative.be\/actualites\/les-paves-disparaissent-des-bruges-touristes-soupconnes\/#primaryimage\"},\"thumbnailUrl\":\"https:\/\/vieassociative.be\/actualites\/wp-content\/uploads\/2025\/05\/1748380628_Les-paves-disparaissent-des-bruges-touristes-soupconnes.jpeg\",\"datePublished\":\"2025-05-27T21:17:08+00:00\",\"dateModified\":\"2025-05-27T21:17:09+00:00\",\"breadcrumb\":{\"@id\":\"https:\/\/vieassociative.be\/actualites\/les-paves-disparaissent-des-bruges-touristes-soupconnes\/#breadcrumb\"},\"inLanguage\":\"fr-BE\",\"potentialAction\":[{\"@type\":\"ReadAction\",\"target\":[\"https:\/\/vieassociative.be\/actualites\/les-paves-disparaissent-des-bruges-touristes-soupconnes\/\"]}]},{\"@type\":\"ImageObject\",\"inLanguage\":\"fr-BE\",\"@id\":\"https:\/\/vieassociative.be\/actualites\/les-paves-disparaissent-des-bruges-touristes-soupconnes\/#primaryimage\",\"url\":\"https:\/\/vieassociative.be\/actualites\/wp-content\/uploads\/2025\/05\/1748380628_Les-paves-disparaissent-des-bruges-touristes-soupconnes.jpeg\",\"contentUrl\":\"https:\/\/vieassociative.be\/actualites\/wp-content\/uploads\/2025\/05\/1748380628_Les-paves-disparaissent-des-bruges-touristes-soupconnes.jpeg\",\"width\":1600,\"height\":900,\"caption\":\"Les pav\u00e9s disparaissent des bruges - touristes soup\u00e7onn\u00e9s\"},{\"@type\":\"BreadcrumbList\",\"@id\":\"https:\/\/vieassociative.be\/actualites\/les-paves-disparaissent-des-bruges-touristes-soupconnes\/#breadcrumb\",\"itemListElement\":[{\"@type\":\"ListItem\",\"position\":1,\"name\":\"Accueil\",\"item\":\"https:\/\/vieassociative.be\/actualites\/\"},{\"@type\":\"ListItem\",\"position\":2,\"name\":\"Les pav\u00e9s disparaissent des bruges &#8211; touristes soup\u00e7onn\u00e9s\"}]},{\"@type\":\"WebSite\",\"@id\":\"https:\/\/vieassociative.be\/actualites\/#website\",\"url\":\"https:\/\/vieassociative.be\/actualites\/\",\"name\":\"Vie Associative\",\"description\":\"\",\"publisher\":{\"@id\":\"https:\/\/vieassociative.be\/actualites\/#organization\"},\"potentialAction\":[{\"@type\":\"SearchAction\",\"target\":{\"@type\":\"EntryPoint\",\"urlTemplate\":\"https:\/\/vieassociative.be\/actualites\/?s={search_term_string}\"},\"query-input\":{\"@type\":\"PropertyValueSpecification\",\"valueRequired\":true,\"valueName\":\"search_term_string\"}}],\"inLanguage\":\"fr-BE\"},{\"@type\":\"Organization\",\"@id\":\"https:\/\/vieassociative.be\/actualites\/#organization\",\"name\":\"Vie Associative\",\"url\":\"https:\/\/vieassociative.be\/actualites\/\",\"logo\":{\"@type\":\"ImageObject\",\"inLanguage\":\"fr-BE\",\"@id\":\"https:\/\/vieassociative.be\/actualites\/#\/schema\/logo\/image\/\",\"url\":\"https:\/\/vieassociative.be\/actualites\/wp-content\/uploads\/2024\/09\/cropped-vieassociative_favicon.ico.png\",\"contentUrl\":\"https:\/\/vieassociative.be\/actualites\/wp-content\/uploads\/2024\/09\/cropped-vieassociative_favicon.ico.png\",\"width\":512,\"height\":512,\"caption\":\"Vie Associative\"},\"image\":{\"@id\":\"https:\/\/vieassociative.be\/actualites\/#\/schema\/logo\/image\/\"}},{\"@type\":\"Person\",\"@id\":\"https:\/\/vieassociative.be\/actualites\/#\/schema\/person\/b87ac4f82f9d4e7b7cec7395b679edc4\",\"name\":\"Julien\",\"image\":{\"@type\":\"ImageObject\",\"inLanguage\":\"fr-BE\",\"@id\":\"https:\/\/vieassociative.be\/actualites\/#\/schema\/person\/image\/\",\"url\":\"https:\/\/vieassociative.be\/actualites\/wp-content\/uploads\/2024\/09\/vie-associative-1-150x150.jpg\",\"contentUrl\":\"https:\/\/vieassociative.be\/actualites\/wp-content\/uploads\/2024\/09\/vie-associative-1-150x150.jpg\",\"caption\":\"Julien\"},\"description\":\"Je suis Julien, r\u00e9dacteur pour Vie Associative. Passionn\u00e9 par le monde associatif depuis plus de 10 ans, j'ai \u00e0 c\u0153ur de partager des histoires inspirantes et de mettre en lumi\u00e8re les initiatives locales. Mon objectif est de sensibiliser et d'encourager l'engagement communautaire \u00e0 travers mes articles.\",\"sameAs\":[\"https:\/\/vieassociative.be\/\"]}]}<\/script>\n<!-- \/ Yoast SEO plugin. -->","yoast_head_json":{"title":"Les pav\u00e9s disparaissent des bruges - touristes soup\u00e7onn\u00e9s | Vie Associative","robots":{"index":"index","follow":"follow","max-snippet":"max-snippet:-1","max-image-preview":"max-image-preview:large","max-video-preview":"max-video-preview:-1"},"canonical":"https:\/\/vieassociative.be\/actualites\/les-paves-disparaissent-des-bruges-touristes-soupconnes\/","og_locale":"fr_FR","og_type":"article","og_title":"Les pav\u00e9s disparaissent des bruges - touristes soup\u00e7onn\u00e9s | Vie Associative","og_description":"Dans la ville belge de Bruges, les vacanciers ont commenc\u00e9 \u00e0 prendre des souvenirs bizarres avec eux. Quelles cons\u00e9quences cela a pour la ville historique.","og_url":"https:\/\/vieassociative.be\/actualites\/les-paves-disparaissent-des-bruges-touristes-soupconnes\/","og_site_name":"Vie Associative","article_published_time":"2025-05-27T21:17:08+00:00","article_modified_time":"2025-05-27T21:17:09+00:00","og_image":[{"width":1600,"height":900,"url":"https:\/\/vieassociative.be\/actualites\/wp-content\/uploads\/2025\/05\/1748380628_Les-paves-disparaissent-des-bruges-touristes-soupconnes.jpeg","type":"image\/jpeg"}],"author":"Julien","twitter_card":"summary_large_image","twitter_misc":{"\u00c9crit par":"Julien","Dur\u00e9e de lecture est.":"2 minutes"},"schema":{"@context":"https:\/\/schema.org","@graph":[{"@type":"Article","@id":"https:\/\/vieassociative.be\/actualites\/les-paves-disparaissent-des-bruges-touristes-soupconnes\/#article","isPartOf":{"@id":"https:\/\/vieassociative.be\/actualites\/les-paves-disparaissent-des-bruges-touristes-soupconnes\/"},"author":{"name":"Julien","@id":"https:\/\/vieassociative.be\/actualites\/#\/schema\/person\/b87ac4f82f9d4e7b7cec7395b679edc4"},"headline":"Les pav\u00e9s disparaissent des bruges &#8211; touristes soup\u00e7onn\u00e9s","datePublished":"2025-05-27T21:17:08+00:00","dateModified":"2025-05-27T21:17:09+00:00","mainEntityOfPage":{"@id":"https:\/\/vieassociative.be\/actualites\/les-paves-disparaissent-des-bruges-touristes-soupconnes\/"},"wordCount":510,"publisher":{"@id":"https:\/\/vieassociative.be\/actualites\/#organization"},"image":{"@id":"https:\/\/vieassociative.be\/actualites\/les-paves-disparaissent-des-bruges-touristes-soupconnes\/#primaryimage"},"thumbnailUrl":"https:\/\/vieassociative.be\/actualites\/wp-content\/uploads\/2025\/05\/1748380628_Les-paves-disparaissent-des-bruges-touristes-soupconnes.jpeg","keywords":["Bruges","Des","disparaissent","Les","pav\u00e9s","soup\u00e7onn\u00e9s","touristes"],"articleSection":["Belgique"],"inLanguage":"fr-BE"},{"@type":"WebPage","@id":"https:\/\/vieassociative.be\/actualites\/les-paves-disparaissent-des-bruges-touristes-soupconnes\/","url":"https:\/\/vieassociative.be\/actualites\/les-paves-disparaissent-des-bruges-touristes-soupconnes\/","name":"Les pav\u00e9s disparaissent des bruges - touristes soup\u00e7onn\u00e9s | Vie Associative","isPartOf":{"@id":"https:\/\/vieassociative.be\/actualites\/#website"},"primaryImageOfPage":{"@id":"https:\/\/vieassociative.be\/actualites\/les-paves-disparaissent-des-bruges-touristes-soupconnes\/#primaryimage"},"image":{"@id":"https:\/\/vieassociative.be\/actualites\/les-paves-disparaissent-des-bruges-touristes-soupconnes\/#primaryimage"},"thumbnailUrl":"https:\/\/vieassociative.be\/actualites\/wp-content\/uploads\/2025\/05\/1748380628_Les-paves-disparaissent-des-bruges-touristes-soupconnes.jpeg","datePublished":"2025-05-27T21:17:08+00:00","dateModified":"2025-05-27T21:17:09+00:00","breadcrumb":{"@id":"https:\/\/vieassociative.be\/actualites\/les-paves-disparaissent-des-bruges-touristes-soupconnes\/#breadcrumb"},"inLanguage":"fr-BE","potentialAction":[{"@type":"ReadAction","target":["https:\/\/vieassociative.be\/actualites\/les-paves-disparaissent-des-bruges-touristes-soupconnes\/"]}]},{"@type":"ImageObject","inLanguage":"fr-BE","@id":"https:\/\/vieassociative.be\/actualites\/les-paves-disparaissent-des-bruges-touristes-soupconnes\/#primaryimage","url":"https:\/\/vieassociative.be\/actualites\/wp-content\/uploads\/2025\/05\/1748380628_Les-paves-disparaissent-des-bruges-touristes-soupconnes.jpeg","contentUrl":"https:\/\/vieassociative.be\/actualites\/wp-content\/uploads\/2025\/05\/1748380628_Les-paves-disparaissent-des-bruges-touristes-soupconnes.jpeg","width":1600,"height":900,"caption":"Les pav\u00e9s disparaissent des bruges - touristes soup\u00e7onn\u00e9s"},{"@type":"BreadcrumbList","@id":"https:\/\/vieassociative.be\/actualites\/les-paves-disparaissent-des-bruges-touristes-soupconnes\/#breadcrumb","itemListElement":[{"@type":"ListItem","position":1,"name":"Accueil","item":"https:\/\/vieassociative.be\/actualites\/"},{"@type":"ListItem","position":2,"name":"Les pav\u00e9s disparaissent des bruges &#8211; touristes soup\u00e7onn\u00e9s"}]},{"@type":"WebSite","@id":"https:\/\/vieassociative.be\/actualites\/#website","url":"https:\/\/vieassociative.be\/actualites\/","name":"Vie Associative","description":"","publisher":{"@id":"https:\/\/vieassociative.be\/actualites\/#organization"},"potentialAction":[{"@type":"SearchAction","target":{"@type":"EntryPoint","urlTemplate":"https:\/\/vieassociative.be\/actualites\/?s={search_term_string}"},"query-input":{"@type":"PropertyValueSpecification","valueRequired":true,"valueName":"search_term_string"}}],"inLanguage":"fr-BE"},{"@type":"Organization","@id":"https:\/\/vieassociative.be\/actualites\/#organization","name":"Vie Associative","url":"https:\/\/vieassociative.be\/actualites\/","logo":{"@type":"ImageObject","inLanguage":"fr-BE","@id":"https:\/\/vieassociative.be\/actualites\/#\/schema\/logo\/image\/","url":"https:\/\/vieassociative.be\/actualites\/wp-content\/uploads\/2024\/09\/cropped-vieassociative_favicon.ico.png","contentUrl":"https:\/\/vieassociative.be\/actualites\/wp-content\/uploads\/2024\/09\/cropped-vieassociative_favicon.ico.png","width":512,"height":512,"caption":"Vie Associative"},"image":{"@id":"https:\/\/vieassociative.be\/actualites\/#\/schema\/logo\/image\/"}},{"@type":"Person","@id":"https:\/\/vieassociative.be\/actualites\/#\/schema\/person\/b87ac4f82f9d4e7b7cec7395b679edc4","name":"Julien","image":{"@type":"ImageObject","inLanguage":"fr-BE","@id":"https:\/\/vieassociative.be\/actualites\/#\/schema\/person\/image\/","url":"https:\/\/vieassociative.be\/actualites\/wp-content\/uploads\/2024\/09\/vie-associative-1-150x150.jpg","contentUrl":"https:\/\/vieassociative.be\/actualites\/wp-content\/uploads\/2024\/09\/vie-associative-1-150x150.jpg","caption":"Julien"},"description":"Je suis Julien, r\u00e9dacteur pour Vie Associative. Passionn\u00e9 par le monde associatif depuis plus de 10 ans, j'ai \u00e0 c\u0153ur de partager des histoires inspirantes et de mettre en lumi\u00e8re les initiatives locales. Mon objectif est de sensibiliser et d'encourager l'engagement communautaire \u00e0 travers mes articles.","sameAs":["https:\/\/vieassociative.be\/"]}]}},"_links":{"self":[{"href":"https:\/\/vieassociative.be\/actualites\/wp-json\/wp\/v2\/posts\/7808"}],"collection":[{"href":"https:\/\/vieassociative.be\/actualites\/wp-json\/wp\/v2\/posts"}],"about":[{"href":"https:\/\/vieassociative.be\/actualites\/wp-json\/wp\/v2\/types\/post"}],"author":[{"embeddable":true,"href":"https:\/\/vieassociative.be\/actualites\/wp-json\/wp\/v2\/users\/1"}],"replies":[{"embeddable":true,"href":"https:\/\/vieassociative.be\/actualites\/wp-json\/wp\/v2\/comments?post=7808"}],"version-history":[{"count":1,"href":"https:\/\/vieassociative.be\/actualites\/wp-json\/wp\/v2\/posts\/7808\/revisions"}],"predecessor-version":[{"id":7810,"href":"https:\/\/vieassociative.be\/actualites\/wp-json\/wp\/v2\/posts\/7808\/revisions\/7810"}],"wp:featuredmedia":[{"embeddable":true,"href":"https:\/\/vieassociative.be\/actualites\/wp-json\/wp\/v2\/media\/7809"}],"wp:attachment":[{"href":"https:\/\/vieassociative.be\/actualites\/wp-json\/wp\/v2\/media?parent=7808"}],"wp:term":[{"taxonomy":"category","embeddable":true,"href":"https:\/\/vieassociative.be\/actualites\/wp-json\/wp\/v2\/categories?post=7808"},{"taxonomy":"post_tag","embeddable":true,"href":"https:\/\/vieassociative.be\/actualites\/wp-json\/wp\/v2\/tags?post=7808"}],"curies":[{"name":"wp","href":"https:\/\/api.w.org\/{rel}","templated":true}]}}