{"id":7806,"date":"2025-05-27T22:17:13","date_gmt":"2025-05-27T20:17:13","guid":{"rendered":"https:\/\/vieassociative.be\/actualites\/bientot-seulement-un-maximum-de-deux-ans-de-prestations-de-chomage-fardeau-financier-pour-les-oshz-les-municipalites-et-la-dg\/"},"modified":"2025-05-27T22:17:13","modified_gmt":"2025-05-27T20:17:13","slug":"bientot-seulement-un-maximum-de-deux-ans-de-prestations-de-chomage-fardeau-financier-pour-les-oshz-les-municipalites-et-la-dg","status":"publish","type":"post","link":"https:\/\/vieassociative.be\/actualites\/bientot-seulement-un-maximum-de-deux-ans-de-prestations-de-chomage-fardeau-financier-pour-les-oshz-les-municipalites-et-la-dg\/","title":{"rendered":"Bient\u00f4t, seulement un maximum de deux ans de prestations de ch\u00f4mage: \u00ab\u00a0Fardeau financier pour les \u00d6shz, les municipalit\u00e9s et la DG\u00a0\u00bb"},"content":{"rendered":"<p><strong>Le gouvernement de la DG se pr\u00e9pare avec les \u00d6shz pour la r\u00e9forme (controvers\u00e9e) des allocations de ch\u00f4mage, comme le pr\u00e9voit la coalition \u00ab\u00a0Arizona\u00a0\u00bb. La nouvelle l\u00e9gislation ne reste pas sans cons\u00e9quences pour la DG et les municipalit\u00e9s. En outre, une conf\u00e9rence interminist\u00e9rielle du ministre des Plaies a eu lieu \u00e0 Bruxelles d\u00e9but mai. L&rsquo;innovation la plus importante est la limite de temps de ch\u00f4mage \u00e0 deux ans \u00e0 partir de janvier 2026.<\/strong><\/p>\n<p><span id=\"more-416508\"><\/span>\u00ab\u00a0La r\u00e9forme apportera des charges financi\u00e8res suppl\u00e9mentaires pour les municipalit\u00e9s, \u00d6shz et la DG\u00a0\u00bb, souligne J\u00e9r\u00f4me Franssen (CSP), ministre de l&#8217;emploi de la DG. Franssen et le ministre des Affaires sociales Lydia Klinkenberg (ProDG) ont r\u00e9cemment rencontr\u00e9 des repr\u00e9sentants de l&rsquo;\u00d6shz. Des questions sp\u00e9cifiques sur la mise en \u0153uvre pratique de la r\u00e9forme ont \u00e9t\u00e9 discut\u00e9es.<\/p>\n<p>\u00ab\u00a0Il est important pour les personnes dans des situations de vie pr\u00e9caires qu&rsquo;elles peuvent compter sur la stabilit\u00e9 et l&rsquo;orientation. La r\u00e9forme de la prestation de ch\u00f4mage au niveau f\u00e9d\u00e9ral cr\u00e9e de nombreuses incertitudes. Le plus important est un \u00e9change \u00e9troit avec les centres de protection sociale\u00a0\u00bb, souligne Klinkenberg.<\/p>\n<div id=\"attachment_12798\" class=\"wp-caption alignleft\" style=\"max-width: 300px\"><img fetchpriority=\"high\" decoding=\"async\" class=\"wp-image-12798 size-medium\" src=\"https:\/\/vieassociative.be\/actualites\/wp-content\/uploads\/2025\/05\/Bientot-seulement-un-maximum-de-deux-ans-de-prestations-de.jpg\" alt=\"\" width=\"300\" height=\"200\"  ><\/p>\n<p class=\"wp-caption-text\">Une jeune femme cr\u00e9ant un dossier d&rsquo;application. Photo: Shutterstock<\/p>\n<\/div>\n<p>Le ministre du Travail Franssen a soulign\u00e9 la n\u00e9cessit\u00e9 d&rsquo;un flux d&rsquo;informations efficace et bas\u00e9 sur les donn\u00e9es entre les parties impliqu\u00e9es. C&rsquo;est le seul moyen de garantir que les personnes en recherche d&#8217;emploi sont conseill\u00e9es et soutenues t\u00f4t et cibl\u00e9es.<\/p>\n<p>Selon le Cabinet Fransen, la r\u00e9forme pr\u00e9vue comprend essentiellement les innovations suivantes:<\/p>\n<p>&#8211; Afin d&rsquo;obtenir en droit de 2 ans complets de prestations de ch\u00f4mage, la personne doit avoir travaill\u00e9 5 ans auparavant.<\/p>\n<p>&#8211; Pour qu&rsquo;un droit re\u00e7oive un soutien au ch\u00f4mage, la personne doit avoir travaill\u00e9 pendant au moins 1 an. Le droit \u00e0 la prestation de ch\u00f4mage est prolong\u00e9 de 1 mois par 4 mois qui ont \u00e9t\u00e9 travaill\u00e9s.<\/p>\n<p>-Une exception est les enfants de plus de 50 ans qui re\u00e7oivent un droit \u00e0 des allocations de ch\u00f4mage s&rsquo;ils ont travaill\u00e9 pendant 2 ans au cours des 3 derni\u00e8res ann\u00e9es. Ce droit doit \u00eatre acquis encore et encore.<\/p>\n<p>&#8211; Dans la premi\u00e8re phase, les personnes qui ont travaill\u00e9 plus de 55 ans et au moins 30 ans font exception. \u00c0 partir de 2030, les gens doivent avoir travaill\u00e9 pendant 35 ans.<\/p>\n<p>&#8211; Apr\u00e8s les 2 ann\u00e9es des 2 ann\u00e9es, les administrations de l&#8217;emploi font une offre finale aux personnes concern\u00e9es, par la suite, le droit de support de ch\u00f4mage expire.<\/p>\n<\/p>\n<div id=\"attachment_416524\" class=\"wp-caption alignleft\" style=\"max-width: 300px\"><img decoding=\"async\" class=\"wp-image-416524 size-medium\" src=\"https:\/\/vieassociative.be\/actualites\/wp-content\/uploads\/2025\/05\/1748377033_975_Bientot-seulement-un-maximum-de-deux-ans-de-prestations-de.jpg\" alt=\"\" width=\"300\" height=\"200\"><\/p>\n<p class=\"wp-caption-text\">Lors de l&rsquo;invitation du ministre f\u00e9d\u00e9ral de l&#8217;emploi, David Clarinval (MR), une r\u00e9union avec les ministres r\u00e9gionaux de l&#8217;emploi a eu lieu \u00e0 Bruxelles d\u00e9but mai. L&rsquo;objet de l&rsquo;\u00e9change a \u00e9t\u00e9 les principaux points cl\u00e9s de la r\u00e9forme du march\u00e9 du travail pr\u00e9vue au niveau f\u00e9d\u00e9ral, dont les adieux sont pr\u00e9vus dans la chambre pour juillet. En plus des repr\u00e9sentants du Premier ministre et du ministre de l&rsquo;int\u00e9gration sociale, le ministre Pierre-Yves Jeholet (r\u00e9gion de Wallonian), Bernard Clerfayt (Bruxelles) et J\u00e9r\u00f4me Franssen, ministre de l&rsquo;\u00c9ducation, de l&rsquo;\u00c9ducation et de l&#8217;emploi, ont particip\u00e9 \u00e0 la r\u00e9union. Photo: armoire Franssen<\/p>\n<\/div>\n<p>&#8211; Le d\u00e9but de la r\u00e9forme pr\u00e9vue est le 1er janvier 2026. \u00c0 ce moment-l\u00e0, toutes les personnes qui ont re\u00e7u des allocations de ch\u00f4mage pendant plus de 20 ans seront exclues de cela. Le 1er mars, les personnes qui ont re\u00e7u un soutien entre 8 et 20 ans seront exclues. Le 1er avril, les personnes qui ont re\u00e7u un taux de ch\u00f4mage entre 2 et 8 ans seront exclues. \u00c0 partir du 1er juin, d&rsquo;autres groupes restants seront publi\u00e9s, comme les destinataires de l&rsquo;allocation d&rsquo;int\u00e9gration professionnelle, les nouveaux ch\u00f4meurs qui ont travaill\u00e9 moins de 5 ans avant la r\u00e9forme &#8230;<\/p>\n<p>&#8211; Toutes les personnes qui commencent \u00e0 s&rsquo;entra\u00eener dans une profession infirmi\u00e8re re\u00e7oivent une exception, ainsi que des personnes qui ont commenc\u00e9 \u00e0 s&rsquo;entra\u00eener \u00e0 une p\u00e9nurie avant le 31 d\u00e9cembre 2025.<\/p>\n<p>L&rsquo;allocation de ch\u00f4mage est enti\u00e8rement pay\u00e9e par l&rsquo;\u00c9tat f\u00e9d\u00e9ral, de sorte qu&rsquo;il n&rsquo;y a pas de co\u00fbt pour les communaut\u00e9s ou pour les r\u00e9gions. Si les personnes tombent de la nettet\u00e9 en ch\u00f4mage apr\u00e8s deux ans et passent aux revenus d&rsquo;int\u00e9gration de l&rsquo;\u00d6SHZ, une partie des co\u00fbts doit \u00eatre support\u00e9e par les municipalit\u00e9s.<\/p>\n<p>En cas de revenu d&rsquo;int\u00e9gration, l&rsquo;\u00c9tat f\u00e9d\u00e9ral paie 55% (selon le nombre de b\u00e9n\u00e9ficiaires d&rsquo;int\u00e9gration de la municipalit\u00e9), de sorte que la diff\u00e9rence est au d\u00e9triment de l&rsquo;\u00d6SHZ, c&rsquo;est-\u00e0-dire les communaut\u00e9s et les communaut\u00e9s.<\/p>\n<p>Le ministre responsable a indiqu\u00e9 que la part de l&rsquo;\u00c9tat f\u00e9d\u00e9ral pourrait augmenter au cours de la r\u00e9forme. Un employ\u00e9 qui a travaill\u00e9 pendant 10 ans a le droit de r\u00e9silier une fois dans sa carri\u00e8re et de recevoir des allocations de ch\u00f4mage pendant 6 mois. Cette p\u00e9riode peut \u00eatre \u00e9largie de 6 mois si l&#8217;employ\u00e9 suit un apprentissage dans une p\u00e9nurie. (Cre)<\/p><\/p>\n","protected":false},"excerpt":{"rendered":"<p>Le gouvernement de la DG se pr\u00e9pare avec les \u00d6shz pour la r\u00e9forme (controvers\u00e9e) des allocations de ch\u00f4mage, comme le pr\u00e9voit la coalition \u00ab\u00a0Arizona\u00a0\u00bb. La<\/p>\n","protected":false},"author":1,"featured_media":7807,"comment_status":"","ping_status":"","sticky":false,"template":"","format":"standard","meta":{"footnotes":""},"categories":[298],"tags":[584,2550,7180,114,2271,4125,14,7179,7182,7181,81,4207,2583],"class_list":["post-7806","post","type-post","status-publish","format-standard","has-post-thumbnail","hentry","category-belgique","tag-ans","tag-bientot","tag-chomage","tag-deux","tag-fardeau","tag-financier","tag-les","tag-maximum","tag-municipalites","tag-oshz","tag-pour","tag-prestations","tag-seulement","generate-columns","tablet-grid-50","mobile-grid-100","grid-parent","grid-33"],"yoast_head":"<!-- This site is optimized with the Yoast SEO plugin v24.0 - https:\/\/yoast.com\/wordpress\/plugins\/seo\/ -->\n<title>Bient\u00f4t, seulement un maximum de deux ans de prestations de ch\u00f4mage: &quot;Fardeau financier pour les \u00d6shz, les municipalit\u00e9s et la DG&quot; | Vie Associative<\/title>\n<meta name=\"robots\" content=\"index, follow, max-snippet:-1, max-image-preview:large, max-video-preview:-1\" \/>\n<link rel=\"canonical\" href=\"https:\/\/vieassociative.be\/actualites\/bientot-seulement-un-maximum-de-deux-ans-de-prestations-de-chomage-fardeau-financier-pour-les-oshz-les-municipalites-et-la-dg\/\" \/>\n<meta property=\"og:locale\" content=\"fr_FR\" \/>\n<meta property=\"og:type\" content=\"article\" \/>\n<meta property=\"og:title\" content=\"Bient\u00f4t, seulement un maximum de deux ans de prestations de ch\u00f4mage: &quot;Fardeau financier pour les \u00d6shz, les municipalit\u00e9s et la DG&quot; | Vie Associative\" \/>\n<meta property=\"og:description\" content=\"Le gouvernement de la DG se pr\u00e9pare avec les \u00d6shz pour la r\u00e9forme (controvers\u00e9e) des allocations de ch\u00f4mage, comme le pr\u00e9voit la coalition \u00ab\u00a0Arizona\u00a0\u00bb. La\" \/>\n<meta property=\"og:url\" content=\"https:\/\/vieassociative.be\/actualites\/bientot-seulement-un-maximum-de-deux-ans-de-prestations-de-chomage-fardeau-financier-pour-les-oshz-les-municipalites-et-la-dg\/\" \/>\n<meta property=\"og:site_name\" content=\"Vie Associative\" \/>\n<meta property=\"article:published_time\" content=\"2025-05-27T20:17:13+00:00\" \/>\n<meta property=\"og:image\" content=\"https:\/\/vieassociative.be\/actualites\/wp-content\/uploads\/2026\/02\/10-hacks-que-tout-utilisateur-de-Telegram-devrait-connaitre.jpg\" \/>\n\t<meta property=\"og:image:width\" content=\"1200\" \/>\n\t<meta property=\"og:image:height\" content=\"675\" \/>\n\t<meta property=\"og:image:type\" content=\"image\/jpeg\" \/>\n<meta name=\"author\" content=\"Julien\" \/>\n<meta name=\"twitter:card\" content=\"summary_large_image\" \/>\n<meta name=\"twitter:label1\" content=\"\u00c9crit par\" \/>\n\t<meta name=\"twitter:data1\" content=\"Julien\" \/>\n\t<meta name=\"twitter:label2\" content=\"Dur\u00e9e de lecture est.\" \/>\n\t<meta name=\"twitter:data2\" content=\"4 minutes\" \/>\n<script type=\"application\/ld+json\" class=\"yoast-schema-graph\">{\"@context\":\"https:\/\/schema.org\",\"@graph\":[{\"@type\":\"Article\",\"@id\":\"https:\/\/vieassociative.be\/actualites\/bientot-seulement-un-maximum-de-deux-ans-de-prestations-de-chomage-fardeau-financier-pour-les-oshz-les-municipalites-et-la-dg\/#article\",\"isPartOf\":{\"@id\":\"https:\/\/vieassociative.be\/actualites\/bientot-seulement-un-maximum-de-deux-ans-de-prestations-de-chomage-fardeau-financier-pour-les-oshz-les-municipalites-et-la-dg\/\"},\"author\":{\"name\":\"Julien\",\"@id\":\"https:\/\/vieassociative.be\/actualites\/#\/schema\/person\/b87ac4f82f9d4e7b7cec7395b679edc4\"},\"headline\":\"Bient\u00f4t, seulement un maximum de deux ans de prestations de ch\u00f4mage: \u00ab\u00a0Fardeau financier pour les \u00d6shz, les municipalit\u00e9s et la DG\u00a0\u00bb\",\"datePublished\":\"2025-05-27T20:17:13+00:00\",\"dateModified\":\"2025-05-27T20:17:13+00:00\",\"mainEntityOfPage\":{\"@id\":\"https:\/\/vieassociative.be\/actualites\/bientot-seulement-un-maximum-de-deux-ans-de-prestations-de-chomage-fardeau-financier-pour-les-oshz-les-municipalites-et-la-dg\/\"},\"wordCount\":925,\"publisher\":{\"@id\":\"https:\/\/vieassociative.be\/actualites\/#organization\"},\"image\":{\"@id\":\"https:\/\/vieassociative.be\/actualites\/bientot-seulement-un-maximum-de-deux-ans-de-prestations-de-chomage-fardeau-financier-pour-les-oshz-les-municipalites-et-la-dg\/#primaryimage\"},\"thumbnailUrl\":\"https:\/\/vieassociative.be\/actualites\/wp-content\/uploads\/2025\/05\/1748377034_Bientot-seulement-un-maximum-de-deux-ans-de-prestations-de.jpg\",\"keywords\":[\"ans\",\"bient\u00f4t\",\"ch\u00f4mage\",\"deux\",\"fardeau\",\"financier\",\"Les\",\"maximum\",\"municipalit\u00e9s\",\"\u00d6shz\",\"pour\",\"prestations\",\"seulement\"],\"articleSection\":[\"Belgique\"],\"inLanguage\":\"fr-BE\"},{\"@type\":\"WebPage\",\"@id\":\"https:\/\/vieassociative.be\/actualites\/bientot-seulement-un-maximum-de-deux-ans-de-prestations-de-chomage-fardeau-financier-pour-les-oshz-les-municipalites-et-la-dg\/\",\"url\":\"https:\/\/vieassociative.be\/actualites\/bientot-seulement-un-maximum-de-deux-ans-de-prestations-de-chomage-fardeau-financier-pour-les-oshz-les-municipalites-et-la-dg\/\",\"name\":\"Bient\u00f4t, seulement un maximum de deux ans de prestations de ch\u00f4mage: \\\"Fardeau financier pour les \u00d6shz, les municipalit\u00e9s et la DG\\\" | Vie Associative\",\"isPartOf\":{\"@id\":\"https:\/\/vieassociative.be\/actualites\/#website\"},\"primaryImageOfPage\":{\"@id\":\"https:\/\/vieassociative.be\/actualites\/bientot-seulement-un-maximum-de-deux-ans-de-prestations-de-chomage-fardeau-financier-pour-les-oshz-les-municipalites-et-la-dg\/#primaryimage\"},\"image\":{\"@id\":\"https:\/\/vieassociative.be\/actualites\/bientot-seulement-un-maximum-de-deux-ans-de-prestations-de-chomage-fardeau-financier-pour-les-oshz-les-municipalites-et-la-dg\/#primaryimage\"},\"thumbnailUrl\":\"https:\/\/vieassociative.be\/actualites\/wp-content\/uploads\/2025\/05\/1748377034_Bientot-seulement-un-maximum-de-deux-ans-de-prestations-de.jpg\",\"datePublished\":\"2025-05-27T20:17:13+00:00\",\"dateModified\":\"2025-05-27T20:17:13+00:00\",\"breadcrumb\":{\"@id\":\"https:\/\/vieassociative.be\/actualites\/bientot-seulement-un-maximum-de-deux-ans-de-prestations-de-chomage-fardeau-financier-pour-les-oshz-les-municipalites-et-la-dg\/#breadcrumb\"},\"inLanguage\":\"fr-BE\",\"potentialAction\":[{\"@type\":\"ReadAction\",\"target\":[\"https:\/\/vieassociative.be\/actualites\/bientot-seulement-un-maximum-de-deux-ans-de-prestations-de-chomage-fardeau-financier-pour-les-oshz-les-municipalites-et-la-dg\/\"]}]},{\"@type\":\"ImageObject\",\"inLanguage\":\"fr-BE\",\"@id\":\"https:\/\/vieassociative.be\/actualites\/bientot-seulement-un-maximum-de-deux-ans-de-prestations-de-chomage-fardeau-financier-pour-les-oshz-les-municipalites-et-la-dg\/#primaryimage\",\"url\":\"https:\/\/vieassociative.be\/actualites\/wp-content\/uploads\/2025\/05\/1748377034_Bientot-seulement-un-maximum-de-deux-ans-de-prestations-de.jpg\",\"contentUrl\":\"https:\/\/vieassociative.be\/actualites\/wp-content\/uploads\/2025\/05\/1748377034_Bientot-seulement-un-maximum-de-deux-ans-de-prestations-de.jpg\",\"width\":1018,\"height\":679,\"caption\":\"Bient\u00f4t, seulement un maximum de deux ans de prestations de ch\u00f4mage: \\\"Fardeau financier pour les \u00d6shz, les municipalit\u00e9s et la DG\\\"\"},{\"@type\":\"BreadcrumbList\",\"@id\":\"https:\/\/vieassociative.be\/actualites\/bientot-seulement-un-maximum-de-deux-ans-de-prestations-de-chomage-fardeau-financier-pour-les-oshz-les-municipalites-et-la-dg\/#breadcrumb\",\"itemListElement\":[{\"@type\":\"ListItem\",\"position\":1,\"name\":\"Accueil\",\"item\":\"https:\/\/vieassociative.be\/actualites\/\"},{\"@type\":\"ListItem\",\"position\":2,\"name\":\"Bient\u00f4t, seulement un maximum de deux ans de prestations de ch\u00f4mage: \u00ab\u00a0Fardeau financier pour les \u00d6shz, les municipalit\u00e9s et la DG\u00a0\u00bb\"}]},{\"@type\":\"WebSite\",\"@id\":\"https:\/\/vieassociative.be\/actualites\/#website\",\"url\":\"https:\/\/vieassociative.be\/actualites\/\",\"name\":\"Vie Associative\",\"description\":\"\",\"publisher\":{\"@id\":\"https:\/\/vieassociative.be\/actualites\/#organization\"},\"potentialAction\":[{\"@type\":\"SearchAction\",\"target\":{\"@type\":\"EntryPoint\",\"urlTemplate\":\"https:\/\/vieassociative.be\/actualites\/?s={search_term_string}\"},\"query-input\":{\"@type\":\"PropertyValueSpecification\",\"valueRequired\":true,\"valueName\":\"search_term_string\"}}],\"inLanguage\":\"fr-BE\"},{\"@type\":\"Organization\",\"@id\":\"https:\/\/vieassociative.be\/actualites\/#organization\",\"name\":\"Vie Associative\",\"url\":\"https:\/\/vieassociative.be\/actualites\/\",\"logo\":{\"@type\":\"ImageObject\",\"inLanguage\":\"fr-BE\",\"@id\":\"https:\/\/vieassociative.be\/actualites\/#\/schema\/logo\/image\/\",\"url\":\"https:\/\/vieassociative.be\/actualites\/wp-content\/uploads\/2024\/09\/cropped-vieassociative_favicon.ico.png\",\"contentUrl\":\"https:\/\/vieassociative.be\/actualites\/wp-content\/uploads\/2024\/09\/cropped-vieassociative_favicon.ico.png\",\"width\":512,\"height\":512,\"caption\":\"Vie Associative\"},\"image\":{\"@id\":\"https:\/\/vieassociative.be\/actualites\/#\/schema\/logo\/image\/\"}},{\"@type\":\"Person\",\"@id\":\"https:\/\/vieassociative.be\/actualites\/#\/schema\/person\/b87ac4f82f9d4e7b7cec7395b679edc4\",\"name\":\"Julien\",\"image\":{\"@type\":\"ImageObject\",\"inLanguage\":\"fr-BE\",\"@id\":\"https:\/\/vieassociative.be\/actualites\/#\/schema\/person\/image\/\",\"url\":\"https:\/\/vieassociative.be\/actualites\/wp-content\/uploads\/2024\/09\/vie-associative-1-150x150.jpg\",\"contentUrl\":\"https:\/\/vieassociative.be\/actualites\/wp-content\/uploads\/2024\/09\/vie-associative-1-150x150.jpg\",\"caption\":\"Julien\"},\"description\":\"Je suis Julien, r\u00e9dacteur pour Vie Associative. Passionn\u00e9 par le monde associatif depuis plus de 10 ans, j'ai \u00e0 c\u0153ur de partager des histoires inspirantes et de mettre en lumi\u00e8re les initiatives locales. Mon objectif est de sensibiliser et d'encourager l'engagement communautaire \u00e0 travers mes articles.\",\"sameAs\":[\"https:\/\/vieassociative.be\/\"]}]}<\/script>\n<!-- \/ Yoast SEO plugin. -->","yoast_head_json":{"title":"Bient\u00f4t, seulement un maximum de deux ans de prestations de ch\u00f4mage: \"Fardeau financier pour les \u00d6shz, les municipalit\u00e9s et la DG\" | Vie Associative","robots":{"index":"index","follow":"follow","max-snippet":"max-snippet:-1","max-image-preview":"max-image-preview:large","max-video-preview":"max-video-preview:-1"},"canonical":"https:\/\/vieassociative.be\/actualites\/bientot-seulement-un-maximum-de-deux-ans-de-prestations-de-chomage-fardeau-financier-pour-les-oshz-les-municipalites-et-la-dg\/","og_locale":"fr_FR","og_type":"article","og_title":"Bient\u00f4t, seulement un maximum de deux ans de prestations de ch\u00f4mage: \"Fardeau financier pour les \u00d6shz, les municipalit\u00e9s et la DG\" | Vie Associative","og_description":"Le gouvernement de la DG se pr\u00e9pare avec les \u00d6shz pour la r\u00e9forme (controvers\u00e9e) des allocations de ch\u00f4mage, comme le pr\u00e9voit la coalition \u00ab\u00a0Arizona\u00a0\u00bb. La","og_url":"https:\/\/vieassociative.be\/actualites\/bientot-seulement-un-maximum-de-deux-ans-de-prestations-de-chomage-fardeau-financier-pour-les-oshz-les-municipalites-et-la-dg\/","og_site_name":"Vie Associative","article_published_time":"2025-05-27T20:17:13+00:00","og_image":[{"width":1200,"height":675,"url":"https:\/\/vieassociative.be\/actualites\/wp-content\/uploads\/2026\/02\/10-hacks-que-tout-utilisateur-de-Telegram-devrait-connaitre.jpg","type":"image\/jpeg"}],"author":"Julien","twitter_card":"summary_large_image","twitter_misc":{"\u00c9crit par":"Julien","Dur\u00e9e de lecture est.":"4 minutes"},"schema":{"@context":"https:\/\/schema.org","@graph":[{"@type":"Article","@id":"https:\/\/vieassociative.be\/actualites\/bientot-seulement-un-maximum-de-deux-ans-de-prestations-de-chomage-fardeau-financier-pour-les-oshz-les-municipalites-et-la-dg\/#article","isPartOf":{"@id":"https:\/\/vieassociative.be\/actualites\/bientot-seulement-un-maximum-de-deux-ans-de-prestations-de-chomage-fardeau-financier-pour-les-oshz-les-municipalites-et-la-dg\/"},"author":{"name":"Julien","@id":"https:\/\/vieassociative.be\/actualites\/#\/schema\/person\/b87ac4f82f9d4e7b7cec7395b679edc4"},"headline":"Bient\u00f4t, seulement un maximum de deux ans de prestations de ch\u00f4mage: \u00ab\u00a0Fardeau financier pour les \u00d6shz, les municipalit\u00e9s et la DG\u00a0\u00bb","datePublished":"2025-05-27T20:17:13+00:00","dateModified":"2025-05-27T20:17:13+00:00","mainEntityOfPage":{"@id":"https:\/\/vieassociative.be\/actualites\/bientot-seulement-un-maximum-de-deux-ans-de-prestations-de-chomage-fardeau-financier-pour-les-oshz-les-municipalites-et-la-dg\/"},"wordCount":925,"publisher":{"@id":"https:\/\/vieassociative.be\/actualites\/#organization"},"image":{"@id":"https:\/\/vieassociative.be\/actualites\/bientot-seulement-un-maximum-de-deux-ans-de-prestations-de-chomage-fardeau-financier-pour-les-oshz-les-municipalites-et-la-dg\/#primaryimage"},"thumbnailUrl":"https:\/\/vieassociative.be\/actualites\/wp-content\/uploads\/2025\/05\/1748377034_Bientot-seulement-un-maximum-de-deux-ans-de-prestations-de.jpg","keywords":["ans","bient\u00f4t","ch\u00f4mage","deux","fardeau","financier","Les","maximum","municipalit\u00e9s","\u00d6shz","pour","prestations","seulement"],"articleSection":["Belgique"],"inLanguage":"fr-BE"},{"@type":"WebPage","@id":"https:\/\/vieassociative.be\/actualites\/bientot-seulement-un-maximum-de-deux-ans-de-prestations-de-chomage-fardeau-financier-pour-les-oshz-les-municipalites-et-la-dg\/","url":"https:\/\/vieassociative.be\/actualites\/bientot-seulement-un-maximum-de-deux-ans-de-prestations-de-chomage-fardeau-financier-pour-les-oshz-les-municipalites-et-la-dg\/","name":"Bient\u00f4t, seulement un maximum de deux ans de prestations de ch\u00f4mage: \"Fardeau financier pour les \u00d6shz, les municipalit\u00e9s et la DG\" | Vie Associative","isPartOf":{"@id":"https:\/\/vieassociative.be\/actualites\/#website"},"primaryImageOfPage":{"@id":"https:\/\/vieassociative.be\/actualites\/bientot-seulement-un-maximum-de-deux-ans-de-prestations-de-chomage-fardeau-financier-pour-les-oshz-les-municipalites-et-la-dg\/#primaryimage"},"image":{"@id":"https:\/\/vieassociative.be\/actualites\/bientot-seulement-un-maximum-de-deux-ans-de-prestations-de-chomage-fardeau-financier-pour-les-oshz-les-municipalites-et-la-dg\/#primaryimage"},"thumbnailUrl":"https:\/\/vieassociative.be\/actualites\/wp-content\/uploads\/2025\/05\/1748377034_Bientot-seulement-un-maximum-de-deux-ans-de-prestations-de.jpg","datePublished":"2025-05-27T20:17:13+00:00","dateModified":"2025-05-27T20:17:13+00:00","breadcrumb":{"@id":"https:\/\/vieassociative.be\/actualites\/bientot-seulement-un-maximum-de-deux-ans-de-prestations-de-chomage-fardeau-financier-pour-les-oshz-les-municipalites-et-la-dg\/#breadcrumb"},"inLanguage":"fr-BE","potentialAction":[{"@type":"ReadAction","target":["https:\/\/vieassociative.be\/actualites\/bientot-seulement-un-maximum-de-deux-ans-de-prestations-de-chomage-fardeau-financier-pour-les-oshz-les-municipalites-et-la-dg\/"]}]},{"@type":"ImageObject","inLanguage":"fr-BE","@id":"https:\/\/vieassociative.be\/actualites\/bientot-seulement-un-maximum-de-deux-ans-de-prestations-de-chomage-fardeau-financier-pour-les-oshz-les-municipalites-et-la-dg\/#primaryimage","url":"https:\/\/vieassociative.be\/actualites\/wp-content\/uploads\/2025\/05\/1748377034_Bientot-seulement-un-maximum-de-deux-ans-de-prestations-de.jpg","contentUrl":"https:\/\/vieassociative.be\/actualites\/wp-content\/uploads\/2025\/05\/1748377034_Bientot-seulement-un-maximum-de-deux-ans-de-prestations-de.jpg","width":1018,"height":679,"caption":"Bient\u00f4t, seulement un maximum de deux ans de prestations de ch\u00f4mage: \"Fardeau financier pour les \u00d6shz, les municipalit\u00e9s et la DG\""},{"@type":"BreadcrumbList","@id":"https:\/\/vieassociative.be\/actualites\/bientot-seulement-un-maximum-de-deux-ans-de-prestations-de-chomage-fardeau-financier-pour-les-oshz-les-municipalites-et-la-dg\/#breadcrumb","itemListElement":[{"@type":"ListItem","position":1,"name":"Accueil","item":"https:\/\/vieassociative.be\/actualites\/"},{"@type":"ListItem","position":2,"name":"Bient\u00f4t, seulement un maximum de deux ans de prestations de ch\u00f4mage: \u00ab\u00a0Fardeau financier pour les \u00d6shz, les municipalit\u00e9s et la DG\u00a0\u00bb"}]},{"@type":"WebSite","@id":"https:\/\/vieassociative.be\/actualites\/#website","url":"https:\/\/vieassociative.be\/actualites\/","name":"Vie Associative","description":"","publisher":{"@id":"https:\/\/vieassociative.be\/actualites\/#organization"},"potentialAction":[{"@type":"SearchAction","target":{"@type":"EntryPoint","urlTemplate":"https:\/\/vieassociative.be\/actualites\/?s={search_term_string}"},"query-input":{"@type":"PropertyValueSpecification","valueRequired":true,"valueName":"search_term_string"}}],"inLanguage":"fr-BE"},{"@type":"Organization","@id":"https:\/\/vieassociative.be\/actualites\/#organization","name":"Vie Associative","url":"https:\/\/vieassociative.be\/actualites\/","logo":{"@type":"ImageObject","inLanguage":"fr-BE","@id":"https:\/\/vieassociative.be\/actualites\/#\/schema\/logo\/image\/","url":"https:\/\/vieassociative.be\/actualites\/wp-content\/uploads\/2024\/09\/cropped-vieassociative_favicon.ico.png","contentUrl":"https:\/\/vieassociative.be\/actualites\/wp-content\/uploads\/2024\/09\/cropped-vieassociative_favicon.ico.png","width":512,"height":512,"caption":"Vie Associative"},"image":{"@id":"https:\/\/vieassociative.be\/actualites\/#\/schema\/logo\/image\/"}},{"@type":"Person","@id":"https:\/\/vieassociative.be\/actualites\/#\/schema\/person\/b87ac4f82f9d4e7b7cec7395b679edc4","name":"Julien","image":{"@type":"ImageObject","inLanguage":"fr-BE","@id":"https:\/\/vieassociative.be\/actualites\/#\/schema\/person\/image\/","url":"https:\/\/vieassociative.be\/actualites\/wp-content\/uploads\/2024\/09\/vie-associative-1-150x150.jpg","contentUrl":"https:\/\/vieassociative.be\/actualites\/wp-content\/uploads\/2024\/09\/vie-associative-1-150x150.jpg","caption":"Julien"},"description":"Je suis Julien, r\u00e9dacteur pour Vie Associative. Passionn\u00e9 par le monde associatif depuis plus de 10 ans, j'ai \u00e0 c\u0153ur de partager des histoires inspirantes et de mettre en lumi\u00e8re les initiatives locales. Mon objectif est de sensibiliser et d'encourager l'engagement communautaire \u00e0 travers mes articles.","sameAs":["https:\/\/vieassociative.be\/"]}]}},"_links":{"self":[{"href":"https:\/\/vieassociative.be\/actualites\/wp-json\/wp\/v2\/posts\/7806"}],"collection":[{"href":"https:\/\/vieassociative.be\/actualites\/wp-json\/wp\/v2\/posts"}],"about":[{"href":"https:\/\/vieassociative.be\/actualites\/wp-json\/wp\/v2\/types\/post"}],"author":[{"embeddable":true,"href":"https:\/\/vieassociative.be\/actualites\/wp-json\/wp\/v2\/users\/1"}],"replies":[{"embeddable":true,"href":"https:\/\/vieassociative.be\/actualites\/wp-json\/wp\/v2\/comments?post=7806"}],"version-history":[{"count":0,"href":"https:\/\/vieassociative.be\/actualites\/wp-json\/wp\/v2\/posts\/7806\/revisions"}],"wp:featuredmedia":[{"embeddable":true,"href":"https:\/\/vieassociative.be\/actualites\/wp-json\/wp\/v2\/media\/7807"}],"wp:attachment":[{"href":"https:\/\/vieassociative.be\/actualites\/wp-json\/wp\/v2\/media?parent=7806"}],"wp:term":[{"taxonomy":"category","embeddable":true,"href":"https:\/\/vieassociative.be\/actualites\/wp-json\/wp\/v2\/categories?post=7806"},{"taxonomy":"post_tag","embeddable":true,"href":"https:\/\/vieassociative.be\/actualites\/wp-json\/wp\/v2\/tags?post=7806"}],"curies":[{"name":"wp","href":"https:\/\/api.w.org\/{rel}","templated":true}]}}