{"id":7804,"date":"2025-05-27T21:18:10","date_gmt":"2025-05-27T19:18:10","guid":{"rendered":"https:\/\/vieassociative.be\/actualites\/ce-que-signifie-lachat-de-strava-a-lachat-de-the-breakaway-pour-ses-utilisateurs\/"},"modified":"2025-05-27T21:18:10","modified_gmt":"2025-05-27T19:18:10","slug":"ce-que-signifie-lachat-de-strava-a-lachat-de-the-breakaway-pour-ses-utilisateurs","status":"publish","type":"post","link":"https:\/\/vieassociative.be\/actualites\/ce-que-signifie-lachat-de-strava-a-lachat-de-the-breakaway-pour-ses-utilisateurs\/","title":{"rendered":"Ce que signifie l&rsquo;achat de Strava \u00e0 l&rsquo;achat de \u00abThe Breakaway\u00bb pour ses utilisateurs"},"content":{"rendered":"<div class=\"mt-4 leading-6 md:mb-8\">Les plans de formation plus personnalis\u00e9s sont-ils sur le chemin?<\/div>\n<p><\/p>\n<p>Il semble que Strava prenne des mouvements pour devenir plus qu&rsquo;un simple tracker de fitness social. L&rsquo;application de fitness populaire &#8211; pratiquement la meilleure du genre &#8211; a annonc\u00e9 jeudi qu&rsquo;elle a acquis la rupture, une application de formation cycliste aliment\u00e9e par l&rsquo;IA, marquant sa deuxi\u00e8me acquisition majeure en un peu plus d&rsquo;un mois.<\/p>\n<p>Cela suit l&rsquo;achat par Strava de Runna en avril. Alors, que signifient ces acquisitions pour les utilisateurs de l&rsquo;\u00e9chapp\u00e9e et de la Strava? Les plans de formation sp\u00e9cifiques de ces applications seront-ils disponibles une partie de l&rsquo;abonnement Strava? Dois-je payer pour cela, que je l&rsquo;aime ou non? Voici ce que vous devez savoir.<\/p>\n<h2 id=\"what-the-breakaway-brings-to-strava\">Ce que la rupture apporte \u00e0 Strava<\/h2>\n<p>L&rsquo;\u00e9laboration utilise l&rsquo;IA pour cr\u00e9er des plans de formation personnalis\u00e9s pour les cyclistes qui poursuivent des objectifs de performance sp\u00e9cifiques. L&rsquo;application analyse les donn\u00e9es et les objectifs individuels de fitness pour g\u00e9n\u00e9rer des entra\u00eenements adapt\u00e9s aux besoins et \u00e0 la planification de chaque utilisateur. <\/p>\n<p>De m\u00eame, Runna propose des plans de formation g\u00e9n\u00e9r\u00e9s par l&rsquo;IA, mais se concentre sur les coureurs plut\u00f4t que sur les cyclistes. Comme les gens sp\u00e9culent sur Reddit, ces applications pourraient repr\u00e9senter la pouss\u00e9e strat\u00e9gique de Strava dans des fonctionnalit\u00e9s de formation et de coaching plus personnalis\u00e9es.<\/p>\n<p>Zoom out, Strava a b\u00e2ti sa r\u00e9putation sur le suivi de la condition physique sociale. En tant qu&rsquo;utilisateur fid\u00e8le de Strava moi-m\u00eame, je crois qu&rsquo;aucune autre application de course ne peut battre les fonctionnalit\u00e9s sociales et cartographiques de Strava. Cette capacit\u00e9 \u00e0 exploiter une communaut\u00e9 de coll\u00e8gues coureurs et cyclistes a toujours diff\u00e9renci\u00e9 Strava des applications de suivi pure.<\/p>\n<p>L&rsquo;offre de base de Strava est rest\u00e9e relativement (et rafra\u00eechissante) de base par rapport aux applications de formation sp\u00e9cialis\u00e9es. Cela dit, ces acquisitions sugg\u00e8rent certainement que l&rsquo;entreprise veut capturer de plus en plus l&rsquo;\u00e9cosyst\u00e8me de fitness en offrant le type de formation structur\u00e9e et ax\u00e9e sur les objectifs dont les athl\u00e8tes s\u00e9rieux ont besoin.<\/p>\n<h2 id=\"what-this-means-for-pricing\">Ce que cela signifie pour les prix<\/h2>\n<p>Les abonn\u00e9s actuels n&rsquo;ont pas \u00e0 s&rsquo;inqui\u00e9ter des hausses de prix imm\u00e9diats. L&rsquo;\u00e9chapp\u00e9 co\u00fbte 9,99 $ \/ mois, ou 69,99 $ \/ an. (Je suppose que les coureurs sont pr\u00eats \u00e0 d\u00e9bourser davantage, car Runna co\u00fbte 19,99 $ \/ mois, ou 119,99 $ \/ an.) Le niveau gratuit de Strava vous permet de publier vos courses, d&rsquo;interagir avec d&rsquo;autres utilisateurs et de suivre quelques statistiques de base sur vos performances. Le niveau premium, \u00e0 11,99 $ \/ mois ou 79,99 $ \/ an, vous offre des outils suppl\u00e9mentaires de suivi des performances et de cartographie.<\/p>\n<div class=\"pogoClear relative my-10 border-b-(1.5px) border-t-(1.5px) border-dashed border-black py-5 sm:my-14 sm:border-0 sm:py-0\" data-ga-click data-ga-template=\"News\" data-ga-module=\"openweb_widget\" data-ga-element=\"openweb_scroll\" data-ga-item=\"openweb_scroll_midpage\" x-cloak x-data=\"{ commentsCount: null, hasComments: false }\" x-init=\"commentsCount = await window.openweb.getMessagesCount(01JW98BXRF5ET99JRPGAJNSX25);\n     hasComments = commentsCount !== null &amp;&amp; commentsCount &gt; 0\"><\/p>\n<div class=\"absolute top-1\/2 hidden w-full -translate-y-1\/2 border-t-(1.5px) border-dashed border-black sm:block\"><\/div>\n<div class=\"relative flex justify-center\">\n<div class=\"flex max-w-max items-center gap-x-3 bg-white px-5\">\n<div class=\"relative\">\n                <span class=\"absolute left-1\/2 top-1\/2 -translate-x-1\/2 -translate-y-1\/2 font-akshar text-sm font-medium text-black\" x-show=\"hasComments\" x-text=\"commentsCount\"><\/span><\/p>\n<p>                <svg class=\"h-8 w-8 text-black\">\n                    <use href=\"http:\/\/lifehacker.com\/images\/icons\/spritemap.svg#sprite-chat-bubble\"><\/use>\n                <\/svg>\n            <\/div>\n<p>            <span class=\"text-sm font-medium text-black\"><\/p>\n<p>                Que pensez-vous jusqu&rsquo;\u00e0 pr\u00e9sent?<br \/>\n                <button class=\"font-semibold text-brand-green underline hover:text-brand-green-700\" onclick=\"window.openweb.scrollToComments('01JW98BXRF5ET99JRPGAJNSX25')\" x-text=\"hasComments ? 'Post a comment.' : 'Be the first to post a comment.'\"><\/button><br \/>\n            <\/span>\n        <\/div>\n<\/p><\/div>\n<\/div>\n<p>Et selon les d\u00e9clarations de Strava, il n&rsquo;est pas pr\u00e9vu de modifier les structures de tarification ou d&rsquo;\u00e9liminer l&rsquo;acc\u00e8s gratuit aux fonctionnalit\u00e9s de base des applications acquises. Il reste \u00e0 voir si cette structure de tarification tiendra \u00e0 long terme, d&rsquo;autant plus que Strava int\u00e8gre ces services dans sa plate-forme plus large.<\/p>\n<h2 id=\"the-bottom-line\">La ligne de fond<\/h2>\n<p>Plut\u00f4t que les utilisateurs ayant besoin d&rsquo;applications distinctes pour le suivi social et la formation structur\u00e9e, Strava semble construire un \u00e9cosyst\u00e8me de fitness tout-en-un. M\u00eame pour les utilisateurs les plus occasionnels, cela pourrait signifier un acc\u00e8s \u00e0 plus d&rsquo;outils de formation sans quitter l&rsquo;\u00e9cosyst\u00e8me Strava. Mais comme certains fans m\u00e9contents expriment, il peut \u00eatre frustrant de voir Strava ramasser des fonctionnalit\u00e9s d&rsquo;entra\u00eenement aliment\u00e9es par l&rsquo;IA, plut\u00f4t que de r\u00e9soudre certains de ses probl\u00e8mes les plus \u00e9l\u00e9mentaires. (S\u00e9rieusement: je devrais \u00eatre en mesure de rechercher avec pr\u00e9cision les courses pass\u00e9es.)<\/p>\n<p>Et nous ne pouvons qu&rsquo;esp\u00e9rer que le prix ne devient pas trop fou. Nous verrons si les utilisateurs sont pr\u00eats \u00e0 payer plus pour ce qui a \u00e9t\u00e9 traditionnellement une application de remise en forme sociale.  <\/p>\n<p>Enfin, alors que Strava continue d&rsquo;\u00e9tendre son ensemble de fonctionnalit\u00e9s, il convient de se rappeler que l&rsquo;application est par d\u00e9faut au partage public. Examinez r\u00e9guli\u00e8rement vos param\u00e8tres de confidentialit\u00e9 pour vous assurer que vous ne partagez pas par inadvertance les donn\u00e9es de localisation ou les informations personnelles plus largement que pr\u00e9vu.<\/p>\n","protected":false},"excerpt":{"rendered":"<p>Les plans de formation plus personnalis\u00e9s sont-ils sur le chemin? Il semble que Strava prenne des mouvements pour devenir plus qu&rsquo;un simple tracker de fitness<\/p>\n","protected":false},"author":1,"featured_media":7805,"comment_status":"","ping_status":"","sticky":false,"template":"","format":"standard","meta":{"footnotes":""},"categories":[38],"tags":[7178,2128,81,1055,1872,4565,4335],"class_list":["post-7804","post","type-post","status-publish","format-standard","has-post-thumbnail","hentry","category-sante","tag-breakaway","tag-lachat","tag-pour","tag-ses","tag-signifie","tag-strava","tag-utilisateurs","generate-columns","tablet-grid-50","mobile-grid-100","grid-parent","grid-33"],"yoast_head":"<!-- This site is optimized with the Yoast SEO plugin v24.0 - https:\/\/yoast.com\/wordpress\/plugins\/seo\/ -->\n<title>Ce que signifie l&#039;achat de Strava \u00e0 l&#039;achat de \u00abThe Breakaway\u00bb pour ses utilisateurs | Vie Associative<\/title>\n<meta name=\"robots\" content=\"index, follow, max-snippet:-1, max-image-preview:large, max-video-preview:-1\" \/>\n<link rel=\"canonical\" href=\"https:\/\/vieassociative.be\/actualites\/ce-que-signifie-lachat-de-strava-a-lachat-de-the-breakaway-pour-ses-utilisateurs\/\" \/>\n<meta property=\"og:locale\" content=\"fr_FR\" \/>\n<meta property=\"og:type\" content=\"article\" \/>\n<meta property=\"og:title\" content=\"Ce que signifie l&#039;achat de Strava \u00e0 l&#039;achat de \u00abThe Breakaway\u00bb pour ses utilisateurs | Vie Associative\" \/>\n<meta property=\"og:description\" content=\"Les plans de formation plus personnalis\u00e9s sont-ils sur le chemin? Il semble que Strava prenne des mouvements pour devenir plus qu&rsquo;un simple tracker de fitness\" \/>\n<meta property=\"og:url\" content=\"https:\/\/vieassociative.be\/actualites\/ce-que-signifie-lachat-de-strava-a-lachat-de-the-breakaway-pour-ses-utilisateurs\/\" \/>\n<meta property=\"og:site_name\" content=\"Vie Associative\" \/>\n<meta property=\"article:published_time\" content=\"2025-05-27T19:18:10+00:00\" \/>\n<meta property=\"og:image\" content=\"https:\/\/vieassociative.be\/actualites\/wp-content\/uploads\/2024\/09\/header_backgroundk-01-e1726694325946.png\" \/>\n\t<meta property=\"og:image:width\" content=\"279\" \/>\n\t<meta property=\"og:image:height\" content=\"92\" \/>\n\t<meta property=\"og:image:type\" content=\"image\/png\" \/>\n<meta name=\"author\" content=\"Julien\" \/>\n<meta name=\"twitter:card\" content=\"summary_large_image\" \/>\n<meta name=\"twitter:label1\" content=\"\u00c9crit par\" \/>\n\t<meta name=\"twitter:data1\" content=\"Julien\" \/>\n\t<meta name=\"twitter:label2\" content=\"Dur\u00e9e de lecture est.\" \/>\n\t<meta name=\"twitter:data2\" content=\"4 minutes\" \/>\n<script type=\"application\/ld+json\" class=\"yoast-schema-graph\">{\"@context\":\"https:\/\/schema.org\",\"@graph\":[{\"@type\":\"Article\",\"@id\":\"https:\/\/vieassociative.be\/actualites\/ce-que-signifie-lachat-de-strava-a-lachat-de-the-breakaway-pour-ses-utilisateurs\/#article\",\"isPartOf\":{\"@id\":\"https:\/\/vieassociative.be\/actualites\/ce-que-signifie-lachat-de-strava-a-lachat-de-the-breakaway-pour-ses-utilisateurs\/\"},\"author\":{\"name\":\"Julien\",\"@id\":\"https:\/\/vieassociative.be\/actualites\/#\/schema\/person\/b87ac4f82f9d4e7b7cec7395b679edc4\"},\"headline\":\"Ce que signifie l&rsquo;achat de Strava \u00e0 l&rsquo;achat de \u00abThe Breakaway\u00bb pour ses utilisateurs\",\"datePublished\":\"2025-05-27T19:18:10+00:00\",\"dateModified\":\"2025-05-27T19:18:10+00:00\",\"mainEntityOfPage\":{\"@id\":\"https:\/\/vieassociative.be\/actualites\/ce-que-signifie-lachat-de-strava-a-lachat-de-the-breakaway-pour-ses-utilisateurs\/\"},\"wordCount\":769,\"publisher\":{\"@id\":\"https:\/\/vieassociative.be\/actualites\/#organization\"},\"image\":{\"@id\":\"https:\/\/vieassociative.be\/actualites\/ce-que-signifie-lachat-de-strava-a-lachat-de-the-breakaway-pour-ses-utilisateurs\/#primaryimage\"},\"thumbnailUrl\":\"https:\/\/vieassociative.be\/actualites\/wp-content\/uploads\/2025\/05\/Ce-que-signifie-lachat-de-Strava-a-lachat-de-The.png\",\"keywords\":[\"Breakaway\",\"lachat\",\"pour\",\"ses\",\"signifie\",\"Strava\",\"utilisateurs\"],\"articleSection\":[\"Sant\u00e9\"],\"inLanguage\":\"fr-BE\"},{\"@type\":\"WebPage\",\"@id\":\"https:\/\/vieassociative.be\/actualites\/ce-que-signifie-lachat-de-strava-a-lachat-de-the-breakaway-pour-ses-utilisateurs\/\",\"url\":\"https:\/\/vieassociative.be\/actualites\/ce-que-signifie-lachat-de-strava-a-lachat-de-the-breakaway-pour-ses-utilisateurs\/\",\"name\":\"Ce que signifie l'achat de Strava \u00e0 l'achat de \u00abThe Breakaway\u00bb pour ses utilisateurs | Vie Associative\",\"isPartOf\":{\"@id\":\"https:\/\/vieassociative.be\/actualites\/#website\"},\"primaryImageOfPage\":{\"@id\":\"https:\/\/vieassociative.be\/actualites\/ce-que-signifie-lachat-de-strava-a-lachat-de-the-breakaway-pour-ses-utilisateurs\/#primaryimage\"},\"image\":{\"@id\":\"https:\/\/vieassociative.be\/actualites\/ce-que-signifie-lachat-de-strava-a-lachat-de-the-breakaway-pour-ses-utilisateurs\/#primaryimage\"},\"thumbnailUrl\":\"https:\/\/vieassociative.be\/actualites\/wp-content\/uploads\/2025\/05\/Ce-que-signifie-lachat-de-Strava-a-lachat-de-The.png\",\"datePublished\":\"2025-05-27T19:18:10+00:00\",\"dateModified\":\"2025-05-27T19:18:10+00:00\",\"breadcrumb\":{\"@id\":\"https:\/\/vieassociative.be\/actualites\/ce-que-signifie-lachat-de-strava-a-lachat-de-the-breakaway-pour-ses-utilisateurs\/#breadcrumb\"},\"inLanguage\":\"fr-BE\",\"potentialAction\":[{\"@type\":\"ReadAction\",\"target\":[\"https:\/\/vieassociative.be\/actualites\/ce-que-signifie-lachat-de-strava-a-lachat-de-the-breakaway-pour-ses-utilisateurs\/\"]}]},{\"@type\":\"ImageObject\",\"inLanguage\":\"fr-BE\",\"@id\":\"https:\/\/vieassociative.be\/actualites\/ce-que-signifie-lachat-de-strava-a-lachat-de-the-breakaway-pour-ses-utilisateurs\/#primaryimage\",\"url\":\"https:\/\/vieassociative.be\/actualites\/wp-content\/uploads\/2025\/05\/Ce-que-signifie-lachat-de-Strava-a-lachat-de-The.png\",\"contentUrl\":\"https:\/\/vieassociative.be\/actualites\/wp-content\/uploads\/2025\/05\/Ce-que-signifie-lachat-de-Strava-a-lachat-de-The.png\",\"width\":1200,\"height\":675,\"caption\":\"Ce que signifie l'achat de Strava \u00e0 l'achat de \u00abThe Breakaway\u00bb pour ses utilisateurs\"},{\"@type\":\"BreadcrumbList\",\"@id\":\"https:\/\/vieassociative.be\/actualites\/ce-que-signifie-lachat-de-strava-a-lachat-de-the-breakaway-pour-ses-utilisateurs\/#breadcrumb\",\"itemListElement\":[{\"@type\":\"ListItem\",\"position\":1,\"name\":\"Accueil\",\"item\":\"https:\/\/vieassociative.be\/actualites\/\"},{\"@type\":\"ListItem\",\"position\":2,\"name\":\"Ce que signifie l&rsquo;achat de Strava \u00e0 l&rsquo;achat de \u00abThe Breakaway\u00bb pour ses utilisateurs\"}]},{\"@type\":\"WebSite\",\"@id\":\"https:\/\/vieassociative.be\/actualites\/#website\",\"url\":\"https:\/\/vieassociative.be\/actualites\/\",\"name\":\"Vie Associative\",\"description\":\"\",\"publisher\":{\"@id\":\"https:\/\/vieassociative.be\/actualites\/#organization\"},\"potentialAction\":[{\"@type\":\"SearchAction\",\"target\":{\"@type\":\"EntryPoint\",\"urlTemplate\":\"https:\/\/vieassociative.be\/actualites\/?s={search_term_string}\"},\"query-input\":{\"@type\":\"PropertyValueSpecification\",\"valueRequired\":true,\"valueName\":\"search_term_string\"}}],\"inLanguage\":\"fr-BE\"},{\"@type\":\"Organization\",\"@id\":\"https:\/\/vieassociative.be\/actualites\/#organization\",\"name\":\"Vie Associative\",\"url\":\"https:\/\/vieassociative.be\/actualites\/\",\"logo\":{\"@type\":\"ImageObject\",\"inLanguage\":\"fr-BE\",\"@id\":\"https:\/\/vieassociative.be\/actualites\/#\/schema\/logo\/image\/\",\"url\":\"https:\/\/vieassociative.be\/actualites\/wp-content\/uploads\/2024\/09\/cropped-vieassociative_favicon.ico.png\",\"contentUrl\":\"https:\/\/vieassociative.be\/actualites\/wp-content\/uploads\/2024\/09\/cropped-vieassociative_favicon.ico.png\",\"width\":512,\"height\":512,\"caption\":\"Vie Associative\"},\"image\":{\"@id\":\"https:\/\/vieassociative.be\/actualites\/#\/schema\/logo\/image\/\"}},{\"@type\":\"Person\",\"@id\":\"https:\/\/vieassociative.be\/actualites\/#\/schema\/person\/b87ac4f82f9d4e7b7cec7395b679edc4\",\"name\":\"Julien\",\"image\":{\"@type\":\"ImageObject\",\"inLanguage\":\"fr-BE\",\"@id\":\"https:\/\/vieassociative.be\/actualites\/#\/schema\/person\/image\/\",\"url\":\"https:\/\/vieassociative.be\/actualites\/wp-content\/uploads\/2024\/09\/vie-associative-1-150x150.jpg\",\"contentUrl\":\"https:\/\/vieassociative.be\/actualites\/wp-content\/uploads\/2024\/09\/vie-associative-1-150x150.jpg\",\"caption\":\"Julien\"},\"description\":\"Je suis Julien, r\u00e9dacteur pour Vie Associative. Passionn\u00e9 par le monde associatif depuis plus de 10 ans, j'ai \u00e0 c\u0153ur de partager des histoires inspirantes et de mettre en lumi\u00e8re les initiatives locales. Mon objectif est de sensibiliser et d'encourager l'engagement communautaire \u00e0 travers mes articles.\",\"sameAs\":[\"https:\/\/vieassociative.be\/\"]}]}<\/script>\n<!-- \/ Yoast SEO plugin. -->","yoast_head_json":{"title":"Ce que signifie l'achat de Strava \u00e0 l'achat de \u00abThe Breakaway\u00bb pour ses utilisateurs | Vie Associative","robots":{"index":"index","follow":"follow","max-snippet":"max-snippet:-1","max-image-preview":"max-image-preview:large","max-video-preview":"max-video-preview:-1"},"canonical":"https:\/\/vieassociative.be\/actualites\/ce-que-signifie-lachat-de-strava-a-lachat-de-the-breakaway-pour-ses-utilisateurs\/","og_locale":"fr_FR","og_type":"article","og_title":"Ce que signifie l'achat de Strava \u00e0 l'achat de \u00abThe Breakaway\u00bb pour ses utilisateurs | Vie Associative","og_description":"Les plans de formation plus personnalis\u00e9s sont-ils sur le chemin? Il semble que Strava prenne des mouvements pour devenir plus qu&rsquo;un simple tracker de fitness","og_url":"https:\/\/vieassociative.be\/actualites\/ce-que-signifie-lachat-de-strava-a-lachat-de-the-breakaway-pour-ses-utilisateurs\/","og_site_name":"Vie Associative","article_published_time":"2025-05-27T19:18:10+00:00","og_image":[{"width":279,"height":92,"url":"https:\/\/vieassociative.be\/actualites\/wp-content\/uploads\/2024\/09\/header_backgroundk-01-e1726694325946.png","type":"image\/png"}],"author":"Julien","twitter_card":"summary_large_image","twitter_misc":{"\u00c9crit par":"Julien","Dur\u00e9e de lecture est.":"4 minutes"},"schema":{"@context":"https:\/\/schema.org","@graph":[{"@type":"Article","@id":"https:\/\/vieassociative.be\/actualites\/ce-que-signifie-lachat-de-strava-a-lachat-de-the-breakaway-pour-ses-utilisateurs\/#article","isPartOf":{"@id":"https:\/\/vieassociative.be\/actualites\/ce-que-signifie-lachat-de-strava-a-lachat-de-the-breakaway-pour-ses-utilisateurs\/"},"author":{"name":"Julien","@id":"https:\/\/vieassociative.be\/actualites\/#\/schema\/person\/b87ac4f82f9d4e7b7cec7395b679edc4"},"headline":"Ce que signifie l&rsquo;achat de Strava \u00e0 l&rsquo;achat de \u00abThe Breakaway\u00bb pour ses utilisateurs","datePublished":"2025-05-27T19:18:10+00:00","dateModified":"2025-05-27T19:18:10+00:00","mainEntityOfPage":{"@id":"https:\/\/vieassociative.be\/actualites\/ce-que-signifie-lachat-de-strava-a-lachat-de-the-breakaway-pour-ses-utilisateurs\/"},"wordCount":769,"publisher":{"@id":"https:\/\/vieassociative.be\/actualites\/#organization"},"image":{"@id":"https:\/\/vieassociative.be\/actualites\/ce-que-signifie-lachat-de-strava-a-lachat-de-the-breakaway-pour-ses-utilisateurs\/#primaryimage"},"thumbnailUrl":"https:\/\/vieassociative.be\/actualites\/wp-content\/uploads\/2025\/05\/Ce-que-signifie-lachat-de-Strava-a-lachat-de-The.png","keywords":["Breakaway","lachat","pour","ses","signifie","Strava","utilisateurs"],"articleSection":["Sant\u00e9"],"inLanguage":"fr-BE"},{"@type":"WebPage","@id":"https:\/\/vieassociative.be\/actualites\/ce-que-signifie-lachat-de-strava-a-lachat-de-the-breakaway-pour-ses-utilisateurs\/","url":"https:\/\/vieassociative.be\/actualites\/ce-que-signifie-lachat-de-strava-a-lachat-de-the-breakaway-pour-ses-utilisateurs\/","name":"Ce que signifie l'achat de Strava \u00e0 l'achat de \u00abThe Breakaway\u00bb pour ses utilisateurs | Vie Associative","isPartOf":{"@id":"https:\/\/vieassociative.be\/actualites\/#website"},"primaryImageOfPage":{"@id":"https:\/\/vieassociative.be\/actualites\/ce-que-signifie-lachat-de-strava-a-lachat-de-the-breakaway-pour-ses-utilisateurs\/#primaryimage"},"image":{"@id":"https:\/\/vieassociative.be\/actualites\/ce-que-signifie-lachat-de-strava-a-lachat-de-the-breakaway-pour-ses-utilisateurs\/#primaryimage"},"thumbnailUrl":"https:\/\/vieassociative.be\/actualites\/wp-content\/uploads\/2025\/05\/Ce-que-signifie-lachat-de-Strava-a-lachat-de-The.png","datePublished":"2025-05-27T19:18:10+00:00","dateModified":"2025-05-27T19:18:10+00:00","breadcrumb":{"@id":"https:\/\/vieassociative.be\/actualites\/ce-que-signifie-lachat-de-strava-a-lachat-de-the-breakaway-pour-ses-utilisateurs\/#breadcrumb"},"inLanguage":"fr-BE","potentialAction":[{"@type":"ReadAction","target":["https:\/\/vieassociative.be\/actualites\/ce-que-signifie-lachat-de-strava-a-lachat-de-the-breakaway-pour-ses-utilisateurs\/"]}]},{"@type":"ImageObject","inLanguage":"fr-BE","@id":"https:\/\/vieassociative.be\/actualites\/ce-que-signifie-lachat-de-strava-a-lachat-de-the-breakaway-pour-ses-utilisateurs\/#primaryimage","url":"https:\/\/vieassociative.be\/actualites\/wp-content\/uploads\/2025\/05\/Ce-que-signifie-lachat-de-Strava-a-lachat-de-The.png","contentUrl":"https:\/\/vieassociative.be\/actualites\/wp-content\/uploads\/2025\/05\/Ce-que-signifie-lachat-de-Strava-a-lachat-de-The.png","width":1200,"height":675,"caption":"Ce que signifie l'achat de Strava \u00e0 l'achat de \u00abThe Breakaway\u00bb pour ses utilisateurs"},{"@type":"BreadcrumbList","@id":"https:\/\/vieassociative.be\/actualites\/ce-que-signifie-lachat-de-strava-a-lachat-de-the-breakaway-pour-ses-utilisateurs\/#breadcrumb","itemListElement":[{"@type":"ListItem","position":1,"name":"Accueil","item":"https:\/\/vieassociative.be\/actualites\/"},{"@type":"ListItem","position":2,"name":"Ce que signifie l&rsquo;achat de Strava \u00e0 l&rsquo;achat de \u00abThe Breakaway\u00bb pour ses utilisateurs"}]},{"@type":"WebSite","@id":"https:\/\/vieassociative.be\/actualites\/#website","url":"https:\/\/vieassociative.be\/actualites\/","name":"Vie Associative","description":"","publisher":{"@id":"https:\/\/vieassociative.be\/actualites\/#organization"},"potentialAction":[{"@type":"SearchAction","target":{"@type":"EntryPoint","urlTemplate":"https:\/\/vieassociative.be\/actualites\/?s={search_term_string}"},"query-input":{"@type":"PropertyValueSpecification","valueRequired":true,"valueName":"search_term_string"}}],"inLanguage":"fr-BE"},{"@type":"Organization","@id":"https:\/\/vieassociative.be\/actualites\/#organization","name":"Vie Associative","url":"https:\/\/vieassociative.be\/actualites\/","logo":{"@type":"ImageObject","inLanguage":"fr-BE","@id":"https:\/\/vieassociative.be\/actualites\/#\/schema\/logo\/image\/","url":"https:\/\/vieassociative.be\/actualites\/wp-content\/uploads\/2024\/09\/cropped-vieassociative_favicon.ico.png","contentUrl":"https:\/\/vieassociative.be\/actualites\/wp-content\/uploads\/2024\/09\/cropped-vieassociative_favicon.ico.png","width":512,"height":512,"caption":"Vie Associative"},"image":{"@id":"https:\/\/vieassociative.be\/actualites\/#\/schema\/logo\/image\/"}},{"@type":"Person","@id":"https:\/\/vieassociative.be\/actualites\/#\/schema\/person\/b87ac4f82f9d4e7b7cec7395b679edc4","name":"Julien","image":{"@type":"ImageObject","inLanguage":"fr-BE","@id":"https:\/\/vieassociative.be\/actualites\/#\/schema\/person\/image\/","url":"https:\/\/vieassociative.be\/actualites\/wp-content\/uploads\/2024\/09\/vie-associative-1-150x150.jpg","contentUrl":"https:\/\/vieassociative.be\/actualites\/wp-content\/uploads\/2024\/09\/vie-associative-1-150x150.jpg","caption":"Julien"},"description":"Je suis Julien, r\u00e9dacteur pour Vie Associative. Passionn\u00e9 par le monde associatif depuis plus de 10 ans, j'ai \u00e0 c\u0153ur de partager des histoires inspirantes et de mettre en lumi\u00e8re les initiatives locales. Mon objectif est de sensibiliser et d'encourager l'engagement communautaire \u00e0 travers mes articles.","sameAs":["https:\/\/vieassociative.be\/"]}]}},"_links":{"self":[{"href":"https:\/\/vieassociative.be\/actualites\/wp-json\/wp\/v2\/posts\/7804"}],"collection":[{"href":"https:\/\/vieassociative.be\/actualites\/wp-json\/wp\/v2\/posts"}],"about":[{"href":"https:\/\/vieassociative.be\/actualites\/wp-json\/wp\/v2\/types\/post"}],"author":[{"embeddable":true,"href":"https:\/\/vieassociative.be\/actualites\/wp-json\/wp\/v2\/users\/1"}],"replies":[{"embeddable":true,"href":"https:\/\/vieassociative.be\/actualites\/wp-json\/wp\/v2\/comments?post=7804"}],"version-history":[{"count":0,"href":"https:\/\/vieassociative.be\/actualites\/wp-json\/wp\/v2\/posts\/7804\/revisions"}],"wp:featuredmedia":[{"embeddable":true,"href":"https:\/\/vieassociative.be\/actualites\/wp-json\/wp\/v2\/media\/7805"}],"wp:attachment":[{"href":"https:\/\/vieassociative.be\/actualites\/wp-json\/wp\/v2\/media?parent=7804"}],"wp:term":[{"taxonomy":"category","embeddable":true,"href":"https:\/\/vieassociative.be\/actualites\/wp-json\/wp\/v2\/categories?post=7804"},{"taxonomy":"post_tag","embeddable":true,"href":"https:\/\/vieassociative.be\/actualites\/wp-json\/wp\/v2\/tags?post=7804"}],"curies":[{"name":"wp","href":"https:\/\/api.w.org\/{rel}","templated":true}]}}