{"id":7802,"date":"2025-05-27T16:18:05","date_gmt":"2025-05-27T14:18:05","guid":{"rendered":"https:\/\/vieassociative.be\/actualites\/lengagement-controverse-delon-musk-pour-donald-trump-plonge-le-constructeur-automobile-electrique-tesla-dans-la-crise\/"},"modified":"2025-05-27T16:18:05","modified_gmt":"2025-05-27T14:18:05","slug":"lengagement-controverse-delon-musk-pour-donald-trump-plonge-le-constructeur-automobile-electrique-tesla-dans-la-crise","status":"publish","type":"post","link":"https:\/\/vieassociative.be\/actualites\/lengagement-controverse-delon-musk-pour-donald-trump-plonge-le-constructeur-automobile-electrique-tesla-dans-la-crise\/","title":{"rendered":"L&rsquo;engagement controvers\u00e9 d&rsquo;Elon Musk pour Donald Trump plonge le constructeur automobile \u00e9lectrique Tesla dans la crise"},"content":{"rendered":"<blockquote>\n<p><strong>Le constructeur am\u00e9ricain des voitures \u00e9lectriques Tesla ne peut pas continuer \u00e0 utiliser la reprise du march\u00e9 europ\u00e9en du march\u00e9 \u00e9lectrique. En avril, il a \u00e9tabli un autre amortisseur amer pour la compagnie de la soci\u00e9t\u00e9 controvers\u00e9e Boss Elon Musk.<\/strong><\/p>\n<p><span id=\"more-416477\"><\/span>Les nouvelles inscriptions de l&rsquo;Union europ\u00e9enne se sont de nouveau \u00e9cras\u00e9es, cette fois de plus de la moiti\u00e9, comme on peut le voir \u00e0 partir des donn\u00e9es de l&rsquo;ACAEA de l&rsquo;European Manufacturing ACAEA. Apr\u00e8s les quatre premiers mois de l&rsquo;ann\u00e9e, Tesla doit faire face \u00e0 moins de 46% \u00e0 seulement 41 677 voitures.<\/p>\n<p>Les opinions politiques des droits de Musk et son r\u00f4le en tant que copropri\u00e9taires du pr\u00e9sident Donald Trump dans le gouvernement am\u00e9ricain ont contribu\u00e9 \u00e0 la baisse des livraisons de Tesla ces derniers mois.<\/p>\n<\/p>\n<div id=\"attachment_412099\" class=\"wp-caption alignnone\" style=\"max-width: 300px\"><img fetchpriority=\"high\" decoding=\"async\" class=\"size-medium wp-image-412099\" src=\"https:\/\/vieassociative.be\/actualites\/wp-content\/uploads\/2025\/05\/Lengagement-controverse-dElon-Musk-pour-Donald-Trump-plonge-le-constructeur.jpg\" alt=\"\" width=\"300\" height=\"200\"  ><\/p>\n<p class=\"wp-caption-text\">11.03.2025, \u00c9tats-Unis, Washington: le pr\u00e9sident am\u00e9ricain Donald Trump (R) et Tesla-Ceo Elon Musk parlent aux journalistes devant un mod\u00e8le rouge Tesla sur la salet\u00e9 sud de la Maison Blanche. (\u00c0 DPA: \u00ab\u00a0Trump: Protest contre Tesla est pay\u00e9 par la gauche\u00a0\u00bb) Photo: &#8211; \/ Pool \/ AP \/ DPA<\/p>\n<\/div>\n<p>Musk a jou\u00e9 le d\u00e9clin: les ventes sont faibles en Europe et fortement ailleurs. Tesla a \u00e9galement remport\u00e9 des clients sur le c\u00f4t\u00e9 droit du spectre politique.<\/p>\n<p>Le march\u00e9 automobile de l&rsquo;UE dans son ensemble a \u00e9t\u00e9 sur place cette ann\u00e9e, mais il est particuli\u00e8rement attir\u00e9 par les voitures \u00e9lectriques l&rsquo;ann\u00e9e pr\u00e9c\u00e9dente. Au cours des quatre premiers mois, 15,3% des nouvelles inscriptions dans l&rsquo;UE ont repr\u00e9sent\u00e9 des voitures de batterie pure, un an plus t\u00f4t, elle n&rsquo;\u00e9tait que de 12%. En quantit\u00e9s, la croissance \u00e9tait sup\u00e9rieure \u00e0 un quart.<\/p>\n<p><strong>-VW double les livraisons de voitures \u00e9lectroniques:<\/strong> Tesla est de plus en plus sous pression sur un march\u00e9 pour lequel l&rsquo;entrepreneur controvers\u00e9 Musk avec le Gigafabrik So-appel\u00e9 \u00e0 Gr\u00fcnheide devant le Tuoren a ouvert ses tentes et a investi des milliards pour cela. Non seulement Volkswagen va faire une tourn\u00e9e avec ses voitures \u00e9lectriques et conduit Tesla sur des kilom\u00e8tres &#8211; la soci\u00e9t\u00e9 bas\u00e9e \u00e0 Wolfsburg a pu doubler les livraisons de v\u00e9hicules \u00e9lectriques purs en Europe au premier trimestre.<\/p>\n<div id=\"attachment_412105\" class=\"wp-caption alignleft\" style=\"max-width: 300px\"><img decoding=\"async\" class=\"wp-image-412105 size-medium\" src=\"https:\/\/vieassociative.be\/actualites\/wp-content\/uploads\/2025\/05\/1748355485_422_Lengagement-controverse-dElon-Musk-pour-Donald-Trump-plonge-le-constructeur.jpg\" alt=\"\" width=\"300\" height=\"199\"  ><\/p>\n<p class=\"wp-caption-text\">22.03.2025, \u00c9tats-Unis, Los Angeles: Les manifestants portent des panneaux et appellent des slogans pour protester contre la politique du pr\u00e9sident am\u00e9ricain Donald Trump et contre le patron de Tesla, Elon Musk, en face du cimeti\u00e8re national et du b\u00e2timent f\u00e9d\u00e9ral du district de Westwood de Los Angeles. Photo: Richard Vogel \/ AP \/ DPA<\/p>\n<\/div>\n<p>Le leader chinois du march\u00e9 \u00e9lectrique Byd (\u00ab\u00a0Build Your Dreams\u00a0\u00bb) est \u00e9galement assis sur Musk-More: il l&rsquo;a maintenant d\u00e9pass\u00e9 en Europe avec des disques \u00e9lectriques purs (v\u00e9hicules \u00e9lectriques BEV-Battery). Selon les donn\u00e9es des chercheurs du march\u00e9 de Jato Dynamics, le moment \u00e9tait venu pour la premi\u00e8re fois en avril.<\/p>\n<p>Dans les chiffres de Jato &#8211; les 28 pays au lieu de l&rsquo;UE &#8211; BYD ont atterri en avril avec 7 231 voitures de Tesla avec 7 165 voitures. Jato-Analyst Felipe Munoz a parl\u00e9 d&rsquo;un \u00ab\u00a0tournant\u00a0\u00bb pour le march\u00e9 automobile europ\u00e9en malgr\u00e9 le faible avantage, d&rsquo;autant plus que Tesla dirige le march\u00e9 depuis des ann\u00e9es et BYD a vraiment commenc\u00e9 en retard.<\/p>\n<p>Cependant, Elon Musk n&rsquo;a pas l&rsquo;intention de quitter le haut du constructeur automobile \u00e9lectrique Tesla. Dans une interview en sc\u00e8ne au Qatar, il a dit \u00ab\u00a0oui\u00a0\u00bb lorsqu&rsquo;on lui a demand\u00e9 s&rsquo;il serait Tesla Boss dans cinq ans. Musk a \u00e9galement r\u00e9pondu \u00e0 la demande de savoir s&rsquo;il \u00e9tait en s\u00e9curit\u00e9: \u00ab\u00a0Eh bien, non, je pouvais mourir.\u00a0\u00bb Dans le m\u00eame temps, il a confirm\u00e9 qu&rsquo;il voulait avoir plus d&rsquo;actions Tesla afin que les investisseurs critiques ne puissent pas le pousser sans emploi.<\/p>\n<div id=\"attachment_416503\" class=\"wp-caption alignleft\" style=\"max-width: 300px\"><img decoding=\"async\" class=\"wp-image-416503 size-medium\" src=\"https:\/\/vieassociative.be\/actualites\/wp-content\/uploads\/2025\/05\/1748355485_71_Lengagement-controverse-dElon-Musk-pour-Donald-Trump-plonge-le-constructeur.jpg\" alt=\"\" width=\"300\" height=\"170\"><\/p>\n<p class=\"wp-caption-text\">25\/01\/2025, Saxony-Anhalt, Halle (Saale): Le milliardaire am\u00e9ricain Elon Musk a parl\u00e9 \u00e0 Alice Weidel (R), pr\u00e9sident f\u00e9d\u00e9ral de l&rsquo;AFD, au d\u00e9but de la campagne de l&rsquo;AFD. Photo: Hendrik Schmidt \/ DPA<\/p>\n<\/div>\n<p>Les opinions politiques de Musk et son r\u00f4le de co\u00fbt du co\u00fbt du co\u00fbt du pr\u00e9sident Donald Trump dans le gouvernement am\u00e9ricain ont contribu\u00e9 \u00e0 la baisse des livraisons de Tesla ces derniers mois. Musk a jou\u00e9 le d\u00e9clin: les ventes sont faibles en Europe et fortement ailleurs. Tesla a \u00e9galement remport\u00e9 des clients sur le c\u00f4t\u00e9 droit du spectre politique.<\/p>\n<p>Il y a quelques semaines, le \u00ab\u00a0Wall Street Journal\u00a0\u00bb a rapport\u00e9 que des membres du conseil d&rsquo;administration de Tesla avaient contact\u00e9 les soci\u00e9t\u00e9s de chasseurs de t\u00eates pour lancer la recherche d&rsquo;un nouveau patron. Tesla a rejet\u00e9 qu&rsquo;il y avait eu une pouss\u00e9e du conseil d&rsquo;administration.<\/p>\n<p>Musk a \u00e9galement d\u00e9clar\u00e9 qu&rsquo;il d\u00e9penserait probablement moins d&rsquo;argent \u00e0 des fins politiques \u00e0 l&rsquo;avenir. \u00ab\u00a0Je pense que j&rsquo;en ai fait assez\u00a0\u00bb, a-t-il d\u00e9clar\u00e9 au motif. Musk a fait don de plus de 250 millions de dollars pour la campagne \u00e9lectorale de Trump l&rsquo;ann\u00e9e derni\u00e8re et est parfois devenu un proche confident du pr\u00e9sident am\u00e9ricain. S&rsquo;il verra une raison de d\u00e9penser de l&rsquo;argent pour la politique \u00e0 l&rsquo;avenir, il recommencera, a ajout\u00e9 Musk. \u00ab\u00a0Pour le moment, je ne vois aucune raison.\u00a0\u00bb (DPA)<\/p>\n<\/blockquote>\n","protected":false},"excerpt":{"rendered":"<p>Le constructeur am\u00e9ricain des voitures \u00e9lectriques Tesla ne peut pas continuer \u00e0 utiliser la reprise du march\u00e9 europ\u00e9en du march\u00e9 \u00e9lectrique. En avril, il a<\/p>\n","protected":false},"author":1,"featured_media":7803,"comment_status":"","ping_status":"","sticky":false,"template":"","format":"standard","meta":{"footnotes":""},"categories":[298],"tags":[2744,7177,7174,644,166,7175,2424,4721,2733,3149,7176,81,5802,2425],"class_list":["post-7802","post","type-post","status-publish","format-standard","has-post-thumbnail","hentry","category-belgique","tag-automobile","tag-constructeur","tag-controverse","tag-crise","tag-dans","tag-delon","tag-donald","tag-electrique","tag-lengagement","tag-musk","tag-plonge","tag-pour","tag-tesla","tag-trump","generate-columns","tablet-grid-50","mobile-grid-100","grid-parent","grid-33"],"yoast_head":"<!-- This site is optimized with the Yoast SEO plugin v24.0 - https:\/\/yoast.com\/wordpress\/plugins\/seo\/ -->\n<title>L&#039;engagement controvers\u00e9 d&#039;Elon Musk pour Donald Trump plonge le constructeur automobile \u00e9lectrique Tesla dans la crise | Vie Associative<\/title>\n<meta name=\"robots\" content=\"index, follow, max-snippet:-1, max-image-preview:large, max-video-preview:-1\" \/>\n<link rel=\"canonical\" href=\"https:\/\/vieassociative.be\/actualites\/lengagement-controverse-delon-musk-pour-donald-trump-plonge-le-constructeur-automobile-electrique-tesla-dans-la-crise\/\" \/>\n<meta property=\"og:locale\" content=\"fr_FR\" \/>\n<meta property=\"og:type\" content=\"article\" \/>\n<meta property=\"og:title\" content=\"L&#039;engagement controvers\u00e9 d&#039;Elon Musk pour Donald Trump plonge le constructeur automobile \u00e9lectrique Tesla dans la crise | Vie Associative\" \/>\n<meta property=\"og:description\" content=\"Le constructeur am\u00e9ricain des voitures \u00e9lectriques Tesla ne peut pas continuer \u00e0 utiliser la reprise du march\u00e9 europ\u00e9en du march\u00e9 \u00e9lectrique. En avril, il a\" \/>\n<meta property=\"og:url\" content=\"https:\/\/vieassociative.be\/actualites\/lengagement-controverse-delon-musk-pour-donald-trump-plonge-le-constructeur-automobile-electrique-tesla-dans-la-crise\/\" \/>\n<meta property=\"og:site_name\" content=\"Vie Associative\" \/>\n<meta property=\"article:published_time\" content=\"2025-05-27T14:18:05+00:00\" \/>\n<meta property=\"og:image\" content=\"https:\/\/vieassociative.be\/actualites\/wp-content\/uploads\/2024\/09\/header_backgroundk-01-e1726694325946.png\" \/>\n\t<meta property=\"og:image:width\" content=\"279\" \/>\n\t<meta property=\"og:image:height\" content=\"92\" \/>\n\t<meta property=\"og:image:type\" content=\"image\/png\" \/>\n<meta name=\"author\" content=\"Julien\" \/>\n<meta name=\"twitter:card\" content=\"summary_large_image\" \/>\n<meta name=\"twitter:label1\" content=\"\u00c9crit par\" \/>\n\t<meta name=\"twitter:data1\" content=\"Julien\" \/>\n\t<meta name=\"twitter:label2\" content=\"Dur\u00e9e de lecture est.\" \/>\n\t<meta name=\"twitter:data2\" content=\"4 minutes\" \/>\n<script type=\"application\/ld+json\" class=\"yoast-schema-graph\">{\"@context\":\"https:\/\/schema.org\",\"@graph\":[{\"@type\":\"Article\",\"@id\":\"https:\/\/vieassociative.be\/actualites\/lengagement-controverse-delon-musk-pour-donald-trump-plonge-le-constructeur-automobile-electrique-tesla-dans-la-crise\/#article\",\"isPartOf\":{\"@id\":\"https:\/\/vieassociative.be\/actualites\/lengagement-controverse-delon-musk-pour-donald-trump-plonge-le-constructeur-automobile-electrique-tesla-dans-la-crise\/\"},\"author\":{\"name\":\"Julien\",\"@id\":\"https:\/\/vieassociative.be\/actualites\/#\/schema\/person\/b87ac4f82f9d4e7b7cec7395b679edc4\"},\"headline\":\"L&rsquo;engagement controvers\u00e9 d&rsquo;Elon Musk pour Donald Trump plonge le constructeur automobile \u00e9lectrique Tesla dans la crise\",\"datePublished\":\"2025-05-27T14:18:05+00:00\",\"dateModified\":\"2025-05-27T14:18:05+00:00\",\"mainEntityOfPage\":{\"@id\":\"https:\/\/vieassociative.be\/actualites\/lengagement-controverse-delon-musk-pour-donald-trump-plonge-le-constructeur-automobile-electrique-tesla-dans-la-crise\/\"},\"wordCount\":901,\"publisher\":{\"@id\":\"https:\/\/vieassociative.be\/actualites\/#organization\"},\"image\":{\"@id\":\"https:\/\/vieassociative.be\/actualites\/lengagement-controverse-delon-musk-pour-donald-trump-plonge-le-constructeur-automobile-electrique-tesla-dans-la-crise\/#primaryimage\"},\"thumbnailUrl\":\"https:\/\/vieassociative.be\/actualites\/wp-content\/uploads\/2025\/05\/1748355485_Lengagement-controverse-dElon-Musk-pour-Donald-Trump-plonge-le-constructeur.jpg\",\"keywords\":[\"automobile\",\"constructeur\",\"controvers\u00e9\",\"Crise\",\"dans\",\"dElon\",\"Donald\",\"\u00e9lectrique\",\"lengagement\",\"Musk\",\"plonge\",\"pour\",\"Tesla\",\"Trump\"],\"articleSection\":[\"Belgique\"],\"inLanguage\":\"fr-BE\"},{\"@type\":\"WebPage\",\"@id\":\"https:\/\/vieassociative.be\/actualites\/lengagement-controverse-delon-musk-pour-donald-trump-plonge-le-constructeur-automobile-electrique-tesla-dans-la-crise\/\",\"url\":\"https:\/\/vieassociative.be\/actualites\/lengagement-controverse-delon-musk-pour-donald-trump-plonge-le-constructeur-automobile-electrique-tesla-dans-la-crise\/\",\"name\":\"L'engagement controvers\u00e9 d'Elon Musk pour Donald Trump plonge le constructeur automobile \u00e9lectrique Tesla dans la crise | Vie Associative\",\"isPartOf\":{\"@id\":\"https:\/\/vieassociative.be\/actualites\/#website\"},\"primaryImageOfPage\":{\"@id\":\"https:\/\/vieassociative.be\/actualites\/lengagement-controverse-delon-musk-pour-donald-trump-plonge-le-constructeur-automobile-electrique-tesla-dans-la-crise\/#primaryimage\"},\"image\":{\"@id\":\"https:\/\/vieassociative.be\/actualites\/lengagement-controverse-delon-musk-pour-donald-trump-plonge-le-constructeur-automobile-electrique-tesla-dans-la-crise\/#primaryimage\"},\"thumbnailUrl\":\"https:\/\/vieassociative.be\/actualites\/wp-content\/uploads\/2025\/05\/1748355485_Lengagement-controverse-dElon-Musk-pour-Donald-Trump-plonge-le-constructeur.jpg\",\"datePublished\":\"2025-05-27T14:18:05+00:00\",\"dateModified\":\"2025-05-27T14:18:05+00:00\",\"breadcrumb\":{\"@id\":\"https:\/\/vieassociative.be\/actualites\/lengagement-controverse-delon-musk-pour-donald-trump-plonge-le-constructeur-automobile-electrique-tesla-dans-la-crise\/#breadcrumb\"},\"inLanguage\":\"fr-BE\",\"potentialAction\":[{\"@type\":\"ReadAction\",\"target\":[\"https:\/\/vieassociative.be\/actualites\/lengagement-controverse-delon-musk-pour-donald-trump-plonge-le-constructeur-automobile-electrique-tesla-dans-la-crise\/\"]}]},{\"@type\":\"ImageObject\",\"inLanguage\":\"fr-BE\",\"@id\":\"https:\/\/vieassociative.be\/actualites\/lengagement-controverse-delon-musk-pour-donald-trump-plonge-le-constructeur-automobile-electrique-tesla-dans-la-crise\/#primaryimage\",\"url\":\"https:\/\/vieassociative.be\/actualites\/wp-content\/uploads\/2025\/05\/1748355485_Lengagement-controverse-dElon-Musk-pour-Donald-Trump-plonge-le-constructeur.jpg\",\"contentUrl\":\"https:\/\/vieassociative.be\/actualites\/wp-content\/uploads\/2025\/05\/1748355485_Lengagement-controverse-dElon-Musk-pour-Donald-Trump-plonge-le-constructeur.jpg\",\"width\":1200,\"height\":803,\"caption\":\"L'engagement controvers\u00e9 d'Elon Musk pour Donald Trump plonge le constructeur automobile \u00e9lectrique Tesla dans la crise\"},{\"@type\":\"BreadcrumbList\",\"@id\":\"https:\/\/vieassociative.be\/actualites\/lengagement-controverse-delon-musk-pour-donald-trump-plonge-le-constructeur-automobile-electrique-tesla-dans-la-crise\/#breadcrumb\",\"itemListElement\":[{\"@type\":\"ListItem\",\"position\":1,\"name\":\"Accueil\",\"item\":\"https:\/\/vieassociative.be\/actualites\/\"},{\"@type\":\"ListItem\",\"position\":2,\"name\":\"L&rsquo;engagement controvers\u00e9 d&rsquo;Elon Musk pour Donald Trump plonge le constructeur automobile \u00e9lectrique Tesla dans la crise\"}]},{\"@type\":\"WebSite\",\"@id\":\"https:\/\/vieassociative.be\/actualites\/#website\",\"url\":\"https:\/\/vieassociative.be\/actualites\/\",\"name\":\"Vie Associative\",\"description\":\"\",\"publisher\":{\"@id\":\"https:\/\/vieassociative.be\/actualites\/#organization\"},\"potentialAction\":[{\"@type\":\"SearchAction\",\"target\":{\"@type\":\"EntryPoint\",\"urlTemplate\":\"https:\/\/vieassociative.be\/actualites\/?s={search_term_string}\"},\"query-input\":{\"@type\":\"PropertyValueSpecification\",\"valueRequired\":true,\"valueName\":\"search_term_string\"}}],\"inLanguage\":\"fr-BE\"},{\"@type\":\"Organization\",\"@id\":\"https:\/\/vieassociative.be\/actualites\/#organization\",\"name\":\"Vie Associative\",\"url\":\"https:\/\/vieassociative.be\/actualites\/\",\"logo\":{\"@type\":\"ImageObject\",\"inLanguage\":\"fr-BE\",\"@id\":\"https:\/\/vieassociative.be\/actualites\/#\/schema\/logo\/image\/\",\"url\":\"https:\/\/vieassociative.be\/actualites\/wp-content\/uploads\/2024\/09\/cropped-vieassociative_favicon.ico.png\",\"contentUrl\":\"https:\/\/vieassociative.be\/actualites\/wp-content\/uploads\/2024\/09\/cropped-vieassociative_favicon.ico.png\",\"width\":512,\"height\":512,\"caption\":\"Vie Associative\"},\"image\":{\"@id\":\"https:\/\/vieassociative.be\/actualites\/#\/schema\/logo\/image\/\"}},{\"@type\":\"Person\",\"@id\":\"https:\/\/vieassociative.be\/actualites\/#\/schema\/person\/b87ac4f82f9d4e7b7cec7395b679edc4\",\"name\":\"Julien\",\"image\":{\"@type\":\"ImageObject\",\"inLanguage\":\"fr-BE\",\"@id\":\"https:\/\/vieassociative.be\/actualites\/#\/schema\/person\/image\/\",\"url\":\"https:\/\/vieassociative.be\/actualites\/wp-content\/uploads\/2024\/09\/vie-associative-1-150x150.jpg\",\"contentUrl\":\"https:\/\/vieassociative.be\/actualites\/wp-content\/uploads\/2024\/09\/vie-associative-1-150x150.jpg\",\"caption\":\"Julien\"},\"description\":\"Je suis Julien, r\u00e9dacteur pour Vie Associative. Passionn\u00e9 par le monde associatif depuis plus de 10 ans, j'ai \u00e0 c\u0153ur de partager des histoires inspirantes et de mettre en lumi\u00e8re les initiatives locales. Mon objectif est de sensibiliser et d'encourager l'engagement communautaire \u00e0 travers mes articles.\",\"sameAs\":[\"https:\/\/vieassociative.be\/\"]}]}<\/script>\n<!-- \/ Yoast SEO plugin. -->","yoast_head_json":{"title":"L'engagement controvers\u00e9 d'Elon Musk pour Donald Trump plonge le constructeur automobile \u00e9lectrique Tesla dans la crise | Vie Associative","robots":{"index":"index","follow":"follow","max-snippet":"max-snippet:-1","max-image-preview":"max-image-preview:large","max-video-preview":"max-video-preview:-1"},"canonical":"https:\/\/vieassociative.be\/actualites\/lengagement-controverse-delon-musk-pour-donald-trump-plonge-le-constructeur-automobile-electrique-tesla-dans-la-crise\/","og_locale":"fr_FR","og_type":"article","og_title":"L'engagement controvers\u00e9 d'Elon Musk pour Donald Trump plonge le constructeur automobile \u00e9lectrique Tesla dans la crise | Vie Associative","og_description":"Le constructeur am\u00e9ricain des voitures \u00e9lectriques Tesla ne peut pas continuer \u00e0 utiliser la reprise du march\u00e9 europ\u00e9en du march\u00e9 \u00e9lectrique. En avril, il a","og_url":"https:\/\/vieassociative.be\/actualites\/lengagement-controverse-delon-musk-pour-donald-trump-plonge-le-constructeur-automobile-electrique-tesla-dans-la-crise\/","og_site_name":"Vie Associative","article_published_time":"2025-05-27T14:18:05+00:00","og_image":[{"width":279,"height":92,"url":"https:\/\/vieassociative.be\/actualites\/wp-content\/uploads\/2024\/09\/header_backgroundk-01-e1726694325946.png","type":"image\/png"}],"author":"Julien","twitter_card":"summary_large_image","twitter_misc":{"\u00c9crit par":"Julien","Dur\u00e9e de lecture est.":"4 minutes"},"schema":{"@context":"https:\/\/schema.org","@graph":[{"@type":"Article","@id":"https:\/\/vieassociative.be\/actualites\/lengagement-controverse-delon-musk-pour-donald-trump-plonge-le-constructeur-automobile-electrique-tesla-dans-la-crise\/#article","isPartOf":{"@id":"https:\/\/vieassociative.be\/actualites\/lengagement-controverse-delon-musk-pour-donald-trump-plonge-le-constructeur-automobile-electrique-tesla-dans-la-crise\/"},"author":{"name":"Julien","@id":"https:\/\/vieassociative.be\/actualites\/#\/schema\/person\/b87ac4f82f9d4e7b7cec7395b679edc4"},"headline":"L&rsquo;engagement controvers\u00e9 d&rsquo;Elon Musk pour Donald Trump plonge le constructeur automobile \u00e9lectrique Tesla dans la crise","datePublished":"2025-05-27T14:18:05+00:00","dateModified":"2025-05-27T14:18:05+00:00","mainEntityOfPage":{"@id":"https:\/\/vieassociative.be\/actualites\/lengagement-controverse-delon-musk-pour-donald-trump-plonge-le-constructeur-automobile-electrique-tesla-dans-la-crise\/"},"wordCount":901,"publisher":{"@id":"https:\/\/vieassociative.be\/actualites\/#organization"},"image":{"@id":"https:\/\/vieassociative.be\/actualites\/lengagement-controverse-delon-musk-pour-donald-trump-plonge-le-constructeur-automobile-electrique-tesla-dans-la-crise\/#primaryimage"},"thumbnailUrl":"https:\/\/vieassociative.be\/actualites\/wp-content\/uploads\/2025\/05\/1748355485_Lengagement-controverse-dElon-Musk-pour-Donald-Trump-plonge-le-constructeur.jpg","keywords":["automobile","constructeur","controvers\u00e9","Crise","dans","dElon","Donald","\u00e9lectrique","lengagement","Musk","plonge","pour","Tesla","Trump"],"articleSection":["Belgique"],"inLanguage":"fr-BE"},{"@type":"WebPage","@id":"https:\/\/vieassociative.be\/actualites\/lengagement-controverse-delon-musk-pour-donald-trump-plonge-le-constructeur-automobile-electrique-tesla-dans-la-crise\/","url":"https:\/\/vieassociative.be\/actualites\/lengagement-controverse-delon-musk-pour-donald-trump-plonge-le-constructeur-automobile-electrique-tesla-dans-la-crise\/","name":"L'engagement controvers\u00e9 d'Elon Musk pour Donald Trump plonge le constructeur automobile \u00e9lectrique Tesla dans la crise | Vie Associative","isPartOf":{"@id":"https:\/\/vieassociative.be\/actualites\/#website"},"primaryImageOfPage":{"@id":"https:\/\/vieassociative.be\/actualites\/lengagement-controverse-delon-musk-pour-donald-trump-plonge-le-constructeur-automobile-electrique-tesla-dans-la-crise\/#primaryimage"},"image":{"@id":"https:\/\/vieassociative.be\/actualites\/lengagement-controverse-delon-musk-pour-donald-trump-plonge-le-constructeur-automobile-electrique-tesla-dans-la-crise\/#primaryimage"},"thumbnailUrl":"https:\/\/vieassociative.be\/actualites\/wp-content\/uploads\/2025\/05\/1748355485_Lengagement-controverse-dElon-Musk-pour-Donald-Trump-plonge-le-constructeur.jpg","datePublished":"2025-05-27T14:18:05+00:00","dateModified":"2025-05-27T14:18:05+00:00","breadcrumb":{"@id":"https:\/\/vieassociative.be\/actualites\/lengagement-controverse-delon-musk-pour-donald-trump-plonge-le-constructeur-automobile-electrique-tesla-dans-la-crise\/#breadcrumb"},"inLanguage":"fr-BE","potentialAction":[{"@type":"ReadAction","target":["https:\/\/vieassociative.be\/actualites\/lengagement-controverse-delon-musk-pour-donald-trump-plonge-le-constructeur-automobile-electrique-tesla-dans-la-crise\/"]}]},{"@type":"ImageObject","inLanguage":"fr-BE","@id":"https:\/\/vieassociative.be\/actualites\/lengagement-controverse-delon-musk-pour-donald-trump-plonge-le-constructeur-automobile-electrique-tesla-dans-la-crise\/#primaryimage","url":"https:\/\/vieassociative.be\/actualites\/wp-content\/uploads\/2025\/05\/1748355485_Lengagement-controverse-dElon-Musk-pour-Donald-Trump-plonge-le-constructeur.jpg","contentUrl":"https:\/\/vieassociative.be\/actualites\/wp-content\/uploads\/2025\/05\/1748355485_Lengagement-controverse-dElon-Musk-pour-Donald-Trump-plonge-le-constructeur.jpg","width":1200,"height":803,"caption":"L'engagement controvers\u00e9 d'Elon Musk pour Donald Trump plonge le constructeur automobile \u00e9lectrique Tesla dans la crise"},{"@type":"BreadcrumbList","@id":"https:\/\/vieassociative.be\/actualites\/lengagement-controverse-delon-musk-pour-donald-trump-plonge-le-constructeur-automobile-electrique-tesla-dans-la-crise\/#breadcrumb","itemListElement":[{"@type":"ListItem","position":1,"name":"Accueil","item":"https:\/\/vieassociative.be\/actualites\/"},{"@type":"ListItem","position":2,"name":"L&rsquo;engagement controvers\u00e9 d&rsquo;Elon Musk pour Donald Trump plonge le constructeur automobile \u00e9lectrique Tesla dans la crise"}]},{"@type":"WebSite","@id":"https:\/\/vieassociative.be\/actualites\/#website","url":"https:\/\/vieassociative.be\/actualites\/","name":"Vie Associative","description":"","publisher":{"@id":"https:\/\/vieassociative.be\/actualites\/#organization"},"potentialAction":[{"@type":"SearchAction","target":{"@type":"EntryPoint","urlTemplate":"https:\/\/vieassociative.be\/actualites\/?s={search_term_string}"},"query-input":{"@type":"PropertyValueSpecification","valueRequired":true,"valueName":"search_term_string"}}],"inLanguage":"fr-BE"},{"@type":"Organization","@id":"https:\/\/vieassociative.be\/actualites\/#organization","name":"Vie Associative","url":"https:\/\/vieassociative.be\/actualites\/","logo":{"@type":"ImageObject","inLanguage":"fr-BE","@id":"https:\/\/vieassociative.be\/actualites\/#\/schema\/logo\/image\/","url":"https:\/\/vieassociative.be\/actualites\/wp-content\/uploads\/2024\/09\/cropped-vieassociative_favicon.ico.png","contentUrl":"https:\/\/vieassociative.be\/actualites\/wp-content\/uploads\/2024\/09\/cropped-vieassociative_favicon.ico.png","width":512,"height":512,"caption":"Vie Associative"},"image":{"@id":"https:\/\/vieassociative.be\/actualites\/#\/schema\/logo\/image\/"}},{"@type":"Person","@id":"https:\/\/vieassociative.be\/actualites\/#\/schema\/person\/b87ac4f82f9d4e7b7cec7395b679edc4","name":"Julien","image":{"@type":"ImageObject","inLanguage":"fr-BE","@id":"https:\/\/vieassociative.be\/actualites\/#\/schema\/person\/image\/","url":"https:\/\/vieassociative.be\/actualites\/wp-content\/uploads\/2024\/09\/vie-associative-1-150x150.jpg","contentUrl":"https:\/\/vieassociative.be\/actualites\/wp-content\/uploads\/2024\/09\/vie-associative-1-150x150.jpg","caption":"Julien"},"description":"Je suis Julien, r\u00e9dacteur pour Vie Associative. Passionn\u00e9 par le monde associatif depuis plus de 10 ans, j'ai \u00e0 c\u0153ur de partager des histoires inspirantes et de mettre en lumi\u00e8re les initiatives locales. Mon objectif est de sensibiliser et d'encourager l'engagement communautaire \u00e0 travers mes articles.","sameAs":["https:\/\/vieassociative.be\/"]}]}},"_links":{"self":[{"href":"https:\/\/vieassociative.be\/actualites\/wp-json\/wp\/v2\/posts\/7802"}],"collection":[{"href":"https:\/\/vieassociative.be\/actualites\/wp-json\/wp\/v2\/posts"}],"about":[{"href":"https:\/\/vieassociative.be\/actualites\/wp-json\/wp\/v2\/types\/post"}],"author":[{"embeddable":true,"href":"https:\/\/vieassociative.be\/actualites\/wp-json\/wp\/v2\/users\/1"}],"replies":[{"embeddable":true,"href":"https:\/\/vieassociative.be\/actualites\/wp-json\/wp\/v2\/comments?post=7802"}],"version-history":[{"count":0,"href":"https:\/\/vieassociative.be\/actualites\/wp-json\/wp\/v2\/posts\/7802\/revisions"}],"wp:featuredmedia":[{"embeddable":true,"href":"https:\/\/vieassociative.be\/actualites\/wp-json\/wp\/v2\/media\/7803"}],"wp:attachment":[{"href":"https:\/\/vieassociative.be\/actualites\/wp-json\/wp\/v2\/media?parent=7802"}],"wp:term":[{"taxonomy":"category","embeddable":true,"href":"https:\/\/vieassociative.be\/actualites\/wp-json\/wp\/v2\/categories?post=7802"},{"taxonomy":"post_tag","embeddable":true,"href":"https:\/\/vieassociative.be\/actualites\/wp-json\/wp\/v2\/tags?post=7802"}],"curies":[{"name":"wp","href":"https:\/\/api.w.org\/{rel}","templated":true}]}}