{"id":7792,"date":"2025-05-27T04:18:32","date_gmt":"2025-05-27T02:18:32","guid":{"rendered":"https:\/\/vieassociative.be\/actualites\/heidenheim-reste-la-premiere-classe-elversberger-a-casse\/"},"modified":"2025-05-27T04:18:32","modified_gmt":"2025-05-27T02:18:32","slug":"heidenheim-reste-la-premiere-classe-elversberger-a-casse","status":"publish","type":"post","link":"https:\/\/vieassociative.be\/actualites\/heidenheim-reste-la-premiere-classe-elversberger-a-casse\/","title":{"rendered":"Heidenheim reste la premi\u00e8re classe &#8211; Elversberger a cass\u00e9"},"content":{"rendered":"<p><strong>Le 1. FC Heidenheim a combattu pour une troisi\u00e8me ann\u00e9e de la Bundesliga. L&rsquo;\u00e9quipe de Frank Schmidt termine le conte de f\u00e9es de football Elversberger avec un but tardif.<\/strong><\/p>\n<p><span id=\"more-416451\"><\/span>Le 1er FC Heidenheim a laiss\u00e9 le r\u00eave du club du village SV Elversberg a \u00e9clat\u00e9 de la premi\u00e8re promotion \u00e0 la Bundesliga et a obtenu la rel\u00e9gation sur la derni\u00e8re presse. L&rsquo;\u00e9quipe d&rsquo;Ostalb a remport\u00e9 le secondaire de la rel\u00e9gation avec les Saarlanders 2-1 (1: 1) \u00e0 travers un but dans le temps suppl\u00e9mentaire et se rend en classe d&rsquo;\u00e9lite apr\u00e8s le 2-2 \u00e0 la premi\u00e8re \u00e9tape.<\/p>\n<div id=\"attachment_416456\" class=\"wp-caption alignleft\" style=\"max-width: 300px\"><img fetchpriority=\"high\" decoding=\"async\" class=\"wp-image-416456 size-medium\" src=\"https:\/\/vieassociative.be\/actualites\/wp-content\/uploads\/2025\/05\/Heidenheim-reste-la-premiere-classe-Elversberger-a-casse.jpg\" alt=\"\" width=\"300\" height=\"203\"><\/p>\n<p class=\"wp-caption-text\">26 mai 2025, Saarland, Spiesen-Elversberg: l&rsquo;entra\u00eeneur Frank Schmidt du 1. Le FC Heidenheim encourage la victoire. Photo: Silas Sch\u00fcller \/ Defodi Images \/ DPA<\/p>\n<\/div>\n<p>Devant 10 000 spectateurs, Mathias Honsak a marqu\u00e9 les buts pour l&rsquo;\u00e9quipe de l&rsquo;entra\u00eeneur Frank Schmidt \u00e0 la 9e minute et Leonardo Scienza (90. + 5), qui l&rsquo;ann\u00e9e de match en tant que tableau 16. avait termin\u00e9 VFL Bochum et Holstein Kiel devant les rel\u00e9gations.<\/p>\n<p>La r\u00e9mun\u00e9ration de Robin Fellhauer (31e) entre-temps, qui s&rsquo;\u00e9tait qualifi\u00e9e en tant que troisi\u00e8me de la 2e ligue pour la rel\u00e9gation, n&rsquo;\u00e9tait pas suffisante pour la promotion de Bundesliga. Le 1er FC K\u00f6ln et Hamburger SV l&rsquo;avaient obtenu directement.<\/p>\n<p>Avec la victoire, les Heidenheimers, qui ont m\u00eame jou\u00e9 \u00e0 l&rsquo;international dans la ligue de la conf\u00e9rence cette saison, ont arr\u00eat\u00e9 le voyage de conte de f\u00e9es du SVE. Il y a quatre ans, les Saarlanders ont toujours donn\u00e9 des coups de pied dans la ligue r\u00e9gionale. Puis l&rsquo;ascension &#8211; 2022 dans la 3e division, en 2023 dans la 2e Bundesliga. L&rsquo;\u00e9quipe de l&rsquo;entra\u00eeneur Horst Steffen n&rsquo;\u00e9tait pas suffisante pour le tr\u00e8s gros coup d&rsquo;\u00c9tat. (DPA)<\/p>\n","protected":false},"excerpt":{"rendered":"<p>Le 1. FC Heidenheim a combattu pour une troisi\u00e8me ann\u00e9e de la Bundesliga. L&rsquo;\u00e9quipe de Frank Schmidt termine le conte de f\u00e9es de football Elversberger<\/p>\n","protected":false},"author":1,"featured_media":7793,"comment_status":"","ping_status":"","sticky":false,"template":"","format":"standard","meta":{"footnotes":""},"categories":[298],"tags":[5702,1246,7166,5109,610,1856],"class_list":["post-7792","post","type-post","status-publish","format-standard","has-post-thumbnail","hentry","category-belgique","tag-casse","tag-classe","tag-elversberger","tag-heidenheim","tag-premiere","tag-reste","generate-columns","tablet-grid-50","mobile-grid-100","grid-parent","grid-33"],"yoast_head":"<!-- This site is optimized with the Yoast SEO plugin v24.0 - https:\/\/yoast.com\/wordpress\/plugins\/seo\/ -->\n<title>Heidenheim reste la premi\u00e8re classe - Elversberger a cass\u00e9 | Vie Associative<\/title>\n<meta name=\"robots\" content=\"index, follow, max-snippet:-1, max-image-preview:large, max-video-preview:-1\" \/>\n<link rel=\"canonical\" href=\"https:\/\/vieassociative.be\/actualites\/heidenheim-reste-la-premiere-classe-elversberger-a-casse\/\" \/>\n<meta property=\"og:locale\" content=\"fr_FR\" \/>\n<meta property=\"og:type\" content=\"article\" \/>\n<meta property=\"og:title\" content=\"Heidenheim reste la premi\u00e8re classe - Elversberger a cass\u00e9 | Vie Associative\" \/>\n<meta property=\"og:description\" content=\"Le 1. FC Heidenheim a combattu pour une troisi\u00e8me ann\u00e9e de la Bundesliga. L&rsquo;\u00e9quipe de Frank Schmidt termine le conte de f\u00e9es de football Elversberger\" \/>\n<meta property=\"og:url\" content=\"https:\/\/vieassociative.be\/actualites\/heidenheim-reste-la-premiere-classe-elversberger-a-casse\/\" \/>\n<meta property=\"og:site_name\" content=\"Vie Associative\" \/>\n<meta property=\"article:published_time\" content=\"2025-05-27T02:18:32+00:00\" \/>\n<meta property=\"og:image\" content=\"https:\/\/vieassociative.be\/actualites\/wp-content\/uploads\/2024\/09\/header_backgroundk-01-e1726694325946.png\" \/>\n\t<meta property=\"og:image:width\" content=\"279\" \/>\n\t<meta property=\"og:image:height\" content=\"92\" \/>\n\t<meta property=\"og:image:type\" content=\"image\/png\" \/>\n<meta name=\"author\" content=\"Julien\" \/>\n<meta name=\"twitter:card\" content=\"summary_large_image\" \/>\n<meta name=\"twitter:label1\" content=\"\u00c9crit par\" \/>\n\t<meta name=\"twitter:data1\" content=\"Julien\" \/>\n\t<meta name=\"twitter:label2\" content=\"Dur\u00e9e de lecture est.\" \/>\n\t<meta name=\"twitter:data2\" content=\"1 minute\" \/>\n<script type=\"application\/ld+json\" class=\"yoast-schema-graph\">{\"@context\":\"https:\/\/schema.org\",\"@graph\":[{\"@type\":\"Article\",\"@id\":\"https:\/\/vieassociative.be\/actualites\/heidenheim-reste-la-premiere-classe-elversberger-a-casse\/#article\",\"isPartOf\":{\"@id\":\"https:\/\/vieassociative.be\/actualites\/heidenheim-reste-la-premiere-classe-elversberger-a-casse\/\"},\"author\":{\"name\":\"Julien\",\"@id\":\"https:\/\/vieassociative.be\/actualites\/#\/schema\/person\/b87ac4f82f9d4e7b7cec7395b679edc4\"},\"headline\":\"Heidenheim reste la premi\u00e8re classe &#8211; Elversberger a cass\u00e9\",\"datePublished\":\"2025-05-27T02:18:32+00:00\",\"dateModified\":\"2025-05-27T02:18:32+00:00\",\"mainEntityOfPage\":{\"@id\":\"https:\/\/vieassociative.be\/actualites\/heidenheim-reste-la-premiere-classe-elversberger-a-casse\/\"},\"wordCount\":316,\"publisher\":{\"@id\":\"https:\/\/vieassociative.be\/actualites\/#organization\"},\"image\":{\"@id\":\"https:\/\/vieassociative.be\/actualites\/heidenheim-reste-la-premiere-classe-elversberger-a-casse\/#primaryimage\"},\"thumbnailUrl\":\"https:\/\/vieassociative.be\/actualites\/wp-content\/uploads\/2025\/05\/1748312313_Heidenheim-reste-la-premiere-classe-Elversberger-a-casse.jpg\",\"keywords\":[\"cass\u00e9\",\"classe\",\"Elversberger\",\"Heidenheim\",\"premi\u00e8re\",\"reste\"],\"articleSection\":[\"Belgique\"],\"inLanguage\":\"fr-BE\"},{\"@type\":\"WebPage\",\"@id\":\"https:\/\/vieassociative.be\/actualites\/heidenheim-reste-la-premiere-classe-elversberger-a-casse\/\",\"url\":\"https:\/\/vieassociative.be\/actualites\/heidenheim-reste-la-premiere-classe-elversberger-a-casse\/\",\"name\":\"Heidenheim reste la premi\u00e8re classe - Elversberger a cass\u00e9 | Vie Associative\",\"isPartOf\":{\"@id\":\"https:\/\/vieassociative.be\/actualites\/#website\"},\"primaryImageOfPage\":{\"@id\":\"https:\/\/vieassociative.be\/actualites\/heidenheim-reste-la-premiere-classe-elversberger-a-casse\/#primaryimage\"},\"image\":{\"@id\":\"https:\/\/vieassociative.be\/actualites\/heidenheim-reste-la-premiere-classe-elversberger-a-casse\/#primaryimage\"},\"thumbnailUrl\":\"https:\/\/vieassociative.be\/actualites\/wp-content\/uploads\/2025\/05\/1748312313_Heidenheim-reste-la-premiere-classe-Elversberger-a-casse.jpg\",\"datePublished\":\"2025-05-27T02:18:32+00:00\",\"dateModified\":\"2025-05-27T02:18:32+00:00\",\"breadcrumb\":{\"@id\":\"https:\/\/vieassociative.be\/actualites\/heidenheim-reste-la-premiere-classe-elversberger-a-casse\/#breadcrumb\"},\"inLanguage\":\"fr-BE\",\"potentialAction\":[{\"@type\":\"ReadAction\",\"target\":[\"https:\/\/vieassociative.be\/actualites\/heidenheim-reste-la-premiere-classe-elversberger-a-casse\/\"]}]},{\"@type\":\"ImageObject\",\"inLanguage\":\"fr-BE\",\"@id\":\"https:\/\/vieassociative.be\/actualites\/heidenheim-reste-la-premiere-classe-elversberger-a-casse\/#primaryimage\",\"url\":\"https:\/\/vieassociative.be\/actualites\/wp-content\/uploads\/2025\/05\/1748312313_Heidenheim-reste-la-premiere-classe-Elversberger-a-casse.jpg\",\"contentUrl\":\"https:\/\/vieassociative.be\/actualites\/wp-content\/uploads\/2025\/05\/1748312313_Heidenheim-reste-la-premiere-classe-Elversberger-a-casse.jpg\",\"width\":1200,\"height\":929,\"caption\":\"Heidenheim reste la premi\u00e8re classe - Elversberger a cass\u00e9\"},{\"@type\":\"BreadcrumbList\",\"@id\":\"https:\/\/vieassociative.be\/actualites\/heidenheim-reste-la-premiere-classe-elversberger-a-casse\/#breadcrumb\",\"itemListElement\":[{\"@type\":\"ListItem\",\"position\":1,\"name\":\"Accueil\",\"item\":\"https:\/\/vieassociative.be\/actualites\/\"},{\"@type\":\"ListItem\",\"position\":2,\"name\":\"Heidenheim reste la premi\u00e8re classe &#8211; Elversberger a cass\u00e9\"}]},{\"@type\":\"WebSite\",\"@id\":\"https:\/\/vieassociative.be\/actualites\/#website\",\"url\":\"https:\/\/vieassociative.be\/actualites\/\",\"name\":\"Vie Associative\",\"description\":\"\",\"publisher\":{\"@id\":\"https:\/\/vieassociative.be\/actualites\/#organization\"},\"potentialAction\":[{\"@type\":\"SearchAction\",\"target\":{\"@type\":\"EntryPoint\",\"urlTemplate\":\"https:\/\/vieassociative.be\/actualites\/?s={search_term_string}\"},\"query-input\":{\"@type\":\"PropertyValueSpecification\",\"valueRequired\":true,\"valueName\":\"search_term_string\"}}],\"inLanguage\":\"fr-BE\"},{\"@type\":\"Organization\",\"@id\":\"https:\/\/vieassociative.be\/actualites\/#organization\",\"name\":\"Vie Associative\",\"url\":\"https:\/\/vieassociative.be\/actualites\/\",\"logo\":{\"@type\":\"ImageObject\",\"inLanguage\":\"fr-BE\",\"@id\":\"https:\/\/vieassociative.be\/actualites\/#\/schema\/logo\/image\/\",\"url\":\"https:\/\/vieassociative.be\/actualites\/wp-content\/uploads\/2024\/09\/cropped-vieassociative_favicon.ico.png\",\"contentUrl\":\"https:\/\/vieassociative.be\/actualites\/wp-content\/uploads\/2024\/09\/cropped-vieassociative_favicon.ico.png\",\"width\":512,\"height\":512,\"caption\":\"Vie Associative\"},\"image\":{\"@id\":\"https:\/\/vieassociative.be\/actualites\/#\/schema\/logo\/image\/\"}},{\"@type\":\"Person\",\"@id\":\"https:\/\/vieassociative.be\/actualites\/#\/schema\/person\/b87ac4f82f9d4e7b7cec7395b679edc4\",\"name\":\"Julien\",\"image\":{\"@type\":\"ImageObject\",\"inLanguage\":\"fr-BE\",\"@id\":\"https:\/\/vieassociative.be\/actualites\/#\/schema\/person\/image\/\",\"url\":\"https:\/\/vieassociative.be\/actualites\/wp-content\/uploads\/2024\/09\/vie-associative-1-150x150.jpg\",\"contentUrl\":\"https:\/\/vieassociative.be\/actualites\/wp-content\/uploads\/2024\/09\/vie-associative-1-150x150.jpg\",\"caption\":\"Julien\"},\"description\":\"Je suis Julien, r\u00e9dacteur pour Vie Associative. Passionn\u00e9 par le monde associatif depuis plus de 10 ans, j'ai \u00e0 c\u0153ur de partager des histoires inspirantes et de mettre en lumi\u00e8re les initiatives locales. Mon objectif est de sensibiliser et d'encourager l'engagement communautaire \u00e0 travers mes articles.\",\"sameAs\":[\"https:\/\/vieassociative.be\/\"]}]}<\/script>\n<!-- \/ Yoast SEO plugin. -->","yoast_head_json":{"title":"Heidenheim reste la premi\u00e8re classe - Elversberger a cass\u00e9 | Vie Associative","robots":{"index":"index","follow":"follow","max-snippet":"max-snippet:-1","max-image-preview":"max-image-preview:large","max-video-preview":"max-video-preview:-1"},"canonical":"https:\/\/vieassociative.be\/actualites\/heidenheim-reste-la-premiere-classe-elversberger-a-casse\/","og_locale":"fr_FR","og_type":"article","og_title":"Heidenheim reste la premi\u00e8re classe - Elversberger a cass\u00e9 | Vie Associative","og_description":"Le 1. FC Heidenheim a combattu pour une troisi\u00e8me ann\u00e9e de la Bundesliga. L&rsquo;\u00e9quipe de Frank Schmidt termine le conte de f\u00e9es de football Elversberger","og_url":"https:\/\/vieassociative.be\/actualites\/heidenheim-reste-la-premiere-classe-elversberger-a-casse\/","og_site_name":"Vie Associative","article_published_time":"2025-05-27T02:18:32+00:00","og_image":[{"width":279,"height":92,"url":"https:\/\/vieassociative.be\/actualites\/wp-content\/uploads\/2024\/09\/header_backgroundk-01-e1726694325946.png","type":"image\/png"}],"author":"Julien","twitter_card":"summary_large_image","twitter_misc":{"\u00c9crit par":"Julien","Dur\u00e9e de lecture est.":"1 minute"},"schema":{"@context":"https:\/\/schema.org","@graph":[{"@type":"Article","@id":"https:\/\/vieassociative.be\/actualites\/heidenheim-reste-la-premiere-classe-elversberger-a-casse\/#article","isPartOf":{"@id":"https:\/\/vieassociative.be\/actualites\/heidenheim-reste-la-premiere-classe-elversberger-a-casse\/"},"author":{"name":"Julien","@id":"https:\/\/vieassociative.be\/actualites\/#\/schema\/person\/b87ac4f82f9d4e7b7cec7395b679edc4"},"headline":"Heidenheim reste la premi\u00e8re classe &#8211; Elversberger a cass\u00e9","datePublished":"2025-05-27T02:18:32+00:00","dateModified":"2025-05-27T02:18:32+00:00","mainEntityOfPage":{"@id":"https:\/\/vieassociative.be\/actualites\/heidenheim-reste-la-premiere-classe-elversberger-a-casse\/"},"wordCount":316,"publisher":{"@id":"https:\/\/vieassociative.be\/actualites\/#organization"},"image":{"@id":"https:\/\/vieassociative.be\/actualites\/heidenheim-reste-la-premiere-classe-elversberger-a-casse\/#primaryimage"},"thumbnailUrl":"https:\/\/vieassociative.be\/actualites\/wp-content\/uploads\/2025\/05\/1748312313_Heidenheim-reste-la-premiere-classe-Elversberger-a-casse.jpg","keywords":["cass\u00e9","classe","Elversberger","Heidenheim","premi\u00e8re","reste"],"articleSection":["Belgique"],"inLanguage":"fr-BE"},{"@type":"WebPage","@id":"https:\/\/vieassociative.be\/actualites\/heidenheim-reste-la-premiere-classe-elversberger-a-casse\/","url":"https:\/\/vieassociative.be\/actualites\/heidenheim-reste-la-premiere-classe-elversberger-a-casse\/","name":"Heidenheim reste la premi\u00e8re classe - Elversberger a cass\u00e9 | Vie Associative","isPartOf":{"@id":"https:\/\/vieassociative.be\/actualites\/#website"},"primaryImageOfPage":{"@id":"https:\/\/vieassociative.be\/actualites\/heidenheim-reste-la-premiere-classe-elversberger-a-casse\/#primaryimage"},"image":{"@id":"https:\/\/vieassociative.be\/actualites\/heidenheim-reste-la-premiere-classe-elversberger-a-casse\/#primaryimage"},"thumbnailUrl":"https:\/\/vieassociative.be\/actualites\/wp-content\/uploads\/2025\/05\/1748312313_Heidenheim-reste-la-premiere-classe-Elversberger-a-casse.jpg","datePublished":"2025-05-27T02:18:32+00:00","dateModified":"2025-05-27T02:18:32+00:00","breadcrumb":{"@id":"https:\/\/vieassociative.be\/actualites\/heidenheim-reste-la-premiere-classe-elversberger-a-casse\/#breadcrumb"},"inLanguage":"fr-BE","potentialAction":[{"@type":"ReadAction","target":["https:\/\/vieassociative.be\/actualites\/heidenheim-reste-la-premiere-classe-elversberger-a-casse\/"]}]},{"@type":"ImageObject","inLanguage":"fr-BE","@id":"https:\/\/vieassociative.be\/actualites\/heidenheim-reste-la-premiere-classe-elversberger-a-casse\/#primaryimage","url":"https:\/\/vieassociative.be\/actualites\/wp-content\/uploads\/2025\/05\/1748312313_Heidenheim-reste-la-premiere-classe-Elversberger-a-casse.jpg","contentUrl":"https:\/\/vieassociative.be\/actualites\/wp-content\/uploads\/2025\/05\/1748312313_Heidenheim-reste-la-premiere-classe-Elversberger-a-casse.jpg","width":1200,"height":929,"caption":"Heidenheim reste la premi\u00e8re classe - Elversberger a cass\u00e9"},{"@type":"BreadcrumbList","@id":"https:\/\/vieassociative.be\/actualites\/heidenheim-reste-la-premiere-classe-elversberger-a-casse\/#breadcrumb","itemListElement":[{"@type":"ListItem","position":1,"name":"Accueil","item":"https:\/\/vieassociative.be\/actualites\/"},{"@type":"ListItem","position":2,"name":"Heidenheim reste la premi\u00e8re classe &#8211; Elversberger a cass\u00e9"}]},{"@type":"WebSite","@id":"https:\/\/vieassociative.be\/actualites\/#website","url":"https:\/\/vieassociative.be\/actualites\/","name":"Vie Associative","description":"","publisher":{"@id":"https:\/\/vieassociative.be\/actualites\/#organization"},"potentialAction":[{"@type":"SearchAction","target":{"@type":"EntryPoint","urlTemplate":"https:\/\/vieassociative.be\/actualites\/?s={search_term_string}"},"query-input":{"@type":"PropertyValueSpecification","valueRequired":true,"valueName":"search_term_string"}}],"inLanguage":"fr-BE"},{"@type":"Organization","@id":"https:\/\/vieassociative.be\/actualites\/#organization","name":"Vie Associative","url":"https:\/\/vieassociative.be\/actualites\/","logo":{"@type":"ImageObject","inLanguage":"fr-BE","@id":"https:\/\/vieassociative.be\/actualites\/#\/schema\/logo\/image\/","url":"https:\/\/vieassociative.be\/actualites\/wp-content\/uploads\/2024\/09\/cropped-vieassociative_favicon.ico.png","contentUrl":"https:\/\/vieassociative.be\/actualites\/wp-content\/uploads\/2024\/09\/cropped-vieassociative_favicon.ico.png","width":512,"height":512,"caption":"Vie Associative"},"image":{"@id":"https:\/\/vieassociative.be\/actualites\/#\/schema\/logo\/image\/"}},{"@type":"Person","@id":"https:\/\/vieassociative.be\/actualites\/#\/schema\/person\/b87ac4f82f9d4e7b7cec7395b679edc4","name":"Julien","image":{"@type":"ImageObject","inLanguage":"fr-BE","@id":"https:\/\/vieassociative.be\/actualites\/#\/schema\/person\/image\/","url":"https:\/\/vieassociative.be\/actualites\/wp-content\/uploads\/2024\/09\/vie-associative-1-150x150.jpg","contentUrl":"https:\/\/vieassociative.be\/actualites\/wp-content\/uploads\/2024\/09\/vie-associative-1-150x150.jpg","caption":"Julien"},"description":"Je suis Julien, r\u00e9dacteur pour Vie Associative. Passionn\u00e9 par le monde associatif depuis plus de 10 ans, j'ai \u00e0 c\u0153ur de partager des histoires inspirantes et de mettre en lumi\u00e8re les initiatives locales. Mon objectif est de sensibiliser et d'encourager l'engagement communautaire \u00e0 travers mes articles.","sameAs":["https:\/\/vieassociative.be\/"]}]}},"_links":{"self":[{"href":"https:\/\/vieassociative.be\/actualites\/wp-json\/wp\/v2\/posts\/7792"}],"collection":[{"href":"https:\/\/vieassociative.be\/actualites\/wp-json\/wp\/v2\/posts"}],"about":[{"href":"https:\/\/vieassociative.be\/actualites\/wp-json\/wp\/v2\/types\/post"}],"author":[{"embeddable":true,"href":"https:\/\/vieassociative.be\/actualites\/wp-json\/wp\/v2\/users\/1"}],"replies":[{"embeddable":true,"href":"https:\/\/vieassociative.be\/actualites\/wp-json\/wp\/v2\/comments?post=7792"}],"version-history":[{"count":0,"href":"https:\/\/vieassociative.be\/actualites\/wp-json\/wp\/v2\/posts\/7792\/revisions"}],"wp:featuredmedia":[{"embeddable":true,"href":"https:\/\/vieassociative.be\/actualites\/wp-json\/wp\/v2\/media\/7793"}],"wp:attachment":[{"href":"https:\/\/vieassociative.be\/actualites\/wp-json\/wp\/v2\/media?parent=7792"}],"wp:term":[{"taxonomy":"category","embeddable":true,"href":"https:\/\/vieassociative.be\/actualites\/wp-json\/wp\/v2\/categories?post=7792"},{"taxonomy":"post_tag","embeddable":true,"href":"https:\/\/vieassociative.be\/actualites\/wp-json\/wp\/v2\/tags?post=7792"}],"curies":[{"name":"wp","href":"https:\/\/api.w.org\/{rel}","templated":true}]}}