{"id":7787,"date":"2025-05-26T22:17:35","date_gmt":"2025-05-26T20:17:35","guid":{"rendered":"https:\/\/vieassociative.be\/actualites\/paasch-en-echange-avec-les-politiciens-federaux-et-etatiques-allemands-controle-la-frontiere-lun-des-sujets\/"},"modified":"2025-05-26T22:17:35","modified_gmt":"2025-05-26T20:17:35","slug":"paasch-en-echange-avec-les-politiciens-federaux-et-etatiques-allemands-controle-la-frontiere-lun-des-sujets","status":"publish","type":"post","link":"https:\/\/vieassociative.be\/actualites\/paasch-en-echange-avec-les-politiciens-federaux-et-etatiques-allemands-controle-la-frontiere-lun-des-sujets\/","title":{"rendered":"Paasch en \u00e9change avec les politiciens f\u00e9d\u00e9raux et \u00e9tatiques allemands &#8211; contr\u00f4le la fronti\u00e8re l&rsquo;un des sujets"},"content":{"rendered":"<p><strong>\u00c0 Berlin, le Premier ministre de la DG, Oliver Paasch (ProDG), s&rsquo;est r\u00e9uni avec divers politiciens f\u00e9d\u00e9raux et \u00e9tatiques allemands jeudi et vendredi.<\/strong><\/p>\n<p><span id=\"more-416423\"><\/span>Naturellement, l&rsquo;accent \u00e9tait mis sur des sujets qui dominent la topique dans la relation belge-allemande: la mobilit\u00e9 transfrontali\u00e8re, le t\u00e9lescope d&rsquo;Einstein, l&rsquo;Euregio Maas-Rhein et la grande r\u00e9gion, le g\u00e9obloquerie et les contr\u00f4les actuels des fronti\u00e8res du c\u00f4t\u00e9 allemand.<\/p>\n<p>En plus du pr\u00e9sident du Conseil f\u00e9d\u00e9ral et coll\u00e8gue de Saarland, Anke Rehlinger (SPD), Paasch a \u00e9galement rencontr\u00e9 le Premier ministre du Rh\u00e9nanie du Nord-Westphalie, Hendrik W\u00fcst (CDU) et le pr\u00e9sident du Comit\u00e9 f\u00e9d\u00e9ral \u00e9tranger du Bundestag allemand, Armin Laschet (CDU).<\/p>\n<p>Le chef de gouvernement de la DG a \u00e9galement \u00e9chang\u00e9 des \u00e9changes avec le nouveau ministre f\u00e9d\u00e9ral des Transports et des Digitaux, Patrick Schnieder (CDU) et l&rsquo;ambassadeur belge en Allemagne.<\/p>\n<\/p>\n<div id=\"attachment_416434\" class=\"wp-caption alignleft\" style=\"max-width: 300px\"><img fetchpriority=\"high\" decoding=\"async\" class=\"wp-image-416434 size-medium\" src=\"https:\/\/vieassociative.be\/actualites\/wp-content\/uploads\/2025\/05\/Paasch-en-echange-avec-les-politiciens-federaux-et-etatiques-allemands.jpg\" alt=\"\" width=\"300\" height=\"195\"><\/p>\n<p class=\"wp-caption-text\">24 mai 2025, Lower Saxe, Bad Bentheim: des responsables de la police f\u00e9d\u00e9rale allemande v\u00e9rifient le trafic d&rsquo;entr\u00e9e au passage frontalier aux Pays-Bas. Photo: Lars Penning \/ DPA<\/p>\n<\/div>\n<p>Le Premier ministre de Saarland, Anke Rehlinger, est pour une fin rapide des contr\u00f4les aux fronti\u00e8res. \u00ab\u00a0Je n&rsquo;aime pas les contr\u00f4les des fronti\u00e8res du point de vue de Saarland, et j&rsquo;esp\u00e8re que nous trouverons un sc\u00e9nario de sortie d\u00e8s que possible\u00a0\u00bb, a d\u00e9clar\u00e9 le politicien SPD de l&rsquo;agence de presse allemande \u00e0 Saarbr\u00fccken. \u00ab\u00a0Ce n&rsquo;est pas l&rsquo;Europe que je veux: une Europe dans laquelle nous retournons Schengen.\u00a0\u00bb L&rsquo;accord sign\u00e9 au Luxembourg Schengen il y a pr\u00e8s de 40 ans repr\u00e9sente les passages frontaliers incontr\u00f4l\u00e9s &#8211; et la libert\u00e9 de voyager au-del\u00e0 des fronti\u00e8res.<\/p>\n<p><strong>&#8211; L&rsquo;extension est dans la salle:<\/strong> \u00ab\u00a0Nous vivons ici dans la grande r\u00e9gion comme l&rsquo;un des plus grands march\u00e9s du travail crois\u00e9s en Europe\u00a0\u00bb, a d\u00e9clar\u00e9 Rehlinger. La libert\u00e9 de circulation v\u00e9cue conna\u00eet d\u00e9sormais des restrictions. Les contr\u00f4les des fronti\u00e8res pourraient avoir un sens dans des situations sp\u00e9ciales comme aux Jeux Olympiques ou au Championnat d&rsquo;Europe, ont continu\u00e9 \u00e0 rellanger. Sinon, \u00ab\u00a0un contr\u00f4le plus des fronti\u00e8res\u00a0\u00bb n&rsquo;est pas \u00ab\u00a0la seule bonne r\u00e9ponse\u00a0\u00bb contre la migration ill\u00e9gale. Au lieu de cela, la politique europ\u00e9enne de l&rsquo;asile et de la s\u00e9curit\u00e9 doit renforcer les fronti\u00e8res ext\u00e9rieures de l&rsquo;UE et obtenir un m\u00e9canisme de distribution pour les r\u00e9fugi\u00e9s.<\/p>\n<p>Le chef de gouvernement a soulign\u00e9 que la pes\u00e9e \u00e0 maintes reprises doit \u00eatre pes\u00e9e entre la s\u00e9curit\u00e9 et la libert\u00e9 pendant les contr\u00f4les frontaliers. Elle esp\u00e8re qu&rsquo;il n&rsquo;y a \u00ab\u00a0pas d&rsquo;autre spirale qui a malheureusement d\u00e9j\u00e0 commenc\u00e9 un peu quand nous regardons partout en Europe\u00a0\u00bb. D&rsquo;autres pays de l&rsquo;UE v\u00e9rifient \u00e0 nouveau leurs limites. (CRE \/ DPA)<\/p>\n","protected":false},"excerpt":{"rendered":"<p>\u00c0 Berlin, le Premier ministre de la DG, Oliver Paasch (ProDG), s&rsquo;est r\u00e9uni avec divers politiciens f\u00e9d\u00e9raux et \u00e9tatiques allemands jeudi et vendredi. Naturellement, l&rsquo;accent<\/p>\n","protected":false},"author":1,"featured_media":7788,"comment_status":"","ping_status":"","sticky":false,"template":"","format":"standard","meta":{"footnotes":""},"categories":[298],"tags":[6730,61,360,29,4560,7164,7163,7165,14,247,2553,6302,4348],"class_list":["post-7787","post","type-post","status-publish","format-standard","has-post-thumbnail","hentry","category-belgique","tag-allemands","tag-avec","tag-controle","tag-des","tag-echange","tag-etatiques","tag-federaux","tag-frontiere","tag-les","tag-lun","tag-paasch","tag-politiciens","tag-sujets","generate-columns","tablet-grid-50","mobile-grid-100","grid-parent","grid-33"],"yoast_head":"<!-- This site is optimized with the Yoast SEO plugin v24.0 - https:\/\/yoast.com\/wordpress\/plugins\/seo\/ -->\n<title>Paasch en \u00e9change avec les politiciens f\u00e9d\u00e9raux et \u00e9tatiques allemands - contr\u00f4le la fronti\u00e8re l&#039;un des sujets | Vie Associative<\/title>\n<meta name=\"robots\" content=\"index, follow, max-snippet:-1, max-image-preview:large, max-video-preview:-1\" \/>\n<link rel=\"canonical\" href=\"https:\/\/vieassociative.be\/actualites\/paasch-en-echange-avec-les-politiciens-federaux-et-etatiques-allemands-controle-la-frontiere-lun-des-sujets\/\" \/>\n<meta property=\"og:locale\" content=\"fr_FR\" \/>\n<meta property=\"og:type\" content=\"article\" \/>\n<meta property=\"og:title\" content=\"Paasch en \u00e9change avec les politiciens f\u00e9d\u00e9raux et \u00e9tatiques allemands - contr\u00f4le la fronti\u00e8re l&#039;un des sujets | Vie Associative\" \/>\n<meta property=\"og:description\" content=\"\u00c0 Berlin, le Premier ministre de la DG, Oliver Paasch (ProDG), s&rsquo;est r\u00e9uni avec divers politiciens f\u00e9d\u00e9raux et \u00e9tatiques allemands jeudi et vendredi. Naturellement, l&rsquo;accent\" \/>\n<meta property=\"og:url\" content=\"https:\/\/vieassociative.be\/actualites\/paasch-en-echange-avec-les-politiciens-federaux-et-etatiques-allemands-controle-la-frontiere-lun-des-sujets\/\" \/>\n<meta property=\"og:site_name\" content=\"Vie Associative\" \/>\n<meta property=\"article:published_time\" content=\"2025-05-26T20:17:35+00:00\" \/>\n<meta property=\"og:image\" content=\"https:\/\/vieassociative.be\/actualites\/wp-content\/uploads\/2024\/09\/header_backgroundk-01-e1726694325946.png\" \/>\n\t<meta property=\"og:image:width\" content=\"279\" \/>\n\t<meta property=\"og:image:height\" content=\"92\" \/>\n\t<meta property=\"og:image:type\" content=\"image\/png\" \/>\n<meta name=\"author\" content=\"Julien\" \/>\n<meta name=\"twitter:card\" content=\"summary_large_image\" \/>\n<meta name=\"twitter:label1\" content=\"\u00c9crit par\" \/>\n\t<meta name=\"twitter:data1\" content=\"Julien\" \/>\n\t<meta name=\"twitter:label2\" content=\"Dur\u00e9e de lecture est.\" \/>\n\t<meta name=\"twitter:data2\" content=\"2 minutes\" \/>\n<script type=\"application\/ld+json\" class=\"yoast-schema-graph\">{\"@context\":\"https:\/\/schema.org\",\"@graph\":[{\"@type\":\"Article\",\"@id\":\"https:\/\/vieassociative.be\/actualites\/paasch-en-echange-avec-les-politiciens-federaux-et-etatiques-allemands-controle-la-frontiere-lun-des-sujets\/#article\",\"isPartOf\":{\"@id\":\"https:\/\/vieassociative.be\/actualites\/paasch-en-echange-avec-les-politiciens-federaux-et-etatiques-allemands-controle-la-frontiere-lun-des-sujets\/\"},\"author\":{\"name\":\"Julien\",\"@id\":\"https:\/\/vieassociative.be\/actualites\/#\/schema\/person\/b87ac4f82f9d4e7b7cec7395b679edc4\"},\"headline\":\"Paasch en \u00e9change avec les politiciens f\u00e9d\u00e9raux et \u00e9tatiques allemands &#8211; contr\u00f4le la fronti\u00e8re l&rsquo;un des sujets\",\"datePublished\":\"2025-05-26T20:17:35+00:00\",\"dateModified\":\"2025-05-26T20:17:35+00:00\",\"mainEntityOfPage\":{\"@id\":\"https:\/\/vieassociative.be\/actualites\/paasch-en-echange-avec-les-politiciens-federaux-et-etatiques-allemands-controle-la-frontiere-lun-des-sujets\/\"},\"wordCount\":518,\"publisher\":{\"@id\":\"https:\/\/vieassociative.be\/actualites\/#organization\"},\"image\":{\"@id\":\"https:\/\/vieassociative.be\/actualites\/paasch-en-echange-avec-les-politiciens-federaux-et-etatiques-allemands-controle-la-frontiere-lun-des-sujets\/#primaryimage\"},\"thumbnailUrl\":\"https:\/\/vieassociative.be\/actualites\/wp-content\/uploads\/2025\/05\/1748290656_Paasch-en-echange-avec-les-politiciens-federaux-et-etatiques-allemands.jpg\",\"keywords\":[\"allemands\",\"avec\",\"contr\u00f4le\",\"Des\",\"\u00e9change\",\"\u00e9tatiques\",\"f\u00e9d\u00e9raux\",\"fronti\u00e8re\",\"Les\",\"lun\",\"Paasch\",\"politiciens\",\"sujets\"],\"articleSection\":[\"Belgique\"],\"inLanguage\":\"fr-BE\"},{\"@type\":\"WebPage\",\"@id\":\"https:\/\/vieassociative.be\/actualites\/paasch-en-echange-avec-les-politiciens-federaux-et-etatiques-allemands-controle-la-frontiere-lun-des-sujets\/\",\"url\":\"https:\/\/vieassociative.be\/actualites\/paasch-en-echange-avec-les-politiciens-federaux-et-etatiques-allemands-controle-la-frontiere-lun-des-sujets\/\",\"name\":\"Paasch en \u00e9change avec les politiciens f\u00e9d\u00e9raux et \u00e9tatiques allemands - contr\u00f4le la fronti\u00e8re l'un des sujets | Vie Associative\",\"isPartOf\":{\"@id\":\"https:\/\/vieassociative.be\/actualites\/#website\"},\"primaryImageOfPage\":{\"@id\":\"https:\/\/vieassociative.be\/actualites\/paasch-en-echange-avec-les-politiciens-federaux-et-etatiques-allemands-controle-la-frontiere-lun-des-sujets\/#primaryimage\"},\"image\":{\"@id\":\"https:\/\/vieassociative.be\/actualites\/paasch-en-echange-avec-les-politiciens-federaux-et-etatiques-allemands-controle-la-frontiere-lun-des-sujets\/#primaryimage\"},\"thumbnailUrl\":\"https:\/\/vieassociative.be\/actualites\/wp-content\/uploads\/2025\/05\/1748290656_Paasch-en-echange-avec-les-politiciens-federaux-et-etatiques-allemands.jpg\",\"datePublished\":\"2025-05-26T20:17:35+00:00\",\"dateModified\":\"2025-05-26T20:17:35+00:00\",\"breadcrumb\":{\"@id\":\"https:\/\/vieassociative.be\/actualites\/paasch-en-echange-avec-les-politiciens-federaux-et-etatiques-allemands-controle-la-frontiere-lun-des-sujets\/#breadcrumb\"},\"inLanguage\":\"fr-BE\",\"potentialAction\":[{\"@type\":\"ReadAction\",\"target\":[\"https:\/\/vieassociative.be\/actualites\/paasch-en-echange-avec-les-politiciens-federaux-et-etatiques-allemands-controle-la-frontiere-lun-des-sujets\/\"]}]},{\"@type\":\"ImageObject\",\"inLanguage\":\"fr-BE\",\"@id\":\"https:\/\/vieassociative.be\/actualites\/paasch-en-echange-avec-les-politiciens-federaux-et-etatiques-allemands-controle-la-frontiere-lun-des-sujets\/#primaryimage\",\"url\":\"https:\/\/vieassociative.be\/actualites\/wp-content\/uploads\/2025\/05\/1748290656_Paasch-en-echange-avec-les-politiciens-federaux-et-etatiques-allemands.jpg\",\"contentUrl\":\"https:\/\/vieassociative.be\/actualites\/wp-content\/uploads\/2025\/05\/1748290656_Paasch-en-echange-avec-les-politiciens-federaux-et-etatiques-allemands.jpg\",\"width\":1200,\"height\":399,\"caption\":\"Paasch en \u00e9change avec les politiciens f\u00e9d\u00e9raux et \u00e9tatiques allemands - contr\u00f4le la fronti\u00e8re l'un des sujets\"},{\"@type\":\"BreadcrumbList\",\"@id\":\"https:\/\/vieassociative.be\/actualites\/paasch-en-echange-avec-les-politiciens-federaux-et-etatiques-allemands-controle-la-frontiere-lun-des-sujets\/#breadcrumb\",\"itemListElement\":[{\"@type\":\"ListItem\",\"position\":1,\"name\":\"Accueil\",\"item\":\"https:\/\/vieassociative.be\/actualites\/\"},{\"@type\":\"ListItem\",\"position\":2,\"name\":\"Paasch en \u00e9change avec les politiciens f\u00e9d\u00e9raux et \u00e9tatiques allemands &#8211; contr\u00f4le la fronti\u00e8re l&rsquo;un des sujets\"}]},{\"@type\":\"WebSite\",\"@id\":\"https:\/\/vieassociative.be\/actualites\/#website\",\"url\":\"https:\/\/vieassociative.be\/actualites\/\",\"name\":\"Vie Associative\",\"description\":\"\",\"publisher\":{\"@id\":\"https:\/\/vieassociative.be\/actualites\/#organization\"},\"potentialAction\":[{\"@type\":\"SearchAction\",\"target\":{\"@type\":\"EntryPoint\",\"urlTemplate\":\"https:\/\/vieassociative.be\/actualites\/?s={search_term_string}\"},\"query-input\":{\"@type\":\"PropertyValueSpecification\",\"valueRequired\":true,\"valueName\":\"search_term_string\"}}],\"inLanguage\":\"fr-BE\"},{\"@type\":\"Organization\",\"@id\":\"https:\/\/vieassociative.be\/actualites\/#organization\",\"name\":\"Vie Associative\",\"url\":\"https:\/\/vieassociative.be\/actualites\/\",\"logo\":{\"@type\":\"ImageObject\",\"inLanguage\":\"fr-BE\",\"@id\":\"https:\/\/vieassociative.be\/actualites\/#\/schema\/logo\/image\/\",\"url\":\"https:\/\/vieassociative.be\/actualites\/wp-content\/uploads\/2024\/09\/cropped-vieassociative_favicon.ico.png\",\"contentUrl\":\"https:\/\/vieassociative.be\/actualites\/wp-content\/uploads\/2024\/09\/cropped-vieassociative_favicon.ico.png\",\"width\":512,\"height\":512,\"caption\":\"Vie Associative\"},\"image\":{\"@id\":\"https:\/\/vieassociative.be\/actualites\/#\/schema\/logo\/image\/\"}},{\"@type\":\"Person\",\"@id\":\"https:\/\/vieassociative.be\/actualites\/#\/schema\/person\/b87ac4f82f9d4e7b7cec7395b679edc4\",\"name\":\"Julien\",\"image\":{\"@type\":\"ImageObject\",\"inLanguage\":\"fr-BE\",\"@id\":\"https:\/\/vieassociative.be\/actualites\/#\/schema\/person\/image\/\",\"url\":\"https:\/\/vieassociative.be\/actualites\/wp-content\/uploads\/2024\/09\/vie-associative-1-150x150.jpg\",\"contentUrl\":\"https:\/\/vieassociative.be\/actualites\/wp-content\/uploads\/2024\/09\/vie-associative-1-150x150.jpg\",\"caption\":\"Julien\"},\"description\":\"Je suis Julien, r\u00e9dacteur pour Vie Associative. Passionn\u00e9 par le monde associatif depuis plus de 10 ans, j'ai \u00e0 c\u0153ur de partager des histoires inspirantes et de mettre en lumi\u00e8re les initiatives locales. Mon objectif est de sensibiliser et d'encourager l'engagement communautaire \u00e0 travers mes articles.\",\"sameAs\":[\"https:\/\/vieassociative.be\/\"]}]}<\/script>\n<!-- \/ Yoast SEO plugin. -->","yoast_head_json":{"title":"Paasch en \u00e9change avec les politiciens f\u00e9d\u00e9raux et \u00e9tatiques allemands - contr\u00f4le la fronti\u00e8re l'un des sujets | Vie Associative","robots":{"index":"index","follow":"follow","max-snippet":"max-snippet:-1","max-image-preview":"max-image-preview:large","max-video-preview":"max-video-preview:-1"},"canonical":"https:\/\/vieassociative.be\/actualites\/paasch-en-echange-avec-les-politiciens-federaux-et-etatiques-allemands-controle-la-frontiere-lun-des-sujets\/","og_locale":"fr_FR","og_type":"article","og_title":"Paasch en \u00e9change avec les politiciens f\u00e9d\u00e9raux et \u00e9tatiques allemands - contr\u00f4le la fronti\u00e8re l'un des sujets | Vie Associative","og_description":"\u00c0 Berlin, le Premier ministre de la DG, Oliver Paasch (ProDG), s&rsquo;est r\u00e9uni avec divers politiciens f\u00e9d\u00e9raux et \u00e9tatiques allemands jeudi et vendredi. Naturellement, l&rsquo;accent","og_url":"https:\/\/vieassociative.be\/actualites\/paasch-en-echange-avec-les-politiciens-federaux-et-etatiques-allemands-controle-la-frontiere-lun-des-sujets\/","og_site_name":"Vie Associative","article_published_time":"2025-05-26T20:17:35+00:00","og_image":[{"width":279,"height":92,"url":"https:\/\/vieassociative.be\/actualites\/wp-content\/uploads\/2024\/09\/header_backgroundk-01-e1726694325946.png","type":"image\/png"}],"author":"Julien","twitter_card":"summary_large_image","twitter_misc":{"\u00c9crit par":"Julien","Dur\u00e9e de lecture est.":"2 minutes"},"schema":{"@context":"https:\/\/schema.org","@graph":[{"@type":"Article","@id":"https:\/\/vieassociative.be\/actualites\/paasch-en-echange-avec-les-politiciens-federaux-et-etatiques-allemands-controle-la-frontiere-lun-des-sujets\/#article","isPartOf":{"@id":"https:\/\/vieassociative.be\/actualites\/paasch-en-echange-avec-les-politiciens-federaux-et-etatiques-allemands-controle-la-frontiere-lun-des-sujets\/"},"author":{"name":"Julien","@id":"https:\/\/vieassociative.be\/actualites\/#\/schema\/person\/b87ac4f82f9d4e7b7cec7395b679edc4"},"headline":"Paasch en \u00e9change avec les politiciens f\u00e9d\u00e9raux et \u00e9tatiques allemands &#8211; contr\u00f4le la fronti\u00e8re l&rsquo;un des sujets","datePublished":"2025-05-26T20:17:35+00:00","dateModified":"2025-05-26T20:17:35+00:00","mainEntityOfPage":{"@id":"https:\/\/vieassociative.be\/actualites\/paasch-en-echange-avec-les-politiciens-federaux-et-etatiques-allemands-controle-la-frontiere-lun-des-sujets\/"},"wordCount":518,"publisher":{"@id":"https:\/\/vieassociative.be\/actualites\/#organization"},"image":{"@id":"https:\/\/vieassociative.be\/actualites\/paasch-en-echange-avec-les-politiciens-federaux-et-etatiques-allemands-controle-la-frontiere-lun-des-sujets\/#primaryimage"},"thumbnailUrl":"https:\/\/vieassociative.be\/actualites\/wp-content\/uploads\/2025\/05\/1748290656_Paasch-en-echange-avec-les-politiciens-federaux-et-etatiques-allemands.jpg","keywords":["allemands","avec","contr\u00f4le","Des","\u00e9change","\u00e9tatiques","f\u00e9d\u00e9raux","fronti\u00e8re","Les","lun","Paasch","politiciens","sujets"],"articleSection":["Belgique"],"inLanguage":"fr-BE"},{"@type":"WebPage","@id":"https:\/\/vieassociative.be\/actualites\/paasch-en-echange-avec-les-politiciens-federaux-et-etatiques-allemands-controle-la-frontiere-lun-des-sujets\/","url":"https:\/\/vieassociative.be\/actualites\/paasch-en-echange-avec-les-politiciens-federaux-et-etatiques-allemands-controle-la-frontiere-lun-des-sujets\/","name":"Paasch en \u00e9change avec les politiciens f\u00e9d\u00e9raux et \u00e9tatiques allemands - contr\u00f4le la fronti\u00e8re l'un des sujets | Vie Associative","isPartOf":{"@id":"https:\/\/vieassociative.be\/actualites\/#website"},"primaryImageOfPage":{"@id":"https:\/\/vieassociative.be\/actualites\/paasch-en-echange-avec-les-politiciens-federaux-et-etatiques-allemands-controle-la-frontiere-lun-des-sujets\/#primaryimage"},"image":{"@id":"https:\/\/vieassociative.be\/actualites\/paasch-en-echange-avec-les-politiciens-federaux-et-etatiques-allemands-controle-la-frontiere-lun-des-sujets\/#primaryimage"},"thumbnailUrl":"https:\/\/vieassociative.be\/actualites\/wp-content\/uploads\/2025\/05\/1748290656_Paasch-en-echange-avec-les-politiciens-federaux-et-etatiques-allemands.jpg","datePublished":"2025-05-26T20:17:35+00:00","dateModified":"2025-05-26T20:17:35+00:00","breadcrumb":{"@id":"https:\/\/vieassociative.be\/actualites\/paasch-en-echange-avec-les-politiciens-federaux-et-etatiques-allemands-controle-la-frontiere-lun-des-sujets\/#breadcrumb"},"inLanguage":"fr-BE","potentialAction":[{"@type":"ReadAction","target":["https:\/\/vieassociative.be\/actualites\/paasch-en-echange-avec-les-politiciens-federaux-et-etatiques-allemands-controle-la-frontiere-lun-des-sujets\/"]}]},{"@type":"ImageObject","inLanguage":"fr-BE","@id":"https:\/\/vieassociative.be\/actualites\/paasch-en-echange-avec-les-politiciens-federaux-et-etatiques-allemands-controle-la-frontiere-lun-des-sujets\/#primaryimage","url":"https:\/\/vieassociative.be\/actualites\/wp-content\/uploads\/2025\/05\/1748290656_Paasch-en-echange-avec-les-politiciens-federaux-et-etatiques-allemands.jpg","contentUrl":"https:\/\/vieassociative.be\/actualites\/wp-content\/uploads\/2025\/05\/1748290656_Paasch-en-echange-avec-les-politiciens-federaux-et-etatiques-allemands.jpg","width":1200,"height":399,"caption":"Paasch en \u00e9change avec les politiciens f\u00e9d\u00e9raux et \u00e9tatiques allemands - contr\u00f4le la fronti\u00e8re l'un des sujets"},{"@type":"BreadcrumbList","@id":"https:\/\/vieassociative.be\/actualites\/paasch-en-echange-avec-les-politiciens-federaux-et-etatiques-allemands-controle-la-frontiere-lun-des-sujets\/#breadcrumb","itemListElement":[{"@type":"ListItem","position":1,"name":"Accueil","item":"https:\/\/vieassociative.be\/actualites\/"},{"@type":"ListItem","position":2,"name":"Paasch en \u00e9change avec les politiciens f\u00e9d\u00e9raux et \u00e9tatiques allemands &#8211; contr\u00f4le la fronti\u00e8re l&rsquo;un des sujets"}]},{"@type":"WebSite","@id":"https:\/\/vieassociative.be\/actualites\/#website","url":"https:\/\/vieassociative.be\/actualites\/","name":"Vie Associative","description":"","publisher":{"@id":"https:\/\/vieassociative.be\/actualites\/#organization"},"potentialAction":[{"@type":"SearchAction","target":{"@type":"EntryPoint","urlTemplate":"https:\/\/vieassociative.be\/actualites\/?s={search_term_string}"},"query-input":{"@type":"PropertyValueSpecification","valueRequired":true,"valueName":"search_term_string"}}],"inLanguage":"fr-BE"},{"@type":"Organization","@id":"https:\/\/vieassociative.be\/actualites\/#organization","name":"Vie Associative","url":"https:\/\/vieassociative.be\/actualites\/","logo":{"@type":"ImageObject","inLanguage":"fr-BE","@id":"https:\/\/vieassociative.be\/actualites\/#\/schema\/logo\/image\/","url":"https:\/\/vieassociative.be\/actualites\/wp-content\/uploads\/2024\/09\/cropped-vieassociative_favicon.ico.png","contentUrl":"https:\/\/vieassociative.be\/actualites\/wp-content\/uploads\/2024\/09\/cropped-vieassociative_favicon.ico.png","width":512,"height":512,"caption":"Vie Associative"},"image":{"@id":"https:\/\/vieassociative.be\/actualites\/#\/schema\/logo\/image\/"}},{"@type":"Person","@id":"https:\/\/vieassociative.be\/actualites\/#\/schema\/person\/b87ac4f82f9d4e7b7cec7395b679edc4","name":"Julien","image":{"@type":"ImageObject","inLanguage":"fr-BE","@id":"https:\/\/vieassociative.be\/actualites\/#\/schema\/person\/image\/","url":"https:\/\/vieassociative.be\/actualites\/wp-content\/uploads\/2024\/09\/vie-associative-1-150x150.jpg","contentUrl":"https:\/\/vieassociative.be\/actualites\/wp-content\/uploads\/2024\/09\/vie-associative-1-150x150.jpg","caption":"Julien"},"description":"Je suis Julien, r\u00e9dacteur pour Vie Associative. Passionn\u00e9 par le monde associatif depuis plus de 10 ans, j'ai \u00e0 c\u0153ur de partager des histoires inspirantes et de mettre en lumi\u00e8re les initiatives locales. Mon objectif est de sensibiliser et d'encourager l'engagement communautaire \u00e0 travers mes articles.","sameAs":["https:\/\/vieassociative.be\/"]}]}},"_links":{"self":[{"href":"https:\/\/vieassociative.be\/actualites\/wp-json\/wp\/v2\/posts\/7787"}],"collection":[{"href":"https:\/\/vieassociative.be\/actualites\/wp-json\/wp\/v2\/posts"}],"about":[{"href":"https:\/\/vieassociative.be\/actualites\/wp-json\/wp\/v2\/types\/post"}],"author":[{"embeddable":true,"href":"https:\/\/vieassociative.be\/actualites\/wp-json\/wp\/v2\/users\/1"}],"replies":[{"embeddable":true,"href":"https:\/\/vieassociative.be\/actualites\/wp-json\/wp\/v2\/comments?post=7787"}],"version-history":[{"count":0,"href":"https:\/\/vieassociative.be\/actualites\/wp-json\/wp\/v2\/posts\/7787\/revisions"}],"wp:featuredmedia":[{"embeddable":true,"href":"https:\/\/vieassociative.be\/actualites\/wp-json\/wp\/v2\/media\/7788"}],"wp:attachment":[{"href":"https:\/\/vieassociative.be\/actualites\/wp-json\/wp\/v2\/media?parent=7787"}],"wp:term":[{"taxonomy":"category","embeddable":true,"href":"https:\/\/vieassociative.be\/actualites\/wp-json\/wp\/v2\/categories?post=7787"},{"taxonomy":"post_tag","embeddable":true,"href":"https:\/\/vieassociative.be\/actualites\/wp-json\/wp\/v2\/tags?post=7787"}],"curies":[{"name":"wp","href":"https:\/\/api.w.org\/{rel}","templated":true}]}}