{"id":7784,"date":"2025-05-26T16:17:48","date_gmt":"2025-05-26T14:17:48","guid":{"rendered":"https:\/\/vieassociative.be\/actualites\/macron-etait-il-conduit-par-sa-femme-brigitte-photos-datterrissage-au-vietnam-go-viral-video\/"},"modified":"2025-05-26T16:17:48","modified_gmt":"2025-05-26T14:17:48","slug":"macron-etait-il-conduit-par-sa-femme-brigitte-photos-datterrissage-au-vietnam-go-viral-video","status":"publish","type":"post","link":"https:\/\/vieassociative.be\/actualites\/macron-etait-il-conduit-par-sa-femme-brigitte-photos-datterrissage-au-vietnam-go-viral-video\/","title":{"rendered":"Macron \u00e9tait-il conduit par sa femme Brigitte? &#8211; Photos d&rsquo;atterrissage au Vietnam Go Viral (vid\u00e9o)"},"content":{"rendered":"<p><strong>Une vid\u00e9o de l&rsquo;arriv\u00e9e du chef de l&rsquo;\u00c9tat fran\u00e7ais Emmanuel Macron au Vietnam a provoqu\u00e9 une sensation en ligne et a provoqu\u00e9 des sp\u00e9culations.<\/strong><\/p>\n<p><span id=\"more-416408\"><\/span>Peu de temps apr\u00e8s l&rsquo;ouverture de la porte de l&rsquo;avion, vous pouvez voir (voir la vid\u00e9o ci-dessous) comment la main de la femme de Macron Brigitte se retrouve sur le visage du pr\u00e9sident. De Brigitte, cependant, seul le bras a \u00e9t\u00e9 vu. Son mari a regard\u00e9 dans sa direction, n&rsquo;a regard\u00e9 que vers la cam\u00e9ra apr\u00e8s un court instant, puis a agit\u00e9.<\/p>\n<p>Y a-t-il eu un diff\u00e9rend entre le pr\u00e9sident fran\u00e7ais et sa femme? Et cela a-t-il manqu\u00e9 une gifle au visage \u00e0 son mari?<\/p>\n<p>De la t\u00eate environnante du chef de l&rsquo;\u00c9tat, il a \u00e9t\u00e9 dit: \u00ab\u00a0C&rsquo;\u00e9tait un moment o\u00f9 le pr\u00e9sident et sa femme ont laiss\u00e9 tomber Steam une derni\u00e8re fois avant le d\u00e9but du voyage en faisant Klamauk.\u00a0\u00bb<\/p>\n<\/p>\n<div id=\"attachment_416412\" class=\"wp-caption alignleft\" style=\"max-width: 300px\"><img fetchpriority=\"high\" decoding=\"async\" class=\"wp-image-416412 size-medium\" src=\"https:\/\/vieassociative.be\/actualites\/wp-content\/uploads\/2025\/05\/Macron-etait-il-conduit-par-sa-femme-Brigitte-Photos-datterrissage.jpg\" alt=\"\" width=\"300\" height=\"195\"><\/p>\n<p class=\"wp-caption-text\">26 mai 2025, Vietnam, Hanoi: le pr\u00e9sident du Vietnam, Luong Cuong (2e VR), et son \u00e9pouse Nguyen Thi Minh Nguyet (R) Bienvenue le pr\u00e9sident fran\u00e7ais Emmanuel Macron et son \u00e9pouse Brigitte Macron dans le palais pr\u00e9sidentiel \u00e0 Hanoi, Vietnam. Photo: Chalinee Thirasupa \/ Reuters Pool via AP \/ DPA<\/p>\n<\/div>\n<p>La rumeur avait d\u00e9j\u00e0 \u00e9t\u00e9 r\u00e9pandue en ligne, Brigitte avait violemment abord\u00e9 Emmanuel. \u00ab\u00a0Il n&rsquo;y avait rien de plus \u00e0 donner au complot des compressions en tissu\u00a0\u00bb, a d\u00e9clar\u00e9 l&rsquo;environnement du pr\u00e9sident \u00e0 la courte vid\u00e9o, combin\u00e9e \u00e0 l&rsquo;indication que le diffuseur russe de l&rsquo;\u00c9tat RT (anciennement Russie aujourd&rsquo;hui) avait pr\u00e9c\u00e9demment indiqu\u00e9 que Macron avait \u00e9t\u00e9 battu par sa femme. Afin d&#8217;emp\u00eacher la propagande de la guerre russe et la d\u00e9sinformation de se propager dans l&rsquo;UE, les \u00c9tats membres de l&rsquo;UE ont priv\u00e9 le diffuseur.<\/p>\n<p><strong>&#8211; \u00c9lys\u00e9e a r\u00e9cemment mis en garde contre la d\u00e9sinformation:<\/strong> R\u00e9cemment, le palais de l&rsquo;\u00c9lys\u00e9e avait rejet\u00e9 de mani\u00e8re d\u00e9cisive des rumeurs sur un pr\u00e9sum\u00e9 sac de coca\u00efne Macron sur le chemin de Kiev. La rumeur avait \u00e9t\u00e9 r\u00e9pandue, entre autres, sur un site Web tr\u00e8s similaire dans la pr\u00e9sentation d&rsquo;une page identifi\u00e9e par la France comme faisant partie du r\u00e9seau de propagande russe.<\/p>\n<p>\u00ab\u00a0Lorsque l&rsquo;unit\u00e9 europ\u00e9enne d\u00e9range, la d\u00e9sinformation va si loin pour passer un simple mouchoir en tant que drogue. Cette fausse information est r\u00e9partie par les ennemis int\u00e9rieurs et ext\u00e9rieurs de la France\u00a0\u00bb, a d\u00e9clar\u00e9 le palais d&rsquo;\u00c9lys\u00e9e \u00e0 l&rsquo;\u00e9poque.<\/p>\n<p>Macron et sa femme sont en visite d&rsquo;\u00c9tat au Vietnam, en Indon\u00e9sie et \u00e0 Singapour jusqu&rsquo;\u00e0 vendredi. Entre autres choses, il s&rsquo;agit de probl\u00e8mes de d\u00e9fense et de changement \u00e9cologique. (DPA \/ CRE)<\/p>\n<p><em><strong>Vous trouverez ci-dessous la vid\u00e9o du pr\u00e9sident fran\u00e7ais Emmanuel Macron et de son \u00e9pouse Brigitte \u00e0 l&rsquo;arriv\u00e9e au Vietnam:<\/strong><\/em><\/p>\n<div class=\"responsive-embed widescreen\">\n<div class=\"rll-youtube-player\" data-src=\"https:\/\/www.youtube.com\/embed\/9dviddvMIm0\" data-id=\"9dviddvMIm0\" data-query=\"feature=oembed\" data-alt=\"Gifle ou \u00abchamaillerie\u00bb ? L'arriv\u00e9e tr\u00e8s comment\u00e9e de Brigitte et Emmanuel Macron au Vietnam\"><\/div>\n<p><noscript><a href=\"https:\/\/www.youtube.com\/watch?v=9dviddvmim0\">https:\/\/www.youtube.com\/watch?v=9dviddvmim0<\/a><\/noscript><\/div>\n","protected":false},"excerpt":{"rendered":"<p>Une vid\u00e9o de l&rsquo;arriv\u00e9e du chef de l&rsquo;\u00c9tat fran\u00e7ais Emmanuel Macron au Vietnam a provoqu\u00e9 une sensation en ligne et a provoqu\u00e9 des sp\u00e9culations. Peu<\/p>\n","protected":false},"author":1,"featured_media":7785,"comment_status":"","ping_status":"","sticky":false,"template":"","format":"standard","meta":{"footnotes":""},"categories":[298],"tags":[7160,5904,7161,7159,4918,3988,676,283,1204,6762,7162],"class_list":["post-7784","post","type-post","status-publish","format-standard","has-post-thumbnail","hentry","category-belgique","tag-brigitte","tag-conduit","tag-datterrissage","tag-etaitil","tag-femme","tag-macron","tag-par","tag-photos","tag-video","tag-vietnam","tag-viral","generate-columns","tablet-grid-50","mobile-grid-100","grid-parent","grid-33"],"yoast_head":"<!-- This site is optimized with the Yoast SEO plugin v24.0 - https:\/\/yoast.com\/wordpress\/plugins\/seo\/ -->\n<title>Macron \u00e9tait-il conduit par sa femme Brigitte? - Photos d&#039;atterrissage au Vietnam Go Viral (vid\u00e9o) | Vie Associative<\/title>\n<meta name=\"robots\" content=\"index, follow, max-snippet:-1, max-image-preview:large, max-video-preview:-1\" \/>\n<link rel=\"canonical\" href=\"https:\/\/vieassociative.be\/actualites\/macron-etait-il-conduit-par-sa-femme-brigitte-photos-datterrissage-au-vietnam-go-viral-video\/\" \/>\n<meta property=\"og:locale\" content=\"fr_FR\" \/>\n<meta property=\"og:type\" content=\"article\" \/>\n<meta property=\"og:title\" content=\"Macron \u00e9tait-il conduit par sa femme Brigitte? - Photos d&#039;atterrissage au Vietnam Go Viral (vid\u00e9o) | Vie Associative\" \/>\n<meta property=\"og:description\" content=\"Une vid\u00e9o de l&rsquo;arriv\u00e9e du chef de l&rsquo;\u00c9tat fran\u00e7ais Emmanuel Macron au Vietnam a provoqu\u00e9 une sensation en ligne et a provoqu\u00e9 des sp\u00e9culations. Peu\" \/>\n<meta property=\"og:url\" content=\"https:\/\/vieassociative.be\/actualites\/macron-etait-il-conduit-par-sa-femme-brigitte-photos-datterrissage-au-vietnam-go-viral-video\/\" \/>\n<meta property=\"og:site_name\" content=\"Vie Associative\" \/>\n<meta property=\"article:published_time\" content=\"2025-05-26T14:17:48+00:00\" \/>\n<meta property=\"og:image\" content=\"https:\/\/vieassociative.be\/actualites\/wp-content\/uploads\/2024\/09\/header_backgroundk-01-e1726694325946.png\" \/>\n\t<meta property=\"og:image:width\" content=\"279\" \/>\n\t<meta property=\"og:image:height\" content=\"92\" \/>\n\t<meta property=\"og:image:type\" content=\"image\/png\" \/>\n<meta name=\"author\" content=\"Julien\" \/>\n<meta name=\"twitter:card\" content=\"summary_large_image\" \/>\n<meta name=\"twitter:label1\" content=\"\u00c9crit par\" \/>\n\t<meta name=\"twitter:data1\" content=\"Julien\" \/>\n\t<meta name=\"twitter:label2\" content=\"Dur\u00e9e de lecture est.\" \/>\n\t<meta name=\"twitter:data2\" content=\"2 minutes\" \/>\n<script type=\"application\/ld+json\" class=\"yoast-schema-graph\">{\"@context\":\"https:\/\/schema.org\",\"@graph\":[{\"@type\":\"Article\",\"@id\":\"https:\/\/vieassociative.be\/actualites\/macron-etait-il-conduit-par-sa-femme-brigitte-photos-datterrissage-au-vietnam-go-viral-video\/#article\",\"isPartOf\":{\"@id\":\"https:\/\/vieassociative.be\/actualites\/macron-etait-il-conduit-par-sa-femme-brigitte-photos-datterrissage-au-vietnam-go-viral-video\/\"},\"author\":{\"name\":\"Julien\",\"@id\":\"https:\/\/vieassociative.be\/actualites\/#\/schema\/person\/b87ac4f82f9d4e7b7cec7395b679edc4\"},\"headline\":\"Macron \u00e9tait-il conduit par sa femme Brigitte? &#8211; Photos d&rsquo;atterrissage au Vietnam Go Viral (vid\u00e9o)\",\"datePublished\":\"2025-05-26T14:17:48+00:00\",\"dateModified\":\"2025-05-26T14:17:48+00:00\",\"mainEntityOfPage\":{\"@id\":\"https:\/\/vieassociative.be\/actualites\/macron-etait-il-conduit-par-sa-femme-brigitte-photos-datterrissage-au-vietnam-go-viral-video\/\"},\"wordCount\":529,\"publisher\":{\"@id\":\"https:\/\/vieassociative.be\/actualites\/#organization\"},\"image\":{\"@id\":\"https:\/\/vieassociative.be\/actualites\/macron-etait-il-conduit-par-sa-femme-brigitte-photos-datterrissage-au-vietnam-go-viral-video\/#primaryimage\"},\"thumbnailUrl\":\"https:\/\/vieassociative.be\/actualites\/wp-content\/uploads\/2025\/05\/1748269071_Macron-etait-il-conduit-par-sa-femme-Brigitte-Photos-datterrissage.jpg\",\"keywords\":[\"Brigitte\",\"conduit\",\"datterrissage\",\"\u00e9taitil\",\"femme\",\"Macron\",\"par\",\"Photos\",\"vid\u00e9o\",\"Vietnam\",\"Viral\"],\"articleSection\":[\"Belgique\"],\"inLanguage\":\"fr-BE\"},{\"@type\":\"WebPage\",\"@id\":\"https:\/\/vieassociative.be\/actualites\/macron-etait-il-conduit-par-sa-femme-brigitte-photos-datterrissage-au-vietnam-go-viral-video\/\",\"url\":\"https:\/\/vieassociative.be\/actualites\/macron-etait-il-conduit-par-sa-femme-brigitte-photos-datterrissage-au-vietnam-go-viral-video\/\",\"name\":\"Macron \u00e9tait-il conduit par sa femme Brigitte? - Photos d'atterrissage au Vietnam Go Viral (vid\u00e9o) | Vie Associative\",\"isPartOf\":{\"@id\":\"https:\/\/vieassociative.be\/actualites\/#website\"},\"primaryImageOfPage\":{\"@id\":\"https:\/\/vieassociative.be\/actualites\/macron-etait-il-conduit-par-sa-femme-brigitte-photos-datterrissage-au-vietnam-go-viral-video\/#primaryimage\"},\"image\":{\"@id\":\"https:\/\/vieassociative.be\/actualites\/macron-etait-il-conduit-par-sa-femme-brigitte-photos-datterrissage-au-vietnam-go-viral-video\/#primaryimage\"},\"thumbnailUrl\":\"https:\/\/vieassociative.be\/actualites\/wp-content\/uploads\/2025\/05\/1748269071_Macron-etait-il-conduit-par-sa-femme-Brigitte-Photos-datterrissage.jpg\",\"datePublished\":\"2025-05-26T14:17:48+00:00\",\"dateModified\":\"2025-05-26T14:17:48+00:00\",\"breadcrumb\":{\"@id\":\"https:\/\/vieassociative.be\/actualites\/macron-etait-il-conduit-par-sa-femme-brigitte-photos-datterrissage-au-vietnam-go-viral-video\/#breadcrumb\"},\"inLanguage\":\"fr-BE\",\"potentialAction\":[{\"@type\":\"ReadAction\",\"target\":[\"https:\/\/vieassociative.be\/actualites\/macron-etait-il-conduit-par-sa-femme-brigitte-photos-datterrissage-au-vietnam-go-viral-video\/\"]}]},{\"@type\":\"ImageObject\",\"inLanguage\":\"fr-BE\",\"@id\":\"https:\/\/vieassociative.be\/actualites\/macron-etait-il-conduit-par-sa-femme-brigitte-photos-datterrissage-au-vietnam-go-viral-video\/#primaryimage\",\"url\":\"https:\/\/vieassociative.be\/actualites\/wp-content\/uploads\/2025\/05\/1748269071_Macron-etait-il-conduit-par-sa-femme-Brigitte-Photos-datterrissage.jpg\",\"contentUrl\":\"https:\/\/vieassociative.be\/actualites\/wp-content\/uploads\/2025\/05\/1748269071_Macron-etait-il-conduit-par-sa-femme-Brigitte-Photos-datterrissage.jpg\",\"width\":1200,\"height\":800,\"caption\":\"Macron \u00e9tait-il conduit par sa femme Brigitte? - Photos d'atterrissage au Vietnam Go Viral (vid\u00e9o)\"},{\"@type\":\"BreadcrumbList\",\"@id\":\"https:\/\/vieassociative.be\/actualites\/macron-etait-il-conduit-par-sa-femme-brigitte-photos-datterrissage-au-vietnam-go-viral-video\/#breadcrumb\",\"itemListElement\":[{\"@type\":\"ListItem\",\"position\":1,\"name\":\"Accueil\",\"item\":\"https:\/\/vieassociative.be\/actualites\/\"},{\"@type\":\"ListItem\",\"position\":2,\"name\":\"Macron \u00e9tait-il conduit par sa femme Brigitte? &#8211; Photos d&rsquo;atterrissage au Vietnam Go Viral (vid\u00e9o)\"}]},{\"@type\":\"WebSite\",\"@id\":\"https:\/\/vieassociative.be\/actualites\/#website\",\"url\":\"https:\/\/vieassociative.be\/actualites\/\",\"name\":\"Vie Associative\",\"description\":\"\",\"publisher\":{\"@id\":\"https:\/\/vieassociative.be\/actualites\/#organization\"},\"potentialAction\":[{\"@type\":\"SearchAction\",\"target\":{\"@type\":\"EntryPoint\",\"urlTemplate\":\"https:\/\/vieassociative.be\/actualites\/?s={search_term_string}\"},\"query-input\":{\"@type\":\"PropertyValueSpecification\",\"valueRequired\":true,\"valueName\":\"search_term_string\"}}],\"inLanguage\":\"fr-BE\"},{\"@type\":\"Organization\",\"@id\":\"https:\/\/vieassociative.be\/actualites\/#organization\",\"name\":\"Vie Associative\",\"url\":\"https:\/\/vieassociative.be\/actualites\/\",\"logo\":{\"@type\":\"ImageObject\",\"inLanguage\":\"fr-BE\",\"@id\":\"https:\/\/vieassociative.be\/actualites\/#\/schema\/logo\/image\/\",\"url\":\"https:\/\/vieassociative.be\/actualites\/wp-content\/uploads\/2024\/09\/cropped-vieassociative_favicon.ico.png\",\"contentUrl\":\"https:\/\/vieassociative.be\/actualites\/wp-content\/uploads\/2024\/09\/cropped-vieassociative_favicon.ico.png\",\"width\":512,\"height\":512,\"caption\":\"Vie Associative\"},\"image\":{\"@id\":\"https:\/\/vieassociative.be\/actualites\/#\/schema\/logo\/image\/\"}},{\"@type\":\"Person\",\"@id\":\"https:\/\/vieassociative.be\/actualites\/#\/schema\/person\/b87ac4f82f9d4e7b7cec7395b679edc4\",\"name\":\"Julien\",\"image\":{\"@type\":\"ImageObject\",\"inLanguage\":\"fr-BE\",\"@id\":\"https:\/\/vieassociative.be\/actualites\/#\/schema\/person\/image\/\",\"url\":\"https:\/\/vieassociative.be\/actualites\/wp-content\/uploads\/2024\/09\/vie-associative-1-150x150.jpg\",\"contentUrl\":\"https:\/\/vieassociative.be\/actualites\/wp-content\/uploads\/2024\/09\/vie-associative-1-150x150.jpg\",\"caption\":\"Julien\"},\"description\":\"Je suis Julien, r\u00e9dacteur pour Vie Associative. Passionn\u00e9 par le monde associatif depuis plus de 10 ans, j'ai \u00e0 c\u0153ur de partager des histoires inspirantes et de mettre en lumi\u00e8re les initiatives locales. Mon objectif est de sensibiliser et d'encourager l'engagement communautaire \u00e0 travers mes articles.\",\"sameAs\":[\"https:\/\/vieassociative.be\/\"]}]}<\/script>\n<!-- \/ Yoast SEO plugin. -->","yoast_head_json":{"title":"Macron \u00e9tait-il conduit par sa femme Brigitte? - Photos d'atterrissage au Vietnam Go Viral (vid\u00e9o) | Vie Associative","robots":{"index":"index","follow":"follow","max-snippet":"max-snippet:-1","max-image-preview":"max-image-preview:large","max-video-preview":"max-video-preview:-1"},"canonical":"https:\/\/vieassociative.be\/actualites\/macron-etait-il-conduit-par-sa-femme-brigitte-photos-datterrissage-au-vietnam-go-viral-video\/","og_locale":"fr_FR","og_type":"article","og_title":"Macron \u00e9tait-il conduit par sa femme Brigitte? - Photos d'atterrissage au Vietnam Go Viral (vid\u00e9o) | Vie Associative","og_description":"Une vid\u00e9o de l&rsquo;arriv\u00e9e du chef de l&rsquo;\u00c9tat fran\u00e7ais Emmanuel Macron au Vietnam a provoqu\u00e9 une sensation en ligne et a provoqu\u00e9 des sp\u00e9culations. Peu","og_url":"https:\/\/vieassociative.be\/actualites\/macron-etait-il-conduit-par-sa-femme-brigitte-photos-datterrissage-au-vietnam-go-viral-video\/","og_site_name":"Vie Associative","article_published_time":"2025-05-26T14:17:48+00:00","og_image":[{"width":279,"height":92,"url":"https:\/\/vieassociative.be\/actualites\/wp-content\/uploads\/2024\/09\/header_backgroundk-01-e1726694325946.png","type":"image\/png"}],"author":"Julien","twitter_card":"summary_large_image","twitter_misc":{"\u00c9crit par":"Julien","Dur\u00e9e de lecture est.":"2 minutes"},"schema":{"@context":"https:\/\/schema.org","@graph":[{"@type":"Article","@id":"https:\/\/vieassociative.be\/actualites\/macron-etait-il-conduit-par-sa-femme-brigitte-photos-datterrissage-au-vietnam-go-viral-video\/#article","isPartOf":{"@id":"https:\/\/vieassociative.be\/actualites\/macron-etait-il-conduit-par-sa-femme-brigitte-photos-datterrissage-au-vietnam-go-viral-video\/"},"author":{"name":"Julien","@id":"https:\/\/vieassociative.be\/actualites\/#\/schema\/person\/b87ac4f82f9d4e7b7cec7395b679edc4"},"headline":"Macron \u00e9tait-il conduit par sa femme Brigitte? &#8211; Photos d&rsquo;atterrissage au Vietnam Go Viral (vid\u00e9o)","datePublished":"2025-05-26T14:17:48+00:00","dateModified":"2025-05-26T14:17:48+00:00","mainEntityOfPage":{"@id":"https:\/\/vieassociative.be\/actualites\/macron-etait-il-conduit-par-sa-femme-brigitte-photos-datterrissage-au-vietnam-go-viral-video\/"},"wordCount":529,"publisher":{"@id":"https:\/\/vieassociative.be\/actualites\/#organization"},"image":{"@id":"https:\/\/vieassociative.be\/actualites\/macron-etait-il-conduit-par-sa-femme-brigitte-photos-datterrissage-au-vietnam-go-viral-video\/#primaryimage"},"thumbnailUrl":"https:\/\/vieassociative.be\/actualites\/wp-content\/uploads\/2025\/05\/1748269071_Macron-etait-il-conduit-par-sa-femme-Brigitte-Photos-datterrissage.jpg","keywords":["Brigitte","conduit","datterrissage","\u00e9taitil","femme","Macron","par","Photos","vid\u00e9o","Vietnam","Viral"],"articleSection":["Belgique"],"inLanguage":"fr-BE"},{"@type":"WebPage","@id":"https:\/\/vieassociative.be\/actualites\/macron-etait-il-conduit-par-sa-femme-brigitte-photos-datterrissage-au-vietnam-go-viral-video\/","url":"https:\/\/vieassociative.be\/actualites\/macron-etait-il-conduit-par-sa-femme-brigitte-photos-datterrissage-au-vietnam-go-viral-video\/","name":"Macron \u00e9tait-il conduit par sa femme Brigitte? - Photos d'atterrissage au Vietnam Go Viral (vid\u00e9o) | Vie Associative","isPartOf":{"@id":"https:\/\/vieassociative.be\/actualites\/#website"},"primaryImageOfPage":{"@id":"https:\/\/vieassociative.be\/actualites\/macron-etait-il-conduit-par-sa-femme-brigitte-photos-datterrissage-au-vietnam-go-viral-video\/#primaryimage"},"image":{"@id":"https:\/\/vieassociative.be\/actualites\/macron-etait-il-conduit-par-sa-femme-brigitte-photos-datterrissage-au-vietnam-go-viral-video\/#primaryimage"},"thumbnailUrl":"https:\/\/vieassociative.be\/actualites\/wp-content\/uploads\/2025\/05\/1748269071_Macron-etait-il-conduit-par-sa-femme-Brigitte-Photos-datterrissage.jpg","datePublished":"2025-05-26T14:17:48+00:00","dateModified":"2025-05-26T14:17:48+00:00","breadcrumb":{"@id":"https:\/\/vieassociative.be\/actualites\/macron-etait-il-conduit-par-sa-femme-brigitte-photos-datterrissage-au-vietnam-go-viral-video\/#breadcrumb"},"inLanguage":"fr-BE","potentialAction":[{"@type":"ReadAction","target":["https:\/\/vieassociative.be\/actualites\/macron-etait-il-conduit-par-sa-femme-brigitte-photos-datterrissage-au-vietnam-go-viral-video\/"]}]},{"@type":"ImageObject","inLanguage":"fr-BE","@id":"https:\/\/vieassociative.be\/actualites\/macron-etait-il-conduit-par-sa-femme-brigitte-photos-datterrissage-au-vietnam-go-viral-video\/#primaryimage","url":"https:\/\/vieassociative.be\/actualites\/wp-content\/uploads\/2025\/05\/1748269071_Macron-etait-il-conduit-par-sa-femme-Brigitte-Photos-datterrissage.jpg","contentUrl":"https:\/\/vieassociative.be\/actualites\/wp-content\/uploads\/2025\/05\/1748269071_Macron-etait-il-conduit-par-sa-femme-Brigitte-Photos-datterrissage.jpg","width":1200,"height":800,"caption":"Macron \u00e9tait-il conduit par sa femme Brigitte? - Photos d'atterrissage au Vietnam Go Viral (vid\u00e9o)"},{"@type":"BreadcrumbList","@id":"https:\/\/vieassociative.be\/actualites\/macron-etait-il-conduit-par-sa-femme-brigitte-photos-datterrissage-au-vietnam-go-viral-video\/#breadcrumb","itemListElement":[{"@type":"ListItem","position":1,"name":"Accueil","item":"https:\/\/vieassociative.be\/actualites\/"},{"@type":"ListItem","position":2,"name":"Macron \u00e9tait-il conduit par sa femme Brigitte? &#8211; Photos d&rsquo;atterrissage au Vietnam Go Viral (vid\u00e9o)"}]},{"@type":"WebSite","@id":"https:\/\/vieassociative.be\/actualites\/#website","url":"https:\/\/vieassociative.be\/actualites\/","name":"Vie Associative","description":"","publisher":{"@id":"https:\/\/vieassociative.be\/actualites\/#organization"},"potentialAction":[{"@type":"SearchAction","target":{"@type":"EntryPoint","urlTemplate":"https:\/\/vieassociative.be\/actualites\/?s={search_term_string}"},"query-input":{"@type":"PropertyValueSpecification","valueRequired":true,"valueName":"search_term_string"}}],"inLanguage":"fr-BE"},{"@type":"Organization","@id":"https:\/\/vieassociative.be\/actualites\/#organization","name":"Vie Associative","url":"https:\/\/vieassociative.be\/actualites\/","logo":{"@type":"ImageObject","inLanguage":"fr-BE","@id":"https:\/\/vieassociative.be\/actualites\/#\/schema\/logo\/image\/","url":"https:\/\/vieassociative.be\/actualites\/wp-content\/uploads\/2024\/09\/cropped-vieassociative_favicon.ico.png","contentUrl":"https:\/\/vieassociative.be\/actualites\/wp-content\/uploads\/2024\/09\/cropped-vieassociative_favicon.ico.png","width":512,"height":512,"caption":"Vie Associative"},"image":{"@id":"https:\/\/vieassociative.be\/actualites\/#\/schema\/logo\/image\/"}},{"@type":"Person","@id":"https:\/\/vieassociative.be\/actualites\/#\/schema\/person\/b87ac4f82f9d4e7b7cec7395b679edc4","name":"Julien","image":{"@type":"ImageObject","inLanguage":"fr-BE","@id":"https:\/\/vieassociative.be\/actualites\/#\/schema\/person\/image\/","url":"https:\/\/vieassociative.be\/actualites\/wp-content\/uploads\/2024\/09\/vie-associative-1-150x150.jpg","contentUrl":"https:\/\/vieassociative.be\/actualites\/wp-content\/uploads\/2024\/09\/vie-associative-1-150x150.jpg","caption":"Julien"},"description":"Je suis Julien, r\u00e9dacteur pour Vie Associative. Passionn\u00e9 par le monde associatif depuis plus de 10 ans, j'ai \u00e0 c\u0153ur de partager des histoires inspirantes et de mettre en lumi\u00e8re les initiatives locales. Mon objectif est de sensibiliser et d'encourager l'engagement communautaire \u00e0 travers mes articles.","sameAs":["https:\/\/vieassociative.be\/"]}]}},"_links":{"self":[{"href":"https:\/\/vieassociative.be\/actualites\/wp-json\/wp\/v2\/posts\/7784"}],"collection":[{"href":"https:\/\/vieassociative.be\/actualites\/wp-json\/wp\/v2\/posts"}],"about":[{"href":"https:\/\/vieassociative.be\/actualites\/wp-json\/wp\/v2\/types\/post"}],"author":[{"embeddable":true,"href":"https:\/\/vieassociative.be\/actualites\/wp-json\/wp\/v2\/users\/1"}],"replies":[{"embeddable":true,"href":"https:\/\/vieassociative.be\/actualites\/wp-json\/wp\/v2\/comments?post=7784"}],"version-history":[{"count":0,"href":"https:\/\/vieassociative.be\/actualites\/wp-json\/wp\/v2\/posts\/7784\/revisions"}],"wp:featuredmedia":[{"embeddable":true,"href":"https:\/\/vieassociative.be\/actualites\/wp-json\/wp\/v2\/media\/7785"}],"wp:attachment":[{"href":"https:\/\/vieassociative.be\/actualites\/wp-json\/wp\/v2\/media?parent=7784"}],"wp:term":[{"taxonomy":"category","embeddable":true,"href":"https:\/\/vieassociative.be\/actualites\/wp-json\/wp\/v2\/categories?post=7784"},{"taxonomy":"post_tag","embeddable":true,"href":"https:\/\/vieassociative.be\/actualites\/wp-json\/wp\/v2\/tags?post=7784"}],"curies":[{"name":"wp","href":"https:\/\/api.w.org\/{rel}","templated":true}]}}