{"id":7783,"date":"2025-05-26T15:17:53","date_gmt":"2025-05-26T13:17:53","guid":{"rendered":"https:\/\/vieassociative.be\/actualites\/vous-netes-pas-prepare-a-cette-terrifiante-nouvelle-vague-de-videos-generees-par-lai-ai-2\/"},"modified":"2025-05-26T15:17:53","modified_gmt":"2025-05-26T13:17:53","slug":"vous-netes-pas-prepare-a-cette-terrifiante-nouvelle-vague-de-videos-generees-par-lai-ai-2","status":"publish","type":"post","link":"https:\/\/vieassociative.be\/actualites\/vous-netes-pas-prepare-a-cette-terrifiante-nouvelle-vague-de-videos-generees-par-lai-ai-2\/","title":{"rendered":"Vous n&rsquo;\u00eates pas pr\u00e9par\u00e9 \u00e0 cette terrifiante nouvelle vague de vid\u00e9os g\u00e9n\u00e9r\u00e9es par l&rsquo;AI-AI"},"content":{"rendered":"<div class=\"mt-4 leading-6 md:mb-8\">Ces vid\u00e9os vont vous tromper.<\/div>\n<p><\/p>\n<p>Je ne veux pas \u00eatre alarmiste, mais je pense qu&rsquo;il est temps de commencer \u00e0 supposer que tout ce que vous voyez en ligne est faux. <\/p>\n<p>Internet est plein de contenu produit par de vraies personnes, bien s\u00fbr (cet article inclus). Mais les m\u00e9dias g\u00e9n\u00e9r\u00e9s par l&rsquo;IA deviennent si r\u00e9alistes, qu&rsquo;il vous d\u00e9savantage presque de pr\u00e9sumer que le contenu que vous faites d\u00e9filer sur vos flux est l\u00e9gitime. <\/p>\n<p>Ne sautez pas cet article parce que vous savez \u00e0 quoi ressemble le contenu d&rsquo;IA &#8211; les \u00e9l\u00e9ments actuels que votre algorithme offre \u00e0 vos flux de m\u00e9dias sociaux est facile \u00e0 rep\u00e9rer si vous savez ce que vous recherchez. Mais m\u00eame si vous pouvez identifier AI Sols la seconde o\u00f9 il frappe vos globes oculaires, vous devez savoir que vous n&rsquo;\u00eates pas pr\u00eat pour la prochaine vague de vid\u00e9os g\u00e9n\u00e9r\u00e9es par l&rsquo;IA. Cette vague n&rsquo;est pas seulement sur son chemin &#8211; c&rsquo;est d\u00e9j\u00e0 l\u00e0.   <\/p>\n<h2 id=\"ai-content-is-already-fooling-people\">Le contenu de l&rsquo;IA est d\u00e9j\u00e0 des gens qui trompent les gens<\/h2>\n<p>La plupart d&rsquo;entre nous sont parfaitement conscients du look \u00ab\u00a0vid\u00e9o AI\u00a0\u00bb: cette vid\u00e9o \u00ab\u00a0tragique\u00a0\u00bb d&rsquo;un parent de chat qui sauve son chaton en le jetant hors d&rsquo;un avion en feu est \u00e9vident Ai Sols pour la plupart des qui le regardent. Vous savez probablement que Trump ne travaille pas ce chantier de construction, et vous pouvez assur\u00e9ment comprendre que cette famille d&rsquo;agriculteurs de chats est, en fait, g\u00e9n\u00e9r\u00e9e par l&rsquo;IA.<\/p>\n<p>Mais il y a les vid\u00e9os qui ne sont pas si \u00e9videntes, en particulier pour ceux d&rsquo;entre nous qui ne sont pas tout \u00e0 fait en phase avec l&rsquo;IA ou la technologie en g\u00e9n\u00e9ral. Vous savez peut-\u00eatre que cette vid\u00e9o de b\u00e9b\u00e9s dansant en cercle est l&rsquo;IA, mais beaucoup de gens dans les commentaires ne l&rsquo;ont pas fait (en supposant qu&rsquo;ils ne sont pas non plus des robots). Vous pourriez \u00e9galement \u00eatre en mesure de dire que cette famille d&rsquo;animaux de compagnie ne regarde pas vraiment un oiseau enqu\u00eater sur un alligator jouet, mais, encore une fois, beaucoup ne le peut pas. Et il n&rsquo;y a pas de fin au <em>L&rsquo;Am\u00e9rique a un talent<\/em> Des vid\u00e9os qui pr\u00e9sentent des visuels \u00abr\u00e9alistes\u00bb mais impossibles &#8211; qui capturent toujours le c\u0153ur de centaines de milliers, voire des millions de personnes. (Je pleure.)<\/p>\n<p>Mais je n&rsquo;\u00e9cris pas cette pi\u00e8ce aujourd&rsquo;hui parce que je suis pr\u00e9occup\u00e9 par le nombre de vid\u00e9os \u00ab\u00a0cr\u00e9dibles\u00a0\u00bb d&rsquo;IA <em>chemin<\/em> Trop de gens en faisant croire qu&rsquo;ils sont r\u00e9els. Je suis inquiet \u00e0 ce sujet, mais ces inqui\u00e9tudes p\u00e2les par rapport \u00e0 mes nouvelles peurs.<\/p>\n<p>Jusqu&rsquo;\u00e0 pr\u00e9sent, la plupart des vid\u00e9os de l&rsquo;IA qui prennent en charge les flux de m\u00e9dias sociaux reposent principalement sur leurs visuels et leurs sons de fond pour vendre leur pr\u00e9tendue authenticit\u00e9. Vous remarquerez que aucun des personnages de ces vid\u00e9os ne parle r\u00e9ellement. S&rsquo;ils le font, c&rsquo;est imm\u00e9diatement rebutant, avec des mouvements de l\u00e8vres hors synchronisation et, g\u00e9n\u00e9ralement, des voix robotiques. Il a \u00e9t\u00e9 plus facile pour les cr\u00e9ateurs d&rsquo;IA de mettre l&rsquo;accent sur le r\u00e9alisme des gens et des animaux dans leurs vid\u00e9os, et j&rsquo;esp\u00e8re que vous \u00eates assez s\u00e9duit par un b\u00e9b\u00e9 dansant avec un lion pour ne pas penser: \u00ab\u00a0Ce sont des conneries, non?\u00a0\u00bb<\/p>\n<p>M\u00eame le mod\u00e8le vid\u00e9o Sora d&rsquo;Openai, qui m&rsquo;a choqu\u00e9 de sa qualit\u00e9 en f\u00e9vrier de l&rsquo;ann\u00e9e derni\u00e8re, travaillait sur ses visuels r\u00e9alistes. Une vid\u00e9o de femme \u00ab\u00a0filant\u00a0\u00bb sa r\u00e9flexion \u00e0 travers une fen\u00eatre de train trop r\u00e9elle pour le confort, mais Sora ne crachait pas des conversations pleinement rendues. Si vous voyez une telle sc\u00e8ne sur vos flux, vous supposez probablement, bien s\u00fbr, une vraie vid\u00e9o &#8211; ou au moins une g\u00e9n\u00e9r\u00e9e par les humains.<\/p>\n<h2 id=\"ai-video-is-about-to-change-completely\">La vid\u00e9o de l&rsquo;IA est sur le point de changer compl\u00e8tement<\/h2>\n<p>Quelque chose s&rsquo;est produit cette semaine qui ne m&rsquo;a fait que me rendre plus pessimiste quant \u00e0 l&rsquo;avenir de la v\u00e9rit\u00e9 sur Internet. Au cours de l&rsquo;\u00e9v\u00e9nement Google I \/ S de cette semaine, Google a d\u00e9voil\u00e9 VEO 3, son dernier mod\u00e8le vid\u00e9o d&rsquo;IA. Comme d&rsquo;autres mod\u00e8les comp\u00e9titifs, VEO 3 peut g\u00e9n\u00e9rer des s\u00e9quences tr\u00e8s r\u00e9alistes, que Google a montr\u00e9es tout au long de la pr\u00e9sentation. Bien s\u00fbr, pas g\u00e9nial, mais aussi, rien <em>vraiment<\/em> Nouveau l\u00e0-bas.  <\/p>\n<p>Mais Veo 3 n&rsquo;est pas seulement capable de g\u00e9n\u00e9rer une vid\u00e9o qui pourrait inciter votre \u0153il \u00e0 penser que c&rsquo;est r\u00e9el: Veo 3 peut \u00e9galement g\u00e9n\u00e9rer de l&rsquo;audio pour accompagner la vid\u00e9o. Cela inclut des effets sonores, mais aussi le dialogue &#8211; un dialogue synchronis\u00e9. <\/p>\n<p>Afin de d\u00e9montrer les capacit\u00e9s audio \/ vid\u00e9o de Veo 3, Google a montr\u00e9 un clip d&rsquo;un vieux marin en mer. La qualit\u00e9 vid\u00e9o est nette et r\u00e9aliste, et les mots que l&rsquo;homme prononce est synchronis\u00e9 avec ses mouvements de l\u00e8vres. Bien s\u00fbr, sachant que la vid\u00e9o est AI, vous remarquez des bizarreries qui donnent le jeu (\u00e0 mon \u0153il, cela ressemble \u00e0 une animation de haute qualit\u00e9 plus qu&rsquo;un coup d&rsquo;action en direct) mais je suis assez convaincu que cette vid\u00e9o tromperait un <em>parcelle<\/em> des fans de fausses vid\u00e9os AGT. <\/p>\n<div class=\"mx-auto mt-8 w-full max-w-4xl aspect-video\">\n<div id=\"video-container-mCFMn0UkRt0\"><\/div>\n<\/div>\n<p>Mais m\u00eame ce clip n&rsquo;\u00e9tait pas ce qui a inspir\u00e9 mes nouvelles craintes &#8211; ce sont les vid\u00e9os que les utilisateurs ont commenc\u00e9 \u00e0 faire une fois qu&rsquo;ils ont mis la main sur Veo 3. Petapixel a un grand tour d&rsquo;horizon de certaines des \u00ab\u00a0meilleures\u00a0\u00bb vid\u00e9os Veo 3 que les gens ont r\u00e9alis\u00e9es jusqu&rsquo;\u00e0 pr\u00e9sent, mais je mettrai en \u00e9vidence certains de ceux qui devraient vous effrayer le plus. <\/p>\n<p>Ce clip montre un diffuseur jouant <em>Fortnite<\/em>. Tout, y compris les images du jeu, a \u00e9t\u00e9 g\u00e9n\u00e9r\u00e9 avec l&rsquo;IA de Google:<\/p>\n<blockquote class=\"twitterEmbed twitter-tweet\"><p>\n    <a rel=\"nofollow noopener\" class=\"text-gray-600\" href=\"https:\/\/twitter.com\/mattshumer_\/status\/1924994290729599222\" title=\"open in a new window\" target=\"_blank\"><\/p>\n<p>        Ce tweet n&rsquo;est actuellement pas disponible. Il peut \u00eatre charg\u00e9 ou a \u00e9t\u00e9 supprim\u00e9.<br \/>\n    <\/a>\n<\/p><\/blockquote>\n<p>Ce clip montre trois concerts qui ne se sont jamais produits, mettant en vedette des musiciens et des foules qui n&rsquo;existent pas. La musique n&rsquo;est pas bonne, mais ce n&rsquo;est pas le point. La musique, des voix aux instrumentaux, a \u00e9t\u00e9 enti\u00e8rement g\u00e9n\u00e9r\u00e9e par l&rsquo;IA, puis synchronis\u00e9e avec les l\u00e8vres, les tambours, les guitares et les cordes:<\/p>\n<div class=\"pogoClear relative my-10 border-b-(1.5px) border-t-(1.5px) border-dashed border-black py-5 sm:my-14 sm:border-0 sm:py-0\" data-ga-click data-ga-template=\"News\" data-ga-module=\"openweb_widget\" data-ga-element=\"openweb_scroll\" data-ga-item=\"openweb_scroll_midpage\" x-cloak x-data=\"{ commentsCount: null, hasComments: false }\" x-init=\"commentsCount = await window.openweb.getMessagesCount(01JVYVTM75Z3382FKMB40TDYH4);\n     hasComments = commentsCount !== null &amp;&amp; commentsCount &gt; 0\"><\/p>\n<div class=\"absolute top-1\/2 hidden w-full -translate-y-1\/2 border-t-(1.5px) border-dashed border-black sm:block\"><\/div>\n<div class=\"relative flex justify-center\">\n<div class=\"flex max-w-max items-center gap-x-3 bg-white px-5\">\n<div class=\"relative\">\n                <span class=\"absolute left-1\/2 top-1\/2 -translate-x-1\/2 -translate-y-1\/2 font-akshar text-sm font-medium text-black\" x-show=\"hasComments\" x-text=\"commentsCount\"><\/span><\/p>\n<p>                <svg class=\"h-8 w-8 text-black\">\n                    <use href=\"http:\/\/lifehacker.com\/images\/icons\/spritemap.svg#sprite-chat-bubble\"><\/use>\n                <\/svg>\n            <\/div>\n<p>            <span class=\"text-sm font-medium text-black\"><\/p>\n<p>                Que pensez-vous jusqu&rsquo;\u00e0 pr\u00e9sent?<br \/>\n                <button class=\"font-semibold text-brand-green underline hover:text-brand-green-700\" onclick=\"window.openweb.scrollToComments('01JVYVTM75Z3382FKMB40TDYH4')\" x-text=\"hasComments ? 'Post a comment.' : 'Be the first to post a comment.'\"><\/button><br \/>\n            <\/span>\n        <\/div>\n<\/p><\/div>\n<\/div>\n<blockquote class=\"twitterEmbed twitter-tweet\"><p>\n    <a rel=\"nofollow noopener\" class=\"text-gray-600\" href=\"https:\/\/twitter.com\/jerrod_lew\/status\/1924934440486371589\" title=\"open in a new window\" target=\"_blank\"><\/p>\n<p>        Ce tweet n&rsquo;est actuellement pas disponible. Il peut \u00eatre charg\u00e9 ou a \u00e9t\u00e9 supprim\u00e9.<br \/>\n    <\/a>\n<\/p><\/blockquote>\n<p>Mais ce clip est, sans aucun doute, celui qui devrait sonner l&rsquo;alarme pour chacun de nous. Quelqu&rsquo;un a g\u00e9n\u00e9r\u00e9 une fausse vid\u00e9o d&rsquo;une fausse salon de l&rsquo;automobile, avec de fausses interviews avec de faux participants. C&rsquo;est loin d&rsquo;\u00eatre parfait, mais toutes les bizarreries de l&rsquo;IA sont totalement \u00e9clips\u00e9es par le r\u00e9alisme au niveau de la surface ici. Non seulement les fans de Talent auraient non seulement ach\u00e8teraient cela, <em>je <\/em>Je l&rsquo;ach\u00e8terais, surtout si je ne le surveillais pas:<\/p>\n<blockquote class=\"twitterEmbed twitter-tweet\"><p>\n    <a rel=\"nofollow noopener\" class=\"text-gray-600\" href=\"https:\/\/twitter.com\/laszlogaal_\/status\/1925094336200573225\" title=\"open in a new window\" target=\"_blank\"><\/p>\n<p>        Ce tweet n&rsquo;est actuellement pas disponible. Il peut \u00eatre charg\u00e9 ou a \u00e9t\u00e9 supprim\u00e9.<br \/>\n    <\/a>\n<\/p><\/blockquote>\n<p>Ce sont les visuels; C&rsquo;est le dialogue; C&rsquo;est la foule; C&rsquo;est l&rsquo;\u00e9clairage; C&rsquo;est le rire franc des \u00aberreurs\u00bb; C&rsquo;est le son du micro qui est \u00ab\u00a0heurt\u00e9\u00a0\u00bb. F\u00e9licitations pour avoir remarqu\u00e9 que le dialogue n&rsquo;a souvent pas de sens, ou que les personnes en arri\u00e8re-plan d\u00e9fient les lois de la physique &#8211; vous ne le remarquerez pas lorsqu&rsquo;il atteindra un d\u00e9ficit \u00e0 mi-parcours sur Tiktok ou Instagram. <\/p>\n<p>M\u00eame Veo 2, qui n&rsquo;est pas aussi puissant que Veo 3, propose d\u00e9sormais des outils de r\u00e9alisme, comme la capacit\u00e9 de dicter la fa\u00e7on dont vous voulez que la cam\u00e9ra se d\u00e9place. Et les deux mod\u00e8les sont disponibles dans Flow, l&rsquo;\u00e9diteur vid\u00e9o AI de Google en quelque sorte. Les cr\u00e9ateurs ont d\u00e9sormais la capacit\u00e9 de g\u00e9n\u00e9rer un contenu d&rsquo;IA tr\u00e8s r\u00e9aliste qui a l&rsquo;impression d&rsquo;avoir \u00e9t\u00e9 film\u00e9 en personne, et la technologie ne fait que s&rsquo;am\u00e9liorer.<\/p>\n<blockquote class=\"twitterEmbed twitter-tweet\"><p>\n    <a rel=\"nofollow noopener\" class=\"text-gray-600\" href=\"https:\/\/twitter.com\/Diesol\/status\/1925114473544913004\" title=\"open in a new window\" target=\"_blank\"><\/p>\n<p>        Ce tweet n&rsquo;est actuellement pas disponible. Il peut \u00eatre charg\u00e9 ou a \u00e9t\u00e9 supprim\u00e9.<br \/>\n    <\/a>\n<\/p><\/blockquote>\n<p>Les meilleurs outils de g\u00e9n\u00e9rateurs vid\u00e9o d&rsquo;IA de Google co\u00fbtent 250 $ par mois gr\u00e2ce \u00e0 son nouveau plan d&rsquo;abonnement AI Ultra. C&rsquo;est cher, mais pas hors de port\u00e9e pour beaucoup de gens int\u00e9ress\u00e9s \u00e0 fabriquer un contenu g\u00e9n\u00e9r\u00e9 par l&rsquo;IA. Mais le plan de 20 $ par mois, AI Pro, est toujours livr\u00e9 avec VEO 2 et Flow Access. Les limites de taux sont plus faibles, mais je ne serais pas choqu\u00e9 de voir une pente r\u00e9aliste sortir de ces limitations \u00e9galement. <\/p>\n<h2 id=\"its-time-to-be-a-full-time-skeptic\">Il est temps d&rsquo;\u00eatre sceptique \u00e0 plein temps<\/h2>\n<p>Aucune de ces technologies n&rsquo;est parfaite. Je ne suis pas l\u00e0 pour vous dire que tout ce que Veo 3 crache est indiscernable du contenu r\u00e9el, ou que les vid\u00e9os sont absentes de la part de l&rsquo;IA habituelle. En fait, il y a clairement quelque chose avec les donn\u00e9es de formation de Veo 3: comme le rapporte 404 Media, le mod\u00e8le g\u00e9n\u00e8re continuellement la m\u00eame \u00ab\u00a0blague de papa\u00a0\u00bb \u00e9trange chaque fois que vous demandez une g\u00e9n\u00e9ration d&rsquo;un com\u00e9dien effectuant un standup. <\/p>\n<p>Ce que je dis, c&rsquo;est qu&rsquo;il est temps d&rsquo;allumer vos d\u00e9tecteurs de conneries et de les garder actifs \u00e0 plein temps. Lorsque vous vous engagez avec des vid\u00e9os sur Internet &#8211; en particulier des clips algorithmiques courts &#8211; vous pourriez \u00eatre plus en s\u00e9curit\u00e9 op\u00e9rant en supposant que le contenu est faux \u00e0 partir du saut et n\u00e9cessite une preuve hors de tout doute raisonnable que ce que vous voyez n&rsquo;a pas \u00e9t\u00e9 g\u00e9n\u00e9r\u00e9 avec une simple invite et un budget de 250 $. Cela semble extr\u00eame, mais apr\u00e8s ce que j&rsquo;ai vu cette semaine, je ne vois pas vraiment une autre fa\u00e7on de s&rsquo;engager avec ce contenu \u00e0 l&rsquo;avenir.<\/p>\n<p>Nous sommes en territoire effrayant maintenant. Aujourd&rsquo;hui, ce sont des d\u00e9mos de musiciens et de banderoles. Demain, c&rsquo;est un politicien en disant quelque chose qu&rsquo;ils n&rsquo;avaient pas; un suspect commettant le crime dont ils sont accus\u00e9s; Un \u00ab\u00a0journaliste\u00a0\u00bb vous nourrit se situe \u00e0 travers les \u00ab\u00a0nouvelles\u00a0\u00bb.<\/p>\n<p>J&rsquo;esp\u00e8re que c&rsquo;est aussi bon que la technologie. J&rsquo;esp\u00e8re que les entreprises d&rsquo;IA manquent de donn\u00e9es de formation pour am\u00e9liorer leurs mod\u00e8les, et que les gouvernements prennent des mesures pour r\u00e9glementer cette technologie. Mais vu que les r\u00e9publicains aux \u00c9tats-Unis ont adopt\u00e9 un projet de loi qui comprenait une interdiction des r\u00e9glementations de l&rsquo;IA forc\u00e9es par l&rsquo;\u00c9tat pour dix <em>ann\u00e9es<\/em>Je suis assez pessimiste sur ce dernier point. <\/p>\n<p>Selon toute vraisemblance, cette technologie va s&rsquo;am\u00e9liorer, avec aucun garde-corps pour s&rsquo;assurer qu&rsquo;il progresse en toute s\u00e9curit\u00e9. Je me demande combien de ces politiciens qui ont vot\u00e9 oui sur ce projet de loi ont regard\u00e9 une vid\u00e9o g\u00e9n\u00e9r\u00e9e par l&rsquo;AI sur leur t\u00e9l\u00e9phone cette semaine et n&rsquo;ont rien pens\u00e9.<\/p>\n<p><script async src=\"https:\/\/platform.twitter.com\/widgets.js\" charset=\"utf-8\"><\/script><script async src=\"\/\/www.tiktok.com\/embed.js\"><\/script><\/p>\n","protected":false},"excerpt":{"rendered":"<p>Ces vid\u00e9os vont vous tromper. Je ne veux pas \u00eatre alarmiste, mais je pense qu&rsquo;il est temps de commencer \u00e0 supposer que tout ce que<\/p>\n","protected":false},"author":1,"featured_media":7736,"comment_status":"","ping_status":"","sticky":false,"template":"","format":"standard","meta":{"footnotes":""},"categories":[13],"tags":[206,7128,7129,2966,491,676,126,7126,7127,3507,1189,4],"class_list":["post-7783","post","type-post","status-publish","format-standard","has-post-thumbnail","hentry","category-technologie","tag-cette","tag-generees","tag-laiai","tag-netes","tag-nouvelle","tag-par","tag-pas","tag-prepare","tag-terrifiante","tag-vague","tag-videos","tag-vous","generate-columns","tablet-grid-50","mobile-grid-100","grid-parent","grid-33"],"yoast_head":"<!-- This site is optimized with the Yoast SEO plugin v24.0 - https:\/\/yoast.com\/wordpress\/plugins\/seo\/ -->\n<title>Vous n&#039;\u00eates pas pr\u00e9par\u00e9 \u00e0 cette terrifiante nouvelle vague de vid\u00e9os g\u00e9n\u00e9r\u00e9es par l&#039;AI-AI | Vie Associative<\/title>\n<meta name=\"robots\" content=\"index, follow, max-snippet:-1, max-image-preview:large, max-video-preview:-1\" \/>\n<link rel=\"canonical\" href=\"https:\/\/vieassociative.be\/actualites\/vous-netes-pas-prepare-a-cette-terrifiante-nouvelle-vague-de-videos-generees-par-lai-ai-2\/\" \/>\n<meta property=\"og:locale\" content=\"fr_FR\" \/>\n<meta property=\"og:type\" content=\"article\" \/>\n<meta property=\"og:title\" content=\"Vous n&#039;\u00eates pas pr\u00e9par\u00e9 \u00e0 cette terrifiante nouvelle vague de vid\u00e9os g\u00e9n\u00e9r\u00e9es par l&#039;AI-AI | Vie Associative\" \/>\n<meta property=\"og:description\" content=\"Ces vid\u00e9os vont vous tromper. Je ne veux pas \u00eatre alarmiste, mais je pense qu&rsquo;il est temps de commencer \u00e0 supposer que tout ce que\" \/>\n<meta property=\"og:url\" content=\"https:\/\/vieassociative.be\/actualites\/vous-netes-pas-prepare-a-cette-terrifiante-nouvelle-vague-de-videos-generees-par-lai-ai-2\/\" \/>\n<meta property=\"og:site_name\" content=\"Vie Associative\" \/>\n<meta property=\"article:published_time\" content=\"2025-05-26T13:17:53+00:00\" \/>\n<meta property=\"og:image\" content=\"https:\/\/vieassociative.be\/actualites\/wp-content\/uploads\/2024\/09\/header_backgroundk-01-e1726694325946.png\" \/>\n\t<meta property=\"og:image:width\" content=\"279\" \/>\n\t<meta property=\"og:image:height\" content=\"92\" \/>\n\t<meta property=\"og:image:type\" content=\"image\/png\" \/>\n<meta name=\"author\" content=\"Julien\" \/>\n<meta name=\"twitter:card\" content=\"summary_large_image\" \/>\n<meta name=\"twitter:label1\" content=\"\u00c9crit par\" \/>\n\t<meta name=\"twitter:data1\" content=\"Julien\" \/>\n\t<meta name=\"twitter:label2\" content=\"Dur\u00e9e de lecture est.\" \/>\n\t<meta name=\"twitter:data2\" content=\"9 minutes\" \/>\n<script type=\"application\/ld+json\" class=\"yoast-schema-graph\">{\"@context\":\"https:\/\/schema.org\",\"@graph\":[{\"@type\":\"Article\",\"@id\":\"https:\/\/vieassociative.be\/actualites\/vous-netes-pas-prepare-a-cette-terrifiante-nouvelle-vague-de-videos-generees-par-lai-ai-2\/#article\",\"isPartOf\":{\"@id\":\"https:\/\/vieassociative.be\/actualites\/vous-netes-pas-prepare-a-cette-terrifiante-nouvelle-vague-de-videos-generees-par-lai-ai-2\/\"},\"author\":{\"name\":\"Julien\",\"@id\":\"https:\/\/vieassociative.be\/actualites\/#\/schema\/person\/b87ac4f82f9d4e7b7cec7395b679edc4\"},\"headline\":\"Vous n&rsquo;\u00eates pas pr\u00e9par\u00e9 \u00e0 cette terrifiante nouvelle vague de vid\u00e9os g\u00e9n\u00e9r\u00e9es par l&rsquo;AI-AI\",\"datePublished\":\"2025-05-26T13:17:53+00:00\",\"dateModified\":\"2025-05-26T13:17:53+00:00\",\"mainEntityOfPage\":{\"@id\":\"https:\/\/vieassociative.be\/actualites\/vous-netes-pas-prepare-a-cette-terrifiante-nouvelle-vague-de-videos-generees-par-lai-ai-2\/\"},\"wordCount\":2002,\"publisher\":{\"@id\":\"https:\/\/vieassociative.be\/actualites\/#organization\"},\"image\":{\"@id\":\"https:\/\/vieassociative.be\/actualites\/vous-netes-pas-prepare-a-cette-terrifiante-nouvelle-vague-de-videos-generees-par-lai-ai-2\/#primaryimage\"},\"thumbnailUrl\":\"https:\/\/vieassociative.be\/actualites\/wp-content\/uploads\/2025\/05\/Vous-netes-pas-prepare-a-cette-terrifiante-nouvelle-vague-de.jpg\",\"keywords\":[\"cette\",\"g\u00e9n\u00e9r\u00e9es\",\"lAIAI\",\"n\u00eates\",\"nouvelle\",\"par\",\"pas\",\"pr\u00e9par\u00e9\",\"terrifiante\",\"vague\",\"vid\u00e9os\",\"Vous\"],\"articleSection\":[\"Technologie\"],\"inLanguage\":\"fr-BE\"},{\"@type\":\"WebPage\",\"@id\":\"https:\/\/vieassociative.be\/actualites\/vous-netes-pas-prepare-a-cette-terrifiante-nouvelle-vague-de-videos-generees-par-lai-ai-2\/\",\"url\":\"https:\/\/vieassociative.be\/actualites\/vous-netes-pas-prepare-a-cette-terrifiante-nouvelle-vague-de-videos-generees-par-lai-ai-2\/\",\"name\":\"Vous n'\u00eates pas pr\u00e9par\u00e9 \u00e0 cette terrifiante nouvelle vague de vid\u00e9os g\u00e9n\u00e9r\u00e9es par l'AI-AI | Vie Associative\",\"isPartOf\":{\"@id\":\"https:\/\/vieassociative.be\/actualites\/#website\"},\"primaryImageOfPage\":{\"@id\":\"https:\/\/vieassociative.be\/actualites\/vous-netes-pas-prepare-a-cette-terrifiante-nouvelle-vague-de-videos-generees-par-lai-ai-2\/#primaryimage\"},\"image\":{\"@id\":\"https:\/\/vieassociative.be\/actualites\/vous-netes-pas-prepare-a-cette-terrifiante-nouvelle-vague-de-videos-generees-par-lai-ai-2\/#primaryimage\"},\"thumbnailUrl\":\"https:\/\/vieassociative.be\/actualites\/wp-content\/uploads\/2025\/05\/Vous-netes-pas-prepare-a-cette-terrifiante-nouvelle-vague-de.jpg\",\"datePublished\":\"2025-05-26T13:17:53+00:00\",\"dateModified\":\"2025-05-26T13:17:53+00:00\",\"breadcrumb\":{\"@id\":\"https:\/\/vieassociative.be\/actualites\/vous-netes-pas-prepare-a-cette-terrifiante-nouvelle-vague-de-videos-generees-par-lai-ai-2\/#breadcrumb\"},\"inLanguage\":\"fr-BE\",\"potentialAction\":[{\"@type\":\"ReadAction\",\"target\":[\"https:\/\/vieassociative.be\/actualites\/vous-netes-pas-prepare-a-cette-terrifiante-nouvelle-vague-de-videos-generees-par-lai-ai-2\/\"]}]},{\"@type\":\"ImageObject\",\"inLanguage\":\"fr-BE\",\"@id\":\"https:\/\/vieassociative.be\/actualites\/vous-netes-pas-prepare-a-cette-terrifiante-nouvelle-vague-de-videos-generees-par-lai-ai-2\/#primaryimage\",\"url\":\"https:\/\/vieassociative.be\/actualites\/wp-content\/uploads\/2025\/05\/Vous-netes-pas-prepare-a-cette-terrifiante-nouvelle-vague-de.jpg\",\"contentUrl\":\"https:\/\/vieassociative.be\/actualites\/wp-content\/uploads\/2025\/05\/Vous-netes-pas-prepare-a-cette-terrifiante-nouvelle-vague-de.jpg\",\"width\":1200,\"height\":675,\"caption\":\"Vous n'\u00eates pas pr\u00e9par\u00e9 \u00e0 cette terrifiante nouvelle vague de vid\u00e9os g\u00e9n\u00e9r\u00e9es par l'AI-AI\"},{\"@type\":\"BreadcrumbList\",\"@id\":\"https:\/\/vieassociative.be\/actualites\/vous-netes-pas-prepare-a-cette-terrifiante-nouvelle-vague-de-videos-generees-par-lai-ai-2\/#breadcrumb\",\"itemListElement\":[{\"@type\":\"ListItem\",\"position\":1,\"name\":\"Accueil\",\"item\":\"https:\/\/vieassociative.be\/actualites\/\"},{\"@type\":\"ListItem\",\"position\":2,\"name\":\"Vous n&rsquo;\u00eates pas pr\u00e9par\u00e9 \u00e0 cette terrifiante nouvelle vague de vid\u00e9os g\u00e9n\u00e9r\u00e9es par l&rsquo;AI-AI\"}]},{\"@type\":\"WebSite\",\"@id\":\"https:\/\/vieassociative.be\/actualites\/#website\",\"url\":\"https:\/\/vieassociative.be\/actualites\/\",\"name\":\"Vie Associative\",\"description\":\"\",\"publisher\":{\"@id\":\"https:\/\/vieassociative.be\/actualites\/#organization\"},\"potentialAction\":[{\"@type\":\"SearchAction\",\"target\":{\"@type\":\"EntryPoint\",\"urlTemplate\":\"https:\/\/vieassociative.be\/actualites\/?s={search_term_string}\"},\"query-input\":{\"@type\":\"PropertyValueSpecification\",\"valueRequired\":true,\"valueName\":\"search_term_string\"}}],\"inLanguage\":\"fr-BE\"},{\"@type\":\"Organization\",\"@id\":\"https:\/\/vieassociative.be\/actualites\/#organization\",\"name\":\"Vie Associative\",\"url\":\"https:\/\/vieassociative.be\/actualites\/\",\"logo\":{\"@type\":\"ImageObject\",\"inLanguage\":\"fr-BE\",\"@id\":\"https:\/\/vieassociative.be\/actualites\/#\/schema\/logo\/image\/\",\"url\":\"https:\/\/vieassociative.be\/actualites\/wp-content\/uploads\/2024\/09\/cropped-vieassociative_favicon.ico.png\",\"contentUrl\":\"https:\/\/vieassociative.be\/actualites\/wp-content\/uploads\/2024\/09\/cropped-vieassociative_favicon.ico.png\",\"width\":512,\"height\":512,\"caption\":\"Vie Associative\"},\"image\":{\"@id\":\"https:\/\/vieassociative.be\/actualites\/#\/schema\/logo\/image\/\"}},{\"@type\":\"Person\",\"@id\":\"https:\/\/vieassociative.be\/actualites\/#\/schema\/person\/b87ac4f82f9d4e7b7cec7395b679edc4\",\"name\":\"Julien\",\"image\":{\"@type\":\"ImageObject\",\"inLanguage\":\"fr-BE\",\"@id\":\"https:\/\/vieassociative.be\/actualites\/#\/schema\/person\/image\/\",\"url\":\"https:\/\/vieassociative.be\/actualites\/wp-content\/uploads\/2024\/09\/vie-associative-1-150x150.jpg\",\"contentUrl\":\"https:\/\/vieassociative.be\/actualites\/wp-content\/uploads\/2024\/09\/vie-associative-1-150x150.jpg\",\"caption\":\"Julien\"},\"description\":\"Je suis Julien, r\u00e9dacteur pour Vie Associative. Passionn\u00e9 par le monde associatif depuis plus de 10 ans, j'ai \u00e0 c\u0153ur de partager des histoires inspirantes et de mettre en lumi\u00e8re les initiatives locales. Mon objectif est de sensibiliser et d'encourager l'engagement communautaire \u00e0 travers mes articles.\",\"sameAs\":[\"https:\/\/vieassociative.be\/\"]}]}<\/script>\n<!-- \/ Yoast SEO plugin. -->","yoast_head_json":{"title":"Vous n'\u00eates pas pr\u00e9par\u00e9 \u00e0 cette terrifiante nouvelle vague de vid\u00e9os g\u00e9n\u00e9r\u00e9es par l'AI-AI | Vie Associative","robots":{"index":"index","follow":"follow","max-snippet":"max-snippet:-1","max-image-preview":"max-image-preview:large","max-video-preview":"max-video-preview:-1"},"canonical":"https:\/\/vieassociative.be\/actualites\/vous-netes-pas-prepare-a-cette-terrifiante-nouvelle-vague-de-videos-generees-par-lai-ai-2\/","og_locale":"fr_FR","og_type":"article","og_title":"Vous n'\u00eates pas pr\u00e9par\u00e9 \u00e0 cette terrifiante nouvelle vague de vid\u00e9os g\u00e9n\u00e9r\u00e9es par l'AI-AI | Vie Associative","og_description":"Ces vid\u00e9os vont vous tromper. Je ne veux pas \u00eatre alarmiste, mais je pense qu&rsquo;il est temps de commencer \u00e0 supposer que tout ce que","og_url":"https:\/\/vieassociative.be\/actualites\/vous-netes-pas-prepare-a-cette-terrifiante-nouvelle-vague-de-videos-generees-par-lai-ai-2\/","og_site_name":"Vie Associative","article_published_time":"2025-05-26T13:17:53+00:00","og_image":[{"width":279,"height":92,"url":"https:\/\/vieassociative.be\/actualites\/wp-content\/uploads\/2024\/09\/header_backgroundk-01-e1726694325946.png","type":"image\/png"}],"author":"Julien","twitter_card":"summary_large_image","twitter_misc":{"\u00c9crit par":"Julien","Dur\u00e9e de lecture est.":"9 minutes"},"schema":{"@context":"https:\/\/schema.org","@graph":[{"@type":"Article","@id":"https:\/\/vieassociative.be\/actualites\/vous-netes-pas-prepare-a-cette-terrifiante-nouvelle-vague-de-videos-generees-par-lai-ai-2\/#article","isPartOf":{"@id":"https:\/\/vieassociative.be\/actualites\/vous-netes-pas-prepare-a-cette-terrifiante-nouvelle-vague-de-videos-generees-par-lai-ai-2\/"},"author":{"name":"Julien","@id":"https:\/\/vieassociative.be\/actualites\/#\/schema\/person\/b87ac4f82f9d4e7b7cec7395b679edc4"},"headline":"Vous n&rsquo;\u00eates pas pr\u00e9par\u00e9 \u00e0 cette terrifiante nouvelle vague de vid\u00e9os g\u00e9n\u00e9r\u00e9es par l&rsquo;AI-AI","datePublished":"2025-05-26T13:17:53+00:00","dateModified":"2025-05-26T13:17:53+00:00","mainEntityOfPage":{"@id":"https:\/\/vieassociative.be\/actualites\/vous-netes-pas-prepare-a-cette-terrifiante-nouvelle-vague-de-videos-generees-par-lai-ai-2\/"},"wordCount":2002,"publisher":{"@id":"https:\/\/vieassociative.be\/actualites\/#organization"},"image":{"@id":"https:\/\/vieassociative.be\/actualites\/vous-netes-pas-prepare-a-cette-terrifiante-nouvelle-vague-de-videos-generees-par-lai-ai-2\/#primaryimage"},"thumbnailUrl":"https:\/\/vieassociative.be\/actualites\/wp-content\/uploads\/2025\/05\/Vous-netes-pas-prepare-a-cette-terrifiante-nouvelle-vague-de.jpg","keywords":["cette","g\u00e9n\u00e9r\u00e9es","lAIAI","n\u00eates","nouvelle","par","pas","pr\u00e9par\u00e9","terrifiante","vague","vid\u00e9os","Vous"],"articleSection":["Technologie"],"inLanguage":"fr-BE"},{"@type":"WebPage","@id":"https:\/\/vieassociative.be\/actualites\/vous-netes-pas-prepare-a-cette-terrifiante-nouvelle-vague-de-videos-generees-par-lai-ai-2\/","url":"https:\/\/vieassociative.be\/actualites\/vous-netes-pas-prepare-a-cette-terrifiante-nouvelle-vague-de-videos-generees-par-lai-ai-2\/","name":"Vous n'\u00eates pas pr\u00e9par\u00e9 \u00e0 cette terrifiante nouvelle vague de vid\u00e9os g\u00e9n\u00e9r\u00e9es par l'AI-AI | Vie Associative","isPartOf":{"@id":"https:\/\/vieassociative.be\/actualites\/#website"},"primaryImageOfPage":{"@id":"https:\/\/vieassociative.be\/actualites\/vous-netes-pas-prepare-a-cette-terrifiante-nouvelle-vague-de-videos-generees-par-lai-ai-2\/#primaryimage"},"image":{"@id":"https:\/\/vieassociative.be\/actualites\/vous-netes-pas-prepare-a-cette-terrifiante-nouvelle-vague-de-videos-generees-par-lai-ai-2\/#primaryimage"},"thumbnailUrl":"https:\/\/vieassociative.be\/actualites\/wp-content\/uploads\/2025\/05\/Vous-netes-pas-prepare-a-cette-terrifiante-nouvelle-vague-de.jpg","datePublished":"2025-05-26T13:17:53+00:00","dateModified":"2025-05-26T13:17:53+00:00","breadcrumb":{"@id":"https:\/\/vieassociative.be\/actualites\/vous-netes-pas-prepare-a-cette-terrifiante-nouvelle-vague-de-videos-generees-par-lai-ai-2\/#breadcrumb"},"inLanguage":"fr-BE","potentialAction":[{"@type":"ReadAction","target":["https:\/\/vieassociative.be\/actualites\/vous-netes-pas-prepare-a-cette-terrifiante-nouvelle-vague-de-videos-generees-par-lai-ai-2\/"]}]},{"@type":"ImageObject","inLanguage":"fr-BE","@id":"https:\/\/vieassociative.be\/actualites\/vous-netes-pas-prepare-a-cette-terrifiante-nouvelle-vague-de-videos-generees-par-lai-ai-2\/#primaryimage","url":"https:\/\/vieassociative.be\/actualites\/wp-content\/uploads\/2025\/05\/Vous-netes-pas-prepare-a-cette-terrifiante-nouvelle-vague-de.jpg","contentUrl":"https:\/\/vieassociative.be\/actualites\/wp-content\/uploads\/2025\/05\/Vous-netes-pas-prepare-a-cette-terrifiante-nouvelle-vague-de.jpg","width":1200,"height":675,"caption":"Vous n'\u00eates pas pr\u00e9par\u00e9 \u00e0 cette terrifiante nouvelle vague de vid\u00e9os g\u00e9n\u00e9r\u00e9es par l'AI-AI"},{"@type":"BreadcrumbList","@id":"https:\/\/vieassociative.be\/actualites\/vous-netes-pas-prepare-a-cette-terrifiante-nouvelle-vague-de-videos-generees-par-lai-ai-2\/#breadcrumb","itemListElement":[{"@type":"ListItem","position":1,"name":"Accueil","item":"https:\/\/vieassociative.be\/actualites\/"},{"@type":"ListItem","position":2,"name":"Vous n&rsquo;\u00eates pas pr\u00e9par\u00e9 \u00e0 cette terrifiante nouvelle vague de vid\u00e9os g\u00e9n\u00e9r\u00e9es par l&rsquo;AI-AI"}]},{"@type":"WebSite","@id":"https:\/\/vieassociative.be\/actualites\/#website","url":"https:\/\/vieassociative.be\/actualites\/","name":"Vie Associative","description":"","publisher":{"@id":"https:\/\/vieassociative.be\/actualites\/#organization"},"potentialAction":[{"@type":"SearchAction","target":{"@type":"EntryPoint","urlTemplate":"https:\/\/vieassociative.be\/actualites\/?s={search_term_string}"},"query-input":{"@type":"PropertyValueSpecification","valueRequired":true,"valueName":"search_term_string"}}],"inLanguage":"fr-BE"},{"@type":"Organization","@id":"https:\/\/vieassociative.be\/actualites\/#organization","name":"Vie Associative","url":"https:\/\/vieassociative.be\/actualites\/","logo":{"@type":"ImageObject","inLanguage":"fr-BE","@id":"https:\/\/vieassociative.be\/actualites\/#\/schema\/logo\/image\/","url":"https:\/\/vieassociative.be\/actualites\/wp-content\/uploads\/2024\/09\/cropped-vieassociative_favicon.ico.png","contentUrl":"https:\/\/vieassociative.be\/actualites\/wp-content\/uploads\/2024\/09\/cropped-vieassociative_favicon.ico.png","width":512,"height":512,"caption":"Vie Associative"},"image":{"@id":"https:\/\/vieassociative.be\/actualites\/#\/schema\/logo\/image\/"}},{"@type":"Person","@id":"https:\/\/vieassociative.be\/actualites\/#\/schema\/person\/b87ac4f82f9d4e7b7cec7395b679edc4","name":"Julien","image":{"@type":"ImageObject","inLanguage":"fr-BE","@id":"https:\/\/vieassociative.be\/actualites\/#\/schema\/person\/image\/","url":"https:\/\/vieassociative.be\/actualites\/wp-content\/uploads\/2024\/09\/vie-associative-1-150x150.jpg","contentUrl":"https:\/\/vieassociative.be\/actualites\/wp-content\/uploads\/2024\/09\/vie-associative-1-150x150.jpg","caption":"Julien"},"description":"Je suis Julien, r\u00e9dacteur pour Vie Associative. Passionn\u00e9 par le monde associatif depuis plus de 10 ans, j'ai \u00e0 c\u0153ur de partager des histoires inspirantes et de mettre en lumi\u00e8re les initiatives locales. Mon objectif est de sensibiliser et d'encourager l'engagement communautaire \u00e0 travers mes articles.","sameAs":["https:\/\/vieassociative.be\/"]}]}},"_links":{"self":[{"href":"https:\/\/vieassociative.be\/actualites\/wp-json\/wp\/v2\/posts\/7783"}],"collection":[{"href":"https:\/\/vieassociative.be\/actualites\/wp-json\/wp\/v2\/posts"}],"about":[{"href":"https:\/\/vieassociative.be\/actualites\/wp-json\/wp\/v2\/types\/post"}],"author":[{"embeddable":true,"href":"https:\/\/vieassociative.be\/actualites\/wp-json\/wp\/v2\/users\/1"}],"replies":[{"embeddable":true,"href":"https:\/\/vieassociative.be\/actualites\/wp-json\/wp\/v2\/comments?post=7783"}],"version-history":[{"count":0,"href":"https:\/\/vieassociative.be\/actualites\/wp-json\/wp\/v2\/posts\/7783\/revisions"}],"wp:featuredmedia":[{"embeddable":true,"href":"https:\/\/vieassociative.be\/actualites\/wp-json\/wp\/v2\/media\/7736"}],"wp:attachment":[{"href":"https:\/\/vieassociative.be\/actualites\/wp-json\/wp\/v2\/media?parent=7783"}],"wp:term":[{"taxonomy":"category","embeddable":true,"href":"https:\/\/vieassociative.be\/actualites\/wp-json\/wp\/v2\/categories?post=7783"},{"taxonomy":"post_tag","embeddable":true,"href":"https:\/\/vieassociative.be\/actualites\/wp-json\/wp\/v2\/tags?post=7783"}],"curies":[{"name":"wp","href":"https:\/\/api.w.org\/{rel}","templated":true}]}}