{"id":7781,"date":"2025-05-26T09:17:46","date_gmt":"2025-05-26T07:17:46","guid":{"rendered":"https:\/\/vieassociative.be\/actualites\/cette-application-apporte-lile-dynamique-de-liphone-a-votre-mac\/"},"modified":"2025-05-26T09:17:46","modified_gmt":"2025-05-26T07:17:46","slug":"cette-application-apporte-lile-dynamique-de-liphone-a-votre-mac","status":"publish","type":"post","link":"https:\/\/vieassociative.be\/actualites\/cette-application-apporte-lile-dynamique-de-liphone-a-votre-mac\/","title":{"rendered":"Cette application apporte l&rsquo;\u00eele dynamique de l&rsquo;iPhone \u00e0 votre Mac"},"content":{"rendered":"<div class=\"mt-4 leading-6 md:mb-8\">Faites tr\u00e8s usage de l&rsquo;encoche du MacBook.<\/div>\n<p><\/p>\n<p>J&rsquo;aime vraiment l&rsquo;\u00eele dynamique de l&rsquo;iPhone, la d\u00e9coupe en forme de pilule pr\u00e8s du haut de l&rsquo;\u00e9cran de l&rsquo;appareil. C&rsquo;est une fa\u00e7on esth\u00e9tiquement agr\u00e9able de v\u00e9rifier votre pourcentage de batterie, d&rsquo;enregistrer des notes vocales et de contr\u00f4ler la lecture de la musique, entre autres choses. \u00c9tant donn\u00e9 que de nombreux MacBooks ont \u00e9galement une encoche d&rsquo;affichage, vous pouvez utiliser une application pour apporter une \u00eele dynamique de type iPhone \u00e0 votre ordinateur portable. Faire cela fait que la d\u00e9coupe ressemble \u00e0 une fonction de conception utile plut\u00f4t qu&rsquo;\u00e0 un \u00e9cart brusque \u00e0 l&rsquo;\u00e9cran, et certaines applications vous permettent m\u00eame de d\u00e9placer les fen\u00eatres de volume g\u00e9ant et de r\u00e9glage de la luminosit\u00e9 vers l&rsquo;\u00eele dynamique. <\/p>\n<h2 id=\"alcove-brings-the-dynamic-island-to-your-mac\">L&rsquo;alc\u00f4ve apporte l&rsquo;\u00eele dynamique \u00e0 votre Mac<\/h2>\n<div class=\"eloquent-imagery-image\">\n<div class=\"flex justify-center\">\n                    <img decoding=\"async\" class=\"border border-gray-100\" src=\"https:\/\/vieassociative.be\/actualites\/wp-content\/uploads\/2025\/05\/Cette-application-apporte-lile-dynamique-de-liPhone-a-votre-Mac.png\" alt=\"Le curseur de volume dans l'application Notch d'Alcove.\" width=\"2000\" height=\"1125\" loading=\"lazy\"  >\n            <\/div>\n<\/p><\/div>\n<p>J&rsquo;utilise Alcove sur un MacBook <em>sans<\/em> Une encoche et je le trouve toujours assez utile. Le d\u00e9veloppeur de cette application est connu pour se concentrer sur le design, tout comme ils l&rsquo;ont fait avec Klack &#8211; une application qui rend le son du clavier de votre Mac vintage. Les mises \u00e0 jour de l&rsquo;\u00e9tat soign\u00e9 d&rsquo;Alcove mettent en \u00e9vidence les informations utiles dans une interface lisse. Il reprend le volume de votre Mac et le r\u00e9glage de la luminosit\u00e9 des fen\u00eatres et les d\u00e9place vers l&rsquo;encoche. Il s&rsquo;agit d&rsquo;une meilleure impl\u00e9mentation que les popups g\u00e9ants d&rsquo;Apple, qui cachent temporairement une partie importante de l&rsquo;\u00e9cran &#8211; un probl\u00e8me qu&rsquo;ils ont r\u00e9solu depuis iOS.<\/p>\n<p>Vous pouvez \u00e9galement utiliser Alcove pour garder un onglet sur les orientations, les changements dans les chansons et l&rsquo;acc\u00e8s aux contr\u00f4les de lecture. L&rsquo;application peut m\u00eame afficher certaines de ces modifications sur l&rsquo;\u00e9cran de verrouillage de votre Mac. J&rsquo;aime aussi les animations de l&rsquo;application, du petit visualiseur qui appara\u00eet lorsque vous jouez de la musique aux diff\u00e9rents th\u00e8mes des curseurs de luminosit\u00e9 et de volume. Si vous choisissez le th\u00e8me Glow pour le curseur de volume, la couleur du curseur passe du vert au rouge lorsque vous d\u00e9passez 80% de volume. <\/p>\n<div class=\"eloquent-imagery-image\">\n<div class=\"flex justify-center\">\n                    <img decoding=\"async\" class=\"border border-gray-100\" src=\"https:\/\/vieassociative.be\/actualites\/wp-content\/uploads\/2025\/05\/1748243866_542_Cette-application-apporte-lile-dynamique-de-liPhone-a-votre-Mac.png\" alt=\"La fen\u00eatre des param\u00e8tres d'Alcove.\" width=\"2000\" height=\"1125\" loading=\"lazy\"  >\n            <\/div>\n<\/p><\/div>\n<p>Cette application prend en charge les gestes, vous pouvez donc utiliser des balayages horizontaux \u00e0 deux doigts sur votre MacBook pour passer \u00e0 la chanson suivante ou revenir \u00e0 la chanson pr\u00e9c\u00e9dente. Vous pouvez utiliser des balayages verticaux pour \u00e9tendre les contr\u00f4les de lecture ou pour rejeter les activit\u00e9s en direct qui apparaissent dans l&rsquo;encoche. <\/p>\n<div class=\"pogoClear relative my-10 border-b-(1.5px) border-t-(1.5px) border-dashed border-black py-5 sm:my-14 sm:border-0 sm:py-0\" data-ga-click data-ga-template=\"Hacks\" data-ga-module=\"openweb_widget\" data-ga-element=\"openweb_scroll\" data-ga-item=\"openweb_scroll_midpage\" x-cloak x-data=\"{ commentsCount: null, hasComments: false }\" x-init=\"commentsCount = await window.openweb.getMessagesCount(01JVZ07QWTDD779RENZ10K30BS);\n     hasComments = commentsCount !== null &amp;&amp; commentsCount &gt; 0\"><\/p>\n<div class=\"absolute top-1\/2 hidden w-full -translate-y-1\/2 border-t-(1.5px) border-dashed border-black sm:block\"><\/div>\n<div class=\"relative flex justify-center\">\n<div class=\"flex max-w-max items-center gap-x-3 bg-white px-5\">\n<div class=\"relative\">\n                <span class=\"absolute left-1\/2 top-1\/2 -translate-x-1\/2 -translate-y-1\/2 font-akshar text-sm font-medium text-black\" x-show=\"hasComments\" x-text=\"commentsCount\"><\/span><\/p>\n<p>                <svg class=\"h-8 w-8 text-black\">\n                    <use href=\"http:\/\/lifehacker.com\/images\/icons\/spritemap.svg#sprite-chat-bubble\"><\/use>\n                <\/svg>\n            <\/div>\n<p>            <span class=\"text-sm font-medium text-black\"><\/p>\n<p>                Que pensez-vous jusqu&rsquo;\u00e0 pr\u00e9sent?<br \/>\n                <button class=\"font-semibold text-brand-green underline hover:text-brand-green-700\" onclick=\"window.openweb.scrollToComments('01JVZ07QWTDD779RENZ10K30BS')\" x-text=\"hasComments ? 'Post a comment.' : 'Be the first to post a comment.'\"><\/button><br \/>\n            <\/span>\n        <\/div>\n<\/p><\/div>\n<\/div>\n<p>Vous pouvez essayer toutes les fonctionnalit\u00e9s de l&rsquo;application pendant quelques jours sans payer, et une fois l&rsquo;essai gratuit termin\u00e9, vous devrez payer 17 $ pour continuer \u00e0 utiliser l&rsquo;application. Le prix peut \u00eatre un peu \u00e9lev\u00e9 pour quelqu&rsquo;un qui veut juste des commandes de lecture musicale et rien d&rsquo;autre, mais Alcove est parmi les rares applications qui recr\u00e9e vraiment l&rsquo;\u00eele dynamique de l&rsquo;iPhone sur votre Mac, jusqu&rsquo;\u00e0 toutes les d\u00e9licieuses animations.<\/p>\n<h2 id=\"other-useful-notch-apps\">Autres applications Notch utiles<\/h2>\n<p>Il existe de nombreuses autres applications qui font bon usage de l&rsquo;encoche du MacBook, mais ce sont mes favoris:<\/p>\n<ul>\n<li>\n<p>Notchnook (25 $): Il s&rsquo;agit d&rsquo;une autre application bien con\u00e7ue et offre quelques fonctionnalit\u00e9s suppl\u00e9mentaires qu&rsquo;Alcove et co\u00fbte un peu plus. Vous obtenez plus de widgets, de raccourcis et m\u00eame un miroir qui vous permet de v\u00e9rifier votre cadre avant un appel vid\u00e9o. Le plateau de fichiers de Notchnook vous permet de diffuser rapidement des fichiers ou de les stocker dans une \u00e9tag\u00e8re temporaire, ce qui facilite le d\u00e9placement des fichiers.<\/p>\n<\/li>\n<li>\n<p>MediaMate (7 \u20ac): Vous pouvez utiliser cette application pour les commandes musicales, pour refuser les contr\u00f4les massifs de luminosit\u00e9 et de volume, et de choisir o\u00f9 placer ces curseurs de contr\u00f4le. Vous pouvez les placer dans l&rsquo;encoche ou utiliser des curseurs plus minces au milieu de l&rsquo;\u00e9cran.<\/p>\n<\/li>\n<li>\n<p>Tuneful (4 $): Celui-ci est une application Notch ax\u00e9e sur la musique, qui vous permet de vous connecter \u00e0 Apple Music et \u00e0 Spotify. Vous pouvez l&rsquo;utiliser pour montrer les contr\u00f4les de lecture et la chanson actuellement en jeu dans l&rsquo;encoche, mais elle comprend \u00e9galement des contr\u00f4les de lecture bas\u00e9s sur les gestes. Au cas o\u00f9 vous ne le souhaitez pas dans l&rsquo;encoche, vous pouvez permettre \u00e0 son mini-joueur de montrer les commandes d&rsquo;art et de lecture de l&rsquo;album dans d&rsquo;autres domaines de l&rsquo;\u00e9cran.<\/p>\n<\/li>\n<\/ul>\n","protected":false},"excerpt":{"rendered":"<p>Faites tr\u00e8s usage de l&rsquo;encoche du MacBook. J&rsquo;aime vraiment l&rsquo;\u00eele dynamique de l&rsquo;iPhone, la d\u00e9coupe en forme de pilule pr\u00e8s du haut de l&rsquo;\u00e9cran de<\/p>\n","protected":false},"author":1,"featured_media":7782,"comment_status":"","ping_status":"","sticky":false,"template":"","format":"standard","meta":{"footnotes":""},"categories":[13],"tags":[1277,434,206,7158,7157,2903,1112,8],"class_list":["post-7781","post","type-post","status-publish","format-standard","has-post-thumbnail","hentry","category-technologie","tag-application","tag-apporte","tag-cette","tag-dynamique","tag-lile","tag-liphone","tag-mac","tag-votre","generate-columns","tablet-grid-50","mobile-grid-100","grid-parent","grid-33"],"yoast_head":"<!-- This site is optimized with the Yoast SEO plugin v24.0 - https:\/\/yoast.com\/wordpress\/plugins\/seo\/ -->\n<title>Cette application apporte l&#039;\u00eele dynamique de l&#039;iPhone \u00e0 votre Mac | Vie Associative<\/title>\n<meta name=\"robots\" content=\"index, follow, max-snippet:-1, max-image-preview:large, max-video-preview:-1\" \/>\n<link rel=\"canonical\" href=\"https:\/\/vieassociative.be\/actualites\/cette-application-apporte-lile-dynamique-de-liphone-a-votre-mac\/\" \/>\n<meta property=\"og:locale\" content=\"fr_FR\" \/>\n<meta property=\"og:type\" content=\"article\" \/>\n<meta property=\"og:title\" content=\"Cette application apporte l&#039;\u00eele dynamique de l&#039;iPhone \u00e0 votre Mac | Vie Associative\" \/>\n<meta property=\"og:description\" content=\"Faites tr\u00e8s usage de l&rsquo;encoche du MacBook. J&rsquo;aime vraiment l&rsquo;\u00eele dynamique de l&rsquo;iPhone, la d\u00e9coupe en forme de pilule pr\u00e8s du haut de l&rsquo;\u00e9cran de\" \/>\n<meta property=\"og:url\" content=\"https:\/\/vieassociative.be\/actualites\/cette-application-apporte-lile-dynamique-de-liphone-a-votre-mac\/\" \/>\n<meta property=\"og:site_name\" content=\"Vie Associative\" \/>\n<meta property=\"article:published_time\" content=\"2025-05-26T07:17:46+00:00\" \/>\n<meta property=\"og:image\" content=\"https:\/\/vieassociative.be\/actualites\/wp-content\/uploads\/2025\/05\/Cette-application-apporte-lile-dynamique-de-liPhone-a-votre-Mac.png\" \/>\n<meta name=\"author\" content=\"Julien\" \/>\n<meta name=\"twitter:card\" content=\"summary_large_image\" \/>\n<meta name=\"twitter:label1\" content=\"\u00c9crit par\" \/>\n\t<meta name=\"twitter:data1\" content=\"Julien\" \/>\n\t<meta name=\"twitter:label2\" content=\"Dur\u00e9e de lecture est.\" \/>\n\t<meta name=\"twitter:data2\" content=\"4 minutes\" \/>\n<script type=\"application\/ld+json\" class=\"yoast-schema-graph\">{\"@context\":\"https:\/\/schema.org\",\"@graph\":[{\"@type\":\"Article\",\"@id\":\"https:\/\/vieassociative.be\/actualites\/cette-application-apporte-lile-dynamique-de-liphone-a-votre-mac\/#article\",\"isPartOf\":{\"@id\":\"https:\/\/vieassociative.be\/actualites\/cette-application-apporte-lile-dynamique-de-liphone-a-votre-mac\/\"},\"author\":{\"name\":\"Julien\",\"@id\":\"https:\/\/vieassociative.be\/actualites\/#\/schema\/person\/b87ac4f82f9d4e7b7cec7395b679edc4\"},\"headline\":\"Cette application apporte l&rsquo;\u00eele dynamique de l&rsquo;iPhone \u00e0 votre Mac\",\"datePublished\":\"2025-05-26T07:17:46+00:00\",\"dateModified\":\"2025-05-26T07:17:46+00:00\",\"mainEntityOfPage\":{\"@id\":\"https:\/\/vieassociative.be\/actualites\/cette-application-apporte-lile-dynamique-de-liphone-a-votre-mac\/\"},\"wordCount\":781,\"publisher\":{\"@id\":\"https:\/\/vieassociative.be\/actualites\/#organization\"},\"image\":{\"@id\":\"https:\/\/vieassociative.be\/actualites\/cette-application-apporte-lile-dynamique-de-liphone-a-votre-mac\/#primaryimage\"},\"thumbnailUrl\":\"https:\/\/vieassociative.be\/actualites\/wp-content\/uploads\/2025\/05\/1748243867_Cette-application-apporte-lile-dynamique-de-liPhone-a-votre-Mac.png\",\"keywords\":[\"application\",\"apporte\",\"cette\",\"dynamique\",\"l\u00eele\",\"liPhone\",\"Mac\",\"votre\"],\"articleSection\":[\"Technologie\"],\"inLanguage\":\"fr-BE\"},{\"@type\":\"WebPage\",\"@id\":\"https:\/\/vieassociative.be\/actualites\/cette-application-apporte-lile-dynamique-de-liphone-a-votre-mac\/\",\"url\":\"https:\/\/vieassociative.be\/actualites\/cette-application-apporte-lile-dynamique-de-liphone-a-votre-mac\/\",\"name\":\"Cette application apporte l'\u00eele dynamique de l'iPhone \u00e0 votre Mac | Vie Associative\",\"isPartOf\":{\"@id\":\"https:\/\/vieassociative.be\/actualites\/#website\"},\"primaryImageOfPage\":{\"@id\":\"https:\/\/vieassociative.be\/actualites\/cette-application-apporte-lile-dynamique-de-liphone-a-votre-mac\/#primaryimage\"},\"image\":{\"@id\":\"https:\/\/vieassociative.be\/actualites\/cette-application-apporte-lile-dynamique-de-liphone-a-votre-mac\/#primaryimage\"},\"thumbnailUrl\":\"https:\/\/vieassociative.be\/actualites\/wp-content\/uploads\/2025\/05\/1748243867_Cette-application-apporte-lile-dynamique-de-liPhone-a-votre-Mac.png\",\"datePublished\":\"2025-05-26T07:17:46+00:00\",\"dateModified\":\"2025-05-26T07:17:46+00:00\",\"breadcrumb\":{\"@id\":\"https:\/\/vieassociative.be\/actualites\/cette-application-apporte-lile-dynamique-de-liphone-a-votre-mac\/#breadcrumb\"},\"inLanguage\":\"fr-BE\",\"potentialAction\":[{\"@type\":\"ReadAction\",\"target\":[\"https:\/\/vieassociative.be\/actualites\/cette-application-apporte-lile-dynamique-de-liphone-a-votre-mac\/\"]}]},{\"@type\":\"ImageObject\",\"inLanguage\":\"fr-BE\",\"@id\":\"https:\/\/vieassociative.be\/actualites\/cette-application-apporte-lile-dynamique-de-liphone-a-votre-mac\/#primaryimage\",\"url\":\"https:\/\/vieassociative.be\/actualites\/wp-content\/uploads\/2025\/05\/1748243867_Cette-application-apporte-lile-dynamique-de-liPhone-a-votre-Mac.png\",\"contentUrl\":\"https:\/\/vieassociative.be\/actualites\/wp-content\/uploads\/2025\/05\/1748243867_Cette-application-apporte-lile-dynamique-de-liPhone-a-votre-Mac.png\",\"width\":1199,\"height\":675,\"caption\":\"Cette application apporte l'\u00eele dynamique de l'iPhone \u00e0 votre Mac\"},{\"@type\":\"BreadcrumbList\",\"@id\":\"https:\/\/vieassociative.be\/actualites\/cette-application-apporte-lile-dynamique-de-liphone-a-votre-mac\/#breadcrumb\",\"itemListElement\":[{\"@type\":\"ListItem\",\"position\":1,\"name\":\"Accueil\",\"item\":\"https:\/\/vieassociative.be\/actualites\/\"},{\"@type\":\"ListItem\",\"position\":2,\"name\":\"Cette application apporte l&rsquo;\u00eele dynamique de l&rsquo;iPhone \u00e0 votre Mac\"}]},{\"@type\":\"WebSite\",\"@id\":\"https:\/\/vieassociative.be\/actualites\/#website\",\"url\":\"https:\/\/vieassociative.be\/actualites\/\",\"name\":\"Vie Associative\",\"description\":\"\",\"publisher\":{\"@id\":\"https:\/\/vieassociative.be\/actualites\/#organization\"},\"potentialAction\":[{\"@type\":\"SearchAction\",\"target\":{\"@type\":\"EntryPoint\",\"urlTemplate\":\"https:\/\/vieassociative.be\/actualites\/?s={search_term_string}\"},\"query-input\":{\"@type\":\"PropertyValueSpecification\",\"valueRequired\":true,\"valueName\":\"search_term_string\"}}],\"inLanguage\":\"fr-BE\"},{\"@type\":\"Organization\",\"@id\":\"https:\/\/vieassociative.be\/actualites\/#organization\",\"name\":\"Vie Associative\",\"url\":\"https:\/\/vieassociative.be\/actualites\/\",\"logo\":{\"@type\":\"ImageObject\",\"inLanguage\":\"fr-BE\",\"@id\":\"https:\/\/vieassociative.be\/actualites\/#\/schema\/logo\/image\/\",\"url\":\"https:\/\/vieassociative.be\/actualites\/wp-content\/uploads\/2024\/09\/cropped-vieassociative_favicon.ico.png\",\"contentUrl\":\"https:\/\/vieassociative.be\/actualites\/wp-content\/uploads\/2024\/09\/cropped-vieassociative_favicon.ico.png\",\"width\":512,\"height\":512,\"caption\":\"Vie Associative\"},\"image\":{\"@id\":\"https:\/\/vieassociative.be\/actualites\/#\/schema\/logo\/image\/\"}},{\"@type\":\"Person\",\"@id\":\"https:\/\/vieassociative.be\/actualites\/#\/schema\/person\/b87ac4f82f9d4e7b7cec7395b679edc4\",\"name\":\"Julien\",\"image\":{\"@type\":\"ImageObject\",\"inLanguage\":\"fr-BE\",\"@id\":\"https:\/\/vieassociative.be\/actualites\/#\/schema\/person\/image\/\",\"url\":\"https:\/\/vieassociative.be\/actualites\/wp-content\/uploads\/2024\/09\/vie-associative-1-150x150.jpg\",\"contentUrl\":\"https:\/\/vieassociative.be\/actualites\/wp-content\/uploads\/2024\/09\/vie-associative-1-150x150.jpg\",\"caption\":\"Julien\"},\"description\":\"Je suis Julien, r\u00e9dacteur pour Vie Associative. Passionn\u00e9 par le monde associatif depuis plus de 10 ans, j'ai \u00e0 c\u0153ur de partager des histoires inspirantes et de mettre en lumi\u00e8re les initiatives locales. Mon objectif est de sensibiliser et d'encourager l'engagement communautaire \u00e0 travers mes articles.\",\"sameAs\":[\"https:\/\/vieassociative.be\/\"]}]}<\/script>\n<!-- \/ Yoast SEO plugin. -->","yoast_head_json":{"title":"Cette application apporte l'\u00eele dynamique de l'iPhone \u00e0 votre Mac | Vie Associative","robots":{"index":"index","follow":"follow","max-snippet":"max-snippet:-1","max-image-preview":"max-image-preview:large","max-video-preview":"max-video-preview:-1"},"canonical":"https:\/\/vieassociative.be\/actualites\/cette-application-apporte-lile-dynamique-de-liphone-a-votre-mac\/","og_locale":"fr_FR","og_type":"article","og_title":"Cette application apporte l'\u00eele dynamique de l'iPhone \u00e0 votre Mac | Vie Associative","og_description":"Faites tr\u00e8s usage de l&rsquo;encoche du MacBook. J&rsquo;aime vraiment l&rsquo;\u00eele dynamique de l&rsquo;iPhone, la d\u00e9coupe en forme de pilule pr\u00e8s du haut de l&rsquo;\u00e9cran de","og_url":"https:\/\/vieassociative.be\/actualites\/cette-application-apporte-lile-dynamique-de-liphone-a-votre-mac\/","og_site_name":"Vie Associative","article_published_time":"2025-05-26T07:17:46+00:00","og_image":[{"url":"https:\/\/vieassociative.be\/actualites\/wp-content\/uploads\/2025\/05\/Cette-application-apporte-lile-dynamique-de-liPhone-a-votre-Mac.png","type":"","width":"","height":""}],"author":"Julien","twitter_card":"summary_large_image","twitter_misc":{"\u00c9crit par":"Julien","Dur\u00e9e de lecture est.":"4 minutes"},"schema":{"@context":"https:\/\/schema.org","@graph":[{"@type":"Article","@id":"https:\/\/vieassociative.be\/actualites\/cette-application-apporte-lile-dynamique-de-liphone-a-votre-mac\/#article","isPartOf":{"@id":"https:\/\/vieassociative.be\/actualites\/cette-application-apporte-lile-dynamique-de-liphone-a-votre-mac\/"},"author":{"name":"Julien","@id":"https:\/\/vieassociative.be\/actualites\/#\/schema\/person\/b87ac4f82f9d4e7b7cec7395b679edc4"},"headline":"Cette application apporte l&rsquo;\u00eele dynamique de l&rsquo;iPhone \u00e0 votre Mac","datePublished":"2025-05-26T07:17:46+00:00","dateModified":"2025-05-26T07:17:46+00:00","mainEntityOfPage":{"@id":"https:\/\/vieassociative.be\/actualites\/cette-application-apporte-lile-dynamique-de-liphone-a-votre-mac\/"},"wordCount":781,"publisher":{"@id":"https:\/\/vieassociative.be\/actualites\/#organization"},"image":{"@id":"https:\/\/vieassociative.be\/actualites\/cette-application-apporte-lile-dynamique-de-liphone-a-votre-mac\/#primaryimage"},"thumbnailUrl":"https:\/\/vieassociative.be\/actualites\/wp-content\/uploads\/2025\/05\/1748243867_Cette-application-apporte-lile-dynamique-de-liPhone-a-votre-Mac.png","keywords":["application","apporte","cette","dynamique","l\u00eele","liPhone","Mac","votre"],"articleSection":["Technologie"],"inLanguage":"fr-BE"},{"@type":"WebPage","@id":"https:\/\/vieassociative.be\/actualites\/cette-application-apporte-lile-dynamique-de-liphone-a-votre-mac\/","url":"https:\/\/vieassociative.be\/actualites\/cette-application-apporte-lile-dynamique-de-liphone-a-votre-mac\/","name":"Cette application apporte l'\u00eele dynamique de l'iPhone \u00e0 votre Mac | Vie Associative","isPartOf":{"@id":"https:\/\/vieassociative.be\/actualites\/#website"},"primaryImageOfPage":{"@id":"https:\/\/vieassociative.be\/actualites\/cette-application-apporte-lile-dynamique-de-liphone-a-votre-mac\/#primaryimage"},"image":{"@id":"https:\/\/vieassociative.be\/actualites\/cette-application-apporte-lile-dynamique-de-liphone-a-votre-mac\/#primaryimage"},"thumbnailUrl":"https:\/\/vieassociative.be\/actualites\/wp-content\/uploads\/2025\/05\/1748243867_Cette-application-apporte-lile-dynamique-de-liPhone-a-votre-Mac.png","datePublished":"2025-05-26T07:17:46+00:00","dateModified":"2025-05-26T07:17:46+00:00","breadcrumb":{"@id":"https:\/\/vieassociative.be\/actualites\/cette-application-apporte-lile-dynamique-de-liphone-a-votre-mac\/#breadcrumb"},"inLanguage":"fr-BE","potentialAction":[{"@type":"ReadAction","target":["https:\/\/vieassociative.be\/actualites\/cette-application-apporte-lile-dynamique-de-liphone-a-votre-mac\/"]}]},{"@type":"ImageObject","inLanguage":"fr-BE","@id":"https:\/\/vieassociative.be\/actualites\/cette-application-apporte-lile-dynamique-de-liphone-a-votre-mac\/#primaryimage","url":"https:\/\/vieassociative.be\/actualites\/wp-content\/uploads\/2025\/05\/1748243867_Cette-application-apporte-lile-dynamique-de-liPhone-a-votre-Mac.png","contentUrl":"https:\/\/vieassociative.be\/actualites\/wp-content\/uploads\/2025\/05\/1748243867_Cette-application-apporte-lile-dynamique-de-liPhone-a-votre-Mac.png","width":1199,"height":675,"caption":"Cette application apporte l'\u00eele dynamique de l'iPhone \u00e0 votre Mac"},{"@type":"BreadcrumbList","@id":"https:\/\/vieassociative.be\/actualites\/cette-application-apporte-lile-dynamique-de-liphone-a-votre-mac\/#breadcrumb","itemListElement":[{"@type":"ListItem","position":1,"name":"Accueil","item":"https:\/\/vieassociative.be\/actualites\/"},{"@type":"ListItem","position":2,"name":"Cette application apporte l&rsquo;\u00eele dynamique de l&rsquo;iPhone \u00e0 votre Mac"}]},{"@type":"WebSite","@id":"https:\/\/vieassociative.be\/actualites\/#website","url":"https:\/\/vieassociative.be\/actualites\/","name":"Vie Associative","description":"","publisher":{"@id":"https:\/\/vieassociative.be\/actualites\/#organization"},"potentialAction":[{"@type":"SearchAction","target":{"@type":"EntryPoint","urlTemplate":"https:\/\/vieassociative.be\/actualites\/?s={search_term_string}"},"query-input":{"@type":"PropertyValueSpecification","valueRequired":true,"valueName":"search_term_string"}}],"inLanguage":"fr-BE"},{"@type":"Organization","@id":"https:\/\/vieassociative.be\/actualites\/#organization","name":"Vie Associative","url":"https:\/\/vieassociative.be\/actualites\/","logo":{"@type":"ImageObject","inLanguage":"fr-BE","@id":"https:\/\/vieassociative.be\/actualites\/#\/schema\/logo\/image\/","url":"https:\/\/vieassociative.be\/actualites\/wp-content\/uploads\/2024\/09\/cropped-vieassociative_favicon.ico.png","contentUrl":"https:\/\/vieassociative.be\/actualites\/wp-content\/uploads\/2024\/09\/cropped-vieassociative_favicon.ico.png","width":512,"height":512,"caption":"Vie Associative"},"image":{"@id":"https:\/\/vieassociative.be\/actualites\/#\/schema\/logo\/image\/"}},{"@type":"Person","@id":"https:\/\/vieassociative.be\/actualites\/#\/schema\/person\/b87ac4f82f9d4e7b7cec7395b679edc4","name":"Julien","image":{"@type":"ImageObject","inLanguage":"fr-BE","@id":"https:\/\/vieassociative.be\/actualites\/#\/schema\/person\/image\/","url":"https:\/\/vieassociative.be\/actualites\/wp-content\/uploads\/2024\/09\/vie-associative-1-150x150.jpg","contentUrl":"https:\/\/vieassociative.be\/actualites\/wp-content\/uploads\/2024\/09\/vie-associative-1-150x150.jpg","caption":"Julien"},"description":"Je suis Julien, r\u00e9dacteur pour Vie Associative. Passionn\u00e9 par le monde associatif depuis plus de 10 ans, j'ai \u00e0 c\u0153ur de partager des histoires inspirantes et de mettre en lumi\u00e8re les initiatives locales. Mon objectif est de sensibiliser et d'encourager l'engagement communautaire \u00e0 travers mes articles.","sameAs":["https:\/\/vieassociative.be\/"]}]}},"_links":{"self":[{"href":"https:\/\/vieassociative.be\/actualites\/wp-json\/wp\/v2\/posts\/7781"}],"collection":[{"href":"https:\/\/vieassociative.be\/actualites\/wp-json\/wp\/v2\/posts"}],"about":[{"href":"https:\/\/vieassociative.be\/actualites\/wp-json\/wp\/v2\/types\/post"}],"author":[{"embeddable":true,"href":"https:\/\/vieassociative.be\/actualites\/wp-json\/wp\/v2\/users\/1"}],"replies":[{"embeddable":true,"href":"https:\/\/vieassociative.be\/actualites\/wp-json\/wp\/v2\/comments?post=7781"}],"version-history":[{"count":0,"href":"https:\/\/vieassociative.be\/actualites\/wp-json\/wp\/v2\/posts\/7781\/revisions"}],"wp:featuredmedia":[{"embeddable":true,"href":"https:\/\/vieassociative.be\/actualites\/wp-json\/wp\/v2\/media\/7782"}],"wp:attachment":[{"href":"https:\/\/vieassociative.be\/actualites\/wp-json\/wp\/v2\/media?parent=7781"}],"wp:term":[{"taxonomy":"category","embeddable":true,"href":"https:\/\/vieassociative.be\/actualites\/wp-json\/wp\/v2\/categories?post=7781"},{"taxonomy":"post_tag","embeddable":true,"href":"https:\/\/vieassociative.be\/actualites\/wp-json\/wp\/v2\/tags?post=7781"}],"curies":[{"name":"wp","href":"https:\/\/api.w.org\/{rel}","templated":true}]}}